{"id":41534,"date":"2024-11-28T12:03:33","date_gmt":"2024-11-28T15:03:33","guid":{"rendered":"https:\/\/www.vagadeempregorj.com.br\/?p=41534"},"modified":"2024-11-28T12:11:01","modified_gmt":"2024-11-28T15:11:01","slug":"em-qual-regiao-do-pais-voce-deseja-trabalhar","status":"publish","type":"post","link":"https:\/\/www.vagadeempregorj.com.br\/fr\/em-qual-regiao-do-pais-voce-deseja-trabalhar\/","title":{"rendered":"Em qual regi\u00e3o do pa\u00eds voc\u00ea deseja trabalhar?"},"content":{"rendered":"<p><\/p>\n\n\n\n<p>Tudo o que voc\u00ea precisa fazer agora \u00e9 preencher o seu nome e deixar o seu e-mail, e n\u00f3s iremos direcionar as melhores oportunidades de emprego diretamente para a sua caixa de entrada! Preencha os dados, a seguir, e fique atento a todas as possibilidades de emprego que divulgaremos a voc\u00ea.<\/p>\n\n\n\n<div class=\"wp-block-buttons is-content-justification-center is-layout-flex wp-container-core-buttons-is-layout-16018d1d wp-block-buttons-is-layout-flex\">\n<div class=\"wp-block-button is-style-outline is-style-outline--2\"><a class=\"wp-block-button__link wp-element-button\" href=\"https:\/\/www.vagadeempregorj.com.br\/fr\/vagas-de-emprego-nacionais\/\"><strong>Vagas de Emprego<\/strong><\/a><\/div>\n<\/div>\n\n\n\n<p class=\"has-text-align-center\"><sub>Ao clicar no bot\u00e3o, voc\u00ea permanecer\u00e1 no mesmo site.<\/sub><\/p>\n\n\n\n<h2 class=\"wp-block-heading has-text-align-center\">Dicas para fazer um bom curr\u00edculo<\/h2>\n\n\n\n<p>O&nbsp;<strong>curr\u00edculo&nbsp;<\/strong>\u00e9 a sua porta de entrada para o mundo profissional. \u00c9 a primeira impress\u00e3o que voc\u00ea deixa nas m\u00e3os dos empregadores, por isso \u00e9 fundamental que ele seja bem elaborado e capaz de destacar suas habilidades e experi\u00eancias de forma eficaz.<\/p>\n\n\n\n<figure class=\"wp-block-image size-large\"><img loading=\"lazy\" decoding=\"async\" width=\"1024\" height=\"529\" src=\"https:\/\/www.vagadeempregorj.com.br\/wp-content\/uploads\/2024\/11\/image-38-1024x529.png\" alt=\"\" class=\"wp-image-41535\" srcset=\"https:\/\/www.vagadeempregorj.com.br\/wp-content\/uploads\/2024\/11\/image-38-1024x529.png 1024w, https:\/\/www.vagadeempregorj.com.br\/wp-content\/uploads\/2024\/11\/image-38-300x155.png 300w, https:\/\/www.vagadeempregorj.com.br\/wp-content\/uploads\/2024\/11\/image-38-768x397.png 768w, https:\/\/www.vagadeempregorj.com.br\/wp-content\/uploads\/2024\/11\/image-38-1536x794.png 1536w, https:\/\/www.vagadeempregorj.com.br\/wp-content\/uploads\/2024\/11\/image-38-150x78.png 150w, https:\/\/www.vagadeempregorj.com.br\/wp-content\/uploads\/2024\/11\/image-38.png 1800w\" sizes=\"auto, (max-width: 1024px) 100vw, 1024px\" \/><\/figure>\n\n\n\n<p>Confira as dicas essenciais sobre como fazer um bom curr\u00edculo, que o ajudar\u00e3o a se destacar em meio \u00e0 concorr\u00eancia e a conquistar a oportunidade de emprego que deseja.<\/p>\n\n\n\n<ul class=\"wp-block-list\">\n<li><strong>Seja claro e conciso:&nbsp;<\/strong>Mantenha seu curr\u00edculo direto e objetivo. Evite informa\u00e7\u00f5es desnecess\u00e1rias e use frases curtas para descrever suas experi\u00eancias.<\/li>\n\n\n\n<li><strong>Destaque suas informa\u00e7\u00f5es pessoais:&nbsp;<\/strong>Comece com seu nome, endere\u00e7o, telefone e e-mail no topo do curr\u00edculo. N\u00e3o \u00e9 necess\u00e1rio incluir informa\u00e7\u00f5es como estado civil ou n\u00famero de documentos.<\/li>\n\n\n\n<li><strong>Objetivo profissional:&nbsp;<\/strong>Inclua um breve resumo de seus objetivos profissionais logo ap\u00f3s seus dados pessoais. Isso ajuda os empregadores a entenderem suas ambi\u00e7\u00f5es e direcion\u00e1-lo para as vagas adequadas.<\/li>\n\n\n\n<li><strong>Experi\u00eancia profissional:&nbsp;<\/strong>Liste suas experi\u00eancias de trabalho em ordem cronol\u00f3gica inversa (do mais recente para o mais antigo). Destaque suas responsabilidades, conquistas e impacto que teve em cada posi\u00e7\u00e3o.<\/li>\n\n\n\n<li><strong>Educa\u00e7\u00e3o:<\/strong>&nbsp;Informe sua forma\u00e7\u00e3o acad\u00eamica, incluindo institui\u00e7\u00f5es, datas de conclus\u00e3o e t\u00edtulos obtidos. Se voc\u00ea possui certificados relevantes, tamb\u00e9m os inclua nesta se\u00e7\u00e3o.<\/li>\n\n\n\n<li><strong>Habilidades:&nbsp;<\/strong>Destaque suas habilidades t\u00e9cnicas e soft skills que s\u00e3o relevantes para a vaga desejada. Isso pode incluir idiomas, conhecimentos em software, trabalho em equipe, lideran\u00e7a, etc.<\/li>\n\n\n\n<li><strong>Realce suas realiza\u00e7\u00f5es:<\/strong>&nbsp;Use n\u00fameros e estat\u00edsticas sempre que poss\u00edvel para quantificar suas realiza\u00e7\u00f5es. Isso torna suas experi\u00eancias mais impactantes e comprova seu valor.<\/li>\n\n\n\n<li><strong>Refer\u00eancias:&nbsp;<\/strong>N\u00e3o \u00e9 necess\u00e1rio incluir refer\u00eancias no curr\u00edculo. Voc\u00ea pode mencionar que elas est\u00e3o dispon\u00edveis mediante solicita\u00e7\u00e3o.<\/li>\n<\/ul>\n\n\n\n<h2 class=\"wp-block-heading has-text-align-center\">Dicas para se sair bem em uma entrevista de emprego<\/h2>\n\n\n\n<p>Uma&nbsp;<strong>entrevista de emprego&nbsp;<\/strong>\u00e9 o momento crucial em que voc\u00ea tem a oportunidade de mostrar seu potencial e personalidade aos empregadores. Para se destacar e garantir o emprego dos seus sonhos, \u00e9 importante se preparar adequadamente. Veja as dicas para ter um resultado positivo:<\/p>\n\n\n\n<ul class=\"wp-block-list\">\n<li><strong>Pesquise a empresa:&nbsp;<\/strong>Antes da entrevista, estude a empresa, sua cultura, valores e miss\u00e3o. Demonstrar conhecimento sobre a organiza\u00e7\u00e3o mostra seu interesse genu\u00edno pela vaga.<\/li>\n\n\n\n<li><strong>Prepare respostas para perguntas comuns:<\/strong>&nbsp;Antecipe as perguntas mais comuns em entrevistas, como &#8220;fale sobre voc\u00ea&#8221;, &#8220;quais s\u00e3o seus pontos fortes e fracos&#8221; e &#8220;por que voc\u00ea quer trabalhar aqui&#8221;. Pratique suas respostas de forma clara e concisa.<\/li>\n\n\n\n<li><strong>Mostre confian\u00e7a:&nbsp;<\/strong>Mantenha contato visual, cumprimente com firmeza e sorria. A confian\u00e7a \u00e9 a chave para causar uma boa primeira impress\u00e3o.<\/li>\n\n\n\n<li><strong>Destaque suas habilidades relevantes:<\/strong>&nbsp;Relacione suas habilidades e experi\u00eancias anteriores com os requisitos da vaga. Use exemplos concretos para ilustrar como suas habilidades beneficiar\u00e3o a empresa.<\/li>\n\n\n\n<li><strong>Comunique-se de forma eficaz:&nbsp;<\/strong>Fale de forma clara, evitando g\u00edrias e jarg\u00f5es. Ou\u00e7a atentamente as perguntas dos entrevistadores e responda de maneira completa, mas concisa.<\/li>\n\n\n\n<li><strong>Mostre entusiasmo:<\/strong>&nbsp;Demonstre entusiasmo pela vaga e pela empresa. Explique por que voc\u00ea est\u00e1 empolgado com a oportunidade e o que a torna especial para voc\u00ea.<\/li>\n\n\n\n<li><strong>Seja pontual:<\/strong>&nbsp;Chegue \u00e0 entrevista com tempo de sobra. Ser pontual mostra respeito pelo tempo dos entrevistadores e sua dedica\u00e7\u00e3o ao processo.<\/li>\n\n\n\n<li><strong>Vista-se adequadamente:<\/strong>&nbsp;Escolha roupas apropriadas para a cultura da empresa e o cargo que est\u00e1 buscando. Roupas limpas e bem cuidadas s\u00e3o essenciais.<\/li>\n\n\n\n<li><strong>Pergunte perguntas inteligentes:&nbsp;<\/strong>Prepare algumas perguntas para os entrevistadores, mostrando seu interesse na empresa e na posi\u00e7\u00e3o. Quest\u00f5es sobre a equipe, projetos futuros e oportunidades de crescimento s\u00e3o boas op\u00e7\u00f5es.<\/li>\n\n\n\n<li><strong>Agrade\u00e7a e siga o acompanhamento:&nbsp;<\/strong>Ap\u00f3s a entrevista, envie um e-mail de agradecimento ao entrevistador, expressando sua gratid\u00e3o pela oportunidade. Isso demonstra cortesia e profissionalismo.<\/li>\n\n\n\n<li><strong>Gerencie o nervosismo:<\/strong>&nbsp;\u00c9 natural sentir nervosismo antes e durante a entrevista. Para controlar esse nervosismo, pratique t\u00e9cnicas de respira\u00e7\u00e3o profunda e visualize o sucesso. Lembre-se de que os entrevistadores tamb\u00e9m est\u00e3o interessados em conhec\u00ea-lo e n\u00e3o est\u00e3o ali para te intimidar.<\/li>\n\n\n\n<li><strong>Destaque sua adaptabilidade:&nbsp;<\/strong>Mostre aos entrevistadores que voc\u00ea \u00e9 flex\u00edvel e capaz de se adaptar a diferentes situa\u00e7\u00f5es. Use exemplos de situa\u00e7\u00f5es desafiadoras que voc\u00ea enfrentou no passado e como lidou com elas de forma positiva e eficaz. A adaptabilidade \u00e9 uma qualidade valorizada por muitas empresas.<\/li>\n<\/ul>\n\n\n\n<p>Lembre-se de que uma&nbsp;<strong>entrevista de emprego<\/strong>&nbsp;\u00e9 uma chance de apresentar o melhor de si. A prepara\u00e7\u00e3o adequada e a confian\u00e7a em suas habilidades podem fazer toda a diferen\u00e7a. Com estas dicas, voc\u00ea estar\u00e1 mais bem preparado para se destacar e impressionar os recrutadores durante suas entrevistas de emprego. Boa sorte!<\/p>\n\n\n\n<p><strong>Veja tamb\u00e9m: <a href=\"https:\/\/www.vagadeempregorj.com.br\/fr\/renner-novas-1200-vagas-de-emprego-pelo-pais\/\">Renner: Novas 1200 vagas de emprego pelo pa\u00eds<\/a><\/strong><\/p>\n\n\n\n<p>28 de novembro de 2024<\/p>","protected":false},"excerpt":{"rendered":"<p>Tudo o que voc\u00ea precisa fazer agora \u00e9 preencher o seu nome e deixar o seu e-mail, e n\u00f3s iremos direcionar as melhores oportunidades de emprego diretamente para a sua caixa de entrada! Preencha os dados, a seguir, e fique atento a todas as possibilidades de emprego que divulgaremos a voc\u00ea. Ao clicar no bot\u00e3o,&hellip;&nbsp;<\/p>","protected":false},"author":16,"featured_media":41535,"comment_status":"closed","ping_status":"closed","sticky":false,"template":"","format":"standard","meta":{"neve_meta_sidebar":"","neve_meta_container":"","neve_meta_enable_content_width":"","neve_meta_content_width":0,"neve_meta_title_alignment":"","neve_meta_author_avatar":"","neve_post_elements_order":"","neve_meta_disable_header":"","neve_meta_disable_footer":"","neve_meta_disable_title":"","footnotes":""},"categories":[123],"tags":[830,608,147],"class_list":["post-41534","post","type-post","status-publish","format-standard","has-post-thumbnail","hentry","category-vagas-de-emprego-nacionais","tag-empregos","tag-oportunidades","tag-vaga-de-emprego"],"yoast_head":"<!-- This site is optimized with the Yoast SEO plugin v27.5 - https:\/\/yoast.com\/product\/yoast-seo-wordpress\/ -->\n<title>Em qual regi\u00e3o do pa\u00eds voc\u00ea deseja trabalhar? -<\/title>\n<meta name=\"description\" content=\"Veja em Vagas de Emprego RJ as vagas de emprego com e sem experi\u00eancia no seu Estado e Regi\u00e3o!\" \/>\n<meta name=\"robots\" content=\"index, follow, max-snippet:-1, max-image-preview:large, max-video-preview:-1\" \/>\n<link rel=\"canonical\" href=\"https:\/\/www.vagadeempregorj.com.br\/fr\/em-qual-regiao-do-pais-voce-deseja-trabalhar\/\" \/>\n<meta property=\"og:locale\" content=\"fr_FR\" \/>\n<meta property=\"og:type\" content=\"article\" \/>\n<meta property=\"og:title\" content=\"Em qual regi\u00e3o do pa\u00eds voc\u00ea deseja trabalhar? -\" \/>\n<meta property=\"og:description\" content=\"Veja em Vagas de Emprego RJ as vagas de emprego com e sem experi\u00eancia no seu Estado e Regi\u00e3o!\" \/>\n<meta property=\"og:url\" content=\"https:\/\/www.vagadeempregorj.com.br\/fr\/em-qual-regiao-do-pais-voce-deseja-trabalhar\/\" \/>\n<meta property=\"article:publisher\" content=\"https:\/\/www.facebook.com\/empregobrasiloficial\" \/>\n<meta property=\"article:published_time\" content=\"2024-11-28T15:03:33+00:00\" \/>\n<meta property=\"article:modified_time\" content=\"2024-11-28T15:11:01+00:00\" \/>\n<meta property=\"og:image\" content=\"https:\/\/www.vagadeempregorj.com.br\/wp-content\/uploads\/2024\/11\/image-38.png\" \/>\n\t<meta property=\"og:image:width\" content=\"1800\" \/>\n\t<meta property=\"og:image:height\" content=\"930\" \/>\n\t<meta property=\"og:image:type\" content=\"image\/png\" \/>\n<meta name=\"author\" content=\"Michele\" \/>\n<meta name=\"twitter:card\" content=\"summary_large_image\" \/>\n<meta name=\"twitter:label1\" content=\"\u00c9crit par\" \/>\n\t<meta name=\"twitter:data1\" content=\"Michele\" \/>\n\t<meta name=\"twitter:label2\" content=\"Dur\u00e9e de lecture estim\u00e9e\" \/>\n\t<meta name=\"twitter:data2\" content=\"5 minutes\" \/>\n<script type=\"application\/ld+json\" class=\"yoast-schema-graph\">{\"@context\":\"https:\\\/\\\/schema.org\",\"@graph\":[{\"@type\":\"Article\",\"@id\":\"https:\\\/\\\/www.vagadeempregorj.com.br\\\/em-qual-regiao-do-pais-voce-deseja-trabalhar\\\/#article\",\"isPartOf\":{\"@id\":\"https:\\\/\\\/www.vagadeempregorj.com.br\\\/em-qual-regiao-do-pais-voce-deseja-trabalhar\\\/\"},\"author\":{\"name\":\"Michele\",\"@id\":\"https:\\\/\\\/www.vagadeempregorj.com.br\\\/#\\\/schema\\\/person\\\/3ddb19fa0539706786e502152f3aae95\"},\"headline\":\"Em qual regi\u00e3o do pa\u00eds voc\u00ea deseja trabalhar?\",\"datePublished\":\"2024-11-28T15:03:33+00:00\",\"dateModified\":\"2024-11-28T15:11:01+00:00\",\"mainEntityOfPage\":{\"@id\":\"https:\\\/\\\/www.vagadeempregorj.com.br\\\/em-qual-regiao-do-pais-voce-deseja-trabalhar\\\/\"},\"wordCount\":918,\"image\":{\"@id\":\"https:\\\/\\\/www.vagadeempregorj.com.br\\\/em-qual-regiao-do-pais-voce-deseja-trabalhar\\\/#primaryimage\"},\"thumbnailUrl\":\"https:\\\/\\\/www.vagadeempregorj.com.br\\\/wp-content\\\/uploads\\\/2024\\\/11\\\/image-38.png\",\"keywords\":[\"empregos\",\"oportunidades\",\"vaga de emprego\"],\"articleSection\":[\"Vagas de Emprego Nacionais\"],\"inLanguage\":\"fr-FR\"},{\"@type\":\"WebPage\",\"@id\":\"https:\\\/\\\/www.vagadeempregorj.com.br\\\/em-qual-regiao-do-pais-voce-deseja-trabalhar\\\/\",\"url\":\"https:\\\/\\\/www.vagadeempregorj.com.br\\\/em-qual-regiao-do-pais-voce-deseja-trabalhar\\\/\",\"name\":\"Em qual regi\u00e3o do pa\u00eds voc\u00ea deseja trabalhar? -\",\"isPartOf\":{\"@id\":\"https:\\\/\\\/www.vagadeempregorj.com.br\\\/#website\"},\"primaryImageOfPage\":{\"@id\":\"https:\\\/\\\/www.vagadeempregorj.com.br\\\/em-qual-regiao-do-pais-voce-deseja-trabalhar\\\/#primaryimage\"},\"image\":{\"@id\":\"https:\\\/\\\/www.vagadeempregorj.com.br\\\/em-qual-regiao-do-pais-voce-deseja-trabalhar\\\/#primaryimage\"},\"thumbnailUrl\":\"https:\\\/\\\/www.vagadeempregorj.com.br\\\/wp-content\\\/uploads\\\/2024\\\/11\\\/image-38.png\",\"datePublished\":\"2024-11-28T15:03:33+00:00\",\"dateModified\":\"2024-11-28T15:11:01+00:00\",\"author\":{\"@id\":\"https:\\\/\\\/www.vagadeempregorj.com.br\\\/#\\\/schema\\\/person\\\/3ddb19fa0539706786e502152f3aae95\"},\"description\":\"Veja em Vagas de Emprego RJ as vagas de emprego com e sem experi\u00eancia no seu Estado e Regi\u00e3o!\",\"breadcrumb\":{\"@id\":\"https:\\\/\\\/www.vagadeempregorj.com.br\\\/em-qual-regiao-do-pais-voce-deseja-trabalhar\\\/#breadcrumb\"},\"inLanguage\":\"fr-FR\",\"potentialAction\":[{\"@type\":\"ReadAction\",\"target\":[\"https:\\\/\\\/www.vagadeempregorj.com.br\\\/em-qual-regiao-do-pais-voce-deseja-trabalhar\\\/\"]}]},{\"@type\":\"ImageObject\",\"inLanguage\":\"fr-FR\",\"@id\":\"https:\\\/\\\/www.vagadeempregorj.com.br\\\/em-qual-regiao-do-pais-voce-deseja-trabalhar\\\/#primaryimage\",\"url\":\"https:\\\/\\\/www.vagadeempregorj.com.br\\\/wp-content\\\/uploads\\\/2024\\\/11\\\/image-38.png\",\"contentUrl\":\"https:\\\/\\\/www.vagadeempregorj.com.br\\\/wp-content\\\/uploads\\\/2024\\\/11\\\/image-38.png\",\"width\":1800,\"height\":930},{\"@type\":\"BreadcrumbList\",\"@id\":\"https:\\\/\\\/www.vagadeempregorj.com.br\\\/em-qual-regiao-do-pais-voce-deseja-trabalhar\\\/#breadcrumb\",\"itemListElement\":[{\"@type\":\"ListItem\",\"position\":1,\"name\":\"In\u00edcio\",\"item\":\"https:\\\/\\\/www.vagadeempregorj.com.br\\\/\"},{\"@type\":\"ListItem\",\"position\":2,\"name\":\"Vagas de Emprego Nacionais\",\"item\":\"https:\\\/\\\/www.vagadeempregorj.com.br\\\/vagas-de-emprego-nacionais\\\/\"},{\"@type\":\"ListItem\",\"position\":3,\"name\":\"Em qual regi\u00e3o do pa\u00eds voc\u00ea deseja trabalhar?\"}]},{\"@type\":\"WebSite\",\"@id\":\"https:\\\/\\\/www.vagadeempregorj.com.br\\\/#website\",\"url\":\"https:\\\/\\\/www.vagadeempregorj.com.br\\\/\",\"name\":\"\",\"description\":\"Conquiste Sonhos: Vagas, Benef\u00edcios e Economia para Transformar Vidas e Alcan\u00e7ar Melhorias Cotidianas\",\"potentialAction\":[{\"@type\":\"SearchAction\",\"target\":{\"@type\":\"EntryPoint\",\"urlTemplate\":\"https:\\\/\\\/www.vagadeempregorj.com.br\\\/?s={search_term_string}\"},\"query-input\":{\"@type\":\"PropertyValueSpecification\",\"valueRequired\":true,\"valueName\":\"search_term_string\"}}],\"inLanguage\":\"fr-FR\"},{\"@type\":\"Person\",\"@id\":\"https:\\\/\\\/www.vagadeempregorj.com.br\\\/#\\\/schema\\\/person\\\/3ddb19fa0539706786e502152f3aae95\",\"name\":\"Michele\",\"image\":{\"@type\":\"ImageObject\",\"inLanguage\":\"fr-FR\",\"@id\":\"https:\\\/\\\/secure.gravatar.com\\\/avatar\\\/6b0eb9d22841282815e2cd856a0061c45e1761cd54b22e952d98c4746939aa85?s=96&r=g\",\"url\":\"https:\\\/\\\/secure.gravatar.com\\\/avatar\\\/6b0eb9d22841282815e2cd856a0061c45e1761cd54b22e952d98c4746939aa85?s=96&r=g\",\"contentUrl\":\"https:\\\/\\\/secure.gravatar.com\\\/avatar\\\/6b0eb9d22841282815e2cd856a0061c45e1761cd54b22e952d98c4746939aa85?s=96&r=g\",\"caption\":\"Michele\"},\"description\":\"Formada em Letras - Portugu\u00eas\\\/ Ingl\u00eas, e idealizadora do site Escritora de Sucesso, busca expandir o conhecimento de todos com informa\u00e7\u00f5es relevantes sobre diversos assuntos, enquanto redatora. No Vaga de Emprego RJ, traz oportunidades e dicas sobre o mercado de trabalho.\",\"url\":\"https:\\\/\\\/www.vagadeempregorj.com.br\\\/fr\\\/author\\\/michele\\\/\"}]}<\/script>\n<!-- \/ Yoast SEO plugin. -->","yoast_head_json":{"title":"Em qual regi\u00e3o do pa\u00eds voc\u00ea deseja trabalhar? -","description":"Veja em Vagas de Emprego RJ as vagas de emprego com e sem experi\u00eancia no seu Estado e Regi\u00e3o!","robots":{"index":"index","follow":"follow","max-snippet":"max-snippet:-1","max-image-preview":"max-image-preview:large","max-video-preview":"max-video-preview:-1"},"canonical":"https:\/\/www.vagadeempregorj.com.br\/fr\/em-qual-regiao-do-pais-voce-deseja-trabalhar\/","og_locale":"fr_FR","og_type":"article","og_title":"Em qual regi\u00e3o do pa\u00eds voc\u00ea deseja trabalhar? -","og_description":"Veja em Vagas de Emprego RJ as vagas de emprego com e sem experi\u00eancia no seu Estado e Regi\u00e3o!","og_url":"https:\/\/www.vagadeempregorj.com.br\/fr\/em-qual-regiao-do-pais-voce-deseja-trabalhar\/","article_publisher":"https:\/\/www.facebook.com\/empregobrasiloficial","article_published_time":"2024-11-28T15:03:33+00:00","article_modified_time":"2024-11-28T15:11:01+00:00","og_image":[{"width":1800,"height":930,"url":"https:\/\/www.vagadeempregorj.com.br\/wp-content\/uploads\/2024\/11\/image-38.png","type":"image\/png"}],"author":"Michele","twitter_card":"summary_large_image","twitter_misc":{"\u00c9crit par":"Michele","Dur\u00e9e de lecture estim\u00e9e":"5 minutes"},"schema":{"@context":"https:\/\/schema.org","@graph":[{"@type":"Article","@id":"https:\/\/www.vagadeempregorj.com.br\/em-qual-regiao-do-pais-voce-deseja-trabalhar\/#article","isPartOf":{"@id":"https:\/\/www.vagadeempregorj.com.br\/em-qual-regiao-do-pais-voce-deseja-trabalhar\/"},"author":{"name":"Michele","@id":"https:\/\/www.vagadeempregorj.com.br\/#\/schema\/person\/3ddb19fa0539706786e502152f3aae95"},"headline":"Em qual regi\u00e3o do pa\u00eds voc\u00ea deseja trabalhar?","datePublished":"2024-11-28T15:03:33+00:00","dateModified":"2024-11-28T15:11:01+00:00","mainEntityOfPage":{"@id":"https:\/\/www.vagadeempregorj.com.br\/em-qual-regiao-do-pais-voce-deseja-trabalhar\/"},"wordCount":918,"image":{"@id":"https:\/\/www.vagadeempregorj.com.br\/em-qual-regiao-do-pais-voce-deseja-trabalhar\/#primaryimage"},"thumbnailUrl":"https:\/\/www.vagadeempregorj.com.br\/wp-content\/uploads\/2024\/11\/image-38.png","keywords":["empregos","oportunidades","vaga de emprego"],"articleSection":["Vagas de Emprego Nacionais"],"inLanguage":"fr-FR"},{"@type":"WebPage","@id":"https:\/\/www.vagadeempregorj.com.br\/em-qual-regiao-do-pais-voce-deseja-trabalhar\/","url":"https:\/\/www.vagadeempregorj.com.br\/em-qual-regiao-do-pais-voce-deseja-trabalhar\/","name":"Em qual regi\u00e3o do pa\u00eds voc\u00ea deseja trabalhar? -","isPartOf":{"@id":"https:\/\/www.vagadeempregorj.com.br\/#website"},"primaryImageOfPage":{"@id":"https:\/\/www.vagadeempregorj.com.br\/em-qual-regiao-do-pais-voce-deseja-trabalhar\/#primaryimage"},"image":{"@id":"https:\/\/www.vagadeempregorj.com.br\/em-qual-regiao-do-pais-voce-deseja-trabalhar\/#primaryimage"},"thumbnailUrl":"https:\/\/www.vagadeempregorj.com.br\/wp-content\/uploads\/2024\/11\/image-38.png","datePublished":"2024-11-28T15:03:33+00:00","dateModified":"2024-11-28T15:11:01+00:00","author":{"@id":"https:\/\/www.vagadeempregorj.com.br\/#\/schema\/person\/3ddb19fa0539706786e502152f3aae95"},"description":"Veja em Vagas de Emprego RJ as vagas de emprego com e sem experi\u00eancia no seu Estado e Regi\u00e3o!","breadcrumb":{"@id":"https:\/\/www.vagadeempregorj.com.br\/em-qual-regiao-do-pais-voce-deseja-trabalhar\/#breadcrumb"},"inLanguage":"fr-FR","potentialAction":[{"@type":"ReadAction","target":["https:\/\/www.vagadeempregorj.com.br\/em-qual-regiao-do-pais-voce-deseja-trabalhar\/"]}]},{"@type":"ImageObject","inLanguage":"fr-FR","@id":"https:\/\/www.vagadeempregorj.com.br\/em-qual-regiao-do-pais-voce-deseja-trabalhar\/#primaryimage","url":"https:\/\/www.vagadeempregorj.com.br\/wp-content\/uploads\/2024\/11\/image-38.png","contentUrl":"https:\/\/www.vagadeempregorj.com.br\/wp-content\/uploads\/2024\/11\/image-38.png","width":1800,"height":930},{"@type":"BreadcrumbList","@id":"https:\/\/www.vagadeempregorj.com.br\/em-qual-regiao-do-pais-voce-deseja-trabalhar\/#breadcrumb","itemListElement":[{"@type":"ListItem","position":1,"name":"In\u00edcio","item":"https:\/\/www.vagadeempregorj.com.br\/"},{"@type":"ListItem","position":2,"name":"Vagas de Emprego Nacionais","item":"https:\/\/www.vagadeempregorj.com.br\/vagas-de-emprego-nacionais\/"},{"@type":"ListItem","position":3,"name":"Em qual regi\u00e3o do pa\u00eds voc\u00ea deseja trabalhar?"}]},{"@type":"WebSite","@id":"https:\/\/www.vagadeempregorj.com.br\/#website","url":"https:\/\/www.vagadeempregorj.com.br\/","name":"","description":"Conquiste Sonhos: Vagas, Benef\u00edcios e Economia para Transformar Vidas e Alcan\u00e7ar Melhorias Cotidianas","potentialAction":[{"@type":"SearchAction","target":{"@type":"EntryPoint","urlTemplate":"https:\/\/www.vagadeempregorj.com.br\/?s={search_term_string}"},"query-input":{"@type":"PropertyValueSpecification","valueRequired":true,"valueName":"search_term_string"}}],"inLanguage":"fr-FR"},{"@type":"Person","@id":"https:\/\/www.vagadeempregorj.com.br\/#\/schema\/person\/3ddb19fa0539706786e502152f3aae95","name":"Michele","image":{"@type":"ImageObject","inLanguage":"fr-FR","@id":"https:\/\/secure.gravatar.com\/avatar\/6b0eb9d22841282815e2cd856a0061c45e1761cd54b22e952d98c4746939aa85?s=96&r=g","url":"https:\/\/secure.gravatar.com\/avatar\/6b0eb9d22841282815e2cd856a0061c45e1761cd54b22e952d98c4746939aa85?s=96&r=g","contentUrl":"https:\/\/secure.gravatar.com\/avatar\/6b0eb9d22841282815e2cd856a0061c45e1761cd54b22e952d98c4746939aa85?s=96&r=g","caption":"Michele"},"description":"Formada em Letras - Portugu\u00eas\/ Ingl\u00eas, e idealizadora do site Escritora de Sucesso, busca expandir o conhecimento de todos com informa\u00e7\u00f5es relevantes sobre diversos assuntos, enquanto redatora. No Vaga de Emprego RJ, traz oportunidades e dicas sobre o mercado de trabalho.","url":"https:\/\/www.vagadeempregorj.com.br\/fr\/author\/michele\/"}]}},"_links":{"self":[{"href":"https:\/\/www.vagadeempregorj.com.br\/fr\/wp-json\/wp\/v2\/posts\/41534","targetHints":{"allow":["GET"]}}],"collection":[{"href":"https:\/\/www.vagadeempregorj.com.br\/fr\/wp-json\/wp\/v2\/posts"}],"about":[{"href":"https:\/\/www.vagadeempregorj.com.br\/fr\/wp-json\/wp\/v2\/types\/post"}],"author":[{"embeddable":true,"href":"https:\/\/www.vagadeempregorj.com.br\/fr\/wp-json\/wp\/v2\/users\/16"}],"replies":[{"embeddable":true,"href":"https:\/\/www.vagadeempregorj.com.br\/fr\/wp-json\/wp\/v2\/comments?post=41534"}],"version-history":[{"count":0,"href":"https:\/\/www.vagadeempregorj.com.br\/fr\/wp-json\/wp\/v2\/posts\/41534\/revisions"}],"wp:featuredmedia":[{"embeddable":true,"href":"https:\/\/www.vagadeempregorj.com.br\/fr\/wp-json\/wp\/v2\/media\/41535"}],"wp:attachment":[{"href":"https:\/\/www.vagadeempregorj.com.br\/fr\/wp-json\/wp\/v2\/media?parent=41534"}],"wp:term":[{"taxonomy":"category","embeddable":true,"href":"https:\/\/www.vagadeempregorj.com.br\/fr\/wp-json\/wp\/v2\/categories?post=41534"},{"taxonomy":"post_tag","embeddable":true,"href":"https:\/\/www.vagadeempregorj.com.br\/fr\/wp-json\/wp\/v2\/tags?post=41534"}],"curies":[{"name":"wp","href":"https:\/\/api.w.org\/{rel}","templated":true}]}}