{"id":41642,"date":"2024-12-20T06:00:00","date_gmt":"2024-12-20T09:00:00","guid":{"rendered":"https:\/\/www.vagadeempregorj.com.br\/?p=41642"},"modified":"2024-12-17T21:23:03","modified_gmt":"2024-12-18T00:23:03","slug":"solar-coca-cola-227-vagas-de-emprego-abertas-pelo-pais","status":"publish","type":"post","link":"https:\/\/www.vagadeempregorj.com.br\/fr\/solar-coca-cola-227-vagas-de-emprego-abertas-pelo-pais\/","title":{"rendered":"Solar Coca-Cola: 227 vagas de emprego abertas pelo pa\u00eds"},"content":{"rendered":"<p>Se voc\u00ea est\u00e1 em busca de uma oportunidade no mercado de trabalho, a <strong>Solar Coca-Cola<\/strong> pode ter exatamente o que voc\u00ea precisa. Com um total de 227 vagas de emprego espalhadas pelo Brasil, a empresa \u00e9 uma das maiores fabricantes do sistema Coca-Cola no pa\u00eds e est\u00e1 \u00e0 procura de talentos para integrar seu time.<\/p>\n\n\n\n<figure class=\"wp-block-image size-large\"><img loading=\"lazy\" decoding=\"async\" width=\"1024\" height=\"731\" src=\"https:\/\/www.vagadeempregorj.com.br\/wp-content\/uploads\/2024\/12\/image-17-1024x731.png\" alt=\"Solar Coca-Cola\" class=\"wp-image-41665\" srcset=\"https:\/\/www.vagadeempregorj.com.br\/wp-content\/uploads\/2024\/12\/image-17-1024x731.png 1024w, https:\/\/www.vagadeempregorj.com.br\/wp-content\/uploads\/2024\/12\/image-17-300x214.png 300w, https:\/\/www.vagadeempregorj.com.br\/wp-content\/uploads\/2024\/12\/image-17-768x549.png 768w, https:\/\/www.vagadeempregorj.com.br\/wp-content\/uploads\/2024\/12\/image-17-150x107.png 150w, https:\/\/www.vagadeempregorj.com.br\/wp-content\/uploads\/2024\/12\/image-17.png 1176w\" sizes=\"auto, (max-width: 1024px) 100vw, 1024px\" \/><\/figure>\n\n\n\n<h2 class=\"wp-block-heading\">Quais s\u00e3o as oportunidades de carreira na Solar Coca-Cola?<\/h2>\n\n\n\n<p>A Solar Coca-Cola est\u00e1 em busca de profissionais em diversas regi\u00f5es do Brasil, oferecendo cargos que atendem a diferentes \u00e1reas de forma\u00e7\u00e3o e experi\u00eancia. Confira alguns dos destaques:<\/p>\n\n\n\n<h3 class=\"wp-block-heading\">Auxiliar de produ\u00e7\u00e3o<\/h3>\n\n\n\n<p>Se voc\u00ea gosta de colocar a m\u00e3o na massa, este cargo pode ser ideal. Os auxiliares de produ\u00e7\u00e3o s\u00e3o respons\u00e1veis por apoiar as opera\u00e7\u00f5es industriais, garantindo que o processo produtivo ocorra com qualidade e dentro dos prazos estabelecidos. \u00c9 uma oportunidade excelente para quem busca desenvolver habilidades t\u00e9cnicas.<\/p>\n\n\n\n<h3 class=\"wp-block-heading\">Vendedor externo<\/h3>\n\n\n\n<p>Este cargo \u00e9 para quem gosta de desafios e tem facilidade para se comunicar. Como vendedor externo, voc\u00ea ser\u00e1 respons\u00e1vel por atender clientes, prospectar novos mercados e garantir que os produtos da companhia estejam ao alcance dos consumidores. \u00c9 um trabalho que combina estrat\u00e9gia e dinamismo.<\/p>\n\n\n\n<h3 class=\"wp-block-heading\">Motorista entregador<\/h3>\n\n\n\n<p>O profissional ser\u00e1 respons\u00e1vel por transportar mercadorias e garantir que os produtos cheguem aos clientes com seguran\u00e7a e pontualidade.<\/p>\n\n\n\n<h3 class=\"wp-block-heading\">Analista de recursos humanos<\/h3>\n\n\n\n<p>Se a sua \u00e1rea \u00e9 gest\u00e3o de pessoas, esta \u00e9 uma oportunidade imperd\u00edvel. O analista de Recursos Humanos tem um papel estrat\u00e9gico dentro da empresa, atuando no recrutamento, desenvolvimento de talentos e gest\u00e3o de programas internos.<\/p>\n\n\n\n<h3 class=\"wp-block-heading\">T\u00e9cnico de manuten\u00e7\u00e3o<\/h3>\n\n\n\n<p>Para os apaixonados por tecnologia e sistemas, o cargo de t\u00e9cnico de manuten\u00e7\u00e3o \u00e9 uma \u00f3tima escolha. O profissional atuar\u00e1 garantindo o bom funcionamento dos equipamentos industriais, solucionando problemas e realizando manuten\u00e7\u00f5es preventivas.<\/p>\n\n\n\n<h3 class=\"wp-block-heading\">Promotor de vendas<\/h3>\n\n\n\n<p>Nesta \u00e1rea o profissional \u00e9 respons\u00e1vel por garantir que os produtos estejam bem expostos nos pontos de venda, acompanhando o estoque, organizando prateleiras e promovendo as marcas da companhia.<\/p>\n\n\n\n<h3 class=\"wp-block-heading\">Operador de empilhadeira<\/h3>\n\n\n\n<p>Com essa fun\u00e7\u00e3o, o profissional realiza o transporte de materiais dentro do armaz\u00e9m, garantindo a organiza\u00e7\u00e3o, seguran\u00e7a e agilidade no processo log\u00edstico.<\/p>\n\n\n\n<h3 class=\"wp-block-heading\">Supervisor de log\u00edstica<\/h3>\n\n\n\n<p>Neste cargo, o profissional atuar\u00e1 no planejamento, controle e acompanhamento das opera\u00e7\u00f5es de armazenamento e distribui\u00e7\u00e3o, garantindo efici\u00eancia e qualidade nas entregas.<\/p>\n\n\n\n<h3 class=\"wp-block-heading\">Assistente administrativo<\/h3>\n\n\n\n<p>Para quem busca uma vaga no setor administrativo, o cargo de assistente administrativo \u00e9 um \u00f3timo ponto de partida. Esse trabalhador auxilia nas rotinas de escrit\u00f3rios, organiza\u00e7\u00e3o de documentos, elabora\u00e7\u00e3o de relat\u00f3rios e suporte \u00e0s demais \u00e1reas da empresa.<\/p>\n\n\n\n<h3 class=\"wp-block-heading\">Coordenador de trade marketing<\/h3>\n\n\n\n<p>Este cargo \u00e9 ideal para quem tem experi\u00eancia em marketing e gosta de inovar. O coordenador de trade marketing \u00e9 respons\u00e1vel por desenvolver e implementar estrat\u00e9gias de promo\u00e7\u00e3o nos pontos de venda, aumentando a visibilidade dos produtos e impulsionando os resultados comerciais.<\/p>\n\n\n\n<h3 class=\"wp-block-heading\">Est\u00e1gio em \u00e1reas diversas<\/h3>\n\n\n\n<p>Para quem est\u00e1 come\u00e7ando a carreira, a Solar Coca-Cola oferece vagas de est\u00e1gio em diferentes \u00e1reas, como marketing, recursos humanos, engenharia, finan\u00e7as e tecnologia. \u00c9 uma oportunidade \u00fanica para aprender na pr\u00e1tica e desenvolver novas habilidades em uma grande empresa.<\/p>\n\n\n\n<h3 class=\"wp-block-heading\">Aprendiz de opera\u00e7\u00f5es<\/h3>\n\n\n\n<p>O programa de aprendiz \u00e9 voltado para jovens que buscam o primeiro emprego e desejam aprender sobre o funcionamento de uma empresa. A vaga proporciona treinamento te\u00f3rico e pr\u00e1tico, permitindo que o aprendiz atue em \u00e1reas operacionais e administrativas.<\/p>\n\n\n\n<h2 class=\"wp-block-heading\">Como se candidatar?<\/h2>\n\n\n\n<p>Agora que voc\u00ea conhece algumas das vagas, o pr\u00f3ximo passo \u00e9 se candidatar. O processo \u00e9 simples e pode ser feito online. Veja como:<\/p>\n\n\n\n<ul class=\"wp-block-list\">\n<li>Copie e cole o seguinte endere\u00e7o no seu navegador: <strong>https:\/\/solarcocacola.gupy.io\/<\/strong>.<\/li>\n\n\n\n<li>Acesse a p\u00e1gina e encontre a oportunidade que combina com o seu perfil.<\/li>\n\n\n\n<li>Clique na vaga desejada, leia a descri\u00e7\u00e3o completa e verifique os requisitos.<\/li>\n\n\n\n<li>Preencha o formul\u00e1rio com suas informa\u00e7\u00f5es pessoais, anexe seu curr\u00edculo atualizado e envie sua candidatura.<\/li>\n<\/ul>\n\n\n\n<p>Antes de enviar, revise seu curr\u00edculo e personalize-o de acordo com a vaga. Isso pode aumentar suas chances de ser chamado para uma entrevista.<\/p>\n\n\n\n<p>A Solar Coca-Cola \u00e9 uma empresa que valoriza a diversidade e o desenvolvimento dos seus colaboradores. Se voc\u00ea est\u00e1 em busca de crescimento profissional, esta \u00e9 uma excelente oportunidade para fazer parte de uma equipe apaixonada por entregar resultados e construir um futuro melhor.&nbsp;<\/p>\n\n\n\n<p><strong>Veja tamb\u00e9m: <a href=\"https:\/\/www.vagadeempregorj.com.br\/fr\/centauro-618-novas-vagas-de-emprego-pelo-pais\/\">Centauro: 618 novas vagas de emprego pelo pa\u00eds<\/a><\/strong><\/p>\n\n\n\n<p>20 de dezembro de 2024<\/p>","protected":false},"excerpt":{"rendered":"<p>Se voc\u00ea est\u00e1 em busca de uma oportunidade no mercado de trabalho, a Solar Coca-Cola pode ter exatamente o que voc\u00ea precisa. Com um total de 227 vagas de emprego espalhadas pelo Brasil, a empresa \u00e9 uma das maiores fabricantes do sistema Coca-Cola no pa\u00eds e est\u00e1 \u00e0 procura de talentos para integrar seu time.&hellip;&nbsp;<\/p>","protected":false},"author":16,"featured_media":41665,"comment_status":"closed","ping_status":"closed","sticky":false,"template":"","format":"standard","meta":{"neve_meta_sidebar":"","neve_meta_container":"","neve_meta_enable_content_width":"","neve_meta_content_width":0,"neve_meta_title_alignment":"","neve_meta_author_avatar":"","neve_post_elements_order":"","neve_meta_disable_header":"","neve_meta_disable_footer":"","neve_meta_disable_title":"","footnotes":""},"categories":[123],"tags":[830,608],"class_list":["post-41642","post","type-post","status-publish","format-standard","has-post-thumbnail","hentry","category-vagas-de-emprego-nacionais","tag-empregos","tag-oportunidades"],"yoast_head":"<!-- This site is optimized with the Yoast SEO plugin v27.5 - https:\/\/yoast.com\/product\/yoast-seo-wordpress\/ -->\n<title>Solar Coca-Cola: 227 vagas de emprego abertas pelo pa\u00eds -<\/title>\n<meta name=\"description\" content=\"Veja em Vagas de Emprego RJ as vagas de emprego com e sem experi\u00eancia no seu Estado e Regi\u00e3o!\" \/>\n<meta name=\"robots\" content=\"index, follow, max-snippet:-1, max-image-preview:large, max-video-preview:-1\" \/>\n<link rel=\"canonical\" href=\"https:\/\/www.vagadeempregorj.com.br\/fr\/solar-coca-cola-227-vagas-de-emprego-abertas-pelo-pais\/\" \/>\n<meta property=\"og:locale\" content=\"fr_FR\" \/>\n<meta property=\"og:type\" content=\"article\" \/>\n<meta property=\"og:title\" content=\"Solar Coca-Cola: 227 vagas de emprego abertas pelo pa\u00eds -\" \/>\n<meta property=\"og:description\" content=\"Veja em Vagas de Emprego RJ as vagas de emprego com e sem experi\u00eancia no seu Estado e Regi\u00e3o!\" \/>\n<meta property=\"og:url\" content=\"https:\/\/www.vagadeempregorj.com.br\/fr\/solar-coca-cola-227-vagas-de-emprego-abertas-pelo-pais\/\" \/>\n<meta property=\"article:publisher\" content=\"https:\/\/www.facebook.com\/empregobrasiloficial\" \/>\n<meta property=\"article:published_time\" content=\"2024-12-20T09:00:00+00:00\" \/>\n<meta property=\"og:image\" content=\"https:\/\/www.vagadeempregorj.com.br\/wp-content\/uploads\/2024\/12\/image-17.png\" \/>\n\t<meta property=\"og:image:width\" content=\"1176\" \/>\n\t<meta property=\"og:image:height\" content=\"840\" \/>\n\t<meta property=\"og:image:type\" content=\"image\/png\" \/>\n<meta name=\"author\" content=\"Michele\" \/>\n<meta name=\"twitter:card\" content=\"summary_large_image\" \/>\n<meta name=\"twitter:label1\" content=\"Written by\" \/>\n\t<meta name=\"twitter:data1\" content=\"Michele\" \/>\n\t<meta name=\"twitter:label2\" content=\"Est. reading time\" \/>\n\t<meta name=\"twitter:data2\" content=\"4 minutes\" \/>\n<script type=\"application\/ld+json\" class=\"yoast-schema-graph\">{\"@context\":\"https:\\\/\\\/schema.org\",\"@graph\":[{\"@type\":\"Article\",\"@id\":\"https:\\\/\\\/www.vagadeempregorj.com.br\\\/solar-coca-cola-227-vagas-de-emprego-abertas-pelo-pais\\\/#article\",\"isPartOf\":{\"@id\":\"https:\\\/\\\/www.vagadeempregorj.com.br\\\/solar-coca-cola-227-vagas-de-emprego-abertas-pelo-pais\\\/\"},\"author\":{\"name\":\"Michele\",\"@id\":\"https:\\\/\\\/www.vagadeempregorj.com.br\\\/#\\\/schema\\\/person\\\/3ddb19fa0539706786e502152f3aae95\"},\"headline\":\"Solar Coca-Cola: 227 vagas de emprego abertas pelo pa\u00eds\",\"datePublished\":\"2024-12-20T09:00:00+00:00\",\"mainEntityOfPage\":{\"@id\":\"https:\\\/\\\/www.vagadeempregorj.com.br\\\/solar-coca-cola-227-vagas-de-emprego-abertas-pelo-pais\\\/\"},\"wordCount\":755,\"image\":{\"@id\":\"https:\\\/\\\/www.vagadeempregorj.com.br\\\/solar-coca-cola-227-vagas-de-emprego-abertas-pelo-pais\\\/#primaryimage\"},\"thumbnailUrl\":\"https:\\\/\\\/www.vagadeempregorj.com.br\\\/wp-content\\\/uploads\\\/2024\\\/12\\\/image-17.png\",\"keywords\":[\"empregos\",\"oportunidades\"],\"articleSection\":[\"Vagas de Emprego Nacionais\"],\"inLanguage\":\"fr-FR\"},{\"@type\":\"WebPage\",\"@id\":\"https:\\\/\\\/www.vagadeempregorj.com.br\\\/solar-coca-cola-227-vagas-de-emprego-abertas-pelo-pais\\\/\",\"url\":\"https:\\\/\\\/www.vagadeempregorj.com.br\\\/solar-coca-cola-227-vagas-de-emprego-abertas-pelo-pais\\\/\",\"name\":\"Solar Coca-Cola: 227 vagas de emprego abertas pelo pa\u00eds -\",\"isPartOf\":{\"@id\":\"https:\\\/\\\/www.vagadeempregorj.com.br\\\/#website\"},\"primaryImageOfPage\":{\"@id\":\"https:\\\/\\\/www.vagadeempregorj.com.br\\\/solar-coca-cola-227-vagas-de-emprego-abertas-pelo-pais\\\/#primaryimage\"},\"image\":{\"@id\":\"https:\\\/\\\/www.vagadeempregorj.com.br\\\/solar-coca-cola-227-vagas-de-emprego-abertas-pelo-pais\\\/#primaryimage\"},\"thumbnailUrl\":\"https:\\\/\\\/www.vagadeempregorj.com.br\\\/wp-content\\\/uploads\\\/2024\\\/12\\\/image-17.png\",\"datePublished\":\"2024-12-20T09:00:00+00:00\",\"author\":{\"@id\":\"https:\\\/\\\/www.vagadeempregorj.com.br\\\/#\\\/schema\\\/person\\\/3ddb19fa0539706786e502152f3aae95\"},\"description\":\"Veja em Vagas de Emprego RJ as vagas de emprego com e sem experi\u00eancia no seu Estado e Regi\u00e3o!\",\"breadcrumb\":{\"@id\":\"https:\\\/\\\/www.vagadeempregorj.com.br\\\/solar-coca-cola-227-vagas-de-emprego-abertas-pelo-pais\\\/#breadcrumb\"},\"inLanguage\":\"fr-FR\",\"potentialAction\":[{\"@type\":\"ReadAction\",\"target\":[\"https:\\\/\\\/www.vagadeempregorj.com.br\\\/solar-coca-cola-227-vagas-de-emprego-abertas-pelo-pais\\\/\"]}]},{\"@type\":\"ImageObject\",\"inLanguage\":\"fr-FR\",\"@id\":\"https:\\\/\\\/www.vagadeempregorj.com.br\\\/solar-coca-cola-227-vagas-de-emprego-abertas-pelo-pais\\\/#primaryimage\",\"url\":\"https:\\\/\\\/www.vagadeempregorj.com.br\\\/wp-content\\\/uploads\\\/2024\\\/12\\\/image-17.png\",\"contentUrl\":\"https:\\\/\\\/www.vagadeempregorj.com.br\\\/wp-content\\\/uploads\\\/2024\\\/12\\\/image-17.png\",\"width\":1176,\"height\":840,\"caption\":\"Solar Coca-Cola\"},{\"@type\":\"BreadcrumbList\",\"@id\":\"https:\\\/\\\/www.vagadeempregorj.com.br\\\/solar-coca-cola-227-vagas-de-emprego-abertas-pelo-pais\\\/#breadcrumb\",\"itemListElement\":[{\"@type\":\"ListItem\",\"position\":1,\"name\":\"In\u00edcio\",\"item\":\"https:\\\/\\\/www.vagadeempregorj.com.br\\\/\"},{\"@type\":\"ListItem\",\"position\":2,\"name\":\"Vagas de Emprego Nacionais\",\"item\":\"https:\\\/\\\/www.vagadeempregorj.com.br\\\/vagas-de-emprego-nacionais\\\/\"},{\"@type\":\"ListItem\",\"position\":3,\"name\":\"Solar Coca-Cola: 227 vagas de emprego abertas pelo pa\u00eds\"}]},{\"@type\":\"WebSite\",\"@id\":\"https:\\\/\\\/www.vagadeempregorj.com.br\\\/#website\",\"url\":\"https:\\\/\\\/www.vagadeempregorj.com.br\\\/\",\"name\":\"\",\"description\":\"Conquiste Sonhos: Vagas, Benef\u00edcios e Economia para Transformar Vidas e Alcan\u00e7ar Melhorias Cotidianas\",\"potentialAction\":[{\"@type\":\"SearchAction\",\"target\":{\"@type\":\"EntryPoint\",\"urlTemplate\":\"https:\\\/\\\/www.vagadeempregorj.com.br\\\/?s={search_term_string}\"},\"query-input\":{\"@type\":\"PropertyValueSpecification\",\"valueRequired\":true,\"valueName\":\"search_term_string\"}}],\"inLanguage\":\"fr-FR\"},{\"@type\":\"Person\",\"@id\":\"https:\\\/\\\/www.vagadeempregorj.com.br\\\/#\\\/schema\\\/person\\\/3ddb19fa0539706786e502152f3aae95\",\"name\":\"Michele\",\"image\":{\"@type\":\"ImageObject\",\"inLanguage\":\"fr-FR\",\"@id\":\"https:\\\/\\\/secure.gravatar.com\\\/avatar\\\/6b0eb9d22841282815e2cd856a0061c45e1761cd54b22e952d98c4746939aa85?s=96&r=g\",\"url\":\"https:\\\/\\\/secure.gravatar.com\\\/avatar\\\/6b0eb9d22841282815e2cd856a0061c45e1761cd54b22e952d98c4746939aa85?s=96&r=g\",\"contentUrl\":\"https:\\\/\\\/secure.gravatar.com\\\/avatar\\\/6b0eb9d22841282815e2cd856a0061c45e1761cd54b22e952d98c4746939aa85?s=96&r=g\",\"caption\":\"Michele\"},\"description\":\"Formada em Letras - Portugu\u00eas\\\/ Ingl\u00eas, e idealizadora do site Escritora de Sucesso, busca expandir o conhecimento de todos com informa\u00e7\u00f5es relevantes sobre diversos assuntos, enquanto redatora. No Vaga de Emprego RJ, traz oportunidades e dicas sobre o mercado de trabalho.\",\"url\":\"https:\\\/\\\/www.vagadeempregorj.com.br\\\/fr\\\/author\\\/michele\\\/\"}]}<\/script>\n<!-- \/ Yoast SEO plugin. -->","yoast_head_json":{"title":"Solar Coca-Cola: 227 vagas de emprego abertas pelo pa\u00eds -","description":"Veja em Vagas de Emprego RJ as vagas de emprego com e sem experi\u00eancia no seu Estado e Regi\u00e3o!","robots":{"index":"index","follow":"follow","max-snippet":"max-snippet:-1","max-image-preview":"max-image-preview:large","max-video-preview":"max-video-preview:-1"},"canonical":"https:\/\/www.vagadeempregorj.com.br\/fr\/solar-coca-cola-227-vagas-de-emprego-abertas-pelo-pais\/","og_locale":"fr_FR","og_type":"article","og_title":"Solar Coca-Cola: 227 vagas de emprego abertas pelo pa\u00eds -","og_description":"Veja em Vagas de Emprego RJ as vagas de emprego com e sem experi\u00eancia no seu Estado e Regi\u00e3o!","og_url":"https:\/\/www.vagadeempregorj.com.br\/fr\/solar-coca-cola-227-vagas-de-emprego-abertas-pelo-pais\/","article_publisher":"https:\/\/www.facebook.com\/empregobrasiloficial","article_published_time":"2024-12-20T09:00:00+00:00","og_image":[{"width":1176,"height":840,"url":"https:\/\/www.vagadeempregorj.com.br\/wp-content\/uploads\/2024\/12\/image-17.png","type":"image\/png"}],"author":"Michele","twitter_card":"summary_large_image","twitter_misc":{"Written by":"Michele","Est. reading time":"4 minutes"},"schema":{"@context":"https:\/\/schema.org","@graph":[{"@type":"Article","@id":"https:\/\/www.vagadeempregorj.com.br\/solar-coca-cola-227-vagas-de-emprego-abertas-pelo-pais\/#article","isPartOf":{"@id":"https:\/\/www.vagadeempregorj.com.br\/solar-coca-cola-227-vagas-de-emprego-abertas-pelo-pais\/"},"author":{"name":"Michele","@id":"https:\/\/www.vagadeempregorj.com.br\/#\/schema\/person\/3ddb19fa0539706786e502152f3aae95"},"headline":"Solar Coca-Cola: 227 vagas de emprego abertas pelo pa\u00eds","datePublished":"2024-12-20T09:00:00+00:00","mainEntityOfPage":{"@id":"https:\/\/www.vagadeempregorj.com.br\/solar-coca-cola-227-vagas-de-emprego-abertas-pelo-pais\/"},"wordCount":755,"image":{"@id":"https:\/\/www.vagadeempregorj.com.br\/solar-coca-cola-227-vagas-de-emprego-abertas-pelo-pais\/#primaryimage"},"thumbnailUrl":"https:\/\/www.vagadeempregorj.com.br\/wp-content\/uploads\/2024\/12\/image-17.png","keywords":["empregos","oportunidades"],"articleSection":["Vagas de Emprego Nacionais"],"inLanguage":"fr-FR"},{"@type":"WebPage","@id":"https:\/\/www.vagadeempregorj.com.br\/solar-coca-cola-227-vagas-de-emprego-abertas-pelo-pais\/","url":"https:\/\/www.vagadeempregorj.com.br\/solar-coca-cola-227-vagas-de-emprego-abertas-pelo-pais\/","name":"Solar Coca-Cola: 227 vagas de emprego abertas pelo pa\u00eds -","isPartOf":{"@id":"https:\/\/www.vagadeempregorj.com.br\/#website"},"primaryImageOfPage":{"@id":"https:\/\/www.vagadeempregorj.com.br\/solar-coca-cola-227-vagas-de-emprego-abertas-pelo-pais\/#primaryimage"},"image":{"@id":"https:\/\/www.vagadeempregorj.com.br\/solar-coca-cola-227-vagas-de-emprego-abertas-pelo-pais\/#primaryimage"},"thumbnailUrl":"https:\/\/www.vagadeempregorj.com.br\/wp-content\/uploads\/2024\/12\/image-17.png","datePublished":"2024-12-20T09:00:00+00:00","author":{"@id":"https:\/\/www.vagadeempregorj.com.br\/#\/schema\/person\/3ddb19fa0539706786e502152f3aae95"},"description":"Veja em Vagas de Emprego RJ as vagas de emprego com e sem experi\u00eancia no seu Estado e Regi\u00e3o!","breadcrumb":{"@id":"https:\/\/www.vagadeempregorj.com.br\/solar-coca-cola-227-vagas-de-emprego-abertas-pelo-pais\/#breadcrumb"},"inLanguage":"fr-FR","potentialAction":[{"@type":"ReadAction","target":["https:\/\/www.vagadeempregorj.com.br\/solar-coca-cola-227-vagas-de-emprego-abertas-pelo-pais\/"]}]},{"@type":"ImageObject","inLanguage":"fr-FR","@id":"https:\/\/www.vagadeempregorj.com.br\/solar-coca-cola-227-vagas-de-emprego-abertas-pelo-pais\/#primaryimage","url":"https:\/\/www.vagadeempregorj.com.br\/wp-content\/uploads\/2024\/12\/image-17.png","contentUrl":"https:\/\/www.vagadeempregorj.com.br\/wp-content\/uploads\/2024\/12\/image-17.png","width":1176,"height":840,"caption":"Solar Coca-Cola"},{"@type":"BreadcrumbList","@id":"https:\/\/www.vagadeempregorj.com.br\/solar-coca-cola-227-vagas-de-emprego-abertas-pelo-pais\/#breadcrumb","itemListElement":[{"@type":"ListItem","position":1,"name":"In\u00edcio","item":"https:\/\/www.vagadeempregorj.com.br\/"},{"@type":"ListItem","position":2,"name":"Vagas de Emprego Nacionais","item":"https:\/\/www.vagadeempregorj.com.br\/vagas-de-emprego-nacionais\/"},{"@type":"ListItem","position":3,"name":"Solar Coca-Cola: 227 vagas de emprego abertas pelo pa\u00eds"}]},{"@type":"WebSite","@id":"https:\/\/www.vagadeempregorj.com.br\/#website","url":"https:\/\/www.vagadeempregorj.com.br\/","name":"","description":"Conquiste Sonhos: Vagas, Benef\u00edcios e Economia para Transformar Vidas e Alcan\u00e7ar Melhorias Cotidianas","potentialAction":[{"@type":"SearchAction","target":{"@type":"EntryPoint","urlTemplate":"https:\/\/www.vagadeempregorj.com.br\/?s={search_term_string}"},"query-input":{"@type":"PropertyValueSpecification","valueRequired":true,"valueName":"search_term_string"}}],"inLanguage":"fr-FR"},{"@type":"Person","@id":"https:\/\/www.vagadeempregorj.com.br\/#\/schema\/person\/3ddb19fa0539706786e502152f3aae95","name":"Michele","image":{"@type":"ImageObject","inLanguage":"fr-FR","@id":"https:\/\/secure.gravatar.com\/avatar\/6b0eb9d22841282815e2cd856a0061c45e1761cd54b22e952d98c4746939aa85?s=96&r=g","url":"https:\/\/secure.gravatar.com\/avatar\/6b0eb9d22841282815e2cd856a0061c45e1761cd54b22e952d98c4746939aa85?s=96&r=g","contentUrl":"https:\/\/secure.gravatar.com\/avatar\/6b0eb9d22841282815e2cd856a0061c45e1761cd54b22e952d98c4746939aa85?s=96&r=g","caption":"Michele"},"description":"Formada em Letras - Portugu\u00eas\/ Ingl\u00eas, e idealizadora do site Escritora de Sucesso, busca expandir o conhecimento de todos com informa\u00e7\u00f5es relevantes sobre diversos assuntos, enquanto redatora. No Vaga de Emprego RJ, traz oportunidades e dicas sobre o mercado de trabalho.","url":"https:\/\/www.vagadeempregorj.com.br\/fr\/author\/michele\/"}]}},"_links":{"self":[{"href":"https:\/\/www.vagadeempregorj.com.br\/fr\/wp-json\/wp\/v2\/posts\/41642","targetHints":{"allow":["GET"]}}],"collection":[{"href":"https:\/\/www.vagadeempregorj.com.br\/fr\/wp-json\/wp\/v2\/posts"}],"about":[{"href":"https:\/\/www.vagadeempregorj.com.br\/fr\/wp-json\/wp\/v2\/types\/post"}],"author":[{"embeddable":true,"href":"https:\/\/www.vagadeempregorj.com.br\/fr\/wp-json\/wp\/v2\/users\/16"}],"replies":[{"embeddable":true,"href":"https:\/\/www.vagadeempregorj.com.br\/fr\/wp-json\/wp\/v2\/comments?post=41642"}],"version-history":[{"count":0,"href":"https:\/\/www.vagadeempregorj.com.br\/fr\/wp-json\/wp\/v2\/posts\/41642\/revisions"}],"wp:featuredmedia":[{"embeddable":true,"href":"https:\/\/www.vagadeempregorj.com.br\/fr\/wp-json\/wp\/v2\/media\/41665"}],"wp:attachment":[{"href":"https:\/\/www.vagadeempregorj.com.br\/fr\/wp-json\/wp\/v2\/media?parent=41642"}],"wp:term":[{"taxonomy":"category","embeddable":true,"href":"https:\/\/www.vagadeempregorj.com.br\/fr\/wp-json\/wp\/v2\/categories?post=41642"},{"taxonomy":"post_tag","embeddable":true,"href":"https:\/\/www.vagadeempregorj.com.br\/fr\/wp-json\/wp\/v2\/tags?post=41642"}],"curies":[{"name":"wp","href":"https:\/\/api.w.org\/{rel}","templated":true}]}}