{"id":41646,"date":"2024-12-24T06:00:00","date_gmt":"2024-12-24T09:00:00","guid":{"rendered":"https:\/\/www.vagadeempregorj.com.br\/?p=41646"},"modified":"2024-12-17T21:23:08","modified_gmt":"2024-12-18T00:23:08","slug":"dasa-62-vagas-de-emprego-abertas-pelo-pais","status":"publish","type":"post","link":"https:\/\/www.vagadeempregorj.com.br\/fr\/dasa-62-vagas-de-emprego-abertas-pelo-pais\/","title":{"rendered":"Dasa: 62 vagas de emprego abertas pelo pa\u00eds"},"content":{"rendered":"<p>A <strong>Dasa<\/strong>, maior rede integrada de sa\u00fade do Brasil, est\u00e1 com 62 vagas de emprego abertas em diferentes regi\u00f5es do pa\u00eds. Se voc\u00ea est\u00e1 em busca de uma oportunidade no mercado de trabalho ou deseja crescer profissionalmente, esta pode ser a sua chance.&nbsp;<\/p>\n\n\n\n<figure class=\"wp-block-image size-full\"><img loading=\"lazy\" decoding=\"async\" width=\"857\" height=\"368\" src=\"https:\/\/www.vagadeempregorj.com.br\/wp-content\/uploads\/2024\/12\/image-19.png\" alt=\"\" class=\"wp-image-41667\" srcset=\"https:\/\/www.vagadeempregorj.com.br\/wp-content\/uploads\/2024\/12\/image-19.png 857w, https:\/\/www.vagadeempregorj.com.br\/wp-content\/uploads\/2024\/12\/image-19-300x129.png 300w, https:\/\/www.vagadeempregorj.com.br\/wp-content\/uploads\/2024\/12\/image-19-768x330.png 768w, https:\/\/www.vagadeempregorj.com.br\/wp-content\/uploads\/2024\/12\/image-19-150x64.png 150w\" sizes=\"auto, (max-width: 857px) 100vw, 857px\" \/><\/figure>\n\n\n\n<h2 class=\"wp-block-heading\">Quais s\u00e3o as oportunidades de carreira na Dasa?<\/h2>\n\n\n\n<p>A Dasa busca talentos que compartilhem sua miss\u00e3o de transformar a sa\u00fade no Brasil. As vagas est\u00e3o distribu\u00eddas em diferentes \u00e1reas, desde cargos operacionais at\u00e9 fun\u00e7\u00f5es estrat\u00e9gicas. Abaixo, destacamos algumas das oportunidades em aberto:<\/p>\n\n\n\n<h3 class=\"wp-block-heading\">Analista de recursos humanos<\/h3>\n\n\n\n<p>Se voc\u00ea tem forma\u00e7\u00e3o em gest\u00e3o de pessoas, psicologia ou \u00e1reas correlatas, esta vaga pode ser ideal. O cargo envolve recrutamento e sele\u00e7\u00e3o, desenvolvimento de colaboradores e apoio na cria\u00e7\u00e3o de um ambiente organizacional saud\u00e1vel. Experi\u00eancia pr\u00e9via na \u00e1rea \u00e9 um diferencial.<\/p>\n\n\n\n<h3 class=\"wp-block-heading\">T\u00e9cnico em laborat\u00f3rio<\/h3>\n\n\n\n<p>Profissionais da \u00e1rea de an\u00e1lises cl\u00ednicas podem se candidatar a esta vaga. As principais responsabilidades incluem coletas, processamento de amostras e manuseio de equipamentos laboratoriais. \u00c9 necess\u00e1rio ter curso t\u00e9cnico conclu\u00eddo e registro no conselho de classe.<\/p>\n\n\n\n<h3 class=\"wp-block-heading\">Enfermeiro(a) assistencial<\/h3>\n\n\n\n<p>Esta \u00e9 uma excelente oportunidade para enfermeiros que desejam atuar diretamente com pacientes. As atribui\u00e7\u00f5es incluem cuidados assistenciais, administra\u00e7\u00e3o de medicamentos e suporte \u00e0s equipes multidisciplinares. Forma\u00e7\u00e3o superior em enfermagem e registro ativo no conselho s\u00e3o obrigat\u00f3rios.<\/p>\n\n\n\n<h3 class=\"wp-block-heading\">Coordenador de unidade de atendimento<\/h3>\n\n\n\n<p>Para quem tem perfil de lideran\u00e7a e experi\u00eancia em gest\u00e3o, o cargo de coordenador de unidade oferece a chance de liderar equipes, gerenciar processos e garantir a qualidade do atendimento aos pacientes. Forma\u00e7\u00e3o em administra\u00e7\u00e3o, sa\u00fade ou \u00e1reas afins \u00e9 requerida.<\/p>\n\n\n\n<h3 class=\"wp-block-heading\">Auxiliar administrativo<\/h3>\n\n\n\n<p>Esta vaga \u00e9 destinada a profissionais que desejam atuar no suporte \u00e0s rotinas administrativas da empresa. As atividades incluem organiza\u00e7\u00e3o de documentos, atendimento ao p\u00fablico e controle de agendas. \u00c9 necess\u00e1rio ensino m\u00e9dio completo e bons conhecimentos em inform\u00e1tica.<\/p>\n\n\n\n<h3 class=\"wp-block-heading\">Atendente de atendimento ao cliente<\/h3>\n\n\n\n<p>Se voc\u00ea tem habilidades de comunica\u00e7\u00e3o e gosta de lidar com pessoas, esta vaga pode ser para voc\u00ea. O cargo envolve acolher e orientar pacientes, realizar agendamentos, confirmar consultas e exames, al\u00e9m de esclarecer d\u00favidas. Ensino m\u00e9dio completo \u00e9 obrigat\u00f3rio, e experi\u00eancia com atendimento ao p\u00fablico ser\u00e1 um diferencial.<\/p>\n\n\n\n<h3 class=\"wp-block-heading\">Assistente de log\u00edstica<\/h3>\n\n\n\n<p>Esta vaga \u00e9 ideal para profissionais organizados que desejam atuar na \u00e1rea de log\u00edstica. As atividades incluem controle de estoque, separa\u00e7\u00e3o de materiais e apoio na distribui\u00e7\u00e3o de insumos para as unidades. Ensino m\u00e9dio completo \u00e9 exigido, e conhecimentos em sistemas de gest\u00e3o de log\u00edstica s\u00e3o um diferencial.<\/p>\n\n\n\n<h3 class=\"wp-block-heading\">Biom\u00e9dico(a)<\/h3>\n\n\n\n<p>Se voc\u00ea tem forma\u00e7\u00e3o superior em biomedicina e registro ativo no conselho de classe, esta \u00e9 uma excelente oportunidade. As principais atribui\u00e7\u00f5es incluem a realiza\u00e7\u00e3o de exames laboratoriais, valida\u00e7\u00e3o de resultados e garantia da qualidade dos processos. Experi\u00eancia em laborat\u00f3rios de an\u00e1lises cl\u00ednicas \u00e9 desej\u00e1vel.<\/p>\n\n\n\n<h3 class=\"wp-block-heading\">Supervisor(a) de atendimento<\/h3>\n\n\n\n<p>Profissionais com experi\u00eancia em lideran\u00e7a e atendimento ao p\u00fablico podem se destacar nesta fun\u00e7\u00e3o. As responsabilidades incluem coordenar a equipe de recepcionistas, garantir a excel\u00eancia no atendimento ao cliente e monitorar indicadores de desempenho. Forma\u00e7\u00e3o em administra\u00e7\u00e3o, sa\u00fade ou \u00e1reas correlatas \u00e9 obrigat\u00f3ria.<\/p>\n\n\n\n<h3 class=\"wp-block-heading\">Fisioterapeuta<\/h3>\n\n\n\n<p>Esta vaga \u00e9 destinada a fisioterapeutas que desejam atuar na reabilita\u00e7\u00e3o e promo\u00e7\u00e3o da sa\u00fade dos pacientes. As atividades incluem avalia\u00e7\u00e3o, planejamento e aplica\u00e7\u00e3o de tratamentos fisioterap\u00eauticos, al\u00e9m de acompanhamento cont\u00ednuo dos casos.<\/p>\n\n\n\n<h2 class=\"wp-block-heading\">Como se candidatar?<\/h2>\n\n\n\n<p>Candidatar-se a uma vaga na Dasa \u00e9 simples e pode ser feito online, de forma r\u00e1pida e segura. Siga os passos abaixo para enviar seu curr\u00edculo:<\/p>\n\n\n\n<ul class=\"wp-block-list\">\n<li>Copie e cole o endere\u00e7o <strong>https:\/\/dasa.com.br\/carreira<\/strong> em seu navegador.<\/li>\n\n\n\n<li>Acesse a p\u00e1gina e encontre uma oportunidade que se encaixe no seu perfil.<\/li>\n\n\n\n<li>Clique na vaga desejada e leia atentamente os requisitos e descri\u00e7\u00e3o do cargo.<\/li>\n\n\n\n<li>Clique em <strong>Candidatar-se<\/strong> e preencha o formul\u00e1rio com seus dados pessoais e profissionais.<\/li>\n\n\n\n<li>Anexe seu curr\u00edculo atualizado e finalize a inscri\u00e7\u00e3o.<\/li>\n<\/ul>\n\n\n\n<p>Pronto! Agora \u00e9 s\u00f3 aguardar o contato da equipe de recrutamento da companhia. Se o seu perfil for selecionado, eles entrar\u00e3o em contato para as pr\u00f3ximas etapas do processo.<\/p>\n\n\n\n<h2 class=\"wp-block-heading\">Por que trabalhar na Dasa?<\/h2>\n\n\n\n<p>A empresa valoriza seus colaboradores e investe no desenvolvimento de suas carreiras. Al\u00e9m de oferecer um ambiente de trabalho din\u00e2mico e acolhedor, a organiza\u00e7\u00e3o possui um forte compromisso com a inova\u00e7\u00e3o e a qualidade nos servi\u00e7os prestados.<\/p>\n\n\n\n<p>Entre os benef\u00edcios para os colaboradores, destacam-se:<\/p>\n\n\n\n<ul class=\"wp-block-list\">\n<li>Plano de sa\u00fade e odontol\u00f3gico;<\/li>\n\n\n\n<li>Vale-transporte e vale-refei\u00e7\u00e3o;<\/li>\n\n\n\n<li>Programas de desenvolvimento profissional;<\/li>\n\n\n\n<li>Oportunidades de crescimento interno;<\/li>\n\n\n\n<li>Ambiente inclusivo e diverso.<\/li>\n<\/ul>\n\n\n\n<p>Se voc\u00ea busca n\u00e3o apenas um emprego, mas uma carreira em uma empresa que faz a diferen\u00e7a na vida das pessoas, a Dasa pode ser o lugar certo para voc\u00ea.<\/p>\n\n\n\n<p><strong>Veja tamb\u00e9m: <a href=\"https:\/\/www.vagadeempregorj.com.br\/fr\/centauro-618-novas-vagas-de-emprego-pelo-pais\/\">Centauro: 618 novas vagas de emprego pelo pa\u00eds<\/a><\/strong><\/p>\n\n\n\n<p>24 de dezembro de 2024<\/p>","protected":false},"excerpt":{"rendered":"<p>A Dasa, maior rede integrada de sa\u00fade do Brasil, est\u00e1 com 62 vagas de emprego abertas em diferentes regi\u00f5es do pa\u00eds. Se voc\u00ea est\u00e1 em busca de uma oportunidade no mercado de trabalho ou deseja crescer profissionalmente, esta pode ser a sua chance.&nbsp; Quais s\u00e3o as oportunidades de carreira na Dasa? A Dasa busca talentos&hellip;&nbsp;<\/p>","protected":false},"author":16,"featured_media":41667,"comment_status":"closed","ping_status":"closed","sticky":false,"template":"","format":"standard","meta":{"neve_meta_sidebar":"","neve_meta_container":"","neve_meta_enable_content_width":"","neve_meta_content_width":0,"neve_meta_title_alignment":"","neve_meta_author_avatar":"","neve_post_elements_order":"","neve_meta_disable_header":"","neve_meta_disable_footer":"","neve_meta_disable_title":"","footnotes":""},"categories":[123],"tags":[],"class_list":["post-41646","post","type-post","status-publish","format-standard","has-post-thumbnail","hentry","category-vagas-de-emprego-nacionais"],"yoast_head":"<!-- This site is optimized with the Yoast SEO plugin v27.5 - https:\/\/yoast.com\/product\/yoast-seo-wordpress\/ -->\n<title>Dasa: 62 vagas de emprego abertas pelo pa\u00eds -<\/title>\n<meta name=\"description\" content=\"Veja em Vagas de Emprego RJ as vagas de emprego com e sem experi\u00eancia no seu Estado e Regi\u00e3o!\" \/>\n<meta name=\"robots\" content=\"index, follow, max-snippet:-1, max-image-preview:large, max-video-preview:-1\" \/>\n<link rel=\"canonical\" href=\"https:\/\/www.vagadeempregorj.com.br\/fr\/dasa-62-vagas-de-emprego-abertas-pelo-pais\/\" \/>\n<meta property=\"og:locale\" content=\"fr_FR\" \/>\n<meta property=\"og:type\" content=\"article\" \/>\n<meta property=\"og:title\" content=\"Dasa: 62 vagas de emprego abertas pelo pa\u00eds -\" \/>\n<meta property=\"og:description\" content=\"Veja em Vagas de Emprego RJ as vagas de emprego com e sem experi\u00eancia no seu Estado e Regi\u00e3o!\" \/>\n<meta property=\"og:url\" content=\"https:\/\/www.vagadeempregorj.com.br\/fr\/dasa-62-vagas-de-emprego-abertas-pelo-pais\/\" \/>\n<meta property=\"article:publisher\" content=\"https:\/\/www.facebook.com\/empregobrasiloficial\" \/>\n<meta property=\"article:published_time\" content=\"2024-12-24T09:00:00+00:00\" \/>\n<meta property=\"og:image\" content=\"https:\/\/www.vagadeempregorj.com.br\/wp-content\/uploads\/2024\/12\/image-19.png\" \/>\n\t<meta property=\"og:image:width\" content=\"857\" \/>\n\t<meta property=\"og:image:height\" content=\"368\" \/>\n\t<meta property=\"og:image:type\" content=\"image\/png\" \/>\n<meta name=\"author\" content=\"Michele\" \/>\n<meta name=\"twitter:card\" content=\"summary_large_image\" \/>\n<meta name=\"twitter:label1\" content=\"Written by\" \/>\n\t<meta name=\"twitter:data1\" content=\"Michele\" \/>\n\t<meta name=\"twitter:label2\" content=\"Est. reading time\" \/>\n\t<meta name=\"twitter:data2\" content=\"4 minutes\" \/>\n<script type=\"application\/ld+json\" class=\"yoast-schema-graph\">{\"@context\":\"https:\\\/\\\/schema.org\",\"@graph\":[{\"@type\":\"Article\",\"@id\":\"https:\\\/\\\/www.vagadeempregorj.com.br\\\/dasa-62-vagas-de-emprego-abertas-pelo-pais\\\/#article\",\"isPartOf\":{\"@id\":\"https:\\\/\\\/www.vagadeempregorj.com.br\\\/dasa-62-vagas-de-emprego-abertas-pelo-pais\\\/\"},\"author\":{\"name\":\"Michele\",\"@id\":\"https:\\\/\\\/www.vagadeempregorj.com.br\\\/#\\\/schema\\\/person\\\/3ddb19fa0539706786e502152f3aae95\"},\"headline\":\"Dasa: 62 vagas de emprego abertas pelo pa\u00eds\",\"datePublished\":\"2024-12-24T09:00:00+00:00\",\"mainEntityOfPage\":{\"@id\":\"https:\\\/\\\/www.vagadeempregorj.com.br\\\/dasa-62-vagas-de-emprego-abertas-pelo-pais\\\/\"},\"wordCount\":858,\"image\":{\"@id\":\"https:\\\/\\\/www.vagadeempregorj.com.br\\\/dasa-62-vagas-de-emprego-abertas-pelo-pais\\\/#primaryimage\"},\"thumbnailUrl\":\"https:\\\/\\\/www.vagadeempregorj.com.br\\\/wp-content\\\/uploads\\\/2024\\\/12\\\/image-19.png\",\"articleSection\":[\"Vagas de Emprego Nacionais\"],\"inLanguage\":\"fr-FR\"},{\"@type\":\"WebPage\",\"@id\":\"https:\\\/\\\/www.vagadeempregorj.com.br\\\/dasa-62-vagas-de-emprego-abertas-pelo-pais\\\/\",\"url\":\"https:\\\/\\\/www.vagadeempregorj.com.br\\\/dasa-62-vagas-de-emprego-abertas-pelo-pais\\\/\",\"name\":\"Dasa: 62 vagas de emprego abertas pelo pa\u00eds -\",\"isPartOf\":{\"@id\":\"https:\\\/\\\/www.vagadeempregorj.com.br\\\/#website\"},\"primaryImageOfPage\":{\"@id\":\"https:\\\/\\\/www.vagadeempregorj.com.br\\\/dasa-62-vagas-de-emprego-abertas-pelo-pais\\\/#primaryimage\"},\"image\":{\"@id\":\"https:\\\/\\\/www.vagadeempregorj.com.br\\\/dasa-62-vagas-de-emprego-abertas-pelo-pais\\\/#primaryimage\"},\"thumbnailUrl\":\"https:\\\/\\\/www.vagadeempregorj.com.br\\\/wp-content\\\/uploads\\\/2024\\\/12\\\/image-19.png\",\"datePublished\":\"2024-12-24T09:00:00+00:00\",\"author\":{\"@id\":\"https:\\\/\\\/www.vagadeempregorj.com.br\\\/#\\\/schema\\\/person\\\/3ddb19fa0539706786e502152f3aae95\"},\"description\":\"Veja em Vagas de Emprego RJ as vagas de emprego com e sem experi\u00eancia no seu Estado e Regi\u00e3o!\",\"breadcrumb\":{\"@id\":\"https:\\\/\\\/www.vagadeempregorj.com.br\\\/dasa-62-vagas-de-emprego-abertas-pelo-pais\\\/#breadcrumb\"},\"inLanguage\":\"fr-FR\",\"potentialAction\":[{\"@type\":\"ReadAction\",\"target\":[\"https:\\\/\\\/www.vagadeempregorj.com.br\\\/dasa-62-vagas-de-emprego-abertas-pelo-pais\\\/\"]}]},{\"@type\":\"ImageObject\",\"inLanguage\":\"fr-FR\",\"@id\":\"https:\\\/\\\/www.vagadeempregorj.com.br\\\/dasa-62-vagas-de-emprego-abertas-pelo-pais\\\/#primaryimage\",\"url\":\"https:\\\/\\\/www.vagadeempregorj.com.br\\\/wp-content\\\/uploads\\\/2024\\\/12\\\/image-19.png\",\"contentUrl\":\"https:\\\/\\\/www.vagadeempregorj.com.br\\\/wp-content\\\/uploads\\\/2024\\\/12\\\/image-19.png\",\"width\":857,\"height\":368,\"caption\":\"Dasa\"},{\"@type\":\"BreadcrumbList\",\"@id\":\"https:\\\/\\\/www.vagadeempregorj.com.br\\\/dasa-62-vagas-de-emprego-abertas-pelo-pais\\\/#breadcrumb\",\"itemListElement\":[{\"@type\":\"ListItem\",\"position\":1,\"name\":\"In\u00edcio\",\"item\":\"https:\\\/\\\/www.vagadeempregorj.com.br\\\/\"},{\"@type\":\"ListItem\",\"position\":2,\"name\":\"Vagas de Emprego Nacionais\",\"item\":\"https:\\\/\\\/www.vagadeempregorj.com.br\\\/vagas-de-emprego-nacionais\\\/\"},{\"@type\":\"ListItem\",\"position\":3,\"name\":\"Dasa: 62 vagas de emprego abertas pelo pa\u00eds\"}]},{\"@type\":\"WebSite\",\"@id\":\"https:\\\/\\\/www.vagadeempregorj.com.br\\\/#website\",\"url\":\"https:\\\/\\\/www.vagadeempregorj.com.br\\\/\",\"name\":\"\",\"description\":\"Conquiste Sonhos: Vagas, Benef\u00edcios e Economia para Transformar Vidas e Alcan\u00e7ar Melhorias Cotidianas\",\"potentialAction\":[{\"@type\":\"SearchAction\",\"target\":{\"@type\":\"EntryPoint\",\"urlTemplate\":\"https:\\\/\\\/www.vagadeempregorj.com.br\\\/?s={search_term_string}\"},\"query-input\":{\"@type\":\"PropertyValueSpecification\",\"valueRequired\":true,\"valueName\":\"search_term_string\"}}],\"inLanguage\":\"fr-FR\"},{\"@type\":\"Person\",\"@id\":\"https:\\\/\\\/www.vagadeempregorj.com.br\\\/#\\\/schema\\\/person\\\/3ddb19fa0539706786e502152f3aae95\",\"name\":\"Michele\",\"image\":{\"@type\":\"ImageObject\",\"inLanguage\":\"fr-FR\",\"@id\":\"https:\\\/\\\/secure.gravatar.com\\\/avatar\\\/6b0eb9d22841282815e2cd856a0061c45e1761cd54b22e952d98c4746939aa85?s=96&r=g\",\"url\":\"https:\\\/\\\/secure.gravatar.com\\\/avatar\\\/6b0eb9d22841282815e2cd856a0061c45e1761cd54b22e952d98c4746939aa85?s=96&r=g\",\"contentUrl\":\"https:\\\/\\\/secure.gravatar.com\\\/avatar\\\/6b0eb9d22841282815e2cd856a0061c45e1761cd54b22e952d98c4746939aa85?s=96&r=g\",\"caption\":\"Michele\"},\"description\":\"Formada em Letras - Portugu\u00eas\\\/ Ingl\u00eas, e idealizadora do site Escritora de Sucesso, busca expandir o conhecimento de todos com informa\u00e7\u00f5es relevantes sobre diversos assuntos, enquanto redatora. No Vaga de Emprego RJ, traz oportunidades e dicas sobre o mercado de trabalho.\",\"url\":\"https:\\\/\\\/www.vagadeempregorj.com.br\\\/fr\\\/author\\\/michele\\\/\"}]}<\/script>\n<!-- \/ Yoast SEO plugin. -->","yoast_head_json":{"title":"Dasa: 62 vagas de emprego abertas pelo pa\u00eds -","description":"Veja em Vagas de Emprego RJ as vagas de emprego com e sem experi\u00eancia no seu Estado e Regi\u00e3o!","robots":{"index":"index","follow":"follow","max-snippet":"max-snippet:-1","max-image-preview":"max-image-preview:large","max-video-preview":"max-video-preview:-1"},"canonical":"https:\/\/www.vagadeempregorj.com.br\/fr\/dasa-62-vagas-de-emprego-abertas-pelo-pais\/","og_locale":"fr_FR","og_type":"article","og_title":"Dasa: 62 vagas de emprego abertas pelo pa\u00eds -","og_description":"Veja em Vagas de Emprego RJ as vagas de emprego com e sem experi\u00eancia no seu Estado e Regi\u00e3o!","og_url":"https:\/\/www.vagadeempregorj.com.br\/fr\/dasa-62-vagas-de-emprego-abertas-pelo-pais\/","article_publisher":"https:\/\/www.facebook.com\/empregobrasiloficial","article_published_time":"2024-12-24T09:00:00+00:00","og_image":[{"width":857,"height":368,"url":"https:\/\/www.vagadeempregorj.com.br\/wp-content\/uploads\/2024\/12\/image-19.png","type":"image\/png"}],"author":"Michele","twitter_card":"summary_large_image","twitter_misc":{"Written by":"Michele","Est. reading time":"4 minutes"},"schema":{"@context":"https:\/\/schema.org","@graph":[{"@type":"Article","@id":"https:\/\/www.vagadeempregorj.com.br\/dasa-62-vagas-de-emprego-abertas-pelo-pais\/#article","isPartOf":{"@id":"https:\/\/www.vagadeempregorj.com.br\/dasa-62-vagas-de-emprego-abertas-pelo-pais\/"},"author":{"name":"Michele","@id":"https:\/\/www.vagadeempregorj.com.br\/#\/schema\/person\/3ddb19fa0539706786e502152f3aae95"},"headline":"Dasa: 62 vagas de emprego abertas pelo pa\u00eds","datePublished":"2024-12-24T09:00:00+00:00","mainEntityOfPage":{"@id":"https:\/\/www.vagadeempregorj.com.br\/dasa-62-vagas-de-emprego-abertas-pelo-pais\/"},"wordCount":858,"image":{"@id":"https:\/\/www.vagadeempregorj.com.br\/dasa-62-vagas-de-emprego-abertas-pelo-pais\/#primaryimage"},"thumbnailUrl":"https:\/\/www.vagadeempregorj.com.br\/wp-content\/uploads\/2024\/12\/image-19.png","articleSection":["Vagas de Emprego Nacionais"],"inLanguage":"fr-FR"},{"@type":"WebPage","@id":"https:\/\/www.vagadeempregorj.com.br\/dasa-62-vagas-de-emprego-abertas-pelo-pais\/","url":"https:\/\/www.vagadeempregorj.com.br\/dasa-62-vagas-de-emprego-abertas-pelo-pais\/","name":"Dasa: 62 vagas de emprego abertas pelo pa\u00eds -","isPartOf":{"@id":"https:\/\/www.vagadeempregorj.com.br\/#website"},"primaryImageOfPage":{"@id":"https:\/\/www.vagadeempregorj.com.br\/dasa-62-vagas-de-emprego-abertas-pelo-pais\/#primaryimage"},"image":{"@id":"https:\/\/www.vagadeempregorj.com.br\/dasa-62-vagas-de-emprego-abertas-pelo-pais\/#primaryimage"},"thumbnailUrl":"https:\/\/www.vagadeempregorj.com.br\/wp-content\/uploads\/2024\/12\/image-19.png","datePublished":"2024-12-24T09:00:00+00:00","author":{"@id":"https:\/\/www.vagadeempregorj.com.br\/#\/schema\/person\/3ddb19fa0539706786e502152f3aae95"},"description":"Veja em Vagas de Emprego RJ as vagas de emprego com e sem experi\u00eancia no seu Estado e Regi\u00e3o!","breadcrumb":{"@id":"https:\/\/www.vagadeempregorj.com.br\/dasa-62-vagas-de-emprego-abertas-pelo-pais\/#breadcrumb"},"inLanguage":"fr-FR","potentialAction":[{"@type":"ReadAction","target":["https:\/\/www.vagadeempregorj.com.br\/dasa-62-vagas-de-emprego-abertas-pelo-pais\/"]}]},{"@type":"ImageObject","inLanguage":"fr-FR","@id":"https:\/\/www.vagadeempregorj.com.br\/dasa-62-vagas-de-emprego-abertas-pelo-pais\/#primaryimage","url":"https:\/\/www.vagadeempregorj.com.br\/wp-content\/uploads\/2024\/12\/image-19.png","contentUrl":"https:\/\/www.vagadeempregorj.com.br\/wp-content\/uploads\/2024\/12\/image-19.png","width":857,"height":368,"caption":"Dasa"},{"@type":"BreadcrumbList","@id":"https:\/\/www.vagadeempregorj.com.br\/dasa-62-vagas-de-emprego-abertas-pelo-pais\/#breadcrumb","itemListElement":[{"@type":"ListItem","position":1,"name":"In\u00edcio","item":"https:\/\/www.vagadeempregorj.com.br\/"},{"@type":"ListItem","position":2,"name":"Vagas de Emprego Nacionais","item":"https:\/\/www.vagadeempregorj.com.br\/vagas-de-emprego-nacionais\/"},{"@type":"ListItem","position":3,"name":"Dasa: 62 vagas de emprego abertas pelo pa\u00eds"}]},{"@type":"WebSite","@id":"https:\/\/www.vagadeempregorj.com.br\/#website","url":"https:\/\/www.vagadeempregorj.com.br\/","name":"","description":"Conquiste Sonhos: Vagas, Benef\u00edcios e Economia para Transformar Vidas e Alcan\u00e7ar Melhorias Cotidianas","potentialAction":[{"@type":"SearchAction","target":{"@type":"EntryPoint","urlTemplate":"https:\/\/www.vagadeempregorj.com.br\/?s={search_term_string}"},"query-input":{"@type":"PropertyValueSpecification","valueRequired":true,"valueName":"search_term_string"}}],"inLanguage":"fr-FR"},{"@type":"Person","@id":"https:\/\/www.vagadeempregorj.com.br\/#\/schema\/person\/3ddb19fa0539706786e502152f3aae95","name":"Michele","image":{"@type":"ImageObject","inLanguage":"fr-FR","@id":"https:\/\/secure.gravatar.com\/avatar\/6b0eb9d22841282815e2cd856a0061c45e1761cd54b22e952d98c4746939aa85?s=96&r=g","url":"https:\/\/secure.gravatar.com\/avatar\/6b0eb9d22841282815e2cd856a0061c45e1761cd54b22e952d98c4746939aa85?s=96&r=g","contentUrl":"https:\/\/secure.gravatar.com\/avatar\/6b0eb9d22841282815e2cd856a0061c45e1761cd54b22e952d98c4746939aa85?s=96&r=g","caption":"Michele"},"description":"Formada em Letras - Portugu\u00eas\/ Ingl\u00eas, e idealizadora do site Escritora de Sucesso, busca expandir o conhecimento de todos com informa\u00e7\u00f5es relevantes sobre diversos assuntos, enquanto redatora. No Vaga de Emprego RJ, traz oportunidades e dicas sobre o mercado de trabalho.","url":"https:\/\/www.vagadeempregorj.com.br\/fr\/author\/michele\/"}]}},"_links":{"self":[{"href":"https:\/\/www.vagadeempregorj.com.br\/fr\/wp-json\/wp\/v2\/posts\/41646","targetHints":{"allow":["GET"]}}],"collection":[{"href":"https:\/\/www.vagadeempregorj.com.br\/fr\/wp-json\/wp\/v2\/posts"}],"about":[{"href":"https:\/\/www.vagadeempregorj.com.br\/fr\/wp-json\/wp\/v2\/types\/post"}],"author":[{"embeddable":true,"href":"https:\/\/www.vagadeempregorj.com.br\/fr\/wp-json\/wp\/v2\/users\/16"}],"replies":[{"embeddable":true,"href":"https:\/\/www.vagadeempregorj.com.br\/fr\/wp-json\/wp\/v2\/comments?post=41646"}],"version-history":[{"count":0,"href":"https:\/\/www.vagadeempregorj.com.br\/fr\/wp-json\/wp\/v2\/posts\/41646\/revisions"}],"wp:featuredmedia":[{"embeddable":true,"href":"https:\/\/www.vagadeempregorj.com.br\/fr\/wp-json\/wp\/v2\/media\/41667"}],"wp:attachment":[{"href":"https:\/\/www.vagadeempregorj.com.br\/fr\/wp-json\/wp\/v2\/media?parent=41646"}],"wp:term":[{"taxonomy":"category","embeddable":true,"href":"https:\/\/www.vagadeempregorj.com.br\/fr\/wp-json\/wp\/v2\/categories?post=41646"},{"taxonomy":"post_tag","embeddable":true,"href":"https:\/\/www.vagadeempregorj.com.br\/fr\/wp-json\/wp\/v2\/tags?post=41646"}],"curies":[{"name":"wp","href":"https:\/\/api.w.org\/{rel}","templated":true}]}}