{"id":41652,"date":"2024-12-30T06:00:00","date_gmt":"2024-12-30T09:00:00","guid":{"rendered":"https:\/\/www.vagadeempregorj.com.br\/?p=41652"},"modified":"2024-12-17T21:23:17","modified_gmt":"2024-12-18T00:23:17","slug":"leo-madeiras-60-vagas-de-emprego-abertas-pelo-pais","status":"publish","type":"post","link":"https:\/\/www.vagadeempregorj.com.br\/fr\/leo-madeiras-60-vagas-de-emprego-abertas-pelo-pais\/","title":{"rendered":"Leo Madeiras: 60 vagas de emprego abertas pelo pa\u00eds"},"content":{"rendered":"<p>A <strong>Leo Madeiras<\/strong>, conhecida como a maior distribuidora de materiais para marcenaria no Brasil, est\u00e1 com 60 vagas de emprego dispon\u00edveis em diversas regi\u00f5es. Se voc\u00ea busca crescimento profissional, estabilidade e deseja trabalhar em uma empresa que valoriza seus colaboradores, este pode ser o momento certo.<\/p>\n\n\n\n<figure class=\"wp-block-image size-full is-resized\"><img loading=\"lazy\" decoding=\"async\" width=\"620\" height=\"355\" src=\"https:\/\/www.vagadeempregorj.com.br\/wp-content\/uploads\/2024\/12\/image-22.png\" alt=\"\" class=\"wp-image-41670\" style=\"width:840px;height:auto\" srcset=\"https:\/\/www.vagadeempregorj.com.br\/wp-content\/uploads\/2024\/12\/image-22.png 620w, https:\/\/www.vagadeempregorj.com.br\/wp-content\/uploads\/2024\/12\/image-22-300x172.png 300w, https:\/\/www.vagadeempregorj.com.br\/wp-content\/uploads\/2024\/12\/image-22-150x86.png 150w\" sizes=\"auto, (max-width: 620px) 100vw, 620px\" \/><\/figure>\n\n\n\n<h2 class=\"wp-block-heading\">Quais s\u00e3o as oportunidades de carreira na Leo Madeiras?<\/h2>\n\n\n\n<p>A companhia oferece vagas que atendem a diferentes perfis profissionais. Seja voc\u00ea um vendedor experiente, um operador log\u00edstico din\u00e2mico ou um especialista administrativo, as op\u00e7\u00f5es s\u00e3o variadas. Confira algumas das principais vagas abertas:<\/p>\n\n\n\n<h3 class=\"wp-block-heading\">Vendedor(a)<\/h3>\n\n\n\n<ul class=\"wp-block-list\">\n<li><strong>O que faz:<\/strong> Atendimento a clientes, apresenta\u00e7\u00e3o de produtos e fechamento de vendas.<\/li>\n\n\n\n<li><strong>Perfil ideal:<\/strong> Habilidade de comunica\u00e7\u00e3o, conhecimento em t\u00e9cnicas de vendas e bom relacionamento interpessoal.<\/li>\n\n\n\n<li><strong>Benef\u00edcios:<\/strong> Sal\u00e1rio competitivo, comiss\u00f5es e oportunidades de crescimento dentro da empresa.<\/li>\n<\/ul>\n\n\n\n<h3 class=\"wp-block-heading\">Operador(a) de log\u00edstica<\/h3>\n\n\n\n<ul class=\"wp-block-list\">\n<li><strong>O que faz:<\/strong> Controle de estoque, separa\u00e7\u00e3o de mercadorias e organiza\u00e7\u00e3o do centro de distribui\u00e7\u00e3o.<\/li>\n\n\n\n<li><strong>Perfil ideal:<\/strong> Agilidade, aten\u00e7\u00e3o aos detalhes e experi\u00eancia em opera\u00e7\u00f5es log\u00edsticas.<\/li>\n\n\n\n<li><strong>Benef\u00edcios:<\/strong> Treinamento especializado e ambiente din\u00e2mico de trabalho.<\/li>\n<\/ul>\n\n\n\n<h3 class=\"wp-block-heading\">Assistente administrativo<\/h3>\n\n\n\n<ul class=\"wp-block-list\">\n<li><strong>O que faz:<\/strong> Apoio em rotinas administrativas, controle de documentos e atendimento interno.<\/li>\n\n\n\n<li><strong>Perfil ideal:<\/strong> Organiza\u00e7\u00e3o, habilidades com ferramentas de gest\u00e3o e capacidade de trabalho em equipe.<\/li>\n\n\n\n<li><strong>Benef\u00edcios:<\/strong> Estabilidade, plano de carreira e um ambiente corporativo acolhedor.<\/li>\n<\/ul>\n\n\n\n<h3 class=\"wp-block-heading\">Analista de marketing<\/h3>\n\n\n\n<ul class=\"wp-block-list\">\n<li><strong>O que faz:<\/strong> Cria\u00e7\u00e3o de campanhas, gest\u00e3o de redes sociais e elabora\u00e7\u00e3o de materiais publicit\u00e1rios.<\/li>\n\n\n\n<li><strong>Perfil ideal:<\/strong> Criatividade, conhecimento em ferramentas de design e capacidade de an\u00e1lise de mercado.<\/li>\n\n\n\n<li><strong>Benef\u00edcios:<\/strong> Ambiente criativo e autonomia para projetos.<\/li>\n<\/ul>\n\n\n\n<h3 class=\"wp-block-heading\">Auxiliar de vendas<\/h3>\n\n\n\n<ul class=\"wp-block-list\">\n<li><strong>O que faz<\/strong>: Suporte no atendimento ao cliente, organiza\u00e7\u00e3o de produtos e aux\u00edlio no fechamento de vendas.<\/li>\n\n\n\n<li><strong>Perfil ideal<\/strong>: Boa comunica\u00e7\u00e3o, proatividade e disposi\u00e7\u00e3o para aprender.<\/li>\n\n\n\n<li><strong>Benef\u00edcios<\/strong>: Treinamento cont\u00ednuo, oportunidade de crescimento e descontos em produtos.<\/li>\n<\/ul>\n\n\n\n<h3 class=\"wp-block-heading\">Supervisor(a) de log\u00edstica<\/h3>\n\n\n\n<ul class=\"wp-block-list\">\n<li><strong>O que faz<\/strong><em>:<\/em> Coordena\u00e7\u00e3o das opera\u00e7\u00f5es log\u00edsticas, acompanhamento de entregas e gest\u00e3o da equipe de operadores.<\/li>\n\n\n\n<li><strong>Perfil ideal<\/strong><em>:<\/em> Experi\u00eancia em gest\u00e3o de equipes, habilidades de planejamento e resolu\u00e7\u00e3o de problemas.<\/li>\n\n\n\n<li><strong>Benef\u00edcios<\/strong>: Sal\u00e1rio atrativo, plano de carreira e b\u00f4nus por metas alcan\u00e7adas.<\/li>\n<\/ul>\n\n\n\n<h3 class=\"wp-block-heading\">Coordenador(a) de recursos humanos<\/h3>\n\n\n\n<ul class=\"wp-block-list\">\n<li><strong>O que faz<\/strong>: Recrutamento e sele\u00e7\u00e3o, gest\u00e3o de benef\u00edcios e suporte aos colaboradores.<\/li>\n\n\n\n<li><strong>Perfil ideal<\/strong>: Experi\u00eancia em RH, empatia e habilidades de comunica\u00e7\u00e3o.<\/li>\n\n\n\n<li><strong>Benef\u00edcios<\/strong>: Ambiente de trabalho colaborativo, planos de sa\u00fade e odontol\u00f3gico.<\/li>\n<\/ul>\n\n\n\n<h3 class=\"wp-block-heading\">Analista financeiro<\/h3>\n\n\n\n<ul class=\"wp-block-list\">\n<li><strong>O que faz<\/strong><em>:<\/em> An\u00e1lise de fluxo de caixa, controle de contas a pagar e a receber e elabora\u00e7\u00e3o de relat\u00f3rios financeiros.<\/li>\n\n\n\n<li><strong>Perfil ideal<\/strong>: Forma\u00e7\u00e3o em Administra\u00e7\u00e3o, Economia ou \u00e1reas correlatas, aten\u00e7\u00e3o aos detalhes e capacidade anal\u00edtica.<\/li>\n\n\n\n<li><strong>Benef\u00edcios<\/strong>: Oportunidades de crescimento, participa\u00e7\u00e3o nos lucros e flexibilidade de hor\u00e1rio.<\/li>\n<\/ul>\n\n\n\n<h3 class=\"wp-block-heading\">Tecn\u00f3logo de TI<\/h3>\n\n\n\n<ul class=\"wp-block-list\">\n<li><strong>O que faz<\/strong>: Suporte t\u00e9cnico aos sistemas internos, desenvolvimento de solu\u00e7\u00f5es digitais e manuten\u00e7\u00e3o de infraestrutura de TI.<\/li>\n\n\n\n<li><strong>Perfil ideal<\/strong>: Conhecimento em programa\u00e7\u00e3o, redes e sistemas de gest\u00e3o empresarial.<\/li>\n\n\n\n<li><strong>Benef\u00edcios<\/strong>: Ambiente din\u00e2mico, trabalho remoto parcial e treinamento cont\u00ednuo.<\/li>\n<\/ul>\n\n\n\n<p>Essas vagas atendem a diferentes \u00e1reas de atua\u00e7\u00e3o, oferecendo boas oportunidades para quem deseja crescer junto com a empresa.<\/p>\n\n\n\n<h2 class=\"wp-block-heading\">Como se candidatar?<\/h2>\n\n\n\n<p>O processo para se candidatar \u00e9 simples e direto. A companhia utiliza a plataforma Gupy para gerenciar suas vagas, garantindo que o processo seja organizado e transparente.<\/p>\n\n\n\n<p>Siga o passo a passo abaixo para enviar sua candidatura:<\/p>\n\n\n\n<ul class=\"wp-block-list\">\n<li>Copie e cole o endere\u00e7o <strong>https:\/\/leomadeiras.gupy.io<\/strong> em seu navegador.<\/li>\n\n\n\n<li>Acesse a p\u00e1gina e encontre uma oportunidade que combine com seu perfil.<\/li>\n\n\n\n<li>Clique na vaga desejada e leia atentamente os requisitos e responsabilidades.<\/li>\n\n\n\n<li>Preencha o formul\u00e1rio online com suas informa\u00e7\u00f5es pessoais e profissionais.<\/li>\n\n\n\n<li>Anexe seu curr\u00edculo e envie a candidatura.<\/li>\n<\/ul>\n\n\n\n<p>Caso voc\u00ea n\u00e3o encontre uma vaga ideal no momento, \u00e9 poss\u00edvel cadastrar seu curr\u00edculo no banco de talentos. Assim, voc\u00ea ser\u00e1 considerado(a) para futuras oportunidades.<\/p>\n\n\n\n<h2 class=\"wp-block-heading\">Dicas para se destacar na candidatura<\/h2>\n\n\n\n<ul class=\"wp-block-list\">\n<li>Revise seu curr\u00edculo e certifique-se de que ele est\u00e1 atualizado.<\/li>\n\n\n\n<li>Destaque experi\u00eancias e habilidades relevantes para a vaga desejada.<\/li>\n\n\n\n<li>Escreva uma carta de apresenta\u00e7\u00e3o personalizada, mostrando por que voc\u00ea deseja trabalhar na Leo Madeiras.<\/li>\n\n\n\n<li>Responda \u00e0s perguntas da plataforma de forma clara e objetiva.<\/li>\n<\/ul>\n\n\n\n<p>A Leo Madeiras valoriza profissionais comprometidos, din\u00e2micos e com vontade de crescer. Mostre essas qualidades desde o primeiro contato.<\/p>\n\n\n\n<p>Se voc\u00ea est\u00e1 em busca de uma nova oportunidade de emprego, as vagas abertas na Leo Madeiras podem ser a chance de transformar sua carreira. A empresa \u00e9 reconhecida pela excel\u00eancia no setor e pelo cuidado com seus colaboradores, oferecendo um ambiente de trabalho estimulante e repleto de possibilidades.<\/p>\n\n\n\n<p><strong>Veja tamb\u00e9m: <a href=\"https:\/\/www.vagadeempregorj.com.br\/fr\/centauro-618-novas-vagas-de-emprego-pelo-pais\/\">Centauro: 618 novas vagas de emprego pelo pa\u00eds<\/a><\/strong><\/p>\n\n\n\n<p>30 de dezembro de 2024<\/p>","protected":false},"excerpt":{"rendered":"<p>A Leo Madeiras, conhecida como a maior distribuidora de materiais para marcenaria no Brasil, est\u00e1 com 60 vagas de emprego dispon\u00edveis em diversas regi\u00f5es. Se voc\u00ea busca crescimento profissional, estabilidade e deseja trabalhar em uma empresa que valoriza seus colaboradores, este pode ser o momento certo. Quais s\u00e3o as oportunidades de carreira na Leo Madeiras?&hellip;&nbsp;<\/p>","protected":false},"author":16,"featured_media":41670,"comment_status":"closed","ping_status":"closed","sticky":false,"template":"","format":"standard","meta":{"neve_meta_sidebar":"","neve_meta_container":"","neve_meta_enable_content_width":"","neve_meta_content_width":0,"neve_meta_title_alignment":"","neve_meta_author_avatar":"","neve_post_elements_order":"","neve_meta_disable_header":"","neve_meta_disable_footer":"","neve_meta_disable_title":"","footnotes":""},"categories":[123],"tags":[830,608],"class_list":["post-41652","post","type-post","status-publish","format-standard","has-post-thumbnail","hentry","category-vagas-de-emprego-nacionais","tag-empregos","tag-oportunidades"],"yoast_head":"<!-- This site is optimized with the Yoast SEO plugin v27.5 - https:\/\/yoast.com\/product\/yoast-seo-wordpress\/ -->\n<title>Leo Madeiras: 60 vagas de emprego abertas pelo pa\u00eds -<\/title>\n<meta name=\"description\" content=\"Veja em Vagas de Emprego RJ as vagas de emprego com e sem experi\u00eancia no seu Estado e Regi\u00e3o!\" \/>\n<meta name=\"robots\" content=\"index, follow, max-snippet:-1, max-image-preview:large, max-video-preview:-1\" \/>\n<link rel=\"canonical\" href=\"https:\/\/www.vagadeempregorj.com.br\/fr\/leo-madeiras-60-vagas-de-emprego-abertas-pelo-pais\/\" \/>\n<meta property=\"og:locale\" content=\"fr_FR\" \/>\n<meta property=\"og:type\" content=\"article\" \/>\n<meta property=\"og:title\" content=\"Leo Madeiras: 60 vagas de emprego abertas pelo pa\u00eds -\" \/>\n<meta property=\"og:description\" content=\"Veja em Vagas de Emprego RJ as vagas de emprego com e sem experi\u00eancia no seu Estado e Regi\u00e3o!\" \/>\n<meta property=\"og:url\" content=\"https:\/\/www.vagadeempregorj.com.br\/fr\/leo-madeiras-60-vagas-de-emprego-abertas-pelo-pais\/\" \/>\n<meta property=\"article:publisher\" content=\"https:\/\/www.facebook.com\/empregobrasiloficial\" \/>\n<meta property=\"article:published_time\" content=\"2024-12-30T09:00:00+00:00\" \/>\n<meta property=\"og:image\" content=\"https:\/\/www.vagadeempregorj.com.br\/wp-content\/uploads\/2024\/12\/image-22.png\" \/>\n\t<meta property=\"og:image:width\" content=\"620\" \/>\n\t<meta property=\"og:image:height\" content=\"355\" \/>\n\t<meta property=\"og:image:type\" content=\"image\/png\" \/>\n<meta name=\"author\" content=\"Michele\" \/>\n<meta name=\"twitter:card\" content=\"summary_large_image\" \/>\n<meta name=\"twitter:label1\" content=\"Written by\" \/>\n\t<meta name=\"twitter:data1\" content=\"Michele\" \/>\n\t<meta name=\"twitter:label2\" content=\"Est. reading time\" \/>\n\t<meta name=\"twitter:data2\" content=\"4 minutes\" \/>\n<script type=\"application\/ld+json\" class=\"yoast-schema-graph\">{\"@context\":\"https:\\\/\\\/schema.org\",\"@graph\":[{\"@type\":\"Article\",\"@id\":\"https:\\\/\\\/www.vagadeempregorj.com.br\\\/leo-madeiras-60-vagas-de-emprego-abertas-pelo-pais\\\/#article\",\"isPartOf\":{\"@id\":\"https:\\\/\\\/www.vagadeempregorj.com.br\\\/leo-madeiras-60-vagas-de-emprego-abertas-pelo-pais\\\/\"},\"author\":{\"name\":\"Michele\",\"@id\":\"https:\\\/\\\/www.vagadeempregorj.com.br\\\/#\\\/schema\\\/person\\\/3ddb19fa0539706786e502152f3aae95\"},\"headline\":\"Leo Madeiras: 60 vagas de emprego abertas pelo pa\u00eds\",\"datePublished\":\"2024-12-30T09:00:00+00:00\",\"mainEntityOfPage\":{\"@id\":\"https:\\\/\\\/www.vagadeempregorj.com.br\\\/leo-madeiras-60-vagas-de-emprego-abertas-pelo-pais\\\/\"},\"wordCount\":821,\"image\":{\"@id\":\"https:\\\/\\\/www.vagadeempregorj.com.br\\\/leo-madeiras-60-vagas-de-emprego-abertas-pelo-pais\\\/#primaryimage\"},\"thumbnailUrl\":\"https:\\\/\\\/www.vagadeempregorj.com.br\\\/wp-content\\\/uploads\\\/2024\\\/12\\\/image-22.png\",\"keywords\":[\"empregos\",\"oportunidades\"],\"articleSection\":[\"Vagas de Emprego Nacionais\"],\"inLanguage\":\"fr-FR\"},{\"@type\":\"WebPage\",\"@id\":\"https:\\\/\\\/www.vagadeempregorj.com.br\\\/leo-madeiras-60-vagas-de-emprego-abertas-pelo-pais\\\/\",\"url\":\"https:\\\/\\\/www.vagadeempregorj.com.br\\\/leo-madeiras-60-vagas-de-emprego-abertas-pelo-pais\\\/\",\"name\":\"Leo Madeiras: 60 vagas de emprego abertas pelo pa\u00eds -\",\"isPartOf\":{\"@id\":\"https:\\\/\\\/www.vagadeempregorj.com.br\\\/#website\"},\"primaryImageOfPage\":{\"@id\":\"https:\\\/\\\/www.vagadeempregorj.com.br\\\/leo-madeiras-60-vagas-de-emprego-abertas-pelo-pais\\\/#primaryimage\"},\"image\":{\"@id\":\"https:\\\/\\\/www.vagadeempregorj.com.br\\\/leo-madeiras-60-vagas-de-emprego-abertas-pelo-pais\\\/#primaryimage\"},\"thumbnailUrl\":\"https:\\\/\\\/www.vagadeempregorj.com.br\\\/wp-content\\\/uploads\\\/2024\\\/12\\\/image-22.png\",\"datePublished\":\"2024-12-30T09:00:00+00:00\",\"author\":{\"@id\":\"https:\\\/\\\/www.vagadeempregorj.com.br\\\/#\\\/schema\\\/person\\\/3ddb19fa0539706786e502152f3aae95\"},\"description\":\"Veja em Vagas de Emprego RJ as vagas de emprego com e sem experi\u00eancia no seu Estado e Regi\u00e3o!\",\"breadcrumb\":{\"@id\":\"https:\\\/\\\/www.vagadeempregorj.com.br\\\/leo-madeiras-60-vagas-de-emprego-abertas-pelo-pais\\\/#breadcrumb\"},\"inLanguage\":\"fr-FR\",\"potentialAction\":[{\"@type\":\"ReadAction\",\"target\":[\"https:\\\/\\\/www.vagadeempregorj.com.br\\\/leo-madeiras-60-vagas-de-emprego-abertas-pelo-pais\\\/\"]}]},{\"@type\":\"ImageObject\",\"inLanguage\":\"fr-FR\",\"@id\":\"https:\\\/\\\/www.vagadeempregorj.com.br\\\/leo-madeiras-60-vagas-de-emprego-abertas-pelo-pais\\\/#primaryimage\",\"url\":\"https:\\\/\\\/www.vagadeempregorj.com.br\\\/wp-content\\\/uploads\\\/2024\\\/12\\\/image-22.png\",\"contentUrl\":\"https:\\\/\\\/www.vagadeempregorj.com.br\\\/wp-content\\\/uploads\\\/2024\\\/12\\\/image-22.png\",\"width\":620,\"height\":355,\"caption\":\"Leo Madeiras\"},{\"@type\":\"BreadcrumbList\",\"@id\":\"https:\\\/\\\/www.vagadeempregorj.com.br\\\/leo-madeiras-60-vagas-de-emprego-abertas-pelo-pais\\\/#breadcrumb\",\"itemListElement\":[{\"@type\":\"ListItem\",\"position\":1,\"name\":\"In\u00edcio\",\"item\":\"https:\\\/\\\/www.vagadeempregorj.com.br\\\/\"},{\"@type\":\"ListItem\",\"position\":2,\"name\":\"Vagas de Emprego Nacionais\",\"item\":\"https:\\\/\\\/www.vagadeempregorj.com.br\\\/vagas-de-emprego-nacionais\\\/\"},{\"@type\":\"ListItem\",\"position\":3,\"name\":\"Leo Madeiras: 60 vagas de emprego abertas pelo pa\u00eds\"}]},{\"@type\":\"WebSite\",\"@id\":\"https:\\\/\\\/www.vagadeempregorj.com.br\\\/#website\",\"url\":\"https:\\\/\\\/www.vagadeempregorj.com.br\\\/\",\"name\":\"\",\"description\":\"Conquiste Sonhos: Vagas, Benef\u00edcios e Economia para Transformar Vidas e Alcan\u00e7ar Melhorias Cotidianas\",\"potentialAction\":[{\"@type\":\"SearchAction\",\"target\":{\"@type\":\"EntryPoint\",\"urlTemplate\":\"https:\\\/\\\/www.vagadeempregorj.com.br\\\/?s={search_term_string}\"},\"query-input\":{\"@type\":\"PropertyValueSpecification\",\"valueRequired\":true,\"valueName\":\"search_term_string\"}}],\"inLanguage\":\"fr-FR\"},{\"@type\":\"Person\",\"@id\":\"https:\\\/\\\/www.vagadeempregorj.com.br\\\/#\\\/schema\\\/person\\\/3ddb19fa0539706786e502152f3aae95\",\"name\":\"Michele\",\"image\":{\"@type\":\"ImageObject\",\"inLanguage\":\"fr-FR\",\"@id\":\"https:\\\/\\\/secure.gravatar.com\\\/avatar\\\/6b0eb9d22841282815e2cd856a0061c45e1761cd54b22e952d98c4746939aa85?s=96&r=g\",\"url\":\"https:\\\/\\\/secure.gravatar.com\\\/avatar\\\/6b0eb9d22841282815e2cd856a0061c45e1761cd54b22e952d98c4746939aa85?s=96&r=g\",\"contentUrl\":\"https:\\\/\\\/secure.gravatar.com\\\/avatar\\\/6b0eb9d22841282815e2cd856a0061c45e1761cd54b22e952d98c4746939aa85?s=96&r=g\",\"caption\":\"Michele\"},\"description\":\"Formada em Letras - Portugu\u00eas\\\/ Ingl\u00eas, e idealizadora do site Escritora de Sucesso, busca expandir o conhecimento de todos com informa\u00e7\u00f5es relevantes sobre diversos assuntos, enquanto redatora. No Vaga de Emprego RJ, traz oportunidades e dicas sobre o mercado de trabalho.\",\"url\":\"https:\\\/\\\/www.vagadeempregorj.com.br\\\/fr\\\/author\\\/michele\\\/\"}]}<\/script>\n<!-- \/ Yoast SEO plugin. -->","yoast_head_json":{"title":"Leo Madeiras: 60 vagas de emprego abertas pelo pa\u00eds -","description":"Veja em Vagas de Emprego RJ as vagas de emprego com e sem experi\u00eancia no seu Estado e Regi\u00e3o!","robots":{"index":"index","follow":"follow","max-snippet":"max-snippet:-1","max-image-preview":"max-image-preview:large","max-video-preview":"max-video-preview:-1"},"canonical":"https:\/\/www.vagadeempregorj.com.br\/fr\/leo-madeiras-60-vagas-de-emprego-abertas-pelo-pais\/","og_locale":"fr_FR","og_type":"article","og_title":"Leo Madeiras: 60 vagas de emprego abertas pelo pa\u00eds -","og_description":"Veja em Vagas de Emprego RJ as vagas de emprego com e sem experi\u00eancia no seu Estado e Regi\u00e3o!","og_url":"https:\/\/www.vagadeempregorj.com.br\/fr\/leo-madeiras-60-vagas-de-emprego-abertas-pelo-pais\/","article_publisher":"https:\/\/www.facebook.com\/empregobrasiloficial","article_published_time":"2024-12-30T09:00:00+00:00","og_image":[{"width":620,"height":355,"url":"https:\/\/www.vagadeempregorj.com.br\/wp-content\/uploads\/2024\/12\/image-22.png","type":"image\/png"}],"author":"Michele","twitter_card":"summary_large_image","twitter_misc":{"Written by":"Michele","Est. reading time":"4 minutes"},"schema":{"@context":"https:\/\/schema.org","@graph":[{"@type":"Article","@id":"https:\/\/www.vagadeempregorj.com.br\/leo-madeiras-60-vagas-de-emprego-abertas-pelo-pais\/#article","isPartOf":{"@id":"https:\/\/www.vagadeempregorj.com.br\/leo-madeiras-60-vagas-de-emprego-abertas-pelo-pais\/"},"author":{"name":"Michele","@id":"https:\/\/www.vagadeempregorj.com.br\/#\/schema\/person\/3ddb19fa0539706786e502152f3aae95"},"headline":"Leo Madeiras: 60 vagas de emprego abertas pelo pa\u00eds","datePublished":"2024-12-30T09:00:00+00:00","mainEntityOfPage":{"@id":"https:\/\/www.vagadeempregorj.com.br\/leo-madeiras-60-vagas-de-emprego-abertas-pelo-pais\/"},"wordCount":821,"image":{"@id":"https:\/\/www.vagadeempregorj.com.br\/leo-madeiras-60-vagas-de-emprego-abertas-pelo-pais\/#primaryimage"},"thumbnailUrl":"https:\/\/www.vagadeempregorj.com.br\/wp-content\/uploads\/2024\/12\/image-22.png","keywords":["empregos","oportunidades"],"articleSection":["Vagas de Emprego Nacionais"],"inLanguage":"fr-FR"},{"@type":"WebPage","@id":"https:\/\/www.vagadeempregorj.com.br\/leo-madeiras-60-vagas-de-emprego-abertas-pelo-pais\/","url":"https:\/\/www.vagadeempregorj.com.br\/leo-madeiras-60-vagas-de-emprego-abertas-pelo-pais\/","name":"Leo Madeiras: 60 vagas de emprego abertas pelo pa\u00eds -","isPartOf":{"@id":"https:\/\/www.vagadeempregorj.com.br\/#website"},"primaryImageOfPage":{"@id":"https:\/\/www.vagadeempregorj.com.br\/leo-madeiras-60-vagas-de-emprego-abertas-pelo-pais\/#primaryimage"},"image":{"@id":"https:\/\/www.vagadeempregorj.com.br\/leo-madeiras-60-vagas-de-emprego-abertas-pelo-pais\/#primaryimage"},"thumbnailUrl":"https:\/\/www.vagadeempregorj.com.br\/wp-content\/uploads\/2024\/12\/image-22.png","datePublished":"2024-12-30T09:00:00+00:00","author":{"@id":"https:\/\/www.vagadeempregorj.com.br\/#\/schema\/person\/3ddb19fa0539706786e502152f3aae95"},"description":"Veja em Vagas de Emprego RJ as vagas de emprego com e sem experi\u00eancia no seu Estado e Regi\u00e3o!","breadcrumb":{"@id":"https:\/\/www.vagadeempregorj.com.br\/leo-madeiras-60-vagas-de-emprego-abertas-pelo-pais\/#breadcrumb"},"inLanguage":"fr-FR","potentialAction":[{"@type":"ReadAction","target":["https:\/\/www.vagadeempregorj.com.br\/leo-madeiras-60-vagas-de-emprego-abertas-pelo-pais\/"]}]},{"@type":"ImageObject","inLanguage":"fr-FR","@id":"https:\/\/www.vagadeempregorj.com.br\/leo-madeiras-60-vagas-de-emprego-abertas-pelo-pais\/#primaryimage","url":"https:\/\/www.vagadeempregorj.com.br\/wp-content\/uploads\/2024\/12\/image-22.png","contentUrl":"https:\/\/www.vagadeempregorj.com.br\/wp-content\/uploads\/2024\/12\/image-22.png","width":620,"height":355,"caption":"Leo Madeiras"},{"@type":"BreadcrumbList","@id":"https:\/\/www.vagadeempregorj.com.br\/leo-madeiras-60-vagas-de-emprego-abertas-pelo-pais\/#breadcrumb","itemListElement":[{"@type":"ListItem","position":1,"name":"In\u00edcio","item":"https:\/\/www.vagadeempregorj.com.br\/"},{"@type":"ListItem","position":2,"name":"Vagas de Emprego Nacionais","item":"https:\/\/www.vagadeempregorj.com.br\/vagas-de-emprego-nacionais\/"},{"@type":"ListItem","position":3,"name":"Leo Madeiras: 60 vagas de emprego abertas pelo pa\u00eds"}]},{"@type":"WebSite","@id":"https:\/\/www.vagadeempregorj.com.br\/#website","url":"https:\/\/www.vagadeempregorj.com.br\/","name":"","description":"Conquiste Sonhos: Vagas, Benef\u00edcios e Economia para Transformar Vidas e Alcan\u00e7ar Melhorias Cotidianas","potentialAction":[{"@type":"SearchAction","target":{"@type":"EntryPoint","urlTemplate":"https:\/\/www.vagadeempregorj.com.br\/?s={search_term_string}"},"query-input":{"@type":"PropertyValueSpecification","valueRequired":true,"valueName":"search_term_string"}}],"inLanguage":"fr-FR"},{"@type":"Person","@id":"https:\/\/www.vagadeempregorj.com.br\/#\/schema\/person\/3ddb19fa0539706786e502152f3aae95","name":"Michele","image":{"@type":"ImageObject","inLanguage":"fr-FR","@id":"https:\/\/secure.gravatar.com\/avatar\/6b0eb9d22841282815e2cd856a0061c45e1761cd54b22e952d98c4746939aa85?s=96&r=g","url":"https:\/\/secure.gravatar.com\/avatar\/6b0eb9d22841282815e2cd856a0061c45e1761cd54b22e952d98c4746939aa85?s=96&r=g","contentUrl":"https:\/\/secure.gravatar.com\/avatar\/6b0eb9d22841282815e2cd856a0061c45e1761cd54b22e952d98c4746939aa85?s=96&r=g","caption":"Michele"},"description":"Formada em Letras - Portugu\u00eas\/ Ingl\u00eas, e idealizadora do site Escritora de Sucesso, busca expandir o conhecimento de todos com informa\u00e7\u00f5es relevantes sobre diversos assuntos, enquanto redatora. No Vaga de Emprego RJ, traz oportunidades e dicas sobre o mercado de trabalho.","url":"https:\/\/www.vagadeempregorj.com.br\/fr\/author\/michele\/"}]}},"_links":{"self":[{"href":"https:\/\/www.vagadeempregorj.com.br\/fr\/wp-json\/wp\/v2\/posts\/41652","targetHints":{"allow":["GET"]}}],"collection":[{"href":"https:\/\/www.vagadeempregorj.com.br\/fr\/wp-json\/wp\/v2\/posts"}],"about":[{"href":"https:\/\/www.vagadeempregorj.com.br\/fr\/wp-json\/wp\/v2\/types\/post"}],"author":[{"embeddable":true,"href":"https:\/\/www.vagadeempregorj.com.br\/fr\/wp-json\/wp\/v2\/users\/16"}],"replies":[{"embeddable":true,"href":"https:\/\/www.vagadeempregorj.com.br\/fr\/wp-json\/wp\/v2\/comments?post=41652"}],"version-history":[{"count":0,"href":"https:\/\/www.vagadeempregorj.com.br\/fr\/wp-json\/wp\/v2\/posts\/41652\/revisions"}],"wp:featuredmedia":[{"embeddable":true,"href":"https:\/\/www.vagadeempregorj.com.br\/fr\/wp-json\/wp\/v2\/media\/41670"}],"wp:attachment":[{"href":"https:\/\/www.vagadeempregorj.com.br\/fr\/wp-json\/wp\/v2\/media?parent=41652"}],"wp:term":[{"taxonomy":"category","embeddable":true,"href":"https:\/\/www.vagadeempregorj.com.br\/fr\/wp-json\/wp\/v2\/categories?post=41652"},{"taxonomy":"post_tag","embeddable":true,"href":"https:\/\/www.vagadeempregorj.com.br\/fr\/wp-json\/wp\/v2\/tags?post=41652"}],"curies":[{"name":"wp","href":"https:\/\/api.w.org\/{rel}","templated":true}]}}