{"id":41654,"date":"2025-01-01T06:00:00","date_gmt":"2025-01-01T09:00:00","guid":{"rendered":"https:\/\/www.vagadeempregorj.com.br\/?p=41654"},"modified":"2024-12-17T21:23:19","modified_gmt":"2024-12-18T00:23:19","slug":"oba-hortifruti-238-vagas-de-emprego-abertas-pelo-pais","status":"publish","type":"post","link":"https:\/\/www.vagadeempregorj.com.br\/fr\/oba-hortifruti-238-vagas-de-emprego-abertas-pelo-pais\/","title":{"rendered":"Oba Hortifruti: 238 vagas de emprego abertas pelo pa\u00eds"},"content":{"rendered":"<p>A <strong>Oba Hortifruti<\/strong>, uma das maiores redes de hortifruti do Brasil, est\u00e1 com 238 vagas de emprego abertas em diversas regi\u00f5es do pa\u00eds. Essa \u00e9 uma chance imperd\u00edvel para quem busca estabilidade, crescimento e um ambiente de trabalho que valoriza o colaborador. Al\u00e9m disso, a empresa \u00e9 conhecida por sua cultura organizacional que incentiva o desenvolvimento pessoal e profissional.<\/p>\n\n\n\n<figure class=\"wp-block-image size-full is-resized\"><img loading=\"lazy\" decoding=\"async\" width=\"700\" height=\"400\" src=\"https:\/\/www.vagadeempregorj.com.br\/wp-content\/uploads\/2024\/12\/image-23.png\" alt=\"\" class=\"wp-image-41671\" style=\"width:840px;height:auto\" srcset=\"https:\/\/www.vagadeempregorj.com.br\/wp-content\/uploads\/2024\/12\/image-23.png 700w, https:\/\/www.vagadeempregorj.com.br\/wp-content\/uploads\/2024\/12\/image-23-300x171.png 300w, https:\/\/www.vagadeempregorj.com.br\/wp-content\/uploads\/2024\/12\/image-23-150x86.png 150w\" sizes=\"auto, (max-width: 700px) 100vw, 700px\" \/><\/figure>\n\n\n\n<h2 class=\"wp-block-heading\">Quais s\u00e3o as oportunidades de carreira na Oba Hortifruti?<\/h2>\n\n\n\n<p>A Oba Hortifruti oferece vagas para diferentes n\u00edveis de experi\u00eancia, desde fun\u00e7\u00f5es operacionais at\u00e9 cargos de lideran\u00e7a. Confira algumas das principais oportunidades abertas:<\/p>\n\n\n\n<h3 class=\"wp-block-heading\">Vendedor de loja<\/h3>\n\n\n\n<p>Como vendedor, voc\u00ea ser\u00e1 respons\u00e1vel por atender os clientes, oferecer produtos e ajudar a tornar a experi\u00eancia de compra mais agrad\u00e1vel. Esse cargo \u00e9 ideal para quem tem facilidade em lidar com pessoas e gosta de trabalhar em equipe.<\/p>\n\n\n\n<p><strong>Requisitos principais:<\/strong><\/p>\n\n\n\n<ul class=\"wp-block-list\">\n<li>Boa comunica\u00e7\u00e3o.<\/li>\n\n\n\n<li>Experi\u00eancia pr\u00e9via em vendas (desej\u00e1vel).<\/li>\n\n\n\n<li>Disponibilidade para trabalhar em diferentes turnos.<\/li>\n<\/ul>\n\n\n\n<h3 class=\"wp-block-heading\">Repositor de mercadorias<\/h3>\n\n\n\n<p>Nesta fun\u00e7\u00e3o, voc\u00ea cuidar\u00e1 da organiza\u00e7\u00e3o e reposi\u00e7\u00e3o dos produtos nas prateleiras, garantindo que tudo esteja sempre em perfeito estado para os clientes.<\/p>\n\n\n\n<p><strong>Requisitos principais:<\/strong><\/p>\n\n\n\n<ul class=\"wp-block-list\">\n<li>Aten\u00e7\u00e3o aos detalhes.<\/li>\n\n\n\n<li>Agilidade e proatividade.<\/li>\n\n\n\n<li>Disponibilidade para trabalhar em p\u00e9 e realizar tarefas manuais.<\/li>\n<\/ul>\n\n\n\n<h3 class=\"wp-block-heading\">Operador de caixa<\/h3>\n\n\n\n<p>Voc\u00ea ser\u00e1 o rosto final da experi\u00eancia do cliente na loja, lidando com pagamentos e oferecendo um atendimento cordial.<\/p>\n\n\n\n<p><strong>Requisitos principais:<\/strong><\/p>\n\n\n\n<ul class=\"wp-block-list\">\n<li>Agilidade no manuseio de sistemas de caixa.<\/li>\n\n\n\n<li>Simpatia e paci\u00eancia para atender clientes.<\/li>\n\n\n\n<li>Experi\u00eancia em opera\u00e7\u00f5es de caixa (desej\u00e1vel).<\/li>\n<\/ul>\n\n\n\n<h3 class=\"wp-block-heading\">Auxiliar de produ\u00e7\u00e3o<\/h3>\n\n\n\n<p>Para quem gosta de atividades nos bastidores, essa \u00e9 uma \u00f3tima op\u00e7\u00e3o. Voc\u00ea participar\u00e1 do preparo e organiza\u00e7\u00e3o de alimentos, garantindo que os produtos estejam sempre frescos e de qualidade.<\/p>\n\n\n\n<p><strong>Requisitos principais:<\/strong><\/p>\n\n\n\n<ul class=\"wp-block-list\">\n<li>Experi\u00eancia em manuseio de alimentos (um diferencial).<\/li>\n\n\n\n<li>Aten\u00e7\u00e3o \u00e0 higieniza\u00e7\u00e3o e qualidade.<\/li>\n\n\n\n<li>Disponibilidade para turnos variados.<\/li>\n<\/ul>\n\n\n\n<h3 class=\"wp-block-heading\">Supervisor de loja<\/h3>\n\n\n\n<p>Esse cargo \u00e9 voltado para quem tem experi\u00eancia em lideran\u00e7a e quer atuar coordenando equipes e processos dentro das lojas.<\/p>\n\n\n\n<p><strong>Requisitos principais:<\/strong><\/p>\n\n\n\n<ul class=\"wp-block-list\">\n<li>Experi\u00eancia comprovada em gest\u00e3o de equipes.<\/li>\n\n\n\n<li>Perfil din\u00e2mico e organizado.<\/li>\n\n\n\n<li>Habilidade para resolver conflitos e tomar decis\u00f5es r\u00e1pidas.<\/li>\n<\/ul>\n\n\n\n<h3 class=\"wp-block-heading\">Analista de log\u00edstica<\/h3>\n\n\n\n<p>Se voc\u00ea tem forma\u00e7\u00e3o ou experi\u00eancia na \u00e1rea de log\u00edstica, esse cargo \u00e9 uma excelente oportunidade para atuar nos bastidores, garantindo que os produtos cheguem com qualidade e dentro do prazo.<\/p>\n\n\n\n<p><strong>Requisitos principais:<\/strong><\/p>\n\n\n\n<ul class=\"wp-block-list\">\n<li>Conhecimento em log\u00edstica e cadeia de suprimentos.<\/li>\n\n\n\n<li>Dom\u00ednio de ferramentas como Excel.<\/li>\n\n\n\n<li>Experi\u00eancia pr\u00e9via em fun\u00e7\u00f5es similares.<\/li>\n<\/ul>\n\n\n\n<h3 class=\"wp-block-heading\">Gestor de RH<\/h3>\n\n\n\n<p>Respons\u00e1vel por coordenar as a\u00e7\u00f5es relacionadas a recrutamento, treinamento e desenvolvimento de pessoas, al\u00e9m de cuidar do clima organizacional e dos processos de gest\u00e3o de desempenho.<\/p>\n\n\n\n<p><strong>Requisitos principais:<\/strong><\/p>\n\n\n\n<ul class=\"wp-block-list\">\n<li>Forma\u00e7\u00e3o em Psicologia, Administra\u00e7\u00e3o ou \u00e1reas correlatas.<\/li>\n\n\n\n<li>Experi\u00eancia na \u00e1rea de Recursos Humanos.<\/li>\n\n\n\n<li>Habilidade em conduzir entrevistas e processos seletivos.<\/li>\n\n\n\n<li>Facilidade para lidar com quest\u00f5es relacionadas a pessoal e engajamento.<\/li>\n<\/ul>\n\n\n\n<h3 class=\"wp-block-heading\">Assistente Administrativo<\/h3>\n\n\n\n<p>Voc\u00ea auxiliar\u00e1 nas tarefas administrativas do dia a dia da loja ou da central de distribui\u00e7\u00e3o, mantendo o fluxo de trabalho organizado e eficiente.<\/p>\n\n\n\n<p><strong>Requisitos principais:<\/strong><\/p>\n\n\n\n<ul class=\"wp-block-list\">\n<li>Conhecimento b\u00e1sico de rotinas administrativas.<\/li>\n\n\n\n<li>Organiza\u00e7\u00e3o e proatividade.<\/li>\n\n\n\n<li>Boa comunica\u00e7\u00e3o e habilidade para trabalhar com sistemas de gest\u00e3o.<\/li>\n<\/ul>\n\n\n\n<h3 class=\"wp-block-heading\">Coordenador de Marketing<\/h3>\n\n\n\n<p>Atuar\u00e1 no planejamento e execu\u00e7\u00e3o de estrat\u00e9gias de marketing e campanhas publicit\u00e1rias, visando aumentar a visibilidade da marca e atrair mais clientes.<\/p>\n\n\n\n<p><strong>Requisitos principais:<\/strong><\/p>\n\n\n\n<ul class=\"wp-block-list\">\n<li>Forma\u00e7\u00e3o em Marketing ou \u00e1reas afins.<\/li>\n\n\n\n<li>Experi\u00eancia em gest\u00e3o de campanhas e redes sociais.<\/li>\n\n\n\n<li>Criatividade e foco em resultados.<\/li>\n<\/ul>\n\n\n\n<h3 class=\"wp-block-heading\">Encarregado de Estoque<\/h3>\n\n\n\n<p>Respons\u00e1vel pela organiza\u00e7\u00e3o e controle do estoque da loja, al\u00e9m de coordenar a reposi\u00e7\u00e3o de mercadorias e a confer\u00eancia de produtos.<\/p>\n\n\n\n<p><strong>Requisitos principais:<\/strong><\/p>\n\n\n\n<ul class=\"wp-block-list\">\n<li>Experi\u00eancia em controle de estoque.<\/li>\n\n\n\n<li>Habilidade em gest\u00e3o de invent\u00e1rio.<\/li>\n\n\n\n<li>Capacidade de lideran\u00e7a e organiza\u00e7\u00e3o.<\/li>\n<\/ul>\n\n\n\n<h3 class=\"wp-block-heading\">Chefe de Cozinha<\/h3>\n\n\n\n<p>Para quem tem experi\u00eancia culin\u00e1ria e gosta de liderar equipes, esse cargo envolve a coordena\u00e7\u00e3o da produ\u00e7\u00e3o de alimentos, garantindo qualidade e padroniza\u00e7\u00e3o.<\/p>\n\n\n\n<p><strong>Requisitos principais:<\/strong><\/p>\n\n\n\n<ul class=\"wp-block-list\">\n<li>Forma\u00e7\u00e3o em Gastronomia.<\/li>\n\n\n\n<li>Experi\u00eancia em lideran\u00e7a de cozinha.<\/li>\n\n\n\n<li>Capacidade de trabalhar sob press\u00e3o e foco na qualidade.<\/li>\n<\/ul>\n\n\n\n<h3 class=\"wp-block-heading\">Analista de TI<\/h3>\n\n\n\n<p>Se voc\u00ea tem conhecimentos em tecnologia, esse cargo \u00e9 ideal para apoiar a infraestrutura de sistemas e garantir o bom funcionamento de todos os processos tecnol\u00f3gicos da empresa.<\/p>\n\n\n\n<p><strong>Requisitos principais:<\/strong><\/p>\n\n\n\n<ul class=\"wp-block-list\">\n<li>Forma\u00e7\u00e3o em Tecnologia da Informa\u00e7\u00e3o ou \u00e1reas afins.<\/li>\n\n\n\n<li>Experi\u00eancia com manuten\u00e7\u00e3o de sistemas e suporte t\u00e9cnico.<\/li>\n\n\n\n<li>Conhecimento em ferramentas de seguran\u00e7a da informa\u00e7\u00e3o.<\/li>\n<\/ul>\n\n\n\n<h2 class=\"wp-block-heading\">Como se candidatar?<\/h2>\n\n\n\n<p>Agora que voc\u00ea conheceu as oportunidades, vamos ao passo a passo para se candidatar. O processo \u00e9 simples e r\u00e1pido. Veja como:<\/p>\n\n\n\n<ul class=\"wp-block-list\">\n<li>Copie e cole o endere\u00e7o <strong>https:\/\/obahortifruti.gupy.io<\/strong> em seu navegador.<\/li>\n\n\n\n<li>Acesse a p\u00e1gina e encontre uma oportunidade que combine com seu perfil.<\/li>\n\n\n\n<li>Leia com aten\u00e7\u00e3o os requisitos da vaga.<\/li>\n\n\n\n<li>Clique em <strong>Candidatar-se<\/strong> e preencha o formul\u00e1rio com suas informa\u00e7\u00f5es pessoais e profissionais.<\/li>\n\n\n\n<li>Anexe seu curr\u00edculo atualizado.<\/li>\n<\/ul>\n\n\n\n<h2 class=\"wp-block-heading\">Por que trabalhar na Oba Hortifruti?<\/h2>\n\n\n\n<p>Al\u00e9m de oferecer um ambiente din\u00e2mico e cheio de aprendizado, a companhia tem um compromisso com o bem-estar de seus colaboradores. A empresa promove treinamentos frequentes, planos de carreira e oferece benef\u00edcios que fazem toda a diferen\u00e7a no dia a dia, como vale-alimenta\u00e7\u00e3o, plano de sa\u00fade e descontos em produtos.<\/p>\n\n\n\n<p><strong>Veja tamb\u00e9m: <a href=\"https:\/\/www.vagadeempregorj.com.br\/fr\/centauro-618-novas-vagas-de-emprego-pelo-pais\/\">Centauro: 618 novas vagas de emprego pelo pa\u00eds<\/a><\/strong><\/p>\n\n\n\n<p>1 de janeiro de 2025<\/p>","protected":false},"excerpt":{"rendered":"<p>A Oba Hortifruti, uma das maiores redes de hortifruti do Brasil, est\u00e1 com 238 vagas de emprego abertas em diversas regi\u00f5es do pa\u00eds. Essa \u00e9 uma chance imperd\u00edvel para quem busca estabilidade, crescimento e um ambiente de trabalho que valoriza o colaborador. Al\u00e9m disso, a empresa \u00e9 conhecida por sua cultura organizacional que incentiva o&hellip;&nbsp;<\/p>","protected":false},"author":16,"featured_media":41671,"comment_status":"closed","ping_status":"closed","sticky":false,"template":"","format":"standard","meta":{"neve_meta_sidebar":"","neve_meta_container":"","neve_meta_enable_content_width":"","neve_meta_content_width":0,"neve_meta_title_alignment":"","neve_meta_author_avatar":"","neve_post_elements_order":"","neve_meta_disable_header":"","neve_meta_disable_footer":"","neve_meta_disable_title":"","footnotes":""},"categories":[123],"tags":[830,608],"class_list":["post-41654","post","type-post","status-publish","format-standard","has-post-thumbnail","hentry","category-vagas-de-emprego-nacionais","tag-empregos","tag-oportunidades"],"yoast_head":"<!-- This site is optimized with the Yoast SEO plugin v27.5 - https:\/\/yoast.com\/product\/yoast-seo-wordpress\/ -->\n<title>Oba Hortifruti: 238 vagas de emprego abertas pelo pa\u00eds -<\/title>\n<meta name=\"description\" content=\"Veja em Vagas de Emprego RJ as vagas de emprego com e sem experi\u00eancia no seu Estado e Regi\u00e3o!\" \/>\n<meta name=\"robots\" content=\"index, follow, max-snippet:-1, max-image-preview:large, max-video-preview:-1\" \/>\n<link rel=\"canonical\" href=\"https:\/\/www.vagadeempregorj.com.br\/fr\/oba-hortifruti-238-vagas-de-emprego-abertas-pelo-pais\/\" \/>\n<meta property=\"og:locale\" content=\"fr_FR\" \/>\n<meta property=\"og:type\" content=\"article\" \/>\n<meta property=\"og:title\" content=\"Oba Hortifruti: 238 vagas de emprego abertas pelo pa\u00eds -\" \/>\n<meta property=\"og:description\" content=\"Veja em Vagas de Emprego RJ as vagas de emprego com e sem experi\u00eancia no seu Estado e Regi\u00e3o!\" \/>\n<meta property=\"og:url\" content=\"https:\/\/www.vagadeempregorj.com.br\/fr\/oba-hortifruti-238-vagas-de-emprego-abertas-pelo-pais\/\" \/>\n<meta property=\"article:publisher\" content=\"https:\/\/www.facebook.com\/empregobrasiloficial\" \/>\n<meta property=\"article:published_time\" content=\"2025-01-01T09:00:00+00:00\" \/>\n<meta property=\"og:image\" content=\"https:\/\/www.vagadeempregorj.com.br\/wp-content\/uploads\/2024\/12\/image-23.png\" \/>\n\t<meta property=\"og:image:width\" content=\"700\" \/>\n\t<meta property=\"og:image:height\" content=\"400\" \/>\n\t<meta property=\"og:image:type\" content=\"image\/png\" \/>\n<meta name=\"author\" content=\"Michele\" \/>\n<meta name=\"twitter:card\" content=\"summary_large_image\" \/>\n<meta name=\"twitter:label1\" content=\"Written by\" \/>\n\t<meta name=\"twitter:data1\" content=\"Michele\" \/>\n\t<meta name=\"twitter:label2\" content=\"Est. reading time\" \/>\n\t<meta name=\"twitter:data2\" content=\"5 minutes\" \/>\n<script type=\"application\/ld+json\" class=\"yoast-schema-graph\">{\"@context\":\"https:\\\/\\\/schema.org\",\"@graph\":[{\"@type\":\"Article\",\"@id\":\"https:\\\/\\\/www.vagadeempregorj.com.br\\\/oba-hortifruti-238-vagas-de-emprego-abertas-pelo-pais\\\/#article\",\"isPartOf\":{\"@id\":\"https:\\\/\\\/www.vagadeempregorj.com.br\\\/oba-hortifruti-238-vagas-de-emprego-abertas-pelo-pais\\\/\"},\"author\":{\"name\":\"Michele\",\"@id\":\"https:\\\/\\\/www.vagadeempregorj.com.br\\\/#\\\/schema\\\/person\\\/3ddb19fa0539706786e502152f3aae95\"},\"headline\":\"Oba Hortifruti: 238 vagas de emprego abertas pelo pa\u00eds\",\"datePublished\":\"2025-01-01T09:00:00+00:00\",\"mainEntityOfPage\":{\"@id\":\"https:\\\/\\\/www.vagadeempregorj.com.br\\\/oba-hortifruti-238-vagas-de-emprego-abertas-pelo-pais\\\/\"},\"wordCount\":924,\"image\":{\"@id\":\"https:\\\/\\\/www.vagadeempregorj.com.br\\\/oba-hortifruti-238-vagas-de-emprego-abertas-pelo-pais\\\/#primaryimage\"},\"thumbnailUrl\":\"https:\\\/\\\/www.vagadeempregorj.com.br\\\/wp-content\\\/uploads\\\/2024\\\/12\\\/image-23.png\",\"keywords\":[\"empregos\",\"oportunidades\"],\"articleSection\":[\"Vagas de Emprego Nacionais\"],\"inLanguage\":\"fr-FR\"},{\"@type\":\"WebPage\",\"@id\":\"https:\\\/\\\/www.vagadeempregorj.com.br\\\/oba-hortifruti-238-vagas-de-emprego-abertas-pelo-pais\\\/\",\"url\":\"https:\\\/\\\/www.vagadeempregorj.com.br\\\/oba-hortifruti-238-vagas-de-emprego-abertas-pelo-pais\\\/\",\"name\":\"Oba Hortifruti: 238 vagas de emprego abertas pelo pa\u00eds -\",\"isPartOf\":{\"@id\":\"https:\\\/\\\/www.vagadeempregorj.com.br\\\/#website\"},\"primaryImageOfPage\":{\"@id\":\"https:\\\/\\\/www.vagadeempregorj.com.br\\\/oba-hortifruti-238-vagas-de-emprego-abertas-pelo-pais\\\/#primaryimage\"},\"image\":{\"@id\":\"https:\\\/\\\/www.vagadeempregorj.com.br\\\/oba-hortifruti-238-vagas-de-emprego-abertas-pelo-pais\\\/#primaryimage\"},\"thumbnailUrl\":\"https:\\\/\\\/www.vagadeempregorj.com.br\\\/wp-content\\\/uploads\\\/2024\\\/12\\\/image-23.png\",\"datePublished\":\"2025-01-01T09:00:00+00:00\",\"author\":{\"@id\":\"https:\\\/\\\/www.vagadeempregorj.com.br\\\/#\\\/schema\\\/person\\\/3ddb19fa0539706786e502152f3aae95\"},\"description\":\"Veja em Vagas de Emprego RJ as vagas de emprego com e sem experi\u00eancia no seu Estado e Regi\u00e3o!\",\"breadcrumb\":{\"@id\":\"https:\\\/\\\/www.vagadeempregorj.com.br\\\/oba-hortifruti-238-vagas-de-emprego-abertas-pelo-pais\\\/#breadcrumb\"},\"inLanguage\":\"fr-FR\",\"potentialAction\":[{\"@type\":\"ReadAction\",\"target\":[\"https:\\\/\\\/www.vagadeempregorj.com.br\\\/oba-hortifruti-238-vagas-de-emprego-abertas-pelo-pais\\\/\"]}]},{\"@type\":\"ImageObject\",\"inLanguage\":\"fr-FR\",\"@id\":\"https:\\\/\\\/www.vagadeempregorj.com.br\\\/oba-hortifruti-238-vagas-de-emprego-abertas-pelo-pais\\\/#primaryimage\",\"url\":\"https:\\\/\\\/www.vagadeempregorj.com.br\\\/wp-content\\\/uploads\\\/2024\\\/12\\\/image-23.png\",\"contentUrl\":\"https:\\\/\\\/www.vagadeempregorj.com.br\\\/wp-content\\\/uploads\\\/2024\\\/12\\\/image-23.png\",\"width\":700,\"height\":400,\"caption\":\"Oba Hortifruti\"},{\"@type\":\"BreadcrumbList\",\"@id\":\"https:\\\/\\\/www.vagadeempregorj.com.br\\\/oba-hortifruti-238-vagas-de-emprego-abertas-pelo-pais\\\/#breadcrumb\",\"itemListElement\":[{\"@type\":\"ListItem\",\"position\":1,\"name\":\"In\u00edcio\",\"item\":\"https:\\\/\\\/www.vagadeempregorj.com.br\\\/\"},{\"@type\":\"ListItem\",\"position\":2,\"name\":\"Vagas de Emprego Nacionais\",\"item\":\"https:\\\/\\\/www.vagadeempregorj.com.br\\\/vagas-de-emprego-nacionais\\\/\"},{\"@type\":\"ListItem\",\"position\":3,\"name\":\"Oba Hortifruti: 238 vagas de emprego abertas pelo pa\u00eds\"}]},{\"@type\":\"WebSite\",\"@id\":\"https:\\\/\\\/www.vagadeempregorj.com.br\\\/#website\",\"url\":\"https:\\\/\\\/www.vagadeempregorj.com.br\\\/\",\"name\":\"\",\"description\":\"Conquiste Sonhos: Vagas, Benef\u00edcios e Economia para Transformar Vidas e Alcan\u00e7ar Melhorias Cotidianas\",\"potentialAction\":[{\"@type\":\"SearchAction\",\"target\":{\"@type\":\"EntryPoint\",\"urlTemplate\":\"https:\\\/\\\/www.vagadeempregorj.com.br\\\/?s={search_term_string}\"},\"query-input\":{\"@type\":\"PropertyValueSpecification\",\"valueRequired\":true,\"valueName\":\"search_term_string\"}}],\"inLanguage\":\"fr-FR\"},{\"@type\":\"Person\",\"@id\":\"https:\\\/\\\/www.vagadeempregorj.com.br\\\/#\\\/schema\\\/person\\\/3ddb19fa0539706786e502152f3aae95\",\"name\":\"Michele\",\"image\":{\"@type\":\"ImageObject\",\"inLanguage\":\"fr-FR\",\"@id\":\"https:\\\/\\\/secure.gravatar.com\\\/avatar\\\/6b0eb9d22841282815e2cd856a0061c45e1761cd54b22e952d98c4746939aa85?s=96&r=g\",\"url\":\"https:\\\/\\\/secure.gravatar.com\\\/avatar\\\/6b0eb9d22841282815e2cd856a0061c45e1761cd54b22e952d98c4746939aa85?s=96&r=g\",\"contentUrl\":\"https:\\\/\\\/secure.gravatar.com\\\/avatar\\\/6b0eb9d22841282815e2cd856a0061c45e1761cd54b22e952d98c4746939aa85?s=96&r=g\",\"caption\":\"Michele\"},\"description\":\"Formada em Letras - Portugu\u00eas\\\/ Ingl\u00eas, e idealizadora do site Escritora de Sucesso, busca expandir o conhecimento de todos com informa\u00e7\u00f5es relevantes sobre diversos assuntos, enquanto redatora. No Vaga de Emprego RJ, traz oportunidades e dicas sobre o mercado de trabalho.\",\"url\":\"https:\\\/\\\/www.vagadeempregorj.com.br\\\/fr\\\/author\\\/michele\\\/\"}]}<\/script>\n<!-- \/ Yoast SEO plugin. -->","yoast_head_json":{"title":"Oba Hortifruti: 238 vagas de emprego abertas pelo pa\u00eds -","description":"Veja em Vagas de Emprego RJ as vagas de emprego com e sem experi\u00eancia no seu Estado e Regi\u00e3o!","robots":{"index":"index","follow":"follow","max-snippet":"max-snippet:-1","max-image-preview":"max-image-preview:large","max-video-preview":"max-video-preview:-1"},"canonical":"https:\/\/www.vagadeempregorj.com.br\/fr\/oba-hortifruti-238-vagas-de-emprego-abertas-pelo-pais\/","og_locale":"fr_FR","og_type":"article","og_title":"Oba Hortifruti: 238 vagas de emprego abertas pelo pa\u00eds -","og_description":"Veja em Vagas de Emprego RJ as vagas de emprego com e sem experi\u00eancia no seu Estado e Regi\u00e3o!","og_url":"https:\/\/www.vagadeempregorj.com.br\/fr\/oba-hortifruti-238-vagas-de-emprego-abertas-pelo-pais\/","article_publisher":"https:\/\/www.facebook.com\/empregobrasiloficial","article_published_time":"2025-01-01T09:00:00+00:00","og_image":[{"width":700,"height":400,"url":"https:\/\/www.vagadeempregorj.com.br\/wp-content\/uploads\/2024\/12\/image-23.png","type":"image\/png"}],"author":"Michele","twitter_card":"summary_large_image","twitter_misc":{"Written by":"Michele","Est. reading time":"5 minutes"},"schema":{"@context":"https:\/\/schema.org","@graph":[{"@type":"Article","@id":"https:\/\/www.vagadeempregorj.com.br\/oba-hortifruti-238-vagas-de-emprego-abertas-pelo-pais\/#article","isPartOf":{"@id":"https:\/\/www.vagadeempregorj.com.br\/oba-hortifruti-238-vagas-de-emprego-abertas-pelo-pais\/"},"author":{"name":"Michele","@id":"https:\/\/www.vagadeempregorj.com.br\/#\/schema\/person\/3ddb19fa0539706786e502152f3aae95"},"headline":"Oba Hortifruti: 238 vagas de emprego abertas pelo pa\u00eds","datePublished":"2025-01-01T09:00:00+00:00","mainEntityOfPage":{"@id":"https:\/\/www.vagadeempregorj.com.br\/oba-hortifruti-238-vagas-de-emprego-abertas-pelo-pais\/"},"wordCount":924,"image":{"@id":"https:\/\/www.vagadeempregorj.com.br\/oba-hortifruti-238-vagas-de-emprego-abertas-pelo-pais\/#primaryimage"},"thumbnailUrl":"https:\/\/www.vagadeempregorj.com.br\/wp-content\/uploads\/2024\/12\/image-23.png","keywords":["empregos","oportunidades"],"articleSection":["Vagas de Emprego Nacionais"],"inLanguage":"fr-FR"},{"@type":"WebPage","@id":"https:\/\/www.vagadeempregorj.com.br\/oba-hortifruti-238-vagas-de-emprego-abertas-pelo-pais\/","url":"https:\/\/www.vagadeempregorj.com.br\/oba-hortifruti-238-vagas-de-emprego-abertas-pelo-pais\/","name":"Oba Hortifruti: 238 vagas de emprego abertas pelo pa\u00eds -","isPartOf":{"@id":"https:\/\/www.vagadeempregorj.com.br\/#website"},"primaryImageOfPage":{"@id":"https:\/\/www.vagadeempregorj.com.br\/oba-hortifruti-238-vagas-de-emprego-abertas-pelo-pais\/#primaryimage"},"image":{"@id":"https:\/\/www.vagadeempregorj.com.br\/oba-hortifruti-238-vagas-de-emprego-abertas-pelo-pais\/#primaryimage"},"thumbnailUrl":"https:\/\/www.vagadeempregorj.com.br\/wp-content\/uploads\/2024\/12\/image-23.png","datePublished":"2025-01-01T09:00:00+00:00","author":{"@id":"https:\/\/www.vagadeempregorj.com.br\/#\/schema\/person\/3ddb19fa0539706786e502152f3aae95"},"description":"Veja em Vagas de Emprego RJ as vagas de emprego com e sem experi\u00eancia no seu Estado e Regi\u00e3o!","breadcrumb":{"@id":"https:\/\/www.vagadeempregorj.com.br\/oba-hortifruti-238-vagas-de-emprego-abertas-pelo-pais\/#breadcrumb"},"inLanguage":"fr-FR","potentialAction":[{"@type":"ReadAction","target":["https:\/\/www.vagadeempregorj.com.br\/oba-hortifruti-238-vagas-de-emprego-abertas-pelo-pais\/"]}]},{"@type":"ImageObject","inLanguage":"fr-FR","@id":"https:\/\/www.vagadeempregorj.com.br\/oba-hortifruti-238-vagas-de-emprego-abertas-pelo-pais\/#primaryimage","url":"https:\/\/www.vagadeempregorj.com.br\/wp-content\/uploads\/2024\/12\/image-23.png","contentUrl":"https:\/\/www.vagadeempregorj.com.br\/wp-content\/uploads\/2024\/12\/image-23.png","width":700,"height":400,"caption":"Oba Hortifruti"},{"@type":"BreadcrumbList","@id":"https:\/\/www.vagadeempregorj.com.br\/oba-hortifruti-238-vagas-de-emprego-abertas-pelo-pais\/#breadcrumb","itemListElement":[{"@type":"ListItem","position":1,"name":"In\u00edcio","item":"https:\/\/www.vagadeempregorj.com.br\/"},{"@type":"ListItem","position":2,"name":"Vagas de Emprego Nacionais","item":"https:\/\/www.vagadeempregorj.com.br\/vagas-de-emprego-nacionais\/"},{"@type":"ListItem","position":3,"name":"Oba Hortifruti: 238 vagas de emprego abertas pelo pa\u00eds"}]},{"@type":"WebSite","@id":"https:\/\/www.vagadeempregorj.com.br\/#website","url":"https:\/\/www.vagadeempregorj.com.br\/","name":"","description":"Conquiste Sonhos: Vagas, Benef\u00edcios e Economia para Transformar Vidas e Alcan\u00e7ar Melhorias Cotidianas","potentialAction":[{"@type":"SearchAction","target":{"@type":"EntryPoint","urlTemplate":"https:\/\/www.vagadeempregorj.com.br\/?s={search_term_string}"},"query-input":{"@type":"PropertyValueSpecification","valueRequired":true,"valueName":"search_term_string"}}],"inLanguage":"fr-FR"},{"@type":"Person","@id":"https:\/\/www.vagadeempregorj.com.br\/#\/schema\/person\/3ddb19fa0539706786e502152f3aae95","name":"Michele","image":{"@type":"ImageObject","inLanguage":"fr-FR","@id":"https:\/\/secure.gravatar.com\/avatar\/6b0eb9d22841282815e2cd856a0061c45e1761cd54b22e952d98c4746939aa85?s=96&r=g","url":"https:\/\/secure.gravatar.com\/avatar\/6b0eb9d22841282815e2cd856a0061c45e1761cd54b22e952d98c4746939aa85?s=96&r=g","contentUrl":"https:\/\/secure.gravatar.com\/avatar\/6b0eb9d22841282815e2cd856a0061c45e1761cd54b22e952d98c4746939aa85?s=96&r=g","caption":"Michele"},"description":"Formada em Letras - Portugu\u00eas\/ Ingl\u00eas, e idealizadora do site Escritora de Sucesso, busca expandir o conhecimento de todos com informa\u00e7\u00f5es relevantes sobre diversos assuntos, enquanto redatora. No Vaga de Emprego RJ, traz oportunidades e dicas sobre o mercado de trabalho.","url":"https:\/\/www.vagadeempregorj.com.br\/fr\/author\/michele\/"}]}},"_links":{"self":[{"href":"https:\/\/www.vagadeempregorj.com.br\/fr\/wp-json\/wp\/v2\/posts\/41654","targetHints":{"allow":["GET"]}}],"collection":[{"href":"https:\/\/www.vagadeempregorj.com.br\/fr\/wp-json\/wp\/v2\/posts"}],"about":[{"href":"https:\/\/www.vagadeempregorj.com.br\/fr\/wp-json\/wp\/v2\/types\/post"}],"author":[{"embeddable":true,"href":"https:\/\/www.vagadeempregorj.com.br\/fr\/wp-json\/wp\/v2\/users\/16"}],"replies":[{"embeddable":true,"href":"https:\/\/www.vagadeempregorj.com.br\/fr\/wp-json\/wp\/v2\/comments?post=41654"}],"version-history":[{"count":0,"href":"https:\/\/www.vagadeempregorj.com.br\/fr\/wp-json\/wp\/v2\/posts\/41654\/revisions"}],"wp:featuredmedia":[{"embeddable":true,"href":"https:\/\/www.vagadeempregorj.com.br\/fr\/wp-json\/wp\/v2\/media\/41671"}],"wp:attachment":[{"href":"https:\/\/www.vagadeempregorj.com.br\/fr\/wp-json\/wp\/v2\/media?parent=41654"}],"wp:term":[{"taxonomy":"category","embeddable":true,"href":"https:\/\/www.vagadeempregorj.com.br\/fr\/wp-json\/wp\/v2\/categories?post=41654"},{"taxonomy":"post_tag","embeddable":true,"href":"https:\/\/www.vagadeempregorj.com.br\/fr\/wp-json\/wp\/v2\/tags?post=41654"}],"curies":[{"name":"wp","href":"https:\/\/api.w.org\/{rel}","templated":true}]}}