{"id":41660,"date":"2025-01-07T06:00:00","date_gmt":"2025-01-07T09:00:00","guid":{"rendered":"https:\/\/www.vagadeempregorj.com.br\/?p=41660"},"modified":"2024-12-17T21:23:25","modified_gmt":"2024-12-18T00:23:25","slug":"grupo-koch-512-vagas-de-emprego-abertas-pelo-pais","status":"publish","type":"post","link":"https:\/\/www.vagadeempregorj.com.br\/fr\/grupo-koch-512-vagas-de-emprego-abertas-pelo-pais\/","title":{"rendered":"Grupo Koch: 512 vagas de emprego abertas pelo pa\u00eds"},"content":{"rendered":"<p>O <strong>Grupo Koch<\/strong>, uma das maiores redes de supermercados do Brasil, est\u00e1 divulgando 512 vagas de emprego abertas em diversas regi\u00f5es do pa\u00eds. A oportunidade chega em um momento importante para quem busca inser\u00e7\u00e3o no mercado de trabalho ou uma nova dire\u00e7\u00e3o para a carreira profissional.&nbsp;<\/p>\n\n\n\n<figure class=\"wp-block-image size-full\"><img loading=\"lazy\" decoding=\"async\" width=\"1000\" height=\"750\" src=\"https:\/\/www.vagadeempregorj.com.br\/wp-content\/uploads\/2024\/12\/image-26.png\" alt=\"\" class=\"wp-image-41674\" srcset=\"https:\/\/www.vagadeempregorj.com.br\/wp-content\/uploads\/2024\/12\/image-26.png 1000w, https:\/\/www.vagadeempregorj.com.br\/wp-content\/uploads\/2024\/12\/image-26-300x225.png 300w, https:\/\/www.vagadeempregorj.com.br\/wp-content\/uploads\/2024\/12\/image-26-768x576.png 768w, https:\/\/www.vagadeempregorj.com.br\/wp-content\/uploads\/2024\/12\/image-26-150x113.png 150w\" sizes=\"auto, (max-width: 1000px) 100vw, 1000px\" \/><\/figure>\n\n\n\n<h2 class=\"wp-block-heading\">Quais s\u00e3o as oportunidades no Grupo Koch?<\/h2>\n\n\n\n<p>O Grupo est\u00e1 disponibilizando muitas oportunidades de emprego para diferentes perfis e habilidades. Seja voc\u00ea um profissional experiente ou algu\u00e9m que busca o primeiro emprego, existem vagas alinhadas \u00e0 sua necessidade. Confira algumas das principais fun\u00e7\u00f5es abertas:<\/p>\n\n\n\n<h3 class=\"wp-block-heading\">Operador de caixa<\/h3>\n\n\n\n<p>Uma das \u00e1reas mais importantes no atendimento ao cliente, o operador de caixa \u00e9 respons\u00e1vel por garantir que as compras sejam finalizadas com rapidez e cordialidade. S\u00e3o vagas ideais para quem tem boa comunica\u00e7\u00e3o e foco no atendimento.<\/p>\n\n\n\n<h3 class=\"wp-block-heading\">Repositor de mercadorias<\/h3>\n\n\n\n<p>Se voc\u00ea gosta de organiza\u00e7\u00e3o e de manter as prateleiras sempre impec\u00e1veis, esta \u00e9 a vaga perfeita. O repositor cuida da reposi\u00e7\u00e3o de produtos nas g\u00f4ndolas, garantindo que tudo esteja \u00e0 m\u00e3o do cliente.<\/p>\n\n\n\n<h3 class=\"wp-block-heading\">Auxiliar de dep\u00f3sito<\/h3>\n\n\n\n<p>Para quem tem disposi\u00e7\u00e3o e gosta de trabalhar nos bastidores, a vaga de auxiliar de dep\u00f3sito envolve organiza\u00e7\u00e3o e movimenta\u00e7\u00e3o de mercadorias, mantendo o estoque em dia.<\/p>\n\n\n\n<h3 class=\"wp-block-heading\">Atendente de loja<\/h3>\n\n\n\n<p>O atendente \u00e9 o rosto da loja e o principal ponto de contato com o cliente. Essa vaga \u00e9 ideal para quem \u00e9 proativo, simp\u00e1tico e gosta de ajudar.<\/p>\n\n\n\n<h3 class=\"wp-block-heading\">Encarregado de setor<\/h3>\n\n\n\n<p>Para profissionais com experi\u00eancia em lideran\u00e7a, o cargo de encarregado de setor envolve gest\u00e3o de equipes, acompanhamento de metas e organiza\u00e7\u00e3o do setor.<\/p>\n\n\n\n<h3 class=\"wp-block-heading\">Vagas de jovem aprendiz<\/h3>\n\n\n\n<p>Se voc\u00ea tem entre 14 e 24 anos e busca o primeiro emprego, o programa Jovem Aprendiz do Grupo Koch \u00e9 uma porta de entrada para o mercado de trabalho, oferecendo aprendizado e experi\u00eancia.<\/p>\n\n\n\n<h3 class=\"wp-block-heading\">Auxiliar administrativo<\/h3>\n\n\n\n<p>Para quem possui habilidades organizacionais e gosta de lidar com documenta\u00e7\u00e3o, essa vaga envolve suporte nos processos administrativos e rotinas di\u00e1rias do setor.<\/p>\n\n\n\n<h3 class=\"wp-block-heading\">Fiscal de loja<\/h3>\n\n\n\n<p>O fiscal de loja \u00e9 respons\u00e1vel por garantir a seguran\u00e7a e organiza\u00e7\u00e3o do ambiente, prevenindo perdas e garantindo a tranquilidade do dia a dia no supermercado.<\/p>\n\n\n\n<h3 class=\"wp-block-heading\">Operador de empilhadeira<\/h3>\n\n\n\n<p>Se voc\u00ea possui certifica\u00e7\u00e3o e experi\u00eancia, a vaga de operador de empilhadeira envolve movimenta\u00e7\u00e3o de mercadorias dentro dos dep\u00f3sitos e estoques com seguran\u00e7a e precis\u00e3o.<\/p>\n\n\n\n<h3 class=\"wp-block-heading\">Auxiliar de limpeza<\/h3>\n\n\n\n<p>O trabalhador da \u00e1rea de auxiliar de limpeza \u00e9 respons\u00e1vel por manter a limpeza e a organiza\u00e7\u00e3o do ambiente, garantindo um espa\u00e7o acolhedor e agrad\u00e1vel tanto para clientes quanto para colaboradores.<\/p>\n\n\n\n<h3 class=\"wp-block-heading\">Balconista de padaria<\/h3>\n\n\n\n<p>Aos profissionais que gostam de trabalhar diretamente com clientes e tem afinidade com produtos de panifica\u00e7\u00e3o, a vaga de balconista de padaria \u00e9 uma excelente oportunidade. Suas tarefas incluem atendimento personalizado, organiza\u00e7\u00e3o e exposi\u00e7\u00e3o dos produtos.<\/p>\n\n\n\n<h2 class=\"wp-block-heading\">Como se candidatar?<\/h2>\n\n\n\n<p>Se voc\u00ea se identificou com alguma dessas oportunidades, candidatar-se \u00e9 simples e r\u00e1pido. O processo \u00e9 totalmente online e feito pela plataforma de recrutamento do Grupo.<\/p>\n\n\n\n<p>Siga o passo a passo:<\/p>\n\n\n\n<ul class=\"wp-block-list\">\n<li>Copie e cole o endere\u00e7o a seguir no seu navegador: <strong>https:\/\/grupokoch.gupy.io<\/strong><\/li>\n\n\n\n<li>Acesse a p\u00e1gina e encontre uma oportunidade que combine com o seu perfil.<\/li>\n\n\n\n<li>Preencha seus dados corretamente e envie o seu curr\u00edculo.<\/li>\n\n\n\n<li>Aguarde o contato do time de recrutamento para as pr\u00f3ximas etapas.<\/li>\n<\/ul>\n\n\n\n<p>O processo \u00e9 intuitivo e pode ser feito em poucos minutos. Se preferir, voc\u00ea tamb\u00e9m pode filtrar as vagas por regi\u00e3o, cargo ou n\u00edvel de experi\u00eancia diretamente na plataforma.<\/p>\n\n\n\n<h2 class=\"wp-block-heading\">Quais s\u00e3o os benef\u00edcios oferecidos?<\/h2>\n\n\n\n<p>Trabalhar no <strong>Grupo Koch<\/strong> vai al\u00e9m de conquistar um bom emprego. A empresa oferece diversos benef\u00edcios que proporcionam qualidade de vida, seguran\u00e7a e desenvolvimento para seus colaboradores. Confira:<\/p>\n\n\n\n<ul class=\"wp-block-list\">\n<li>Sal\u00e1rio compat\u00edvel com o mercado;<\/li>\n\n\n\n<li>Plano de sa\u00fade e odontol\u00f3gico;<\/li>\n\n\n\n<li>Vale-alimenta\u00e7\u00e3o ou refei\u00e7\u00e3o;<\/li>\n\n\n\n<li>Vale-transporte;<\/li>\n\n\n\n<li>Desconto em compras nas lojas do Grupo;<\/li>\n\n\n\n<li>Programa de crescimento profissional;<\/li>\n\n\n\n<li>Treinamentos e capacita\u00e7\u00f5es constantes.<\/li>\n<\/ul>\n\n\n\n<p>Com um pacote completo de benef\u00edcios, a companhia valoriza o bem-estar dos seus colaboradores e oferece condi\u00e7\u00f5es para que todos possam crescer e se desenvolver profissionalmente.<\/p>\n\n\n\n<p>O Grupo Koch \u00e9 reconhecido pelo compromisso com seus colaboradores, oferecendo oportunidades reais de crescimento e um ambiente de trabalho que valoriza o respeito e o trabalho em equipe.&nbsp;<\/p>\n\n\n\n<p>Seja para o primeiro emprego ou para uma recoloca\u00e7\u00e3o no mercado, esta pode ser a sua chance de dar o pr\u00f3ximo passo.<\/p>\n\n\n\n<p><strong>Veja tamb\u00e9m: <a href=\"https:\/\/www.vagadeempregorj.com.br\/fr\/centauro-618-novas-vagas-de-emprego-pelo-pais\/\">Centauro: 618 novas vagas de emprego pelo pa\u00eds<\/a><\/strong><\/p>\n\n\n\n<p>7 de janeiro de 2025<\/p>","protected":false},"excerpt":{"rendered":"<p>O Grupo Koch, uma das maiores redes de supermercados do Brasil, est\u00e1 divulgando 512 vagas de emprego abertas em diversas regi\u00f5es do pa\u00eds. A oportunidade chega em um momento importante para quem busca inser\u00e7\u00e3o no mercado de trabalho ou uma nova dire\u00e7\u00e3o para a carreira profissional.&nbsp; Quais s\u00e3o as oportunidades no Grupo Koch? O Grupo&hellip;&nbsp;<\/p>","protected":false},"author":16,"featured_media":41674,"comment_status":"closed","ping_status":"closed","sticky":false,"template":"","format":"standard","meta":{"neve_meta_sidebar":"","neve_meta_container":"","neve_meta_enable_content_width":"","neve_meta_content_width":0,"neve_meta_title_alignment":"","neve_meta_author_avatar":"","neve_post_elements_order":"","neve_meta_disable_header":"","neve_meta_disable_footer":"","neve_meta_disable_title":"","footnotes":""},"categories":[123],"tags":[830,608],"class_list":["post-41660","post","type-post","status-publish","format-standard","has-post-thumbnail","hentry","category-vagas-de-emprego-nacionais","tag-empregos","tag-oportunidades"],"yoast_head":"<!-- This site is optimized with the Yoast SEO plugin v27.5 - https:\/\/yoast.com\/product\/yoast-seo-wordpress\/ -->\n<title>Grupo Koch: 512 vagas de emprego abertas pelo pa\u00eds -<\/title>\n<meta name=\"description\" content=\"Veja em Vagas de Emprego RJ as vagas de emprego com e sem experi\u00eancia no seu Estado e Regi\u00e3o!\" \/>\n<meta name=\"robots\" content=\"index, follow, max-snippet:-1, max-image-preview:large, max-video-preview:-1\" \/>\n<link rel=\"canonical\" href=\"https:\/\/www.vagadeempregorj.com.br\/fr\/grupo-koch-512-vagas-de-emprego-abertas-pelo-pais\/\" \/>\n<meta property=\"og:locale\" content=\"fr_FR\" \/>\n<meta property=\"og:type\" content=\"article\" \/>\n<meta property=\"og:title\" content=\"Grupo Koch: 512 vagas de emprego abertas pelo pa\u00eds -\" \/>\n<meta property=\"og:description\" content=\"Veja em Vagas de Emprego RJ as vagas de emprego com e sem experi\u00eancia no seu Estado e Regi\u00e3o!\" \/>\n<meta property=\"og:url\" content=\"https:\/\/www.vagadeempregorj.com.br\/fr\/grupo-koch-512-vagas-de-emprego-abertas-pelo-pais\/\" \/>\n<meta property=\"article:publisher\" content=\"https:\/\/www.facebook.com\/empregobrasiloficial\" \/>\n<meta property=\"article:published_time\" content=\"2025-01-07T09:00:00+00:00\" \/>\n<meta property=\"og:image\" content=\"https:\/\/www.vagadeempregorj.com.br\/wp-content\/uploads\/2024\/12\/image-26.png\" \/>\n\t<meta property=\"og:image:width\" content=\"1000\" \/>\n\t<meta property=\"og:image:height\" content=\"750\" \/>\n\t<meta property=\"og:image:type\" content=\"image\/png\" \/>\n<meta name=\"author\" content=\"Michele\" \/>\n<meta name=\"twitter:card\" content=\"summary_large_image\" \/>\n<meta name=\"twitter:label1\" content=\"\u00c9crit par\" \/>\n\t<meta name=\"twitter:data1\" content=\"Michele\" \/>\n\t<meta name=\"twitter:label2\" content=\"Dur\u00e9e de lecture estim\u00e9e\" \/>\n\t<meta name=\"twitter:data2\" content=\"4 minutes\" \/>\n<script type=\"application\/ld+json\" class=\"yoast-schema-graph\">{\"@context\":\"https:\\\/\\\/schema.org\",\"@graph\":[{\"@type\":\"Article\",\"@id\":\"https:\\\/\\\/www.vagadeempregorj.com.br\\\/grupo-koch-512-vagas-de-emprego-abertas-pelo-pais\\\/#article\",\"isPartOf\":{\"@id\":\"https:\\\/\\\/www.vagadeempregorj.com.br\\\/grupo-koch-512-vagas-de-emprego-abertas-pelo-pais\\\/\"},\"author\":{\"name\":\"Michele\",\"@id\":\"https:\\\/\\\/www.vagadeempregorj.com.br\\\/#\\\/schema\\\/person\\\/3ddb19fa0539706786e502152f3aae95\"},\"headline\":\"Grupo Koch: 512 vagas de emprego abertas pelo pa\u00eds\",\"datePublished\":\"2025-01-07T09:00:00+00:00\",\"mainEntityOfPage\":{\"@id\":\"https:\\\/\\\/www.vagadeempregorj.com.br\\\/grupo-koch-512-vagas-de-emprego-abertas-pelo-pais\\\/\"},\"wordCount\":774,\"image\":{\"@id\":\"https:\\\/\\\/www.vagadeempregorj.com.br\\\/grupo-koch-512-vagas-de-emprego-abertas-pelo-pais\\\/#primaryimage\"},\"thumbnailUrl\":\"https:\\\/\\\/www.vagadeempregorj.com.br\\\/wp-content\\\/uploads\\\/2024\\\/12\\\/image-26.png\",\"keywords\":[\"empregos\",\"oportunidades\"],\"articleSection\":[\"Vagas de Emprego Nacionais\"],\"inLanguage\":\"fr-FR\"},{\"@type\":\"WebPage\",\"@id\":\"https:\\\/\\\/www.vagadeempregorj.com.br\\\/grupo-koch-512-vagas-de-emprego-abertas-pelo-pais\\\/\",\"url\":\"https:\\\/\\\/www.vagadeempregorj.com.br\\\/grupo-koch-512-vagas-de-emprego-abertas-pelo-pais\\\/\",\"name\":\"Grupo Koch: 512 vagas de emprego abertas pelo pa\u00eds -\",\"isPartOf\":{\"@id\":\"https:\\\/\\\/www.vagadeempregorj.com.br\\\/#website\"},\"primaryImageOfPage\":{\"@id\":\"https:\\\/\\\/www.vagadeempregorj.com.br\\\/grupo-koch-512-vagas-de-emprego-abertas-pelo-pais\\\/#primaryimage\"},\"image\":{\"@id\":\"https:\\\/\\\/www.vagadeempregorj.com.br\\\/grupo-koch-512-vagas-de-emprego-abertas-pelo-pais\\\/#primaryimage\"},\"thumbnailUrl\":\"https:\\\/\\\/www.vagadeempregorj.com.br\\\/wp-content\\\/uploads\\\/2024\\\/12\\\/image-26.png\",\"datePublished\":\"2025-01-07T09:00:00+00:00\",\"author\":{\"@id\":\"https:\\\/\\\/www.vagadeempregorj.com.br\\\/#\\\/schema\\\/person\\\/3ddb19fa0539706786e502152f3aae95\"},\"description\":\"Veja em Vagas de Emprego RJ as vagas de emprego com e sem experi\u00eancia no seu Estado e Regi\u00e3o!\",\"breadcrumb\":{\"@id\":\"https:\\\/\\\/www.vagadeempregorj.com.br\\\/grupo-koch-512-vagas-de-emprego-abertas-pelo-pais\\\/#breadcrumb\"},\"inLanguage\":\"fr-FR\",\"potentialAction\":[{\"@type\":\"ReadAction\",\"target\":[\"https:\\\/\\\/www.vagadeempregorj.com.br\\\/grupo-koch-512-vagas-de-emprego-abertas-pelo-pais\\\/\"]}]},{\"@type\":\"ImageObject\",\"inLanguage\":\"fr-FR\",\"@id\":\"https:\\\/\\\/www.vagadeempregorj.com.br\\\/grupo-koch-512-vagas-de-emprego-abertas-pelo-pais\\\/#primaryimage\",\"url\":\"https:\\\/\\\/www.vagadeempregorj.com.br\\\/wp-content\\\/uploads\\\/2024\\\/12\\\/image-26.png\",\"contentUrl\":\"https:\\\/\\\/www.vagadeempregorj.com.br\\\/wp-content\\\/uploads\\\/2024\\\/12\\\/image-26.png\",\"width\":1000,\"height\":750,\"caption\":\"Grupo Koch\"},{\"@type\":\"BreadcrumbList\",\"@id\":\"https:\\\/\\\/www.vagadeempregorj.com.br\\\/grupo-koch-512-vagas-de-emprego-abertas-pelo-pais\\\/#breadcrumb\",\"itemListElement\":[{\"@type\":\"ListItem\",\"position\":1,\"name\":\"In\u00edcio\",\"item\":\"https:\\\/\\\/www.vagadeempregorj.com.br\\\/\"},{\"@type\":\"ListItem\",\"position\":2,\"name\":\"Vagas de Emprego Nacionais\",\"item\":\"https:\\\/\\\/www.vagadeempregorj.com.br\\\/vagas-de-emprego-nacionais\\\/\"},{\"@type\":\"ListItem\",\"position\":3,\"name\":\"Grupo Koch: 512 vagas de emprego abertas pelo pa\u00eds\"}]},{\"@type\":\"WebSite\",\"@id\":\"https:\\\/\\\/www.vagadeempregorj.com.br\\\/#website\",\"url\":\"https:\\\/\\\/www.vagadeempregorj.com.br\\\/\",\"name\":\"\",\"description\":\"Conquiste Sonhos: Vagas, Benef\u00edcios e Economia para Transformar Vidas e Alcan\u00e7ar Melhorias Cotidianas\",\"potentialAction\":[{\"@type\":\"SearchAction\",\"target\":{\"@type\":\"EntryPoint\",\"urlTemplate\":\"https:\\\/\\\/www.vagadeempregorj.com.br\\\/?s={search_term_string}\"},\"query-input\":{\"@type\":\"PropertyValueSpecification\",\"valueRequired\":true,\"valueName\":\"search_term_string\"}}],\"inLanguage\":\"fr-FR\"},{\"@type\":\"Person\",\"@id\":\"https:\\\/\\\/www.vagadeempregorj.com.br\\\/#\\\/schema\\\/person\\\/3ddb19fa0539706786e502152f3aae95\",\"name\":\"Michele\",\"image\":{\"@type\":\"ImageObject\",\"inLanguage\":\"fr-FR\",\"@id\":\"https:\\\/\\\/secure.gravatar.com\\\/avatar\\\/6b0eb9d22841282815e2cd856a0061c45e1761cd54b22e952d98c4746939aa85?s=96&r=g\",\"url\":\"https:\\\/\\\/secure.gravatar.com\\\/avatar\\\/6b0eb9d22841282815e2cd856a0061c45e1761cd54b22e952d98c4746939aa85?s=96&r=g\",\"contentUrl\":\"https:\\\/\\\/secure.gravatar.com\\\/avatar\\\/6b0eb9d22841282815e2cd856a0061c45e1761cd54b22e952d98c4746939aa85?s=96&r=g\",\"caption\":\"Michele\"},\"description\":\"Formada em Letras - Portugu\u00eas\\\/ Ingl\u00eas, e idealizadora do site Escritora de Sucesso, busca expandir o conhecimento de todos com informa\u00e7\u00f5es relevantes sobre diversos assuntos, enquanto redatora. No Vaga de Emprego RJ, traz oportunidades e dicas sobre o mercado de trabalho.\",\"url\":\"https:\\\/\\\/www.vagadeempregorj.com.br\\\/fr\\\/author\\\/michele\\\/\"}]}<\/script>\n<!-- \/ Yoast SEO plugin. -->","yoast_head_json":{"title":"Grupo Koch: 512 vagas de emprego abertas pelo pa\u00eds -","description":"Veja em Vagas de Emprego RJ as vagas de emprego com e sem experi\u00eancia no seu Estado e Regi\u00e3o!","robots":{"index":"index","follow":"follow","max-snippet":"max-snippet:-1","max-image-preview":"max-image-preview:large","max-video-preview":"max-video-preview:-1"},"canonical":"https:\/\/www.vagadeempregorj.com.br\/fr\/grupo-koch-512-vagas-de-emprego-abertas-pelo-pais\/","og_locale":"fr_FR","og_type":"article","og_title":"Grupo Koch: 512 vagas de emprego abertas pelo pa\u00eds -","og_description":"Veja em Vagas de Emprego RJ as vagas de emprego com e sem experi\u00eancia no seu Estado e Regi\u00e3o!","og_url":"https:\/\/www.vagadeempregorj.com.br\/fr\/grupo-koch-512-vagas-de-emprego-abertas-pelo-pais\/","article_publisher":"https:\/\/www.facebook.com\/empregobrasiloficial","article_published_time":"2025-01-07T09:00:00+00:00","og_image":[{"width":1000,"height":750,"url":"https:\/\/www.vagadeempregorj.com.br\/wp-content\/uploads\/2024\/12\/image-26.png","type":"image\/png"}],"author":"Michele","twitter_card":"summary_large_image","twitter_misc":{"\u00c9crit par":"Michele","Dur\u00e9e de lecture estim\u00e9e":"4 minutes"},"schema":{"@context":"https:\/\/schema.org","@graph":[{"@type":"Article","@id":"https:\/\/www.vagadeempregorj.com.br\/grupo-koch-512-vagas-de-emprego-abertas-pelo-pais\/#article","isPartOf":{"@id":"https:\/\/www.vagadeempregorj.com.br\/grupo-koch-512-vagas-de-emprego-abertas-pelo-pais\/"},"author":{"name":"Michele","@id":"https:\/\/www.vagadeempregorj.com.br\/#\/schema\/person\/3ddb19fa0539706786e502152f3aae95"},"headline":"Grupo Koch: 512 vagas de emprego abertas pelo pa\u00eds","datePublished":"2025-01-07T09:00:00+00:00","mainEntityOfPage":{"@id":"https:\/\/www.vagadeempregorj.com.br\/grupo-koch-512-vagas-de-emprego-abertas-pelo-pais\/"},"wordCount":774,"image":{"@id":"https:\/\/www.vagadeempregorj.com.br\/grupo-koch-512-vagas-de-emprego-abertas-pelo-pais\/#primaryimage"},"thumbnailUrl":"https:\/\/www.vagadeempregorj.com.br\/wp-content\/uploads\/2024\/12\/image-26.png","keywords":["empregos","oportunidades"],"articleSection":["Vagas de Emprego Nacionais"],"inLanguage":"fr-FR"},{"@type":"WebPage","@id":"https:\/\/www.vagadeempregorj.com.br\/grupo-koch-512-vagas-de-emprego-abertas-pelo-pais\/","url":"https:\/\/www.vagadeempregorj.com.br\/grupo-koch-512-vagas-de-emprego-abertas-pelo-pais\/","name":"Grupo Koch: 512 vagas de emprego abertas pelo pa\u00eds -","isPartOf":{"@id":"https:\/\/www.vagadeempregorj.com.br\/#website"},"primaryImageOfPage":{"@id":"https:\/\/www.vagadeempregorj.com.br\/grupo-koch-512-vagas-de-emprego-abertas-pelo-pais\/#primaryimage"},"image":{"@id":"https:\/\/www.vagadeempregorj.com.br\/grupo-koch-512-vagas-de-emprego-abertas-pelo-pais\/#primaryimage"},"thumbnailUrl":"https:\/\/www.vagadeempregorj.com.br\/wp-content\/uploads\/2024\/12\/image-26.png","datePublished":"2025-01-07T09:00:00+00:00","author":{"@id":"https:\/\/www.vagadeempregorj.com.br\/#\/schema\/person\/3ddb19fa0539706786e502152f3aae95"},"description":"Veja em Vagas de Emprego RJ as vagas de emprego com e sem experi\u00eancia no seu Estado e Regi\u00e3o!","breadcrumb":{"@id":"https:\/\/www.vagadeempregorj.com.br\/grupo-koch-512-vagas-de-emprego-abertas-pelo-pais\/#breadcrumb"},"inLanguage":"fr-FR","potentialAction":[{"@type":"ReadAction","target":["https:\/\/www.vagadeempregorj.com.br\/grupo-koch-512-vagas-de-emprego-abertas-pelo-pais\/"]}]},{"@type":"ImageObject","inLanguage":"fr-FR","@id":"https:\/\/www.vagadeempregorj.com.br\/grupo-koch-512-vagas-de-emprego-abertas-pelo-pais\/#primaryimage","url":"https:\/\/www.vagadeempregorj.com.br\/wp-content\/uploads\/2024\/12\/image-26.png","contentUrl":"https:\/\/www.vagadeempregorj.com.br\/wp-content\/uploads\/2024\/12\/image-26.png","width":1000,"height":750,"caption":"Grupo Koch"},{"@type":"BreadcrumbList","@id":"https:\/\/www.vagadeempregorj.com.br\/grupo-koch-512-vagas-de-emprego-abertas-pelo-pais\/#breadcrumb","itemListElement":[{"@type":"ListItem","position":1,"name":"In\u00edcio","item":"https:\/\/www.vagadeempregorj.com.br\/"},{"@type":"ListItem","position":2,"name":"Vagas de Emprego Nacionais","item":"https:\/\/www.vagadeempregorj.com.br\/vagas-de-emprego-nacionais\/"},{"@type":"ListItem","position":3,"name":"Grupo Koch: 512 vagas de emprego abertas pelo pa\u00eds"}]},{"@type":"WebSite","@id":"https:\/\/www.vagadeempregorj.com.br\/#website","url":"https:\/\/www.vagadeempregorj.com.br\/","name":"","description":"Conquiste Sonhos: Vagas, Benef\u00edcios e Economia para Transformar Vidas e Alcan\u00e7ar Melhorias Cotidianas","potentialAction":[{"@type":"SearchAction","target":{"@type":"EntryPoint","urlTemplate":"https:\/\/www.vagadeempregorj.com.br\/?s={search_term_string}"},"query-input":{"@type":"PropertyValueSpecification","valueRequired":true,"valueName":"search_term_string"}}],"inLanguage":"fr-FR"},{"@type":"Person","@id":"https:\/\/www.vagadeempregorj.com.br\/#\/schema\/person\/3ddb19fa0539706786e502152f3aae95","name":"Michele","image":{"@type":"ImageObject","inLanguage":"fr-FR","@id":"https:\/\/secure.gravatar.com\/avatar\/6b0eb9d22841282815e2cd856a0061c45e1761cd54b22e952d98c4746939aa85?s=96&r=g","url":"https:\/\/secure.gravatar.com\/avatar\/6b0eb9d22841282815e2cd856a0061c45e1761cd54b22e952d98c4746939aa85?s=96&r=g","contentUrl":"https:\/\/secure.gravatar.com\/avatar\/6b0eb9d22841282815e2cd856a0061c45e1761cd54b22e952d98c4746939aa85?s=96&r=g","caption":"Michele"},"description":"Formada em Letras - Portugu\u00eas\/ Ingl\u00eas, e idealizadora do site Escritora de Sucesso, busca expandir o conhecimento de todos com informa\u00e7\u00f5es relevantes sobre diversos assuntos, enquanto redatora. No Vaga de Emprego RJ, traz oportunidades e dicas sobre o mercado de trabalho.","url":"https:\/\/www.vagadeempregorj.com.br\/fr\/author\/michele\/"}]}},"_links":{"self":[{"href":"https:\/\/www.vagadeempregorj.com.br\/fr\/wp-json\/wp\/v2\/posts\/41660","targetHints":{"allow":["GET"]}}],"collection":[{"href":"https:\/\/www.vagadeempregorj.com.br\/fr\/wp-json\/wp\/v2\/posts"}],"about":[{"href":"https:\/\/www.vagadeempregorj.com.br\/fr\/wp-json\/wp\/v2\/types\/post"}],"author":[{"embeddable":true,"href":"https:\/\/www.vagadeempregorj.com.br\/fr\/wp-json\/wp\/v2\/users\/16"}],"replies":[{"embeddable":true,"href":"https:\/\/www.vagadeempregorj.com.br\/fr\/wp-json\/wp\/v2\/comments?post=41660"}],"version-history":[{"count":0,"href":"https:\/\/www.vagadeempregorj.com.br\/fr\/wp-json\/wp\/v2\/posts\/41660\/revisions"}],"wp:featuredmedia":[{"embeddable":true,"href":"https:\/\/www.vagadeempregorj.com.br\/fr\/wp-json\/wp\/v2\/media\/41674"}],"wp:attachment":[{"href":"https:\/\/www.vagadeempregorj.com.br\/fr\/wp-json\/wp\/v2\/media?parent=41660"}],"wp:term":[{"taxonomy":"category","embeddable":true,"href":"https:\/\/www.vagadeempregorj.com.br\/fr\/wp-json\/wp\/v2\/categories?post=41660"},{"taxonomy":"post_tag","embeddable":true,"href":"https:\/\/www.vagadeempregorj.com.br\/fr\/wp-json\/wp\/v2\/tags?post=41660"}],"curies":[{"name":"wp","href":"https:\/\/api.w.org\/{rel}","templated":true}]}}