{"id":41704,"date":"2025-01-06T09:19:17","date_gmt":"2025-01-06T12:19:17","guid":{"rendered":"https:\/\/www.vagadeempregorj.com.br\/?p=41704"},"modified":"2025-01-06T09:19:18","modified_gmt":"2025-01-06T12:19:18","slug":"vagas-graduacao-ifma-2025-inscricoes-abertas","status":"publish","type":"post","link":"https:\/\/www.vagadeempregorj.com.br\/fr\/vagas-graduacao-ifma-2025-inscricoes-abertas\/","title":{"rendered":"Vagas de Gradua\u00e7\u00e3o no IFMA 2025: Inscri\u00e7\u00f5es Abertas no Sisu"},"content":{"rendered":"<p class=\"has-medium-font-size\">O Instituto Federal do Maranh\u00e3o (IFMA) est\u00e1 oferecendo vagas de gradua\u00e7\u00e3o no IFMA 2025 para 2.397 estudantes, distribu\u00eddas entre 20 c\u00e2mpus no estado. Nesse sentido, o processo seletivo ser\u00e1 realizado atrav\u00e9s do Sistema de Sele\u00e7\u00e3o \u00danica (Sisu), utilizando as notas do Exame Nacional do Ensino M\u00e9dio (Enem) 2024. Al\u00e9m disso, esse \u00e9 um dos maiores concursos de ingresso \u00e0 educa\u00e7\u00e3o superior do pa\u00eds, e uma excelente oportunidade para quem almeja uma forma\u00e7\u00e3o de qualidade em uma institui\u00e7\u00e3o p\u00fablica.<\/p>\n\n\n\n<h3 class=\"wp-block-heading\"><strong>Inscri\u00e7\u00f5es para as Vagas de Gradua\u00e7\u00e3o no IFMA 2025<\/strong><\/h3>\n\n\n\n<p class=\"has-medium-font-size\">Para aumentar suas chances de ser aprovado nas vagas de gradua\u00e7\u00e3o no IFMA 2025, os candidatos precisam se preparar bem para o Enem. De fato, as notas do exame s\u00e3o um dos crit\u00e9rios principais para a sele\u00e7\u00e3o, e quanto melhor a nota, mais chances os candidatos ter\u00e3o de se classificar para a vaga desejada.<\/p>\n\n\n\n<p class=\"has-medium-font-size\">\u00c9 importante ressaltar que o Sisu utiliza as notas do <strong>Enem 2024<\/strong> para classificar os candidatos. Portanto, os estudantes devem ter participado do Enem 2024 e obtido uma nota suficiente para concorrer \u00e0s vagas oferecidas. O edital completo do IFMA, dispon\u00edvel no site oficial, traz todas as informa\u00e7\u00f5es detalhadas sobre o processo seletivo, incluindo regras espec\u00edficas sobre o sistema de cotas e o processo de heteroidentifica\u00e7\u00e3o.<\/p>\n\n\n\n<h3 class=\"wp-block-heading\"><strong>C\u00e2mpus do IFMA que Oferecem as Vagas de Gradua\u00e7\u00e3o no IFMA 2025<\/strong><\/h3>\n\n\n\n<p class=\"has-medium-font-size\">As <strong>vagas de gradua\u00e7\u00e3o no IFMA 2025<\/strong> ser\u00e3o distribu\u00eddas entre os 20 c\u00e2mpus do instituto espalhados pelo estado. Cada c\u00e2mpus oferecer\u00e1 cursos presenciais nas mais diversas \u00e1reas de conhecimento. Os c\u00e2mpus que participar\u00e3o da oferta de vagas s\u00e3o:<\/p>\n\n\n\n<ul class=\"wp-block-list\">\n<li>Campus S\u00e3o Lu\u00eds Monte Castelo<\/li>\n\n\n\n<li>S\u00e3o Lu\u00eds Maracan\u00e3<\/li>\n\n\n\n<li>S\u00e3o Lu\u00eds Centro Hist\u00f3rico<\/li>\n\n\n\n<li>S\u00e3o Jos\u00e9 de Ribamar<\/li>\n\n\n\n<li>Alc\u00e2ntara<\/li>\n\n\n\n<li>Barra do Corda<\/li>\n\n\n\n<li>A\u00e7ail\u00e2ndia<\/li>\n\n\n\n<li>Bacabal<\/li>\n\n\n\n<li>Barreirinhas<\/li>\n\n\n\n<li>Buriticupu<\/li>\n\n\n\n<li>Cod\u00f3<\/li>\n\n\n\n<li>Santa In\u00eas<\/li>\n\n\n\n<li>S\u00e3o Jo\u00e3o dos Patos<\/li>\n\n\n\n<li>S\u00e3o Raimundo das Mangabeiras<\/li>\n\n\n\n<li>Timon<\/li>\n\n\n\n<li>Z\u00e9 Doca<\/li>\n\n\n\n<li>Caxias<\/li>\n\n\n\n<li>Imperatriz<\/li>\n\n\n\n<li>Pedreiras<\/li>\n\n\n\n<li>Pinheiro<\/li>\n<\/ul>\n\n\n\n<p class=\"has-medium-font-size\">Essa ampla oferta de vagas em c\u00e2mpus localizados em diferentes regi\u00f5es do Maranh\u00e3o permite que os candidatos escolham o curso e o local que mais se adequam ao seu perfil e \u00e0 sua realidade. Al\u00e9m disso, o IFMA \u00e9 conhecido pela excel\u00eancia na forma\u00e7\u00e3o acad\u00eamica, o que faz dessas <strong>vagas de gradua\u00e7\u00e3o no IFMA 2025<\/strong> uma excelente oportunidade para quem deseja um ensino superior de qualidade.<\/p>\n\n\n\n<h3 class=\"wp-block-heading\"><strong>Detalhes Importantes do Processo Seletivo<\/strong><\/h3>\n\n\n\n<p class=\"has-medium-font-size\">Uma das principais vantagens de ingressar no IFMA \u00e9 a acessibilidade do processo seletivo. Como j\u00e1 mencionamos, os candidatos devem se inscrever por meio do Sisu, utilizando as notas do Enem 2024. Al\u00e9m disso, a institui\u00e7\u00e3o divulgar\u00e1 o resultado da chamada regular no dia 26 de janeiro de 2025, e os candidatos aprovados precisar\u00e3o realizar suas matr\u00edculas entre os dias 27 de janeiro e 4 de fevereiro.<\/p>\n\n\n\n<p class=\"has-medium-font-size\">Se houver vagas remanescentes ap\u00f3s o per\u00edodo de matr\u00edculas regulares, o IFMA convocar\u00e1 os candidatos inscritos na lista de espera. Essa \u00e9 uma excelente oportunidade para quem n\u00e3o foi aprovado na chamada regular, mas ainda assim deseja garantir sua vaga na institui\u00e7\u00e3o. A partir de 11 de fevereiro de 2025, as inscri\u00e7\u00f5es para a lista de espera estar\u00e3o abertas.<\/p>\n\n\n\n<h3 class=\"wp-block-heading\"><strong>Cursos Oferecidos nas Vagas de Gradua\u00e7\u00e3o no IFMA 2025<\/strong><\/h3>\n\n\n\n<p class=\"has-medium-font-size\">O IFMA oferece uma ampla gama de cursos de gradua\u00e7\u00e3o nas \u00e1reas de tecnologia, engenharia, ci\u00eancias sociais, ci\u00eancias humanas, sa\u00fade, entre outras. As vagas de gradua\u00e7\u00e3o no IFMA 2025 atendem \u00e0 crescente demanda por profissionais qualificados nessas \u00e1reas, preparando os alunos para enfrentar os desafios do mercado de trabalho.<\/p>\n\n\n\n<p class=\"has-medium-font-size\">Al\u00e9m disso, a institui\u00e7\u00e3o oferece infraestrutura de ponta, laborat\u00f3rios modernos, bem como uma metodologia de ensino que alia teoria e pr\u00e1tica, o que permite que os alunos se formem com uma s\u00f3lida base acad\u00eamica e pr\u00e1tica. Estudantes do IFMA t\u00eam acesso a diversos programas de interc\u00e2mbio e oportunidades de est\u00e1gio, o que contribui para o desenvolvimento profissional e pessoal.<\/p>\n\n\n\n<h3 class=\"wp-block-heading\"><strong>Como Maximizar Suas Chances no Processo Seletivo<\/strong><\/h3>\n\n\n\n<p class=\"has-medium-font-size\">Para aumentar suas chances de aprova\u00e7\u00e3o nas vagas de gradua\u00e7\u00e3o no IFMA 2025, os candidatos devem se preparar bem para o Enem. De fato, as notas do exame s\u00e3o um dos crit\u00e9rios principais para a sele\u00e7\u00e3o, e quanto melhor a nota, mais chances os candidatos ter\u00e3o de se classificar para a vaga desejada. Al\u00e9m disso, investir em cursos preparat\u00f3rios, fazer simulados e revisar os conte\u00fados do Enem s\u00e3o estrat\u00e9gias que podem ajudar a alcan\u00e7ar um bom desempenho.<\/p>\n\n\n\n<h3 class=\"wp-block-heading\"><strong>Conclus\u00e3o<\/strong><\/h3>\n\n\n\n<p class=\"has-medium-font-size\">As vagas de gradua\u00e7\u00e3o no IFMA 2025 representam uma excelente oportunidade para quem deseja ingressar em um curso superior de qualidade e tem interesse em estudar em um dos 20 c\u00e2mpus do instituto espalhados pelo Maranh\u00e3o. Al\u00e9m disso, com a abertura das inscri\u00e7\u00f5es em janeiro e a divulga\u00e7\u00e3o do resultado da chamada regular em 26 de janeiro, os candidatos devem ficar atentos ao cronograma do processo seletivo e \u00e0s regras estabelecidas no edital. Portanto, se voc\u00ea \u00e9 um dos aprovados, estar\u00e1 dando um grande passo para uma forma\u00e7\u00e3o acad\u00eamica s\u00f3lida e uma carreira promissora.&#8221;<\/p>\n\n\n\n<hr class=\"wp-block-separator has-alpha-channel-opacity\"\/>\n\n\n\n<p class=\"has-medium-font-size\"><em><a href=\"https:\/\/www.vagadeempregorj.com.br\/fr\/conseguir-emprego\/\">Como se preparar para o Sisu 2025: Dicas para garantir sua vaga<\/a><\/em><\/p>\n\n\n\n<p><\/p>","protected":false},"excerpt":{"rendered":"<p>O Instituto Federal do Maranh\u00e3o (IFMA) est\u00e1 oferecendo vagas de gradua\u00e7\u00e3o no IFMA 2025 para 2.397 estudantes, distribu\u00eddas entre 20 c\u00e2mpus no estado. Nesse sentido, o processo seletivo ser\u00e1 realizado atrav\u00e9s do Sistema de Sele\u00e7\u00e3o \u00danica (Sisu), utilizando as notas do Exame Nacional do Ensino M\u00e9dio (Enem) 2024. Al\u00e9m disso, esse \u00e9 um dos maiores&hellip;&nbsp;<\/p>","protected":false},"author":1,"featured_media":41705,"comment_status":"closed","ping_status":"closed","sticky":false,"template":"","format":"standard","meta":{"neve_meta_sidebar":"","neve_meta_container":"","neve_meta_enable_content_width":"","neve_meta_content_width":0,"neve_meta_title_alignment":"","neve_meta_author_avatar":"","neve_post_elements_order":"","neve_meta_disable_header":"","neve_meta_disable_footer":"","neve_meta_disable_title":"","footnotes":""},"categories":[1],"tags":[866,865,863,864,862],"class_list":["post-41704","post","type-post","status-publish","format-standard","has-post-thumbnail","hentry","category-beneficios-sociais","tag-enem-2024","tag-ifma-2025","tag-processo-seletivo","tag-sisu-2025","tag-vagas-de-graduacao"],"yoast_head":"<!-- This site is optimized with the Yoast SEO plugin v27.5 - https:\/\/yoast.com\/product\/yoast-seo-wordpress\/ -->\n<title>Vagas de Gradua\u00e7\u00e3o no IFMA 2025: Inscri\u00e7\u00f5es Abertas no Sisu -<\/title>\n<meta name=\"description\" content=\"Confira as vagas de gradua\u00e7\u00e3o no IFMA 2025. Inscri\u00e7\u00f5es abertas entre 17 e 21 de janeiro pelo Sisu. Saiba tudo sobre cursos e sele\u00e7\u00e3o!\" \/>\n<meta name=\"robots\" content=\"index, follow, max-snippet:-1, max-image-preview:large, max-video-preview:-1\" \/>\n<link rel=\"canonical\" href=\"https:\/\/www.vagadeempregorj.com.br\/fr\/vagas-graduacao-ifma-2025-inscricoes-abertas\/\" \/>\n<meta property=\"og:locale\" content=\"fr_FR\" \/>\n<meta property=\"og:type\" content=\"article\" \/>\n<meta property=\"og:title\" content=\"Vagas de Gradua\u00e7\u00e3o no IFMA 2025: Inscri\u00e7\u00f5es Abertas no Sisu -\" \/>\n<meta property=\"og:description\" content=\"Confira as vagas de gradua\u00e7\u00e3o no IFMA 2025. Inscri\u00e7\u00f5es abertas entre 17 e 21 de janeiro pelo Sisu. Saiba tudo sobre cursos e sele\u00e7\u00e3o!\" \/>\n<meta property=\"og:url\" content=\"https:\/\/www.vagadeempregorj.com.br\/fr\/vagas-graduacao-ifma-2025-inscricoes-abertas\/\" \/>\n<meta property=\"article:publisher\" content=\"https:\/\/www.facebook.com\/empregobrasiloficial\" \/>\n<meta property=\"article:published_time\" content=\"2025-01-06T12:19:17+00:00\" \/>\n<meta property=\"article:modified_time\" content=\"2025-01-06T12:19:18+00:00\" \/>\n<meta property=\"og:image\" content=\"https:\/\/www.vagadeempregorj.com.br\/wp-content\/uploads\/2025\/01\/Vagas-de-Graduacao-no-IFMA-2025.jpg\" \/>\n\t<meta property=\"og:image:width\" content=\"780\" \/>\n\t<meta property=\"og:image:height\" content=\"427\" \/>\n\t<meta property=\"og:image:type\" content=\"image\/jpeg\" \/>\n<meta name=\"author\" content=\"Ana B.\" \/>\n<meta name=\"twitter:card\" content=\"summary_large_image\" \/>\n<meta name=\"twitter:label1\" content=\"\u00c9crit par\" \/>\n\t<meta name=\"twitter:data1\" content=\"Ana B.\" \/>\n\t<meta name=\"twitter:label2\" content=\"Dur\u00e9e de lecture estim\u00e9e\" \/>\n\t<meta name=\"twitter:data2\" content=\"4 minutes\" \/>\n<script type=\"application\/ld+json\" class=\"yoast-schema-graph\">{\"@context\":\"https:\\\/\\\/schema.org\",\"@graph\":[{\"@type\":\"Article\",\"@id\":\"https:\\\/\\\/www.vagadeempregorj.com.br\\\/vagas-graduacao-ifma-2025-inscricoes-abertas\\\/#article\",\"isPartOf\":{\"@id\":\"https:\\\/\\\/www.vagadeempregorj.com.br\\\/vagas-graduacao-ifma-2025-inscricoes-abertas\\\/\"},\"author\":{\"name\":\"Ana B.\",\"@id\":\"https:\\\/\\\/www.vagadeempregorj.com.br\\\/#\\\/schema\\\/person\\\/c0c38d5d765e86c3b7c8f12fb1ae6477\"},\"headline\":\"Vagas de Gradua\u00e7\u00e3o no IFMA 2025: Inscri\u00e7\u00f5es Abertas no Sisu\",\"datePublished\":\"2025-01-06T12:19:17+00:00\",\"dateModified\":\"2025-01-06T12:19:18+00:00\",\"mainEntityOfPage\":{\"@id\":\"https:\\\/\\\/www.vagadeempregorj.com.br\\\/vagas-graduacao-ifma-2025-inscricoes-abertas\\\/\"},\"wordCount\":886,\"image\":{\"@id\":\"https:\\\/\\\/www.vagadeempregorj.com.br\\\/vagas-graduacao-ifma-2025-inscricoes-abertas\\\/#primaryimage\"},\"thumbnailUrl\":\"https:\\\/\\\/www.vagadeempregorj.com.br\\\/wp-content\\\/uploads\\\/2025\\\/01\\\/Vagas-de-Graduacao-no-IFMA-2025.jpg\",\"keywords\":[\"Enem 2024\",\"IFMA 2025\",\"processo seletivo\",\"Sisu 2025\",\"vagas de gradua\u00e7\u00e3o\"],\"articleSection\":[\"Benef\u00edcios Sociais\"],\"inLanguage\":\"fr-FR\"},{\"@type\":\"WebPage\",\"@id\":\"https:\\\/\\\/www.vagadeempregorj.com.br\\\/vagas-graduacao-ifma-2025-inscricoes-abertas\\\/\",\"url\":\"https:\\\/\\\/www.vagadeempregorj.com.br\\\/vagas-graduacao-ifma-2025-inscricoes-abertas\\\/\",\"name\":\"Vagas de Gradua\u00e7\u00e3o no IFMA 2025: Inscri\u00e7\u00f5es Abertas no Sisu -\",\"isPartOf\":{\"@id\":\"https:\\\/\\\/www.vagadeempregorj.com.br\\\/#website\"},\"primaryImageOfPage\":{\"@id\":\"https:\\\/\\\/www.vagadeempregorj.com.br\\\/vagas-graduacao-ifma-2025-inscricoes-abertas\\\/#primaryimage\"},\"image\":{\"@id\":\"https:\\\/\\\/www.vagadeempregorj.com.br\\\/vagas-graduacao-ifma-2025-inscricoes-abertas\\\/#primaryimage\"},\"thumbnailUrl\":\"https:\\\/\\\/www.vagadeempregorj.com.br\\\/wp-content\\\/uploads\\\/2025\\\/01\\\/Vagas-de-Graduacao-no-IFMA-2025.jpg\",\"datePublished\":\"2025-01-06T12:19:17+00:00\",\"dateModified\":\"2025-01-06T12:19:18+00:00\",\"author\":{\"@id\":\"https:\\\/\\\/www.vagadeempregorj.com.br\\\/#\\\/schema\\\/person\\\/c0c38d5d765e86c3b7c8f12fb1ae6477\"},\"description\":\"Confira as vagas de gradua\u00e7\u00e3o no IFMA 2025. Inscri\u00e7\u00f5es abertas entre 17 e 21 de janeiro pelo Sisu. Saiba tudo sobre cursos e sele\u00e7\u00e3o!\",\"breadcrumb\":{\"@id\":\"https:\\\/\\\/www.vagadeempregorj.com.br\\\/vagas-graduacao-ifma-2025-inscricoes-abertas\\\/#breadcrumb\"},\"inLanguage\":\"fr-FR\",\"potentialAction\":[{\"@type\":\"ReadAction\",\"target\":[\"https:\\\/\\\/www.vagadeempregorj.com.br\\\/vagas-graduacao-ifma-2025-inscricoes-abertas\\\/\"]}]},{\"@type\":\"ImageObject\",\"inLanguage\":\"fr-FR\",\"@id\":\"https:\\\/\\\/www.vagadeempregorj.com.br\\\/vagas-graduacao-ifma-2025-inscricoes-abertas\\\/#primaryimage\",\"url\":\"https:\\\/\\\/www.vagadeempregorj.com.br\\\/wp-content\\\/uploads\\\/2025\\\/01\\\/Vagas-de-Graduacao-no-IFMA-2025.jpg\",\"contentUrl\":\"https:\\\/\\\/www.vagadeempregorj.com.br\\\/wp-content\\\/uploads\\\/2025\\\/01\\\/Vagas-de-Graduacao-no-IFMA-2025.jpg\",\"width\":780,\"height\":427,\"caption\":\"Vagas de Gradua\u00e7\u00e3o no IFMA 2025\"},{\"@type\":\"BreadcrumbList\",\"@id\":\"https:\\\/\\\/www.vagadeempregorj.com.br\\\/vagas-graduacao-ifma-2025-inscricoes-abertas\\\/#breadcrumb\",\"itemListElement\":[{\"@type\":\"ListItem\",\"position\":1,\"name\":\"In\u00edcio\",\"item\":\"https:\\\/\\\/www.vagadeempregorj.com.br\\\/\"},{\"@type\":\"ListItem\",\"position\":2,\"name\":\"Benef\u00edcios Sociais\",\"item\":\"https:\\\/\\\/www.vagadeempregorj.com.br\\\/beneficios-sociais\\\/\"},{\"@type\":\"ListItem\",\"position\":3,\"name\":\"Vagas de Gradua\u00e7\u00e3o no IFMA 2025: Inscri\u00e7\u00f5es Abertas no Sisu\"}]},{\"@type\":\"WebSite\",\"@id\":\"https:\\\/\\\/www.vagadeempregorj.com.br\\\/#website\",\"url\":\"https:\\\/\\\/www.vagadeempregorj.com.br\\\/\",\"name\":\"\",\"description\":\"Conquiste Sonhos: Vagas, Benef\u00edcios e Economia para Transformar Vidas e Alcan\u00e7ar Melhorias Cotidianas\",\"potentialAction\":[{\"@type\":\"SearchAction\",\"target\":{\"@type\":\"EntryPoint\",\"urlTemplate\":\"https:\\\/\\\/www.vagadeempregorj.com.br\\\/?s={search_term_string}\"},\"query-input\":{\"@type\":\"PropertyValueSpecification\",\"valueRequired\":true,\"valueName\":\"search_term_string\"}}],\"inLanguage\":\"fr-FR\"},{\"@type\":\"Person\",\"@id\":\"https:\\\/\\\/www.vagadeempregorj.com.br\\\/#\\\/schema\\\/person\\\/c0c38d5d765e86c3b7c8f12fb1ae6477\",\"name\":\"Ana B.\",\"image\":{\"@type\":\"ImageObject\",\"inLanguage\":\"fr-FR\",\"@id\":\"https:\\\/\\\/secure.gravatar.com\\\/avatar\\\/f5efa58599e07f8dd92f26c7cfbc442fd115582bc681245452e503c2ef2334f3?s=96&r=g\",\"url\":\"https:\\\/\\\/secure.gravatar.com\\\/avatar\\\/f5efa58599e07f8dd92f26c7cfbc442fd115582bc681245452e503c2ef2334f3?s=96&r=g\",\"contentUrl\":\"https:\\\/\\\/secure.gravatar.com\\\/avatar\\\/f5efa58599e07f8dd92f26c7cfbc442fd115582bc681245452e503c2ef2334f3?s=96&r=g\",\"caption\":\"Ana B.\"},\"description\":\"Meu nome \u00e9 Ana e sou apaixonada em escrever. Dedico meu tempo escrevendo not\u00edcias e vagas de emprego diariamente no portal Vaga de Emprego RJ.\",\"url\":\"https:\\\/\\\/www.vagadeempregorj.com.br\\\/fr\\\/author\\\/vgrj\\\/\"}]}<\/script>\n<!-- \/ Yoast SEO plugin. -->","yoast_head_json":{"title":"Vagas de Gradua\u00e7\u00e3o no IFMA 2025: Inscri\u00e7\u00f5es Abertas no Sisu -","description":"Confira as vagas de gradua\u00e7\u00e3o no IFMA 2025. Inscri\u00e7\u00f5es abertas entre 17 e 21 de janeiro pelo Sisu. Saiba tudo sobre cursos e sele\u00e7\u00e3o!","robots":{"index":"index","follow":"follow","max-snippet":"max-snippet:-1","max-image-preview":"max-image-preview:large","max-video-preview":"max-video-preview:-1"},"canonical":"https:\/\/www.vagadeempregorj.com.br\/fr\/vagas-graduacao-ifma-2025-inscricoes-abertas\/","og_locale":"fr_FR","og_type":"article","og_title":"Vagas de Gradua\u00e7\u00e3o no IFMA 2025: Inscri\u00e7\u00f5es Abertas no Sisu -","og_description":"Confira as vagas de gradua\u00e7\u00e3o no IFMA 2025. Inscri\u00e7\u00f5es abertas entre 17 e 21 de janeiro pelo Sisu. Saiba tudo sobre cursos e sele\u00e7\u00e3o!","og_url":"https:\/\/www.vagadeempregorj.com.br\/fr\/vagas-graduacao-ifma-2025-inscricoes-abertas\/","article_publisher":"https:\/\/www.facebook.com\/empregobrasiloficial","article_published_time":"2025-01-06T12:19:17+00:00","article_modified_time":"2025-01-06T12:19:18+00:00","og_image":[{"width":780,"height":427,"url":"https:\/\/www.vagadeempregorj.com.br\/wp-content\/uploads\/2025\/01\/Vagas-de-Graduacao-no-IFMA-2025.jpg","type":"image\/jpeg"}],"author":"Ana B.","twitter_card":"summary_large_image","twitter_misc":{"\u00c9crit par":"Ana B.","Dur\u00e9e de lecture estim\u00e9e":"4 minutes"},"schema":{"@context":"https:\/\/schema.org","@graph":[{"@type":"Article","@id":"https:\/\/www.vagadeempregorj.com.br\/vagas-graduacao-ifma-2025-inscricoes-abertas\/#article","isPartOf":{"@id":"https:\/\/www.vagadeempregorj.com.br\/vagas-graduacao-ifma-2025-inscricoes-abertas\/"},"author":{"name":"Ana B.","@id":"https:\/\/www.vagadeempregorj.com.br\/#\/schema\/person\/c0c38d5d765e86c3b7c8f12fb1ae6477"},"headline":"Vagas de Gradua\u00e7\u00e3o no IFMA 2025: Inscri\u00e7\u00f5es Abertas no Sisu","datePublished":"2025-01-06T12:19:17+00:00","dateModified":"2025-01-06T12:19:18+00:00","mainEntityOfPage":{"@id":"https:\/\/www.vagadeempregorj.com.br\/vagas-graduacao-ifma-2025-inscricoes-abertas\/"},"wordCount":886,"image":{"@id":"https:\/\/www.vagadeempregorj.com.br\/vagas-graduacao-ifma-2025-inscricoes-abertas\/#primaryimage"},"thumbnailUrl":"https:\/\/www.vagadeempregorj.com.br\/wp-content\/uploads\/2025\/01\/Vagas-de-Graduacao-no-IFMA-2025.jpg","keywords":["Enem 2024","IFMA 2025","processo seletivo","Sisu 2025","vagas de gradua\u00e7\u00e3o"],"articleSection":["Benef\u00edcios Sociais"],"inLanguage":"fr-FR"},{"@type":"WebPage","@id":"https:\/\/www.vagadeempregorj.com.br\/vagas-graduacao-ifma-2025-inscricoes-abertas\/","url":"https:\/\/www.vagadeempregorj.com.br\/vagas-graduacao-ifma-2025-inscricoes-abertas\/","name":"Vagas de Gradua\u00e7\u00e3o no IFMA 2025: Inscri\u00e7\u00f5es Abertas no Sisu -","isPartOf":{"@id":"https:\/\/www.vagadeempregorj.com.br\/#website"},"primaryImageOfPage":{"@id":"https:\/\/www.vagadeempregorj.com.br\/vagas-graduacao-ifma-2025-inscricoes-abertas\/#primaryimage"},"image":{"@id":"https:\/\/www.vagadeempregorj.com.br\/vagas-graduacao-ifma-2025-inscricoes-abertas\/#primaryimage"},"thumbnailUrl":"https:\/\/www.vagadeempregorj.com.br\/wp-content\/uploads\/2025\/01\/Vagas-de-Graduacao-no-IFMA-2025.jpg","datePublished":"2025-01-06T12:19:17+00:00","dateModified":"2025-01-06T12:19:18+00:00","author":{"@id":"https:\/\/www.vagadeempregorj.com.br\/#\/schema\/person\/c0c38d5d765e86c3b7c8f12fb1ae6477"},"description":"Confira as vagas de gradua\u00e7\u00e3o no IFMA 2025. Inscri\u00e7\u00f5es abertas entre 17 e 21 de janeiro pelo Sisu. Saiba tudo sobre cursos e sele\u00e7\u00e3o!","breadcrumb":{"@id":"https:\/\/www.vagadeempregorj.com.br\/vagas-graduacao-ifma-2025-inscricoes-abertas\/#breadcrumb"},"inLanguage":"fr-FR","potentialAction":[{"@type":"ReadAction","target":["https:\/\/www.vagadeempregorj.com.br\/vagas-graduacao-ifma-2025-inscricoes-abertas\/"]}]},{"@type":"ImageObject","inLanguage":"fr-FR","@id":"https:\/\/www.vagadeempregorj.com.br\/vagas-graduacao-ifma-2025-inscricoes-abertas\/#primaryimage","url":"https:\/\/www.vagadeempregorj.com.br\/wp-content\/uploads\/2025\/01\/Vagas-de-Graduacao-no-IFMA-2025.jpg","contentUrl":"https:\/\/www.vagadeempregorj.com.br\/wp-content\/uploads\/2025\/01\/Vagas-de-Graduacao-no-IFMA-2025.jpg","width":780,"height":427,"caption":"Vagas de Gradua\u00e7\u00e3o no IFMA 2025"},{"@type":"BreadcrumbList","@id":"https:\/\/www.vagadeempregorj.com.br\/vagas-graduacao-ifma-2025-inscricoes-abertas\/#breadcrumb","itemListElement":[{"@type":"ListItem","position":1,"name":"In\u00edcio","item":"https:\/\/www.vagadeempregorj.com.br\/"},{"@type":"ListItem","position":2,"name":"Benef\u00edcios Sociais","item":"https:\/\/www.vagadeempregorj.com.br\/beneficios-sociais\/"},{"@type":"ListItem","position":3,"name":"Vagas de Gradua\u00e7\u00e3o no IFMA 2025: Inscri\u00e7\u00f5es Abertas no Sisu"}]},{"@type":"WebSite","@id":"https:\/\/www.vagadeempregorj.com.br\/#website","url":"https:\/\/www.vagadeempregorj.com.br\/","name":"","description":"Conquiste Sonhos: Vagas, Benef\u00edcios e Economia para Transformar Vidas e Alcan\u00e7ar Melhorias Cotidianas","potentialAction":[{"@type":"SearchAction","target":{"@type":"EntryPoint","urlTemplate":"https:\/\/www.vagadeempregorj.com.br\/?s={search_term_string}"},"query-input":{"@type":"PropertyValueSpecification","valueRequired":true,"valueName":"search_term_string"}}],"inLanguage":"fr-FR"},{"@type":"Person","@id":"https:\/\/www.vagadeempregorj.com.br\/#\/schema\/person\/c0c38d5d765e86c3b7c8f12fb1ae6477","name":"Ana B.","image":{"@type":"ImageObject","inLanguage":"fr-FR","@id":"https:\/\/secure.gravatar.com\/avatar\/f5efa58599e07f8dd92f26c7cfbc442fd115582bc681245452e503c2ef2334f3?s=96&r=g","url":"https:\/\/secure.gravatar.com\/avatar\/f5efa58599e07f8dd92f26c7cfbc442fd115582bc681245452e503c2ef2334f3?s=96&r=g","contentUrl":"https:\/\/secure.gravatar.com\/avatar\/f5efa58599e07f8dd92f26c7cfbc442fd115582bc681245452e503c2ef2334f3?s=96&r=g","caption":"Ana B."},"description":"Meu nome \u00e9 Ana e sou apaixonada em escrever. Dedico meu tempo escrevendo not\u00edcias e vagas de emprego diariamente no portal Vaga de Emprego RJ.","url":"https:\/\/www.vagadeempregorj.com.br\/fr\/author\/vgrj\/"}]}},"_links":{"self":[{"href":"https:\/\/www.vagadeempregorj.com.br\/fr\/wp-json\/wp\/v2\/posts\/41704","targetHints":{"allow":["GET"]}}],"collection":[{"href":"https:\/\/www.vagadeempregorj.com.br\/fr\/wp-json\/wp\/v2\/posts"}],"about":[{"href":"https:\/\/www.vagadeempregorj.com.br\/fr\/wp-json\/wp\/v2\/types\/post"}],"author":[{"embeddable":true,"href":"https:\/\/www.vagadeempregorj.com.br\/fr\/wp-json\/wp\/v2\/users\/1"}],"replies":[{"embeddable":true,"href":"https:\/\/www.vagadeempregorj.com.br\/fr\/wp-json\/wp\/v2\/comments?post=41704"}],"version-history":[{"count":0,"href":"https:\/\/www.vagadeempregorj.com.br\/fr\/wp-json\/wp\/v2\/posts\/41704\/revisions"}],"wp:featuredmedia":[{"embeddable":true,"href":"https:\/\/www.vagadeempregorj.com.br\/fr\/wp-json\/wp\/v2\/media\/41705"}],"wp:attachment":[{"href":"https:\/\/www.vagadeempregorj.com.br\/fr\/wp-json\/wp\/v2\/media?parent=41704"}],"wp:term":[{"taxonomy":"category","embeddable":true,"href":"https:\/\/www.vagadeempregorj.com.br\/fr\/wp-json\/wp\/v2\/categories?post=41704"},{"taxonomy":"post_tag","embeddable":true,"href":"https:\/\/www.vagadeempregorj.com.br\/fr\/wp-json\/wp\/v2\/tags?post=41704"}],"curies":[{"name":"wp","href":"https:\/\/api.w.org\/{rel}","templated":true}]}}