{"id":41874,"date":"2025-01-16T08:55:57","date_gmt":"2025-01-16T11:55:57","guid":{"rendered":"https:\/\/www.vagadeempregorj.com.br\/?p=41874"},"modified":"2025-01-16T08:55:58","modified_gmt":"2025-01-16T11:55:58","slug":"crescimento-servicos-sergipe-destaque-nacional","status":"publish","type":"post","link":"https:\/\/www.vagadeempregorj.com.br\/fr\/crescimento-servicos-sergipe-destaque-nacional\/","title":{"rendered":"Crescimento dos Servi\u00e7os em Sergipe: Lideran\u00e7a Nacional"},"content":{"rendered":"<h2 class=\"wp-block-heading\">Introdu\u00e7\u00e3o<\/h2>\n\n\n\n<p class=\"has-medium-font-size\">O crescimento dos servi\u00e7os em Sergipe colocou o estado em destaque no cen\u00e1rio nacional e regional. De dezembro de 2023 a novembro de 2024, Sergipe registrou avan\u00e7os expressivos na Receita Nominal de servi\u00e7os (13,8%), liderando o pa\u00eds, e no volume de servi\u00e7os (7,9%), ocupando a segunda posi\u00e7\u00e3o nacional. Esses resultados, divulgados pela Pesquisa Mensal de Servi\u00e7os (PMS) do IBGE, refletem impactos positivos na qualidade de vida e na economia local.<\/p>\n\n\n\n<h2 class=\"wp-block-heading\">O Avan\u00e7o do Setor de Servi\u00e7os<\/h2>\n\n\n\n<p class=\"has-medium-font-size\">O setor de servi\u00e7os desempenha papel fundamental na economia de Sergipe, sendo respons\u00e1vel por gerar o maior n\u00famero de empregos no estado. Em novembro de 2024, o volume de servi\u00e7os aumentou 11,9% em compara\u00e7\u00e3o ao mesmo per\u00edodo de 2023, alcan\u00e7ando a quinta posi\u00e7\u00e3o nacional. No mesmo m\u00eas, a Receita Nominal cresceu 14,9%, destacando Sergipe como o sexto maior crescimento no Brasil.<\/p>\n\n\n\n<p class=\"has-medium-font-size\">Esses resultados mostram a capacidade do estado de atender \u00e0s demandas econ\u00f4micas e sociais. \u201cA oferta diversificada de servi\u00e7os melhora o bem-estar social e a inclus\u00e3o econ\u00f4mica, fortalecendo o desenvolvimento humano no estado\u201d, afirma Jorge Teles, Secret\u00e1rio de Estado do Trabalho, Emprego e Empreendedorismo.<\/p>\n\n\n\n<p class=\"has-medium-font-size\">Com esse crescimento, Sergipe refor\u00e7a sua import\u00e2ncia no cen\u00e1rio regional. O setor de servi\u00e7os inclui \u00e1reas como transporte, alimenta\u00e7\u00e3o, comunica\u00e7\u00e3o e atividades administrativas, que s\u00e3o essenciais para a manuten\u00e7\u00e3o do ritmo econ\u00f4mico. Al\u00e9m disso, as empresas locais t\u00eam ampliado sua capacidade de atendimento, favorecendo o aumento do consumo e a gera\u00e7\u00e3o de renda.<\/p>\n\n\n\n<h2 class=\"wp-block-heading\">Impactos na Qualidade de Vida<\/h2>\n\n\n\n<p class=\"has-medium-font-size\">O crescimento dos servi\u00e7os em Sergipe tamb\u00e9m tem gerado impactos diretos na qualidade de vida da popula\u00e7\u00e3o. Dados recentes da Pnad Cont\u00ednua mostram que o rendimento m\u00e9dio mensal no estado aumentou para R$ 2.344 no terceiro trimestre de 2024, um crescimento de 2% em rela\u00e7\u00e3o ao trimestre anterior. Al\u00e9m disso, entre 2022 e 2023, aproximadamente 29 mil pessoas sa\u00edram da pobreza, evidenciando uma melhora significativa no \u00edndice de inclus\u00e3o econ\u00f4mica.<\/p>\n\n\n\n<p class=\"has-medium-font-size\">Segundo o IBGE, a redu\u00e7\u00e3o da pobreza no estado foi acompanhada por melhorias em indicadores sociais, como acesso a servi\u00e7os de sa\u00fade e educa\u00e7\u00e3o. Esse avan\u00e7o reflete n\u00e3o apenas o aumento da renda, mas tamb\u00e9m a expans\u00e3o de pol\u00edticas p\u00fablicas voltadas \u00e0 inclus\u00e3o social e ao desenvolvimento humano.<\/p>\n\n\n\n<h2 class=\"wp-block-heading\">Estrat\u00e9gias para Sustentar o Crescimento<\/h2>\n\n\n\n<p class=\"has-medium-font-size\">A sustentabilidade do crescimento econ\u00f4mico exige investimentos e pol\u00edticas p\u00fablicas. Gislaine Gois, gerente de Estat\u00edstica da Seteem, enfatiza a import\u00e2ncia de consolidar Sergipe como um polo econ\u00f4mico no Brasil. \u201c\u00c9 crucial investir em estrat\u00e9gias que garantam a continuidade desse progresso e ampliem o impacto social positivo\u201d, destacou.<\/p>\n\n\n\n<p class=\"has-medium-font-size\">Entre as iniciativas sugeridas, est\u00e3o o incentivo ao empreendedorismo e o apoio \u00e0 qualifica\u00e7\u00e3o profissional, que s\u00e3o fundamentais para aumentar a competitividade do setor. Tamb\u00e9m \u00e9 importante investir em infraestrutura e tecnologia, garantindo maior efici\u00eancia na presta\u00e7\u00e3o de servi\u00e7os e atraindo novos investimentos para o estado.<\/p>\n\n\n\n<h2 class=\"wp-block-heading\">Dados Complementares da PMS<\/h2>\n\n\n\n<p class=\"has-medium-font-size\">No acumulado de janeiro a novembro de 2024, Sergipe registrou o segundo maior crescimento da Receita Nominal no Brasil (13,7%) e, al\u00e9m disso, o terceiro maior crescimento no volume de servi\u00e7os (7,5%). Esses avan\u00e7os, portanto, consolidam o estado como uma refer\u00eancia tanto no setor de servi\u00e7os quanto na promo\u00e7\u00e3o de oportunidades econ\u00f4micas. Assim, Sergipe reafirma sua posi\u00e7\u00e3o de destaque no cen\u00e1rio nacional.<\/p>\n\n\n\n<p class=\"has-medium-font-size\">No entanto, a an\u00e1lise detalhada da PMS tamb\u00e9m aponta desafios. Em novembro de 2024, houve uma varia\u00e7\u00e3o negativa de -1,7% na Receita Nominal em rela\u00e7\u00e3o a outubro, indicando a necessidade de monitoramento constante e ajustes nas estrat\u00e9gias para mitigar oscila\u00e7\u00f5es sazonais.<\/p>\n\n\n\n<h2 class=\"wp-block-heading\">Conclus\u00e3o<\/h2>\n\n\n\n<p class=\"has-medium-font-size\">O crescimento dos servi\u00e7os em Sergipe \u00e9 um marco significativo, pois reflete avan\u00e7os econ\u00f4micos e melhorias na qualidade de vida. Al\u00e9m disso, para sustentar essa trajet\u00f3ria, \u00e9 essencial continuar investindo em pol\u00edticas que promovam tanto a inclus\u00e3o econ\u00f4mica quanto o desenvolvimento humano. Dessa forma, Sergipe demonstra que, com planejamento adequado e investimento cont\u00ednuo, \u00e9 poss\u00edvel transformar n\u00e3o apenas a economia, mas tamb\u00e9m a sociedade como um todo.<\/p>\n\n\n\n<p class=\"has-medium-font-size\">Al\u00e9m disso, a diversifica\u00e7\u00e3o do setor de servi\u00e7os \u00e9 um caminho promissor para garantir resili\u00eancia econ\u00f4mica e avan\u00e7os sociais. O foco em estrat\u00e9gias de longo prazo, aliado ao monitoramento de resultados, poder\u00e1 consolidar Sergipe como um exemplo de crescimento sustent\u00e1vel no Brasil.<\/p>\n\n\n\n<hr class=\"wp-block-separator has-alpha-channel-opacity\"\/>\n\n\n\n<p class=\"has-medium-font-size\"><a href=\"https:\/\/www.vagadeempregorj.com.br\/fr\/vagas-de-emprego-nacionais\/\">Conhe\u00e7a as iniciativas que impulsionam o desenvolvimento econ\u00f4mico em Sergipe.<\/a><\/p>","protected":false},"excerpt":{"rendered":"<p>Introdu\u00e7\u00e3o O crescimento dos servi\u00e7os em Sergipe colocou o estado em destaque no cen\u00e1rio nacional e regional. De dezembro de 2023 a novembro de 2024, Sergipe registrou avan\u00e7os expressivos na Receita Nominal de servi\u00e7os (13,8%), liderando o pa\u00eds, e no volume de servi\u00e7os (7,9%), ocupando a segunda posi\u00e7\u00e3o nacional. Esses resultados, divulgados pela Pesquisa Mensal&hellip;&nbsp;<\/p>","protected":false},"author":1,"featured_media":41875,"comment_status":"closed","ping_status":"closed","sticky":false,"template":"","format":"standard","meta":{"neve_meta_sidebar":"","neve_meta_container":"","neve_meta_enable_content_width":"","neve_meta_content_width":0,"neve_meta_title_alignment":"","neve_meta_author_avatar":"","neve_post_elements_order":"","neve_meta_disable_header":"","neve_meta_disable_footer":"","neve_meta_disable_title":"","footnotes":""},"categories":[123],"tags":[903,602,902,901,900],"class_list":["post-41874","post","type-post","status-publish","format-standard","has-post-thumbnail","hentry","category-vagas-de-emprego-nacionais","tag-crescimento-economico","tag-ibge","tag-qualidade-de-vida","tag-sergipe","tag-setor-de-servicos"],"yoast_head":"<!-- This site is optimized with the Yoast SEO plugin v27.5 - https:\/\/yoast.com\/product\/yoast-seo-wordpress\/ -->\n<title>Crescimento dos Servi\u00e7os em Sergipe: Lideran\u00e7a Nacional -<\/title>\n<meta name=\"description\" content=\"Sergipe lidera o crescimento dos servi\u00e7os no Brasil, alcan\u00e7ando avan\u00e7os na receita nominal e na qualidade de vida da popula\u00e7\u00e3o em 2024.\" \/>\n<meta name=\"robots\" content=\"index, follow, max-snippet:-1, max-image-preview:large, max-video-preview:-1\" \/>\n<link rel=\"canonical\" href=\"https:\/\/www.vagadeempregorj.com.br\/fr\/crescimento-servicos-sergipe-destaque-nacional\/\" \/>\n<meta property=\"og:locale\" content=\"fr_FR\" \/>\n<meta property=\"og:type\" content=\"article\" \/>\n<meta property=\"og:title\" content=\"Crescimento dos Servi\u00e7os em Sergipe: Lideran\u00e7a Nacional -\" \/>\n<meta property=\"og:description\" content=\"Sergipe lidera o crescimento dos servi\u00e7os no Brasil, alcan\u00e7ando avan\u00e7os na receita nominal e na qualidade de vida da popula\u00e7\u00e3o em 2024.\" \/>\n<meta property=\"og:url\" content=\"https:\/\/www.vagadeempregorj.com.br\/fr\/crescimento-servicos-sergipe-destaque-nacional\/\" \/>\n<meta property=\"article:publisher\" content=\"https:\/\/www.facebook.com\/empregobrasiloficial\" \/>\n<meta property=\"article:published_time\" content=\"2025-01-16T11:55:57+00:00\" \/>\n<meta property=\"article:modified_time\" content=\"2025-01-16T11:55:58+00:00\" \/>\n<meta property=\"og:image\" content=\"https:\/\/www.vagadeempregorj.com.br\/wp-content\/uploads\/2025\/01\/Emprego1601.jpg\" \/>\n\t<meta property=\"og:image:width\" content=\"1100\" \/>\n\t<meta property=\"og:image:height\" content=\"610\" \/>\n\t<meta property=\"og:image:type\" content=\"image\/jpeg\" \/>\n<meta name=\"author\" content=\"Ana B.\" \/>\n<meta name=\"twitter:card\" content=\"summary_large_image\" \/>\n<meta name=\"twitter:label1\" content=\"Written by\" \/>\n\t<meta name=\"twitter:data1\" content=\"Ana B.\" \/>\n\t<meta name=\"twitter:label2\" content=\"Est. reading time\" \/>\n\t<meta name=\"twitter:data2\" content=\"4 minutes\" \/>\n<script type=\"application\/ld+json\" class=\"yoast-schema-graph\">{\"@context\":\"https:\\\/\\\/schema.org\",\"@graph\":[{\"@type\":\"Article\",\"@id\":\"https:\\\/\\\/www.vagadeempregorj.com.br\\\/crescimento-servicos-sergipe-destaque-nacional\\\/#article\",\"isPartOf\":{\"@id\":\"https:\\\/\\\/www.vagadeempregorj.com.br\\\/crescimento-servicos-sergipe-destaque-nacional\\\/\"},\"author\":{\"name\":\"Ana B.\",\"@id\":\"https:\\\/\\\/www.vagadeempregorj.com.br\\\/#\\\/schema\\\/person\\\/c0c38d5d765e86c3b7c8f12fb1ae6477\"},\"headline\":\"Crescimento dos Servi\u00e7os em Sergipe: Lideran\u00e7a Nacional\",\"datePublished\":\"2025-01-16T11:55:57+00:00\",\"dateModified\":\"2025-01-16T11:55:58+00:00\",\"mainEntityOfPage\":{\"@id\":\"https:\\\/\\\/www.vagadeempregorj.com.br\\\/crescimento-servicos-sergipe-destaque-nacional\\\/\"},\"wordCount\":777,\"image\":{\"@id\":\"https:\\\/\\\/www.vagadeempregorj.com.br\\\/crescimento-servicos-sergipe-destaque-nacional\\\/#primaryimage\"},\"thumbnailUrl\":\"https:\\\/\\\/www.vagadeempregorj.com.br\\\/wp-content\\\/uploads\\\/2025\\\/01\\\/Emprego1601.jpg\",\"keywords\":[\"crescimento econ\u00f4mico\",\"Ibge\",\"qualidade de vida\",\"Sergipe\",\"setor de servi\u00e7os\"],\"articleSection\":[\"Vagas de Emprego Nacionais\"],\"inLanguage\":\"fr-FR\"},{\"@type\":\"WebPage\",\"@id\":\"https:\\\/\\\/www.vagadeempregorj.com.br\\\/crescimento-servicos-sergipe-destaque-nacional\\\/\",\"url\":\"https:\\\/\\\/www.vagadeempregorj.com.br\\\/crescimento-servicos-sergipe-destaque-nacional\\\/\",\"name\":\"Crescimento dos Servi\u00e7os em Sergipe: Lideran\u00e7a Nacional -\",\"isPartOf\":{\"@id\":\"https:\\\/\\\/www.vagadeempregorj.com.br\\\/#website\"},\"primaryImageOfPage\":{\"@id\":\"https:\\\/\\\/www.vagadeempregorj.com.br\\\/crescimento-servicos-sergipe-destaque-nacional\\\/#primaryimage\"},\"image\":{\"@id\":\"https:\\\/\\\/www.vagadeempregorj.com.br\\\/crescimento-servicos-sergipe-destaque-nacional\\\/#primaryimage\"},\"thumbnailUrl\":\"https:\\\/\\\/www.vagadeempregorj.com.br\\\/wp-content\\\/uploads\\\/2025\\\/01\\\/Emprego1601.jpg\",\"datePublished\":\"2025-01-16T11:55:57+00:00\",\"dateModified\":\"2025-01-16T11:55:58+00:00\",\"author\":{\"@id\":\"https:\\\/\\\/www.vagadeempregorj.com.br\\\/#\\\/schema\\\/person\\\/c0c38d5d765e86c3b7c8f12fb1ae6477\"},\"description\":\"Sergipe lidera o crescimento dos servi\u00e7os no Brasil, alcan\u00e7ando avan\u00e7os na receita nominal e na qualidade de vida da popula\u00e7\u00e3o em 2024.\",\"breadcrumb\":{\"@id\":\"https:\\\/\\\/www.vagadeempregorj.com.br\\\/crescimento-servicos-sergipe-destaque-nacional\\\/#breadcrumb\"},\"inLanguage\":\"fr-FR\",\"potentialAction\":[{\"@type\":\"ReadAction\",\"target\":[\"https:\\\/\\\/www.vagadeempregorj.com.br\\\/crescimento-servicos-sergipe-destaque-nacional\\\/\"]}]},{\"@type\":\"ImageObject\",\"inLanguage\":\"fr-FR\",\"@id\":\"https:\\\/\\\/www.vagadeempregorj.com.br\\\/crescimento-servicos-sergipe-destaque-nacional\\\/#primaryimage\",\"url\":\"https:\\\/\\\/www.vagadeempregorj.com.br\\\/wp-content\\\/uploads\\\/2025\\\/01\\\/Emprego1601.jpg\",\"contentUrl\":\"https:\\\/\\\/www.vagadeempregorj.com.br\\\/wp-content\\\/uploads\\\/2025\\\/01\\\/Emprego1601.jpg\",\"width\":1100,\"height\":610,\"caption\":\"crescimento dos servi\u00e7os em Sergipe\"},{\"@type\":\"BreadcrumbList\",\"@id\":\"https:\\\/\\\/www.vagadeempregorj.com.br\\\/crescimento-servicos-sergipe-destaque-nacional\\\/#breadcrumb\",\"itemListElement\":[{\"@type\":\"ListItem\",\"position\":1,\"name\":\"In\u00edcio\",\"item\":\"https:\\\/\\\/www.vagadeempregorj.com.br\\\/\"},{\"@type\":\"ListItem\",\"position\":2,\"name\":\"Vagas de Emprego Nacionais\",\"item\":\"https:\\\/\\\/www.vagadeempregorj.com.br\\\/vagas-de-emprego-nacionais\\\/\"},{\"@type\":\"ListItem\",\"position\":3,\"name\":\"Crescimento dos Servi\u00e7os em Sergipe: Lideran\u00e7a Nacional\"}]},{\"@type\":\"WebSite\",\"@id\":\"https:\\\/\\\/www.vagadeempregorj.com.br\\\/#website\",\"url\":\"https:\\\/\\\/www.vagadeempregorj.com.br\\\/\",\"name\":\"\",\"description\":\"Conquiste Sonhos: Vagas, Benef\u00edcios e Economia para Transformar Vidas e Alcan\u00e7ar Melhorias Cotidianas\",\"potentialAction\":[{\"@type\":\"SearchAction\",\"target\":{\"@type\":\"EntryPoint\",\"urlTemplate\":\"https:\\\/\\\/www.vagadeempregorj.com.br\\\/?s={search_term_string}\"},\"query-input\":{\"@type\":\"PropertyValueSpecification\",\"valueRequired\":true,\"valueName\":\"search_term_string\"}}],\"inLanguage\":\"fr-FR\"},{\"@type\":\"Person\",\"@id\":\"https:\\\/\\\/www.vagadeempregorj.com.br\\\/#\\\/schema\\\/person\\\/c0c38d5d765e86c3b7c8f12fb1ae6477\",\"name\":\"Ana B.\",\"image\":{\"@type\":\"ImageObject\",\"inLanguage\":\"fr-FR\",\"@id\":\"https:\\\/\\\/secure.gravatar.com\\\/avatar\\\/f5efa58599e07f8dd92f26c7cfbc442fd115582bc681245452e503c2ef2334f3?s=96&r=g\",\"url\":\"https:\\\/\\\/secure.gravatar.com\\\/avatar\\\/f5efa58599e07f8dd92f26c7cfbc442fd115582bc681245452e503c2ef2334f3?s=96&r=g\",\"contentUrl\":\"https:\\\/\\\/secure.gravatar.com\\\/avatar\\\/f5efa58599e07f8dd92f26c7cfbc442fd115582bc681245452e503c2ef2334f3?s=96&r=g\",\"caption\":\"Ana B.\"},\"description\":\"Meu nome \u00e9 Ana e sou apaixonada em escrever. Dedico meu tempo escrevendo not\u00edcias e vagas de emprego diariamente no portal Vaga de Emprego RJ.\",\"url\":\"https:\\\/\\\/www.vagadeempregorj.com.br\\\/fr\\\/author\\\/vgrj\\\/\"}]}<\/script>\n<!-- \/ Yoast SEO plugin. -->","yoast_head_json":{"title":"Crescimento dos Servi\u00e7os em Sergipe: Lideran\u00e7a Nacional -","description":"Sergipe lidera o crescimento dos servi\u00e7os no Brasil, alcan\u00e7ando avan\u00e7os na receita nominal e na qualidade de vida da popula\u00e7\u00e3o em 2024.","robots":{"index":"index","follow":"follow","max-snippet":"max-snippet:-1","max-image-preview":"max-image-preview:large","max-video-preview":"max-video-preview:-1"},"canonical":"https:\/\/www.vagadeempregorj.com.br\/fr\/crescimento-servicos-sergipe-destaque-nacional\/","og_locale":"fr_FR","og_type":"article","og_title":"Crescimento dos Servi\u00e7os em Sergipe: Lideran\u00e7a Nacional -","og_description":"Sergipe lidera o crescimento dos servi\u00e7os no Brasil, alcan\u00e7ando avan\u00e7os na receita nominal e na qualidade de vida da popula\u00e7\u00e3o em 2024.","og_url":"https:\/\/www.vagadeempregorj.com.br\/fr\/crescimento-servicos-sergipe-destaque-nacional\/","article_publisher":"https:\/\/www.facebook.com\/empregobrasiloficial","article_published_time":"2025-01-16T11:55:57+00:00","article_modified_time":"2025-01-16T11:55:58+00:00","og_image":[{"width":1100,"height":610,"url":"https:\/\/www.vagadeempregorj.com.br\/wp-content\/uploads\/2025\/01\/Emprego1601.jpg","type":"image\/jpeg"}],"author":"Ana B.","twitter_card":"summary_large_image","twitter_misc":{"Written by":"Ana B.","Est. reading time":"4 minutes"},"schema":{"@context":"https:\/\/schema.org","@graph":[{"@type":"Article","@id":"https:\/\/www.vagadeempregorj.com.br\/crescimento-servicos-sergipe-destaque-nacional\/#article","isPartOf":{"@id":"https:\/\/www.vagadeempregorj.com.br\/crescimento-servicos-sergipe-destaque-nacional\/"},"author":{"name":"Ana B.","@id":"https:\/\/www.vagadeempregorj.com.br\/#\/schema\/person\/c0c38d5d765e86c3b7c8f12fb1ae6477"},"headline":"Crescimento dos Servi\u00e7os em Sergipe: Lideran\u00e7a Nacional","datePublished":"2025-01-16T11:55:57+00:00","dateModified":"2025-01-16T11:55:58+00:00","mainEntityOfPage":{"@id":"https:\/\/www.vagadeempregorj.com.br\/crescimento-servicos-sergipe-destaque-nacional\/"},"wordCount":777,"image":{"@id":"https:\/\/www.vagadeempregorj.com.br\/crescimento-servicos-sergipe-destaque-nacional\/#primaryimage"},"thumbnailUrl":"https:\/\/www.vagadeempregorj.com.br\/wp-content\/uploads\/2025\/01\/Emprego1601.jpg","keywords":["crescimento econ\u00f4mico","Ibge","qualidade de vida","Sergipe","setor de servi\u00e7os"],"articleSection":["Vagas de Emprego Nacionais"],"inLanguage":"fr-FR"},{"@type":"WebPage","@id":"https:\/\/www.vagadeempregorj.com.br\/crescimento-servicos-sergipe-destaque-nacional\/","url":"https:\/\/www.vagadeempregorj.com.br\/crescimento-servicos-sergipe-destaque-nacional\/","name":"Crescimento dos Servi\u00e7os em Sergipe: Lideran\u00e7a Nacional -","isPartOf":{"@id":"https:\/\/www.vagadeempregorj.com.br\/#website"},"primaryImageOfPage":{"@id":"https:\/\/www.vagadeempregorj.com.br\/crescimento-servicos-sergipe-destaque-nacional\/#primaryimage"},"image":{"@id":"https:\/\/www.vagadeempregorj.com.br\/crescimento-servicos-sergipe-destaque-nacional\/#primaryimage"},"thumbnailUrl":"https:\/\/www.vagadeempregorj.com.br\/wp-content\/uploads\/2025\/01\/Emprego1601.jpg","datePublished":"2025-01-16T11:55:57+00:00","dateModified":"2025-01-16T11:55:58+00:00","author":{"@id":"https:\/\/www.vagadeempregorj.com.br\/#\/schema\/person\/c0c38d5d765e86c3b7c8f12fb1ae6477"},"description":"Sergipe lidera o crescimento dos servi\u00e7os no Brasil, alcan\u00e7ando avan\u00e7os na receita nominal e na qualidade de vida da popula\u00e7\u00e3o em 2024.","breadcrumb":{"@id":"https:\/\/www.vagadeempregorj.com.br\/crescimento-servicos-sergipe-destaque-nacional\/#breadcrumb"},"inLanguage":"fr-FR","potentialAction":[{"@type":"ReadAction","target":["https:\/\/www.vagadeempregorj.com.br\/crescimento-servicos-sergipe-destaque-nacional\/"]}]},{"@type":"ImageObject","inLanguage":"fr-FR","@id":"https:\/\/www.vagadeempregorj.com.br\/crescimento-servicos-sergipe-destaque-nacional\/#primaryimage","url":"https:\/\/www.vagadeempregorj.com.br\/wp-content\/uploads\/2025\/01\/Emprego1601.jpg","contentUrl":"https:\/\/www.vagadeempregorj.com.br\/wp-content\/uploads\/2025\/01\/Emprego1601.jpg","width":1100,"height":610,"caption":"crescimento dos servi\u00e7os em Sergipe"},{"@type":"BreadcrumbList","@id":"https:\/\/www.vagadeempregorj.com.br\/crescimento-servicos-sergipe-destaque-nacional\/#breadcrumb","itemListElement":[{"@type":"ListItem","position":1,"name":"In\u00edcio","item":"https:\/\/www.vagadeempregorj.com.br\/"},{"@type":"ListItem","position":2,"name":"Vagas de Emprego Nacionais","item":"https:\/\/www.vagadeempregorj.com.br\/vagas-de-emprego-nacionais\/"},{"@type":"ListItem","position":3,"name":"Crescimento dos Servi\u00e7os em Sergipe: Lideran\u00e7a Nacional"}]},{"@type":"WebSite","@id":"https:\/\/www.vagadeempregorj.com.br\/#website","url":"https:\/\/www.vagadeempregorj.com.br\/","name":"","description":"Conquiste Sonhos: Vagas, Benef\u00edcios e Economia para Transformar Vidas e Alcan\u00e7ar Melhorias Cotidianas","potentialAction":[{"@type":"SearchAction","target":{"@type":"EntryPoint","urlTemplate":"https:\/\/www.vagadeempregorj.com.br\/?s={search_term_string}"},"query-input":{"@type":"PropertyValueSpecification","valueRequired":true,"valueName":"search_term_string"}}],"inLanguage":"fr-FR"},{"@type":"Person","@id":"https:\/\/www.vagadeempregorj.com.br\/#\/schema\/person\/c0c38d5d765e86c3b7c8f12fb1ae6477","name":"Ana B.","image":{"@type":"ImageObject","inLanguage":"fr-FR","@id":"https:\/\/secure.gravatar.com\/avatar\/f5efa58599e07f8dd92f26c7cfbc442fd115582bc681245452e503c2ef2334f3?s=96&r=g","url":"https:\/\/secure.gravatar.com\/avatar\/f5efa58599e07f8dd92f26c7cfbc442fd115582bc681245452e503c2ef2334f3?s=96&r=g","contentUrl":"https:\/\/secure.gravatar.com\/avatar\/f5efa58599e07f8dd92f26c7cfbc442fd115582bc681245452e503c2ef2334f3?s=96&r=g","caption":"Ana B."},"description":"Meu nome \u00e9 Ana e sou apaixonada em escrever. Dedico meu tempo escrevendo not\u00edcias e vagas de emprego diariamente no portal Vaga de Emprego RJ.","url":"https:\/\/www.vagadeempregorj.com.br\/fr\/author\/vgrj\/"}]}},"_links":{"self":[{"href":"https:\/\/www.vagadeempregorj.com.br\/fr\/wp-json\/wp\/v2\/posts\/41874","targetHints":{"allow":["GET"]}}],"collection":[{"href":"https:\/\/www.vagadeempregorj.com.br\/fr\/wp-json\/wp\/v2\/posts"}],"about":[{"href":"https:\/\/www.vagadeempregorj.com.br\/fr\/wp-json\/wp\/v2\/types\/post"}],"author":[{"embeddable":true,"href":"https:\/\/www.vagadeempregorj.com.br\/fr\/wp-json\/wp\/v2\/users\/1"}],"replies":[{"embeddable":true,"href":"https:\/\/www.vagadeempregorj.com.br\/fr\/wp-json\/wp\/v2\/comments?post=41874"}],"version-history":[{"count":0,"href":"https:\/\/www.vagadeempregorj.com.br\/fr\/wp-json\/wp\/v2\/posts\/41874\/revisions"}],"wp:featuredmedia":[{"embeddable":true,"href":"https:\/\/www.vagadeempregorj.com.br\/fr\/wp-json\/wp\/v2\/media\/41875"}],"wp:attachment":[{"href":"https:\/\/www.vagadeempregorj.com.br\/fr\/wp-json\/wp\/v2\/media?parent=41874"}],"wp:term":[{"taxonomy":"category","embeddable":true,"href":"https:\/\/www.vagadeempregorj.com.br\/fr\/wp-json\/wp\/v2\/categories?post=41874"},{"taxonomy":"post_tag","embeddable":true,"href":"https:\/\/www.vagadeempregorj.com.br\/fr\/wp-json\/wp\/v2\/tags?post=41874"}],"curies":[{"name":"wp","href":"https:\/\/api.w.org\/{rel}","templated":true}]}}