{"id":42006,"date":"2025-01-17T12:19:49","date_gmt":"2025-01-17T15:19:49","guid":{"rendered":"https:\/\/www.vagadeempregorj.com.br\/?p=42006"},"modified":"2025-01-17T12:19:49","modified_gmt":"2025-01-17T15:19:49","slug":"lar-doce-lar-entenda-o-programa-e-aprenda-como-participar","status":"publish","type":"post","link":"https:\/\/www.vagadeempregorj.com.br\/fr\/lar-doce-lar-entenda-o-programa-e-aprenda-como-participar\/","title":{"rendered":"Lar Doce Lar: Entenda o Programa e Aprenda Como Participar"},"content":{"rendered":"<p class=\"has-medium-font-size\">O <strong>Lar Doce Lar<\/strong> \u00e9 um programa social que tem como objetivo principal transformar a vida de fam\u00edlias em situa\u00e7\u00e3o de vulnerabilidade ao proporcionar melhorias em suas condi\u00e7\u00f5es de moradia. Criado com a inten\u00e7\u00e3o de oferecer dignidade e qualidade de vida, o programa vai al\u00e9m da constru\u00e7\u00e3o ou reforma de casas, gerando um impacto positivo e duradouro para as comunidades atendidas.<\/p>\n\n\n\n<p class=\"has-medium-font-size\">Neste post, voc\u00ea saber\u00e1 tudo sobre o Lar Doce Lar, seus benef\u00edcios e como participar. Acompanhe at\u00e9 o final para descobrir como transformar sua casa em um verdadeiro lar.<\/p>\n\n\n<div class=\"wp-block-image\">\n<figure class=\"aligncenter size-full\"><img loading=\"lazy\" decoding=\"async\" width=\"620\" height=\"415\" src=\"https:\/\/www.vagadeempregorj.com.br\/wp-content\/uploads\/2025\/01\/Lar-Doce-Lar.webp\" alt=\"\" class=\"wp-image-42008\" srcset=\"https:\/\/www.vagadeempregorj.com.br\/wp-content\/uploads\/2025\/01\/Lar-Doce-Lar.webp 620w, https:\/\/www.vagadeempregorj.com.br\/wp-content\/uploads\/2025\/01\/Lar-Doce-Lar-300x201.webp 300w, https:\/\/www.vagadeempregorj.com.br\/wp-content\/uploads\/2025\/01\/Lar-Doce-Lar-150x100.webp 150w\" sizes=\"auto, (max-width: 620px) 100vw, 620px\" \/><\/figure>\n<\/div>\n\n\n<hr class=\"wp-block-separator has-alpha-channel-opacity\"\/>\n\n\n\n<h3 class=\"wp-block-heading has-medium-font-size\"><strong>O Que \u00c9 o Programa Lar Doce Lar?<\/strong><\/h3>\n\n\n\n<p class=\"has-medium-font-size\">O Lar Doce Lar \u00e9 uma iniciativa que visa proporcionar a melhoria habitacional de fam\u00edlias em situa\u00e7\u00e3o de vulnerabilidade social. O programa pode incluir desde reformas estruturais, como reparos em telhados e paredes, at\u00e9 adequa\u00e7\u00f5es que tornem o ambiente mais acess\u00edvel e seguro, como a instala\u00e7\u00e3o de rampas e banheiros adaptados.<\/p>\n\n\n\n<p class=\"has-medium-font-size\">Al\u00e9m disso, o programa busca promover autoestima, integra\u00e7\u00e3o social e valoriza\u00e7\u00e3o do ambiente familiar, refletindo diretamente na qualidade de vida dos benefici\u00e1rios.<\/p>\n\n\n\n<hr class=\"wp-block-separator has-alpha-channel-opacity\"\/>\n\n\n\n<h3 class=\"wp-block-heading\"><strong>Principais Benef\u00edcios do Lar Doce Lar<\/strong><\/h3>\n\n\n\n<ol class=\"wp-block-list\">\n<li class=\"has-medium-font-size\"><strong>Melhoria nas Condi\u00e7\u00f5es de Moradia<\/strong><br>Casas reformadas ou adaptadas se tornam mais seguras e confort\u00e1veis, eliminando problemas como infiltra\u00e7\u00f5es, rachaduras e falta de acessibilidade.<\/li>\n\n\n\n<li class=\"has-medium-font-size\"><strong>Impacto na Sa\u00fade e Bem-Estar<\/strong><br>Morar em um ambiente adequado reduz os riscos de doen\u00e7as causadas por mofo, umidade ou falta de saneamento b\u00e1sico, promovendo mais sa\u00fade para toda a fam\u00edlia.<\/li>\n\n\n\n<li class=\"has-medium-font-size\"><strong>Valoriza\u00e7\u00e3o da Fam\u00edlia e Autoestima<\/strong><br>Um lar acolhedor fortalece os v\u00ednculos familiares e resgata a dignidade, ajudando os moradores a se sentirem mais confiantes e valorizados.<\/li>\n\n\n\n<li class=\"has-medium-font-size\"><strong>Transforma\u00e7\u00e3o Comunit\u00e1ria<\/strong><br>O programa n\u00e3o beneficia apenas as fam\u00edlias atendidas, mas tamb\u00e9m gera impacto positivo nas comunidades, estimulando o senso de uni\u00e3o e colabora\u00e7\u00e3o entre os moradores.<\/li>\n\n\n\n<li class=\"has-medium-font-size\"><strong>Gratuidade e Inclus\u00e3o Social<\/strong><br>Todo o processo \u00e9 gratuito para as fam\u00edlias beneficiadas, garantindo que aqueles que mais precisam tenham acesso ao programa.<\/li>\n<\/ol>\n\n\n\n<hr class=\"wp-block-separator has-alpha-channel-opacity\"\/>\n\n\n\n<h3 class=\"wp-block-heading\"><strong>Quem Pode Participar do Lar Doce Lar?<\/strong><\/h3>\n\n\n\n<p class=\"has-medium-font-size\">Para ser beneficiado pelo programa Lar Doce Lar, \u00e9 necess\u00e1rio atender a alguns crit\u00e9rios. Embora os requisitos espec\u00edficos possam variar dependendo da iniciativa local ou do \u00f3rg\u00e3o respons\u00e1vel, geralmente incluem:<\/p>\n\n\n\n<ul class=\"wp-block-list\">\n<li class=\"has-medium-font-size\"><strong>Situa\u00e7\u00e3o de Vulnerabilidade:<\/strong> Fam\u00edlias que vivem em condi\u00e7\u00f5es prec\u00e1rias de moradia.<\/li>\n\n\n\n<li class=\"has-medium-font-size\"><strong>Renda Baixa:<\/strong> Renda familiar mensal de at\u00e9 tr\u00eas sal\u00e1rios m\u00ednimos, comprovada por meio de documentos.<\/li>\n\n\n\n<li class=\"has-medium-font-size\"><strong>Resid\u00eancia Pr\u00f3pria:<\/strong> O im\u00f3vel a ser reformado deve pertencer \u00e0 fam\u00edlia beneficiada, ainda que esteja em situa\u00e7\u00e3o irregular de posse.<\/li>\n\n\n\n<li class=\"has-medium-font-size\"><strong>Disponibilidade para Participar:<\/strong> A fam\u00edlia deve se comprometer a colaborar com o programa, seja fornecendo informa\u00e7\u00f5es ou participando das a\u00e7\u00f5es sociais vinculadas.<\/li>\n<\/ul>\n\n\n\n<div class=\"wp-block-buttons is-content-justification-center is-layout-flex wp-container-core-buttons-is-layout-16018d1d wp-block-buttons-is-layout-flex\">\n<div class=\"wp-block-button is-style-outline is-style-outline--2\"><a class=\"wp-block-button__link has-black-color has-electric-grass-gradient-background has-text-color has-background wp-element-button\" href=\"https:\/\/www.vagadeempregorj.com.br\/fr\/como-se-inscrever-no-lar-doce-lar-do-caldeirao-do-huck-veja-o-passo-a-passo\/\"><strong>QUERO FAZER MINHA INSCRI\u00c7\u00c3O<\/strong><\/a><\/div>\n<\/div>\n\n\n\n<hr class=\"wp-block-separator has-alpha-channel-opacity\"\/>\n\n\n\n<h3 class=\"wp-block-heading\"><strong>Como Participar do Lar Doce Lar: Passo a Passo<\/strong><\/h3>\n\n\n\n<p class=\"has-medium-font-size\">Se voc\u00ea deseja participar do programa Lar Doce Lar, siga o passo a passo abaixo para aumentar suas chances de ser selecionado:<\/p>\n\n\n\n<h3 class=\"wp-block-heading\"><strong>1. Informe-se Sobre o Programa na Sua Regi\u00e3o<\/strong><\/h3>\n\n\n\n<p class=\"has-medium-font-size\">O Lar Doce Lar \u00e9 geralmente vinculado a institui\u00e7\u00f5es governamentais, ONGs ou iniciativas privadas. Pesquise por projetos ativos na sua cidade ou estado e verifique os requisitos espec\u00edficos.<\/p>\n\n\n\n<h3 class=\"wp-block-heading\"><strong>2. Fa\u00e7a a Inscri\u00e7\u00e3o<\/strong><\/h3>\n\n\n\n<ul class=\"wp-block-list\">\n<li class=\"has-medium-font-size\">Entre em contato com o \u00f3rg\u00e3o respons\u00e1vel (como a Secretaria de Assist\u00eancia Social) ou o organizador do programa.<\/li>\n\n\n\n<li class=\"has-medium-font-size\">Preencha o formul\u00e1rio de inscri\u00e7\u00e3o, informando seus dados pessoais, situa\u00e7\u00e3o socioecon\u00f4mica e as condi\u00e7\u00f5es do im\u00f3vel.<\/li>\n\n\n\n<li class=\"has-medium-font-size\">Anexe os documentos exigidos, como comprovante de renda, RG, CPF, escritura ou documento que comprove a posse do im\u00f3vel.<\/li>\n<\/ul>\n\n\n\n<h3 class=\"wp-block-heading\"><strong>3. Aguarde a An\u00e1lise da Inscri\u00e7\u00e3o<\/strong><\/h3>\n\n\n\n<p class=\"has-medium-font-size\">Os organizadores ir\u00e3o avaliar todas as inscri\u00e7\u00f5es para identificar as fam\u00edlias que se enquadram nos crit\u00e9rios de vulnerabilidade.<\/p>\n\n\n\n<ul class=\"wp-block-list\">\n<li class=\"has-medium-font-size\">A an\u00e1lise pode incluir visitas t\u00e9cnicas ao im\u00f3vel para verificar as condi\u00e7\u00f5es de moradia.<\/li>\n<\/ul>\n\n\n\n<h3 class=\"wp-block-heading\"><strong>4. Participe das Etapas do Programa<\/strong><\/h3>\n\n\n\n<p class=\"has-medium-font-size\">Se selecionado, voc\u00ea ser\u00e1 informado sobre o cronograma das obras ou reformas. \u00c9 importante colaborar com os profissionais envolvidos e seguir as orienta\u00e7\u00f5es para garantir o sucesso do projeto.<\/p>\n\n\n\n<h3 class=\"wp-block-heading\"><strong>5. Aproveite Seu Novo Lar<\/strong><\/h3>\n\n\n\n<p class=\"has-medium-font-size\">Ap\u00f3s a conclus\u00e3o das reformas, celebre a transforma\u00e7\u00e3o do seu lar. Aproveite o ambiente renovado com seguran\u00e7a, conforto e dignidade.<\/p>\n\n\n\n<hr class=\"wp-block-separator has-alpha-channel-opacity\"\/>\n\n\n\n<h3 class=\"wp-block-heading\"><strong>Dicas Para Garantir Sua Inscri\u00e7\u00e3o no Lar Doce Lar<\/strong><\/h3>\n\n\n\n<ol class=\"wp-block-list\">\n<li class=\"has-medium-font-size\"><strong>Mantenha a Documenta\u00e7\u00e3o em Dia:<\/strong> Certifique-se de que todos os documentos exigidos est\u00e3o atualizados e prontos para serem apresentados.<\/li>\n\n\n\n<li class=\"has-medium-font-size\"><strong>Conte Sua Hist\u00f3ria:<\/strong> Na inscri\u00e7\u00e3o, destaque as dificuldades que voc\u00ea e sua fam\u00edlia enfrentam para que sua situa\u00e7\u00e3o seja compreendida pelos avaliadores.<\/li>\n\n\n\n<li class=\"has-medium-font-size\"><strong>Procure Apoio Local:<\/strong> Organiza\u00e7\u00f5es comunit\u00e1rias podem ajudar voc\u00ea a se informar e se inscrever no programa.<\/li>\n\n\n\n<li class=\"has-medium-font-size\"><strong>Divulgue a Iniciativa:<\/strong> Compartilhe informa\u00e7\u00f5es sobre o Lar Doce Lar com sua rede de contatos; isso pode aumentar as chances de sua comunidade ser beneficiada.<\/li>\n<\/ol>\n\n\n\n<h3 class=\"wp-block-heading\"><strong>Conclus\u00e3o<\/strong><\/h3>\n\n\n\n<p class=\"has-medium-font-size\">O Lar Doce Lar \u00e9 muito mais do que um programa de reformas habitacionais; ele \u00e9 uma oportunidade de mudar vidas e oferecer dignidade para quem mais precisa. Se voc\u00ea vive em condi\u00e7\u00f5es prec\u00e1rias ou conhece algu\u00e9m que se encaixa nos crit\u00e9rios, n\u00e3o deixe de buscar informa\u00e7\u00f5es sobre o programa e se inscrever.<\/p>\n\n\n\n<p class=\"has-medium-font-size\">Transforme a sua casa em um verdadeiro lar e aproveite os benef\u00edcios de um ambiente seguro, confort\u00e1vel e acolhedor.<\/p>\n\n\n\n<div class=\"wp-block-buttons is-content-justification-center is-layout-flex wp-container-core-buttons-is-layout-16018d1d wp-block-buttons-is-layout-flex\">\n<div class=\"wp-block-button is-style-outline is-style-outline--3\"><a class=\"wp-block-button__link has-black-color has-electric-grass-gradient-background has-text-color has-background wp-element-button\" href=\"https:\/\/www.vagadeempregorj.com.br\/fr\/como-se-inscrever-no-lar-doce-lar-do-caldeirao-do-huck-veja-o-passo-a-passo\/\"><strong>QUERO ME INSCREVER NO LAR DOCE LAR<\/strong><\/a><\/div>\n<\/div>","protected":false},"excerpt":{"rendered":"<p>O Lar Doce Lar \u00e9 um programa social que tem como objetivo principal transformar a vida de fam\u00edlias em situa\u00e7\u00e3o de vulnerabilidade ao proporcionar melhorias em suas condi\u00e7\u00f5es de moradia. Criado com a inten\u00e7\u00e3o de oferecer dignidade e qualidade de vida, o programa vai al\u00e9m da constru\u00e7\u00e3o ou reforma de casas, gerando um impacto positivo&hellip;&nbsp;<\/p>","protected":false},"author":1,"featured_media":42008,"comment_status":"closed","ping_status":"closed","sticky":false,"template":"","format":"standard","meta":{"neve_meta_sidebar":"","neve_meta_container":"","neve_meta_enable_content_width":"","neve_meta_content_width":0,"neve_meta_title_alignment":"","neve_meta_author_avatar":"","neve_post_elements_order":"","neve_meta_disable_header":"","neve_meta_disable_footer":"","neve_meta_disable_title":"","footnotes":""},"categories":[1],"tags":[],"class_list":["post-42006","post","type-post","status-publish","format-standard","has-post-thumbnail","hentry","category-beneficios-sociais"],"yoast_head":"<!-- This site is optimized with the Yoast SEO plugin v27.5 - https:\/\/yoast.com\/product\/yoast-seo-wordpress\/ -->\n<title>Lar Doce Lar: Entenda o Programa e Aprenda Como Participar -<\/title>\n<meta name=\"description\" content=\"Veja em Vagas de Emprego RJ as vagas de emprego com e sem experi\u00eancia no seu Estado e Regi\u00e3o!\" \/>\n<meta name=\"robots\" content=\"index, follow, max-snippet:-1, max-image-preview:large, max-video-preview:-1\" \/>\n<link rel=\"canonical\" href=\"https:\/\/www.vagadeempregorj.com.br\/fr\/lar-doce-lar-entenda-o-programa-e-aprenda-como-participar\/\" \/>\n<meta property=\"og:locale\" content=\"fr_FR\" \/>\n<meta property=\"og:type\" content=\"article\" \/>\n<meta property=\"og:title\" content=\"Lar Doce Lar: Entenda o Programa e Aprenda Como Participar -\" \/>\n<meta property=\"og:description\" content=\"Veja em Vagas de Emprego RJ as vagas de emprego com e sem experi\u00eancia no seu Estado e Regi\u00e3o!\" \/>\n<meta property=\"og:url\" content=\"https:\/\/www.vagadeempregorj.com.br\/fr\/lar-doce-lar-entenda-o-programa-e-aprenda-como-participar\/\" \/>\n<meta property=\"article:publisher\" content=\"https:\/\/www.facebook.com\/empregobrasiloficial\" \/>\n<meta property=\"article:published_time\" content=\"2025-01-17T15:19:49+00:00\" \/>\n<meta property=\"og:image\" content=\"https:\/\/www.vagadeempregorj.com.br\/wp-content\/uploads\/2025\/01\/Lar-Doce-Lar.webp\" \/>\n\t<meta property=\"og:image:width\" content=\"620\" \/>\n\t<meta property=\"og:image:height\" content=\"415\" \/>\n\t<meta property=\"og:image:type\" content=\"image\/webp\" \/>\n<meta name=\"author\" content=\"Ana B.\" \/>\n<meta name=\"twitter:card\" content=\"summary_large_image\" \/>\n<meta name=\"twitter:label1\" content=\"Written by\" \/>\n\t<meta name=\"twitter:data1\" content=\"Ana B.\" \/>\n\t<meta name=\"twitter:label2\" content=\"Est. reading time\" \/>\n\t<meta name=\"twitter:data2\" content=\"4 minutes\" \/>\n<script type=\"application\/ld+json\" class=\"yoast-schema-graph\">{\"@context\":\"https:\\\/\\\/schema.org\",\"@graph\":[{\"@type\":\"Article\",\"@id\":\"https:\\\/\\\/www.vagadeempregorj.com.br\\\/lar-doce-lar-entenda-o-programa-e-aprenda-como-participar\\\/#article\",\"isPartOf\":{\"@id\":\"https:\\\/\\\/www.vagadeempregorj.com.br\\\/lar-doce-lar-entenda-o-programa-e-aprenda-como-participar\\\/\"},\"author\":{\"name\":\"Ana B.\",\"@id\":\"https:\\\/\\\/www.vagadeempregorj.com.br\\\/#\\\/schema\\\/person\\\/c0c38d5d765e86c3b7c8f12fb1ae6477\"},\"headline\":\"Lar Doce Lar: Entenda o Programa e Aprenda Como Participar\",\"datePublished\":\"2025-01-17T15:19:49+00:00\",\"mainEntityOfPage\":{\"@id\":\"https:\\\/\\\/www.vagadeempregorj.com.br\\\/lar-doce-lar-entenda-o-programa-e-aprenda-como-participar\\\/\"},\"wordCount\":912,\"image\":{\"@id\":\"https:\\\/\\\/www.vagadeempregorj.com.br\\\/lar-doce-lar-entenda-o-programa-e-aprenda-como-participar\\\/#primaryimage\"},\"thumbnailUrl\":\"https:\\\/\\\/www.vagadeempregorj.com.br\\\/wp-content\\\/uploads\\\/2025\\\/01\\\/Lar-Doce-Lar.webp\",\"articleSection\":[\"Benef\u00edcios Sociais\"],\"inLanguage\":\"fr-FR\"},{\"@type\":\"WebPage\",\"@id\":\"https:\\\/\\\/www.vagadeempregorj.com.br\\\/lar-doce-lar-entenda-o-programa-e-aprenda-como-participar\\\/\",\"url\":\"https:\\\/\\\/www.vagadeempregorj.com.br\\\/lar-doce-lar-entenda-o-programa-e-aprenda-como-participar\\\/\",\"name\":\"Lar Doce Lar: Entenda o Programa e Aprenda Como Participar -\",\"isPartOf\":{\"@id\":\"https:\\\/\\\/www.vagadeempregorj.com.br\\\/#website\"},\"primaryImageOfPage\":{\"@id\":\"https:\\\/\\\/www.vagadeempregorj.com.br\\\/lar-doce-lar-entenda-o-programa-e-aprenda-como-participar\\\/#primaryimage\"},\"image\":{\"@id\":\"https:\\\/\\\/www.vagadeempregorj.com.br\\\/lar-doce-lar-entenda-o-programa-e-aprenda-como-participar\\\/#primaryimage\"},\"thumbnailUrl\":\"https:\\\/\\\/www.vagadeempregorj.com.br\\\/wp-content\\\/uploads\\\/2025\\\/01\\\/Lar-Doce-Lar.webp\",\"datePublished\":\"2025-01-17T15:19:49+00:00\",\"author\":{\"@id\":\"https:\\\/\\\/www.vagadeempregorj.com.br\\\/#\\\/schema\\\/person\\\/c0c38d5d765e86c3b7c8f12fb1ae6477\"},\"description\":\"Veja em Vagas de Emprego RJ as vagas de emprego com e sem experi\u00eancia no seu Estado e Regi\u00e3o!\",\"breadcrumb\":{\"@id\":\"https:\\\/\\\/www.vagadeempregorj.com.br\\\/lar-doce-lar-entenda-o-programa-e-aprenda-como-participar\\\/#breadcrumb\"},\"inLanguage\":\"fr-FR\",\"potentialAction\":[{\"@type\":\"ReadAction\",\"target\":[\"https:\\\/\\\/www.vagadeempregorj.com.br\\\/lar-doce-lar-entenda-o-programa-e-aprenda-como-participar\\\/\"]}]},{\"@type\":\"ImageObject\",\"inLanguage\":\"fr-FR\",\"@id\":\"https:\\\/\\\/www.vagadeempregorj.com.br\\\/lar-doce-lar-entenda-o-programa-e-aprenda-como-participar\\\/#primaryimage\",\"url\":\"https:\\\/\\\/www.vagadeempregorj.com.br\\\/wp-content\\\/uploads\\\/2025\\\/01\\\/Lar-Doce-Lar.webp\",\"contentUrl\":\"https:\\\/\\\/www.vagadeempregorj.com.br\\\/wp-content\\\/uploads\\\/2025\\\/01\\\/Lar-Doce-Lar.webp\",\"width\":620,\"height\":415},{\"@type\":\"BreadcrumbList\",\"@id\":\"https:\\\/\\\/www.vagadeempregorj.com.br\\\/lar-doce-lar-entenda-o-programa-e-aprenda-como-participar\\\/#breadcrumb\",\"itemListElement\":[{\"@type\":\"ListItem\",\"position\":1,\"name\":\"In\u00edcio\",\"item\":\"https:\\\/\\\/www.vagadeempregorj.com.br\\\/\"},{\"@type\":\"ListItem\",\"position\":2,\"name\":\"Benef\u00edcios Sociais\",\"item\":\"https:\\\/\\\/www.vagadeempregorj.com.br\\\/beneficios-sociais\\\/\"},{\"@type\":\"ListItem\",\"position\":3,\"name\":\"Lar Doce Lar: Entenda o Programa e Aprenda Como Participar\"}]},{\"@type\":\"WebSite\",\"@id\":\"https:\\\/\\\/www.vagadeempregorj.com.br\\\/#website\",\"url\":\"https:\\\/\\\/www.vagadeempregorj.com.br\\\/\",\"name\":\"\",\"description\":\"Conquiste Sonhos: Vagas, Benef\u00edcios e Economia para Transformar Vidas e Alcan\u00e7ar Melhorias Cotidianas\",\"potentialAction\":[{\"@type\":\"SearchAction\",\"target\":{\"@type\":\"EntryPoint\",\"urlTemplate\":\"https:\\\/\\\/www.vagadeempregorj.com.br\\\/?s={search_term_string}\"},\"query-input\":{\"@type\":\"PropertyValueSpecification\",\"valueRequired\":true,\"valueName\":\"search_term_string\"}}],\"inLanguage\":\"fr-FR\"},{\"@type\":\"Person\",\"@id\":\"https:\\\/\\\/www.vagadeempregorj.com.br\\\/#\\\/schema\\\/person\\\/c0c38d5d765e86c3b7c8f12fb1ae6477\",\"name\":\"Ana B.\",\"image\":{\"@type\":\"ImageObject\",\"inLanguage\":\"fr-FR\",\"@id\":\"https:\\\/\\\/secure.gravatar.com\\\/avatar\\\/f5efa58599e07f8dd92f26c7cfbc442fd115582bc681245452e503c2ef2334f3?s=96&r=g\",\"url\":\"https:\\\/\\\/secure.gravatar.com\\\/avatar\\\/f5efa58599e07f8dd92f26c7cfbc442fd115582bc681245452e503c2ef2334f3?s=96&r=g\",\"contentUrl\":\"https:\\\/\\\/secure.gravatar.com\\\/avatar\\\/f5efa58599e07f8dd92f26c7cfbc442fd115582bc681245452e503c2ef2334f3?s=96&r=g\",\"caption\":\"Ana B.\"},\"description\":\"Meu nome \u00e9 Ana e sou apaixonada em escrever. Dedico meu tempo escrevendo not\u00edcias e vagas de emprego diariamente no portal Vaga de Emprego RJ.\",\"url\":\"https:\\\/\\\/www.vagadeempregorj.com.br\\\/fr\\\/author\\\/vgrj\\\/\"}]}<\/script>\n<!-- \/ Yoast SEO plugin. -->","yoast_head_json":{"title":"Lar Doce Lar: Entenda o Programa e Aprenda Como Participar -","description":"Veja em Vagas de Emprego RJ as vagas de emprego com e sem experi\u00eancia no seu Estado e Regi\u00e3o!","robots":{"index":"index","follow":"follow","max-snippet":"max-snippet:-1","max-image-preview":"max-image-preview:large","max-video-preview":"max-video-preview:-1"},"canonical":"https:\/\/www.vagadeempregorj.com.br\/fr\/lar-doce-lar-entenda-o-programa-e-aprenda-como-participar\/","og_locale":"fr_FR","og_type":"article","og_title":"Lar Doce Lar: Entenda o Programa e Aprenda Como Participar -","og_description":"Veja em Vagas de Emprego RJ as vagas de emprego com e sem experi\u00eancia no seu Estado e Regi\u00e3o!","og_url":"https:\/\/www.vagadeempregorj.com.br\/fr\/lar-doce-lar-entenda-o-programa-e-aprenda-como-participar\/","article_publisher":"https:\/\/www.facebook.com\/empregobrasiloficial","article_published_time":"2025-01-17T15:19:49+00:00","og_image":[{"width":620,"height":415,"url":"https:\/\/www.vagadeempregorj.com.br\/wp-content\/uploads\/2025\/01\/Lar-Doce-Lar.webp","type":"image\/webp"}],"author":"Ana B.","twitter_card":"summary_large_image","twitter_misc":{"Written by":"Ana B.","Est. reading time":"4 minutes"},"schema":{"@context":"https:\/\/schema.org","@graph":[{"@type":"Article","@id":"https:\/\/www.vagadeempregorj.com.br\/lar-doce-lar-entenda-o-programa-e-aprenda-como-participar\/#article","isPartOf":{"@id":"https:\/\/www.vagadeempregorj.com.br\/lar-doce-lar-entenda-o-programa-e-aprenda-como-participar\/"},"author":{"name":"Ana B.","@id":"https:\/\/www.vagadeempregorj.com.br\/#\/schema\/person\/c0c38d5d765e86c3b7c8f12fb1ae6477"},"headline":"Lar Doce Lar: Entenda o Programa e Aprenda Como Participar","datePublished":"2025-01-17T15:19:49+00:00","mainEntityOfPage":{"@id":"https:\/\/www.vagadeempregorj.com.br\/lar-doce-lar-entenda-o-programa-e-aprenda-como-participar\/"},"wordCount":912,"image":{"@id":"https:\/\/www.vagadeempregorj.com.br\/lar-doce-lar-entenda-o-programa-e-aprenda-como-participar\/#primaryimage"},"thumbnailUrl":"https:\/\/www.vagadeempregorj.com.br\/wp-content\/uploads\/2025\/01\/Lar-Doce-Lar.webp","articleSection":["Benef\u00edcios Sociais"],"inLanguage":"fr-FR"},{"@type":"WebPage","@id":"https:\/\/www.vagadeempregorj.com.br\/lar-doce-lar-entenda-o-programa-e-aprenda-como-participar\/","url":"https:\/\/www.vagadeempregorj.com.br\/lar-doce-lar-entenda-o-programa-e-aprenda-como-participar\/","name":"Lar Doce Lar: Entenda o Programa e Aprenda Como Participar -","isPartOf":{"@id":"https:\/\/www.vagadeempregorj.com.br\/#website"},"primaryImageOfPage":{"@id":"https:\/\/www.vagadeempregorj.com.br\/lar-doce-lar-entenda-o-programa-e-aprenda-como-participar\/#primaryimage"},"image":{"@id":"https:\/\/www.vagadeempregorj.com.br\/lar-doce-lar-entenda-o-programa-e-aprenda-como-participar\/#primaryimage"},"thumbnailUrl":"https:\/\/www.vagadeempregorj.com.br\/wp-content\/uploads\/2025\/01\/Lar-Doce-Lar.webp","datePublished":"2025-01-17T15:19:49+00:00","author":{"@id":"https:\/\/www.vagadeempregorj.com.br\/#\/schema\/person\/c0c38d5d765e86c3b7c8f12fb1ae6477"},"description":"Veja em Vagas de Emprego RJ as vagas de emprego com e sem experi\u00eancia no seu Estado e Regi\u00e3o!","breadcrumb":{"@id":"https:\/\/www.vagadeempregorj.com.br\/lar-doce-lar-entenda-o-programa-e-aprenda-como-participar\/#breadcrumb"},"inLanguage":"fr-FR","potentialAction":[{"@type":"ReadAction","target":["https:\/\/www.vagadeempregorj.com.br\/lar-doce-lar-entenda-o-programa-e-aprenda-como-participar\/"]}]},{"@type":"ImageObject","inLanguage":"fr-FR","@id":"https:\/\/www.vagadeempregorj.com.br\/lar-doce-lar-entenda-o-programa-e-aprenda-como-participar\/#primaryimage","url":"https:\/\/www.vagadeempregorj.com.br\/wp-content\/uploads\/2025\/01\/Lar-Doce-Lar.webp","contentUrl":"https:\/\/www.vagadeempregorj.com.br\/wp-content\/uploads\/2025\/01\/Lar-Doce-Lar.webp","width":620,"height":415},{"@type":"BreadcrumbList","@id":"https:\/\/www.vagadeempregorj.com.br\/lar-doce-lar-entenda-o-programa-e-aprenda-como-participar\/#breadcrumb","itemListElement":[{"@type":"ListItem","position":1,"name":"In\u00edcio","item":"https:\/\/www.vagadeempregorj.com.br\/"},{"@type":"ListItem","position":2,"name":"Benef\u00edcios Sociais","item":"https:\/\/www.vagadeempregorj.com.br\/beneficios-sociais\/"},{"@type":"ListItem","position":3,"name":"Lar Doce Lar: Entenda o Programa e Aprenda Como Participar"}]},{"@type":"WebSite","@id":"https:\/\/www.vagadeempregorj.com.br\/#website","url":"https:\/\/www.vagadeempregorj.com.br\/","name":"","description":"Conquiste Sonhos: Vagas, Benef\u00edcios e Economia para Transformar Vidas e Alcan\u00e7ar Melhorias Cotidianas","potentialAction":[{"@type":"SearchAction","target":{"@type":"EntryPoint","urlTemplate":"https:\/\/www.vagadeempregorj.com.br\/?s={search_term_string}"},"query-input":{"@type":"PropertyValueSpecification","valueRequired":true,"valueName":"search_term_string"}}],"inLanguage":"fr-FR"},{"@type":"Person","@id":"https:\/\/www.vagadeempregorj.com.br\/#\/schema\/person\/c0c38d5d765e86c3b7c8f12fb1ae6477","name":"Ana B.","image":{"@type":"ImageObject","inLanguage":"fr-FR","@id":"https:\/\/secure.gravatar.com\/avatar\/f5efa58599e07f8dd92f26c7cfbc442fd115582bc681245452e503c2ef2334f3?s=96&r=g","url":"https:\/\/secure.gravatar.com\/avatar\/f5efa58599e07f8dd92f26c7cfbc442fd115582bc681245452e503c2ef2334f3?s=96&r=g","contentUrl":"https:\/\/secure.gravatar.com\/avatar\/f5efa58599e07f8dd92f26c7cfbc442fd115582bc681245452e503c2ef2334f3?s=96&r=g","caption":"Ana B."},"description":"Meu nome \u00e9 Ana e sou apaixonada em escrever. Dedico meu tempo escrevendo not\u00edcias e vagas de emprego diariamente no portal Vaga de Emprego RJ.","url":"https:\/\/www.vagadeempregorj.com.br\/fr\/author\/vgrj\/"}]}},"_links":{"self":[{"href":"https:\/\/www.vagadeempregorj.com.br\/fr\/wp-json\/wp\/v2\/posts\/42006","targetHints":{"allow":["GET"]}}],"collection":[{"href":"https:\/\/www.vagadeempregorj.com.br\/fr\/wp-json\/wp\/v2\/posts"}],"about":[{"href":"https:\/\/www.vagadeempregorj.com.br\/fr\/wp-json\/wp\/v2\/types\/post"}],"author":[{"embeddable":true,"href":"https:\/\/www.vagadeempregorj.com.br\/fr\/wp-json\/wp\/v2\/users\/1"}],"replies":[{"embeddable":true,"href":"https:\/\/www.vagadeempregorj.com.br\/fr\/wp-json\/wp\/v2\/comments?post=42006"}],"version-history":[{"count":0,"href":"https:\/\/www.vagadeempregorj.com.br\/fr\/wp-json\/wp\/v2\/posts\/42006\/revisions"}],"wp:featuredmedia":[{"embeddable":true,"href":"https:\/\/www.vagadeempregorj.com.br\/fr\/wp-json\/wp\/v2\/media\/42008"}],"wp:attachment":[{"href":"https:\/\/www.vagadeempregorj.com.br\/fr\/wp-json\/wp\/v2\/media?parent=42006"}],"wp:term":[{"taxonomy":"category","embeddable":true,"href":"https:\/\/www.vagadeempregorj.com.br\/fr\/wp-json\/wp\/v2\/categories?post=42006"},{"taxonomy":"post_tag","embeddable":true,"href":"https:\/\/www.vagadeempregorj.com.br\/fr\/wp-json\/wp\/v2\/tags?post=42006"}],"curies":[{"name":"wp","href":"https:\/\/api.w.org\/{rel}","templated":true}]}}