{"id":42042,"date":"2025-01-17T16:21:39","date_gmt":"2025-01-17T19:21:39","guid":{"rendered":"https:\/\/www.vagadeempregorj.com.br\/?p=42042"},"modified":"2025-01-17T16:21:40","modified_gmt":"2025-01-17T19:21:40","slug":"vale-alimentacao-beneficios-trabalhador","status":"publish","type":"post","link":"https:\/\/www.vagadeempregorj.com.br\/fr\/vale-alimentacao-beneficios-trabalhador\/","title":{"rendered":"Vale-Alimenta\u00e7\u00e3o: Benef\u00edcios Essenciais para o Trabalhador"},"content":{"rendered":"<h2 class=\"wp-block-heading\">O Benef\u00edcio Alimenta\u00e7\u00e3o no Trabalho como Benef\u00edcio Crucial para o Trabalhador<\/h2>\n\n\n\n<p class=\"has-medium-font-size\">O Benef\u00edcio Alimenta\u00e7\u00e3o no Trabalho \u00e9 um benef\u00edcio cada vez mais comum entre as empresas. Ele visa melhorar as condi\u00e7\u00f5es de vida dos colaboradores. O objetivo \u00e9 auxiliar nas despesas alimentares di\u00e1rias.<\/p>\n\n\n\n<p class=\"has-medium-font-size\">Com o benef\u00edcio, os trabalhadores podem adquirir alimentos saud\u00e1veis em supermercados, padarias e outros estabelecimentos. Ele oferece vantagens tanto para o colaborador quanto para a empresa.<\/p>\n\n\n\n<p class=\"has-medium-font-size\">O vale-alimenta\u00e7\u00e3o \u00e9 uma forma de valorizar o funcion\u00e1rio e estimular sua produtividade no trabalho.<\/p>\n\n\n\n<h2 class=\"wp-block-heading\">O que \u00e9 o Benef\u00edcio Alimenta\u00e7\u00e3o no Trabalho?<\/h2>\n\n\n\n<p class=\"has-medium-font-size\">O vale-alimenta\u00e7\u00e3o \u00e9 um cr\u00e9dito mensal concedido pela empresa ao trabalhador, permitindo-lhe utilizar esse valor para comprar alimentos em uma rede de estabelecimentos conveniados, como supermercados, a\u00e7ougues, hortifrutis, entre outros. Dessa forma, o benef\u00edcio se torna uma alternativa pr\u00e1tica para garantir que os trabalhadores tenham acesso a uma alimenta\u00e7\u00e3o adequada e balanceada, o que reflete diretamente em sua sa\u00fade e bem-estar. Al\u00e9m disso, ao focar na alimenta\u00e7\u00e3o saud\u00e1vel, o vale-alimenta\u00e7\u00e3o contribui para prevenir doen\u00e7as e fortalecer a sa\u00fade dos colaboradores, o que pode resultar em menos faltas e aumento de produtividade.<\/p>\n\n\n\n<h2 class=\"wp-block-heading\">Benef\u00edcios do Benef\u00edcio Alimenta\u00e7\u00e3o no Trabalho<\/h2>\n\n\n\n<p class=\"has-medium-font-size\">A introdu\u00e7\u00e3o do vale-alimenta\u00e7\u00e3o traz in\u00fameros benef\u00edcios, tanto para os empregados quanto para as empresas. Vamos analisar os principais pontos:<\/p>\n\n\n\n<ol class=\"wp-block-list\">\n<li class=\"has-medium-font-size\"><strong>Melhora na Qualidade de Vida<\/strong>: O vale-alimenta\u00e7\u00e3o permite que o trabalhador tenha uma alimenta\u00e7\u00e3o mais equilibrada e saud\u00e1vel, o que pode reduzir a propens\u00e3o a doen\u00e7as. Ao acessar alimentos de qualidade, como frutas, vegetais e prote\u00ednas, o colaborador mant\u00e9m a sa\u00fade em dia, o que reflete diretamente na sua disposi\u00e7\u00e3o e desempenho profissional.<\/li>\n\n\n\n<li class=\"has-medium-font-size\"><strong>Aumento do Poder de Compra<\/strong>: O vale-alimenta\u00e7\u00e3o facilita o acesso a alimentos de maior qualidade, sem comprometer o or\u00e7amento do trabalhador. Com o benef\u00edcio, o colaborador pode investir em produtos frescos e saud\u00e1veis, sem se preocupar com os custos adicionais.<\/li>\n\n\n\n<li class=\"has-medium-font-size\"><strong>Incentivo \u00e0 Alimenta\u00e7\u00e3o Saud\u00e1vel<\/strong>: Empresas que oferecem o vale-alimenta\u00e7\u00e3o frequentemente promovem escolhas mais saud\u00e1veis ao fornecer uma rede de estabelecimentos que priorizam alimentos naturais e nutritivos. Esse incentivo ajuda a fomentar h\u00e1bitos alimentares mais saud\u00e1veis entre os trabalhadores.<\/li>\n\n\n\n<li class=\"has-medium-font-size\"><strong>Redu\u00e7\u00e3o de Custos para a Empresa<\/strong>: Embora o vale-alimenta\u00e7\u00e3o implique um custo para as empresas, ele pode gerar economias em outras \u00e1reas, como a redu\u00e7\u00e3o dos custos com eventos corporativos e alimenta\u00e7\u00e3o de funcion\u00e1rios em reuni\u00f5es. Al\u00e9m disso, o benef\u00edcio tamb\u00e9m pode aumentar a satisfa\u00e7\u00e3o dos colaboradores, refletindo em maior engajamento e produtividade.<\/li>\n<\/ol>\n\n\n\n<h2 class=\"wp-block-heading\">Benef\u00edcio Alimenta\u00e7\u00e3o no Trabalho e a Legisla\u00e7\u00e3o<\/h2>\n\n\n\n<p class=\"has-medium-font-size\">A legisla\u00e7\u00e3o trabalhista brasileira n\u00e3o exige que as empresas ofere\u00e7am o <strong>vale-alimenta\u00e7\u00e3o<\/strong>, mas ele \u00e9 visto como um benef\u00edcio importante para a sa\u00fade do trabalhador. A concess\u00e3o do benef\u00edcio \u00e9 volunt\u00e1ria, mas a empresa deve seguir algumas regulamenta\u00e7\u00f5es.<\/p>\n\n\n\n<p class=\"has-medium-font-size\">Por exemplo, o valor do <strong>vale-alimenta\u00e7\u00e3o<\/strong> precisa ser depositado na conta individual do trabalhador. Em algumas situa\u00e7\u00f5es, a empresa pode descontar o valor de n\u00e3o utiliza\u00e7\u00e3o do benef\u00edcio diretamente na folha de pagamento.<\/p>\n\n\n\n<p class=\"has-medium-font-size\">Outro aspecto importante \u00e9 que o vale-alimenta\u00e7\u00e3o n\u00e3o se caracteriza como sal\u00e1rio, portanto, n\u00e3o deve ser considerado para o c\u00e1lculo de benef\u00edcios como f\u00e9rias, 13\u00ba sal\u00e1rio, entre outros.<\/p>\n\n\n\n<h2 class=\"wp-block-heading\">Como Consultar Seu Benef\u00edcio Alimenta\u00e7\u00e3o no Trabalho?<\/h2>\n\n\n\n<p class=\"has-medium-font-size\">Se voc\u00ea \u00e9 beneficiado pelo vale-alimenta\u00e7\u00e3o, \u00e9 importante saber como consult\u00e1-lo para acompanhar seu saldo e identificar os estabelecimentos conveniados. Aqui est\u00e3o alguns passos simples para realizar essa consulta:<\/p>\n\n\n\n<ol class=\"wp-block-list\">\n<li class=\"has-medium-font-size\"><strong>Identifique a empresa fornecedora<\/strong>: Para saber qual \u00e9 a administradora do seu vale-alimenta\u00e7\u00e3o, voc\u00ea pode verificar com o RH da sua empresa ou consultar o contracheque.<\/li>\n\n\n\n<li class=\"has-medium-font-size\"><strong>Acesse o aplicativo ou site da fornecedora<\/strong>: Cada administradora do vale-alimenta\u00e7\u00e3o possui uma plataforma digital, onde voc\u00ea pode se cadastrar e acessar seu saldo. Algumas op\u00e7\u00f5es populares incluem Sodexo, Alelo e VR.<\/li>\n\n\n\n<li class=\"has-medium-font-size\"><strong>Cadastre-se e consulte o saldo<\/strong>: Ap\u00f3s realizar o cadastro no site ou aplicativo da empresa fornecedora, voc\u00ea poder\u00e1 visualizar o saldo dispon\u00edvel do seu benef\u00edcio. Al\u00e9m disso, algumas plataformas permitem acessar um extrato detalhado de seus gastos.<\/li>\n\n\n\n<li class=\"has-medium-font-size\"><strong>Encontre os estabelecimentos conveniados<\/strong>: O site ou aplicativo tamb\u00e9m oferece uma ferramenta de busca para localizar estabelecimentos que aceitam o vale-alimenta\u00e7\u00e3o, facilitando suas compras.<\/li>\n<\/ol>\n\n\n\n<h2 class=\"wp-block-heading\">Conclus\u00e3o<\/h2>\n\n\n\n<p class=\"has-medium-font-size\">O <strong>Benef\u00edcio Alimenta\u00e7\u00e3o no Trabalho<\/strong> \u00e9 um benef\u00edcio que oferece vantagens para trabalhadores e empresas. Ele ajuda a garantir o acesso a uma alimenta\u00e7\u00e3o saud\u00e1vel. Isso melhora a qualidade de vida, sa\u00fade e produtividade dos colaboradores.<\/p>\n\n\n\n<p class=\"has-medium-font-size\">Embora n\u00e3o seja obrigat\u00f3rio por lei, muitas empresas optam por oferecer o <strong>vale-alimenta\u00e7\u00e3o<\/strong>. Isso \u00e9 uma forma de valorizar o colaborador e promover um ambiente de trabalho mais saud\u00e1vel.<\/p>\n\n\n\n<p class=\"has-medium-font-size\">Ao adotar o vale-alimenta\u00e7\u00e3o, as empresas n\u00e3o s\u00f3 demonstram compromisso com a sa\u00fade dos seus colaboradores, como tamb\u00e9m criam um ambiente de trabalho mais produtivo e engajado, o que pode resultar em melhores resultados para todos.<\/p>\n\n\n\n<hr class=\"wp-block-separator has-alpha-channel-opacity\"\/>\n\n\n\n<p class=\"has-medium-font-size\"><a href=\"https:\/\/www.vagadeempregorj.com.br\/fr\/beneficios-sociais\/\">Como a alimenta\u00e7\u00e3o impacta a produtividade no trabalho: veja os estudos e dicas.<\/a><\/p>","protected":false},"excerpt":{"rendered":"<p>O Benef\u00edcio Alimenta\u00e7\u00e3o no Trabalho como Benef\u00edcio Crucial para o Trabalhador O Benef\u00edcio Alimenta\u00e7\u00e3o no Trabalho \u00e9 um benef\u00edcio cada vez mais comum entre as empresas. Ele visa melhorar as condi\u00e7\u00f5es de vida dos colaboradores. O objetivo \u00e9 auxiliar nas despesas alimentares di\u00e1rias. Com o benef\u00edcio, os trabalhadores podem adquirir alimentos saud\u00e1veis em supermercados, padarias&hellip;&nbsp;<\/p>","protected":false},"author":1,"featured_media":42043,"comment_status":"closed","ping_status":"closed","sticky":false,"template":"","format":"standard","meta":{"neve_meta_sidebar":"","neve_meta_container":"","neve_meta_enable_content_width":"","neve_meta_content_width":0,"neve_meta_title_alignment":"","neve_meta_author_avatar":"","neve_post_elements_order":"","neve_meta_disable_header":"","neve_meta_disable_footer":"","neve_meta_disable_title":"","footnotes":""},"categories":[1],"tags":[934,929,936,902,935],"class_list":["post-42042","post","type-post","status-publish","format-standard","has-post-thumbnail","hentry","category-beneficios-sociais","tag-alimentacao-saudavel","tag-beneficios-trabalhistas","tag-legislacao-trabalhista","tag-qualidade-de-vida","tag-vale-alimentacao"],"yoast_head":"<!-- This site is optimized with the Yoast SEO plugin v27.5 - https:\/\/yoast.com\/product\/yoast-seo-wordpress\/ -->\n<title>Vale-Alimenta\u00e7\u00e3o: Benef\u00edcios Essenciais para o Trabalhador -<\/title>\n<meta name=\"description\" content=\"O vale-alimenta\u00e7\u00e3o \u00e9 um benef\u00edcio essencial para os trabalhadores, melhorando a qualidade de vida e produtividade. Saiba mais sobre ele!\" \/>\n<meta name=\"robots\" content=\"index, follow, max-snippet:-1, max-image-preview:large, max-video-preview:-1\" \/>\n<link rel=\"canonical\" href=\"https:\/\/www.vagadeempregorj.com.br\/fr\/vale-alimentacao-beneficios-trabalhador\/\" \/>\n<meta property=\"og:locale\" content=\"fr_FR\" \/>\n<meta property=\"og:type\" content=\"article\" \/>\n<meta property=\"og:title\" content=\"Vale-Alimenta\u00e7\u00e3o: Benef\u00edcios Essenciais para o Trabalhador -\" \/>\n<meta property=\"og:description\" content=\"O vale-alimenta\u00e7\u00e3o \u00e9 um benef\u00edcio essencial para os trabalhadores, melhorando a qualidade de vida e produtividade. Saiba mais sobre ele!\" \/>\n<meta property=\"og:url\" content=\"https:\/\/www.vagadeempregorj.com.br\/fr\/vale-alimentacao-beneficios-trabalhador\/\" \/>\n<meta property=\"article:publisher\" content=\"https:\/\/www.facebook.com\/empregobrasiloficial\" \/>\n<meta property=\"article:published_time\" content=\"2025-01-17T19:21:39+00:00\" \/>\n<meta property=\"article:modified_time\" content=\"2025-01-17T19:21:40+00:00\" \/>\n<meta property=\"og:image\" content=\"https:\/\/www.vagadeempregorj.com.br\/wp-content\/uploads\/2025\/01\/Vale-Alimentacao.jpeg\" \/>\n\t<meta property=\"og:image:width\" content=\"600\" \/>\n\t<meta property=\"og:image:height\" content=\"370\" \/>\n\t<meta property=\"og:image:type\" content=\"image\/jpeg\" \/>\n<meta name=\"author\" content=\"Ana B.\" \/>\n<meta name=\"twitter:card\" content=\"summary_large_image\" \/>\n<meta name=\"twitter:label1\" content=\"Written by\" \/>\n\t<meta name=\"twitter:data1\" content=\"Ana B.\" \/>\n\t<meta name=\"twitter:label2\" content=\"Est. reading time\" \/>\n\t<meta name=\"twitter:data2\" content=\"4 minutes\" \/>\n<script type=\"application\/ld+json\" class=\"yoast-schema-graph\">{\"@context\":\"https:\\\/\\\/schema.org\",\"@graph\":[{\"@type\":\"Article\",\"@id\":\"https:\\\/\\\/www.vagadeempregorj.com.br\\\/vale-alimentacao-beneficios-trabalhador\\\/#article\",\"isPartOf\":{\"@id\":\"https:\\\/\\\/www.vagadeempregorj.com.br\\\/vale-alimentacao-beneficios-trabalhador\\\/\"},\"author\":{\"name\":\"Ana B.\",\"@id\":\"https:\\\/\\\/www.vagadeempregorj.com.br\\\/#\\\/schema\\\/person\\\/c0c38d5d765e86c3b7c8f12fb1ae6477\"},\"headline\":\"Vale-Alimenta\u00e7\u00e3o: Benef\u00edcios Essenciais para o Trabalhador\",\"datePublished\":\"2025-01-17T19:21:39+00:00\",\"dateModified\":\"2025-01-17T19:21:40+00:00\",\"mainEntityOfPage\":{\"@id\":\"https:\\\/\\\/www.vagadeempregorj.com.br\\\/vale-alimentacao-beneficios-trabalhador\\\/\"},\"wordCount\":881,\"image\":{\"@id\":\"https:\\\/\\\/www.vagadeempregorj.com.br\\\/vale-alimentacao-beneficios-trabalhador\\\/#primaryimage\"},\"thumbnailUrl\":\"https:\\\/\\\/www.vagadeempregorj.com.br\\\/wp-content\\\/uploads\\\/2025\\\/01\\\/Vale-Alimentacao.jpeg\",\"keywords\":[\"alimenta\u00e7\u00e3o saud\u00e1vel\",\"benef\u00edcios trabalhistas\",\"legisla\u00e7\u00e3o trabalhista\",\"qualidade de vida\",\"vale-alimenta\u00e7\u00e3o\"],\"articleSection\":[\"Benef\u00edcios Sociais\"],\"inLanguage\":\"fr-FR\"},{\"@type\":\"WebPage\",\"@id\":\"https:\\\/\\\/www.vagadeempregorj.com.br\\\/vale-alimentacao-beneficios-trabalhador\\\/\",\"url\":\"https:\\\/\\\/www.vagadeempregorj.com.br\\\/vale-alimentacao-beneficios-trabalhador\\\/\",\"name\":\"Vale-Alimenta\u00e7\u00e3o: Benef\u00edcios Essenciais para o Trabalhador -\",\"isPartOf\":{\"@id\":\"https:\\\/\\\/www.vagadeempregorj.com.br\\\/#website\"},\"primaryImageOfPage\":{\"@id\":\"https:\\\/\\\/www.vagadeempregorj.com.br\\\/vale-alimentacao-beneficios-trabalhador\\\/#primaryimage\"},\"image\":{\"@id\":\"https:\\\/\\\/www.vagadeempregorj.com.br\\\/vale-alimentacao-beneficios-trabalhador\\\/#primaryimage\"},\"thumbnailUrl\":\"https:\\\/\\\/www.vagadeempregorj.com.br\\\/wp-content\\\/uploads\\\/2025\\\/01\\\/Vale-Alimentacao.jpeg\",\"datePublished\":\"2025-01-17T19:21:39+00:00\",\"dateModified\":\"2025-01-17T19:21:40+00:00\",\"author\":{\"@id\":\"https:\\\/\\\/www.vagadeempregorj.com.br\\\/#\\\/schema\\\/person\\\/c0c38d5d765e86c3b7c8f12fb1ae6477\"},\"description\":\"O vale-alimenta\u00e7\u00e3o \u00e9 um benef\u00edcio essencial para os trabalhadores, melhorando a qualidade de vida e produtividade. Saiba mais sobre ele!\",\"breadcrumb\":{\"@id\":\"https:\\\/\\\/www.vagadeempregorj.com.br\\\/vale-alimentacao-beneficios-trabalhador\\\/#breadcrumb\"},\"inLanguage\":\"fr-FR\",\"potentialAction\":[{\"@type\":\"ReadAction\",\"target\":[\"https:\\\/\\\/www.vagadeempregorj.com.br\\\/vale-alimentacao-beneficios-trabalhador\\\/\"]}]},{\"@type\":\"ImageObject\",\"inLanguage\":\"fr-FR\",\"@id\":\"https:\\\/\\\/www.vagadeempregorj.com.br\\\/vale-alimentacao-beneficios-trabalhador\\\/#primaryimage\",\"url\":\"https:\\\/\\\/www.vagadeempregorj.com.br\\\/wp-content\\\/uploads\\\/2025\\\/01\\\/Vale-Alimentacao.jpeg\",\"contentUrl\":\"https:\\\/\\\/www.vagadeempregorj.com.br\\\/wp-content\\\/uploads\\\/2025\\\/01\\\/Vale-Alimentacao.jpeg\",\"width\":600,\"height\":370,\"caption\":\"Vale-alimenta\u00e7\u00e3o\"},{\"@type\":\"BreadcrumbList\",\"@id\":\"https:\\\/\\\/www.vagadeempregorj.com.br\\\/vale-alimentacao-beneficios-trabalhador\\\/#breadcrumb\",\"itemListElement\":[{\"@type\":\"ListItem\",\"position\":1,\"name\":\"In\u00edcio\",\"item\":\"https:\\\/\\\/www.vagadeempregorj.com.br\\\/\"},{\"@type\":\"ListItem\",\"position\":2,\"name\":\"Benef\u00edcios Sociais\",\"item\":\"https:\\\/\\\/www.vagadeempregorj.com.br\\\/beneficios-sociais\\\/\"},{\"@type\":\"ListItem\",\"position\":3,\"name\":\"Vale-Alimenta\u00e7\u00e3o: Benef\u00edcios Essenciais para o Trabalhador\"}]},{\"@type\":\"WebSite\",\"@id\":\"https:\\\/\\\/www.vagadeempregorj.com.br\\\/#website\",\"url\":\"https:\\\/\\\/www.vagadeempregorj.com.br\\\/\",\"name\":\"\",\"description\":\"Conquiste Sonhos: Vagas, Benef\u00edcios e Economia para Transformar Vidas e Alcan\u00e7ar Melhorias Cotidianas\",\"potentialAction\":[{\"@type\":\"SearchAction\",\"target\":{\"@type\":\"EntryPoint\",\"urlTemplate\":\"https:\\\/\\\/www.vagadeempregorj.com.br\\\/?s={search_term_string}\"},\"query-input\":{\"@type\":\"PropertyValueSpecification\",\"valueRequired\":true,\"valueName\":\"search_term_string\"}}],\"inLanguage\":\"fr-FR\"},{\"@type\":\"Person\",\"@id\":\"https:\\\/\\\/www.vagadeempregorj.com.br\\\/#\\\/schema\\\/person\\\/c0c38d5d765e86c3b7c8f12fb1ae6477\",\"name\":\"Ana B.\",\"image\":{\"@type\":\"ImageObject\",\"inLanguage\":\"fr-FR\",\"@id\":\"https:\\\/\\\/secure.gravatar.com\\\/avatar\\\/f5efa58599e07f8dd92f26c7cfbc442fd115582bc681245452e503c2ef2334f3?s=96&r=g\",\"url\":\"https:\\\/\\\/secure.gravatar.com\\\/avatar\\\/f5efa58599e07f8dd92f26c7cfbc442fd115582bc681245452e503c2ef2334f3?s=96&r=g\",\"contentUrl\":\"https:\\\/\\\/secure.gravatar.com\\\/avatar\\\/f5efa58599e07f8dd92f26c7cfbc442fd115582bc681245452e503c2ef2334f3?s=96&r=g\",\"caption\":\"Ana B.\"},\"description\":\"Meu nome \u00e9 Ana e sou apaixonada em escrever. Dedico meu tempo escrevendo not\u00edcias e vagas de emprego diariamente no portal Vaga de Emprego RJ.\",\"url\":\"https:\\\/\\\/www.vagadeempregorj.com.br\\\/fr\\\/author\\\/vgrj\\\/\"}]}<\/script>\n<!-- \/ Yoast SEO plugin. -->","yoast_head_json":{"title":"Vale-Alimenta\u00e7\u00e3o: Benef\u00edcios Essenciais para o Trabalhador -","description":"O vale-alimenta\u00e7\u00e3o \u00e9 um benef\u00edcio essencial para os trabalhadores, melhorando a qualidade de vida e produtividade. Saiba mais sobre ele!","robots":{"index":"index","follow":"follow","max-snippet":"max-snippet:-1","max-image-preview":"max-image-preview:large","max-video-preview":"max-video-preview:-1"},"canonical":"https:\/\/www.vagadeempregorj.com.br\/fr\/vale-alimentacao-beneficios-trabalhador\/","og_locale":"fr_FR","og_type":"article","og_title":"Vale-Alimenta\u00e7\u00e3o: Benef\u00edcios Essenciais para o Trabalhador -","og_description":"O vale-alimenta\u00e7\u00e3o \u00e9 um benef\u00edcio essencial para os trabalhadores, melhorando a qualidade de vida e produtividade. Saiba mais sobre ele!","og_url":"https:\/\/www.vagadeempregorj.com.br\/fr\/vale-alimentacao-beneficios-trabalhador\/","article_publisher":"https:\/\/www.facebook.com\/empregobrasiloficial","article_published_time":"2025-01-17T19:21:39+00:00","article_modified_time":"2025-01-17T19:21:40+00:00","og_image":[{"width":600,"height":370,"url":"https:\/\/www.vagadeempregorj.com.br\/wp-content\/uploads\/2025\/01\/Vale-Alimentacao.jpeg","type":"image\/jpeg"}],"author":"Ana B.","twitter_card":"summary_large_image","twitter_misc":{"Written by":"Ana B.","Est. reading time":"4 minutes"},"schema":{"@context":"https:\/\/schema.org","@graph":[{"@type":"Article","@id":"https:\/\/www.vagadeempregorj.com.br\/vale-alimentacao-beneficios-trabalhador\/#article","isPartOf":{"@id":"https:\/\/www.vagadeempregorj.com.br\/vale-alimentacao-beneficios-trabalhador\/"},"author":{"name":"Ana B.","@id":"https:\/\/www.vagadeempregorj.com.br\/#\/schema\/person\/c0c38d5d765e86c3b7c8f12fb1ae6477"},"headline":"Vale-Alimenta\u00e7\u00e3o: Benef\u00edcios Essenciais para o Trabalhador","datePublished":"2025-01-17T19:21:39+00:00","dateModified":"2025-01-17T19:21:40+00:00","mainEntityOfPage":{"@id":"https:\/\/www.vagadeempregorj.com.br\/vale-alimentacao-beneficios-trabalhador\/"},"wordCount":881,"image":{"@id":"https:\/\/www.vagadeempregorj.com.br\/vale-alimentacao-beneficios-trabalhador\/#primaryimage"},"thumbnailUrl":"https:\/\/www.vagadeempregorj.com.br\/wp-content\/uploads\/2025\/01\/Vale-Alimentacao.jpeg","keywords":["alimenta\u00e7\u00e3o saud\u00e1vel","benef\u00edcios trabalhistas","legisla\u00e7\u00e3o trabalhista","qualidade de vida","vale-alimenta\u00e7\u00e3o"],"articleSection":["Benef\u00edcios Sociais"],"inLanguage":"fr-FR"},{"@type":"WebPage","@id":"https:\/\/www.vagadeempregorj.com.br\/vale-alimentacao-beneficios-trabalhador\/","url":"https:\/\/www.vagadeempregorj.com.br\/vale-alimentacao-beneficios-trabalhador\/","name":"Vale-Alimenta\u00e7\u00e3o: Benef\u00edcios Essenciais para o Trabalhador -","isPartOf":{"@id":"https:\/\/www.vagadeempregorj.com.br\/#website"},"primaryImageOfPage":{"@id":"https:\/\/www.vagadeempregorj.com.br\/vale-alimentacao-beneficios-trabalhador\/#primaryimage"},"image":{"@id":"https:\/\/www.vagadeempregorj.com.br\/vale-alimentacao-beneficios-trabalhador\/#primaryimage"},"thumbnailUrl":"https:\/\/www.vagadeempregorj.com.br\/wp-content\/uploads\/2025\/01\/Vale-Alimentacao.jpeg","datePublished":"2025-01-17T19:21:39+00:00","dateModified":"2025-01-17T19:21:40+00:00","author":{"@id":"https:\/\/www.vagadeempregorj.com.br\/#\/schema\/person\/c0c38d5d765e86c3b7c8f12fb1ae6477"},"description":"O vale-alimenta\u00e7\u00e3o \u00e9 um benef\u00edcio essencial para os trabalhadores, melhorando a qualidade de vida e produtividade. Saiba mais sobre ele!","breadcrumb":{"@id":"https:\/\/www.vagadeempregorj.com.br\/vale-alimentacao-beneficios-trabalhador\/#breadcrumb"},"inLanguage":"fr-FR","potentialAction":[{"@type":"ReadAction","target":["https:\/\/www.vagadeempregorj.com.br\/vale-alimentacao-beneficios-trabalhador\/"]}]},{"@type":"ImageObject","inLanguage":"fr-FR","@id":"https:\/\/www.vagadeempregorj.com.br\/vale-alimentacao-beneficios-trabalhador\/#primaryimage","url":"https:\/\/www.vagadeempregorj.com.br\/wp-content\/uploads\/2025\/01\/Vale-Alimentacao.jpeg","contentUrl":"https:\/\/www.vagadeempregorj.com.br\/wp-content\/uploads\/2025\/01\/Vale-Alimentacao.jpeg","width":600,"height":370,"caption":"Vale-alimenta\u00e7\u00e3o"},{"@type":"BreadcrumbList","@id":"https:\/\/www.vagadeempregorj.com.br\/vale-alimentacao-beneficios-trabalhador\/#breadcrumb","itemListElement":[{"@type":"ListItem","position":1,"name":"In\u00edcio","item":"https:\/\/www.vagadeempregorj.com.br\/"},{"@type":"ListItem","position":2,"name":"Benef\u00edcios Sociais","item":"https:\/\/www.vagadeempregorj.com.br\/beneficios-sociais\/"},{"@type":"ListItem","position":3,"name":"Vale-Alimenta\u00e7\u00e3o: Benef\u00edcios Essenciais para o Trabalhador"}]},{"@type":"WebSite","@id":"https:\/\/www.vagadeempregorj.com.br\/#website","url":"https:\/\/www.vagadeempregorj.com.br\/","name":"","description":"Conquiste Sonhos: Vagas, Benef\u00edcios e Economia para Transformar Vidas e Alcan\u00e7ar Melhorias Cotidianas","potentialAction":[{"@type":"SearchAction","target":{"@type":"EntryPoint","urlTemplate":"https:\/\/www.vagadeempregorj.com.br\/?s={search_term_string}"},"query-input":{"@type":"PropertyValueSpecification","valueRequired":true,"valueName":"search_term_string"}}],"inLanguage":"fr-FR"},{"@type":"Person","@id":"https:\/\/www.vagadeempregorj.com.br\/#\/schema\/person\/c0c38d5d765e86c3b7c8f12fb1ae6477","name":"Ana B.","image":{"@type":"ImageObject","inLanguage":"fr-FR","@id":"https:\/\/secure.gravatar.com\/avatar\/f5efa58599e07f8dd92f26c7cfbc442fd115582bc681245452e503c2ef2334f3?s=96&r=g","url":"https:\/\/secure.gravatar.com\/avatar\/f5efa58599e07f8dd92f26c7cfbc442fd115582bc681245452e503c2ef2334f3?s=96&r=g","contentUrl":"https:\/\/secure.gravatar.com\/avatar\/f5efa58599e07f8dd92f26c7cfbc442fd115582bc681245452e503c2ef2334f3?s=96&r=g","caption":"Ana B."},"description":"Meu nome \u00e9 Ana e sou apaixonada em escrever. Dedico meu tempo escrevendo not\u00edcias e vagas de emprego diariamente no portal Vaga de Emprego RJ.","url":"https:\/\/www.vagadeempregorj.com.br\/fr\/author\/vgrj\/"}]}},"_links":{"self":[{"href":"https:\/\/www.vagadeempregorj.com.br\/fr\/wp-json\/wp\/v2\/posts\/42042","targetHints":{"allow":["GET"]}}],"collection":[{"href":"https:\/\/www.vagadeempregorj.com.br\/fr\/wp-json\/wp\/v2\/posts"}],"about":[{"href":"https:\/\/www.vagadeempregorj.com.br\/fr\/wp-json\/wp\/v2\/types\/post"}],"author":[{"embeddable":true,"href":"https:\/\/www.vagadeempregorj.com.br\/fr\/wp-json\/wp\/v2\/users\/1"}],"replies":[{"embeddable":true,"href":"https:\/\/www.vagadeempregorj.com.br\/fr\/wp-json\/wp\/v2\/comments?post=42042"}],"version-history":[{"count":0,"href":"https:\/\/www.vagadeempregorj.com.br\/fr\/wp-json\/wp\/v2\/posts\/42042\/revisions"}],"wp:featuredmedia":[{"embeddable":true,"href":"https:\/\/www.vagadeempregorj.com.br\/fr\/wp-json\/wp\/v2\/media\/42043"}],"wp:attachment":[{"href":"https:\/\/www.vagadeempregorj.com.br\/fr\/wp-json\/wp\/v2\/media?parent=42042"}],"wp:term":[{"taxonomy":"category","embeddable":true,"href":"https:\/\/www.vagadeempregorj.com.br\/fr\/wp-json\/wp\/v2\/categories?post=42042"},{"taxonomy":"post_tag","embeddable":true,"href":"https:\/\/www.vagadeempregorj.com.br\/fr\/wp-json\/wp\/v2\/tags?post=42042"}],"curies":[{"name":"wp","href":"https:\/\/api.w.org\/{rel}","templated":true}]}}