{"id":42058,"date":"2025-01-21T06:00:00","date_gmt":"2025-01-21T09:00:00","guid":{"rendered":"https:\/\/www.vagadeempregorj.com.br\/?p=42058"},"modified":"2025-01-19T19:06:04","modified_gmt":"2025-01-19T22:06:04","slug":"pague-menos-603-vagas-de-emprego-pelo-pais","status":"publish","type":"post","link":"https:\/\/www.vagadeempregorj.com.br\/fr\/pague-menos-603-vagas-de-emprego-pelo-pais\/","title":{"rendered":"Pague Menos: 603 vagas de emprego pelo pa\u00eds"},"content":{"rendered":"<p>Voc\u00ea est\u00e1 em busca de uma nova oportunidade no mercado de trabalho? A <strong>Pague Menos<\/strong>, uma das maiores redes de farm\u00e1cias do Brasil, acaba de anunciar a abertura de <strong>603 vagas de emprego<\/strong> distribu\u00eddas em diferentes estados do pa\u00eds. Essa \u00e9 uma chance incr\u00edvel de entrar para uma empresa reconhecida pelo cuidado com seus colaboradores e clientes. Vamos conversar sobre o que essa oportunidade pode representar para voc\u00ea e como aproveitar ao m\u00e1ximo?<\/p>\n\n\n\n<p>Com tantas vagas dispon\u00edveis, h\u00e1 uma diversidade de fun\u00e7\u00f5es que atendem a diferentes perfis. Seja voc\u00ea um profissional em in\u00edcio de carreira ou algu\u00e9m com experi\u00eancia consolidada, a Pague Menos pode ter o espa\u00e7o ideal para suas habilidades e ambi\u00e7\u00f5es. Vamos explorar essas oportunidades e descobrir como voc\u00ea pode fazer parte desse time?<\/p>\n\n\n\n<figure class=\"wp-block-image size-full is-resized\"><img loading=\"lazy\" decoding=\"async\" width=\"799\" height=\"500\" src=\"https:\/\/www.vagadeempregorj.com.br\/wp-content\/uploads\/2025\/01\/image-3.png\" alt=\"Pague Menos\" class=\"wp-image-42059\" style=\"width:840px;height:auto\" srcset=\"https:\/\/www.vagadeempregorj.com.br\/wp-content\/uploads\/2025\/01\/image-3.png 799w, https:\/\/www.vagadeempregorj.com.br\/wp-content\/uploads\/2025\/01\/image-3-300x188.png 300w, https:\/\/www.vagadeempregorj.com.br\/wp-content\/uploads\/2025\/01\/image-3-768x481.png 768w, https:\/\/www.vagadeempregorj.com.br\/wp-content\/uploads\/2025\/01\/image-3-150x94.png 150w\" sizes=\"auto, (max-width: 799px) 100vw, 799px\" \/><\/figure>\n\n\n\n<h2 class=\"wp-block-heading\">Quais s\u00e3o as oportunidades de carreira na Pague Menos?<\/h2>\n\n\n\n<p>A Pague Menos oferece uma gama de vagas que atendem a diversos n\u00edveis de experi\u00eancia e \u00e1reas de atua\u00e7\u00e3o. De cargos operacionais a posi\u00e7\u00f5es estrat\u00e9gicas, h\u00e1 op\u00e7\u00f5es para quem busca crescimento profissional em uma empresa s\u00f3lida. Confira algumas das principais fun\u00e7\u00f5es dispon\u00edveis:<\/p>\n\n\n\n<h4 class=\"wp-block-heading\">1# <strong>Atendente de Farm\u00e1cia<\/strong><\/h4>\n\n\n\n<p>Voc\u00ea \u00e9 bom em lidar com pessoas? O cargo de atendente de farm\u00e1cia exige empatia e disposi\u00e7\u00e3o para ajudar os clientes a encontrarem os produtos de que precisam. Essa \u00e9 uma fun\u00e7\u00e3o essencial na Pague Menos, e a empresa valoriza profissionais que saibam unir atendimento cordial a efici\u00eancia.<\/p>\n\n\n\n<h4 class=\"wp-block-heading\">2# <strong>Farmac\u00eautico<\/strong><\/h4>\n\n\n\n<p>Se voc\u00ea possui forma\u00e7\u00e3o na \u00e1rea, o cargo de farmac\u00eautico \u00e9 uma das principais posi\u00e7\u00f5es oferecidas. Os farmac\u00eauticos na Pague Menos t\u00eam um papel crucial, orientando clientes sobre medicamentos, prestando assist\u00eancia farmac\u00eautica e garantindo que todas as normas sejam seguidas.<\/p>\n\n\n\n<h4 class=\"wp-block-heading\">3# <strong>Operador de Caixa<\/strong><\/h4>\n\n\n\n<p>Gosta de trabalhar com n\u00fameros e tem agilidade no atendimento? Como operador de caixa, voc\u00ea ser\u00e1 respons\u00e1vel pelo fechamento de vendas, atendimento direto ao cliente e organiza\u00e7\u00e3o do fluxo de pagamentos. \u00c9 uma fun\u00e7\u00e3o que exige aten\u00e7\u00e3o e simpatia.<\/p>\n\n\n\n<h4 class=\"wp-block-heading\">4# <strong>Estoquista<\/strong><\/h4>\n\n\n\n<p>Para quem gosta de manter tudo em ordem, o cargo de estoquista pode ser ideal. Esses profissionais cuidam do controle de entrada e sa\u00edda de mercadorias, organiza\u00e7\u00e3o do estoque e reposi\u00e7\u00e3o de produtos nas prateleiras.<\/p>\n\n\n\n<h4 class=\"wp-block-heading\">5# <strong>Supervisor de Loja<\/strong><\/h4>\n\n\n\n<p>Se voc\u00ea tem perfil de lideran\u00e7a, essa vaga pode ser a sua. Supervisores de loja coordenam equipes, organizam rotinas e garantem que os objetivos da unidade sejam alcan\u00e7ados. \u00c9 uma oportunidade perfeita para quem busca crescimento e novos desafios.<\/p>\n\n\n\n<p>Al\u00e9m desses, a Pague Menos tamb\u00e9m oferece vagas em \u00e1reas administrativas, como recursos humanos, log\u00edstica e tecnologia. A empresa valoriza a diversidade e busca profissionais que estejam alinhados com os valores de inova\u00e7\u00e3o, respeito e cuidado.<\/p>\n\n\n\n<h2 class=\"wp-block-heading\">Como se candidatar?<\/h2>\n\n\n\n<p>Agora que voc\u00ea j\u00e1 conhece algumas das vagas dispon\u00edveis, \u00e9 hora de entender como se candidatar. A Pague Menos utiliza uma plataforma online para o processo seletivo, tornando tudo mais pr\u00e1tico e acess\u00edvel. Aqui vai um passo a passo simples para voc\u00ea dar in\u00edcio \u00e0 sua candidatura:<\/p>\n\n\n\n<ul class=\"wp-block-list\">\n<li>Copie e cole o endere\u00e7o <strong>https:\/\/paguemenos.gupy.io<\/strong> em seu navegador.<\/li>\n\n\n\n<li><strong>Acesse a p\u00e1gina e encontre uma oportunidade que combine com seu perfil.<\/strong><\/li>\n\n\n\n<li>Leia atentamente os requisitos da vaga e veja se voc\u00ea atende \u00e0s exig\u00eancias.<\/li>\n\n\n\n<li>Clique em &#8220;Candidatar-se&#8221; e preencha as informa\u00e7\u00f5es solicitadas.<\/li>\n\n\n\n<li>Envie seu curr\u00edculo atualizado e, se necess\u00e1rio, adicione uma carta de apresenta\u00e7\u00e3o personalizada.<\/li>\n<\/ul>\n\n\n\n<p>Dica extra: fique de olho nas atualiza\u00e7\u00f5es da plataforma. Novas vagas podem surgir a qualquer momento, e essa pode ser a sua chance de encontrar exatamente o que procura.<\/p>\n\n\n\n<h2 class=\"wp-block-heading\">Por que trabalhar na Pague Menos?<\/h2>\n\n\n\n<p>A <strong>Pague Menos<\/strong> n\u00e3o \u00e9 apenas uma farm\u00e1cia. \u00c9 um lugar onde pessoas crescem, constroem carreiras e fazem parte de um ambiente que valoriza o bem-estar de todos. Trabalhar em uma empresa com essa vis\u00e3o significa ter acesso a benef\u00edcios, oportunidades de capacita\u00e7\u00e3o e um ambiente que incentiva o desenvolvimento pessoal e profissional.<\/p>\n\n\n\n<p>Al\u00e9m disso, a empresa busca constantemente criar um ambiente inclusivo e diverso. Seja qual for sua experi\u00eancia, a Pague Menos acredita que cada colaborador traz um valor \u00fanico para o time. E, claro, a possibilidade de contribuir diretamente para a sa\u00fade e bem-estar de milhares de pessoas \u00e9 uma motiva\u00e7\u00e3o e tanto.<\/p>\n\n\n\n<p><strong>Veja tamb\u00e9m: <a href=\"https:\/\/www.vagadeempregorj.com.br\/fr\/granado-92-vagas-de-emprego-abertas-no-rio-de-janeiro\/\">Granado: 92 vagas de emprego abertas no Rio de Janeiro<\/a><\/strong><\/p>\n\n\n\n<p>21 de janeiro de 2025<\/p>","protected":false},"excerpt":{"rendered":"<p>Voc\u00ea est\u00e1 em busca de uma nova oportunidade no mercado de trabalho? A Pague Menos, uma das maiores redes de farm\u00e1cias do Brasil, acaba de anunciar a abertura de 603 vagas de emprego distribu\u00eddas em diferentes estados do pa\u00eds. Essa \u00e9 uma chance incr\u00edvel de entrar para uma empresa reconhecida pelo cuidado com seus colaboradores&hellip;&nbsp;<\/p>","protected":false},"author":16,"featured_media":42059,"comment_status":"closed","ping_status":"closed","sticky":false,"template":"","format":"standard","meta":{"neve_meta_sidebar":"","neve_meta_container":"","neve_meta_enable_content_width":"","neve_meta_content_width":0,"neve_meta_title_alignment":"","neve_meta_author_avatar":"","neve_post_elements_order":"","neve_meta_disable_header":"","neve_meta_disable_footer":"","neve_meta_disable_title":"","footnotes":""},"categories":[123],"tags":[830,608],"class_list":["post-42058","post","type-post","status-publish","format-standard","has-post-thumbnail","hentry","category-vagas-de-emprego-nacionais","tag-empregos","tag-oportunidades"],"yoast_head":"<!-- This site is optimized with the Yoast SEO plugin v27.5 - https:\/\/yoast.com\/product\/yoast-seo-wordpress\/ -->\n<title>Pague Menos: 603 vagas de emprego pelo pa\u00eds -<\/title>\n<meta name=\"description\" content=\"Veja em Vagas de Emprego RJ as vagas de emprego com e sem experi\u00eancia no seu Estado e Regi\u00e3o!\" \/>\n<meta name=\"robots\" content=\"index, follow, max-snippet:-1, max-image-preview:large, max-video-preview:-1\" \/>\n<link rel=\"canonical\" href=\"https:\/\/www.vagadeempregorj.com.br\/fr\/pague-menos-603-vagas-de-emprego-pelo-pais\/\" \/>\n<meta property=\"og:locale\" content=\"fr_FR\" \/>\n<meta property=\"og:type\" content=\"article\" \/>\n<meta property=\"og:title\" content=\"Pague Menos: 603 vagas de emprego pelo pa\u00eds -\" \/>\n<meta property=\"og:description\" content=\"Veja em Vagas de Emprego RJ as vagas de emprego com e sem experi\u00eancia no seu Estado e Regi\u00e3o!\" \/>\n<meta property=\"og:url\" content=\"https:\/\/www.vagadeempregorj.com.br\/fr\/pague-menos-603-vagas-de-emprego-pelo-pais\/\" \/>\n<meta property=\"article:publisher\" content=\"https:\/\/www.facebook.com\/empregobrasiloficial\" \/>\n<meta property=\"article:published_time\" content=\"2025-01-21T09:00:00+00:00\" \/>\n<meta property=\"og:image\" content=\"https:\/\/www.vagadeempregorj.com.br\/wp-content\/uploads\/2025\/01\/image-3.png\" \/>\n\t<meta property=\"og:image:width\" content=\"799\" \/>\n\t<meta property=\"og:image:height\" content=\"500\" \/>\n\t<meta property=\"og:image:type\" content=\"image\/png\" \/>\n<meta name=\"author\" content=\"Michele\" \/>\n<meta name=\"twitter:card\" content=\"summary_large_image\" \/>\n<meta name=\"twitter:label1\" content=\"Written by\" \/>\n\t<meta name=\"twitter:data1\" content=\"Michele\" \/>\n\t<meta name=\"twitter:label2\" content=\"Est. reading time\" \/>\n\t<meta name=\"twitter:data2\" content=\"4 minutes\" \/>\n<script type=\"application\/ld+json\" class=\"yoast-schema-graph\">{\"@context\":\"https:\\\/\\\/schema.org\",\"@graph\":[{\"@type\":\"Article\",\"@id\":\"https:\\\/\\\/www.vagadeempregorj.com.br\\\/pague-menos-603-vagas-de-emprego-pelo-pais\\\/#article\",\"isPartOf\":{\"@id\":\"https:\\\/\\\/www.vagadeempregorj.com.br\\\/pague-menos-603-vagas-de-emprego-pelo-pais\\\/\"},\"author\":{\"name\":\"Michele\",\"@id\":\"https:\\\/\\\/www.vagadeempregorj.com.br\\\/#\\\/schema\\\/person\\\/3ddb19fa0539706786e502152f3aae95\"},\"headline\":\"Pague Menos: 603 vagas de emprego pelo pa\u00eds\",\"datePublished\":\"2025-01-21T09:00:00+00:00\",\"mainEntityOfPage\":{\"@id\":\"https:\\\/\\\/www.vagadeempregorj.com.br\\\/pague-menos-603-vagas-de-emprego-pelo-pais\\\/\"},\"wordCount\":754,\"image\":{\"@id\":\"https:\\\/\\\/www.vagadeempregorj.com.br\\\/pague-menos-603-vagas-de-emprego-pelo-pais\\\/#primaryimage\"},\"thumbnailUrl\":\"https:\\\/\\\/www.vagadeempregorj.com.br\\\/wp-content\\\/uploads\\\/2025\\\/01\\\/image-3.png\",\"keywords\":[\"empregos\",\"oportunidades\"],\"articleSection\":[\"Vagas de Emprego Nacionais\"],\"inLanguage\":\"fr-FR\"},{\"@type\":\"WebPage\",\"@id\":\"https:\\\/\\\/www.vagadeempregorj.com.br\\\/pague-menos-603-vagas-de-emprego-pelo-pais\\\/\",\"url\":\"https:\\\/\\\/www.vagadeempregorj.com.br\\\/pague-menos-603-vagas-de-emprego-pelo-pais\\\/\",\"name\":\"Pague Menos: 603 vagas de emprego pelo pa\u00eds -\",\"isPartOf\":{\"@id\":\"https:\\\/\\\/www.vagadeempregorj.com.br\\\/#website\"},\"primaryImageOfPage\":{\"@id\":\"https:\\\/\\\/www.vagadeempregorj.com.br\\\/pague-menos-603-vagas-de-emprego-pelo-pais\\\/#primaryimage\"},\"image\":{\"@id\":\"https:\\\/\\\/www.vagadeempregorj.com.br\\\/pague-menos-603-vagas-de-emprego-pelo-pais\\\/#primaryimage\"},\"thumbnailUrl\":\"https:\\\/\\\/www.vagadeempregorj.com.br\\\/wp-content\\\/uploads\\\/2025\\\/01\\\/image-3.png\",\"datePublished\":\"2025-01-21T09:00:00+00:00\",\"author\":{\"@id\":\"https:\\\/\\\/www.vagadeempregorj.com.br\\\/#\\\/schema\\\/person\\\/3ddb19fa0539706786e502152f3aae95\"},\"description\":\"Veja em Vagas de Emprego RJ as vagas de emprego com e sem experi\u00eancia no seu Estado e Regi\u00e3o!\",\"breadcrumb\":{\"@id\":\"https:\\\/\\\/www.vagadeempregorj.com.br\\\/pague-menos-603-vagas-de-emprego-pelo-pais\\\/#breadcrumb\"},\"inLanguage\":\"fr-FR\",\"potentialAction\":[{\"@type\":\"ReadAction\",\"target\":[\"https:\\\/\\\/www.vagadeempregorj.com.br\\\/pague-menos-603-vagas-de-emprego-pelo-pais\\\/\"]}]},{\"@type\":\"ImageObject\",\"inLanguage\":\"fr-FR\",\"@id\":\"https:\\\/\\\/www.vagadeempregorj.com.br\\\/pague-menos-603-vagas-de-emprego-pelo-pais\\\/#primaryimage\",\"url\":\"https:\\\/\\\/www.vagadeempregorj.com.br\\\/wp-content\\\/uploads\\\/2025\\\/01\\\/image-3.png\",\"contentUrl\":\"https:\\\/\\\/www.vagadeempregorj.com.br\\\/wp-content\\\/uploads\\\/2025\\\/01\\\/image-3.png\",\"width\":799,\"height\":500,\"caption\":\"Pague Menos\"},{\"@type\":\"BreadcrumbList\",\"@id\":\"https:\\\/\\\/www.vagadeempregorj.com.br\\\/pague-menos-603-vagas-de-emprego-pelo-pais\\\/#breadcrumb\",\"itemListElement\":[{\"@type\":\"ListItem\",\"position\":1,\"name\":\"In\u00edcio\",\"item\":\"https:\\\/\\\/www.vagadeempregorj.com.br\\\/\"},{\"@type\":\"ListItem\",\"position\":2,\"name\":\"Vagas de Emprego Nacionais\",\"item\":\"https:\\\/\\\/www.vagadeempregorj.com.br\\\/vagas-de-emprego-nacionais\\\/\"},{\"@type\":\"ListItem\",\"position\":3,\"name\":\"Pague Menos: 603 vagas de emprego pelo pa\u00eds\"}]},{\"@type\":\"WebSite\",\"@id\":\"https:\\\/\\\/www.vagadeempregorj.com.br\\\/#website\",\"url\":\"https:\\\/\\\/www.vagadeempregorj.com.br\\\/\",\"name\":\"\",\"description\":\"Conquiste Sonhos: Vagas, Benef\u00edcios e Economia para Transformar Vidas e Alcan\u00e7ar Melhorias Cotidianas\",\"potentialAction\":[{\"@type\":\"SearchAction\",\"target\":{\"@type\":\"EntryPoint\",\"urlTemplate\":\"https:\\\/\\\/www.vagadeempregorj.com.br\\\/?s={search_term_string}\"},\"query-input\":{\"@type\":\"PropertyValueSpecification\",\"valueRequired\":true,\"valueName\":\"search_term_string\"}}],\"inLanguage\":\"fr-FR\"},{\"@type\":\"Person\",\"@id\":\"https:\\\/\\\/www.vagadeempregorj.com.br\\\/#\\\/schema\\\/person\\\/3ddb19fa0539706786e502152f3aae95\",\"name\":\"Michele\",\"image\":{\"@type\":\"ImageObject\",\"inLanguage\":\"fr-FR\",\"@id\":\"https:\\\/\\\/secure.gravatar.com\\\/avatar\\\/6b0eb9d22841282815e2cd856a0061c45e1761cd54b22e952d98c4746939aa85?s=96&r=g\",\"url\":\"https:\\\/\\\/secure.gravatar.com\\\/avatar\\\/6b0eb9d22841282815e2cd856a0061c45e1761cd54b22e952d98c4746939aa85?s=96&r=g\",\"contentUrl\":\"https:\\\/\\\/secure.gravatar.com\\\/avatar\\\/6b0eb9d22841282815e2cd856a0061c45e1761cd54b22e952d98c4746939aa85?s=96&r=g\",\"caption\":\"Michele\"},\"description\":\"Formada em Letras - Portugu\u00eas\\\/ Ingl\u00eas, e idealizadora do site Escritora de Sucesso, busca expandir o conhecimento de todos com informa\u00e7\u00f5es relevantes sobre diversos assuntos, enquanto redatora. No Vaga de Emprego RJ, traz oportunidades e dicas sobre o mercado de trabalho.\",\"url\":\"https:\\\/\\\/www.vagadeempregorj.com.br\\\/fr\\\/author\\\/michele\\\/\"}]}<\/script>\n<!-- \/ Yoast SEO plugin. -->","yoast_head_json":{"title":"Pague Menos: 603 vagas de emprego pelo pa\u00eds -","description":"Veja em Vagas de Emprego RJ as vagas de emprego com e sem experi\u00eancia no seu Estado e Regi\u00e3o!","robots":{"index":"index","follow":"follow","max-snippet":"max-snippet:-1","max-image-preview":"max-image-preview:large","max-video-preview":"max-video-preview:-1"},"canonical":"https:\/\/www.vagadeempregorj.com.br\/fr\/pague-menos-603-vagas-de-emprego-pelo-pais\/","og_locale":"fr_FR","og_type":"article","og_title":"Pague Menos: 603 vagas de emprego pelo pa\u00eds -","og_description":"Veja em Vagas de Emprego RJ as vagas de emprego com e sem experi\u00eancia no seu Estado e Regi\u00e3o!","og_url":"https:\/\/www.vagadeempregorj.com.br\/fr\/pague-menos-603-vagas-de-emprego-pelo-pais\/","article_publisher":"https:\/\/www.facebook.com\/empregobrasiloficial","article_published_time":"2025-01-21T09:00:00+00:00","og_image":[{"width":799,"height":500,"url":"https:\/\/www.vagadeempregorj.com.br\/wp-content\/uploads\/2025\/01\/image-3.png","type":"image\/png"}],"author":"Michele","twitter_card":"summary_large_image","twitter_misc":{"Written by":"Michele","Est. reading time":"4 minutes"},"schema":{"@context":"https:\/\/schema.org","@graph":[{"@type":"Article","@id":"https:\/\/www.vagadeempregorj.com.br\/pague-menos-603-vagas-de-emprego-pelo-pais\/#article","isPartOf":{"@id":"https:\/\/www.vagadeempregorj.com.br\/pague-menos-603-vagas-de-emprego-pelo-pais\/"},"author":{"name":"Michele","@id":"https:\/\/www.vagadeempregorj.com.br\/#\/schema\/person\/3ddb19fa0539706786e502152f3aae95"},"headline":"Pague Menos: 603 vagas de emprego pelo pa\u00eds","datePublished":"2025-01-21T09:00:00+00:00","mainEntityOfPage":{"@id":"https:\/\/www.vagadeempregorj.com.br\/pague-menos-603-vagas-de-emprego-pelo-pais\/"},"wordCount":754,"image":{"@id":"https:\/\/www.vagadeempregorj.com.br\/pague-menos-603-vagas-de-emprego-pelo-pais\/#primaryimage"},"thumbnailUrl":"https:\/\/www.vagadeempregorj.com.br\/wp-content\/uploads\/2025\/01\/image-3.png","keywords":["empregos","oportunidades"],"articleSection":["Vagas de Emprego Nacionais"],"inLanguage":"fr-FR"},{"@type":"WebPage","@id":"https:\/\/www.vagadeempregorj.com.br\/pague-menos-603-vagas-de-emprego-pelo-pais\/","url":"https:\/\/www.vagadeempregorj.com.br\/pague-menos-603-vagas-de-emprego-pelo-pais\/","name":"Pague Menos: 603 vagas de emprego pelo pa\u00eds -","isPartOf":{"@id":"https:\/\/www.vagadeempregorj.com.br\/#website"},"primaryImageOfPage":{"@id":"https:\/\/www.vagadeempregorj.com.br\/pague-menos-603-vagas-de-emprego-pelo-pais\/#primaryimage"},"image":{"@id":"https:\/\/www.vagadeempregorj.com.br\/pague-menos-603-vagas-de-emprego-pelo-pais\/#primaryimage"},"thumbnailUrl":"https:\/\/www.vagadeempregorj.com.br\/wp-content\/uploads\/2025\/01\/image-3.png","datePublished":"2025-01-21T09:00:00+00:00","author":{"@id":"https:\/\/www.vagadeempregorj.com.br\/#\/schema\/person\/3ddb19fa0539706786e502152f3aae95"},"description":"Veja em Vagas de Emprego RJ as vagas de emprego com e sem experi\u00eancia no seu Estado e Regi\u00e3o!","breadcrumb":{"@id":"https:\/\/www.vagadeempregorj.com.br\/pague-menos-603-vagas-de-emprego-pelo-pais\/#breadcrumb"},"inLanguage":"fr-FR","potentialAction":[{"@type":"ReadAction","target":["https:\/\/www.vagadeempregorj.com.br\/pague-menos-603-vagas-de-emprego-pelo-pais\/"]}]},{"@type":"ImageObject","inLanguage":"fr-FR","@id":"https:\/\/www.vagadeempregorj.com.br\/pague-menos-603-vagas-de-emprego-pelo-pais\/#primaryimage","url":"https:\/\/www.vagadeempregorj.com.br\/wp-content\/uploads\/2025\/01\/image-3.png","contentUrl":"https:\/\/www.vagadeempregorj.com.br\/wp-content\/uploads\/2025\/01\/image-3.png","width":799,"height":500,"caption":"Pague Menos"},{"@type":"BreadcrumbList","@id":"https:\/\/www.vagadeempregorj.com.br\/pague-menos-603-vagas-de-emprego-pelo-pais\/#breadcrumb","itemListElement":[{"@type":"ListItem","position":1,"name":"In\u00edcio","item":"https:\/\/www.vagadeempregorj.com.br\/"},{"@type":"ListItem","position":2,"name":"Vagas de Emprego Nacionais","item":"https:\/\/www.vagadeempregorj.com.br\/vagas-de-emprego-nacionais\/"},{"@type":"ListItem","position":3,"name":"Pague Menos: 603 vagas de emprego pelo pa\u00eds"}]},{"@type":"WebSite","@id":"https:\/\/www.vagadeempregorj.com.br\/#website","url":"https:\/\/www.vagadeempregorj.com.br\/","name":"","description":"Conquiste Sonhos: Vagas, Benef\u00edcios e Economia para Transformar Vidas e Alcan\u00e7ar Melhorias Cotidianas","potentialAction":[{"@type":"SearchAction","target":{"@type":"EntryPoint","urlTemplate":"https:\/\/www.vagadeempregorj.com.br\/?s={search_term_string}"},"query-input":{"@type":"PropertyValueSpecification","valueRequired":true,"valueName":"search_term_string"}}],"inLanguage":"fr-FR"},{"@type":"Person","@id":"https:\/\/www.vagadeempregorj.com.br\/#\/schema\/person\/3ddb19fa0539706786e502152f3aae95","name":"Michele","image":{"@type":"ImageObject","inLanguage":"fr-FR","@id":"https:\/\/secure.gravatar.com\/avatar\/6b0eb9d22841282815e2cd856a0061c45e1761cd54b22e952d98c4746939aa85?s=96&r=g","url":"https:\/\/secure.gravatar.com\/avatar\/6b0eb9d22841282815e2cd856a0061c45e1761cd54b22e952d98c4746939aa85?s=96&r=g","contentUrl":"https:\/\/secure.gravatar.com\/avatar\/6b0eb9d22841282815e2cd856a0061c45e1761cd54b22e952d98c4746939aa85?s=96&r=g","caption":"Michele"},"description":"Formada em Letras - Portugu\u00eas\/ Ingl\u00eas, e idealizadora do site Escritora de Sucesso, busca expandir o conhecimento de todos com informa\u00e7\u00f5es relevantes sobre diversos assuntos, enquanto redatora. No Vaga de Emprego RJ, traz oportunidades e dicas sobre o mercado de trabalho.","url":"https:\/\/www.vagadeempregorj.com.br\/fr\/author\/michele\/"}]}},"_links":{"self":[{"href":"https:\/\/www.vagadeempregorj.com.br\/fr\/wp-json\/wp\/v2\/posts\/42058","targetHints":{"allow":["GET"]}}],"collection":[{"href":"https:\/\/www.vagadeempregorj.com.br\/fr\/wp-json\/wp\/v2\/posts"}],"about":[{"href":"https:\/\/www.vagadeempregorj.com.br\/fr\/wp-json\/wp\/v2\/types\/post"}],"author":[{"embeddable":true,"href":"https:\/\/www.vagadeempregorj.com.br\/fr\/wp-json\/wp\/v2\/users\/16"}],"replies":[{"embeddable":true,"href":"https:\/\/www.vagadeempregorj.com.br\/fr\/wp-json\/wp\/v2\/comments?post=42058"}],"version-history":[{"count":0,"href":"https:\/\/www.vagadeempregorj.com.br\/fr\/wp-json\/wp\/v2\/posts\/42058\/revisions"}],"wp:featuredmedia":[{"embeddable":true,"href":"https:\/\/www.vagadeempregorj.com.br\/fr\/wp-json\/wp\/v2\/media\/42059"}],"wp:attachment":[{"href":"https:\/\/www.vagadeempregorj.com.br\/fr\/wp-json\/wp\/v2\/media?parent=42058"}],"wp:term":[{"taxonomy":"category","embeddable":true,"href":"https:\/\/www.vagadeempregorj.com.br\/fr\/wp-json\/wp\/v2\/categories?post=42058"},{"taxonomy":"post_tag","embeddable":true,"href":"https:\/\/www.vagadeempregorj.com.br\/fr\/wp-json\/wp\/v2\/tags?post=42058"}],"curies":[{"name":"wp","href":"https:\/\/api.w.org\/{rel}","templated":true}]}}