{"id":42065,"date":"2025-01-20T15:30:50","date_gmt":"2025-01-20T18:30:50","guid":{"rendered":"https:\/\/www.vagadeempregorj.com.br\/?p=42065"},"modified":"2025-01-20T15:30:51","modified_gmt":"2025-01-20T18:30:51","slug":"vale-alimentacao-em-2025-como-aproveitar-melhor-e-o-que-esperar-neste-ano","status":"publish","type":"post","link":"https:\/\/www.vagadeempregorj.com.br\/fr\/vale-alimentacao-em-2025-como-aproveitar-melhor-e-o-que-esperar-neste-ano\/","title":{"rendered":"Vale-Alimenta\u00e7\u00e3o em 2025: Como Aproveitar Melhor e o Que Esperar Neste Ano"},"content":{"rendered":"<p class=\"has-medium-font-size\">O <strong>Vale-Alimenta\u00e7\u00e3o<\/strong> \u00e9 um dos benef\u00edcios mais valorizados pelos trabalhadores brasileiros, proporcionando um al\u00edvio no or\u00e7amento dom\u00e9stico e contribuindo para uma alimenta\u00e7\u00e3o mais equilibrada e saud\u00e1vel. Em 2025, com mudan\u00e7as econ\u00f4micas e novas regula\u00e7\u00f5es previstas, o uso do Vale-Alimenta\u00e7\u00e3o pode se tornar ainda mais estrat\u00e9gico para fam\u00edlias e trabalhadores.<\/p>\n\n\n\n<p class=\"has-medium-font-size\">Neste post, voc\u00ea aprender\u00e1 como aproveitar ao m\u00e1ximo o seu benef\u00edcio, conhecer\u00e1 as tend\u00eancias e mudan\u00e7as que podem impactar o Vale-Alimenta\u00e7\u00e3o em 2025 e ver\u00e1 um passo a passo pr\u00e1tico para us\u00e1-lo de forma inteligente.<\/p>\n\n\n\n<hr class=\"wp-block-separator has-alpha-channel-opacity\"\/>\n\n\n\n<figure class=\"wp-block-gallery has-nested-images columns-default is-cropped wp-block-gallery-2 is-layout-flex wp-block-gallery-is-layout-flex\">\n<figure class=\"wp-block-image size-large\"><img loading=\"lazy\" decoding=\"async\" width=\"1024\" height=\"576\" data-id=\"42066\" src=\"https:\/\/www.vagadeempregorj.com.br\/wp-content\/uploads\/2025\/01\/Cartoes-Broads38-1024x576.png\" alt=\"\" class=\"wp-image-42066\" srcset=\"https:\/\/www.vagadeempregorj.com.br\/wp-content\/uploads\/2025\/01\/Cartoes-Broads38-1024x576.png 1024w, https:\/\/www.vagadeempregorj.com.br\/wp-content\/uploads\/2025\/01\/Cartoes-Broads38-300x169.png 300w, https:\/\/www.vagadeempregorj.com.br\/wp-content\/uploads\/2025\/01\/Cartoes-Broads38-768x432.png 768w, https:\/\/www.vagadeempregorj.com.br\/wp-content\/uploads\/2025\/01\/Cartoes-Broads38-383x215.png 383w, https:\/\/www.vagadeempregorj.com.br\/wp-content\/uploads\/2025\/01\/Cartoes-Broads38-150x84.png 150w, https:\/\/www.vagadeempregorj.com.br\/wp-content\/uploads\/2025\/01\/Cartoes-Broads38.png 1187w\" sizes=\"auto, (max-width: 1024px) 100vw, 1024px\" \/><\/figure>\n<\/figure>\n\n\n\n<h2 class=\"wp-block-heading\"><strong>O Que \u00c9 o Vale-Alimenta\u00e7\u00e3o?<\/strong><\/h2>\n\n\n\n<p class=\"has-medium-font-size\">O Vale-Alimenta\u00e7\u00e3o \u00e9 um benef\u00edcio concedido por empresas aos seus colaboradores, com o objetivo de subsidiar despesas com alimenta\u00e7\u00e3o. Diferente do Vale-Refei\u00e7\u00e3o, que \u00e9 usado em restaurantes e lanchonetes, o Vale-Alimenta\u00e7\u00e3o permite a compra de produtos aliment\u00edcios em supermercados, mercados e padarias.<\/p>\n\n\n\n<p class=\"has-medium-font-size\">Ele \u00e9 um recurso essencial para muitas fam\u00edlias, oferecendo maior flexibilidade para que cada benefici\u00e1rio escolha os itens que melhor atendam suas necessidades alimentares.<\/p>\n\n\n\n<hr class=\"wp-block-separator has-alpha-channel-opacity\"\/>\n\n\n\n<h2 class=\"wp-block-heading\"><strong>Tend\u00eancias e Poss\u00edveis Mudan\u00e7as para 2025<\/strong><\/h2>\n\n\n\n<p class=\"has-medium-font-size\">Em 2025, algumas novidades e tend\u00eancias podem influenciar a forma como o Vale-Alimenta\u00e7\u00e3o \u00e9 utilizado:<\/p>\n\n\n\n<ol class=\"wp-block-list\">\n<li class=\"has-medium-font-size\"><strong>Amplia\u00e7\u00e3o de Op\u00e7\u00f5es de Uso<\/strong><br>Regulamenta\u00e7\u00f5es em discuss\u00e3o podem permitir o uso do benef\u00edcio em mais estabelecimentos, como feiras livres e at\u00e9 servi\u00e7os de entrega de alimentos.<\/li>\n\n\n\n<li class=\"has-medium-font-size\"><strong>Digitaliza\u00e7\u00e3o Total<\/strong><br>Com a crescente digitaliza\u00e7\u00e3o, o Vale-Alimenta\u00e7\u00e3o pode ser integrado a aplicativos e carteiras digitais, tornando o pagamento ainda mais pr\u00e1tico.<\/li>\n\n\n\n<li class=\"has-medium-font-size\"><strong>Foco na Alimenta\u00e7\u00e3o Saud\u00e1vel<\/strong><br>Empresas e governos podem criar incentivos para que o benef\u00edcio seja usado na compra de alimentos saud\u00e1veis, como frutas, verduras e produtos org\u00e2nicos.<\/li>\n\n\n\n<li class=\"has-medium-font-size\"><strong>Aumento no Valor do Benef\u00edcio<\/strong><br>Ajustes econ\u00f4micos e negocia\u00e7\u00f5es trabalhistas podem levar a um aumento nos valores disponibilizados, acompanhando a infla\u00e7\u00e3o e as necessidades alimentares das fam\u00edlias.<\/li>\n\n\n\n<li class=\"has-medium-font-size\"><strong>Maior Fiscaliza\u00e7\u00e3o e Transpar\u00eancia<\/strong><br>As novas regulamenta\u00e7\u00f5es podem trazer regras mais claras para o uso do Vale-Alimenta\u00e7\u00e3o, garantindo que ele seja destinado exclusivamente \u00e0 compra de alimentos.<\/li>\n<\/ol>\n\n\n\n<hr class=\"wp-block-separator has-alpha-channel-opacity\"\/>\n\n\n\n<h2 class=\"wp-block-heading\"><strong>Como Aproveitar ao M\u00e1ximo o Vale-Alimenta\u00e7\u00e3o em 2025<\/strong><\/h2>\n\n\n\n<p class=\"has-medium-font-size\">Se voc\u00ea quer usar o seu Vale-Alimenta\u00e7\u00e3o de forma estrat\u00e9gica, confira essas dicas pr\u00e1ticas:<\/p>\n\n\n\n<h3 class=\"wp-block-heading\"><strong>1. Planeje Suas Compras<\/strong><\/h3>\n\n\n\n<ul class=\"wp-block-list\">\n<li class=\"has-medium-font-size\">Antes de ir ao mercado, fa\u00e7a uma lista com os itens essenciais para sua casa, priorizando alimentos saud\u00e1veis e dur\u00e1veis.<\/li>\n\n\n\n<li class=\"has-medium-font-size\">Compare pre\u00e7os entre diferentes estabelecimentos para economizar mais.<\/li>\n<\/ul>\n\n\n\n<h3 class=\"wp-block-heading\"><strong>2. Priorize Alimentos de Qualidade<\/strong><\/h3>\n\n\n\n<ul class=\"wp-block-list\">\n<li class=\"has-medium-font-size\">Invista em alimentos naturais, como frutas, verduras, legumes e carnes frescas.<\/li>\n\n\n\n<li class=\"has-medium-font-size\">Evite gastar grande parte do benef\u00edcio em produtos industrializados ou sup\u00e9rfluos.<\/li>\n<\/ul>\n\n\n\n<h3 class=\"wp-block-heading\"><strong>3. Aproveite Promo\u00e7\u00f5es e Ofertas<\/strong><\/h3>\n\n\n\n<ul class=\"wp-block-list\">\n<li class=\"has-medium-font-size\">Acompanhe as promo\u00e7\u00f5es semanais de supermercados e padarias que aceitam o Vale-Alimenta\u00e7\u00e3o.<\/li>\n\n\n\n<li class=\"has-medium-font-size\">Utilize o benef\u00edcio em feiras livres ou mercados de bairro, que frequentemente oferecem pre\u00e7os mais baixos para alimentos frescos.<\/li>\n<\/ul>\n\n\n\n<h3 class=\"wp-block-heading\"><strong>4. Use o Benef\u00edcio em Compras Mensais<\/strong><\/h3>\n\n\n\n<ul class=\"wp-block-list\">\n<li class=\"has-medium-font-size\">Para evitar o consumo impulsivo, concentre o uso do Vale-Alimenta\u00e7\u00e3o em compras maiores e mais planejadas.<\/li>\n\n\n\n<li class=\"has-medium-font-size\">Divida o or\u00e7amento do benef\u00edcio para durar o m\u00eas inteiro, evitando gastar tudo de uma s\u00f3 vez.<\/li>\n<\/ul>\n\n\n\n<h3 class=\"wp-block-heading\"><strong>5. Explore Novas Op\u00e7\u00f5es de Uso<\/strong><\/h3>\n\n\n\n<ul class=\"wp-block-list\">\n<li class=\"has-medium-font-size\">Em 2025, o Vale-Alimenta\u00e7\u00e3o pode ser aceito em servi\u00e7os de delivery ou lojas online. Verifique as novidades dispon\u00edveis e aproveite a conveni\u00eancia para suas compras.<\/li>\n<\/ul>\n\n\n\n<h3 class=\"wp-block-heading\"><strong>6. Verifique o Saldo Regularmente<\/strong><\/h3>\n\n\n\n<ul class=\"wp-block-list has-medium-font-size\">\n<li>Acompanhe o saldo do seu benef\u00edcio por meio do aplicativo ou site da administradora do Vale-Alimenta\u00e7\u00e3o. Isso ajudar\u00e1 a planejar melhor suas despesas.<\/li>\n<\/ul>\n\n\n\n<h3 class=\"wp-block-heading\"><strong>7. Evite Desvios de Uso<\/strong><\/h3>\n\n\n\n<ul class=\"wp-block-list\">\n<li class=\"has-medium-font-size\">Utilize o benef\u00edcio exclusivamente para a compra de alimentos, evitando multas ou san\u00e7\u00f5es em caso de uso indevido.<\/li>\n<\/ul>\n\n\n\n<hr class=\"wp-block-separator has-alpha-channel-opacity\"\/>\n\n\n\n<h2 class=\"wp-block-heading\"><strong>Passo a Passo para Aproveitar o Vale-Alimenta\u00e7\u00e3o<\/strong><\/h2>\n\n\n\n<ol class=\"wp-block-list\">\n<li class=\"has-medium-font-size\"><strong>Verifique os Estabelecimentos Credenciados<\/strong><br>Consulte no aplicativo ou site da administradora do benef\u00edcio quais mercados e padarias na sua regi\u00e3o aceitam o Vale-Alimenta\u00e7\u00e3o.<\/li>\n\n\n\n<li class=\"has-medium-font-size\"><strong>Fa\u00e7a um Planejamento Alimentar<\/strong><br>Organize um card\u00e1pio semanal ou mensal para sua fam\u00edlia, priorizando alimentos saud\u00e1veis e que combinem entre si.<\/li>\n\n\n\n<li class=\"has-medium-font-size\"><strong>Use Apps e Ferramentas Digitais<\/strong><br>Acompanhe promo\u00e7\u00f5es em aplicativos de supermercados e veja onde o Vale-Alimenta\u00e7\u00e3o oferece maior vantagem.<\/li>\n\n\n\n<li class=\"has-medium-font-size\"><strong>Acompanhe o Saldo e o Extrato<\/strong><br>Mantenha o controle do valor dispon\u00edvel no benef\u00edcio para evitar imprevistos nas compras.<\/li>\n\n\n\n<li class=\"has-medium-font-size\"><strong>Evite Compras por Impulso<\/strong><br>Compre apenas o que est\u00e1 na sua lista e evite gastar o benef\u00edcio com produtos desnecess\u00e1rios.<\/li>\n\n\n\n<li class=\"has-medium-font-size\"><strong>Reavalie Suas Despesas Regularmente<\/strong><br>A cada m\u00eas, avalie como voc\u00ea est\u00e1 usando o Vale-Alimenta\u00e7\u00e3o e fa\u00e7a ajustes para melhorar o aproveitamento.<\/li>\n<\/ol>\n\n\n\n<hr class=\"wp-block-separator has-alpha-channel-opacity\"\/>\n\n\n\n<h2 class=\"wp-block-heading\"><strong>Dicas Extras para 2025<\/strong><\/h2>\n\n\n\n<ul class=\"wp-block-list\">\n<li class=\"has-medium-font-size\"><strong>Aproveite Feiras Livres:<\/strong> Se permitido, utilize parte do benef\u00edcio em feiras para comprar frutas, legumes e verduras de qualidade por pre\u00e7os acess\u00edveis.<\/li>\n\n\n\n<li class=\"has-medium-font-size\"><strong>Participe de Programas de Alimenta\u00e7\u00e3o Saud\u00e1vel:<\/strong> Algumas empresas oferecem iniciativas para incentivar o uso do Vale-Alimenta\u00e7\u00e3o em compras mais conscientes. Verifique se a sua faz parte!<\/li>\n\n\n\n<li class=\"has-medium-font-size\"><strong>Fique de Olho em Novas Regras:<\/strong> Acompanhe as mudan\u00e7as legislativas e novidades para garantir que voc\u00ea aproveite ao m\u00e1ximo as novas possibilidades do Vale-Alimenta\u00e7\u00e3o.<\/li>\n<\/ul>\n\n\n\n<h3 class=\"wp-block-heading\"><\/h3>\n\n\n\n<p class=\"has-medium-font-size\">O Vale-Alimenta\u00e7\u00e3o continuar\u00e1 sendo um recurso essencial em 2025, oferecendo n\u00e3o apenas suporte financeiro, mas tamb\u00e9m a possibilidade de adotar uma alimenta\u00e7\u00e3o mais equilibrada e saud\u00e1vel.<\/p>\n\n\n\n<p class=\"has-medium-font-size\">Com planejamento e aten\u00e7\u00e3o \u00e0s tend\u00eancias, voc\u00ea pode maximizar o uso desse benef\u00edcio e garantir que ele traga ainda mais vantagens para sua fam\u00edlia. Fique atento \u00e0s mudan\u00e7as e aproveite todas as oportunidades que o Vale-Alimenta\u00e7\u00e3o pode oferecer!<\/p>","protected":false},"excerpt":{"rendered":"<p>O Vale-Alimenta\u00e7\u00e3o \u00e9 um dos benef\u00edcios mais valorizados pelos trabalhadores brasileiros, proporcionando um al\u00edvio no or\u00e7amento dom\u00e9stico e contribuindo para uma alimenta\u00e7\u00e3o mais equilibrada e saud\u00e1vel. Em 2025, com mudan\u00e7as econ\u00f4micas e novas regula\u00e7\u00f5es previstas, o uso do Vale-Alimenta\u00e7\u00e3o pode se tornar ainda mais estrat\u00e9gico para fam\u00edlias e trabalhadores. Neste post, voc\u00ea aprender\u00e1 como aproveitar&hellip;&nbsp;<\/p>","protected":false},"author":1,"featured_media":42066,"comment_status":"closed","ping_status":"closed","sticky":false,"template":"","format":"standard","meta":{"neve_meta_sidebar":"","neve_meta_container":"","neve_meta_enable_content_width":"","neve_meta_content_width":0,"neve_meta_title_alignment":"","neve_meta_author_avatar":"","neve_post_elements_order":"","neve_meta_disable_header":"","neve_meta_disable_footer":"","neve_meta_disable_title":"","footnotes":""},"categories":[1],"tags":[],"class_list":["post-42065","post","type-post","status-publish","format-standard","has-post-thumbnail","hentry","category-beneficios-sociais"],"yoast_head":"<!-- This site is optimized with the Yoast SEO plugin v27.5 - https:\/\/yoast.com\/product\/yoast-seo-wordpress\/ -->\n<title>Vale-Alimenta\u00e7\u00e3o em 2025: Como Aproveitar Melhor e o Que Esperar Neste Ano -<\/title>\n<meta name=\"description\" content=\"Veja em Vagas de Emprego RJ as vagas de emprego com e sem experi\u00eancia no seu Estado e Regi\u00e3o!\" \/>\n<meta name=\"robots\" content=\"index, follow, max-snippet:-1, max-image-preview:large, max-video-preview:-1\" \/>\n<link rel=\"canonical\" href=\"https:\/\/www.vagadeempregorj.com.br\/fr\/vale-alimentacao-em-2025-como-aproveitar-melhor-e-o-que-esperar-neste-ano\/\" \/>\n<meta property=\"og:locale\" content=\"fr_FR\" \/>\n<meta property=\"og:type\" content=\"article\" \/>\n<meta property=\"og:title\" content=\"Vale-Alimenta\u00e7\u00e3o em 2025: Como Aproveitar Melhor e o Que Esperar Neste Ano -\" \/>\n<meta property=\"og:description\" content=\"Veja em Vagas de Emprego RJ as vagas de emprego com e sem experi\u00eancia no seu Estado e Regi\u00e3o!\" \/>\n<meta property=\"og:url\" content=\"https:\/\/www.vagadeempregorj.com.br\/fr\/vale-alimentacao-em-2025-como-aproveitar-melhor-e-o-que-esperar-neste-ano\/\" \/>\n<meta property=\"article:publisher\" content=\"https:\/\/www.facebook.com\/empregobrasiloficial\" \/>\n<meta property=\"article:published_time\" content=\"2025-01-20T18:30:50+00:00\" \/>\n<meta property=\"article:modified_time\" content=\"2025-01-20T18:30:51+00:00\" \/>\n<meta property=\"og:image\" content=\"https:\/\/www.vagadeempregorj.com.br\/wp-content\/uploads\/2025\/01\/Cartoes-Broads38.png\" \/>\n\t<meta property=\"og:image:width\" content=\"1187\" \/>\n\t<meta property=\"og:image:height\" content=\"668\" \/>\n\t<meta property=\"og:image:type\" content=\"image\/png\" \/>\n<meta name=\"author\" content=\"Ana B.\" \/>\n<meta name=\"twitter:card\" content=\"summary_large_image\" \/>\n<meta name=\"twitter:label1\" content=\"Written by\" \/>\n\t<meta name=\"twitter:data1\" content=\"Ana B.\" \/>\n\t<meta name=\"twitter:label2\" content=\"Est. reading time\" \/>\n\t<meta name=\"twitter:data2\" content=\"5 minutes\" \/>\n<script type=\"application\/ld+json\" class=\"yoast-schema-graph\">{\"@context\":\"https:\\\/\\\/schema.org\",\"@graph\":[{\"@type\":\"Article\",\"@id\":\"https:\\\/\\\/www.vagadeempregorj.com.br\\\/vale-alimentacao-em-2025-como-aproveitar-melhor-e-o-que-esperar-neste-ano\\\/#article\",\"isPartOf\":{\"@id\":\"https:\\\/\\\/www.vagadeempregorj.com.br\\\/vale-alimentacao-em-2025-como-aproveitar-melhor-e-o-que-esperar-neste-ano\\\/\"},\"author\":{\"name\":\"Ana B.\",\"@id\":\"https:\\\/\\\/www.vagadeempregorj.com.br\\\/#\\\/schema\\\/person\\\/c0c38d5d765e86c3b7c8f12fb1ae6477\"},\"headline\":\"Vale-Alimenta\u00e7\u00e3o em 2025: Como Aproveitar Melhor e o Que Esperar Neste Ano\",\"datePublished\":\"2025-01-20T18:30:50+00:00\",\"dateModified\":\"2025-01-20T18:30:51+00:00\",\"mainEntityOfPage\":{\"@id\":\"https:\\\/\\\/www.vagadeempregorj.com.br\\\/vale-alimentacao-em-2025-como-aproveitar-melhor-e-o-que-esperar-neste-ano\\\/\"},\"wordCount\":930,\"image\":{\"@id\":\"https:\\\/\\\/www.vagadeempregorj.com.br\\\/vale-alimentacao-em-2025-como-aproveitar-melhor-e-o-que-esperar-neste-ano\\\/#primaryimage\"},\"thumbnailUrl\":\"https:\\\/\\\/www.vagadeempregorj.com.br\\\/wp-content\\\/uploads\\\/2025\\\/01\\\/Cartoes-Broads38.png\",\"articleSection\":[\"Benef\u00edcios Sociais\"],\"inLanguage\":\"fr-FR\"},{\"@type\":\"WebPage\",\"@id\":\"https:\\\/\\\/www.vagadeempregorj.com.br\\\/vale-alimentacao-em-2025-como-aproveitar-melhor-e-o-que-esperar-neste-ano\\\/\",\"url\":\"https:\\\/\\\/www.vagadeempregorj.com.br\\\/vale-alimentacao-em-2025-como-aproveitar-melhor-e-o-que-esperar-neste-ano\\\/\",\"name\":\"Vale-Alimenta\u00e7\u00e3o em 2025: Como Aproveitar Melhor e o Que Esperar Neste Ano -\",\"isPartOf\":{\"@id\":\"https:\\\/\\\/www.vagadeempregorj.com.br\\\/#website\"},\"primaryImageOfPage\":{\"@id\":\"https:\\\/\\\/www.vagadeempregorj.com.br\\\/vale-alimentacao-em-2025-como-aproveitar-melhor-e-o-que-esperar-neste-ano\\\/#primaryimage\"},\"image\":{\"@id\":\"https:\\\/\\\/www.vagadeempregorj.com.br\\\/vale-alimentacao-em-2025-como-aproveitar-melhor-e-o-que-esperar-neste-ano\\\/#primaryimage\"},\"thumbnailUrl\":\"https:\\\/\\\/www.vagadeempregorj.com.br\\\/wp-content\\\/uploads\\\/2025\\\/01\\\/Cartoes-Broads38.png\",\"datePublished\":\"2025-01-20T18:30:50+00:00\",\"dateModified\":\"2025-01-20T18:30:51+00:00\",\"author\":{\"@id\":\"https:\\\/\\\/www.vagadeempregorj.com.br\\\/#\\\/schema\\\/person\\\/c0c38d5d765e86c3b7c8f12fb1ae6477\"},\"description\":\"Veja em Vagas de Emprego RJ as vagas de emprego com e sem experi\u00eancia no seu Estado e Regi\u00e3o!\",\"breadcrumb\":{\"@id\":\"https:\\\/\\\/www.vagadeempregorj.com.br\\\/vale-alimentacao-em-2025-como-aproveitar-melhor-e-o-que-esperar-neste-ano\\\/#breadcrumb\"},\"inLanguage\":\"fr-FR\",\"potentialAction\":[{\"@type\":\"ReadAction\",\"target\":[\"https:\\\/\\\/www.vagadeempregorj.com.br\\\/vale-alimentacao-em-2025-como-aproveitar-melhor-e-o-que-esperar-neste-ano\\\/\"]}]},{\"@type\":\"ImageObject\",\"inLanguage\":\"fr-FR\",\"@id\":\"https:\\\/\\\/www.vagadeempregorj.com.br\\\/vale-alimentacao-em-2025-como-aproveitar-melhor-e-o-que-esperar-neste-ano\\\/#primaryimage\",\"url\":\"https:\\\/\\\/www.vagadeempregorj.com.br\\\/wp-content\\\/uploads\\\/2025\\\/01\\\/Cartoes-Broads38.png\",\"contentUrl\":\"https:\\\/\\\/www.vagadeempregorj.com.br\\\/wp-content\\\/uploads\\\/2025\\\/01\\\/Cartoes-Broads38.png\",\"width\":1187,\"height\":668},{\"@type\":\"BreadcrumbList\",\"@id\":\"https:\\\/\\\/www.vagadeempregorj.com.br\\\/vale-alimentacao-em-2025-como-aproveitar-melhor-e-o-que-esperar-neste-ano\\\/#breadcrumb\",\"itemListElement\":[{\"@type\":\"ListItem\",\"position\":1,\"name\":\"In\u00edcio\",\"item\":\"https:\\\/\\\/www.vagadeempregorj.com.br\\\/\"},{\"@type\":\"ListItem\",\"position\":2,\"name\":\"Benef\u00edcios Sociais\",\"item\":\"https:\\\/\\\/www.vagadeempregorj.com.br\\\/beneficios-sociais\\\/\"},{\"@type\":\"ListItem\",\"position\":3,\"name\":\"Vale-Alimenta\u00e7\u00e3o em 2025: Como Aproveitar Melhor e o Que Esperar Neste Ano\"}]},{\"@type\":\"WebSite\",\"@id\":\"https:\\\/\\\/www.vagadeempregorj.com.br\\\/#website\",\"url\":\"https:\\\/\\\/www.vagadeempregorj.com.br\\\/\",\"name\":\"\",\"description\":\"Conquiste Sonhos: Vagas, Benef\u00edcios e Economia para Transformar Vidas e Alcan\u00e7ar Melhorias Cotidianas\",\"potentialAction\":[{\"@type\":\"SearchAction\",\"target\":{\"@type\":\"EntryPoint\",\"urlTemplate\":\"https:\\\/\\\/www.vagadeempregorj.com.br\\\/?s={search_term_string}\"},\"query-input\":{\"@type\":\"PropertyValueSpecification\",\"valueRequired\":true,\"valueName\":\"search_term_string\"}}],\"inLanguage\":\"fr-FR\"},{\"@type\":\"Person\",\"@id\":\"https:\\\/\\\/www.vagadeempregorj.com.br\\\/#\\\/schema\\\/person\\\/c0c38d5d765e86c3b7c8f12fb1ae6477\",\"name\":\"Ana B.\",\"image\":{\"@type\":\"ImageObject\",\"inLanguage\":\"fr-FR\",\"@id\":\"https:\\\/\\\/secure.gravatar.com\\\/avatar\\\/f5efa58599e07f8dd92f26c7cfbc442fd115582bc681245452e503c2ef2334f3?s=96&r=g\",\"url\":\"https:\\\/\\\/secure.gravatar.com\\\/avatar\\\/f5efa58599e07f8dd92f26c7cfbc442fd115582bc681245452e503c2ef2334f3?s=96&r=g\",\"contentUrl\":\"https:\\\/\\\/secure.gravatar.com\\\/avatar\\\/f5efa58599e07f8dd92f26c7cfbc442fd115582bc681245452e503c2ef2334f3?s=96&r=g\",\"caption\":\"Ana B.\"},\"description\":\"Meu nome \u00e9 Ana e sou apaixonada em escrever. Dedico meu tempo escrevendo not\u00edcias e vagas de emprego diariamente no portal Vaga de Emprego RJ.\",\"url\":\"https:\\\/\\\/www.vagadeempregorj.com.br\\\/fr\\\/author\\\/vgrj\\\/\"}]}<\/script>\n<!-- \/ Yoast SEO plugin. -->","yoast_head_json":{"title":"Vale-Alimenta\u00e7\u00e3o em 2025: Como Aproveitar Melhor e o Que Esperar Neste Ano -","description":"Veja em Vagas de Emprego RJ as vagas de emprego com e sem experi\u00eancia no seu Estado e Regi\u00e3o!","robots":{"index":"index","follow":"follow","max-snippet":"max-snippet:-1","max-image-preview":"max-image-preview:large","max-video-preview":"max-video-preview:-1"},"canonical":"https:\/\/www.vagadeempregorj.com.br\/fr\/vale-alimentacao-em-2025-como-aproveitar-melhor-e-o-que-esperar-neste-ano\/","og_locale":"fr_FR","og_type":"article","og_title":"Vale-Alimenta\u00e7\u00e3o em 2025: Como Aproveitar Melhor e o Que Esperar Neste Ano -","og_description":"Veja em Vagas de Emprego RJ as vagas de emprego com e sem experi\u00eancia no seu Estado e Regi\u00e3o!","og_url":"https:\/\/www.vagadeempregorj.com.br\/fr\/vale-alimentacao-em-2025-como-aproveitar-melhor-e-o-que-esperar-neste-ano\/","article_publisher":"https:\/\/www.facebook.com\/empregobrasiloficial","article_published_time":"2025-01-20T18:30:50+00:00","article_modified_time":"2025-01-20T18:30:51+00:00","og_image":[{"width":1187,"height":668,"url":"https:\/\/www.vagadeempregorj.com.br\/wp-content\/uploads\/2025\/01\/Cartoes-Broads38.png","type":"image\/png"}],"author":"Ana B.","twitter_card":"summary_large_image","twitter_misc":{"Written by":"Ana B.","Est. reading time":"5 minutes"},"schema":{"@context":"https:\/\/schema.org","@graph":[{"@type":"Article","@id":"https:\/\/www.vagadeempregorj.com.br\/vale-alimentacao-em-2025-como-aproveitar-melhor-e-o-que-esperar-neste-ano\/#article","isPartOf":{"@id":"https:\/\/www.vagadeempregorj.com.br\/vale-alimentacao-em-2025-como-aproveitar-melhor-e-o-que-esperar-neste-ano\/"},"author":{"name":"Ana B.","@id":"https:\/\/www.vagadeempregorj.com.br\/#\/schema\/person\/c0c38d5d765e86c3b7c8f12fb1ae6477"},"headline":"Vale-Alimenta\u00e7\u00e3o em 2025: Como Aproveitar Melhor e o Que Esperar Neste Ano","datePublished":"2025-01-20T18:30:50+00:00","dateModified":"2025-01-20T18:30:51+00:00","mainEntityOfPage":{"@id":"https:\/\/www.vagadeempregorj.com.br\/vale-alimentacao-em-2025-como-aproveitar-melhor-e-o-que-esperar-neste-ano\/"},"wordCount":930,"image":{"@id":"https:\/\/www.vagadeempregorj.com.br\/vale-alimentacao-em-2025-como-aproveitar-melhor-e-o-que-esperar-neste-ano\/#primaryimage"},"thumbnailUrl":"https:\/\/www.vagadeempregorj.com.br\/wp-content\/uploads\/2025\/01\/Cartoes-Broads38.png","articleSection":["Benef\u00edcios Sociais"],"inLanguage":"fr-FR"},{"@type":"WebPage","@id":"https:\/\/www.vagadeempregorj.com.br\/vale-alimentacao-em-2025-como-aproveitar-melhor-e-o-que-esperar-neste-ano\/","url":"https:\/\/www.vagadeempregorj.com.br\/vale-alimentacao-em-2025-como-aproveitar-melhor-e-o-que-esperar-neste-ano\/","name":"Vale-Alimenta\u00e7\u00e3o em 2025: Como Aproveitar Melhor e o Que Esperar Neste Ano -","isPartOf":{"@id":"https:\/\/www.vagadeempregorj.com.br\/#website"},"primaryImageOfPage":{"@id":"https:\/\/www.vagadeempregorj.com.br\/vale-alimentacao-em-2025-como-aproveitar-melhor-e-o-que-esperar-neste-ano\/#primaryimage"},"image":{"@id":"https:\/\/www.vagadeempregorj.com.br\/vale-alimentacao-em-2025-como-aproveitar-melhor-e-o-que-esperar-neste-ano\/#primaryimage"},"thumbnailUrl":"https:\/\/www.vagadeempregorj.com.br\/wp-content\/uploads\/2025\/01\/Cartoes-Broads38.png","datePublished":"2025-01-20T18:30:50+00:00","dateModified":"2025-01-20T18:30:51+00:00","author":{"@id":"https:\/\/www.vagadeempregorj.com.br\/#\/schema\/person\/c0c38d5d765e86c3b7c8f12fb1ae6477"},"description":"Veja em Vagas de Emprego RJ as vagas de emprego com e sem experi\u00eancia no seu Estado e Regi\u00e3o!","breadcrumb":{"@id":"https:\/\/www.vagadeempregorj.com.br\/vale-alimentacao-em-2025-como-aproveitar-melhor-e-o-que-esperar-neste-ano\/#breadcrumb"},"inLanguage":"fr-FR","potentialAction":[{"@type":"ReadAction","target":["https:\/\/www.vagadeempregorj.com.br\/vale-alimentacao-em-2025-como-aproveitar-melhor-e-o-que-esperar-neste-ano\/"]}]},{"@type":"ImageObject","inLanguage":"fr-FR","@id":"https:\/\/www.vagadeempregorj.com.br\/vale-alimentacao-em-2025-como-aproveitar-melhor-e-o-que-esperar-neste-ano\/#primaryimage","url":"https:\/\/www.vagadeempregorj.com.br\/wp-content\/uploads\/2025\/01\/Cartoes-Broads38.png","contentUrl":"https:\/\/www.vagadeempregorj.com.br\/wp-content\/uploads\/2025\/01\/Cartoes-Broads38.png","width":1187,"height":668},{"@type":"BreadcrumbList","@id":"https:\/\/www.vagadeempregorj.com.br\/vale-alimentacao-em-2025-como-aproveitar-melhor-e-o-que-esperar-neste-ano\/#breadcrumb","itemListElement":[{"@type":"ListItem","position":1,"name":"In\u00edcio","item":"https:\/\/www.vagadeempregorj.com.br\/"},{"@type":"ListItem","position":2,"name":"Benef\u00edcios Sociais","item":"https:\/\/www.vagadeempregorj.com.br\/beneficios-sociais\/"},{"@type":"ListItem","position":3,"name":"Vale-Alimenta\u00e7\u00e3o em 2025: Como Aproveitar Melhor e o Que Esperar Neste Ano"}]},{"@type":"WebSite","@id":"https:\/\/www.vagadeempregorj.com.br\/#website","url":"https:\/\/www.vagadeempregorj.com.br\/","name":"","description":"Conquiste Sonhos: Vagas, Benef\u00edcios e Economia para Transformar Vidas e Alcan\u00e7ar Melhorias Cotidianas","potentialAction":[{"@type":"SearchAction","target":{"@type":"EntryPoint","urlTemplate":"https:\/\/www.vagadeempregorj.com.br\/?s={search_term_string}"},"query-input":{"@type":"PropertyValueSpecification","valueRequired":true,"valueName":"search_term_string"}}],"inLanguage":"fr-FR"},{"@type":"Person","@id":"https:\/\/www.vagadeempregorj.com.br\/#\/schema\/person\/c0c38d5d765e86c3b7c8f12fb1ae6477","name":"Ana B.","image":{"@type":"ImageObject","inLanguage":"fr-FR","@id":"https:\/\/secure.gravatar.com\/avatar\/f5efa58599e07f8dd92f26c7cfbc442fd115582bc681245452e503c2ef2334f3?s=96&r=g","url":"https:\/\/secure.gravatar.com\/avatar\/f5efa58599e07f8dd92f26c7cfbc442fd115582bc681245452e503c2ef2334f3?s=96&r=g","contentUrl":"https:\/\/secure.gravatar.com\/avatar\/f5efa58599e07f8dd92f26c7cfbc442fd115582bc681245452e503c2ef2334f3?s=96&r=g","caption":"Ana B."},"description":"Meu nome \u00e9 Ana e sou apaixonada em escrever. Dedico meu tempo escrevendo not\u00edcias e vagas de emprego diariamente no portal Vaga de Emprego RJ.","url":"https:\/\/www.vagadeempregorj.com.br\/fr\/author\/vgrj\/"}]}},"_links":{"self":[{"href":"https:\/\/www.vagadeempregorj.com.br\/fr\/wp-json\/wp\/v2\/posts\/42065","targetHints":{"allow":["GET"]}}],"collection":[{"href":"https:\/\/www.vagadeempregorj.com.br\/fr\/wp-json\/wp\/v2\/posts"}],"about":[{"href":"https:\/\/www.vagadeempregorj.com.br\/fr\/wp-json\/wp\/v2\/types\/post"}],"author":[{"embeddable":true,"href":"https:\/\/www.vagadeempregorj.com.br\/fr\/wp-json\/wp\/v2\/users\/1"}],"replies":[{"embeddable":true,"href":"https:\/\/www.vagadeempregorj.com.br\/fr\/wp-json\/wp\/v2\/comments?post=42065"}],"version-history":[{"count":0,"href":"https:\/\/www.vagadeempregorj.com.br\/fr\/wp-json\/wp\/v2\/posts\/42065\/revisions"}],"wp:featuredmedia":[{"embeddable":true,"href":"https:\/\/www.vagadeempregorj.com.br\/fr\/wp-json\/wp\/v2\/media\/42066"}],"wp:attachment":[{"href":"https:\/\/www.vagadeempregorj.com.br\/fr\/wp-json\/wp\/v2\/media?parent=42065"}],"wp:term":[{"taxonomy":"category","embeddable":true,"href":"https:\/\/www.vagadeempregorj.com.br\/fr\/wp-json\/wp\/v2\/categories?post=42065"},{"taxonomy":"post_tag","embeddable":true,"href":"https:\/\/www.vagadeempregorj.com.br\/fr\/wp-json\/wp\/v2\/tags?post=42065"}],"curies":[{"name":"wp","href":"https:\/\/api.w.org\/{rel}","templated":true}]}}