{"id":42092,"date":"2025-01-25T06:00:00","date_gmt":"2025-01-25T09:00:00","guid":{"rendered":"https:\/\/www.vagadeempregorj.com.br\/?p=42092"},"modified":"2025-01-20T18:37:23","modified_gmt":"2025-01-20T21:37:23","slug":"uniasselvi-61-vagas-de-emprego-pelo-pais","status":"publish","type":"post","link":"https:\/\/www.vagadeempregorj.com.br\/fr\/uniasselvi-61-vagas-de-emprego-pelo-pais\/","title":{"rendered":"UNIASSELVI: 61 vagas de emprego pelo pa\u00eds"},"content":{"rendered":"<p>A <strong>UNIASSELVI<\/strong>, uma das maiores institui\u00e7\u00f5es de ensino do Brasil, est\u00e1 divulgando 61 vagas de emprego abertas em diferentes regi\u00f5es do pa\u00eds. \u00c9 uma \u00f3tima oportunidade para quem busca uma carreira s\u00f3lida em um ambiente que valoriza a educa\u00e7\u00e3o e o desenvolvimento humano. Neste artigo, vamos detalhar as oportunidades, os cargos dispon\u00edveis e como voc\u00ea pode se candidatar.<\/p>\n\n\n\n<p>Se voc\u00ea est\u00e1 procurando uma chance de crescer profissionalmente e ainda contribuir com o setor educacional, siga lendo e descubra tudo sobre essas vagas.<\/p>\n\n\n\n<figure class=\"wp-block-image size-full is-resized\"><img loading=\"lazy\" decoding=\"async\" width=\"831\" height=\"501\" src=\"https:\/\/www.vagadeempregorj.com.br\/wp-content\/uploads\/2025\/01\/image-5.png\" alt=\"UNIASSELVI\" class=\"wp-image-42111\" style=\"width:840px;height:auto\" srcset=\"https:\/\/www.vagadeempregorj.com.br\/wp-content\/uploads\/2025\/01\/image-5.png 831w, https:\/\/www.vagadeempregorj.com.br\/wp-content\/uploads\/2025\/01\/image-5-300x181.png 300w, https:\/\/www.vagadeempregorj.com.br\/wp-content\/uploads\/2025\/01\/image-5-768x463.png 768w, https:\/\/www.vagadeempregorj.com.br\/wp-content\/uploads\/2025\/01\/image-5-150x90.png 150w\" sizes=\"auto, (max-width: 831px) 100vw, 831px\" \/><\/figure>\n\n\n\n<h2 class=\"wp-block-heading\">Quais s\u00e3o as oportunidades de carreira na UNIASSELVI?<\/h2>\n\n\n\n<p>A UNIASSELVI oferece um ambiente de trabalho din\u00e2mico, desafiador e com foco no crescimento de seus colaboradores. Com as 61 vagas anunciadas, h\u00e1 oportunidades para diferentes perfis profissionais, desde \u00e1reas administrativas at\u00e9 docentes. Vamos conferir algumas das principais fun\u00e7\u00f5es dispon\u00edveis:<\/p>\n\n\n\n<h3 class=\"wp-block-heading\">Docente em Ensino Superior<\/h3>\n\n\n\n<p>Essa \u00e9 uma oportunidade para quem ama ensinar e possui forma\u00e7\u00e3o acad\u00eamica compat\u00edvel. O cargo exige dedica\u00e7\u00e3o para preparar aulas, acompanhar o progresso dos alunos e contribuir com a excel\u00eancia educacional da institui\u00e7\u00e3o. \u00c9 um desafio gratificante para profissionais comprometidos com o aprendizado.<\/p>\n\n\n\n<h3 class=\"wp-block-heading\">Analista Administrativo<\/h3>\n\n\n\n<p>Se voc\u00ea tem habilidades organizacionais e gosta de lidar com processos internos, essa vaga pode ser ideal. O analista administrativo \u00e9 respons\u00e1vel por coordenar rotinas, organizar documentos e garantir que as opera\u00e7\u00f5es fluam de forma eficiente.<\/p>\n\n\n\n<h3 class=\"wp-block-heading\">Consultor Comercial<\/h3>\n\n\n\n<p>Para quem tem perfil comunicativo e gosta de lidar com pessoas, a posi\u00e7\u00e3o de consultor comercial \u00e9 uma \u00f3tima escolha. O profissional atua na capta\u00e7\u00e3o de novos alunos, apresentando os benef\u00edcios e diferenciais dos cursos oferecidos pela UNIASSELVI.<\/p>\n\n\n\n<h3 class=\"wp-block-heading\">T\u00e9cnico de Suporte em TI<\/h3>\n\n\n\n<p>A tecnologia est\u00e1 no cora\u00e7\u00e3o de muitas opera\u00e7\u00f5es educacionais. Como t\u00e9cnico de suporte em TI, voc\u00ea ajudar\u00e1 a garantir que todos os sistemas e equipamentos tecnol\u00f3gicos da institui\u00e7\u00e3o funcionem perfeitamente, atendendo colaboradores e alunos.<\/p>\n\n\n\n<h3 class=\"wp-block-heading\">Auxiliar de Biblioteca<\/h3>\n\n\n\n<p>Ama livros e quer contribuir para a organiza\u00e7\u00e3o e dissemina\u00e7\u00e3o do conhecimento? O cargo de auxiliar de biblioteca oferece a chance de trabalhar diretamente com o acervo da institui\u00e7\u00e3o, apoiando estudantes e professores.<\/p>\n\n\n\n<h3 class=\"wp-block-heading\">Coordenador de Polo<\/h3>\n\n\n\n<p>O coordenador de polo \u00e9 respons\u00e1vel por gerenciar as atividades de um polo da UNIASSELVI. Isso inclui lideran\u00e7a de equipes, acompanhamento de metas e garantia da qualidade nos servi\u00e7os oferecidos.<\/p>\n\n\n\n<p>Essas s\u00e3o apenas algumas das op\u00e7\u00f5es. As vagas est\u00e3o distribu\u00eddas por v\u00e1rias cidades e estados, ampliando as chances de encontrar uma oportunidade perto de voc\u00ea.<\/p>\n\n\n\n<h2 class=\"wp-block-heading\">Como se candidatar?<\/h2>\n\n\n\n<p>Agora que voc\u00ea j\u00e1 viu as vagas dispon\u00edveis, \u00e9 hora de saber como se candidatar. O processo \u00e9 simples e acontece de forma 100% online. A <strong>UNIASSELVI <\/strong>utiliza a plataforma Gupy para gerenciar as inscri\u00e7\u00f5es, oferecendo uma experi\u00eancia pr\u00e1tica e segura.<\/p>\n\n\n\n<p>Aqui est\u00e1 um passo a passo para garantir sua candidatura:<\/p>\n\n\n\n<ul class=\"wp-block-list\">\n<li>Copie e cole o endere\u00e7o <strong>https:\/\/uniasselvi.gupy.io\/ <\/strong>em seu navegador.<\/li>\n\n\n\n<li>Acesse a p\u00e1gina e encontre uma oportunidade que combine com seu perfil e interesses.<\/li>\n\n\n\n<li>Fa\u00e7a login ou crie uma conta na plataforma Gupy. O processo \u00e9 r\u00e1pido e intuitivo.<\/li>\n\n\n\n<li>Preencha seu perfil profissional com suas experi\u00eancias e habilidades.<\/li>\n\n\n\n<li>Escolha a vaga desejada e envie sua candidatura. Lembre-se de revisar todas as informa\u00e7\u00f5es antes de concluir.<\/li>\n<\/ul>\n\n\n\n<p>Al\u00e9m disso, fique atento aos prazos de inscri\u00e7\u00e3o e \u00e0s etapas do processo seletivo. Muitas vezes, os recrutadores entram em contato por e-mail, ent\u00e3o verifique sua caixa de entrada regularmente.<\/p>\n\n\n\n<h3 class=\"wp-block-heading\">Por que trabalhar na UNIASSELVI?<\/h3>\n\n\n\n<p>A UNIASSELVI n\u00e3o \u00e9 apenas uma institui\u00e7\u00e3o de ensino. \u00c9 um ambiente que incentiva o crescimento, valoriza a diversidade e promove a inova\u00e7\u00e3o. Trabalhar aqui significa fazer parte de um time que acredita na transforma\u00e7\u00e3o por meio da educa\u00e7\u00e3o.<\/p>\n\n\n\n<p>Al\u00e9m disso, os colaboradores contam com benef\u00edcios como:<\/p>\n\n\n\n<ul class=\"wp-block-list\">\n<li>Sal\u00e1rio compat\u00edvel com o mercado.<\/li>\n\n\n\n<li>Possibilidade de crescimento profissional.<\/li>\n\n\n\n<li>Ambiente de trabalho colaborativo e inclusivo.<\/li>\n\n\n\n<li>Incentivo ao aprendizado, com descontos em cursos.<\/li>\n<\/ul>\n\n\n\n<p>Ent\u00e3o, se voc\u00ea busca um lugar para crescer e fazer a diferen\u00e7a, a UNIASSELVI \u00e9 uma escolha acertada.<\/p>\n\n\n\n<h2 class=\"wp-block-heading\">Seja contratado imediatamente!<\/h2>\n\n\n\n<p>As 61 vagas de emprego na UNIASSELVI s\u00e3o uma oportunidade \u00fanica para profissionais que querem se destacar em suas carreiras. Com posi\u00e7\u00f5es para diversas \u00e1reas e a possibilidade de atuar em diferentes cidades, \u00e9 hora de aproveitar e enviar sua candidatura.<\/p>\n\n\n\n<p><strong>Veja tamb\u00e9m: <a href=\"https:\/\/www.vagadeempregorj.com.br\/fr\/assai-atacadista-1700-vagas-de-emprego-pelo-pais\/\">Assa\u00ed Atacadista: 1700 vagas de emprego pelo pa\u00eds<\/a><\/strong><\/p>\n\n\n\n<p>25 de janeiro de 2025<\/p>","protected":false},"excerpt":{"rendered":"<p>A UNIASSELVI, uma das maiores institui\u00e7\u00f5es de ensino do Brasil, est\u00e1 divulgando 61 vagas de emprego abertas em diferentes regi\u00f5es do pa\u00eds. \u00c9 uma \u00f3tima oportunidade para quem busca uma carreira s\u00f3lida em um ambiente que valoriza a educa\u00e7\u00e3o e o desenvolvimento humano. Neste artigo, vamos detalhar as oportunidades, os cargos dispon\u00edveis e como voc\u00ea&hellip;&nbsp;<\/p>","protected":false},"author":16,"featured_media":42111,"comment_status":"closed","ping_status":"closed","sticky":false,"template":"","format":"standard","meta":{"neve_meta_sidebar":"","neve_meta_container":"","neve_meta_enable_content_width":"","neve_meta_content_width":0,"neve_meta_title_alignment":"","neve_meta_author_avatar":"","neve_post_elements_order":"","neve_meta_disable_header":"","neve_meta_disable_footer":"","neve_meta_disable_title":"","footnotes":""},"categories":[123],"tags":[830,608],"class_list":["post-42092","post","type-post","status-publish","format-standard","has-post-thumbnail","hentry","category-vagas-de-emprego-nacionais","tag-empregos","tag-oportunidades"],"yoast_head":"<!-- This site is optimized with the Yoast SEO plugin v27.5 - https:\/\/yoast.com\/product\/yoast-seo-wordpress\/ -->\n<title>UNIASSELVI: 61 vagas de emprego pelo pa\u00eds -<\/title>\n<meta name=\"description\" content=\"Veja em Vagas de Emprego RJ as vagas de emprego com e sem experi\u00eancia no seu Estado e Regi\u00e3o!\" \/>\n<meta name=\"robots\" content=\"index, follow, max-snippet:-1, max-image-preview:large, max-video-preview:-1\" \/>\n<link rel=\"canonical\" href=\"https:\/\/www.vagadeempregorj.com.br\/fr\/uniasselvi-61-vagas-de-emprego-pelo-pais\/\" \/>\n<meta property=\"og:locale\" content=\"fr_FR\" \/>\n<meta property=\"og:type\" content=\"article\" \/>\n<meta property=\"og:title\" content=\"UNIASSELVI: 61 vagas de emprego pelo pa\u00eds -\" \/>\n<meta property=\"og:description\" content=\"Veja em Vagas de Emprego RJ as vagas de emprego com e sem experi\u00eancia no seu Estado e Regi\u00e3o!\" \/>\n<meta property=\"og:url\" content=\"https:\/\/www.vagadeempregorj.com.br\/fr\/uniasselvi-61-vagas-de-emprego-pelo-pais\/\" \/>\n<meta property=\"article:publisher\" content=\"https:\/\/www.facebook.com\/empregobrasiloficial\" \/>\n<meta property=\"article:published_time\" content=\"2025-01-25T09:00:00+00:00\" \/>\n<meta property=\"og:image\" content=\"https:\/\/www.vagadeempregorj.com.br\/wp-content\/uploads\/2025\/01\/image-5.png\" \/>\n\t<meta property=\"og:image:width\" content=\"831\" \/>\n\t<meta property=\"og:image:height\" content=\"501\" \/>\n\t<meta property=\"og:image:type\" content=\"image\/png\" \/>\n<meta name=\"author\" content=\"Michele\" \/>\n<meta name=\"twitter:card\" content=\"summary_large_image\" \/>\n<meta name=\"twitter:label1\" content=\"Written by\" \/>\n\t<meta name=\"twitter:data1\" content=\"Michele\" \/>\n\t<meta name=\"twitter:label2\" content=\"Est. reading time\" \/>\n\t<meta name=\"twitter:data2\" content=\"4 minutes\" \/>\n<script type=\"application\/ld+json\" class=\"yoast-schema-graph\">{\"@context\":\"https:\\\/\\\/schema.org\",\"@graph\":[{\"@type\":\"Article\",\"@id\":\"https:\\\/\\\/www.vagadeempregorj.com.br\\\/uniasselvi-61-vagas-de-emprego-pelo-pais\\\/#article\",\"isPartOf\":{\"@id\":\"https:\\\/\\\/www.vagadeempregorj.com.br\\\/uniasselvi-61-vagas-de-emprego-pelo-pais\\\/\"},\"author\":{\"name\":\"Michele\",\"@id\":\"https:\\\/\\\/www.vagadeempregorj.com.br\\\/#\\\/schema\\\/person\\\/3ddb19fa0539706786e502152f3aae95\"},\"headline\":\"UNIASSELVI: 61 vagas de emprego pelo pa\u00eds\",\"datePublished\":\"2025-01-25T09:00:00+00:00\",\"mainEntityOfPage\":{\"@id\":\"https:\\\/\\\/www.vagadeempregorj.com.br\\\/uniasselvi-61-vagas-de-emprego-pelo-pais\\\/\"},\"wordCount\":743,\"image\":{\"@id\":\"https:\\\/\\\/www.vagadeempregorj.com.br\\\/uniasselvi-61-vagas-de-emprego-pelo-pais\\\/#primaryimage\"},\"thumbnailUrl\":\"https:\\\/\\\/www.vagadeempregorj.com.br\\\/wp-content\\\/uploads\\\/2025\\\/01\\\/image-5.png\",\"keywords\":[\"empregos\",\"oportunidades\"],\"articleSection\":[\"Vagas de Emprego Nacionais\"],\"inLanguage\":\"fr-FR\"},{\"@type\":\"WebPage\",\"@id\":\"https:\\\/\\\/www.vagadeempregorj.com.br\\\/uniasselvi-61-vagas-de-emprego-pelo-pais\\\/\",\"url\":\"https:\\\/\\\/www.vagadeempregorj.com.br\\\/uniasselvi-61-vagas-de-emprego-pelo-pais\\\/\",\"name\":\"UNIASSELVI: 61 vagas de emprego pelo pa\u00eds -\",\"isPartOf\":{\"@id\":\"https:\\\/\\\/www.vagadeempregorj.com.br\\\/#website\"},\"primaryImageOfPage\":{\"@id\":\"https:\\\/\\\/www.vagadeempregorj.com.br\\\/uniasselvi-61-vagas-de-emprego-pelo-pais\\\/#primaryimage\"},\"image\":{\"@id\":\"https:\\\/\\\/www.vagadeempregorj.com.br\\\/uniasselvi-61-vagas-de-emprego-pelo-pais\\\/#primaryimage\"},\"thumbnailUrl\":\"https:\\\/\\\/www.vagadeempregorj.com.br\\\/wp-content\\\/uploads\\\/2025\\\/01\\\/image-5.png\",\"datePublished\":\"2025-01-25T09:00:00+00:00\",\"author\":{\"@id\":\"https:\\\/\\\/www.vagadeempregorj.com.br\\\/#\\\/schema\\\/person\\\/3ddb19fa0539706786e502152f3aae95\"},\"description\":\"Veja em Vagas de Emprego RJ as vagas de emprego com e sem experi\u00eancia no seu Estado e Regi\u00e3o!\",\"breadcrumb\":{\"@id\":\"https:\\\/\\\/www.vagadeempregorj.com.br\\\/uniasselvi-61-vagas-de-emprego-pelo-pais\\\/#breadcrumb\"},\"inLanguage\":\"fr-FR\",\"potentialAction\":[{\"@type\":\"ReadAction\",\"target\":[\"https:\\\/\\\/www.vagadeempregorj.com.br\\\/uniasselvi-61-vagas-de-emprego-pelo-pais\\\/\"]}]},{\"@type\":\"ImageObject\",\"inLanguage\":\"fr-FR\",\"@id\":\"https:\\\/\\\/www.vagadeempregorj.com.br\\\/uniasselvi-61-vagas-de-emprego-pelo-pais\\\/#primaryimage\",\"url\":\"https:\\\/\\\/www.vagadeempregorj.com.br\\\/wp-content\\\/uploads\\\/2025\\\/01\\\/image-5.png\",\"contentUrl\":\"https:\\\/\\\/www.vagadeempregorj.com.br\\\/wp-content\\\/uploads\\\/2025\\\/01\\\/image-5.png\",\"width\":831,\"height\":501,\"caption\":\"UNIASSELVI\"},{\"@type\":\"BreadcrumbList\",\"@id\":\"https:\\\/\\\/www.vagadeempregorj.com.br\\\/uniasselvi-61-vagas-de-emprego-pelo-pais\\\/#breadcrumb\",\"itemListElement\":[{\"@type\":\"ListItem\",\"position\":1,\"name\":\"In\u00edcio\",\"item\":\"https:\\\/\\\/www.vagadeempregorj.com.br\\\/\"},{\"@type\":\"ListItem\",\"position\":2,\"name\":\"Vagas de Emprego Nacionais\",\"item\":\"https:\\\/\\\/www.vagadeempregorj.com.br\\\/vagas-de-emprego-nacionais\\\/\"},{\"@type\":\"ListItem\",\"position\":3,\"name\":\"UNIASSELVI: 61 vagas de emprego pelo pa\u00eds\"}]},{\"@type\":\"WebSite\",\"@id\":\"https:\\\/\\\/www.vagadeempregorj.com.br\\\/#website\",\"url\":\"https:\\\/\\\/www.vagadeempregorj.com.br\\\/\",\"name\":\"\",\"description\":\"Conquiste Sonhos: Vagas, Benef\u00edcios e Economia para Transformar Vidas e Alcan\u00e7ar Melhorias Cotidianas\",\"potentialAction\":[{\"@type\":\"SearchAction\",\"target\":{\"@type\":\"EntryPoint\",\"urlTemplate\":\"https:\\\/\\\/www.vagadeempregorj.com.br\\\/?s={search_term_string}\"},\"query-input\":{\"@type\":\"PropertyValueSpecification\",\"valueRequired\":true,\"valueName\":\"search_term_string\"}}],\"inLanguage\":\"fr-FR\"},{\"@type\":\"Person\",\"@id\":\"https:\\\/\\\/www.vagadeempregorj.com.br\\\/#\\\/schema\\\/person\\\/3ddb19fa0539706786e502152f3aae95\",\"name\":\"Michele\",\"image\":{\"@type\":\"ImageObject\",\"inLanguage\":\"fr-FR\",\"@id\":\"https:\\\/\\\/secure.gravatar.com\\\/avatar\\\/6b0eb9d22841282815e2cd856a0061c45e1761cd54b22e952d98c4746939aa85?s=96&r=g\",\"url\":\"https:\\\/\\\/secure.gravatar.com\\\/avatar\\\/6b0eb9d22841282815e2cd856a0061c45e1761cd54b22e952d98c4746939aa85?s=96&r=g\",\"contentUrl\":\"https:\\\/\\\/secure.gravatar.com\\\/avatar\\\/6b0eb9d22841282815e2cd856a0061c45e1761cd54b22e952d98c4746939aa85?s=96&r=g\",\"caption\":\"Michele\"},\"description\":\"Formada em Letras - Portugu\u00eas\\\/ Ingl\u00eas, e idealizadora do site Escritora de Sucesso, busca expandir o conhecimento de todos com informa\u00e7\u00f5es relevantes sobre diversos assuntos, enquanto redatora. No Vaga de Emprego RJ, traz oportunidades e dicas sobre o mercado de trabalho.\",\"url\":\"https:\\\/\\\/www.vagadeempregorj.com.br\\\/fr\\\/author\\\/michele\\\/\"}]}<\/script>\n<!-- \/ Yoast SEO plugin. -->","yoast_head_json":{"title":"UNIASSELVI: 61 vagas de emprego pelo pa\u00eds -","description":"Veja em Vagas de Emprego RJ as vagas de emprego com e sem experi\u00eancia no seu Estado e Regi\u00e3o!","robots":{"index":"index","follow":"follow","max-snippet":"max-snippet:-1","max-image-preview":"max-image-preview:large","max-video-preview":"max-video-preview:-1"},"canonical":"https:\/\/www.vagadeempregorj.com.br\/fr\/uniasselvi-61-vagas-de-emprego-pelo-pais\/","og_locale":"fr_FR","og_type":"article","og_title":"UNIASSELVI: 61 vagas de emprego pelo pa\u00eds -","og_description":"Veja em Vagas de Emprego RJ as vagas de emprego com e sem experi\u00eancia no seu Estado e Regi\u00e3o!","og_url":"https:\/\/www.vagadeempregorj.com.br\/fr\/uniasselvi-61-vagas-de-emprego-pelo-pais\/","article_publisher":"https:\/\/www.facebook.com\/empregobrasiloficial","article_published_time":"2025-01-25T09:00:00+00:00","og_image":[{"width":831,"height":501,"url":"https:\/\/www.vagadeempregorj.com.br\/wp-content\/uploads\/2025\/01\/image-5.png","type":"image\/png"}],"author":"Michele","twitter_card":"summary_large_image","twitter_misc":{"Written by":"Michele","Est. reading time":"4 minutes"},"schema":{"@context":"https:\/\/schema.org","@graph":[{"@type":"Article","@id":"https:\/\/www.vagadeempregorj.com.br\/uniasselvi-61-vagas-de-emprego-pelo-pais\/#article","isPartOf":{"@id":"https:\/\/www.vagadeempregorj.com.br\/uniasselvi-61-vagas-de-emprego-pelo-pais\/"},"author":{"name":"Michele","@id":"https:\/\/www.vagadeempregorj.com.br\/#\/schema\/person\/3ddb19fa0539706786e502152f3aae95"},"headline":"UNIASSELVI: 61 vagas de emprego pelo pa\u00eds","datePublished":"2025-01-25T09:00:00+00:00","mainEntityOfPage":{"@id":"https:\/\/www.vagadeempregorj.com.br\/uniasselvi-61-vagas-de-emprego-pelo-pais\/"},"wordCount":743,"image":{"@id":"https:\/\/www.vagadeempregorj.com.br\/uniasselvi-61-vagas-de-emprego-pelo-pais\/#primaryimage"},"thumbnailUrl":"https:\/\/www.vagadeempregorj.com.br\/wp-content\/uploads\/2025\/01\/image-5.png","keywords":["empregos","oportunidades"],"articleSection":["Vagas de Emprego Nacionais"],"inLanguage":"fr-FR"},{"@type":"WebPage","@id":"https:\/\/www.vagadeempregorj.com.br\/uniasselvi-61-vagas-de-emprego-pelo-pais\/","url":"https:\/\/www.vagadeempregorj.com.br\/uniasselvi-61-vagas-de-emprego-pelo-pais\/","name":"UNIASSELVI: 61 vagas de emprego pelo pa\u00eds -","isPartOf":{"@id":"https:\/\/www.vagadeempregorj.com.br\/#website"},"primaryImageOfPage":{"@id":"https:\/\/www.vagadeempregorj.com.br\/uniasselvi-61-vagas-de-emprego-pelo-pais\/#primaryimage"},"image":{"@id":"https:\/\/www.vagadeempregorj.com.br\/uniasselvi-61-vagas-de-emprego-pelo-pais\/#primaryimage"},"thumbnailUrl":"https:\/\/www.vagadeempregorj.com.br\/wp-content\/uploads\/2025\/01\/image-5.png","datePublished":"2025-01-25T09:00:00+00:00","author":{"@id":"https:\/\/www.vagadeempregorj.com.br\/#\/schema\/person\/3ddb19fa0539706786e502152f3aae95"},"description":"Veja em Vagas de Emprego RJ as vagas de emprego com e sem experi\u00eancia no seu Estado e Regi\u00e3o!","breadcrumb":{"@id":"https:\/\/www.vagadeempregorj.com.br\/uniasselvi-61-vagas-de-emprego-pelo-pais\/#breadcrumb"},"inLanguage":"fr-FR","potentialAction":[{"@type":"ReadAction","target":["https:\/\/www.vagadeempregorj.com.br\/uniasselvi-61-vagas-de-emprego-pelo-pais\/"]}]},{"@type":"ImageObject","inLanguage":"fr-FR","@id":"https:\/\/www.vagadeempregorj.com.br\/uniasselvi-61-vagas-de-emprego-pelo-pais\/#primaryimage","url":"https:\/\/www.vagadeempregorj.com.br\/wp-content\/uploads\/2025\/01\/image-5.png","contentUrl":"https:\/\/www.vagadeempregorj.com.br\/wp-content\/uploads\/2025\/01\/image-5.png","width":831,"height":501,"caption":"UNIASSELVI"},{"@type":"BreadcrumbList","@id":"https:\/\/www.vagadeempregorj.com.br\/uniasselvi-61-vagas-de-emprego-pelo-pais\/#breadcrumb","itemListElement":[{"@type":"ListItem","position":1,"name":"In\u00edcio","item":"https:\/\/www.vagadeempregorj.com.br\/"},{"@type":"ListItem","position":2,"name":"Vagas de Emprego Nacionais","item":"https:\/\/www.vagadeempregorj.com.br\/vagas-de-emprego-nacionais\/"},{"@type":"ListItem","position":3,"name":"UNIASSELVI: 61 vagas de emprego pelo pa\u00eds"}]},{"@type":"WebSite","@id":"https:\/\/www.vagadeempregorj.com.br\/#website","url":"https:\/\/www.vagadeempregorj.com.br\/","name":"","description":"Conquiste Sonhos: Vagas, Benef\u00edcios e Economia para Transformar Vidas e Alcan\u00e7ar Melhorias Cotidianas","potentialAction":[{"@type":"SearchAction","target":{"@type":"EntryPoint","urlTemplate":"https:\/\/www.vagadeempregorj.com.br\/?s={search_term_string}"},"query-input":{"@type":"PropertyValueSpecification","valueRequired":true,"valueName":"search_term_string"}}],"inLanguage":"fr-FR"},{"@type":"Person","@id":"https:\/\/www.vagadeempregorj.com.br\/#\/schema\/person\/3ddb19fa0539706786e502152f3aae95","name":"Michele","image":{"@type":"ImageObject","inLanguage":"fr-FR","@id":"https:\/\/secure.gravatar.com\/avatar\/6b0eb9d22841282815e2cd856a0061c45e1761cd54b22e952d98c4746939aa85?s=96&r=g","url":"https:\/\/secure.gravatar.com\/avatar\/6b0eb9d22841282815e2cd856a0061c45e1761cd54b22e952d98c4746939aa85?s=96&r=g","contentUrl":"https:\/\/secure.gravatar.com\/avatar\/6b0eb9d22841282815e2cd856a0061c45e1761cd54b22e952d98c4746939aa85?s=96&r=g","caption":"Michele"},"description":"Formada em Letras - Portugu\u00eas\/ Ingl\u00eas, e idealizadora do site Escritora de Sucesso, busca expandir o conhecimento de todos com informa\u00e7\u00f5es relevantes sobre diversos assuntos, enquanto redatora. No Vaga de Emprego RJ, traz oportunidades e dicas sobre o mercado de trabalho.","url":"https:\/\/www.vagadeempregorj.com.br\/fr\/author\/michele\/"}]}},"_links":{"self":[{"href":"https:\/\/www.vagadeempregorj.com.br\/fr\/wp-json\/wp\/v2\/posts\/42092","targetHints":{"allow":["GET"]}}],"collection":[{"href":"https:\/\/www.vagadeempregorj.com.br\/fr\/wp-json\/wp\/v2\/posts"}],"about":[{"href":"https:\/\/www.vagadeempregorj.com.br\/fr\/wp-json\/wp\/v2\/types\/post"}],"author":[{"embeddable":true,"href":"https:\/\/www.vagadeempregorj.com.br\/fr\/wp-json\/wp\/v2\/users\/16"}],"replies":[{"embeddable":true,"href":"https:\/\/www.vagadeempregorj.com.br\/fr\/wp-json\/wp\/v2\/comments?post=42092"}],"version-history":[{"count":0,"href":"https:\/\/www.vagadeempregorj.com.br\/fr\/wp-json\/wp\/v2\/posts\/42092\/revisions"}],"wp:featuredmedia":[{"embeddable":true,"href":"https:\/\/www.vagadeempregorj.com.br\/fr\/wp-json\/wp\/v2\/media\/42111"}],"wp:attachment":[{"href":"https:\/\/www.vagadeempregorj.com.br\/fr\/wp-json\/wp\/v2\/media?parent=42092"}],"wp:term":[{"taxonomy":"category","embeddable":true,"href":"https:\/\/www.vagadeempregorj.com.br\/fr\/wp-json\/wp\/v2\/categories?post=42092"},{"taxonomy":"post_tag","embeddable":true,"href":"https:\/\/www.vagadeempregorj.com.br\/fr\/wp-json\/wp\/v2\/tags?post=42092"}],"curies":[{"name":"wp","href":"https:\/\/api.w.org\/{rel}","templated":true}]}}