{"id":42140,"date":"2025-01-24T06:00:00","date_gmt":"2025-01-24T09:00:00","guid":{"rendered":"https:\/\/www.vagadeempregorj.com.br\/?p=42140"},"modified":"2025-06-15T14:30:31","modified_gmt":"2025-06-15T17:30:31","slug":"quais-sao-as-habilidades-mais-procuradas-pelos-recrutadores","status":"publish","type":"post","link":"https:\/\/www.vagadeempregorj.com.br\/fr\/quais-sao-as-habilidades-mais-procuradas-pelos-recrutadores\/","title":{"rendered":"Quais s\u00e3o as habilidades mais procuradas pelos recrutadores?"},"content":{"rendered":"<p>O mercado de trabalho est\u00e1 sempre em transforma\u00e7\u00e3o. Com tantas mudan\u00e7as, \u00e9 natural se perguntar: o que realmente importa para os recrutadores hoje? Ser\u00e1 que ainda s\u00e3o aquelas habilidades t\u00e9cnicas que fazem a diferen\u00e7a, ou as chamadas \u201csoft skills\u201d est\u00e3o ganhando destaque? Vamos ajudar voc\u00ea a entender o que pode te colocar na frente na hora de conquistar um emprego.<\/p>\n\n\n\n<p>Se voc\u00ea est\u00e1 em busca de uma nova oportunidade ou apenas quer melhorar o seu perfil profissional, vem comigo. Vamos entender o que os recrutadores realmente valorizam!<\/p>\n\n\n\n<figure class=\"wp-block-image size-large\"><img loading=\"lazy\" decoding=\"async\" width=\"1024\" height=\"683\" src=\"https:\/\/www.vagadeempregorj.com.br\/wp-content\/uploads\/2025\/01\/image-14-1024x683.png\" alt=\"\" class=\"wp-image-42156\" srcset=\"https:\/\/www.vagadeempregorj.com.br\/wp-content\/uploads\/2025\/01\/image-14-1024x683.png 1024w, https:\/\/www.vagadeempregorj.com.br\/wp-content\/uploads\/2025\/01\/image-14-300x200.png 300w, https:\/\/www.vagadeempregorj.com.br\/wp-content\/uploads\/2025\/01\/image-14-768x512.png 768w, https:\/\/www.vagadeempregorj.com.br\/wp-content\/uploads\/2025\/01\/image-14-150x100.png 150w, https:\/\/www.vagadeempregorj.com.br\/wp-content\/uploads\/2025\/01\/image-14.png 1125w\" sizes=\"auto, (max-width: 1024px) 100vw, 1024px\" \/><\/figure>\n\n\n\n<h2 class=\"wp-block-heading\">1# Comunica\u00e7\u00e3o eficiente<\/h2>\n\n\n\n<p>Voc\u00ea j\u00e1 percebeu como a forma de falar ou escrever pode transformar uma conversa ou um trabalho? A comunica\u00e7\u00e3o eficiente \u00e9 uma das habilidades mais procuradas, porque afeta todas as \u00e1reas de uma empresa.<\/p>\n\n\n\n<p>Saber se expressar de maneira clara, tanto verbalmente quanto por escrito, \u00e9 essencial. N\u00e3o \u00e9 s\u00f3 sobre falar bonito, mas sobre transmitir ideias de forma que o outro entenda sem dificuldades. Seja em uma reuni\u00e3o, respondendo e-mails ou at\u00e9 ao explicar um projeto, essa habilidade faz diferen\u00e7a.<\/p>\n\n\n\n<p>Mas calma, se voc\u00ea sente que n\u00e3o domina isso, h\u00e1 solu\u00e7\u00e3o. Praticar a escuta ativa, dar feedbacks e ser aberto a cr\u00edticas s\u00e3o bons passos para melhorar.<\/p>\n\n\n\n<h2 class=\"wp-block-heading\">2# Trabalho em equipe<\/h2>\n\n\n\n<p>Ningu\u00e9m trabalha sozinho, mesmo que o seu cargo permita. Em algum momento, voc\u00ea vai precisar colaborar com colegas de outras \u00e1reas ou at\u00e9 com clientes. Os recrutadores sabem disso e procuram candidatos que consigam lidar bem em grupo.<\/p>\n\n\n\n<p>Saber ouvir, respeitar opini\u00f5es diferentes e contribuir com solu\u00e7\u00f5es s\u00e3o aspectos valiosos aqui. Mas trabalhar em equipe n\u00e3o significa concordar com tudo. A diferen\u00e7a est\u00e1 em como voc\u00ea lida com os conflitos e busca um meio-termo.<\/p>\n\n\n\n<p>Se j\u00e1 teve experi\u00eancias onde atuou em grupo, mesmo que em projetos menores, n\u00e3o deixe de mostrar isso durante uma entrevista.<\/p>\n\n\n\n<h2 class=\"wp-block-heading\">3# Adaptabilidade e flexibilidade<\/h2>\n\n\n\n<p>Em um mundo onde mudan\u00e7as acontecem o tempo todo, ser adapt\u00e1vel \u00e9 quase uma regra. Empresas procuram profissionais que consigam lidar bem com novos desafios, tecnologias e at\u00e9 mudan\u00e7as na rotina.<\/p>\n\n\n\n<p>Por exemplo, quando a pandemia transformou a din\u00e2mica de trabalho, quem se adaptou rapidamente ao modelo remoto se destacou. Recrutadores valorizam essa capacidade, pois ela demonstra que voc\u00ea est\u00e1 pronto para o que vier.<\/p>\n\n\n\n<p>Uma dica pr\u00e1tica? Mostre, com exemplos, situa\u00e7\u00f5es em que precisou mudar de plano ou aprender algo novo rapidamente. Isso pode ser um grande diferencial na sua entrevista.<\/p>\n\n\n\n<h2 class=\"wp-block-heading\">4# Resolu\u00e7\u00e3o de problemas<\/h2>\n\n\n\n<p>Imagine uma situa\u00e7\u00e3o onde tudo parece dar errado. Quem voc\u00ea acha que a empresa vai valorizar mais: aquele que se desespera ou quem busca solu\u00e7\u00f5es?<\/p>\n\n\n\n<p>Saber resolver problemas de forma pr\u00e1tica e criativa \u00e9 uma das qualidades mais admiradas. N\u00e3o \u00e9 preciso ser um g\u00eanio para isso. Muitas vezes, essa habilidade vem de ter calma para analisar a situa\u00e7\u00e3o e agir com l\u00f3gica.<\/p>\n\n\n\n<p>Durante o processo seletivo, os recrutadores podem at\u00e9 propor um desafio para testar isso. Esteja preparado para mostrar como pensa e age nesses momentos.<\/p>\n\n\n\n<h2 class=\"wp-block-heading\">5# Intelig\u00eancia emocional<\/h2>\n\n\n\n<p>Voc\u00ea j\u00e1 teve que lidar com um colega dif\u00edcil ou com um dia estressante no trabalho? Se sim, sabe que manter o controle emocional nem sempre \u00e9 f\u00e1cil.<\/p>\n\n\n\n<p>A intelig\u00eancia emocional \u00e9 a capacidade de reconhecer e gerenciar suas pr\u00f3prias emo\u00e7\u00f5es, al\u00e9m de compreender as dos outros. Essa habilidade \u00e9 crucial, porque as empresas valorizam profissionais que saibam trabalhar bem sob press\u00e3o e criar um ambiente harmonioso.<\/p>\n\n\n\n<p>Se voc\u00ea acha que precisa melhorar nesse aspecto, comece observando como reage em situa\u00e7\u00f5es de conflito. Pequenas mudan\u00e7as podem trazer grandes resultados.<\/p>\n\n\n\n<h2 class=\"wp-block-heading\">6# Habilidades t\u00e9cnicas espec\u00edficas<\/h2>\n\n\n\n<p>Claro, as soft skills s\u00e3o importantes, mas as habilidades t\u00e9cnicas n\u00e3o podem ser deixadas de lado. Dependendo da \u00e1rea em que voc\u00ea atua, dominar ferramentas, softwares ou t\u00e9cnicas espec\u00edficas \u00e9 fundamental.<\/p>\n\n\n\n<p>Por exemplo, se voc\u00ea trabalha com marketing, saber usar plataformas como Google Analytics pode ser decisivo. J\u00e1 para desenvolvedores, o dom\u00ednio de linguagens de programa\u00e7\u00e3o \u00e9 indispens\u00e1vel.<\/p>\n\n\n\n<p>Ent\u00e3o, sempre fique atento \u00e0s tend\u00eancias da sua \u00e1rea e busque se atualizar. Cursos online, v\u00eddeos tutoriais e workshops podem ajudar bastante.<\/p>\n\n\n\n<h2 class=\"wp-block-heading\">7# Organiza\u00e7\u00e3o e gest\u00e3o do tempo<\/h2>\n\n\n\n<p>Saber organizar tarefas e cumprir prazos pode parecer algo b\u00e1sico, mas muitos profissionais ainda t\u00eam dificuldades nisso. Recrutadores valorizam quem consegue priorizar atividades e trabalhar com efici\u00eancia.<\/p>\n\n\n\n<p>Uma dica pr\u00e1tica \u00e9 adotar ferramentas como listas de tarefas ou aplicativos de produtividade. Durante uma entrevista, voc\u00ea pode mencionar como essas pr\u00e1ticas ajudam no seu dia a dia.<\/p>\n\n\n\n<h2 class=\"wp-block-heading\">Como se destacar entre os candidatos?<\/h2>\n\n\n\n<p>Agora que voc\u00ea j\u00e1 sabe as habilidades mais procuradas, \u00e9 hora de aplic\u00e1-las. O segredo est\u00e1 em mostrar, com exemplos, como voc\u00ea usa essas habilidades no dia a dia. N\u00e3o adianta apenas dizer que \u00e9 bom em trabalho em equipe ou que sabe resolver problemas. Recrutadores querem evid\u00eancias.<\/p>\n\n\n\n<p>Por exemplo, ao falar sobre adaptabilidade, voc\u00ea pode contar como aprendeu a usar uma nova ferramenta rapidamente para atender a uma necessidade da empresa. Ou, ao mencionar intelig\u00eancia emocional, fale sobre como gerenciou um conflito no ambiente de trabalho.<\/p>\n\n\n\n<p>Esses exemplos tornam o seu perfil mais concreto e memor\u00e1vel.<\/p>\n\n\n\n<h2 class=\"wp-block-heading\">Equil\u00edbrio entre t\u00e9cnicas e comportamento<\/h2>\n\n\n\n<p>As habilidades que os recrutadores mais procuram s\u00e3o um equil\u00edbrio entre t\u00e9cnicas e comportamentais. Comunica\u00e7\u00e3o, adaptabilidade, trabalho em equipe, intelig\u00eancia emocional e resolu\u00e7\u00e3o de problemas est\u00e3o no topo da lista. Por\u00e9m, n\u00e3o se esque\u00e7a de que, al\u00e9m de desenvolv\u00ea-las, \u00e9 preciso demonstr\u00e1-las de forma pr\u00e1tica.<\/p>\n\n\n\n<p>Agora \u00e9 com voc\u00ea! Avalie quais dessas habilidades j\u00e1 fazem parte do seu perfil e quais precisam ser trabalhadas. Com dedica\u00e7\u00e3o, voc\u00ea estar\u00e1 pronto para impressionar qualquer recrutador. Boa sorte!<\/p>\n\n\n\n<p><strong>Veja tamb\u00e9m: <a href=\"https:\/\/www.vagadeempregorj.com.br\/fr\/bolsa-do-povo-tudo-o-que-voce-precisa-saber-sobre-o-programa-e-como-acessa-lo\/\">Bolsa do Povo: Tudo o Que Voc\u00ea Precisa Saber Sobre o Programa e Como Acess\u00e1-lo<\/a><\/strong><\/p>\n\n\n\n<p>24 de janeiro de 2025<\/p>","protected":false},"excerpt":{"rendered":"<p>O mercado de trabalho est\u00e1 sempre em transforma\u00e7\u00e3o. Com tantas mudan\u00e7as, \u00e9 natural se perguntar: o que realmente importa para os recrutadores hoje? Ser\u00e1 que ainda s\u00e3o aquelas habilidades t\u00e9cnicas que fazem a diferen\u00e7a, ou as chamadas \u201csoft skills\u201d est\u00e3o ganhando destaque? Vamos ajudar voc\u00ea a entender o que pode te colocar na frente na&hellip;&nbsp;<\/p>","protected":false},"author":16,"featured_media":42156,"comment_status":"closed","ping_status":"closed","sticky":false,"template":"","format":"standard","meta":{"neve_meta_sidebar":"","neve_meta_container":"","neve_meta_enable_content_width":"","neve_meta_content_width":0,"neve_meta_title_alignment":"","neve_meta_author_avatar":"","neve_post_elements_order":"","neve_meta_disable_header":"","neve_meta_disable_footer":"","neve_meta_disable_title":"","footnotes":""},"categories":[123],"tags":[],"class_list":["post-42140","post","type-post","status-publish","format-standard","has-post-thumbnail","hentry","category-vagas-de-emprego-nacionais"],"yoast_head":"<!-- This site is optimized with the Yoast SEO plugin v27.5 - https:\/\/yoast.com\/product\/yoast-seo-wordpress\/ -->\n<title>Quais s\u00e3o as habilidades mais procuradas pelos recrutadores? -<\/title>\n<meta name=\"description\" content=\"Veja em Vagas de Emprego RJ as vagas de emprego com e sem experi\u00eancia no seu Estado e Regi\u00e3o!\" \/>\n<meta name=\"robots\" content=\"index, follow, max-snippet:-1, max-image-preview:large, max-video-preview:-1\" \/>\n<link rel=\"canonical\" href=\"https:\/\/www.vagadeempregorj.com.br\/fr\/quais-sao-as-habilidades-mais-procuradas-pelos-recrutadores\/\" \/>\n<meta property=\"og:locale\" content=\"fr_FR\" \/>\n<meta property=\"og:type\" content=\"article\" \/>\n<meta property=\"og:title\" content=\"Quais s\u00e3o as habilidades mais procuradas pelos recrutadores? -\" \/>\n<meta property=\"og:description\" content=\"Veja em Vagas de Emprego RJ as vagas de emprego com e sem experi\u00eancia no seu Estado e Regi\u00e3o!\" \/>\n<meta property=\"og:url\" content=\"https:\/\/www.vagadeempregorj.com.br\/fr\/quais-sao-as-habilidades-mais-procuradas-pelos-recrutadores\/\" \/>\n<meta property=\"article:publisher\" content=\"https:\/\/www.facebook.com\/empregobrasiloficial\" \/>\n<meta property=\"article:published_time\" content=\"2025-01-24T09:00:00+00:00\" \/>\n<meta property=\"article:modified_time\" content=\"2025-06-15T17:30:31+00:00\" \/>\n<meta property=\"og:image\" content=\"https:\/\/www.vagadeempregorj.com.br\/wp-content\/uploads\/2025\/01\/image-14.png\" \/>\n\t<meta property=\"og:image:width\" content=\"1125\" \/>\n\t<meta property=\"og:image:height\" content=\"750\" \/>\n\t<meta property=\"og:image:type\" content=\"image\/png\" \/>\n<meta name=\"author\" content=\"Michele\" \/>\n<meta name=\"twitter:card\" content=\"summary_large_image\" \/>\n<meta name=\"twitter:label1\" content=\"Written by\" \/>\n\t<meta name=\"twitter:data1\" content=\"Michele\" \/>\n\t<meta name=\"twitter:label2\" content=\"Est. reading time\" \/>\n\t<meta name=\"twitter:data2\" content=\"5 minutes\" \/>\n<script type=\"application\/ld+json\" class=\"yoast-schema-graph\">{\"@context\":\"https:\\\/\\\/schema.org\",\"@graph\":[{\"@type\":\"Article\",\"@id\":\"https:\\\/\\\/www.vagadeempregorj.com.br\\\/quais-sao-as-habilidades-mais-procuradas-pelos-recrutadores\\\/#article\",\"isPartOf\":{\"@id\":\"https:\\\/\\\/www.vagadeempregorj.com.br\\\/quais-sao-as-habilidades-mais-procuradas-pelos-recrutadores\\\/\"},\"author\":{\"name\":\"Michele\",\"@id\":\"https:\\\/\\\/www.vagadeempregorj.com.br\\\/#\\\/schema\\\/person\\\/3ddb19fa0539706786e502152f3aae95\"},\"headline\":\"Quais s\u00e3o as habilidades mais procuradas pelos recrutadores?\",\"datePublished\":\"2025-01-24T09:00:00+00:00\",\"dateModified\":\"2025-06-15T17:30:31+00:00\",\"mainEntityOfPage\":{\"@id\":\"https:\\\/\\\/www.vagadeempregorj.com.br\\\/quais-sao-as-habilidades-mais-procuradas-pelos-recrutadores\\\/\"},\"wordCount\":1001,\"image\":{\"@id\":\"https:\\\/\\\/www.vagadeempregorj.com.br\\\/quais-sao-as-habilidades-mais-procuradas-pelos-recrutadores\\\/#primaryimage\"},\"thumbnailUrl\":\"https:\\\/\\\/www.vagadeempregorj.com.br\\\/wp-content\\\/uploads\\\/2025\\\/01\\\/image-14.png\",\"articleSection\":[\"Vagas de Emprego Nacionais\"],\"inLanguage\":\"fr-FR\"},{\"@type\":\"WebPage\",\"@id\":\"https:\\\/\\\/www.vagadeempregorj.com.br\\\/quais-sao-as-habilidades-mais-procuradas-pelos-recrutadores\\\/\",\"url\":\"https:\\\/\\\/www.vagadeempregorj.com.br\\\/quais-sao-as-habilidades-mais-procuradas-pelos-recrutadores\\\/\",\"name\":\"Quais s\u00e3o as habilidades mais procuradas pelos recrutadores? -\",\"isPartOf\":{\"@id\":\"https:\\\/\\\/www.vagadeempregorj.com.br\\\/#website\"},\"primaryImageOfPage\":{\"@id\":\"https:\\\/\\\/www.vagadeempregorj.com.br\\\/quais-sao-as-habilidades-mais-procuradas-pelos-recrutadores\\\/#primaryimage\"},\"image\":{\"@id\":\"https:\\\/\\\/www.vagadeempregorj.com.br\\\/quais-sao-as-habilidades-mais-procuradas-pelos-recrutadores\\\/#primaryimage\"},\"thumbnailUrl\":\"https:\\\/\\\/www.vagadeempregorj.com.br\\\/wp-content\\\/uploads\\\/2025\\\/01\\\/image-14.png\",\"datePublished\":\"2025-01-24T09:00:00+00:00\",\"dateModified\":\"2025-06-15T17:30:31+00:00\",\"author\":{\"@id\":\"https:\\\/\\\/www.vagadeempregorj.com.br\\\/#\\\/schema\\\/person\\\/3ddb19fa0539706786e502152f3aae95\"},\"description\":\"Veja em Vagas de Emprego RJ as vagas de emprego com e sem experi\u00eancia no seu Estado e Regi\u00e3o!\",\"breadcrumb\":{\"@id\":\"https:\\\/\\\/www.vagadeempregorj.com.br\\\/quais-sao-as-habilidades-mais-procuradas-pelos-recrutadores\\\/#breadcrumb\"},\"inLanguage\":\"fr-FR\",\"potentialAction\":[{\"@type\":\"ReadAction\",\"target\":[\"https:\\\/\\\/www.vagadeempregorj.com.br\\\/quais-sao-as-habilidades-mais-procuradas-pelos-recrutadores\\\/\"]}]},{\"@type\":\"ImageObject\",\"inLanguage\":\"fr-FR\",\"@id\":\"https:\\\/\\\/www.vagadeempregorj.com.br\\\/quais-sao-as-habilidades-mais-procuradas-pelos-recrutadores\\\/#primaryimage\",\"url\":\"https:\\\/\\\/www.vagadeempregorj.com.br\\\/wp-content\\\/uploads\\\/2025\\\/01\\\/image-14.png\",\"contentUrl\":\"https:\\\/\\\/www.vagadeempregorj.com.br\\\/wp-content\\\/uploads\\\/2025\\\/01\\\/image-14.png\",\"width\":1125,\"height\":750},{\"@type\":\"BreadcrumbList\",\"@id\":\"https:\\\/\\\/www.vagadeempregorj.com.br\\\/quais-sao-as-habilidades-mais-procuradas-pelos-recrutadores\\\/#breadcrumb\",\"itemListElement\":[{\"@type\":\"ListItem\",\"position\":1,\"name\":\"In\u00edcio\",\"item\":\"https:\\\/\\\/www.vagadeempregorj.com.br\\\/\"},{\"@type\":\"ListItem\",\"position\":2,\"name\":\"Quais s\u00e3o as habilidades mais procuradas pelos recrutadores?\"}]},{\"@type\":\"WebSite\",\"@id\":\"https:\\\/\\\/www.vagadeempregorj.com.br\\\/#website\",\"url\":\"https:\\\/\\\/www.vagadeempregorj.com.br\\\/\",\"name\":\"\",\"description\":\"Conquiste Sonhos: Vagas, Benef\u00edcios e Economia para Transformar Vidas e Alcan\u00e7ar Melhorias Cotidianas\",\"potentialAction\":[{\"@type\":\"SearchAction\",\"target\":{\"@type\":\"EntryPoint\",\"urlTemplate\":\"https:\\\/\\\/www.vagadeempregorj.com.br\\\/?s={search_term_string}\"},\"query-input\":{\"@type\":\"PropertyValueSpecification\",\"valueRequired\":true,\"valueName\":\"search_term_string\"}}],\"inLanguage\":\"fr-FR\"},{\"@type\":\"Person\",\"@id\":\"https:\\\/\\\/www.vagadeempregorj.com.br\\\/#\\\/schema\\\/person\\\/3ddb19fa0539706786e502152f3aae95\",\"name\":\"Michele\",\"image\":{\"@type\":\"ImageObject\",\"inLanguage\":\"fr-FR\",\"@id\":\"https:\\\/\\\/secure.gravatar.com\\\/avatar\\\/6b0eb9d22841282815e2cd856a0061c45e1761cd54b22e952d98c4746939aa85?s=96&r=g\",\"url\":\"https:\\\/\\\/secure.gravatar.com\\\/avatar\\\/6b0eb9d22841282815e2cd856a0061c45e1761cd54b22e952d98c4746939aa85?s=96&r=g\",\"contentUrl\":\"https:\\\/\\\/secure.gravatar.com\\\/avatar\\\/6b0eb9d22841282815e2cd856a0061c45e1761cd54b22e952d98c4746939aa85?s=96&r=g\",\"caption\":\"Michele\"},\"description\":\"Formada em Letras - Portugu\u00eas\\\/ Ingl\u00eas, e idealizadora do site Escritora de Sucesso, busca expandir o conhecimento de todos com informa\u00e7\u00f5es relevantes sobre diversos assuntos, enquanto redatora. No Vaga de Emprego RJ, traz oportunidades e dicas sobre o mercado de trabalho.\",\"url\":\"https:\\\/\\\/www.vagadeempregorj.com.br\\\/fr\\\/author\\\/michele\\\/\"}]}<\/script>\n<!-- \/ Yoast SEO plugin. -->","yoast_head_json":{"title":"Quais s\u00e3o as habilidades mais procuradas pelos recrutadores? -","description":"Veja em Vagas de Emprego RJ as vagas de emprego com e sem experi\u00eancia no seu Estado e Regi\u00e3o!","robots":{"index":"index","follow":"follow","max-snippet":"max-snippet:-1","max-image-preview":"max-image-preview:large","max-video-preview":"max-video-preview:-1"},"canonical":"https:\/\/www.vagadeempregorj.com.br\/fr\/quais-sao-as-habilidades-mais-procuradas-pelos-recrutadores\/","og_locale":"fr_FR","og_type":"article","og_title":"Quais s\u00e3o as habilidades mais procuradas pelos recrutadores? -","og_description":"Veja em Vagas de Emprego RJ as vagas de emprego com e sem experi\u00eancia no seu Estado e Regi\u00e3o!","og_url":"https:\/\/www.vagadeempregorj.com.br\/fr\/quais-sao-as-habilidades-mais-procuradas-pelos-recrutadores\/","article_publisher":"https:\/\/www.facebook.com\/empregobrasiloficial","article_published_time":"2025-01-24T09:00:00+00:00","article_modified_time":"2025-06-15T17:30:31+00:00","og_image":[{"width":1125,"height":750,"url":"https:\/\/www.vagadeempregorj.com.br\/wp-content\/uploads\/2025\/01\/image-14.png","type":"image\/png"}],"author":"Michele","twitter_card":"summary_large_image","twitter_misc":{"Written by":"Michele","Est. reading time":"5 minutes"},"schema":{"@context":"https:\/\/schema.org","@graph":[{"@type":"Article","@id":"https:\/\/www.vagadeempregorj.com.br\/quais-sao-as-habilidades-mais-procuradas-pelos-recrutadores\/#article","isPartOf":{"@id":"https:\/\/www.vagadeempregorj.com.br\/quais-sao-as-habilidades-mais-procuradas-pelos-recrutadores\/"},"author":{"name":"Michele","@id":"https:\/\/www.vagadeempregorj.com.br\/#\/schema\/person\/3ddb19fa0539706786e502152f3aae95"},"headline":"Quais s\u00e3o as habilidades mais procuradas pelos recrutadores?","datePublished":"2025-01-24T09:00:00+00:00","dateModified":"2025-06-15T17:30:31+00:00","mainEntityOfPage":{"@id":"https:\/\/www.vagadeempregorj.com.br\/quais-sao-as-habilidades-mais-procuradas-pelos-recrutadores\/"},"wordCount":1001,"image":{"@id":"https:\/\/www.vagadeempregorj.com.br\/quais-sao-as-habilidades-mais-procuradas-pelos-recrutadores\/#primaryimage"},"thumbnailUrl":"https:\/\/www.vagadeempregorj.com.br\/wp-content\/uploads\/2025\/01\/image-14.png","articleSection":["Vagas de Emprego Nacionais"],"inLanguage":"fr-FR"},{"@type":"WebPage","@id":"https:\/\/www.vagadeempregorj.com.br\/quais-sao-as-habilidades-mais-procuradas-pelos-recrutadores\/","url":"https:\/\/www.vagadeempregorj.com.br\/quais-sao-as-habilidades-mais-procuradas-pelos-recrutadores\/","name":"Quais s\u00e3o as habilidades mais procuradas pelos recrutadores? -","isPartOf":{"@id":"https:\/\/www.vagadeempregorj.com.br\/#website"},"primaryImageOfPage":{"@id":"https:\/\/www.vagadeempregorj.com.br\/quais-sao-as-habilidades-mais-procuradas-pelos-recrutadores\/#primaryimage"},"image":{"@id":"https:\/\/www.vagadeempregorj.com.br\/quais-sao-as-habilidades-mais-procuradas-pelos-recrutadores\/#primaryimage"},"thumbnailUrl":"https:\/\/www.vagadeempregorj.com.br\/wp-content\/uploads\/2025\/01\/image-14.png","datePublished":"2025-01-24T09:00:00+00:00","dateModified":"2025-06-15T17:30:31+00:00","author":{"@id":"https:\/\/www.vagadeempregorj.com.br\/#\/schema\/person\/3ddb19fa0539706786e502152f3aae95"},"description":"Veja em Vagas de Emprego RJ as vagas de emprego com e sem experi\u00eancia no seu Estado e Regi\u00e3o!","breadcrumb":{"@id":"https:\/\/www.vagadeempregorj.com.br\/quais-sao-as-habilidades-mais-procuradas-pelos-recrutadores\/#breadcrumb"},"inLanguage":"fr-FR","potentialAction":[{"@type":"ReadAction","target":["https:\/\/www.vagadeempregorj.com.br\/quais-sao-as-habilidades-mais-procuradas-pelos-recrutadores\/"]}]},{"@type":"ImageObject","inLanguage":"fr-FR","@id":"https:\/\/www.vagadeempregorj.com.br\/quais-sao-as-habilidades-mais-procuradas-pelos-recrutadores\/#primaryimage","url":"https:\/\/www.vagadeempregorj.com.br\/wp-content\/uploads\/2025\/01\/image-14.png","contentUrl":"https:\/\/www.vagadeempregorj.com.br\/wp-content\/uploads\/2025\/01\/image-14.png","width":1125,"height":750},{"@type":"BreadcrumbList","@id":"https:\/\/www.vagadeempregorj.com.br\/quais-sao-as-habilidades-mais-procuradas-pelos-recrutadores\/#breadcrumb","itemListElement":[{"@type":"ListItem","position":1,"name":"In\u00edcio","item":"https:\/\/www.vagadeempregorj.com.br\/"},{"@type":"ListItem","position":2,"name":"Quais s\u00e3o as habilidades mais procuradas pelos recrutadores?"}]},{"@type":"WebSite","@id":"https:\/\/www.vagadeempregorj.com.br\/#website","url":"https:\/\/www.vagadeempregorj.com.br\/","name":"","description":"Conquiste Sonhos: Vagas, Benef\u00edcios e Economia para Transformar Vidas e Alcan\u00e7ar Melhorias Cotidianas","potentialAction":[{"@type":"SearchAction","target":{"@type":"EntryPoint","urlTemplate":"https:\/\/www.vagadeempregorj.com.br\/?s={search_term_string}"},"query-input":{"@type":"PropertyValueSpecification","valueRequired":true,"valueName":"search_term_string"}}],"inLanguage":"fr-FR"},{"@type":"Person","@id":"https:\/\/www.vagadeempregorj.com.br\/#\/schema\/person\/3ddb19fa0539706786e502152f3aae95","name":"Michele","image":{"@type":"ImageObject","inLanguage":"fr-FR","@id":"https:\/\/secure.gravatar.com\/avatar\/6b0eb9d22841282815e2cd856a0061c45e1761cd54b22e952d98c4746939aa85?s=96&r=g","url":"https:\/\/secure.gravatar.com\/avatar\/6b0eb9d22841282815e2cd856a0061c45e1761cd54b22e952d98c4746939aa85?s=96&r=g","contentUrl":"https:\/\/secure.gravatar.com\/avatar\/6b0eb9d22841282815e2cd856a0061c45e1761cd54b22e952d98c4746939aa85?s=96&r=g","caption":"Michele"},"description":"Formada em Letras - Portugu\u00eas\/ Ingl\u00eas, e idealizadora do site Escritora de Sucesso, busca expandir o conhecimento de todos com informa\u00e7\u00f5es relevantes sobre diversos assuntos, enquanto redatora. No Vaga de Emprego RJ, traz oportunidades e dicas sobre o mercado de trabalho.","url":"https:\/\/www.vagadeempregorj.com.br\/fr\/author\/michele\/"}]}},"_links":{"self":[{"href":"https:\/\/www.vagadeempregorj.com.br\/fr\/wp-json\/wp\/v2\/posts\/42140","targetHints":{"allow":["GET"]}}],"collection":[{"href":"https:\/\/www.vagadeempregorj.com.br\/fr\/wp-json\/wp\/v2\/posts"}],"about":[{"href":"https:\/\/www.vagadeempregorj.com.br\/fr\/wp-json\/wp\/v2\/types\/post"}],"author":[{"embeddable":true,"href":"https:\/\/www.vagadeempregorj.com.br\/fr\/wp-json\/wp\/v2\/users\/16"}],"replies":[{"embeddable":true,"href":"https:\/\/www.vagadeempregorj.com.br\/fr\/wp-json\/wp\/v2\/comments?post=42140"}],"version-history":[{"count":1,"href":"https:\/\/www.vagadeempregorj.com.br\/fr\/wp-json\/wp\/v2\/posts\/42140\/revisions"}],"predecessor-version":[{"id":43547,"href":"https:\/\/www.vagadeempregorj.com.br\/fr\/wp-json\/wp\/v2\/posts\/42140\/revisions\/43547"}],"wp:featuredmedia":[{"embeddable":true,"href":"https:\/\/www.vagadeempregorj.com.br\/fr\/wp-json\/wp\/v2\/media\/42156"}],"wp:attachment":[{"href":"https:\/\/www.vagadeempregorj.com.br\/fr\/wp-json\/wp\/v2\/media?parent=42140"}],"wp:term":[{"taxonomy":"category","embeddable":true,"href":"https:\/\/www.vagadeempregorj.com.br\/fr\/wp-json\/wp\/v2\/categories?post=42140"},{"taxonomy":"post_tag","embeddable":true,"href":"https:\/\/www.vagadeempregorj.com.br\/fr\/wp-json\/wp\/v2\/tags?post=42140"}],"curies":[{"name":"wp","href":"https:\/\/api.w.org\/{rel}","templated":true}]}}