{"id":42324,"date":"2025-01-29T09:20:01","date_gmt":"2025-01-29T12:20:01","guid":{"rendered":"https:\/\/www.vagadeempregorj.com.br\/?p=42324"},"modified":"2025-06-15T14:46:34","modified_gmt":"2025-06-15T17:46:34","slug":"mec-especializacoes-formacao-professores","status":"publish","type":"post","link":"https:\/\/www.vagadeempregorj.com.br\/fr\/mec-especializacoes-formacao-professores\/","title":{"rendered":"MEC lan\u00e7a especializa\u00e7\u00f5es para forma\u00e7\u00e3o de professores"},"content":{"rendered":"<p class=\"has-medium-font-size\">O Minist\u00e9rio da Educa\u00e7\u00e3o (MEC) anunciou novas especializa\u00e7\u00f5es para forma\u00e7\u00e3o de professores, buscando aprimorar a qualidade do ensino no Brasil. Com um investimento de R$ 42,3 milh\u00f5es, o programa prev\u00ea cerca de 40 mil vagas em diversas \u00e1reas essenciais para a educa\u00e7\u00e3o b\u00e1sica. Essa iniciativa faz parte do programa Mais Professores para o Brasil e tem o objetivo de fortalecer a capacita\u00e7\u00e3o dos docentes que atuam nas redes p\u00fablicas de ensino. Entre os cursos oferecidos, destacam-se as especializa\u00e7\u00f5es em alfabetiza\u00e7\u00e3o, matem\u00e1tica, educa\u00e7\u00e3o infantil e educa\u00e7\u00e3o digital.<\/p>\n\n\n\n<h2 class=\"wp-block-heading\">Especializa\u00e7\u00f5es em Alfabetiza\u00e7\u00e3o<\/h2>\n\n\n\n<p class=\"has-medium-font-size\">Os cursos de especializa\u00e7\u00e3o em alfabetiza\u00e7\u00e3o t\u00eam o prop\u00f3sito de formar profissionais qualificados para aplicar pr\u00e1ticas inovadoras no processo de ensino. O primeiro curso \u00e9 voltado para o 1\u00ba e 2\u00ba ano do ensino fundamental, promovendo a alfabetiza\u00e7\u00e3o plena das crian\u00e7as. Esse processo est\u00e1 alinhado \u00e0s diretrizes do Compromisso Nacional Crian\u00e7a Alfabetizada e \u00e0 Base Nacional Comum Curricular (BNCC), que estabelece a alfabetiza\u00e7\u00e3o at\u00e9 o final do 2\u00ba ano.<\/p>\n\n\n\n<p class=\"has-medium-font-size\">J\u00e1 o segundo curso, direcionado ao 3\u00ba ao 5\u00ba ano do ensino fundamental, busca consolidar o aprendizado da alfabetiza\u00e7\u00e3o e auxiliar na recomposi\u00e7\u00e3o das aprendizagens dessa etapa. Al\u00e9m disso, pretende capacitar os professores para desenvolver abordagens mais eficazes no ensino e na aprendizagem.<\/p>\n\n\n\n<h2 class=\"wp-block-heading\">Especializa\u00e7\u00f5es em Matem\u00e1tica<\/h2>\n\n\n\n<p class=\"has-medium-font-size\">As especializa\u00e7\u00f5es em matem\u00e1tica t\u00eam um papel fundamental na melhoria dos \u00edndices de desempenho dos alunos. Dados do Sistema de Avalia\u00e7\u00e3o da Educa\u00e7\u00e3o B\u00e1sica (Saeb) mostram que h\u00e1 desafios significativos no ensino da disciplina. Para enfrentar essa quest\u00e3o, os cursos foram estruturados para os anos iniciais e finais do ensino fundamental.<\/p>\n\n\n\n<p class=\"has-medium-font-size\">O foco dessas especializa\u00e7\u00f5es est\u00e1 no desenvolvimento de metodologias inovadoras que tornem o ensino mais acess\u00edvel e eficaz. O objetivo \u00e9 capacitar os professores para que promovam uma aprendizagem significativa, reduzindo as dificuldades enfrentadas pelos estudantes na disciplina.<\/p>\n\n\n\n<h2 class=\"wp-block-heading\">Especializa\u00e7\u00e3o em Educa\u00e7\u00e3o Infantil<\/h2>\n\n\n\n<p class=\"has-medium-font-size\">Com 3.000 vagas distribu\u00eddas em diversas universidades federais, a especializa\u00e7\u00e3o em doc\u00eancia na educa\u00e7\u00e3o infantil visa qualificar os professores que atuam com crian\u00e7as pequenas. Esse curso aborda aspectos fundamentais do desenvolvimento infantil, auxiliando na implementa\u00e7\u00e3o de pr\u00e1ticas pedag\u00f3gicas mais adequadas para essa fase.<\/p>\n\n\n\n<p class=\"has-medium-font-size\">O investimento na capacita\u00e7\u00e3o de profissionais da educa\u00e7\u00e3o infantil refor\u00e7a o compromisso do MEC com o aprimoramento das pr\u00e1ticas de ensino e o desenvolvimento das crian\u00e7as desde os primeiros anos de vida.<\/p>\n\n\n\n<h2 class=\"wp-block-heading\">Especializa\u00e7\u00e3o em Educa\u00e7\u00e3o Digital<\/h2>\n\n\n\n<p class=\"has-medium-font-size\">A tecnologia tem papel essencial na educa\u00e7\u00e3o contempor\u00e2nea, e o MEC, por meio da Estrat\u00e9gia Nacional Escolas Conectadas, oferecer\u00e1 a Especializa\u00e7\u00e3o em Educa\u00e7\u00e3o Digital e Inova\u00e7\u00e3o Pedag\u00f3gica na Educa\u00e7\u00e3o B\u00e1sica. Com 5.500 vagas dispon\u00edveis, essa forma\u00e7\u00e3o tem como objetivo capacitar profissionais para o uso eficiente das tecnologias digitais no ensino.<\/p>\n\n\n\n<p class=\"has-medium-font-size\">A proposta do curso \u00e9 ensinar estrat\u00e9gias inovadoras que favore\u00e7am a inclus\u00e3o digital e o uso pedag\u00f3gico de novas ferramentas no ambiente escolar. A forma\u00e7\u00e3o ser\u00e1 realizada em parceria com universidades de diversas regi\u00f5es do pa\u00eds.<\/p>\n\n\n\n<h2 class=\"wp-block-heading\">Impacto das Especializa\u00e7\u00f5es<\/h2>\n\n\n\n<p class=\"has-medium-font-size\">A oferta dessas especializa\u00e7\u00f5es, portanto, refor\u00e7a o compromisso do MEC com a valoriza\u00e7\u00e3o dos professores e a melhoria do ensino no Brasil. Al\u00e9m disso, ao capacitar os docentes, o governo busca n\u00e3o apenas fortalecer a qualidade do aprendizado, mas tamb\u00e9m garantir que os alunos tenham acesso a uma educa\u00e7\u00e3o mais eficaz.<\/p>\n\n\n\n<p class=\"has-medium-font-size\">Os cursos t\u00eam como diferencial uma abordagem inovadora, com metodologias ativas e foco na forma\u00e7\u00e3o continuada dos professores. Al\u00e9m disso, as especializa\u00e7\u00f5es fazem parte de um conjunto de a\u00e7\u00f5es do programa Mais Professores para o Brasil, que prev\u00ea iniciativas voltadas \u00e0 valoriza\u00e7\u00e3o docente e ao fortalecimento da forma\u00e7\u00e3o profissional.<\/p>\n\n\n\n<h2 class=\"wp-block-heading\">Conclus\u00e3o<\/h2>\n\n\n\n<p class=\"has-medium-font-size\">As especializa\u00e7\u00f5es oferecidas pelo MEC, portanto, representam um passo importante na melhoria da educa\u00e7\u00e3o p\u00fablica brasileira. Al\u00e9m disso, ao investir na forma\u00e7\u00e3o dos professores, o governo contribui significativamente para a constru\u00e7\u00e3o de um sistema educacional mais qualificado e, consequentemente, mais preparado para os desafios atuais.<\/p>\n\n\n\n<p class=\"has-medium-font-size\">Com foco em alfabetiza\u00e7\u00e3o, matem\u00e1tica, educa\u00e7\u00e3o infantil e educa\u00e7\u00e3o digital, essas forma\u00e7\u00f5es t\u00eam potencial para transformar a pr\u00e1tica pedag\u00f3gica e elevar os n\u00edveis de aprendizagem dos estudantes. Assim, o programa Mais Professores para o Brasil se consolida como uma iniciativa relevante para o fortalecimento do ensino e a valoriza\u00e7\u00e3o dos docentes.<\/p>\n\n\n\n<hr class=\"wp-block-separator has-alpha-channel-opacity\"\/>\n\n\n\n<p class=\"has-medium-font-size\"><a href=\"https:\/\/www.vagadeempregorj.com.br\/fr\/cursos\/\">Para mais informa\u00e7\u00f5es sobre forma\u00e7\u00e3o docente, acesse o portal do MEC.<\/a><\/p>","protected":false},"excerpt":{"rendered":"<p>O Minist\u00e9rio da Educa\u00e7\u00e3o (MEC) anunciou novas especializa\u00e7\u00f5es para forma\u00e7\u00e3o de professores, buscando aprimorar a qualidade do ensino no Brasil. Com um investimento de R$ 42,3 milh\u00f5es, o programa prev\u00ea cerca de 40 mil vagas em diversas \u00e1reas essenciais para a educa\u00e7\u00e3o b\u00e1sica. Essa iniciativa faz parte do programa Mais Professores para o Brasil e&hellip;&nbsp;<\/p>","protected":false},"author":1,"featured_media":42325,"comment_status":"closed","ping_status":"closed","sticky":false,"template":"","format":"standard","meta":{"neve_meta_sidebar":"","neve_meta_container":"","neve_meta_enable_content_width":"","neve_meta_content_width":0,"neve_meta_title_alignment":"","neve_meta_author_avatar":"","neve_post_elements_order":"","neve_meta_disable_header":"","neve_meta_disable_footer":"","neve_meta_disable_title":"","footnotes":""},"categories":[703],"tags":[970,967,969,968,966],"class_list":["post-42324","post","type-post","status-publish","format-standard","has-post-thumbnail","hentry","category-informacao-tecnologica-e-curiosidades","tag-alfabetizacao","tag-educacao-basica","tag-especializacao-para-professores","tag-formacao-docente","tag-mec"],"yoast_head":"<!-- This site is optimized with the Yoast SEO plugin v27.5 - https:\/\/yoast.com\/product\/yoast-seo-wordpress\/ -->\n<title>MEC lan\u00e7a especializa\u00e7\u00f5es para forma\u00e7\u00e3o de professores -<\/title>\n<meta name=\"description\" content=\"O MEC lan\u00e7a especializa\u00e7\u00f5es para forma\u00e7\u00e3o de professores, oferecendo 40 mil vagas em \u00e1reas como alfabetiza\u00e7\u00e3o e matem\u00e1tica.\" \/>\n<meta name=\"robots\" content=\"index, follow, max-snippet:-1, max-image-preview:large, max-video-preview:-1\" \/>\n<link rel=\"canonical\" href=\"https:\/\/www.vagadeempregorj.com.br\/fr\/mec-especializacoes-formacao-professores\/\" \/>\n<meta property=\"og:locale\" content=\"fr_FR\" \/>\n<meta property=\"og:type\" content=\"article\" \/>\n<meta property=\"og:title\" content=\"MEC lan\u00e7a especializa\u00e7\u00f5es para forma\u00e7\u00e3o de professores -\" \/>\n<meta property=\"og:description\" content=\"O MEC lan\u00e7a especializa\u00e7\u00f5es para forma\u00e7\u00e3o de professores, oferecendo 40 mil vagas em \u00e1reas como alfabetiza\u00e7\u00e3o e matem\u00e1tica.\" \/>\n<meta property=\"og:url\" content=\"https:\/\/www.vagadeempregorj.com.br\/fr\/mec-especializacoes-formacao-professores\/\" \/>\n<meta property=\"article:publisher\" content=\"https:\/\/www.facebook.com\/empregobrasiloficial\" \/>\n<meta property=\"article:published_time\" content=\"2025-01-29T12:20:01+00:00\" \/>\n<meta property=\"article:modified_time\" content=\"2025-06-15T17:46:34+00:00\" \/>\n<meta property=\"og:image\" content=\"https:\/\/www.vagadeempregorj.com.br\/wp-content\/uploads\/2025\/01\/Especializacoes-para-professores.png\" \/>\n\t<meta property=\"og:image:width\" content=\"768\" \/>\n\t<meta property=\"og:image:height\" content=\"434\" \/>\n\t<meta property=\"og:image:type\" content=\"image\/png\" \/>\n<meta name=\"author\" content=\"Ana B.\" \/>\n<meta name=\"twitter:card\" content=\"summary_large_image\" \/>\n<meta name=\"twitter:label1\" content=\"Written by\" \/>\n\t<meta name=\"twitter:data1\" content=\"Ana B.\" \/>\n\t<meta name=\"twitter:label2\" content=\"Est. reading time\" \/>\n\t<meta name=\"twitter:data2\" content=\"4 minutes\" \/>\n<script type=\"application\/ld+json\" class=\"yoast-schema-graph\">{\"@context\":\"https:\\\/\\\/schema.org\",\"@graph\":[{\"@type\":\"Article\",\"@id\":\"https:\\\/\\\/www.vagadeempregorj.com.br\\\/mec-especializacoes-formacao-professores\\\/#article\",\"isPartOf\":{\"@id\":\"https:\\\/\\\/www.vagadeempregorj.com.br\\\/mec-especializacoes-formacao-professores\\\/\"},\"author\":{\"name\":\"Ana B.\",\"@id\":\"https:\\\/\\\/www.vagadeempregorj.com.br\\\/#\\\/schema\\\/person\\\/c0c38d5d765e86c3b7c8f12fb1ae6477\"},\"headline\":\"MEC lan\u00e7a especializa\u00e7\u00f5es para forma\u00e7\u00e3o de professores\",\"datePublished\":\"2025-01-29T12:20:01+00:00\",\"dateModified\":\"2025-06-15T17:46:34+00:00\",\"mainEntityOfPage\":{\"@id\":\"https:\\\/\\\/www.vagadeempregorj.com.br\\\/mec-especializacoes-formacao-professores\\\/\"},\"wordCount\":777,\"image\":{\"@id\":\"https:\\\/\\\/www.vagadeempregorj.com.br\\\/mec-especializacoes-formacao-professores\\\/#primaryimage\"},\"thumbnailUrl\":\"https:\\\/\\\/www.vagadeempregorj.com.br\\\/wp-content\\\/uploads\\\/2025\\\/01\\\/Especializacoes-para-professores.png\",\"keywords\":[\"alfabetiza\u00e7\u00e3o\",\"educa\u00e7\u00e3o b\u00e1sica\",\"especializa\u00e7\u00e3o para professores\",\"forma\u00e7\u00e3o docente\",\"MEC\"],\"articleSection\":[\"Informa\u00e7\u00e3o Tecnol\u00f3gica, Curiosidades e Cursos\"],\"inLanguage\":\"fr-FR\"},{\"@type\":\"WebPage\",\"@id\":\"https:\\\/\\\/www.vagadeempregorj.com.br\\\/mec-especializacoes-formacao-professores\\\/\",\"url\":\"https:\\\/\\\/www.vagadeempregorj.com.br\\\/mec-especializacoes-formacao-professores\\\/\",\"name\":\"MEC lan\u00e7a especializa\u00e7\u00f5es para forma\u00e7\u00e3o de professores -\",\"isPartOf\":{\"@id\":\"https:\\\/\\\/www.vagadeempregorj.com.br\\\/#website\"},\"primaryImageOfPage\":{\"@id\":\"https:\\\/\\\/www.vagadeempregorj.com.br\\\/mec-especializacoes-formacao-professores\\\/#primaryimage\"},\"image\":{\"@id\":\"https:\\\/\\\/www.vagadeempregorj.com.br\\\/mec-especializacoes-formacao-professores\\\/#primaryimage\"},\"thumbnailUrl\":\"https:\\\/\\\/www.vagadeempregorj.com.br\\\/wp-content\\\/uploads\\\/2025\\\/01\\\/Especializacoes-para-professores.png\",\"datePublished\":\"2025-01-29T12:20:01+00:00\",\"dateModified\":\"2025-06-15T17:46:34+00:00\",\"author\":{\"@id\":\"https:\\\/\\\/www.vagadeempregorj.com.br\\\/#\\\/schema\\\/person\\\/c0c38d5d765e86c3b7c8f12fb1ae6477\"},\"description\":\"O MEC lan\u00e7a especializa\u00e7\u00f5es para forma\u00e7\u00e3o de professores, oferecendo 40 mil vagas em \u00e1reas como alfabetiza\u00e7\u00e3o e matem\u00e1tica.\",\"breadcrumb\":{\"@id\":\"https:\\\/\\\/www.vagadeempregorj.com.br\\\/mec-especializacoes-formacao-professores\\\/#breadcrumb\"},\"inLanguage\":\"fr-FR\",\"potentialAction\":[{\"@type\":\"ReadAction\",\"target\":[\"https:\\\/\\\/www.vagadeempregorj.com.br\\\/mec-especializacoes-formacao-professores\\\/\"]}]},{\"@type\":\"ImageObject\",\"inLanguage\":\"fr-FR\",\"@id\":\"https:\\\/\\\/www.vagadeempregorj.com.br\\\/mec-especializacoes-formacao-professores\\\/#primaryimage\",\"url\":\"https:\\\/\\\/www.vagadeempregorj.com.br\\\/wp-content\\\/uploads\\\/2025\\\/01\\\/Especializacoes-para-professores.png\",\"contentUrl\":\"https:\\\/\\\/www.vagadeempregorj.com.br\\\/wp-content\\\/uploads\\\/2025\\\/01\\\/Especializacoes-para-professores.png\",\"width\":768,\"height\":434,\"caption\":\"Especializa\u00e7\u00f5es para professores\"},{\"@type\":\"BreadcrumbList\",\"@id\":\"https:\\\/\\\/www.vagadeempregorj.com.br\\\/mec-especializacoes-formacao-professores\\\/#breadcrumb\",\"itemListElement\":[{\"@type\":\"ListItem\",\"position\":1,\"name\":\"In\u00edcio\",\"item\":\"https:\\\/\\\/www.vagadeempregorj.com.br\\\/\"},{\"@type\":\"ListItem\",\"position\":2,\"name\":\"MEC lan\u00e7a especializa\u00e7\u00f5es para forma\u00e7\u00e3o de professores\"}]},{\"@type\":\"WebSite\",\"@id\":\"https:\\\/\\\/www.vagadeempregorj.com.br\\\/#website\",\"url\":\"https:\\\/\\\/www.vagadeempregorj.com.br\\\/\",\"name\":\"\",\"description\":\"Conquiste Sonhos: Vagas, Benef\u00edcios e Economia para Transformar Vidas e Alcan\u00e7ar Melhorias Cotidianas\",\"potentialAction\":[{\"@type\":\"SearchAction\",\"target\":{\"@type\":\"EntryPoint\",\"urlTemplate\":\"https:\\\/\\\/www.vagadeempregorj.com.br\\\/?s={search_term_string}\"},\"query-input\":{\"@type\":\"PropertyValueSpecification\",\"valueRequired\":true,\"valueName\":\"search_term_string\"}}],\"inLanguage\":\"fr-FR\"},{\"@type\":\"Person\",\"@id\":\"https:\\\/\\\/www.vagadeempregorj.com.br\\\/#\\\/schema\\\/person\\\/c0c38d5d765e86c3b7c8f12fb1ae6477\",\"name\":\"Ana B.\",\"image\":{\"@type\":\"ImageObject\",\"inLanguage\":\"fr-FR\",\"@id\":\"https:\\\/\\\/secure.gravatar.com\\\/avatar\\\/f5efa58599e07f8dd92f26c7cfbc442fd115582bc681245452e503c2ef2334f3?s=96&r=g\",\"url\":\"https:\\\/\\\/secure.gravatar.com\\\/avatar\\\/f5efa58599e07f8dd92f26c7cfbc442fd115582bc681245452e503c2ef2334f3?s=96&r=g\",\"contentUrl\":\"https:\\\/\\\/secure.gravatar.com\\\/avatar\\\/f5efa58599e07f8dd92f26c7cfbc442fd115582bc681245452e503c2ef2334f3?s=96&r=g\",\"caption\":\"Ana B.\"},\"description\":\"Meu nome \u00e9 Ana e sou apaixonada em escrever. Dedico meu tempo escrevendo not\u00edcias e vagas de emprego diariamente no portal Vaga de Emprego RJ.\",\"url\":\"https:\\\/\\\/www.vagadeempregorj.com.br\\\/fr\\\/author\\\/vgrj\\\/\"}]}<\/script>\n<!-- \/ Yoast SEO plugin. -->","yoast_head_json":{"title":"MEC lan\u00e7a especializa\u00e7\u00f5es para forma\u00e7\u00e3o de professores -","description":"O MEC lan\u00e7a especializa\u00e7\u00f5es para forma\u00e7\u00e3o de professores, oferecendo 40 mil vagas em \u00e1reas como alfabetiza\u00e7\u00e3o e matem\u00e1tica.","robots":{"index":"index","follow":"follow","max-snippet":"max-snippet:-1","max-image-preview":"max-image-preview:large","max-video-preview":"max-video-preview:-1"},"canonical":"https:\/\/www.vagadeempregorj.com.br\/fr\/mec-especializacoes-formacao-professores\/","og_locale":"fr_FR","og_type":"article","og_title":"MEC lan\u00e7a especializa\u00e7\u00f5es para forma\u00e7\u00e3o de professores -","og_description":"O MEC lan\u00e7a especializa\u00e7\u00f5es para forma\u00e7\u00e3o de professores, oferecendo 40 mil vagas em \u00e1reas como alfabetiza\u00e7\u00e3o e matem\u00e1tica.","og_url":"https:\/\/www.vagadeempregorj.com.br\/fr\/mec-especializacoes-formacao-professores\/","article_publisher":"https:\/\/www.facebook.com\/empregobrasiloficial","article_published_time":"2025-01-29T12:20:01+00:00","article_modified_time":"2025-06-15T17:46:34+00:00","og_image":[{"width":768,"height":434,"url":"https:\/\/www.vagadeempregorj.com.br\/wp-content\/uploads\/2025\/01\/Especializacoes-para-professores.png","type":"image\/png"}],"author":"Ana B.","twitter_card":"summary_large_image","twitter_misc":{"Written by":"Ana B.","Est. reading time":"4 minutes"},"schema":{"@context":"https:\/\/schema.org","@graph":[{"@type":"Article","@id":"https:\/\/www.vagadeempregorj.com.br\/mec-especializacoes-formacao-professores\/#article","isPartOf":{"@id":"https:\/\/www.vagadeempregorj.com.br\/mec-especializacoes-formacao-professores\/"},"author":{"name":"Ana B.","@id":"https:\/\/www.vagadeempregorj.com.br\/#\/schema\/person\/c0c38d5d765e86c3b7c8f12fb1ae6477"},"headline":"MEC lan\u00e7a especializa\u00e7\u00f5es para forma\u00e7\u00e3o de professores","datePublished":"2025-01-29T12:20:01+00:00","dateModified":"2025-06-15T17:46:34+00:00","mainEntityOfPage":{"@id":"https:\/\/www.vagadeempregorj.com.br\/mec-especializacoes-formacao-professores\/"},"wordCount":777,"image":{"@id":"https:\/\/www.vagadeempregorj.com.br\/mec-especializacoes-formacao-professores\/#primaryimage"},"thumbnailUrl":"https:\/\/www.vagadeempregorj.com.br\/wp-content\/uploads\/2025\/01\/Especializacoes-para-professores.png","keywords":["alfabetiza\u00e7\u00e3o","educa\u00e7\u00e3o b\u00e1sica","especializa\u00e7\u00e3o para professores","forma\u00e7\u00e3o docente","MEC"],"articleSection":["Informa\u00e7\u00e3o Tecnol\u00f3gica, Curiosidades e Cursos"],"inLanguage":"fr-FR"},{"@type":"WebPage","@id":"https:\/\/www.vagadeempregorj.com.br\/mec-especializacoes-formacao-professores\/","url":"https:\/\/www.vagadeempregorj.com.br\/mec-especializacoes-formacao-professores\/","name":"MEC lan\u00e7a especializa\u00e7\u00f5es para forma\u00e7\u00e3o de professores -","isPartOf":{"@id":"https:\/\/www.vagadeempregorj.com.br\/#website"},"primaryImageOfPage":{"@id":"https:\/\/www.vagadeempregorj.com.br\/mec-especializacoes-formacao-professores\/#primaryimage"},"image":{"@id":"https:\/\/www.vagadeempregorj.com.br\/mec-especializacoes-formacao-professores\/#primaryimage"},"thumbnailUrl":"https:\/\/www.vagadeempregorj.com.br\/wp-content\/uploads\/2025\/01\/Especializacoes-para-professores.png","datePublished":"2025-01-29T12:20:01+00:00","dateModified":"2025-06-15T17:46:34+00:00","author":{"@id":"https:\/\/www.vagadeempregorj.com.br\/#\/schema\/person\/c0c38d5d765e86c3b7c8f12fb1ae6477"},"description":"O MEC lan\u00e7a especializa\u00e7\u00f5es para forma\u00e7\u00e3o de professores, oferecendo 40 mil vagas em \u00e1reas como alfabetiza\u00e7\u00e3o e matem\u00e1tica.","breadcrumb":{"@id":"https:\/\/www.vagadeempregorj.com.br\/mec-especializacoes-formacao-professores\/#breadcrumb"},"inLanguage":"fr-FR","potentialAction":[{"@type":"ReadAction","target":["https:\/\/www.vagadeempregorj.com.br\/mec-especializacoes-formacao-professores\/"]}]},{"@type":"ImageObject","inLanguage":"fr-FR","@id":"https:\/\/www.vagadeempregorj.com.br\/mec-especializacoes-formacao-professores\/#primaryimage","url":"https:\/\/www.vagadeempregorj.com.br\/wp-content\/uploads\/2025\/01\/Especializacoes-para-professores.png","contentUrl":"https:\/\/www.vagadeempregorj.com.br\/wp-content\/uploads\/2025\/01\/Especializacoes-para-professores.png","width":768,"height":434,"caption":"Especializa\u00e7\u00f5es para professores"},{"@type":"BreadcrumbList","@id":"https:\/\/www.vagadeempregorj.com.br\/mec-especializacoes-formacao-professores\/#breadcrumb","itemListElement":[{"@type":"ListItem","position":1,"name":"In\u00edcio","item":"https:\/\/www.vagadeempregorj.com.br\/"},{"@type":"ListItem","position":2,"name":"MEC lan\u00e7a especializa\u00e7\u00f5es para forma\u00e7\u00e3o de professores"}]},{"@type":"WebSite","@id":"https:\/\/www.vagadeempregorj.com.br\/#website","url":"https:\/\/www.vagadeempregorj.com.br\/","name":"","description":"Conquiste Sonhos: Vagas, Benef\u00edcios e Economia para Transformar Vidas e Alcan\u00e7ar Melhorias Cotidianas","potentialAction":[{"@type":"SearchAction","target":{"@type":"EntryPoint","urlTemplate":"https:\/\/www.vagadeempregorj.com.br\/?s={search_term_string}"},"query-input":{"@type":"PropertyValueSpecification","valueRequired":true,"valueName":"search_term_string"}}],"inLanguage":"fr-FR"},{"@type":"Person","@id":"https:\/\/www.vagadeempregorj.com.br\/#\/schema\/person\/c0c38d5d765e86c3b7c8f12fb1ae6477","name":"Ana B.","image":{"@type":"ImageObject","inLanguage":"fr-FR","@id":"https:\/\/secure.gravatar.com\/avatar\/f5efa58599e07f8dd92f26c7cfbc442fd115582bc681245452e503c2ef2334f3?s=96&r=g","url":"https:\/\/secure.gravatar.com\/avatar\/f5efa58599e07f8dd92f26c7cfbc442fd115582bc681245452e503c2ef2334f3?s=96&r=g","contentUrl":"https:\/\/secure.gravatar.com\/avatar\/f5efa58599e07f8dd92f26c7cfbc442fd115582bc681245452e503c2ef2334f3?s=96&r=g","caption":"Ana B."},"description":"Meu nome \u00e9 Ana e sou apaixonada em escrever. Dedico meu tempo escrevendo not\u00edcias e vagas de emprego diariamente no portal Vaga de Emprego RJ.","url":"https:\/\/www.vagadeempregorj.com.br\/fr\/author\/vgrj\/"}]}},"_links":{"self":[{"href":"https:\/\/www.vagadeempregorj.com.br\/fr\/wp-json\/wp\/v2\/posts\/42324","targetHints":{"allow":["GET"]}}],"collection":[{"href":"https:\/\/www.vagadeempregorj.com.br\/fr\/wp-json\/wp\/v2\/posts"}],"about":[{"href":"https:\/\/www.vagadeempregorj.com.br\/fr\/wp-json\/wp\/v2\/types\/post"}],"author":[{"embeddable":true,"href":"https:\/\/www.vagadeempregorj.com.br\/fr\/wp-json\/wp\/v2\/users\/1"}],"replies":[{"embeddable":true,"href":"https:\/\/www.vagadeempregorj.com.br\/fr\/wp-json\/wp\/v2\/comments?post=42324"}],"version-history":[{"count":1,"href":"https:\/\/www.vagadeempregorj.com.br\/fr\/wp-json\/wp\/v2\/posts\/42324\/revisions"}],"predecessor-version":[{"id":43611,"href":"https:\/\/www.vagadeempregorj.com.br\/fr\/wp-json\/wp\/v2\/posts\/42324\/revisions\/43611"}],"wp:featuredmedia":[{"embeddable":true,"href":"https:\/\/www.vagadeempregorj.com.br\/fr\/wp-json\/wp\/v2\/media\/42325"}],"wp:attachment":[{"href":"https:\/\/www.vagadeempregorj.com.br\/fr\/wp-json\/wp\/v2\/media?parent=42324"}],"wp:term":[{"taxonomy":"category","embeddable":true,"href":"https:\/\/www.vagadeempregorj.com.br\/fr\/wp-json\/wp\/v2\/categories?post=42324"},{"taxonomy":"post_tag","embeddable":true,"href":"https:\/\/www.vagadeempregorj.com.br\/fr\/wp-json\/wp\/v2\/tags?post=42324"}],"curies":[{"name":"wp","href":"https:\/\/api.w.org\/{rel}","templated":true}]}}