{"id":42327,"date":"2025-01-29T14:54:03","date_gmt":"2025-01-29T17:54:03","guid":{"rendered":"https:\/\/www.vagadeempregorj.com.br\/?p=42327"},"modified":"2025-03-16T17:09:48","modified_gmt":"2025-03-16T20:09:48","slug":"pratica-continua-desenvolvimento-constante","status":"publish","type":"post","link":"https:\/\/www.vagadeempregorj.com.br\/fr\/pratica-continua-desenvolvimento-constante\/","title":{"rendered":"Pr\u00e1tica Cont\u00ednua: O Caminho para o Desenvolvimento Constante"},"content":{"rendered":"<p class=\"has-medium-font-size\">A busca pelo aprimoramento constante \u00e9 essencial para o crescimento pessoal e profissional. A pr\u00e1tica cont\u00ednua permite aprender, adaptar-se e evoluir. Ao manter um compromisso com a melhoria constante, \u00e9 poss\u00edvel alcan\u00e7ar melhores resultados e superar desafios di\u00e1rios. Esse processo envolve disciplina, estrat\u00e9gia e dedica\u00e7\u00e3o para transformar habilidades em pontos fortes.<\/p>\n\n\n\n<h2 class=\"wp-block-heading\">O que \u00e9 a pr\u00e1tica cont\u00ednua?<\/h2>\n\n\n\n<p class=\"has-medium-font-size\">A pr\u00e1tica cont\u00ednua \u00e9 um processo ativo de aprendizado e desenvolvimento. N\u00e3o se trata apenas de repetir tarefas, mas de buscar formas de aperfei\u00e7oamento. Esse m\u00e9todo envolve disciplina, adapta\u00e7\u00e3o e o uso de estrat\u00e9gias para melhorar habilidades de maneira progressiva. A cada novo aprendizado, o c\u00e9rebro fortalece conex\u00f5es neurais, tornando o conhecimento mais acess\u00edvel e eficiente para o dia a dia.<\/p>\n\n\n\n<h2 class=\"wp-block-heading\">Benef\u00edcios da pr\u00e1tica cont\u00ednua<\/h2>\n\n\n\n<h3 class=\"wp-block-heading\">Melhora do desempenho<\/h3>\n\n\n\n<p class=\"has-medium-font-size\">A repeti\u00e7\u00e3o estruturada fortalece conex\u00f5es cerebrais, tornando as habilidades mais eficientes. Com isso, processos tornam-se mais autom\u00e1ticos e produtivos. O aprimoramento constante permite que as tarefas sejam executadas com maior fluidez e menos esfor\u00e7o cognitivo.<\/p>\n\n\n\n<h3 class=\"wp-block-heading\">Aumento da confian\u00e7a<\/h3>\n\n\n\n<p class=\"has-medium-font-size\">Com o desenvolvimento de novas compet\u00eancias, a seguran\u00e7a ao execut\u00e1-las cresce. Isso permite enfrentar desafios com mais determina\u00e7\u00e3o. A experi\u00eancia adquirida ao longo do tempo reduz a ansiedade e melhora a capacidade de tomar decis\u00f5es assertivas.<\/p>\n\n\n\n<h3 class=\"wp-block-heading\">Est\u00edmulo \u00e0 criatividade<\/h3>\n\n\n\n<p class=\"has-medium-font-size\">Ao exercitar constantemente a mente, novas solu\u00e7\u00f5es surgem. A criatividade se expande, favorecendo a inova\u00e7\u00e3o. O aprendizado cont\u00ednuo ajuda a enxergar problemas sob diferentes perspectivas, o que contribui para solu\u00e7\u00f5es mais eficazes e inovadoras.<\/p>\n\n\n\n<h3 class=\"wp-block-heading\">Crescimento pessoal<\/h3>\n\n\n\n<p class=\"has-medium-font-size\">Expandir conhecimentos gera amadurecimento. Quanto mais aprendemos, mais preparados ficamos para diferentes situa\u00e7\u00f5es. Al\u00e9m disso, o desenvolvimento pessoal melhora o autoconhecimento, permitindo que cada indiv\u00edduo descubra suas melhores habilidades e as potencialize.<\/p>\n\n\n\n<h2 class=\"wp-block-heading\">Como aplicar a pr\u00e1tica cont\u00ednua no dia a dia?<\/h2>\n\n\n\n<h3 class=\"wp-block-heading\">Defina metas claras<\/h3>\n\n\n\n<p class=\"has-medium-font-size\">Saiba exatamente quais habilidades deseja desenvolver. Tenha objetivos de curto e longo prazo bem estruturados. Metas realistas e bem definidas ajudam a manter o foco e o engajamento ao longo da jornada de aprendizado.<\/p>\n\n\n\n<h3 class=\"wp-block-heading\">Crie um plano de a\u00e7\u00e3o<\/h3>\n\n\n\n<p class=\"has-medium-font-size\">Divida suas metas em etapas alcan\u00e7\u00e1veis. Pequenos avan\u00e7os di\u00e1rios fazem grande diferen\u00e7a ao longo do tempo. Criar um cronograma pode ajudar a organizar o processo e garantir que o aprendizado aconte\u00e7a de forma consistente.<\/p>\n\n\n\n<h3 class=\"wp-block-heading\">Seja consistente<\/h3>\n\n\n\n<p class=\"has-medium-font-size\">A regularidade \u00e9 essencial. Dedique um tempo fixo para a pr\u00e1tica, mesmo que seja alguns minutos por dia. A const\u00e2ncia evita a perda de habilidades adquiridas e melhora o desenvolvimento cont\u00ednuo.<\/p>\n\n\n\n<h3 class=\"wp-block-heading\">Busque feedback<\/h3>\n\n\n\n<p class=\"has-medium-font-size\">A opini\u00e3o de outras pessoas pode ajudar a aprimorar o processo. Aceitar sugest\u00f5es \u00e9 fundamental para o crescimento. O feedback construtivo permite identificar pontos de melhoria e ajustar estrat\u00e9gias para alcan\u00e7ar melhores resultados.<\/p>\n\n\n\n<h3 class=\"wp-block-heading\">Celebre suas conquistas<\/h3>\n\n\n\n<p class=\"has-medium-font-size\">Reconhecer avan\u00e7os, por menores que sejam, motiva a continuar evoluindo. A celebra\u00e7\u00e3o dos pequenos sucessos refor\u00e7a o h\u00e1bito da pr\u00e1tica cont\u00ednua e mant\u00e9m a motiva\u00e7\u00e3o alta.<\/p>\n\n\n\n<h2 class=\"wp-block-heading\">Recursos para aprimorar a pr\u00e1tica cont\u00ednua<\/h2>\n\n\n\n<p class=\"has-medium-font-size\">Existem diversas plataformas que auxiliam no aprendizado constante. Livros, cursos online e mentorias s\u00e3o \u00f3timos recursos para impulsionar o desenvolvimento. Para conhecer as melhores op\u00e7\u00f5es, acesse nosso guia sobre ferramentas de aprendizado cont\u00ednuo saiba mais.<\/p>\n\n\n\n<h2 class=\"wp-block-heading\">Conclus\u00e3o<\/h2>\n\n\n\n<p class=\"has-medium-font-size\">A pr\u00e1tica cont\u00ednua \u00e9 um pilar do desenvolvimento. Investir tempo e esfor\u00e7o no aprimoramento pessoal abre portas para o crescimento e novas conquistas. O aprendizado n\u00e3o tem fim; comece sua jornada hoje mesmo! O compromisso com a melhoria cont\u00ednua garante n\u00e3o apenas a evolu\u00e7\u00e3o individual, mas tamb\u00e9m contribui para um mundo mais inovador e produtivo.<\/p>\n\n\n\n<hr class=\"wp-block-separator has-alpha-channel-opacity\"\/>\n\n\n\n<p class=\"has-medium-font-size\"><a href=\"https:\/\/www.vagadeempregorj.com.br\/fr\/beneficios-sociais\/\">Guia sobre ferramentas para aprendizado cont\u00ednuo<\/a><\/p>\n\n\n\n<p><\/p>","protected":false},"excerpt":{"rendered":"<p>A busca pelo aprimoramento constante \u00e9 essencial para o crescimento pessoal e profissional. A pr\u00e1tica cont\u00ednua permite aprender, adaptar-se e evoluir. Ao manter um compromisso com a melhoria constante, \u00e9 poss\u00edvel alcan\u00e7ar melhores resultados e superar desafios di\u00e1rios. Esse processo envolve disciplina, estrat\u00e9gia e dedica\u00e7\u00e3o para transformar habilidades em pontos fortes. O que \u00e9 a&hellip;&nbsp;<\/p>","protected":false},"author":1,"featured_media":42328,"comment_status":"closed","ping_status":"closed","sticky":false,"template":"","format":"standard","meta":{"neve_meta_sidebar":"","neve_meta_container":"","neve_meta_enable_content_width":"","neve_meta_content_width":0,"neve_meta_title_alignment":"","neve_meta_author_avatar":"","neve_post_elements_order":"","neve_meta_disable_header":"","neve_meta_disable_footer":"","neve_meta_disable_title":"","footnotes":""},"categories":[1],"tags":[973,975,972,974,971],"class_list":["post-42327","post","type-post","status-publish","format-standard","has-post-thumbnail","hentry","category-beneficios-sociais","tag-aprendizado-continuo","tag-crescimento-profissional","tag-desenvolvimento-pessoal","tag-inovacao","tag-produtividade"],"yoast_head":"<!-- This site is optimized with the Yoast SEO plugin v27.5 - https:\/\/yoast.com\/product\/yoast-seo-wordpress\/ -->\n<title>Pr\u00e1tica Cont\u00ednua: O Caminho para o Desenvolvimento Constante -<\/title>\n<meta name=\"description\" content=\"A pr\u00e1tica cont\u00ednua \u00e9 essencial para o desenvolvimento constante. Descubra como aprimorar habilidades e crescer pessoal e profissionalmente.\" \/>\n<meta name=\"robots\" content=\"index, follow, max-snippet:-1, max-image-preview:large, max-video-preview:-1\" \/>\n<link rel=\"canonical\" href=\"https:\/\/www.vagadeempregorj.com.br\/fr\/pratica-continua-desenvolvimento-constante\/\" \/>\n<meta property=\"og:locale\" content=\"fr_FR\" \/>\n<meta property=\"og:type\" content=\"article\" \/>\n<meta property=\"og:title\" content=\"Pr\u00e1tica Cont\u00ednua: O Caminho para o Desenvolvimento Constante -\" \/>\n<meta property=\"og:description\" content=\"A pr\u00e1tica cont\u00ednua \u00e9 essencial para o desenvolvimento constante. Descubra como aprimorar habilidades e crescer pessoal e profissionalmente.\" \/>\n<meta property=\"og:url\" content=\"https:\/\/www.vagadeempregorj.com.br\/fr\/pratica-continua-desenvolvimento-constante\/\" \/>\n<meta property=\"article:publisher\" content=\"https:\/\/www.facebook.com\/empregobrasiloficial\" \/>\n<meta property=\"article:published_time\" content=\"2025-01-29T17:54:03+00:00\" \/>\n<meta property=\"article:modified_time\" content=\"2025-03-16T20:09:48+00:00\" \/>\n<meta property=\"og:image\" content=\"https:\/\/www.vagadeempregorj.com.br\/wp-content\/uploads\/2025\/01\/beneficio-de-prestacao-continuada.png\" \/>\n\t<meta property=\"og:image:width\" content=\"825\" \/>\n\t<meta property=\"og:image:height\" content=\"542\" \/>\n\t<meta property=\"og:image:type\" content=\"image\/png\" \/>\n<meta name=\"author\" content=\"Ana B.\" \/>\n<meta name=\"twitter:card\" content=\"summary_large_image\" \/>\n<meta name=\"twitter:label1\" content=\"Written by\" \/>\n\t<meta name=\"twitter:data1\" content=\"Ana B.\" \/>\n\t<meta name=\"twitter:label2\" content=\"Est. reading time\" \/>\n\t<meta name=\"twitter:data2\" content=\"3 minutes\" \/>\n<script type=\"application\/ld+json\" class=\"yoast-schema-graph\">{\"@context\":\"https:\\\/\\\/schema.org\",\"@graph\":[{\"@type\":\"Article\",\"@id\":\"https:\\\/\\\/www.vagadeempregorj.com.br\\\/pratica-continua-desenvolvimento-constante\\\/#article\",\"isPartOf\":{\"@id\":\"https:\\\/\\\/www.vagadeempregorj.com.br\\\/pratica-continua-desenvolvimento-constante\\\/\"},\"author\":{\"name\":\"Ana B.\",\"@id\":\"https:\\\/\\\/www.vagadeempregorj.com.br\\\/#\\\/schema\\\/person\\\/c0c38d5d765e86c3b7c8f12fb1ae6477\"},\"headline\":\"Pr\u00e1tica Cont\u00ednua: O Caminho para o Desenvolvimento Constante\",\"datePublished\":\"2025-01-29T17:54:03+00:00\",\"dateModified\":\"2025-03-16T20:09:48+00:00\",\"mainEntityOfPage\":{\"@id\":\"https:\\\/\\\/www.vagadeempregorj.com.br\\\/pratica-continua-desenvolvimento-constante\\\/\"},\"wordCount\":636,\"image\":{\"@id\":\"https:\\\/\\\/www.vagadeempregorj.com.br\\\/pratica-continua-desenvolvimento-constante\\\/#primaryimage\"},\"thumbnailUrl\":\"https:\\\/\\\/www.vagadeempregorj.com.br\\\/wp-content\\\/uploads\\\/2025\\\/01\\\/beneficio-de-prestacao-continuada.png\",\"keywords\":[\"aprendizado cont\u00ednuo\",\"crescimento profissional\",\"desenvolvimento pessoal\",\"inova\u00e7\u00e3o\",\"produtividade\"],\"articleSection\":[\"Benef\u00edcios Sociais\"],\"inLanguage\":\"fr-FR\"},{\"@type\":\"WebPage\",\"@id\":\"https:\\\/\\\/www.vagadeempregorj.com.br\\\/pratica-continua-desenvolvimento-constante\\\/\",\"url\":\"https:\\\/\\\/www.vagadeempregorj.com.br\\\/pratica-continua-desenvolvimento-constante\\\/\",\"name\":\"Pr\u00e1tica Cont\u00ednua: O Caminho para o Desenvolvimento Constante -\",\"isPartOf\":{\"@id\":\"https:\\\/\\\/www.vagadeempregorj.com.br\\\/#website\"},\"primaryImageOfPage\":{\"@id\":\"https:\\\/\\\/www.vagadeempregorj.com.br\\\/pratica-continua-desenvolvimento-constante\\\/#primaryimage\"},\"image\":{\"@id\":\"https:\\\/\\\/www.vagadeempregorj.com.br\\\/pratica-continua-desenvolvimento-constante\\\/#primaryimage\"},\"thumbnailUrl\":\"https:\\\/\\\/www.vagadeempregorj.com.br\\\/wp-content\\\/uploads\\\/2025\\\/01\\\/beneficio-de-prestacao-continuada.png\",\"datePublished\":\"2025-01-29T17:54:03+00:00\",\"dateModified\":\"2025-03-16T20:09:48+00:00\",\"author\":{\"@id\":\"https:\\\/\\\/www.vagadeempregorj.com.br\\\/#\\\/schema\\\/person\\\/c0c38d5d765e86c3b7c8f12fb1ae6477\"},\"description\":\"A pr\u00e1tica cont\u00ednua \u00e9 essencial para o desenvolvimento constante. Descubra como aprimorar habilidades e crescer pessoal e profissionalmente.\",\"breadcrumb\":{\"@id\":\"https:\\\/\\\/www.vagadeempregorj.com.br\\\/pratica-continua-desenvolvimento-constante\\\/#breadcrumb\"},\"inLanguage\":\"fr-FR\",\"potentialAction\":[{\"@type\":\"ReadAction\",\"target\":[\"https:\\\/\\\/www.vagadeempregorj.com.br\\\/pratica-continua-desenvolvimento-constante\\\/\"]}]},{\"@type\":\"ImageObject\",\"inLanguage\":\"fr-FR\",\"@id\":\"https:\\\/\\\/www.vagadeempregorj.com.br\\\/pratica-continua-desenvolvimento-constante\\\/#primaryimage\",\"url\":\"https:\\\/\\\/www.vagadeempregorj.com.br\\\/wp-content\\\/uploads\\\/2025\\\/01\\\/beneficio-de-prestacao-continuada.png\",\"contentUrl\":\"https:\\\/\\\/www.vagadeempregorj.com.br\\\/wp-content\\\/uploads\\\/2025\\\/01\\\/beneficio-de-prestacao-continuada.png\",\"width\":825,\"height\":542,\"caption\":\"Pr\u00e1tica cont\u00ednua\"},{\"@type\":\"BreadcrumbList\",\"@id\":\"https:\\\/\\\/www.vagadeempregorj.com.br\\\/pratica-continua-desenvolvimento-constante\\\/#breadcrumb\",\"itemListElement\":[{\"@type\":\"ListItem\",\"position\":1,\"name\":\"In\u00edcio\",\"item\":\"https:\\\/\\\/www.vagadeempregorj.com.br\\\/\"},{\"@type\":\"ListItem\",\"position\":2,\"name\":\"Benef\u00edcios Sociais\",\"item\":\"https:\\\/\\\/www.vagadeempregorj.com.br\\\/beneficios-sociais\\\/\"},{\"@type\":\"ListItem\",\"position\":3,\"name\":\"Pr\u00e1tica Cont\u00ednua: O Caminho para o Desenvolvimento Constante\"}]},{\"@type\":\"WebSite\",\"@id\":\"https:\\\/\\\/www.vagadeempregorj.com.br\\\/#website\",\"url\":\"https:\\\/\\\/www.vagadeempregorj.com.br\\\/\",\"name\":\"\",\"description\":\"Conquiste Sonhos: Vagas, Benef\u00edcios e Economia para Transformar Vidas e Alcan\u00e7ar Melhorias Cotidianas\",\"potentialAction\":[{\"@type\":\"SearchAction\",\"target\":{\"@type\":\"EntryPoint\",\"urlTemplate\":\"https:\\\/\\\/www.vagadeempregorj.com.br\\\/?s={search_term_string}\"},\"query-input\":{\"@type\":\"PropertyValueSpecification\",\"valueRequired\":true,\"valueName\":\"search_term_string\"}}],\"inLanguage\":\"fr-FR\"},{\"@type\":\"Person\",\"@id\":\"https:\\\/\\\/www.vagadeempregorj.com.br\\\/#\\\/schema\\\/person\\\/c0c38d5d765e86c3b7c8f12fb1ae6477\",\"name\":\"Ana B.\",\"image\":{\"@type\":\"ImageObject\",\"inLanguage\":\"fr-FR\",\"@id\":\"https:\\\/\\\/secure.gravatar.com\\\/avatar\\\/f5efa58599e07f8dd92f26c7cfbc442fd115582bc681245452e503c2ef2334f3?s=96&r=g\",\"url\":\"https:\\\/\\\/secure.gravatar.com\\\/avatar\\\/f5efa58599e07f8dd92f26c7cfbc442fd115582bc681245452e503c2ef2334f3?s=96&r=g\",\"contentUrl\":\"https:\\\/\\\/secure.gravatar.com\\\/avatar\\\/f5efa58599e07f8dd92f26c7cfbc442fd115582bc681245452e503c2ef2334f3?s=96&r=g\",\"caption\":\"Ana B.\"},\"description\":\"Meu nome \u00e9 Ana e sou apaixonada em escrever. Dedico meu tempo escrevendo not\u00edcias e vagas de emprego diariamente no portal Vaga de Emprego RJ.\",\"url\":\"https:\\\/\\\/www.vagadeempregorj.com.br\\\/fr\\\/author\\\/vgrj\\\/\"}]}<\/script>\n<!-- \/ Yoast SEO plugin. -->","yoast_head_json":{"title":"Pr\u00e1tica Cont\u00ednua: O Caminho para o Desenvolvimento Constante -","description":"A pr\u00e1tica cont\u00ednua \u00e9 essencial para o desenvolvimento constante. Descubra como aprimorar habilidades e crescer pessoal e profissionalmente.","robots":{"index":"index","follow":"follow","max-snippet":"max-snippet:-1","max-image-preview":"max-image-preview:large","max-video-preview":"max-video-preview:-1"},"canonical":"https:\/\/www.vagadeempregorj.com.br\/fr\/pratica-continua-desenvolvimento-constante\/","og_locale":"fr_FR","og_type":"article","og_title":"Pr\u00e1tica Cont\u00ednua: O Caminho para o Desenvolvimento Constante -","og_description":"A pr\u00e1tica cont\u00ednua \u00e9 essencial para o desenvolvimento constante. Descubra como aprimorar habilidades e crescer pessoal e profissionalmente.","og_url":"https:\/\/www.vagadeempregorj.com.br\/fr\/pratica-continua-desenvolvimento-constante\/","article_publisher":"https:\/\/www.facebook.com\/empregobrasiloficial","article_published_time":"2025-01-29T17:54:03+00:00","article_modified_time":"2025-03-16T20:09:48+00:00","og_image":[{"width":825,"height":542,"url":"https:\/\/www.vagadeempregorj.com.br\/wp-content\/uploads\/2025\/01\/beneficio-de-prestacao-continuada.png","type":"image\/png"}],"author":"Ana B.","twitter_card":"summary_large_image","twitter_misc":{"Written by":"Ana B.","Est. reading time":"3 minutes"},"schema":{"@context":"https:\/\/schema.org","@graph":[{"@type":"Article","@id":"https:\/\/www.vagadeempregorj.com.br\/pratica-continua-desenvolvimento-constante\/#article","isPartOf":{"@id":"https:\/\/www.vagadeempregorj.com.br\/pratica-continua-desenvolvimento-constante\/"},"author":{"name":"Ana B.","@id":"https:\/\/www.vagadeempregorj.com.br\/#\/schema\/person\/c0c38d5d765e86c3b7c8f12fb1ae6477"},"headline":"Pr\u00e1tica Cont\u00ednua: O Caminho para o Desenvolvimento Constante","datePublished":"2025-01-29T17:54:03+00:00","dateModified":"2025-03-16T20:09:48+00:00","mainEntityOfPage":{"@id":"https:\/\/www.vagadeempregorj.com.br\/pratica-continua-desenvolvimento-constante\/"},"wordCount":636,"image":{"@id":"https:\/\/www.vagadeempregorj.com.br\/pratica-continua-desenvolvimento-constante\/#primaryimage"},"thumbnailUrl":"https:\/\/www.vagadeempregorj.com.br\/wp-content\/uploads\/2025\/01\/beneficio-de-prestacao-continuada.png","keywords":["aprendizado cont\u00ednuo","crescimento profissional","desenvolvimento pessoal","inova\u00e7\u00e3o","produtividade"],"articleSection":["Benef\u00edcios Sociais"],"inLanguage":"fr-FR"},{"@type":"WebPage","@id":"https:\/\/www.vagadeempregorj.com.br\/pratica-continua-desenvolvimento-constante\/","url":"https:\/\/www.vagadeempregorj.com.br\/pratica-continua-desenvolvimento-constante\/","name":"Pr\u00e1tica Cont\u00ednua: O Caminho para o Desenvolvimento Constante -","isPartOf":{"@id":"https:\/\/www.vagadeempregorj.com.br\/#website"},"primaryImageOfPage":{"@id":"https:\/\/www.vagadeempregorj.com.br\/pratica-continua-desenvolvimento-constante\/#primaryimage"},"image":{"@id":"https:\/\/www.vagadeempregorj.com.br\/pratica-continua-desenvolvimento-constante\/#primaryimage"},"thumbnailUrl":"https:\/\/www.vagadeempregorj.com.br\/wp-content\/uploads\/2025\/01\/beneficio-de-prestacao-continuada.png","datePublished":"2025-01-29T17:54:03+00:00","dateModified":"2025-03-16T20:09:48+00:00","author":{"@id":"https:\/\/www.vagadeempregorj.com.br\/#\/schema\/person\/c0c38d5d765e86c3b7c8f12fb1ae6477"},"description":"A pr\u00e1tica cont\u00ednua \u00e9 essencial para o desenvolvimento constante. Descubra como aprimorar habilidades e crescer pessoal e profissionalmente.","breadcrumb":{"@id":"https:\/\/www.vagadeempregorj.com.br\/pratica-continua-desenvolvimento-constante\/#breadcrumb"},"inLanguage":"fr-FR","potentialAction":[{"@type":"ReadAction","target":["https:\/\/www.vagadeempregorj.com.br\/pratica-continua-desenvolvimento-constante\/"]}]},{"@type":"ImageObject","inLanguage":"fr-FR","@id":"https:\/\/www.vagadeempregorj.com.br\/pratica-continua-desenvolvimento-constante\/#primaryimage","url":"https:\/\/www.vagadeempregorj.com.br\/wp-content\/uploads\/2025\/01\/beneficio-de-prestacao-continuada.png","contentUrl":"https:\/\/www.vagadeempregorj.com.br\/wp-content\/uploads\/2025\/01\/beneficio-de-prestacao-continuada.png","width":825,"height":542,"caption":"Pr\u00e1tica cont\u00ednua"},{"@type":"BreadcrumbList","@id":"https:\/\/www.vagadeempregorj.com.br\/pratica-continua-desenvolvimento-constante\/#breadcrumb","itemListElement":[{"@type":"ListItem","position":1,"name":"In\u00edcio","item":"https:\/\/www.vagadeempregorj.com.br\/"},{"@type":"ListItem","position":2,"name":"Benef\u00edcios Sociais","item":"https:\/\/www.vagadeempregorj.com.br\/beneficios-sociais\/"},{"@type":"ListItem","position":3,"name":"Pr\u00e1tica Cont\u00ednua: O Caminho para o Desenvolvimento Constante"}]},{"@type":"WebSite","@id":"https:\/\/www.vagadeempregorj.com.br\/#website","url":"https:\/\/www.vagadeempregorj.com.br\/","name":"","description":"Conquiste Sonhos: Vagas, Benef\u00edcios e Economia para Transformar Vidas e Alcan\u00e7ar Melhorias Cotidianas","potentialAction":[{"@type":"SearchAction","target":{"@type":"EntryPoint","urlTemplate":"https:\/\/www.vagadeempregorj.com.br\/?s={search_term_string}"},"query-input":{"@type":"PropertyValueSpecification","valueRequired":true,"valueName":"search_term_string"}}],"inLanguage":"fr-FR"},{"@type":"Person","@id":"https:\/\/www.vagadeempregorj.com.br\/#\/schema\/person\/c0c38d5d765e86c3b7c8f12fb1ae6477","name":"Ana B.","image":{"@type":"ImageObject","inLanguage":"fr-FR","@id":"https:\/\/secure.gravatar.com\/avatar\/f5efa58599e07f8dd92f26c7cfbc442fd115582bc681245452e503c2ef2334f3?s=96&r=g","url":"https:\/\/secure.gravatar.com\/avatar\/f5efa58599e07f8dd92f26c7cfbc442fd115582bc681245452e503c2ef2334f3?s=96&r=g","contentUrl":"https:\/\/secure.gravatar.com\/avatar\/f5efa58599e07f8dd92f26c7cfbc442fd115582bc681245452e503c2ef2334f3?s=96&r=g","caption":"Ana B."},"description":"Meu nome \u00e9 Ana e sou apaixonada em escrever. Dedico meu tempo escrevendo not\u00edcias e vagas de emprego diariamente no portal Vaga de Emprego RJ.","url":"https:\/\/www.vagadeempregorj.com.br\/fr\/author\/vgrj\/"}]}},"_links":{"self":[{"href":"https:\/\/www.vagadeempregorj.com.br\/fr\/wp-json\/wp\/v2\/posts\/42327","targetHints":{"allow":["GET"]}}],"collection":[{"href":"https:\/\/www.vagadeempregorj.com.br\/fr\/wp-json\/wp\/v2\/posts"}],"about":[{"href":"https:\/\/www.vagadeempregorj.com.br\/fr\/wp-json\/wp\/v2\/types\/post"}],"author":[{"embeddable":true,"href":"https:\/\/www.vagadeempregorj.com.br\/fr\/wp-json\/wp\/v2\/users\/1"}],"replies":[{"embeddable":true,"href":"https:\/\/www.vagadeempregorj.com.br\/fr\/wp-json\/wp\/v2\/comments?post=42327"}],"version-history":[{"count":0,"href":"https:\/\/www.vagadeempregorj.com.br\/fr\/wp-json\/wp\/v2\/posts\/42327\/revisions"}],"wp:featuredmedia":[{"embeddable":true,"href":"https:\/\/www.vagadeempregorj.com.br\/fr\/wp-json\/wp\/v2\/media\/42328"}],"wp:attachment":[{"href":"https:\/\/www.vagadeempregorj.com.br\/fr\/wp-json\/wp\/v2\/media?parent=42327"}],"wp:term":[{"taxonomy":"category","embeddable":true,"href":"https:\/\/www.vagadeempregorj.com.br\/fr\/wp-json\/wp\/v2\/categories?post=42327"},{"taxonomy":"post_tag","embeddable":true,"href":"https:\/\/www.vagadeempregorj.com.br\/fr\/wp-json\/wp\/v2\/tags?post=42327"}],"curies":[{"name":"wp","href":"https:\/\/api.w.org\/{rel}","templated":true}]}}