{"id":42360,"date":"2025-01-30T09:31:07","date_gmt":"2025-01-30T12:31:07","guid":{"rendered":"https:\/\/www.vagadeempregorj.com.br\/?p=42360"},"modified":"2025-06-15T14:46:34","modified_gmt":"2025-06-15T17:46:34","slug":"ensino-tecnico-nos-institutos-federais","status":"publish","type":"post","link":"https:\/\/www.vagadeempregorj.com.br\/fr\/ensino-tecnico-nos-institutos-federais\/","title":{"rendered":"Institutos Federais: Como o Ensino T\u00e9cnico Transforma Carreiras"},"content":{"rendered":"<h2 class=\"wp-block-heading\">O Ensino T\u00e9cnico nos Institutos Federais: Oportunidades para Carreiras de Sucesso<\/h2>\n\n\n\n<p class=\"has-medium-font-size\">O <strong>ensino t\u00e9cnico nos Institutos Federais<\/strong> \u00e9 uma das op\u00e7\u00f5es mais procuradas por jovens e adultos que buscam qualifica\u00e7\u00e3o profissional de alta qualidade e com acesso gratuito. Os Institutos Federais desempenham um papel crucial na educa\u00e7\u00e3o do Brasil, n\u00e3o apenas oferecendo educa\u00e7\u00e3o superior, mas tamb\u00e9m capacitando milhares de estudantes por meio de cursos t\u00e9cnicos que atendem \u00e0s demandas de um mercado de trabalho em constante evolu\u00e7\u00e3o.<\/p>\n\n\n\n<p class=\"has-medium-font-size\">Esses cursos t\u00eam a proposta de formar profissionais altamente capacitados, prontos para atuar diretamente nas \u00e1reas em que se especializam. O ensino t\u00e9cnico nos Institutos Federais combina teoria e pr\u00e1tica, permitindo que os alunos adquiram habilidades que s\u00e3o imediatamente aplic\u00e1veis ao mundo do trabalho. Esse modelo educacional \u00e9 uma das raz\u00f5es pelas quais a forma\u00e7\u00e3o t\u00e9cnica nesses institutos \u00e9 t\u00e3o valorizada por empresas de diferentes setores.<\/p>\n\n\n\n<h2 class=\"wp-block-heading\">Por que escolher o ensino t\u00e9cnico nos Institutos Federais?<\/h2>\n\n\n\n<p class=\"has-medium-font-size\">Optar pelo <strong>ensino t\u00e9cnico nos Institutos Federais<\/strong> \u00e9 uma decis\u00e3o estrat\u00e9gica para quem busca uma educa\u00e7\u00e3o de qualidade e uma forma\u00e7\u00e3o profissional s\u00f3lida. Primeiramente, a gratuidade do ensino nos Institutos Federais \u00e9 um grande atrativo, pois elimina o custo das mensalidades, tornando o ensino de qualidade acess\u00edvel a uma ampla gama de estudantes, independentemente de sua situa\u00e7\u00e3o econ\u00f4mica.<\/p>\n\n\n\n<p class=\"has-medium-font-size\">Al\u00e9m disso, a infraestrutura dos Institutos Federais \u00e9 um dos seus maiores diferenciais. Laborat\u00f3rios modernos, equipamentos de \u00faltima gera\u00e7\u00e3o e ambientes de aprendizagem inovadores garantem que os alunos tenham acesso a um ensino pr\u00e1tico e t\u00e9cnico de alta qualidade. A grande maioria dos cursos \u00e9 oferecida com foco em t\u00e9cnicas que atendem diretamente \u00e0s necessidades do mercado de trabalho, seja em \u00e1reas industriais, comerciais, de sa\u00fade, ou at\u00e9 mesmo no setor tecnol\u00f3gico.<\/p>\n\n\n\n<p class=\"has-medium-font-size\">Outro ponto importante \u00e9 o corpo docente altamente capacitado. Os professores dos Institutos Federais s\u00e3o especialistas em suas \u00e1reas, com vasta experi\u00eancia no mercado de trabalho e em suas respectivas \u00e1reas de ensino. Isso significa que os alunos recebem um ensino alinhado \u00e0s melhores pr\u00e1ticas do mercado, al\u00e9m de se beneficiarem de experi\u00eancias reais trazidas pelos professores.<\/p>\n\n\n\n<h2 class=\"wp-block-heading\">Cursos T\u00e9cnicos Oferecidos pelos Institutos Federais<\/h2>\n\n\n\n<p class=\"has-medium-font-size\">Os <strong>Institutos Federais<\/strong> oferecem uma variedade de cursos t\u00e9cnicos que abrangem diferentes \u00e1reas do conhecimento, como inform\u00e1tica, eletr\u00f4nica, mec\u00e2nica, administra\u00e7\u00e3o, log\u00edstica, sa\u00fade, entre outros. Esses cursos s\u00e3o pensados para atender \u00e0s necessidades de um mercado de trabalho diversificado e em constante transforma\u00e7\u00e3o.<\/p>\n\n\n\n<p class=\"has-medium-font-size\">Cada curso t\u00e9cnico \u00e9 projetado para proporcionar ao aluno uma forma\u00e7\u00e3o completa, que inclui conhecimentos te\u00f3ricos fundamentais e uma ampla aplica\u00e7\u00e3o pr\u00e1tica. Isso garante que, ao final do curso, o estudante tenha habilidades que podem ser diretamente aplicadas em diversas \u00e1reas profissionais. Por exemplo, um curso t\u00e9cnico em inform\u00e1tica pode ensinar desde a programa\u00e7\u00e3o at\u00e9 a manuten\u00e7\u00e3o de sistemas, dando ao aluno uma vis\u00e3o abrangente da \u00e1rea.<\/p>\n\n\n\n<p class=\"has-medium-font-size\">Muitas dessas \u00e1reas t\u00eam uma grande demanda por profissionais qualificados, o que aumenta as chances de empregabilidade dos egressos dos Institutos Federais. Al\u00e9m disso, os cursos s\u00e3o atualizados periodicamente para refletir as mudan\u00e7as no mercado de trabalho, garantindo que os alunos estejam sempre \u00e0 frente.<\/p>\n\n\n\n<h2 class=\"wp-block-heading\">Como ingressar nos cursos t\u00e9cnicos dos Institutos Federais?<\/h2>\n\n\n\n<p class=\"has-medium-font-size\">Ingressar em um curso t\u00e9cnico nos <strong>Institutos Federais<\/strong> \u00e9 um processo seletivo que exige dedica\u00e7\u00e3o e preparo. Os estudantes podem se inscrever atrav\u00e9s do Sistema de Sele\u00e7\u00e3o Unificada (Sisu) ou, em alguns casos, por meio de processos seletivos espec\u00edficos de cada institui\u00e7\u00e3o. Embora o ensino seja gratuito, a concorr\u00eancia pelas vagas pode ser alta, devido \u00e0 qualidade do ensino e \u00e0 demanda por esses cursos.<\/p>\n\n\n\n<p class=\"has-medium-font-size\">Os candidatos que desejam ingressar em um curso t\u00e9cnico devem estar atentos aos prazos e requisitos para o processo seletivo. Al\u00e9m disso, \u00e9 importante se preparar bem para as provas, que costumam ser compostas por quest\u00f5es objetivas relacionadas a conhecimentos gerais e espec\u00edficos da \u00e1rea de interesse.<\/p>\n\n\n\n<h2 class=\"wp-block-heading\">Vantagens do Ensino T\u00e9cnico para o Mercado de Trabalho<\/h2>\n\n\n\n<p class=\"has-medium-font-size\">O <strong>ensino t\u00e9cnico nos Institutos Federais<\/strong> prepara os alunos para a inser\u00e7\u00e3o r\u00e1pida e eficiente no mercado de trabalho. Muitos dos cursos oferecidos t\u00eam uma forte liga\u00e7\u00e3o com as ind\u00fastrias e empresas, o que garante que os alunos saiam com uma forma\u00e7\u00e3o pr\u00e1tica e voltada para as necessidades do mercado.<\/p>\n\n\n\n<p class=\"has-medium-font-size\">Al\u00e9m disso, o ensino t\u00e9cnico nos Institutos Federais oferece a oportunidade de participar de programas de est\u00e1gio e parcerias com empresas, o que facilita a inser\u00e7\u00e3o do aluno no mercado de trabalho. Essas experi\u00eancias pr\u00e1ticas ajudam a construir um curr\u00edculo mais forte e aumentam as chances de conseguir um emprego logo ap\u00f3s a conclus\u00e3o do curso.<\/p>\n\n\n\n<p class=\"has-medium-font-size\">A forma\u00e7\u00e3o t\u00e9cnica oferecida pelos Institutos Federais \u00e9 reconhecida por sua qualidade, o que contribui para que os egressos tenham uma excelente aceita\u00e7\u00e3o no mercado de trabalho. A demanda por profissionais t\u00e9cnicos, especialmente nas \u00e1reas de tecnologia, sa\u00fade e engenharia, continua em crescimento, tornando o ensino t\u00e9cnico uma excelente op\u00e7\u00e3o para quem busca uma carreira de sucesso.<\/p>\n\n\n\n<h2 class=\"wp-block-heading\">Conclus\u00e3o<\/h2>\n\n\n\n<p class=\"has-medium-font-size\">O <strong>ensino t\u00e9cnico nos Institutos Federais<\/strong> representa uma excelente oportunidade para quem deseja qualifica\u00e7\u00e3o profissional de qualidade, com uma forma\u00e7\u00e3o completa e gratuita. Ao optar por um curso t\u00e9cnico em uma dessas institui\u00e7\u00f5es, o estudante tem acesso a um ensino de alta qualidade, que o prepara para o mercado de trabalho com uma forma\u00e7\u00e3o s\u00f3lida e pr\u00e1tica.<\/p>\n\n\n\n<p class=\"has-medium-font-size\">Al\u00e9m disso, a gratuidade do ensino e a excelente infraestrutura dos Institutos Federais tornam essas institui\u00e7\u00f5es uma das melhores op\u00e7\u00f5es de ensino no Brasil. Com a alta demanda por profissionais t\u00e9cnicos qualificados, especialmente nas \u00e1reas de tecnologia e sa\u00fade, os egressos dos Institutos Federais est\u00e3o bem posicionados para enfrentar os desafios do mercado de trabalho e construir uma carreira de sucesso.<\/p>\n\n\n\n<hr class=\"wp-block-separator has-alpha-channel-opacity\"\/>\n\n\n\n<p class=\"has-medium-font-size\"><a href=\"https:\/\/www.vagadeempregorj.com.br\/fr\/cursos\/\">Conhe\u00e7a o processo seletivo e como se inscrever nos cursos t\u00e9cnicos dos Institutos Federais.<\/a><\/p>","protected":false},"excerpt":{"rendered":"<p>O Ensino T\u00e9cnico nos Institutos Federais: Oportunidades para Carreiras de Sucesso O ensino t\u00e9cnico nos Institutos Federais \u00e9 uma das op\u00e7\u00f5es mais procuradas por jovens e adultos que buscam qualifica\u00e7\u00e3o profissional de alta qualidade e com acesso gratuito. Os Institutos Federais desempenham um papel crucial na educa\u00e7\u00e3o do Brasil, n\u00e3o apenas oferecendo educa\u00e7\u00e3o superior, mas&hellip;&nbsp;<\/p>","protected":false},"author":1,"featured_media":42361,"comment_status":"closed","ping_status":"closed","sticky":false,"template":"","format":"standard","meta":{"neve_meta_sidebar":"","neve_meta_container":"","neve_meta_enable_content_width":"","neve_meta_content_width":0,"neve_meta_title_alignment":"","neve_meta_author_avatar":"","neve_post_elements_order":"","neve_meta_disable_header":"","neve_meta_disable_footer":"","neve_meta_disable_title":"","footnotes":""},"categories":[703],"tags":[989,976,1011,988,941],"class_list":["post-42360","post","type-post","status-publish","format-standard","has-post-thumbnail","hentry","category-informacao-tecnologica-e-curiosidades","tag-educacao-gratuita","tag-ensino-tecnico","tag-formacao-profissional","tag-institutos-federais","tag-mercado-de-trabalho"],"yoast_head":"<!-- This site is optimized with the Yoast SEO plugin v27.5 - https:\/\/yoast.com\/product\/yoast-seo-wordpress\/ -->\n<title>Institutos Federais: Como o Ensino T\u00e9cnico Transforma Carreiras -<\/title>\n<meta name=\"description\" content=\"Conhe\u00e7a o impacto do ensino t\u00e9cnico nos Institutos Federais e como ele prepara os alunos para o mercado de trabalho com qualidade e gratuidade.\" \/>\n<meta name=\"robots\" content=\"index, follow, max-snippet:-1, max-image-preview:large, max-video-preview:-1\" \/>\n<link rel=\"canonical\" href=\"https:\/\/www.vagadeempregorj.com.br\/fr\/ensino-tecnico-nos-institutos-federais\/\" \/>\n<meta property=\"og:locale\" content=\"fr_FR\" \/>\n<meta property=\"og:type\" content=\"article\" \/>\n<meta property=\"og:title\" content=\"Institutos Federais: Como o Ensino T\u00e9cnico Transforma Carreiras -\" \/>\n<meta property=\"og:description\" content=\"Conhe\u00e7a o impacto do ensino t\u00e9cnico nos Institutos Federais e como ele prepara os alunos para o mercado de trabalho com qualidade e gratuidade.\" \/>\n<meta property=\"og:url\" content=\"https:\/\/www.vagadeempregorj.com.br\/fr\/ensino-tecnico-nos-institutos-federais\/\" \/>\n<meta property=\"article:publisher\" content=\"https:\/\/www.facebook.com\/empregobrasiloficial\" \/>\n<meta property=\"article:published_time\" content=\"2025-01-30T12:31:07+00:00\" \/>\n<meta property=\"article:modified_time\" content=\"2025-06-15T17:46:34+00:00\" \/>\n<meta property=\"og:image\" content=\"https:\/\/www.vagadeempregorj.com.br\/wp-content\/uploads\/2025\/01\/Ensino-Tecnico-nos-Institutos-Federais.jpg\" \/>\n\t<meta property=\"og:image:width\" content=\"800\" \/>\n\t<meta property=\"og:image:height\" content=\"289\" \/>\n\t<meta property=\"og:image:type\" content=\"image\/jpeg\" \/>\n<meta name=\"author\" content=\"Ana B.\" \/>\n<meta name=\"twitter:card\" content=\"summary_large_image\" \/>\n<meta name=\"twitter:label1\" content=\"Written by\" \/>\n\t<meta name=\"twitter:data1\" content=\"Ana B.\" \/>\n\t<meta name=\"twitter:label2\" content=\"Est. reading time\" \/>\n\t<meta name=\"twitter:data2\" content=\"5 minutes\" \/>\n<script type=\"application\/ld+json\" class=\"yoast-schema-graph\">{\"@context\":\"https:\\\/\\\/schema.org\",\"@graph\":[{\"@type\":\"Article\",\"@id\":\"https:\\\/\\\/www.vagadeempregorj.com.br\\\/ensino-tecnico-nos-institutos-federais\\\/#article\",\"isPartOf\":{\"@id\":\"https:\\\/\\\/www.vagadeempregorj.com.br\\\/ensino-tecnico-nos-institutos-federais\\\/\"},\"author\":{\"name\":\"Ana B.\",\"@id\":\"https:\\\/\\\/www.vagadeempregorj.com.br\\\/#\\\/schema\\\/person\\\/c0c38d5d765e86c3b7c8f12fb1ae6477\"},\"headline\":\"Institutos Federais: Como o Ensino T\u00e9cnico Transforma Carreiras\",\"datePublished\":\"2025-01-30T12:31:07+00:00\",\"dateModified\":\"2025-06-15T17:46:34+00:00\",\"mainEntityOfPage\":{\"@id\":\"https:\\\/\\\/www.vagadeempregorj.com.br\\\/ensino-tecnico-nos-institutos-federais\\\/\"},\"wordCount\":1038,\"image\":{\"@id\":\"https:\\\/\\\/www.vagadeempregorj.com.br\\\/ensino-tecnico-nos-institutos-federais\\\/#primaryimage\"},\"thumbnailUrl\":\"https:\\\/\\\/www.vagadeempregorj.com.br\\\/wp-content\\\/uploads\\\/2025\\\/01\\\/Ensino-Tecnico-nos-Institutos-Federais.jpg\",\"keywords\":[\"Educa\u00e7\u00e3o gratuita\",\"ensino t\u00e9cnico\",\"Forma\u00e7\u00e3o profissional\",\"Institutos Federais\",\"mercado de trabalho\"],\"articleSection\":[\"Informa\u00e7\u00e3o Tecnol\u00f3gica, Curiosidades e Cursos\"],\"inLanguage\":\"fr-FR\"},{\"@type\":\"WebPage\",\"@id\":\"https:\\\/\\\/www.vagadeempregorj.com.br\\\/ensino-tecnico-nos-institutos-federais\\\/\",\"url\":\"https:\\\/\\\/www.vagadeempregorj.com.br\\\/ensino-tecnico-nos-institutos-federais\\\/\",\"name\":\"Institutos Federais: Como o Ensino T\u00e9cnico Transforma Carreiras -\",\"isPartOf\":{\"@id\":\"https:\\\/\\\/www.vagadeempregorj.com.br\\\/#website\"},\"primaryImageOfPage\":{\"@id\":\"https:\\\/\\\/www.vagadeempregorj.com.br\\\/ensino-tecnico-nos-institutos-federais\\\/#primaryimage\"},\"image\":{\"@id\":\"https:\\\/\\\/www.vagadeempregorj.com.br\\\/ensino-tecnico-nos-institutos-federais\\\/#primaryimage\"},\"thumbnailUrl\":\"https:\\\/\\\/www.vagadeempregorj.com.br\\\/wp-content\\\/uploads\\\/2025\\\/01\\\/Ensino-Tecnico-nos-Institutos-Federais.jpg\",\"datePublished\":\"2025-01-30T12:31:07+00:00\",\"dateModified\":\"2025-06-15T17:46:34+00:00\",\"author\":{\"@id\":\"https:\\\/\\\/www.vagadeempregorj.com.br\\\/#\\\/schema\\\/person\\\/c0c38d5d765e86c3b7c8f12fb1ae6477\"},\"description\":\"Conhe\u00e7a o impacto do ensino t\u00e9cnico nos Institutos Federais e como ele prepara os alunos para o mercado de trabalho com qualidade e gratuidade.\",\"breadcrumb\":{\"@id\":\"https:\\\/\\\/www.vagadeempregorj.com.br\\\/ensino-tecnico-nos-institutos-federais\\\/#breadcrumb\"},\"inLanguage\":\"fr-FR\",\"potentialAction\":[{\"@type\":\"ReadAction\",\"target\":[\"https:\\\/\\\/www.vagadeempregorj.com.br\\\/ensino-tecnico-nos-institutos-federais\\\/\"]}]},{\"@type\":\"ImageObject\",\"inLanguage\":\"fr-FR\",\"@id\":\"https:\\\/\\\/www.vagadeempregorj.com.br\\\/ensino-tecnico-nos-institutos-federais\\\/#primaryimage\",\"url\":\"https:\\\/\\\/www.vagadeempregorj.com.br\\\/wp-content\\\/uploads\\\/2025\\\/01\\\/Ensino-Tecnico-nos-Institutos-Federais.jpg\",\"contentUrl\":\"https:\\\/\\\/www.vagadeempregorj.com.br\\\/wp-content\\\/uploads\\\/2025\\\/01\\\/Ensino-Tecnico-nos-Institutos-Federais.jpg\",\"width\":800,\"height\":289,\"caption\":\"Ensino T\u00e9cnico nos Institutos Federais\"},{\"@type\":\"BreadcrumbList\",\"@id\":\"https:\\\/\\\/www.vagadeempregorj.com.br\\\/ensino-tecnico-nos-institutos-federais\\\/#breadcrumb\",\"itemListElement\":[{\"@type\":\"ListItem\",\"position\":1,\"name\":\"In\u00edcio\",\"item\":\"https:\\\/\\\/www.vagadeempregorj.com.br\\\/\"},{\"@type\":\"ListItem\",\"position\":2,\"name\":\"Institutos Federais: Como o Ensino T\u00e9cnico Transforma Carreiras\"}]},{\"@type\":\"WebSite\",\"@id\":\"https:\\\/\\\/www.vagadeempregorj.com.br\\\/#website\",\"url\":\"https:\\\/\\\/www.vagadeempregorj.com.br\\\/\",\"name\":\"\",\"description\":\"Conquiste Sonhos: Vagas, Benef\u00edcios e Economia para Transformar Vidas e Alcan\u00e7ar Melhorias Cotidianas\",\"potentialAction\":[{\"@type\":\"SearchAction\",\"target\":{\"@type\":\"EntryPoint\",\"urlTemplate\":\"https:\\\/\\\/www.vagadeempregorj.com.br\\\/?s={search_term_string}\"},\"query-input\":{\"@type\":\"PropertyValueSpecification\",\"valueRequired\":true,\"valueName\":\"search_term_string\"}}],\"inLanguage\":\"fr-FR\"},{\"@type\":\"Person\",\"@id\":\"https:\\\/\\\/www.vagadeempregorj.com.br\\\/#\\\/schema\\\/person\\\/c0c38d5d765e86c3b7c8f12fb1ae6477\",\"name\":\"Ana B.\",\"image\":{\"@type\":\"ImageObject\",\"inLanguage\":\"fr-FR\",\"@id\":\"https:\\\/\\\/secure.gravatar.com\\\/avatar\\\/f5efa58599e07f8dd92f26c7cfbc442fd115582bc681245452e503c2ef2334f3?s=96&r=g\",\"url\":\"https:\\\/\\\/secure.gravatar.com\\\/avatar\\\/f5efa58599e07f8dd92f26c7cfbc442fd115582bc681245452e503c2ef2334f3?s=96&r=g\",\"contentUrl\":\"https:\\\/\\\/secure.gravatar.com\\\/avatar\\\/f5efa58599e07f8dd92f26c7cfbc442fd115582bc681245452e503c2ef2334f3?s=96&r=g\",\"caption\":\"Ana B.\"},\"description\":\"Meu nome \u00e9 Ana e sou apaixonada em escrever. Dedico meu tempo escrevendo not\u00edcias e vagas de emprego diariamente no portal Vaga de Emprego RJ.\",\"url\":\"https:\\\/\\\/www.vagadeempregorj.com.br\\\/fr\\\/author\\\/vgrj\\\/\"}]}<\/script>\n<!-- \/ Yoast SEO plugin. -->","yoast_head_json":{"title":"Institutos Federais: Como o Ensino T\u00e9cnico Transforma Carreiras -","description":"Conhe\u00e7a o impacto do ensino t\u00e9cnico nos Institutos Federais e como ele prepara os alunos para o mercado de trabalho com qualidade e gratuidade.","robots":{"index":"index","follow":"follow","max-snippet":"max-snippet:-1","max-image-preview":"max-image-preview:large","max-video-preview":"max-video-preview:-1"},"canonical":"https:\/\/www.vagadeempregorj.com.br\/fr\/ensino-tecnico-nos-institutos-federais\/","og_locale":"fr_FR","og_type":"article","og_title":"Institutos Federais: Como o Ensino T\u00e9cnico Transforma Carreiras -","og_description":"Conhe\u00e7a o impacto do ensino t\u00e9cnico nos Institutos Federais e como ele prepara os alunos para o mercado de trabalho com qualidade e gratuidade.","og_url":"https:\/\/www.vagadeempregorj.com.br\/fr\/ensino-tecnico-nos-institutos-federais\/","article_publisher":"https:\/\/www.facebook.com\/empregobrasiloficial","article_published_time":"2025-01-30T12:31:07+00:00","article_modified_time":"2025-06-15T17:46:34+00:00","og_image":[{"width":800,"height":289,"url":"https:\/\/www.vagadeempregorj.com.br\/wp-content\/uploads\/2025\/01\/Ensino-Tecnico-nos-Institutos-Federais.jpg","type":"image\/jpeg"}],"author":"Ana B.","twitter_card":"summary_large_image","twitter_misc":{"Written by":"Ana B.","Est. reading time":"5 minutes"},"schema":{"@context":"https:\/\/schema.org","@graph":[{"@type":"Article","@id":"https:\/\/www.vagadeempregorj.com.br\/ensino-tecnico-nos-institutos-federais\/#article","isPartOf":{"@id":"https:\/\/www.vagadeempregorj.com.br\/ensino-tecnico-nos-institutos-federais\/"},"author":{"name":"Ana B.","@id":"https:\/\/www.vagadeempregorj.com.br\/#\/schema\/person\/c0c38d5d765e86c3b7c8f12fb1ae6477"},"headline":"Institutos Federais: Como o Ensino T\u00e9cnico Transforma Carreiras","datePublished":"2025-01-30T12:31:07+00:00","dateModified":"2025-06-15T17:46:34+00:00","mainEntityOfPage":{"@id":"https:\/\/www.vagadeempregorj.com.br\/ensino-tecnico-nos-institutos-federais\/"},"wordCount":1038,"image":{"@id":"https:\/\/www.vagadeempregorj.com.br\/ensino-tecnico-nos-institutos-federais\/#primaryimage"},"thumbnailUrl":"https:\/\/www.vagadeempregorj.com.br\/wp-content\/uploads\/2025\/01\/Ensino-Tecnico-nos-Institutos-Federais.jpg","keywords":["Educa\u00e7\u00e3o gratuita","ensino t\u00e9cnico","Forma\u00e7\u00e3o profissional","Institutos Federais","mercado de trabalho"],"articleSection":["Informa\u00e7\u00e3o Tecnol\u00f3gica, Curiosidades e Cursos"],"inLanguage":"fr-FR"},{"@type":"WebPage","@id":"https:\/\/www.vagadeempregorj.com.br\/ensino-tecnico-nos-institutos-federais\/","url":"https:\/\/www.vagadeempregorj.com.br\/ensino-tecnico-nos-institutos-federais\/","name":"Institutos Federais: Como o Ensino T\u00e9cnico Transforma Carreiras -","isPartOf":{"@id":"https:\/\/www.vagadeempregorj.com.br\/#website"},"primaryImageOfPage":{"@id":"https:\/\/www.vagadeempregorj.com.br\/ensino-tecnico-nos-institutos-federais\/#primaryimage"},"image":{"@id":"https:\/\/www.vagadeempregorj.com.br\/ensino-tecnico-nos-institutos-federais\/#primaryimage"},"thumbnailUrl":"https:\/\/www.vagadeempregorj.com.br\/wp-content\/uploads\/2025\/01\/Ensino-Tecnico-nos-Institutos-Federais.jpg","datePublished":"2025-01-30T12:31:07+00:00","dateModified":"2025-06-15T17:46:34+00:00","author":{"@id":"https:\/\/www.vagadeempregorj.com.br\/#\/schema\/person\/c0c38d5d765e86c3b7c8f12fb1ae6477"},"description":"Conhe\u00e7a o impacto do ensino t\u00e9cnico nos Institutos Federais e como ele prepara os alunos para o mercado de trabalho com qualidade e gratuidade.","breadcrumb":{"@id":"https:\/\/www.vagadeempregorj.com.br\/ensino-tecnico-nos-institutos-federais\/#breadcrumb"},"inLanguage":"fr-FR","potentialAction":[{"@type":"ReadAction","target":["https:\/\/www.vagadeempregorj.com.br\/ensino-tecnico-nos-institutos-federais\/"]}]},{"@type":"ImageObject","inLanguage":"fr-FR","@id":"https:\/\/www.vagadeempregorj.com.br\/ensino-tecnico-nos-institutos-federais\/#primaryimage","url":"https:\/\/www.vagadeempregorj.com.br\/wp-content\/uploads\/2025\/01\/Ensino-Tecnico-nos-Institutos-Federais.jpg","contentUrl":"https:\/\/www.vagadeempregorj.com.br\/wp-content\/uploads\/2025\/01\/Ensino-Tecnico-nos-Institutos-Federais.jpg","width":800,"height":289,"caption":"Ensino T\u00e9cnico nos Institutos Federais"},{"@type":"BreadcrumbList","@id":"https:\/\/www.vagadeempregorj.com.br\/ensino-tecnico-nos-institutos-federais\/#breadcrumb","itemListElement":[{"@type":"ListItem","position":1,"name":"In\u00edcio","item":"https:\/\/www.vagadeempregorj.com.br\/"},{"@type":"ListItem","position":2,"name":"Institutos Federais: Como o Ensino T\u00e9cnico Transforma Carreiras"}]},{"@type":"WebSite","@id":"https:\/\/www.vagadeempregorj.com.br\/#website","url":"https:\/\/www.vagadeempregorj.com.br\/","name":"","description":"Conquiste Sonhos: Vagas, Benef\u00edcios e Economia para Transformar Vidas e Alcan\u00e7ar Melhorias Cotidianas","potentialAction":[{"@type":"SearchAction","target":{"@type":"EntryPoint","urlTemplate":"https:\/\/www.vagadeempregorj.com.br\/?s={search_term_string}"},"query-input":{"@type":"PropertyValueSpecification","valueRequired":true,"valueName":"search_term_string"}}],"inLanguage":"fr-FR"},{"@type":"Person","@id":"https:\/\/www.vagadeempregorj.com.br\/#\/schema\/person\/c0c38d5d765e86c3b7c8f12fb1ae6477","name":"Ana B.","image":{"@type":"ImageObject","inLanguage":"fr-FR","@id":"https:\/\/secure.gravatar.com\/avatar\/f5efa58599e07f8dd92f26c7cfbc442fd115582bc681245452e503c2ef2334f3?s=96&r=g","url":"https:\/\/secure.gravatar.com\/avatar\/f5efa58599e07f8dd92f26c7cfbc442fd115582bc681245452e503c2ef2334f3?s=96&r=g","contentUrl":"https:\/\/secure.gravatar.com\/avatar\/f5efa58599e07f8dd92f26c7cfbc442fd115582bc681245452e503c2ef2334f3?s=96&r=g","caption":"Ana B."},"description":"Meu nome \u00e9 Ana e sou apaixonada em escrever. Dedico meu tempo escrevendo not\u00edcias e vagas de emprego diariamente no portal Vaga de Emprego RJ.","url":"https:\/\/www.vagadeempregorj.com.br\/fr\/author\/vgrj\/"}]}},"_links":{"self":[{"href":"https:\/\/www.vagadeempregorj.com.br\/fr\/wp-json\/wp\/v2\/posts\/42360","targetHints":{"allow":["GET"]}}],"collection":[{"href":"https:\/\/www.vagadeempregorj.com.br\/fr\/wp-json\/wp\/v2\/posts"}],"about":[{"href":"https:\/\/www.vagadeempregorj.com.br\/fr\/wp-json\/wp\/v2\/types\/post"}],"author":[{"embeddable":true,"href":"https:\/\/www.vagadeempregorj.com.br\/fr\/wp-json\/wp\/v2\/users\/1"}],"replies":[{"embeddable":true,"href":"https:\/\/www.vagadeempregorj.com.br\/fr\/wp-json\/wp\/v2\/comments?post=42360"}],"version-history":[{"count":1,"href":"https:\/\/www.vagadeempregorj.com.br\/fr\/wp-json\/wp\/v2\/posts\/42360\/revisions"}],"predecessor-version":[{"id":43606,"href":"https:\/\/www.vagadeempregorj.com.br\/fr\/wp-json\/wp\/v2\/posts\/42360\/revisions\/43606"}],"wp:featuredmedia":[{"embeddable":true,"href":"https:\/\/www.vagadeempregorj.com.br\/fr\/wp-json\/wp\/v2\/media\/42361"}],"wp:attachment":[{"href":"https:\/\/www.vagadeempregorj.com.br\/fr\/wp-json\/wp\/v2\/media?parent=42360"}],"wp:term":[{"taxonomy":"category","embeddable":true,"href":"https:\/\/www.vagadeempregorj.com.br\/fr\/wp-json\/wp\/v2\/categories?post=42360"},{"taxonomy":"post_tag","embeddable":true,"href":"https:\/\/www.vagadeempregorj.com.br\/fr\/wp-json\/wp\/v2\/tags?post=42360"}],"curies":[{"name":"wp","href":"https:\/\/api.w.org\/{rel}","templated":true}]}}