{"id":42363,"date":"2025-01-30T09:55:56","date_gmt":"2025-01-30T12:55:56","guid":{"rendered":"https:\/\/www.vagadeempregorj.com.br\/?p=42363"},"modified":"2025-01-31T09:17:59","modified_gmt":"2025-01-31T12:17:59","slug":"luz-para-todos-impacto-na-saude-das-comunidades","status":"publish","type":"post","link":"https:\/\/www.vagadeempregorj.com.br\/fr\/luz-para-todos-impacto-na-saude-das-comunidades\/","title":{"rendered":"Luz para Todos: O Impacto da Energia El\u00e9trica na Sa\u00fade"},"content":{"rendered":"<h2 class=\"wp-block-heading\"><strong>Introdu\u00e7\u00e3o: O Luz para Todos e Seus Benef\u00edcios para a Sa\u00fade<\/strong><\/h2>\n\n\n\n<p class=\"has-medium-font-size\">O Programa <em>Luz para Todos<\/em> \u00e9 uma iniciativa fundamental para a inclus\u00e3o social e melhoria da qualidade de vida no Brasil, principalmente nas \u00e1reas rurais e em comunidades isoladas. Criado para levar energia el\u00e9trica a regi\u00f5es carentes, o programa tem trazido um impacto positivo n\u00e3o apenas no bem-estar social e econ\u00f4mico das popula\u00e7\u00f5es, mas tamb\u00e9m na sa\u00fade das pessoas. A chegada da eletricidade transformou a vida de milh\u00f5es de brasileiros, oferecendo-lhes melhores condi\u00e7\u00f5es de sa\u00fade e acesso a servi\u00e7os m\u00e9dicos.<\/p>\n\n\n\n<h2 class=\"wp-block-heading\"><strong>Como a Energia El\u00e9trica Melhora a Sa\u00fade das Comunidades<\/strong><\/h2>\n\n\n\n<p class=\"has-medium-font-size\">A energia el\u00e9trica tem o poder de transformar profundamente as condi\u00e7\u00f5es de sa\u00fade das comunidades. Ao facilitar o acesso a servi\u00e7os essenciais e melhorar as condi\u00e7\u00f5es de higiene e seguran\u00e7a, o programa <em>Luz para Todos<\/em> contribui significativamente para a preven\u00e7\u00e3o de doen\u00e7as e para a promo\u00e7\u00e3o de uma vida mais saud\u00e1vel. Abaixo, detalhamos como o acesso \u00e0 energia el\u00e9trica tem um impacto direto na sa\u00fade das pessoas:<\/p>\n\n\n\n<ol class=\"wp-block-list\">\n<li class=\"has-medium-font-size\"><strong>Preven\u00e7\u00e3o de doen\u00e7as respirat\u00f3rias:<\/strong> Nas \u00e1reas sem eletricidade, muitas fam\u00edlias utilizam lenha, carv\u00e3o ou outros combust\u00edveis s\u00f3lidos para cozinhar e aquecer suas casas. Esses combust\u00edveis geram fuma\u00e7a, que \u00e9 prejudicial \u00e0 sa\u00fade, causando doen\u00e7as respirat\u00f3rias, como asma e bronquite. Com a chegada da energia el\u00e9trica, as pessoas podem utilizar fog\u00f5es e aquecedores el\u00e9tricos, que n\u00e3o emitem fuma\u00e7a, proporcionando um ambiente mais saud\u00e1vel e reduzindo o risco de doen\u00e7as respirat\u00f3rias.<\/li>\n\n\n\n<li class=\"has-medium-font-size\"><strong>Seguran\u00e7a alimentar:<\/strong> Outro benef\u00edcio importante da eletrifica\u00e7\u00e3o \u00e9 a melhoria das condi\u00e7\u00f5es de armazenamento de alimentos. Ao ter acesso a geladeiras e freezers, as fam\u00edlias podem armazenar alimentos de forma mais adequada, evitando que se estraguem rapidamente. Isso diminui o risco de doen\u00e7as causadas por alimentos mal conservados, como intoxica\u00e7\u00f5es alimentares e infec\u00e7\u00f5es.<\/li>\n\n\n\n<li class=\"has-medium-font-size\"><strong>Acesso a servi\u00e7os de sa\u00fade e cuidados m\u00e9dicos:<\/strong> A eletrifica\u00e7\u00e3o tamb\u00e9m tem um papel crucial no fortalecimento dos servi\u00e7os de sa\u00fade. Com energia el\u00e9trica, unidades de sa\u00fade, postos de sa\u00fade e hospitais podem operar de forma mais eficiente, utilizando equipamentos m\u00e9dicos essenciais, como ventiladores, desfibriladores, refrigeradores para vacinas e ilumina\u00e7\u00e3o adequada para atendimentos m\u00e9dicos. Isso garante que as popula\u00e7\u00f5es em \u00e1reas remotas tenham acesso a tratamentos e cuidados m\u00e9dicos, o que aumenta as chances de sobreviv\u00eancia e diminui a mortalidade.<\/li>\n\n\n\n<li class=\"has-medium-font-size\"><strong>Ambientes mais seguros:<\/strong> A eletricidade tamb\u00e9m melhora a seguran\u00e7a das fam\u00edlias e das comunidades. A ilumina\u00e7\u00e3o nas casas e nas vias p\u00fablicas reduz os riscos de acidentes dom\u00e9sticos, como quedas e queimaduras causadas por velas ou l\u00e2mpadas a \u00f3leo. Al\u00e9m disso, a ilumina\u00e7\u00e3o p\u00fablica contribui para a seguran\u00e7a nas ruas, ajudando a prevenir crimes e aumentando a sensa\u00e7\u00e3o de seguran\u00e7a para todos os moradores.<\/li>\n<\/ol>\n\n\n\n<h2 class=\"wp-block-heading\"><strong>Luz para Todos: Transformando a Sa\u00fade P\u00fablica no Brasil<\/strong><\/h2>\n\n\n\n<p class=\"has-medium-font-size\">O <em>Luz para Todos<\/em> tem sido uma verdadeira revolu\u00e7\u00e3o no acesso \u00e0 sa\u00fade para as popula\u00e7\u00f5es em regi\u00f5es remotas do Brasil. Muitas dessas comunidades, antes da implementa\u00e7\u00e3o do programa, enfrentavam s\u00e9rias dificuldades para ter acesso a servi\u00e7os m\u00e9dicos e condi\u00e7\u00f5es m\u00ednimas de higiene. A eletrifica\u00e7\u00e3o possibilita que essas \u00e1reas tenham acesso n\u00e3o s\u00f3 \u00e0 energia para consumo dom\u00e9stico, mas tamb\u00e9m para apoiar a infraestrutura de sa\u00fade local.<\/p>\n\n\n\n<p class=\"has-medium-font-size\">Al\u00e9m disso, a melhora nas condi\u00e7\u00f5es de vida tamb\u00e9m tem um impacto indireto no bem-estar mental das pessoas. A possibilidade de ter acesso a entretenimento, como assistir \u00e0 televis\u00e3o ou ouvir r\u00e1dio, reduz os n\u00edveis de estresse, proporciona momentos de lazer e melhora a sa\u00fade emocional, o que \u00e9 essencial para a qualidade de vida.<\/p>\n\n\n\n<h2 class=\"wp-block-heading\"><strong>Como Chegar at\u00e9 o Luz para Todos<\/strong><\/h2>\n\n\n\n<p class=\"has-medium-font-size\">Se voc\u00ea deseja mais informa\u00e7\u00f5es sobre o programa e saber como ele pode beneficiar sua comunidade, visite o site oficial do Luz para Todos <a href=\"https:\/\/www.gov.br\/mme\/pt-br\/destaques\/Programa%20Luz%20para%20Todos\">aqui<\/a> para detalhes sobre ades\u00e3o e atualiza\u00e7\u00f5es.<\/p>\n\n\n\n<h2 class=\"wp-block-heading\"><strong>O Futuro do Programa e Seus Desafios<\/strong><\/h2>\n\n\n\n<p class=\"has-medium-font-size\">Apesar dos avan\u00e7os significativos, o programa <em>Luz para Todos<\/em> ainda enfrenta desafios consider\u00e1veis. A expans\u00e3o da rede el\u00e9trica em \u00e1reas remotas e de dif\u00edcil acesso continua sendo um obst\u00e1culo, e \u00e9 necess\u00e1rio investir constantemente em novas tecnologias e em m\u00e9todos de distribui\u00e7\u00e3o mais eficientes. A utiliza\u00e7\u00e3o de fontes de energia renov\u00e1veis, como solar e e\u00f3lica, tem se mostrado uma solu\u00e7\u00e3o promissora para superar essas dificuldades, permitindo que comunidades ainda n\u00e3o atendidas pela rede el\u00e9trica nacional possam se beneficiar da eletrifica\u00e7\u00e3o.<\/p>\n\n\n\n<p class=\"has-medium-font-size\">O desafio tamb\u00e9m \u00e9 garantir que, mesmo nas regi\u00f5es mais afastadas, os servi\u00e7os de sa\u00fade possam se beneficiar das novas instala\u00e7\u00f5es de energia el\u00e9trica. Muitos postos de sa\u00fade enfrentam dificuldades para manter seus servi\u00e7os funcionando em hor\u00e1rios adequados, e a energia el\u00e9trica \u00e9 fundamental para garantir que esses servi\u00e7os operem em sua capacidade m\u00e1xima.<\/p>\n\n\n\n<h2 class=\"wp-block-heading\"><strong>Conclus\u00e3o: O Luz para Todos e a Sa\u00fade das Comunidades<\/strong><\/h2>\n\n\n\n<p class=\"has-medium-font-size\">O <em>Luz para Todos<\/em> \u00e9 muito mais do que um simples programa de eletrifica\u00e7\u00e3o. Ele tem sido uma ferramenta poderosa de transforma\u00e7\u00e3o social e de promo\u00e7\u00e3o da sa\u00fade. Ao levar energia el\u00e9trica para as regi\u00f5es mais carentes, o programa n\u00e3o s\u00f3 melhora a qualidade de vida das pessoas, mas tamb\u00e9m reduz a incid\u00eancia de doen\u00e7as, melhora as condi\u00e7\u00f5es de armazenamento de alimentos e amplia o acesso a servi\u00e7os m\u00e9dicos essenciais.<\/p>\n\n\n\n<p class=\"has-medium-font-size\">A energia el\u00e9trica \u00e9 um fator essencial para garantir a sa\u00fade p\u00fablica no Brasil, e o <em>Luz para Todos<\/em> tem sido um passo fundamental na cria\u00e7\u00e3o de um pa\u00eds mais igualit\u00e1rio, saud\u00e1vel e seguro. Ao continuar expandindo a eletrifica\u00e7\u00e3o, o Brasil estar\u00e1 criando um futuro mais brilhante, tanto no sentido literal quanto figurado, para todos os seus cidad\u00e3os.<\/p>\n\n\n\n<hr class=\"wp-block-separator has-alpha-channel-opacity\"\/>\n\n\n\n<p class=\"has-medium-font-size\"><a href=\"https:\/\/www.vagadeempregorj.com.br\/fr\/beneficios-sociais\/\">A Import\u00e2ncia da Sa\u00fade Preventiva nas Comunidades Rurais do Brasil.<\/a><\/p>","protected":false},"excerpt":{"rendered":"<p>Introdu\u00e7\u00e3o: O Luz para Todos e Seus Benef\u00edcios para a Sa\u00fade O Programa Luz para Todos \u00e9 uma iniciativa fundamental para a inclus\u00e3o social e melhoria da qualidade de vida no Brasil, principalmente nas \u00e1reas rurais e em comunidades isoladas. Criado para levar energia el\u00e9trica a regi\u00f5es carentes, o programa tem trazido um impacto positivo&hellip;&nbsp;<\/p>","protected":false},"author":1,"featured_media":42364,"comment_status":"closed","ping_status":"closed","sticky":false,"template":"","format":"standard","meta":{"neve_meta_sidebar":"","neve_meta_container":"","neve_meta_enable_content_width":"","neve_meta_content_width":0,"neve_meta_title_alignment":"","neve_meta_author_avatar":"","neve_post_elements_order":"","neve_meta_disable_header":"","neve_meta_disable_footer":"","neve_meta_disable_title":"","footnotes":""},"categories":[1],"tags":[1012,993,994,902,980],"class_list":["post-42363","post","type-post","status-publish","format-standard","has-post-thumbnail","hentry","category-beneficios-sociais","tag-acesso-a-saude","tag-energia-eletrica","tag-luz-para-todos","tag-qualidade-de-vida","tag-saude-publica"],"yoast_head":"<!-- This site is optimized with the Yoast SEO plugin v27.5 - https:\/\/yoast.com\/product\/yoast-seo-wordpress\/ -->\n<title>Luz para Todos: O Impacto da Energia El\u00e9trica na Sa\u00fade -<\/title>\n<meta name=\"description\" content=\"Descubra como o programa Luz para Todos impacta a sa\u00fade das comunidades, trazendo benef\u00edcios para o bem-estar e qualidade de vida dos brasileiros.\" \/>\n<meta name=\"robots\" content=\"index, follow, max-snippet:-1, max-image-preview:large, max-video-preview:-1\" \/>\n<link rel=\"canonical\" href=\"https:\/\/www.vagadeempregorj.com.br\/fr\/luz-para-todos-impacto-na-saude-das-comunidades\/\" \/>\n<meta property=\"og:locale\" content=\"fr_FR\" \/>\n<meta property=\"og:type\" content=\"article\" \/>\n<meta property=\"og:title\" content=\"Luz para Todos: O Impacto da Energia El\u00e9trica na Sa\u00fade -\" \/>\n<meta property=\"og:description\" content=\"Descubra como o programa Luz para Todos impacta a sa\u00fade das comunidades, trazendo benef\u00edcios para o bem-estar e qualidade de vida dos brasileiros.\" \/>\n<meta property=\"og:url\" content=\"https:\/\/www.vagadeempregorj.com.br\/fr\/luz-para-todos-impacto-na-saude-das-comunidades\/\" \/>\n<meta property=\"article:publisher\" content=\"https:\/\/www.facebook.com\/empregobrasiloficial\" \/>\n<meta property=\"article:published_time\" content=\"2025-01-30T12:55:56+00:00\" \/>\n<meta property=\"article:modified_time\" content=\"2025-01-31T12:17:59+00:00\" \/>\n<meta property=\"og:image\" content=\"https:\/\/www.vagadeempregorj.com.br\/wp-content\/uploads\/2025\/01\/Luz-para-Todos-1.jpg\" \/>\n\t<meta property=\"og:image:width\" content=\"848\" \/>\n\t<meta property=\"og:image:height\" content=\"635\" \/>\n\t<meta property=\"og:image:type\" content=\"image\/jpeg\" \/>\n<meta name=\"author\" content=\"Ana B.\" \/>\n<meta name=\"twitter:card\" content=\"summary_large_image\" \/>\n<meta name=\"twitter:label1\" content=\"Written by\" \/>\n\t<meta name=\"twitter:data1\" content=\"Ana B.\" \/>\n\t<meta name=\"twitter:label2\" content=\"Est. reading time\" \/>\n\t<meta name=\"twitter:data2\" content=\"5 minutes\" \/>\n<script type=\"application\/ld+json\" class=\"yoast-schema-graph\">{\"@context\":\"https:\\\/\\\/schema.org\",\"@graph\":[{\"@type\":\"Article\",\"@id\":\"https:\\\/\\\/www.vagadeempregorj.com.br\\\/luz-para-todos-impacto-na-saude-das-comunidades\\\/#article\",\"isPartOf\":{\"@id\":\"https:\\\/\\\/www.vagadeempregorj.com.br\\\/luz-para-todos-impacto-na-saude-das-comunidades\\\/\"},\"author\":{\"name\":\"Ana B.\",\"@id\":\"https:\\\/\\\/www.vagadeempregorj.com.br\\\/#\\\/schema\\\/person\\\/c0c38d5d765e86c3b7c8f12fb1ae6477\"},\"headline\":\"Luz para Todos: O Impacto da Energia El\u00e9trica na Sa\u00fade\",\"datePublished\":\"2025-01-30T12:55:56+00:00\",\"dateModified\":\"2025-01-31T12:17:59+00:00\",\"mainEntityOfPage\":{\"@id\":\"https:\\\/\\\/www.vagadeempregorj.com.br\\\/luz-para-todos-impacto-na-saude-das-comunidades\\\/\"},\"wordCount\":1057,\"image\":{\"@id\":\"https:\\\/\\\/www.vagadeempregorj.com.br\\\/luz-para-todos-impacto-na-saude-das-comunidades\\\/#primaryimage\"},\"thumbnailUrl\":\"https:\\\/\\\/www.vagadeempregorj.com.br\\\/wp-content\\\/uploads\\\/2025\\\/01\\\/Luz-para-Todos-1.jpg\",\"keywords\":[\"acesso \u00e0 sa\u00fade\",\"energia el\u00e9trica\",\"luz para todos\",\"qualidade de vida\",\"sa\u00fade p\u00fablica\"],\"articleSection\":[\"Benef\u00edcios Sociais\"],\"inLanguage\":\"fr-FR\"},{\"@type\":\"WebPage\",\"@id\":\"https:\\\/\\\/www.vagadeempregorj.com.br\\\/luz-para-todos-impacto-na-saude-das-comunidades\\\/\",\"url\":\"https:\\\/\\\/www.vagadeempregorj.com.br\\\/luz-para-todos-impacto-na-saude-das-comunidades\\\/\",\"name\":\"Luz para Todos: O Impacto da Energia El\u00e9trica na Sa\u00fade -\",\"isPartOf\":{\"@id\":\"https:\\\/\\\/www.vagadeempregorj.com.br\\\/#website\"},\"primaryImageOfPage\":{\"@id\":\"https:\\\/\\\/www.vagadeempregorj.com.br\\\/luz-para-todos-impacto-na-saude-das-comunidades\\\/#primaryimage\"},\"image\":{\"@id\":\"https:\\\/\\\/www.vagadeempregorj.com.br\\\/luz-para-todos-impacto-na-saude-das-comunidades\\\/#primaryimage\"},\"thumbnailUrl\":\"https:\\\/\\\/www.vagadeempregorj.com.br\\\/wp-content\\\/uploads\\\/2025\\\/01\\\/Luz-para-Todos-1.jpg\",\"datePublished\":\"2025-01-30T12:55:56+00:00\",\"dateModified\":\"2025-01-31T12:17:59+00:00\",\"author\":{\"@id\":\"https:\\\/\\\/www.vagadeempregorj.com.br\\\/#\\\/schema\\\/person\\\/c0c38d5d765e86c3b7c8f12fb1ae6477\"},\"description\":\"Descubra como o programa Luz para Todos impacta a sa\u00fade das comunidades, trazendo benef\u00edcios para o bem-estar e qualidade de vida dos brasileiros.\",\"breadcrumb\":{\"@id\":\"https:\\\/\\\/www.vagadeempregorj.com.br\\\/luz-para-todos-impacto-na-saude-das-comunidades\\\/#breadcrumb\"},\"inLanguage\":\"fr-FR\",\"potentialAction\":[{\"@type\":\"ReadAction\",\"target\":[\"https:\\\/\\\/www.vagadeempregorj.com.br\\\/luz-para-todos-impacto-na-saude-das-comunidades\\\/\"]}]},{\"@type\":\"ImageObject\",\"inLanguage\":\"fr-FR\",\"@id\":\"https:\\\/\\\/www.vagadeempregorj.com.br\\\/luz-para-todos-impacto-na-saude-das-comunidades\\\/#primaryimage\",\"url\":\"https:\\\/\\\/www.vagadeempregorj.com.br\\\/wp-content\\\/uploads\\\/2025\\\/01\\\/Luz-para-Todos-1.jpg\",\"contentUrl\":\"https:\\\/\\\/www.vagadeempregorj.com.br\\\/wp-content\\\/uploads\\\/2025\\\/01\\\/Luz-para-Todos-1.jpg\",\"width\":848,\"height\":635,\"caption\":\"Luz para Todos\"},{\"@type\":\"BreadcrumbList\",\"@id\":\"https:\\\/\\\/www.vagadeempregorj.com.br\\\/luz-para-todos-impacto-na-saude-das-comunidades\\\/#breadcrumb\",\"itemListElement\":[{\"@type\":\"ListItem\",\"position\":1,\"name\":\"In\u00edcio\",\"item\":\"https:\\\/\\\/www.vagadeempregorj.com.br\\\/\"},{\"@type\":\"ListItem\",\"position\":2,\"name\":\"Benef\u00edcios Sociais\",\"item\":\"https:\\\/\\\/www.vagadeempregorj.com.br\\\/beneficios-sociais\\\/\"},{\"@type\":\"ListItem\",\"position\":3,\"name\":\"Luz para Todos: O Impacto da Energia El\u00e9trica na Sa\u00fade\"}]},{\"@type\":\"WebSite\",\"@id\":\"https:\\\/\\\/www.vagadeempregorj.com.br\\\/#website\",\"url\":\"https:\\\/\\\/www.vagadeempregorj.com.br\\\/\",\"name\":\"\",\"description\":\"Conquiste Sonhos: Vagas, Benef\u00edcios e Economia para Transformar Vidas e Alcan\u00e7ar Melhorias Cotidianas\",\"potentialAction\":[{\"@type\":\"SearchAction\",\"target\":{\"@type\":\"EntryPoint\",\"urlTemplate\":\"https:\\\/\\\/www.vagadeempregorj.com.br\\\/?s={search_term_string}\"},\"query-input\":{\"@type\":\"PropertyValueSpecification\",\"valueRequired\":true,\"valueName\":\"search_term_string\"}}],\"inLanguage\":\"fr-FR\"},{\"@type\":\"Person\",\"@id\":\"https:\\\/\\\/www.vagadeempregorj.com.br\\\/#\\\/schema\\\/person\\\/c0c38d5d765e86c3b7c8f12fb1ae6477\",\"name\":\"Ana B.\",\"image\":{\"@type\":\"ImageObject\",\"inLanguage\":\"fr-FR\",\"@id\":\"https:\\\/\\\/secure.gravatar.com\\\/avatar\\\/f5efa58599e07f8dd92f26c7cfbc442fd115582bc681245452e503c2ef2334f3?s=96&r=g\",\"url\":\"https:\\\/\\\/secure.gravatar.com\\\/avatar\\\/f5efa58599e07f8dd92f26c7cfbc442fd115582bc681245452e503c2ef2334f3?s=96&r=g\",\"contentUrl\":\"https:\\\/\\\/secure.gravatar.com\\\/avatar\\\/f5efa58599e07f8dd92f26c7cfbc442fd115582bc681245452e503c2ef2334f3?s=96&r=g\",\"caption\":\"Ana B.\"},\"description\":\"Meu nome \u00e9 Ana e sou apaixonada em escrever. Dedico meu tempo escrevendo not\u00edcias e vagas de emprego diariamente no portal Vaga de Emprego RJ.\",\"url\":\"https:\\\/\\\/www.vagadeempregorj.com.br\\\/fr\\\/author\\\/vgrj\\\/\"}]}<\/script>\n<!-- \/ Yoast SEO plugin. -->","yoast_head_json":{"title":"Luz para Todos: O Impacto da Energia El\u00e9trica na Sa\u00fade -","description":"Descubra como o programa Luz para Todos impacta a sa\u00fade das comunidades, trazendo benef\u00edcios para o bem-estar e qualidade de vida dos brasileiros.","robots":{"index":"index","follow":"follow","max-snippet":"max-snippet:-1","max-image-preview":"max-image-preview:large","max-video-preview":"max-video-preview:-1"},"canonical":"https:\/\/www.vagadeempregorj.com.br\/fr\/luz-para-todos-impacto-na-saude-das-comunidades\/","og_locale":"fr_FR","og_type":"article","og_title":"Luz para Todos: O Impacto da Energia El\u00e9trica na Sa\u00fade -","og_description":"Descubra como o programa Luz para Todos impacta a sa\u00fade das comunidades, trazendo benef\u00edcios para o bem-estar e qualidade de vida dos brasileiros.","og_url":"https:\/\/www.vagadeempregorj.com.br\/fr\/luz-para-todos-impacto-na-saude-das-comunidades\/","article_publisher":"https:\/\/www.facebook.com\/empregobrasiloficial","article_published_time":"2025-01-30T12:55:56+00:00","article_modified_time":"2025-01-31T12:17:59+00:00","og_image":[{"width":848,"height":635,"url":"https:\/\/www.vagadeempregorj.com.br\/wp-content\/uploads\/2025\/01\/Luz-para-Todos-1.jpg","type":"image\/jpeg"}],"author":"Ana B.","twitter_card":"summary_large_image","twitter_misc":{"Written by":"Ana B.","Est. reading time":"5 minutes"},"schema":{"@context":"https:\/\/schema.org","@graph":[{"@type":"Article","@id":"https:\/\/www.vagadeempregorj.com.br\/luz-para-todos-impacto-na-saude-das-comunidades\/#article","isPartOf":{"@id":"https:\/\/www.vagadeempregorj.com.br\/luz-para-todos-impacto-na-saude-das-comunidades\/"},"author":{"name":"Ana B.","@id":"https:\/\/www.vagadeempregorj.com.br\/#\/schema\/person\/c0c38d5d765e86c3b7c8f12fb1ae6477"},"headline":"Luz para Todos: O Impacto da Energia El\u00e9trica na Sa\u00fade","datePublished":"2025-01-30T12:55:56+00:00","dateModified":"2025-01-31T12:17:59+00:00","mainEntityOfPage":{"@id":"https:\/\/www.vagadeempregorj.com.br\/luz-para-todos-impacto-na-saude-das-comunidades\/"},"wordCount":1057,"image":{"@id":"https:\/\/www.vagadeempregorj.com.br\/luz-para-todos-impacto-na-saude-das-comunidades\/#primaryimage"},"thumbnailUrl":"https:\/\/www.vagadeempregorj.com.br\/wp-content\/uploads\/2025\/01\/Luz-para-Todos-1.jpg","keywords":["acesso \u00e0 sa\u00fade","energia el\u00e9trica","luz para todos","qualidade de vida","sa\u00fade p\u00fablica"],"articleSection":["Benef\u00edcios Sociais"],"inLanguage":"fr-FR"},{"@type":"WebPage","@id":"https:\/\/www.vagadeempregorj.com.br\/luz-para-todos-impacto-na-saude-das-comunidades\/","url":"https:\/\/www.vagadeempregorj.com.br\/luz-para-todos-impacto-na-saude-das-comunidades\/","name":"Luz para Todos: O Impacto da Energia El\u00e9trica na Sa\u00fade -","isPartOf":{"@id":"https:\/\/www.vagadeempregorj.com.br\/#website"},"primaryImageOfPage":{"@id":"https:\/\/www.vagadeempregorj.com.br\/luz-para-todos-impacto-na-saude-das-comunidades\/#primaryimage"},"image":{"@id":"https:\/\/www.vagadeempregorj.com.br\/luz-para-todos-impacto-na-saude-das-comunidades\/#primaryimage"},"thumbnailUrl":"https:\/\/www.vagadeempregorj.com.br\/wp-content\/uploads\/2025\/01\/Luz-para-Todos-1.jpg","datePublished":"2025-01-30T12:55:56+00:00","dateModified":"2025-01-31T12:17:59+00:00","author":{"@id":"https:\/\/www.vagadeempregorj.com.br\/#\/schema\/person\/c0c38d5d765e86c3b7c8f12fb1ae6477"},"description":"Descubra como o programa Luz para Todos impacta a sa\u00fade das comunidades, trazendo benef\u00edcios para o bem-estar e qualidade de vida dos brasileiros.","breadcrumb":{"@id":"https:\/\/www.vagadeempregorj.com.br\/luz-para-todos-impacto-na-saude-das-comunidades\/#breadcrumb"},"inLanguage":"fr-FR","potentialAction":[{"@type":"ReadAction","target":["https:\/\/www.vagadeempregorj.com.br\/luz-para-todos-impacto-na-saude-das-comunidades\/"]}]},{"@type":"ImageObject","inLanguage":"fr-FR","@id":"https:\/\/www.vagadeempregorj.com.br\/luz-para-todos-impacto-na-saude-das-comunidades\/#primaryimage","url":"https:\/\/www.vagadeempregorj.com.br\/wp-content\/uploads\/2025\/01\/Luz-para-Todos-1.jpg","contentUrl":"https:\/\/www.vagadeempregorj.com.br\/wp-content\/uploads\/2025\/01\/Luz-para-Todos-1.jpg","width":848,"height":635,"caption":"Luz para Todos"},{"@type":"BreadcrumbList","@id":"https:\/\/www.vagadeempregorj.com.br\/luz-para-todos-impacto-na-saude-das-comunidades\/#breadcrumb","itemListElement":[{"@type":"ListItem","position":1,"name":"In\u00edcio","item":"https:\/\/www.vagadeempregorj.com.br\/"},{"@type":"ListItem","position":2,"name":"Benef\u00edcios Sociais","item":"https:\/\/www.vagadeempregorj.com.br\/beneficios-sociais\/"},{"@type":"ListItem","position":3,"name":"Luz para Todos: O Impacto da Energia El\u00e9trica na Sa\u00fade"}]},{"@type":"WebSite","@id":"https:\/\/www.vagadeempregorj.com.br\/#website","url":"https:\/\/www.vagadeempregorj.com.br\/","name":"","description":"Conquiste Sonhos: Vagas, Benef\u00edcios e Economia para Transformar Vidas e Alcan\u00e7ar Melhorias Cotidianas","potentialAction":[{"@type":"SearchAction","target":{"@type":"EntryPoint","urlTemplate":"https:\/\/www.vagadeempregorj.com.br\/?s={search_term_string}"},"query-input":{"@type":"PropertyValueSpecification","valueRequired":true,"valueName":"search_term_string"}}],"inLanguage":"fr-FR"},{"@type":"Person","@id":"https:\/\/www.vagadeempregorj.com.br\/#\/schema\/person\/c0c38d5d765e86c3b7c8f12fb1ae6477","name":"Ana B.","image":{"@type":"ImageObject","inLanguage":"fr-FR","@id":"https:\/\/secure.gravatar.com\/avatar\/f5efa58599e07f8dd92f26c7cfbc442fd115582bc681245452e503c2ef2334f3?s=96&r=g","url":"https:\/\/secure.gravatar.com\/avatar\/f5efa58599e07f8dd92f26c7cfbc442fd115582bc681245452e503c2ef2334f3?s=96&r=g","contentUrl":"https:\/\/secure.gravatar.com\/avatar\/f5efa58599e07f8dd92f26c7cfbc442fd115582bc681245452e503c2ef2334f3?s=96&r=g","caption":"Ana B."},"description":"Meu nome \u00e9 Ana e sou apaixonada em escrever. Dedico meu tempo escrevendo not\u00edcias e vagas de emprego diariamente no portal Vaga de Emprego RJ.","url":"https:\/\/www.vagadeempregorj.com.br\/fr\/author\/vgrj\/"}]}},"_links":{"self":[{"href":"https:\/\/www.vagadeempregorj.com.br\/fr\/wp-json\/wp\/v2\/posts\/42363","targetHints":{"allow":["GET"]}}],"collection":[{"href":"https:\/\/www.vagadeempregorj.com.br\/fr\/wp-json\/wp\/v2\/posts"}],"about":[{"href":"https:\/\/www.vagadeempregorj.com.br\/fr\/wp-json\/wp\/v2\/types\/post"}],"author":[{"embeddable":true,"href":"https:\/\/www.vagadeempregorj.com.br\/fr\/wp-json\/wp\/v2\/users\/1"}],"replies":[{"embeddable":true,"href":"https:\/\/www.vagadeempregorj.com.br\/fr\/wp-json\/wp\/v2\/comments?post=42363"}],"version-history":[{"count":0,"href":"https:\/\/www.vagadeempregorj.com.br\/fr\/wp-json\/wp\/v2\/posts\/42363\/revisions"}],"wp:featuredmedia":[{"embeddable":true,"href":"https:\/\/www.vagadeempregorj.com.br\/fr\/wp-json\/wp\/v2\/media\/42364"}],"wp:attachment":[{"href":"https:\/\/www.vagadeempregorj.com.br\/fr\/wp-json\/wp\/v2\/media?parent=42363"}],"wp:term":[{"taxonomy":"category","embeddable":true,"href":"https:\/\/www.vagadeempregorj.com.br\/fr\/wp-json\/wp\/v2\/categories?post=42363"},{"taxonomy":"post_tag","embeddable":true,"href":"https:\/\/www.vagadeempregorj.com.br\/fr\/wp-json\/wp\/v2\/tags?post=42363"}],"curies":[{"name":"wp","href":"https:\/\/api.w.org\/{rel}","templated":true}]}}