{"id":42412,"date":"2025-01-31T08:27:39","date_gmt":"2025-01-31T11:27:39","guid":{"rendered":"https:\/\/www.vagadeempregorj.com.br\/?p=42412"},"modified":"2025-06-15T14:46:34","modified_gmt":"2025-06-15T17:46:34","slug":"segunda-chamada-etec-2025-documentos-datas","status":"publish","type":"post","link":"https:\/\/www.vagadeempregorj.com.br\/fr\/segunda-chamada-etec-2025-documentos-datas\/","title":{"rendered":"Segunda Chamada Etec 2025: Documentos e Datas Importantes"},"content":{"rendered":"<p class=\"has-medium-font-size\">A segunda chamada da Etec 2025 para matr\u00edculas nos cursos online acontece nesta quinta-feira (30). Portanto, os candidatos convocados devem apresentar a documenta\u00e7\u00e3o at\u00e9 sexta-feira (31). Al\u00e9m disso, todas as etapas do processo ocorrer\u00e3o por e-mail, incluindo o envio e a an\u00e1lise de documentos, recursos e novas chamadas, caso ainda restem vagas.<\/p>\n\n\n\n<h2 class=\"wp-block-heading\">Documentos Necess\u00e1rios para Matr\u00edcula<\/h2>\n\n\n\n<h3 class=\"wp-block-heading\">Ensino T\u00e9cnico &#8211; Primeiro M\u00f3dulo<\/h3>\n\n\n\n<p class=\"has-medium-font-size\">Para ingressar no primeiro m\u00f3dulo do Ensino T\u00e9cnico, o candidato precisa apresentar os seguintes documentos:<\/p>\n\n\n\n<ul class=\"wp-block-list\">\n<li class=\"has-medium-font-size\">Documento de identidade (RG, CRNM ou CNH);<\/li>\n\n\n\n<li class=\"has-medium-font-size\">CPF ou documento com o n\u00famero do CPF;<\/li>\n\n\n\n<li class=\"has-medium-font-size\">Foto 3&#215;4 recente, com fundo neutro;<\/li>\n\n\n\n<li class=\"has-medium-font-size\">Hist\u00f3rico escolar ou declara\u00e7\u00e3o de conclus\u00e3o do Ensino M\u00e9dio;<\/li>\n\n\n\n<li class=\"has-medium-font-size\">Para estudantes do EJA ou Encceja, documento de conclus\u00e3o ou de matr\u00edcula.<\/li>\n<\/ul>\n\n\n\n<h3 class=\"wp-block-heading\">Cursos T\u00e9cnicos &#8211; Segundo M\u00f3dulo e Vagas Remanescentes<\/h3>\n\n\n\n<p class=\"has-medium-font-size\">Para matr\u00edcula no segundo m\u00f3dulo ou em vagas remanescentes, os documentos exigidos s\u00e3o:<\/p>\n\n\n\n<ul class=\"wp-block-list\">\n<li class=\"has-medium-font-size\">Documento de identidade (RG, CRNM ou CNH);<\/li>\n\n\n\n<li class=\"has-medium-font-size\">CPF ou documento com o n\u00famero do CPF;<\/li>\n\n\n\n<li class=\"has-medium-font-size\">Foto 3&#215;4 recente;<\/li>\n\n\n\n<li class=\"has-medium-font-size\">Hist\u00f3rico escolar com certificado de conclus\u00e3o do Ensino M\u00e9dio;<\/li>\n\n\n\n<li class=\"has-medium-font-size\">Para candidatos via Enem (at\u00e9 2016) ou Encceja, apresenta\u00e7\u00e3o do certificado correspondente.<\/li>\n<\/ul>\n\n\n\n<h3 class=\"wp-block-heading\">Especializa\u00e7\u00e3o T\u00e9cnica de N\u00edvel M\u00e9dio<\/h3>\n\n\n\n<p class=\"has-medium-font-size\">Os candidatos que optarem por cursos de especializa\u00e7\u00e3o devem apresentar:<\/p>\n\n\n\n<ul class=\"wp-block-list\">\n<li class=\"has-medium-font-size\">Documento de identidade (RG, CRNM ou CNH);<\/li>\n\n\n\n<li class=\"has-medium-font-size\">CPF ou documento com o n\u00famero do CPF;<\/li>\n\n\n\n<li class=\"has-medium-font-size\">Foto 3&#215;4 recente;<\/li>\n\n\n\n<li class=\"has-medium-font-size\">Certificado de Conclus\u00e3o de Curso T\u00e9cnico equivalente ao curso escolhido;<\/li>\n\n\n\n<li class=\"has-medium-font-size\">Para o curso de Gest\u00e3o de Projetos Online, certificado de curso superior tamb\u00e9m \u00e9 aceito.<\/li>\n<\/ul>\n\n\n\n<h2 class=\"wp-block-heading\">Sistema de Pontua\u00e7\u00e3o Acrescida<\/h2>\n\n\n\n<p class=\"has-medium-font-size\">Os candidatos que utilizaram esse sistema devem apresentar um hist\u00f3rico escolar detalhado, comprovando que cursaram integralmente da 5\u00aa \u00e0 8\u00aa s\u00e9rie ou do 6\u00ba ao 9\u00ba ano do Ensino Fundamental em escolas p\u00fablicas. Dessa forma, \u00e9 poss\u00edvel validar a elegibilidade para a vaga.<\/p>\n\n\n\n<h2 class=\"wp-block-heading\">Calend\u00e1rio da Segunda Chamada Etec 2025<\/h2>\n\n\n\n<ul class=\"wp-block-list\">\n<li class=\"has-medium-font-size\"><strong>30 e 31 de janeiro:<\/strong> Apresenta\u00e7\u00e3o de documentos para matr\u00edcula. Portanto, os candidatos devem se atentar aos prazos e garantir o envio correto da documenta\u00e7\u00e3o para confirmar a vaga.<\/li>\n\n\n\n<li class=\"has-medium-font-size\"><strong>5 de fevereiro<\/strong>: Resultado da an\u00e1lise da documenta\u00e7\u00e3o, por e-mail;<\/li>\n\n\n\n<li class=\"has-medium-font-size\"><strong>5 e 6 de fevereiro<\/strong>: Per\u00edodo de recurso para matr\u00edculas indeferidas;<\/li>\n\n\n\n<li class=\"has-medium-font-size\"><strong>7 de fevereiro<\/strong>: Resultado dos recursos e terceira chamada (se houver vagas);<\/li>\n\n\n\n<li class=\"has-medium-font-size\"><strong>8 de fevereiro<\/strong>: Envio da documenta\u00e7\u00e3o para a terceira chamada;<\/li>\n\n\n\n<li class=\"has-medium-font-size\"><strong>10 de fevereiro<\/strong>: Resultado da an\u00e1lise da terceira chamada e prazo para recurso;<\/li>\n\n\n\n<li class=\"has-medium-font-size\"><strong>11 de fevereiro<\/strong>: Publica\u00e7\u00e3o dos resultados dos recursos e quarta chamada (se houver vagas);<\/li>\n\n\n\n<li class=\"has-medium-font-size\"><strong>12 de fevereiro<\/strong>: Envio da documenta\u00e7\u00e3o da quarta chamada.<\/li>\n<\/ul>\n\n\n\n<h2 class=\"wp-block-heading\">Como Obter Mais Informa\u00e7\u00f5es<\/h2>\n\n\n\n<p class=\"has-medium-font-size\">D\u00favidas podem ser esclarecidas pelos telefones (11) 3471-4071 (capital e Grande S\u00e3o Paulo) e 0800-772-2829 (demais localidades). Al\u00e9m disso, o site oficial da Etec disp\u00f5e de informa\u00e7\u00f5es detalhadas sobre todo o processo, incluindo prazos, documentos necess\u00e1rios e pr\u00f3ximas etapas.<\/p>\n\n\n\n<h2 class=\"wp-block-heading\">Import\u00e2ncia da Matr\u00edcula na Segunda Chamada<\/h2>\n\n\n\n<p class=\"has-medium-font-size\">A segunda chamada \u00e9 essencial para garantir que todas as vagas sejam preenchidas. Isso porque muitos candidatos deixam de realizar a matr\u00edcula na primeira chamada, o que abre espa\u00e7o para novos convocados. Por isso, \u00e9 fundamental acompanhar os prazos e, al\u00e9m disso, preparar a documenta\u00e7\u00e3o com anteced\u00eancia.<\/p>\n\n\n\n<h2 class=\"wp-block-heading\">Benef\u00edcios dos Cursos das Etecs<\/h2>\n\n\n\n<p class=\"has-medium-font-size\">Os cursos das Escolas T\u00e9cnicas Estaduais (Etecs) s\u00e3o reconhecidos por sua qualidade e alta taxa de empregabilidade. Al\u00e9m disso, com uma forma\u00e7\u00e3o t\u00e9cnica, os alunos saem preparados para o mercado de trabalho e, assim, podem atuar em diversas \u00e1reas.<\/p>\n\n\n\n<h2 class=\"wp-block-heading\">Conclus\u00e3o<\/h2>\n\n\n\n<p class=\"has-medium-font-size\">A segunda chamada da Etec 2025 \u00e9 uma excelente op\u00e7\u00e3o para quem deseja ingressar nos cursos t\u00e9cnicos. Por isso, \u00e9 fundamental estar atento aos prazos e, al\u00e9m disso, garantir toda a documenta\u00e7\u00e3o necess\u00e1ria. Dessa forma, os candidatos evitam perder a chance de estudar em uma institui\u00e7\u00e3o de refer\u00eancia.<\/p>\n\n\n\n<hr class=\"wp-block-separator has-alpha-channel-opacity\"\/>\n\n\n\n<p class=\"has-medium-font-size\"><a href=\"https:\/\/www.vagadeempregorj.com.br\/fr\/cursos\/\">Calend\u00e1rio Completo do Vestibulinho Etec 2025.<\/a><\/p>","protected":false},"excerpt":{"rendered":"<p>A segunda chamada da Etec 2025 para matr\u00edculas nos cursos online acontece nesta quinta-feira (30). Portanto, os candidatos convocados devem apresentar a documenta\u00e7\u00e3o at\u00e9 sexta-feira (31). Al\u00e9m disso, todas as etapas do processo ocorrer\u00e3o por e-mail, incluindo o envio e a an\u00e1lise de documentos, recursos e novas chamadas, caso ainda restem vagas. Documentos Necess\u00e1rios para&hellip;&nbsp;<\/p>","protected":false},"author":1,"featured_media":42413,"comment_status":"closed","ping_status":"closed","sticky":false,"template":"","format":"standard","meta":{"neve_meta_sidebar":"","neve_meta_container":"","neve_meta_enable_content_width":"","neve_meta_content_width":0,"neve_meta_title_alignment":"","neve_meta_author_avatar":"","neve_post_elements_order":"","neve_meta_disable_header":"","neve_meta_disable_footer":"","neve_meta_disable_title":"","footnotes":""},"categories":[703],"tags":[1016,1017,1013,1015,1014],"class_list":["post-42412","post","type-post","status-publish","format-standard","has-post-thumbnail","hentry","category-informacao-tecnologica-e-curiosidades","tag-cursos-tecnicos","tag-documentacao-etec","tag-etec-2025","tag-matricula-etec","tag-segunda-chamada"],"yoast_head":"<!-- This site is optimized with the Yoast SEO plugin v27.5 - https:\/\/yoast.com\/product\/yoast-seo-wordpress\/ -->\n<title>Segunda Chamada Etec 2025: Documentos e Datas Importantes -<\/title>\n<meta name=\"description\" content=\"Confira os prazos e documentos para a segunda chamada Etec 2025. Garanta sua matr\u00edcula e n\u00e3o perca essa oportunidade!\" \/>\n<meta name=\"robots\" content=\"index, follow, max-snippet:-1, max-image-preview:large, max-video-preview:-1\" \/>\n<link rel=\"canonical\" href=\"https:\/\/www.vagadeempregorj.com.br\/fr\/segunda-chamada-etec-2025-documentos-datas\/\" \/>\n<meta property=\"og:locale\" content=\"fr_FR\" \/>\n<meta property=\"og:type\" content=\"article\" \/>\n<meta property=\"og:title\" content=\"Segunda Chamada Etec 2025: Documentos e Datas Importantes -\" \/>\n<meta property=\"og:description\" content=\"Confira os prazos e documentos para a segunda chamada Etec 2025. Garanta sua matr\u00edcula e n\u00e3o perca essa oportunidade!\" \/>\n<meta property=\"og:url\" content=\"https:\/\/www.vagadeempregorj.com.br\/fr\/segunda-chamada-etec-2025-documentos-datas\/\" \/>\n<meta property=\"article:publisher\" content=\"https:\/\/www.facebook.com\/empregobrasiloficial\" \/>\n<meta property=\"article:published_time\" content=\"2025-01-31T11:27:39+00:00\" \/>\n<meta property=\"article:modified_time\" content=\"2025-06-15T17:46:34+00:00\" \/>\n<meta property=\"og:image\" content=\"https:\/\/www.vagadeempregorj.com.br\/wp-content\/uploads\/2025\/01\/Segunda-chamada-Etec-2025.jpg\" \/>\n\t<meta property=\"og:image:width\" content=\"766\" \/>\n\t<meta property=\"og:image:height\" content=\"514\" \/>\n\t<meta property=\"og:image:type\" content=\"image\/jpeg\" \/>\n<meta name=\"author\" content=\"Ana B.\" \/>\n<meta name=\"twitter:card\" content=\"summary_large_image\" \/>\n<meta name=\"twitter:label1\" content=\"Written by\" \/>\n\t<meta name=\"twitter:data1\" content=\"Ana B.\" \/>\n\t<meta name=\"twitter:label2\" content=\"Est. reading time\" \/>\n\t<meta name=\"twitter:data2\" content=\"3 minutes\" \/>\n<script type=\"application\/ld+json\" class=\"yoast-schema-graph\">{\"@context\":\"https:\\\/\\\/schema.org\",\"@graph\":[{\"@type\":\"Article\",\"@id\":\"https:\\\/\\\/www.vagadeempregorj.com.br\\\/segunda-chamada-etec-2025-documentos-datas\\\/#article\",\"isPartOf\":{\"@id\":\"https:\\\/\\\/www.vagadeempregorj.com.br\\\/segunda-chamada-etec-2025-documentos-datas\\\/\"},\"author\":{\"name\":\"Ana B.\",\"@id\":\"https:\\\/\\\/www.vagadeempregorj.com.br\\\/#\\\/schema\\\/person\\\/c0c38d5d765e86c3b7c8f12fb1ae6477\"},\"headline\":\"Segunda Chamada Etec 2025: Documentos e Datas Importantes\",\"datePublished\":\"2025-01-31T11:27:39+00:00\",\"dateModified\":\"2025-06-15T17:46:34+00:00\",\"mainEntityOfPage\":{\"@id\":\"https:\\\/\\\/www.vagadeempregorj.com.br\\\/segunda-chamada-etec-2025-documentos-datas\\\/\"},\"wordCount\":656,\"image\":{\"@id\":\"https:\\\/\\\/www.vagadeempregorj.com.br\\\/segunda-chamada-etec-2025-documentos-datas\\\/#primaryimage\"},\"thumbnailUrl\":\"https:\\\/\\\/www.vagadeempregorj.com.br\\\/wp-content\\\/uploads\\\/2025\\\/01\\\/Segunda-chamada-Etec-2025.jpg\",\"keywords\":[\"cursos t\u00e9cnicos\",\"documenta\u00e7\u00e3o Etec\",\"Etec 2025\",\"matr\u00edcula Etec\",\"segunda chamada\"],\"articleSection\":[\"Informa\u00e7\u00e3o Tecnol\u00f3gica, Curiosidades e Cursos\"],\"inLanguage\":\"fr-FR\"},{\"@type\":\"WebPage\",\"@id\":\"https:\\\/\\\/www.vagadeempregorj.com.br\\\/segunda-chamada-etec-2025-documentos-datas\\\/\",\"url\":\"https:\\\/\\\/www.vagadeempregorj.com.br\\\/segunda-chamada-etec-2025-documentos-datas\\\/\",\"name\":\"Segunda Chamada Etec 2025: Documentos e Datas Importantes -\",\"isPartOf\":{\"@id\":\"https:\\\/\\\/www.vagadeempregorj.com.br\\\/#website\"},\"primaryImageOfPage\":{\"@id\":\"https:\\\/\\\/www.vagadeempregorj.com.br\\\/segunda-chamada-etec-2025-documentos-datas\\\/#primaryimage\"},\"image\":{\"@id\":\"https:\\\/\\\/www.vagadeempregorj.com.br\\\/segunda-chamada-etec-2025-documentos-datas\\\/#primaryimage\"},\"thumbnailUrl\":\"https:\\\/\\\/www.vagadeempregorj.com.br\\\/wp-content\\\/uploads\\\/2025\\\/01\\\/Segunda-chamada-Etec-2025.jpg\",\"datePublished\":\"2025-01-31T11:27:39+00:00\",\"dateModified\":\"2025-06-15T17:46:34+00:00\",\"author\":{\"@id\":\"https:\\\/\\\/www.vagadeempregorj.com.br\\\/#\\\/schema\\\/person\\\/c0c38d5d765e86c3b7c8f12fb1ae6477\"},\"description\":\"Confira os prazos e documentos para a segunda chamada Etec 2025. Garanta sua matr\u00edcula e n\u00e3o perca essa oportunidade!\",\"breadcrumb\":{\"@id\":\"https:\\\/\\\/www.vagadeempregorj.com.br\\\/segunda-chamada-etec-2025-documentos-datas\\\/#breadcrumb\"},\"inLanguage\":\"fr-FR\",\"potentialAction\":[{\"@type\":\"ReadAction\",\"target\":[\"https:\\\/\\\/www.vagadeempregorj.com.br\\\/segunda-chamada-etec-2025-documentos-datas\\\/\"]}]},{\"@type\":\"ImageObject\",\"inLanguage\":\"fr-FR\",\"@id\":\"https:\\\/\\\/www.vagadeempregorj.com.br\\\/segunda-chamada-etec-2025-documentos-datas\\\/#primaryimage\",\"url\":\"https:\\\/\\\/www.vagadeempregorj.com.br\\\/wp-content\\\/uploads\\\/2025\\\/01\\\/Segunda-chamada-Etec-2025.jpg\",\"contentUrl\":\"https:\\\/\\\/www.vagadeempregorj.com.br\\\/wp-content\\\/uploads\\\/2025\\\/01\\\/Segunda-chamada-Etec-2025.jpg\",\"width\":766,\"height\":514,\"caption\":\"Segunda chamada Etec 2025\"},{\"@type\":\"BreadcrumbList\",\"@id\":\"https:\\\/\\\/www.vagadeempregorj.com.br\\\/segunda-chamada-etec-2025-documentos-datas\\\/#breadcrumb\",\"itemListElement\":[{\"@type\":\"ListItem\",\"position\":1,\"name\":\"In\u00edcio\",\"item\":\"https:\\\/\\\/www.vagadeempregorj.com.br\\\/\"},{\"@type\":\"ListItem\",\"position\":2,\"name\":\"Segunda Chamada Etec 2025: Documentos e Datas Importantes\"}]},{\"@type\":\"WebSite\",\"@id\":\"https:\\\/\\\/www.vagadeempregorj.com.br\\\/#website\",\"url\":\"https:\\\/\\\/www.vagadeempregorj.com.br\\\/\",\"name\":\"\",\"description\":\"Conquiste Sonhos: Vagas, Benef\u00edcios e Economia para Transformar Vidas e Alcan\u00e7ar Melhorias Cotidianas\",\"potentialAction\":[{\"@type\":\"SearchAction\",\"target\":{\"@type\":\"EntryPoint\",\"urlTemplate\":\"https:\\\/\\\/www.vagadeempregorj.com.br\\\/?s={search_term_string}\"},\"query-input\":{\"@type\":\"PropertyValueSpecification\",\"valueRequired\":true,\"valueName\":\"search_term_string\"}}],\"inLanguage\":\"fr-FR\"},{\"@type\":\"Person\",\"@id\":\"https:\\\/\\\/www.vagadeempregorj.com.br\\\/#\\\/schema\\\/person\\\/c0c38d5d765e86c3b7c8f12fb1ae6477\",\"name\":\"Ana B.\",\"image\":{\"@type\":\"ImageObject\",\"inLanguage\":\"fr-FR\",\"@id\":\"https:\\\/\\\/secure.gravatar.com\\\/avatar\\\/f5efa58599e07f8dd92f26c7cfbc442fd115582bc681245452e503c2ef2334f3?s=96&r=g\",\"url\":\"https:\\\/\\\/secure.gravatar.com\\\/avatar\\\/f5efa58599e07f8dd92f26c7cfbc442fd115582bc681245452e503c2ef2334f3?s=96&r=g\",\"contentUrl\":\"https:\\\/\\\/secure.gravatar.com\\\/avatar\\\/f5efa58599e07f8dd92f26c7cfbc442fd115582bc681245452e503c2ef2334f3?s=96&r=g\",\"caption\":\"Ana B.\"},\"description\":\"Meu nome \u00e9 Ana e sou apaixonada em escrever. Dedico meu tempo escrevendo not\u00edcias e vagas de emprego diariamente no portal Vaga de Emprego RJ.\",\"url\":\"https:\\\/\\\/www.vagadeempregorj.com.br\\\/fr\\\/author\\\/vgrj\\\/\"}]}<\/script>\n<!-- \/ Yoast SEO plugin. -->","yoast_head_json":{"title":"Segunda Chamada Etec 2025: Documentos e Datas Importantes -","description":"Confira os prazos e documentos para a segunda chamada Etec 2025. Garanta sua matr\u00edcula e n\u00e3o perca essa oportunidade!","robots":{"index":"index","follow":"follow","max-snippet":"max-snippet:-1","max-image-preview":"max-image-preview:large","max-video-preview":"max-video-preview:-1"},"canonical":"https:\/\/www.vagadeempregorj.com.br\/fr\/segunda-chamada-etec-2025-documentos-datas\/","og_locale":"fr_FR","og_type":"article","og_title":"Segunda Chamada Etec 2025: Documentos e Datas Importantes -","og_description":"Confira os prazos e documentos para a segunda chamada Etec 2025. Garanta sua matr\u00edcula e n\u00e3o perca essa oportunidade!","og_url":"https:\/\/www.vagadeempregorj.com.br\/fr\/segunda-chamada-etec-2025-documentos-datas\/","article_publisher":"https:\/\/www.facebook.com\/empregobrasiloficial","article_published_time":"2025-01-31T11:27:39+00:00","article_modified_time":"2025-06-15T17:46:34+00:00","og_image":[{"width":766,"height":514,"url":"https:\/\/www.vagadeempregorj.com.br\/wp-content\/uploads\/2025\/01\/Segunda-chamada-Etec-2025.jpg","type":"image\/jpeg"}],"author":"Ana B.","twitter_card":"summary_large_image","twitter_misc":{"Written by":"Ana B.","Est. reading time":"3 minutes"},"schema":{"@context":"https:\/\/schema.org","@graph":[{"@type":"Article","@id":"https:\/\/www.vagadeempregorj.com.br\/segunda-chamada-etec-2025-documentos-datas\/#article","isPartOf":{"@id":"https:\/\/www.vagadeempregorj.com.br\/segunda-chamada-etec-2025-documentos-datas\/"},"author":{"name":"Ana B.","@id":"https:\/\/www.vagadeempregorj.com.br\/#\/schema\/person\/c0c38d5d765e86c3b7c8f12fb1ae6477"},"headline":"Segunda Chamada Etec 2025: Documentos e Datas Importantes","datePublished":"2025-01-31T11:27:39+00:00","dateModified":"2025-06-15T17:46:34+00:00","mainEntityOfPage":{"@id":"https:\/\/www.vagadeempregorj.com.br\/segunda-chamada-etec-2025-documentos-datas\/"},"wordCount":656,"image":{"@id":"https:\/\/www.vagadeempregorj.com.br\/segunda-chamada-etec-2025-documentos-datas\/#primaryimage"},"thumbnailUrl":"https:\/\/www.vagadeempregorj.com.br\/wp-content\/uploads\/2025\/01\/Segunda-chamada-Etec-2025.jpg","keywords":["cursos t\u00e9cnicos","documenta\u00e7\u00e3o Etec","Etec 2025","matr\u00edcula Etec","segunda chamada"],"articleSection":["Informa\u00e7\u00e3o Tecnol\u00f3gica, Curiosidades e Cursos"],"inLanguage":"fr-FR"},{"@type":"WebPage","@id":"https:\/\/www.vagadeempregorj.com.br\/segunda-chamada-etec-2025-documentos-datas\/","url":"https:\/\/www.vagadeempregorj.com.br\/segunda-chamada-etec-2025-documentos-datas\/","name":"Segunda Chamada Etec 2025: Documentos e Datas Importantes -","isPartOf":{"@id":"https:\/\/www.vagadeempregorj.com.br\/#website"},"primaryImageOfPage":{"@id":"https:\/\/www.vagadeempregorj.com.br\/segunda-chamada-etec-2025-documentos-datas\/#primaryimage"},"image":{"@id":"https:\/\/www.vagadeempregorj.com.br\/segunda-chamada-etec-2025-documentos-datas\/#primaryimage"},"thumbnailUrl":"https:\/\/www.vagadeempregorj.com.br\/wp-content\/uploads\/2025\/01\/Segunda-chamada-Etec-2025.jpg","datePublished":"2025-01-31T11:27:39+00:00","dateModified":"2025-06-15T17:46:34+00:00","author":{"@id":"https:\/\/www.vagadeempregorj.com.br\/#\/schema\/person\/c0c38d5d765e86c3b7c8f12fb1ae6477"},"description":"Confira os prazos e documentos para a segunda chamada Etec 2025. Garanta sua matr\u00edcula e n\u00e3o perca essa oportunidade!","breadcrumb":{"@id":"https:\/\/www.vagadeempregorj.com.br\/segunda-chamada-etec-2025-documentos-datas\/#breadcrumb"},"inLanguage":"fr-FR","potentialAction":[{"@type":"ReadAction","target":["https:\/\/www.vagadeempregorj.com.br\/segunda-chamada-etec-2025-documentos-datas\/"]}]},{"@type":"ImageObject","inLanguage":"fr-FR","@id":"https:\/\/www.vagadeempregorj.com.br\/segunda-chamada-etec-2025-documentos-datas\/#primaryimage","url":"https:\/\/www.vagadeempregorj.com.br\/wp-content\/uploads\/2025\/01\/Segunda-chamada-Etec-2025.jpg","contentUrl":"https:\/\/www.vagadeempregorj.com.br\/wp-content\/uploads\/2025\/01\/Segunda-chamada-Etec-2025.jpg","width":766,"height":514,"caption":"Segunda chamada Etec 2025"},{"@type":"BreadcrumbList","@id":"https:\/\/www.vagadeempregorj.com.br\/segunda-chamada-etec-2025-documentos-datas\/#breadcrumb","itemListElement":[{"@type":"ListItem","position":1,"name":"In\u00edcio","item":"https:\/\/www.vagadeempregorj.com.br\/"},{"@type":"ListItem","position":2,"name":"Segunda Chamada Etec 2025: Documentos e Datas Importantes"}]},{"@type":"WebSite","@id":"https:\/\/www.vagadeempregorj.com.br\/#website","url":"https:\/\/www.vagadeempregorj.com.br\/","name":"","description":"Conquiste Sonhos: Vagas, Benef\u00edcios e Economia para Transformar Vidas e Alcan\u00e7ar Melhorias Cotidianas","potentialAction":[{"@type":"SearchAction","target":{"@type":"EntryPoint","urlTemplate":"https:\/\/www.vagadeempregorj.com.br\/?s={search_term_string}"},"query-input":{"@type":"PropertyValueSpecification","valueRequired":true,"valueName":"search_term_string"}}],"inLanguage":"fr-FR"},{"@type":"Person","@id":"https:\/\/www.vagadeempregorj.com.br\/#\/schema\/person\/c0c38d5d765e86c3b7c8f12fb1ae6477","name":"Ana B.","image":{"@type":"ImageObject","inLanguage":"fr-FR","@id":"https:\/\/secure.gravatar.com\/avatar\/f5efa58599e07f8dd92f26c7cfbc442fd115582bc681245452e503c2ef2334f3?s=96&r=g","url":"https:\/\/secure.gravatar.com\/avatar\/f5efa58599e07f8dd92f26c7cfbc442fd115582bc681245452e503c2ef2334f3?s=96&r=g","contentUrl":"https:\/\/secure.gravatar.com\/avatar\/f5efa58599e07f8dd92f26c7cfbc442fd115582bc681245452e503c2ef2334f3?s=96&r=g","caption":"Ana B."},"description":"Meu nome \u00e9 Ana e sou apaixonada em escrever. Dedico meu tempo escrevendo not\u00edcias e vagas de emprego diariamente no portal Vaga de Emprego RJ.","url":"https:\/\/www.vagadeempregorj.com.br\/fr\/author\/vgrj\/"}]}},"_links":{"self":[{"href":"https:\/\/www.vagadeempregorj.com.br\/fr\/wp-json\/wp\/v2\/posts\/42412","targetHints":{"allow":["GET"]}}],"collection":[{"href":"https:\/\/www.vagadeempregorj.com.br\/fr\/wp-json\/wp\/v2\/posts"}],"about":[{"href":"https:\/\/www.vagadeempregorj.com.br\/fr\/wp-json\/wp\/v2\/types\/post"}],"author":[{"embeddable":true,"href":"https:\/\/www.vagadeempregorj.com.br\/fr\/wp-json\/wp\/v2\/users\/1"}],"replies":[{"embeddable":true,"href":"https:\/\/www.vagadeempregorj.com.br\/fr\/wp-json\/wp\/v2\/comments?post=42412"}],"version-history":[{"count":1,"href":"https:\/\/www.vagadeempregorj.com.br\/fr\/wp-json\/wp\/v2\/posts\/42412\/revisions"}],"predecessor-version":[{"id":43605,"href":"https:\/\/www.vagadeempregorj.com.br\/fr\/wp-json\/wp\/v2\/posts\/42412\/revisions\/43605"}],"wp:featuredmedia":[{"embeddable":true,"href":"https:\/\/www.vagadeempregorj.com.br\/fr\/wp-json\/wp\/v2\/media\/42413"}],"wp:attachment":[{"href":"https:\/\/www.vagadeempregorj.com.br\/fr\/wp-json\/wp\/v2\/media?parent=42412"}],"wp:term":[{"taxonomy":"category","embeddable":true,"href":"https:\/\/www.vagadeempregorj.com.br\/fr\/wp-json\/wp\/v2\/categories?post=42412"},{"taxonomy":"post_tag","embeddable":true,"href":"https:\/\/www.vagadeempregorj.com.br\/fr\/wp-json\/wp\/v2\/tags?post=42412"}],"curies":[{"name":"wp","href":"https:\/\/api.w.org\/{rel}","templated":true}]}}