{"id":42447,"date":"2025-02-06T09:21:07","date_gmt":"2025-02-06T12:21:07","guid":{"rendered":"https:\/\/www.vagadeempregorj.com.br\/?p=42447"},"modified":"2025-02-06T09:21:08","modified_gmt":"2025-02-06T12:21:08","slug":"vaga-estagio-juridico-som-livre","status":"publish","type":"post","link":"https:\/\/www.vagadeempregorj.com.br\/fr\/vaga-estagio-juridico-som-livre\/","title":{"rendered":"Vaga de Est\u00e1gio Jur\u00eddico na Som Livre: Benef\u00edcios e Inscri\u00e7\u00e3o"},"content":{"rendered":"<p class=\"has-medium-font-size\">A Som Livre est\u00e1 com uma <strong>vaga de Est\u00e1gio Jur\u00eddico<\/strong> aberta. Os candidatos selecionados contar\u00e3o com um ambiente din\u00e2mico, aprendizado cont\u00ednuo e diversos benef\u00edcios, como bolsa aux\u00edlio, vale-transporte, plano de sa\u00fade e seguro de vida. Veja abaixo os detalhes do processo seletivo e como se inscrever.<\/p>\n\n\n\n<h2 class=\"wp-block-heading\">Processo Seletivo Som Livre<\/h2>\n\n\n\n<p class=\"has-medium-font-size\">O processo seletivo da <strong>vaga de Est\u00e1gio Jur\u00eddico na Som Livre<\/strong> segue etapas bem estruturadas. Primeiramente, os interessados devem realizar a inscri\u00e7\u00e3o online, preenchendo todas as informa\u00e7\u00f5es corretamente e anexando um curr\u00edculo atualizado.<\/p>\n\n\n\n<p class=\"has-medium-font-size\">Ap\u00f3s essa fase, a equipe de Recursos Humanos analisa os curr\u00edculos para selecionar os perfis mais alinhados com a vaga. Em seguida, os aprovados ser\u00e3o chamados para entrevistas, nas quais ser\u00e3o avaliadas tanto as compet\u00eancias t\u00e9cnicas quanto as habilidades comportamentais. Al\u00e9m disso, o processo pode incluir testes espec\u00edficos ou pr\u00e1ticos, garantindo uma sele\u00e7\u00e3o mais precisa.<\/p>\n\n\n\n<p class=\"has-medium-font-size\">Al\u00e9m disso, os candidatos poder\u00e3o passar por uma din\u00e2mica de grupo, onde ser\u00e1 avaliada sua capacidade de intera\u00e7\u00e3o e resolu\u00e7\u00e3o de problemas. Por fim, os aprovados ser\u00e3o informados sobre os pr\u00f3ximos passos e a documenta\u00e7\u00e3o necess\u00e1ria para a contrata\u00e7\u00e3o.<\/p>\n\n\n\n<h2 class=\"wp-block-heading\">Detalhes da Vaga de Est\u00e1gio Jur\u00eddico<\/h2>\n\n\n\n<p class=\"has-medium-font-size\">A oportunidade \u00e9 para atuar no modelo h\u00edbrido, com base no Rio de Janeiro\/RJ. As atividades incluem:<\/p>\n\n\n\n<ul class=\"wp-block-list\">\n<li class=\"has-medium-font-size\">Elabora\u00e7\u00e3o e an\u00e1lise de contratos;<\/li>\n\n\n\n<li class=\"has-medium-font-size\">Manuseio de sistemas globais para gest\u00e3o documental;<\/li>\n\n\n\n<li class=\"has-medium-font-size\">Suporte na constru\u00e7\u00e3o de provas para processos judiciais;<\/li>\n\n\n\n<li class=\"has-medium-font-size\">Apoio ao departamento jur\u00eddico nas demandas di\u00e1rias;<\/li>\n\n\n\n<li class=\"has-medium-font-size\">Intera\u00e7\u00e3o com diversas \u00e1reas da empresa para alinhamento com normas legais;<\/li>\n\n\n\n<li class=\"has-medium-font-size\">Acompanhamento de processos e organiza\u00e7\u00e3o de arquivos jur\u00eddicos;<\/li>\n\n\n\n<li class=\"has-medium-font-size\">Participa\u00e7\u00e3o em reuni\u00f5es para discuss\u00e3o de estrat\u00e9gias legais.<\/li>\n<\/ul>\n\n\n\n<h2 class=\"wp-block-heading\">Sobre a Som Livre<\/h2>\n\n\n\n<p class=\"has-medium-font-size\">A Som Livre faz parte do Grupo Sony Music e \u00e9 uma das maiores gravadoras do Brasil. Al\u00e9m de ter forte presen\u00e7a no mercado fonogr\u00e1fico, a empresa atua na produ\u00e7\u00e3o musical e na gest\u00e3o de direitos autorais de grandes artistas. Dessa forma, seu ambiente din\u00e2mico e inovador proporciona diversas oportunidades de aprendizado e crescimento profissional.<\/p>\n\n\n\n<p class=\"has-medium-font-size\">Com um hist\u00f3rico de lan\u00e7amento de grandes sucessos musicais e investimento em novos talentos, a Som Livre se consolidou como refer\u00eancia na ind\u00fastria musical. Al\u00e9m disso, trabalhar na empresa representa uma chance de contato direto com o universo da m\u00fasica e da gest\u00e3o de direitos autorais, proporcionando aprendizado e desenvolvimento profissional.<\/p>\n\n\n\n<h2 class=\"wp-block-heading\">Requisitos para a Vaga<\/h2>\n\n\n\n<p class=\"has-medium-font-size\">Para concorrer \u00e0 <strong>vaga de Est\u00e1gio Jur\u00eddico na Som Livre<\/strong>, o candidato deve:<\/p>\n\n\n\n<ul class=\"wp-block-list\">\n<li class=\"has-medium-font-size\">Estar cursando Direito a partir do 4\u00ba per\u00edodo;<\/li>\n\n\n\n<li class=\"has-medium-font-size\">Ter boa capacidade anal\u00edtica e aten\u00e7\u00e3o aos detalhes;<\/li>\n\n\n\n<li class=\"has-medium-font-size\">Possuir comunica\u00e7\u00e3o verbal e escrita eficiente;<\/li>\n\n\n\n<li class=\"has-medium-font-size\">Demonstrar interesse em Direitos Autorais, Mercado Fonogr\u00e1fico e Contratos;<\/li>\n\n\n\n<li class=\"has-medium-font-size\">Ter conhecimentos intermedi\u00e1rios em Pacote Office;<\/li>\n\n\n\n<li class=\"has-medium-font-size\">Conhecimento em ingl\u00eas ser\u00e1 um diferencial.<\/li>\n<\/ul>\n\n\n\n<h2 class=\"wp-block-heading\">Benef\u00edcios da Vaga<\/h2>\n\n\n\n<p class=\"has-medium-font-size\">Os estagi\u00e1rios selecionados contar\u00e3o com os seguintes benef\u00edcios:<\/p>\n\n\n\n<ul class=\"wp-block-list\">\n<li class=\"has-medium-font-size\">Bolsa aux\u00edlio compat\u00edvel com o mercado;<\/li>\n\n\n\n<li class=\"has-medium-font-size\">Vale-transporte;<\/li>\n\n\n\n<li class=\"has-medium-font-size\">Aux\u00edlio-alimenta\u00e7\u00e3o;<\/li>\n\n\n\n<li class=\"has-medium-font-size\">Plano de sa\u00fade;<\/li>\n\n\n\n<li class=\"has-medium-font-size\">Seguro de vida;<\/li>\n\n\n\n<li class=\"has-medium-font-size\">Oportunidade de aprendizado em uma empresa de grande porte;<\/li>\n\n\n\n<li class=\"has-medium-font-size\">Possibilidade de efetiva\u00e7\u00e3o ao final do est\u00e1gio.<\/li>\n<\/ul>\n\n\n\n<h2 class=\"wp-block-heading\">Como se Candidatar<\/h2>\n\n\n\n<p class=\"has-medium-font-size\">Os interessados devem acessar o site oficial da Som Livre e realizar a inscri\u00e7\u00e3o at\u00e9 01 de abril de 2025. Al\u00e9m disso, \u00e9 essencial anexar um curr\u00edculo atualizado e preencher todas as informa\u00e7\u00f5es corretamente para garantir a participa\u00e7\u00e3o no processo seletivo.<\/p>\n\n\n\n<p class=\"has-medium-font-size\">Ap\u00f3s a inscri\u00e7\u00e3o, recomenda-se que os candidatos acompanhem seus e-mails, pois a empresa entrar\u00e1 em contato para agendar as pr\u00f3ximas etapas do processo seletivo.<\/p>\n\n\n\n<h2 class=\"wp-block-heading\">Conclus\u00e3o<\/h2>\n\n\n\n<p class=\"has-medium-font-size\">A vaga de Est\u00e1gio Jur\u00eddico na Som Livre \u00e9 uma excelente oportunidade para estudantes de Direito que desejam adquirir experi\u00eancia em um ambiente din\u00e2mico e inovador. Al\u00e9m disso, o processo seletivo \u00e9 estruturado, o que garante mais transpar\u00eancia e organiza\u00e7\u00e3o. Ainda, os benef\u00edcios s\u00e3o atrativos, tornando essa uma chance interessante para quem busca crescimento profissional em uma das maiores gravadoras do Brasil.<\/p>\n\n\n\n<p class=\"has-medium-font-size\">Aproveite essa oportunidade e inscreva-se!<\/p>\n\n\n\n<hr class=\"wp-block-separator has-alpha-channel-opacity\"\/>\n\n\n\n<p class=\"has-medium-font-size\"><a href=\"https:\/\/www.vagadeempregorj.com.br\/fr\/vagas-de-emprego-nacionais\/\">Se voc\u00ea deseja conhecer outras oportunidades na \u00e1rea jur\u00eddica, confira tamb\u00e9m nosso artigo sobre <strong>como conseguir um est\u00e1gio em Direito e se destacar no mercado<\/strong>.<\/a><\/p>","protected":false},"excerpt":{"rendered":"<p>A Som Livre est\u00e1 com uma vaga de Est\u00e1gio Jur\u00eddico aberta. Os candidatos selecionados contar\u00e3o com um ambiente din\u00e2mico, aprendizado cont\u00ednuo e diversos benef\u00edcios, como bolsa aux\u00edlio, vale-transporte, plano de sa\u00fade e seguro de vida. Veja abaixo os detalhes do processo seletivo e como se inscrever. Processo Seletivo Som Livre O processo seletivo da vaga&hellip;&nbsp;<\/p>","protected":false},"author":1,"featured_media":42450,"comment_status":"closed","ping_status":"closed","sticky":false,"template":"","format":"standard","meta":{"neve_meta_sidebar":"","neve_meta_container":"","neve_meta_enable_content_width":"","neve_meta_content_width":0,"neve_meta_title_alignment":"","neve_meta_author_avatar":"","neve_post_elements_order":"","neve_meta_disable_header":"","neve_meta_disable_footer":"","neve_meta_disable_title":"","footnotes":""},"categories":[123],"tags":[919,1028,1030,863,1029],"class_list":["post-42447","post","type-post","status-publish","format-standard","has-post-thumbnail","hentry","category-vagas-de-emprego-nacionais","tag-beneficios","tag-estagio-juridico","tag-inscricao","tag-processo-seletivo","tag-som-livre"],"yoast_head":"<!-- This site is optimized with the Yoast SEO plugin v27.5 - https:\/\/yoast.com\/product\/yoast-seo-wordpress\/ -->\n<title>Vaga de Est\u00e1gio Jur\u00eddico na Som Livre: Benef\u00edcios e Inscri\u00e7\u00e3o -<\/title>\n<meta name=\"description\" content=\"Som Livre oferece vaga de Est\u00e1gio Jur\u00eddico com bolsa e benef\u00edcios. Inscreva-se e participe do processo seletivo!\" \/>\n<meta name=\"robots\" content=\"index, follow, max-snippet:-1, max-image-preview:large, max-video-preview:-1\" \/>\n<link rel=\"canonical\" href=\"https:\/\/www.vagadeempregorj.com.br\/fr\/vaga-estagio-juridico-som-livre\/\" \/>\n<meta property=\"og:locale\" content=\"fr_FR\" \/>\n<meta property=\"og:type\" content=\"article\" \/>\n<meta property=\"og:title\" content=\"Vaga de Est\u00e1gio Jur\u00eddico na Som Livre: Benef\u00edcios e Inscri\u00e7\u00e3o -\" \/>\n<meta property=\"og:description\" content=\"Som Livre oferece vaga de Est\u00e1gio Jur\u00eddico com bolsa e benef\u00edcios. Inscreva-se e participe do processo seletivo!\" \/>\n<meta property=\"og:url\" content=\"https:\/\/www.vagadeempregorj.com.br\/fr\/vaga-estagio-juridico-som-livre\/\" \/>\n<meta property=\"article:publisher\" content=\"https:\/\/www.facebook.com\/empregobrasiloficial\" \/>\n<meta property=\"article:published_time\" content=\"2025-02-06T12:21:07+00:00\" \/>\n<meta property=\"article:modified_time\" content=\"2025-02-06T12:21:08+00:00\" \/>\n<meta property=\"og:image\" content=\"https:\/\/www.vagadeempregorj.com.br\/wp-content\/uploads\/2025\/02\/Vaga-de-Estagio-Juridico-na-Som-Livre.webp\" \/>\n\t<meta property=\"og:image:width\" content=\"1280\" \/>\n\t<meta property=\"og:image:height\" content=\"720\" \/>\n\t<meta property=\"og:image:type\" content=\"image\/webp\" \/>\n<meta name=\"author\" content=\"Ana B.\" \/>\n<meta name=\"twitter:card\" content=\"summary_large_image\" \/>\n<meta name=\"twitter:label1\" content=\"Written by\" \/>\n\t<meta name=\"twitter:data1\" content=\"Ana B.\" \/>\n\t<meta name=\"twitter:label2\" content=\"Est. reading time\" \/>\n\t<meta name=\"twitter:data2\" content=\"4 minutes\" \/>\n<script type=\"application\/ld+json\" class=\"yoast-schema-graph\">{\"@context\":\"https:\\\/\\\/schema.org\",\"@graph\":[{\"@type\":\"Article\",\"@id\":\"https:\\\/\\\/www.vagadeempregorj.com.br\\\/vaga-estagio-juridico-som-livre\\\/#article\",\"isPartOf\":{\"@id\":\"https:\\\/\\\/www.vagadeempregorj.com.br\\\/vaga-estagio-juridico-som-livre\\\/\"},\"author\":{\"name\":\"Ana B.\",\"@id\":\"https:\\\/\\\/www.vagadeempregorj.com.br\\\/#\\\/schema\\\/person\\\/c0c38d5d765e86c3b7c8f12fb1ae6477\"},\"headline\":\"Vaga de Est\u00e1gio Jur\u00eddico na Som Livre: Benef\u00edcios e Inscri\u00e7\u00e3o\",\"datePublished\":\"2025-02-06T12:21:07+00:00\",\"dateModified\":\"2025-02-06T12:21:08+00:00\",\"mainEntityOfPage\":{\"@id\":\"https:\\\/\\\/www.vagadeempregorj.com.br\\\/vaga-estagio-juridico-som-livre\\\/\"},\"wordCount\":735,\"image\":{\"@id\":\"https:\\\/\\\/www.vagadeempregorj.com.br\\\/vaga-estagio-juridico-som-livre\\\/#primaryimage\"},\"thumbnailUrl\":\"https:\\\/\\\/www.vagadeempregorj.com.br\\\/wp-content\\\/uploads\\\/2025\\\/02\\\/Vaga-de-Estagio-Juridico-na-Som-Livre.webp\",\"keywords\":[\"benef\u00edcios\",\"est\u00e1gio jur\u00eddico\",\"inscri\u00e7\u00e3o\",\"processo seletivo\",\"Som Livre\"],\"articleSection\":[\"Vagas de Emprego Nacionais\"],\"inLanguage\":\"fr-FR\"},{\"@type\":\"WebPage\",\"@id\":\"https:\\\/\\\/www.vagadeempregorj.com.br\\\/vaga-estagio-juridico-som-livre\\\/\",\"url\":\"https:\\\/\\\/www.vagadeempregorj.com.br\\\/vaga-estagio-juridico-som-livre\\\/\",\"name\":\"Vaga de Est\u00e1gio Jur\u00eddico na Som Livre: Benef\u00edcios e Inscri\u00e7\u00e3o -\",\"isPartOf\":{\"@id\":\"https:\\\/\\\/www.vagadeempregorj.com.br\\\/#website\"},\"primaryImageOfPage\":{\"@id\":\"https:\\\/\\\/www.vagadeempregorj.com.br\\\/vaga-estagio-juridico-som-livre\\\/#primaryimage\"},\"image\":{\"@id\":\"https:\\\/\\\/www.vagadeempregorj.com.br\\\/vaga-estagio-juridico-som-livre\\\/#primaryimage\"},\"thumbnailUrl\":\"https:\\\/\\\/www.vagadeempregorj.com.br\\\/wp-content\\\/uploads\\\/2025\\\/02\\\/Vaga-de-Estagio-Juridico-na-Som-Livre.webp\",\"datePublished\":\"2025-02-06T12:21:07+00:00\",\"dateModified\":\"2025-02-06T12:21:08+00:00\",\"author\":{\"@id\":\"https:\\\/\\\/www.vagadeempregorj.com.br\\\/#\\\/schema\\\/person\\\/c0c38d5d765e86c3b7c8f12fb1ae6477\"},\"description\":\"Som Livre oferece vaga de Est\u00e1gio Jur\u00eddico com bolsa e benef\u00edcios. Inscreva-se e participe do processo seletivo!\",\"breadcrumb\":{\"@id\":\"https:\\\/\\\/www.vagadeempregorj.com.br\\\/vaga-estagio-juridico-som-livre\\\/#breadcrumb\"},\"inLanguage\":\"fr-FR\",\"potentialAction\":[{\"@type\":\"ReadAction\",\"target\":[\"https:\\\/\\\/www.vagadeempregorj.com.br\\\/vaga-estagio-juridico-som-livre\\\/\"]}]},{\"@type\":\"ImageObject\",\"inLanguage\":\"fr-FR\",\"@id\":\"https:\\\/\\\/www.vagadeempregorj.com.br\\\/vaga-estagio-juridico-som-livre\\\/#primaryimage\",\"url\":\"https:\\\/\\\/www.vagadeempregorj.com.br\\\/wp-content\\\/uploads\\\/2025\\\/02\\\/Vaga-de-Estagio-Juridico-na-Som-Livre.webp\",\"contentUrl\":\"https:\\\/\\\/www.vagadeempregorj.com.br\\\/wp-content\\\/uploads\\\/2025\\\/02\\\/Vaga-de-Estagio-Juridico-na-Som-Livre.webp\",\"width\":1280,\"height\":720,\"caption\":\"Vaga de Est\u00e1gio Jur\u00eddico na Som Livre\"},{\"@type\":\"BreadcrumbList\",\"@id\":\"https:\\\/\\\/www.vagadeempregorj.com.br\\\/vaga-estagio-juridico-som-livre\\\/#breadcrumb\",\"itemListElement\":[{\"@type\":\"ListItem\",\"position\":1,\"name\":\"In\u00edcio\",\"item\":\"https:\\\/\\\/www.vagadeempregorj.com.br\\\/\"},{\"@type\":\"ListItem\",\"position\":2,\"name\":\"Vagas de Emprego Nacionais\",\"item\":\"https:\\\/\\\/www.vagadeempregorj.com.br\\\/vagas-de-emprego-nacionais\\\/\"},{\"@type\":\"ListItem\",\"position\":3,\"name\":\"Vaga de Est\u00e1gio Jur\u00eddico na Som Livre: Benef\u00edcios e Inscri\u00e7\u00e3o\"}]},{\"@type\":\"WebSite\",\"@id\":\"https:\\\/\\\/www.vagadeempregorj.com.br\\\/#website\",\"url\":\"https:\\\/\\\/www.vagadeempregorj.com.br\\\/\",\"name\":\"\",\"description\":\"Conquiste Sonhos: Vagas, Benef\u00edcios e Economia para Transformar Vidas e Alcan\u00e7ar Melhorias Cotidianas\",\"potentialAction\":[{\"@type\":\"SearchAction\",\"target\":{\"@type\":\"EntryPoint\",\"urlTemplate\":\"https:\\\/\\\/www.vagadeempregorj.com.br\\\/?s={search_term_string}\"},\"query-input\":{\"@type\":\"PropertyValueSpecification\",\"valueRequired\":true,\"valueName\":\"search_term_string\"}}],\"inLanguage\":\"fr-FR\"},{\"@type\":\"Person\",\"@id\":\"https:\\\/\\\/www.vagadeempregorj.com.br\\\/#\\\/schema\\\/person\\\/c0c38d5d765e86c3b7c8f12fb1ae6477\",\"name\":\"Ana B.\",\"image\":{\"@type\":\"ImageObject\",\"inLanguage\":\"fr-FR\",\"@id\":\"https:\\\/\\\/secure.gravatar.com\\\/avatar\\\/f5efa58599e07f8dd92f26c7cfbc442fd115582bc681245452e503c2ef2334f3?s=96&r=g\",\"url\":\"https:\\\/\\\/secure.gravatar.com\\\/avatar\\\/f5efa58599e07f8dd92f26c7cfbc442fd115582bc681245452e503c2ef2334f3?s=96&r=g\",\"contentUrl\":\"https:\\\/\\\/secure.gravatar.com\\\/avatar\\\/f5efa58599e07f8dd92f26c7cfbc442fd115582bc681245452e503c2ef2334f3?s=96&r=g\",\"caption\":\"Ana B.\"},\"description\":\"Meu nome \u00e9 Ana e sou apaixonada em escrever. Dedico meu tempo escrevendo not\u00edcias e vagas de emprego diariamente no portal Vaga de Emprego RJ.\",\"url\":\"https:\\\/\\\/www.vagadeempregorj.com.br\\\/fr\\\/author\\\/vgrj\\\/\"}]}<\/script>\n<!-- \/ Yoast SEO plugin. -->","yoast_head_json":{"title":"Vaga de Est\u00e1gio Jur\u00eddico na Som Livre: Benef\u00edcios e Inscri\u00e7\u00e3o -","description":"Som Livre oferece vaga de Est\u00e1gio Jur\u00eddico com bolsa e benef\u00edcios. Inscreva-se e participe do processo seletivo!","robots":{"index":"index","follow":"follow","max-snippet":"max-snippet:-1","max-image-preview":"max-image-preview:large","max-video-preview":"max-video-preview:-1"},"canonical":"https:\/\/www.vagadeempregorj.com.br\/fr\/vaga-estagio-juridico-som-livre\/","og_locale":"fr_FR","og_type":"article","og_title":"Vaga de Est\u00e1gio Jur\u00eddico na Som Livre: Benef\u00edcios e Inscri\u00e7\u00e3o -","og_description":"Som Livre oferece vaga de Est\u00e1gio Jur\u00eddico com bolsa e benef\u00edcios. Inscreva-se e participe do processo seletivo!","og_url":"https:\/\/www.vagadeempregorj.com.br\/fr\/vaga-estagio-juridico-som-livre\/","article_publisher":"https:\/\/www.facebook.com\/empregobrasiloficial","article_published_time":"2025-02-06T12:21:07+00:00","article_modified_time":"2025-02-06T12:21:08+00:00","og_image":[{"width":1280,"height":720,"url":"https:\/\/www.vagadeempregorj.com.br\/wp-content\/uploads\/2025\/02\/Vaga-de-Estagio-Juridico-na-Som-Livre.webp","type":"image\/webp"}],"author":"Ana B.","twitter_card":"summary_large_image","twitter_misc":{"Written by":"Ana B.","Est. reading time":"4 minutes"},"schema":{"@context":"https:\/\/schema.org","@graph":[{"@type":"Article","@id":"https:\/\/www.vagadeempregorj.com.br\/vaga-estagio-juridico-som-livre\/#article","isPartOf":{"@id":"https:\/\/www.vagadeempregorj.com.br\/vaga-estagio-juridico-som-livre\/"},"author":{"name":"Ana B.","@id":"https:\/\/www.vagadeempregorj.com.br\/#\/schema\/person\/c0c38d5d765e86c3b7c8f12fb1ae6477"},"headline":"Vaga de Est\u00e1gio Jur\u00eddico na Som Livre: Benef\u00edcios e Inscri\u00e7\u00e3o","datePublished":"2025-02-06T12:21:07+00:00","dateModified":"2025-02-06T12:21:08+00:00","mainEntityOfPage":{"@id":"https:\/\/www.vagadeempregorj.com.br\/vaga-estagio-juridico-som-livre\/"},"wordCount":735,"image":{"@id":"https:\/\/www.vagadeempregorj.com.br\/vaga-estagio-juridico-som-livre\/#primaryimage"},"thumbnailUrl":"https:\/\/www.vagadeempregorj.com.br\/wp-content\/uploads\/2025\/02\/Vaga-de-Estagio-Juridico-na-Som-Livre.webp","keywords":["benef\u00edcios","est\u00e1gio jur\u00eddico","inscri\u00e7\u00e3o","processo seletivo","Som Livre"],"articleSection":["Vagas de Emprego Nacionais"],"inLanguage":"fr-FR"},{"@type":"WebPage","@id":"https:\/\/www.vagadeempregorj.com.br\/vaga-estagio-juridico-som-livre\/","url":"https:\/\/www.vagadeempregorj.com.br\/vaga-estagio-juridico-som-livre\/","name":"Vaga de Est\u00e1gio Jur\u00eddico na Som Livre: Benef\u00edcios e Inscri\u00e7\u00e3o -","isPartOf":{"@id":"https:\/\/www.vagadeempregorj.com.br\/#website"},"primaryImageOfPage":{"@id":"https:\/\/www.vagadeempregorj.com.br\/vaga-estagio-juridico-som-livre\/#primaryimage"},"image":{"@id":"https:\/\/www.vagadeempregorj.com.br\/vaga-estagio-juridico-som-livre\/#primaryimage"},"thumbnailUrl":"https:\/\/www.vagadeempregorj.com.br\/wp-content\/uploads\/2025\/02\/Vaga-de-Estagio-Juridico-na-Som-Livre.webp","datePublished":"2025-02-06T12:21:07+00:00","dateModified":"2025-02-06T12:21:08+00:00","author":{"@id":"https:\/\/www.vagadeempregorj.com.br\/#\/schema\/person\/c0c38d5d765e86c3b7c8f12fb1ae6477"},"description":"Som Livre oferece vaga de Est\u00e1gio Jur\u00eddico com bolsa e benef\u00edcios. Inscreva-se e participe do processo seletivo!","breadcrumb":{"@id":"https:\/\/www.vagadeempregorj.com.br\/vaga-estagio-juridico-som-livre\/#breadcrumb"},"inLanguage":"fr-FR","potentialAction":[{"@type":"ReadAction","target":["https:\/\/www.vagadeempregorj.com.br\/vaga-estagio-juridico-som-livre\/"]}]},{"@type":"ImageObject","inLanguage":"fr-FR","@id":"https:\/\/www.vagadeempregorj.com.br\/vaga-estagio-juridico-som-livre\/#primaryimage","url":"https:\/\/www.vagadeempregorj.com.br\/wp-content\/uploads\/2025\/02\/Vaga-de-Estagio-Juridico-na-Som-Livre.webp","contentUrl":"https:\/\/www.vagadeempregorj.com.br\/wp-content\/uploads\/2025\/02\/Vaga-de-Estagio-Juridico-na-Som-Livre.webp","width":1280,"height":720,"caption":"Vaga de Est\u00e1gio Jur\u00eddico na Som Livre"},{"@type":"BreadcrumbList","@id":"https:\/\/www.vagadeempregorj.com.br\/vaga-estagio-juridico-som-livre\/#breadcrumb","itemListElement":[{"@type":"ListItem","position":1,"name":"In\u00edcio","item":"https:\/\/www.vagadeempregorj.com.br\/"},{"@type":"ListItem","position":2,"name":"Vagas de Emprego Nacionais","item":"https:\/\/www.vagadeempregorj.com.br\/vagas-de-emprego-nacionais\/"},{"@type":"ListItem","position":3,"name":"Vaga de Est\u00e1gio Jur\u00eddico na Som Livre: Benef\u00edcios e Inscri\u00e7\u00e3o"}]},{"@type":"WebSite","@id":"https:\/\/www.vagadeempregorj.com.br\/#website","url":"https:\/\/www.vagadeempregorj.com.br\/","name":"","description":"Conquiste Sonhos: Vagas, Benef\u00edcios e Economia para Transformar Vidas e Alcan\u00e7ar Melhorias Cotidianas","potentialAction":[{"@type":"SearchAction","target":{"@type":"EntryPoint","urlTemplate":"https:\/\/www.vagadeempregorj.com.br\/?s={search_term_string}"},"query-input":{"@type":"PropertyValueSpecification","valueRequired":true,"valueName":"search_term_string"}}],"inLanguage":"fr-FR"},{"@type":"Person","@id":"https:\/\/www.vagadeempregorj.com.br\/#\/schema\/person\/c0c38d5d765e86c3b7c8f12fb1ae6477","name":"Ana B.","image":{"@type":"ImageObject","inLanguage":"fr-FR","@id":"https:\/\/secure.gravatar.com\/avatar\/f5efa58599e07f8dd92f26c7cfbc442fd115582bc681245452e503c2ef2334f3?s=96&r=g","url":"https:\/\/secure.gravatar.com\/avatar\/f5efa58599e07f8dd92f26c7cfbc442fd115582bc681245452e503c2ef2334f3?s=96&r=g","contentUrl":"https:\/\/secure.gravatar.com\/avatar\/f5efa58599e07f8dd92f26c7cfbc442fd115582bc681245452e503c2ef2334f3?s=96&r=g","caption":"Ana B."},"description":"Meu nome \u00e9 Ana e sou apaixonada em escrever. Dedico meu tempo escrevendo not\u00edcias e vagas de emprego diariamente no portal Vaga de Emprego RJ.","url":"https:\/\/www.vagadeempregorj.com.br\/fr\/author\/vgrj\/"}]}},"_links":{"self":[{"href":"https:\/\/www.vagadeempregorj.com.br\/fr\/wp-json\/wp\/v2\/posts\/42447","targetHints":{"allow":["GET"]}}],"collection":[{"href":"https:\/\/www.vagadeempregorj.com.br\/fr\/wp-json\/wp\/v2\/posts"}],"about":[{"href":"https:\/\/www.vagadeempregorj.com.br\/fr\/wp-json\/wp\/v2\/types\/post"}],"author":[{"embeddable":true,"href":"https:\/\/www.vagadeempregorj.com.br\/fr\/wp-json\/wp\/v2\/users\/1"}],"replies":[{"embeddable":true,"href":"https:\/\/www.vagadeempregorj.com.br\/fr\/wp-json\/wp\/v2\/comments?post=42447"}],"version-history":[{"count":0,"href":"https:\/\/www.vagadeempregorj.com.br\/fr\/wp-json\/wp\/v2\/posts\/42447\/revisions"}],"wp:featuredmedia":[{"embeddable":true,"href":"https:\/\/www.vagadeempregorj.com.br\/fr\/wp-json\/wp\/v2\/media\/42450"}],"wp:attachment":[{"href":"https:\/\/www.vagadeempregorj.com.br\/fr\/wp-json\/wp\/v2\/media?parent=42447"}],"wp:term":[{"taxonomy":"category","embeddable":true,"href":"https:\/\/www.vagadeempregorj.com.br\/fr\/wp-json\/wp\/v2\/categories?post=42447"},{"taxonomy":"post_tag","embeddable":true,"href":"https:\/\/www.vagadeempregorj.com.br\/fr\/wp-json\/wp\/v2\/tags?post=42447"}],"curies":[{"name":"wp","href":"https:\/\/api.w.org\/{rel}","templated":true}]}}