{"id":42464,"date":"2025-02-07T06:00:00","date_gmt":"2025-02-07T09:00:00","guid":{"rendered":"https:\/\/www.vagadeempregorj.com.br\/?p=42464"},"modified":"2025-02-07T00:40:01","modified_gmt":"2025-02-07T03:40:01","slug":"multilog-78-vagas-de-emprego-abertas-pelo-pais","status":"publish","type":"post","link":"https:\/\/www.vagadeempregorj.com.br\/fr\/multilog-78-vagas-de-emprego-abertas-pelo-pais\/","title":{"rendered":"Multilog: 78 vagas de EMPREGO abertas pelo pa\u00eds"},"content":{"rendered":"<p>Voc\u00ea est\u00e1 em busca de novas oportunidades de trabalho? Ent\u00e3o, prepare-se para uma not\u00edcia animadora: a <strong>Multilog<\/strong>, uma das principais empresas de solu\u00e7\u00f5es log\u00edsticas integradas do Brasil, est\u00e1 anunciando 78 vagas de emprego abertas em diversas regi\u00f5es do pa\u00eds.&nbsp;<\/p>\n\n\n\n<p>Se voc\u00ea deseja fazer parte de uma equipe que valoriza a inova\u00e7\u00e3o e o encantamento, continue lendo para descobrir mais sobre essas oportunidades e como se candidatar.<\/p>\n\n\n\n<figure class=\"wp-block-image size-large\"><img loading=\"lazy\" decoding=\"async\" width=\"1024\" height=\"529\" src=\"https:\/\/www.vagadeempregorj.com.br\/wp-content\/uploads\/2025\/02\/image-1024x529.png\" alt=\"\" class=\"wp-image-42488\" srcset=\"https:\/\/www.vagadeempregorj.com.br\/wp-content\/uploads\/2025\/02\/image-1024x529.png 1024w, https:\/\/www.vagadeempregorj.com.br\/wp-content\/uploads\/2025\/02\/image-300x155.png 300w, https:\/\/www.vagadeempregorj.com.br\/wp-content\/uploads\/2025\/02\/image-768x397.png 768w, https:\/\/www.vagadeempregorj.com.br\/wp-content\/uploads\/2025\/02\/image-150x78.png 150w, https:\/\/www.vagadeempregorj.com.br\/wp-content\/uploads\/2025\/02\/image.png 1500w\" sizes=\"auto, (max-width: 1024px) 100vw, 1024px\" \/><\/figure>\n\n\n\n<h2 class=\"wp-block-heading\">Quais s\u00e3o as oportunidades de carreira na Multilog?<\/h2>\n\n\n\n<p>A Multilog anuncia uma variedade de fun\u00e7\u00f5es que abrangem diferentes \u00e1reas e n\u00edveis de experi\u00eancia. A seguir, destacamos algumas das vagas dispon\u00edveis:<\/p>\n\n\n\n<h3 class=\"wp-block-heading\">Analista da Qualidade PL<\/h3>\n\n\n\n<p><strong>Local:<\/strong> Joinville &#8211; SC<\/p>\n\n\n\n<p><strong>Descri\u00e7\u00e3o:<\/strong> Nesta fun\u00e7\u00e3o, voc\u00ea ser\u00e1 respons\u00e1vel por garantir que os processos e servi\u00e7os da empresa atendam aos padr\u00f5es de qualidade estabelecidos. Isso inclui a realiza\u00e7\u00e3o de auditorias internas, an\u00e1lise de indicadores de desempenho e implementa\u00e7\u00e3o de a\u00e7\u00f5es corretivas quando necess\u00e1rio.<\/p>\n\n\n\n<p><strong>Requisitos:<\/strong><\/p>\n\n\n\n<ul class=\"wp-block-list\">\n<li>Forma\u00e7\u00e3o superior completa em \u00e1reas relacionadas.<\/li>\n\n\n\n<li>Experi\u00eancia pr\u00e9via na \u00e1rea de qualidade.<\/li>\n\n\n\n<li>Conhecimento em ferramentas de qualidade e auditorias.<\/li>\n<\/ul>\n\n\n\n<h3 class=\"wp-block-heading\">Analista de Atendimento JR (CDs)<\/h3>\n\n\n\n<p><strong>Local:<\/strong> Itaja\u00ed &#8211; SC<\/p>\n\n\n\n<p><strong>Descri\u00e7\u00e3o:<\/strong> Como Analista de Atendimento J\u00fanior, voc\u00ea atuar\u00e1 diretamente com clientes, garantindo um atendimento eficiente e solucionando poss\u00edveis d\u00favidas ou problemas relacionados aos servi\u00e7os oferecidos pela Multilog.<\/p>\n\n\n\n<p><strong>Requisitos:<\/strong><\/p>\n\n\n\n<ul class=\"wp-block-list\">\n<li>Ensino superior em andamento ou completo.<\/li>\n\n\n\n<li>Boa comunica\u00e7\u00e3o e habilidades interpessoais.<\/li>\n\n\n\n<li>Experi\u00eancia em atendimento ao cliente \u00e9 um diferencial.<\/li>\n<\/ul>\n\n\n\n<h3 class=\"wp-block-heading\">Analista de Contas a Receber Pleno<\/h3>\n\n\n\n<p><strong>Local:<\/strong> Itaja\u00ed &#8211; SC<\/p>\n\n\n\n<p><strong>Descri\u00e7\u00e3o:<\/strong> Nesta \u00e1rea, voc\u00ea ser\u00e1 respons\u00e1vel pelo controle e gest\u00e3o das contas a receber da empresa, garantindo a acuracidade dos lan\u00e7amentos e a pontualidade dos recebimentos.<\/p>\n\n\n\n<p><strong>Requisitos:<\/strong><\/p>\n\n\n\n<ul class=\"wp-block-list\">\n<li>Forma\u00e7\u00e3o em Administra\u00e7\u00e3o, Contabilidade ou \u00e1reas afins.<\/li>\n\n\n\n<li>Experi\u00eancia na \u00e1rea financeira, especialmente em contas a receber.<\/li>\n\n\n\n<li>Conhecimento em sistemas ERP e Excel avan\u00e7ado.<\/li>\n<\/ul>\n\n\n\n<h3 class=\"wp-block-heading\">Analista de Faturamento JR<\/h3>\n\n\n\n<p><strong>Local:<\/strong> Santos &#8211; SP<\/p>\n\n\n\n<p><strong>Descri\u00e7\u00e3o:<\/strong> Respons\u00e1vel pela emiss\u00e3o e confer\u00eancia de notas fiscais, garantindo que todos os procedimentos fiscais e tribut\u00e1rios sejam seguidos corretamente.<\/p>\n\n\n\n<p><strong>Requisitos:<\/strong><\/p>\n\n\n\n<ul class=\"wp-block-list\">\n<li>Ensino superior em andamento ou completo em \u00e1reas relacionadas.<\/li>\n\n\n\n<li>Conhecimento em legisla\u00e7\u00e3o fiscal e tribut\u00e1ria.<\/li>\n\n\n\n<li>Experi\u00eancia pr\u00e9via na \u00e1rea de faturamento.<\/li>\n<\/ul>\n\n\n\n<h3 class=\"wp-block-heading\">Analista SR<\/h3>\n\n\n\n<p><strong>Local:<\/strong> Sumar\u00e9 &#8211; SP<\/p>\n\n\n\n<p><strong>Descri\u00e7\u00e3o:<\/strong> Atuar\u00e1 na gest\u00e3o de processos de Recursos Humanos, incluindo recrutamento e sele\u00e7\u00e3o, desenvolvimento de pessoas e gest\u00e3o de desempenho.<\/p>\n\n\n\n<p><strong>Requisitos:<\/strong><\/p>\n\n\n\n<ul class=\"wp-block-list\">\n<li>Forma\u00e7\u00e3o em Psicologia, Administra\u00e7\u00e3o ou \u00e1reas afins.<\/li>\n\n\n\n<li>Experi\u00eancia s\u00f3lida em RH generalista.<\/li>\n\n\n\n<li>Habilidade em ferramentas de avalia\u00e7\u00e3o e desenvolvimento de pessoas.<\/li>\n<\/ul>\n\n\n\n<h3 class=\"wp-block-heading\">Analista de Opera\u00e7\u00f5es Jr<\/h3>\n\n\n\n<p><strong>Local:<\/strong> Barueri &#8211; SP<\/p>\n\n\n\n<p><strong>Descri\u00e7\u00e3o:<\/strong> Auxiliar\u00e1 no planejamento e execu\u00e7\u00e3o das opera\u00e7\u00f5es log\u00edsticas, garantindo efici\u00eancia nos processos e satisfa\u00e7\u00e3o dos clientes.<\/p>\n\n\n\n<p><strong>Requisitos:<\/strong><\/p>\n\n\n\n<ul class=\"wp-block-list\">\n<li>Ensino superior em Log\u00edstica, Administra\u00e7\u00e3o ou \u00e1reas correlatas.<\/li>\n\n\n\n<li>Conhecimento em opera\u00e7\u00f5es log\u00edsticas e cadeia de suprimentos.<\/li>\n\n\n\n<li>Boa capacidade de an\u00e1lise e resolu\u00e7\u00e3o de problemas.<\/li>\n<\/ul>\n\n\n\n<h3 class=\"wp-block-heading\">Analista de Planejamento<\/h3>\n\n\n\n<p><strong>Local:<\/strong> Itaja\u00ed &#8211; SC<\/p>\n\n\n\n<p><strong>Descri\u00e7\u00e3o:<\/strong> Respons\u00e1vel pelo planejamento estrat\u00e9gico das opera\u00e7\u00f5es, analisando dados e propondo melhorias para otimiza\u00e7\u00e3o dos processos.<\/p>\n\n\n\n<p><strong>Requisitos:<\/strong><\/p>\n\n\n\n<ul class=\"wp-block-list\">\n<li>Forma\u00e7\u00e3o em Engenharia de Produ\u00e7\u00e3o, Log\u00edstica ou \u00e1reas afins.<\/li>\n\n\n\n<li>Experi\u00eancia em planejamento operacional.<\/li>\n\n\n\n<li>Habilidade com ferramentas de an\u00e1lise de dados.<\/li>\n<\/ul>\n\n\n\n<h3 class=\"wp-block-heading\">Analista de Seguran\u00e7a Patrimonial Jr<\/h3>\n\n\n\n<p><strong>Local:<\/strong> S\u00e3o Jos\u00e9 dos Pinhais &#8211; PR<\/p>\n\n\n\n<p><strong>Descri\u00e7\u00e3o:<\/strong> Atuar\u00e1 na implementa\u00e7\u00e3o e monitoramento de pol\u00edticas de seguran\u00e7a patrimonial, garantindo a prote\u00e7\u00e3o dos ativos da empresa.<\/p>\n\n\n\n<p><strong>Requisitos:<\/strong><\/p>\n\n\n\n<ul class=\"wp-block-list\">\n<li>Forma\u00e7\u00e3o em Gest\u00e3o de Seguran\u00e7a Privada ou \u00e1reas relacionadas.<\/li>\n\n\n\n<li>Conhecimento em sistemas de seguran\u00e7a e monitoramento.<\/li>\n\n\n\n<li>Experi\u00eancia na \u00e1rea de seguran\u00e7a patrimonial.<\/li>\n<\/ul>\n\n\n\n<h3 class=\"wp-block-heading\">Analista de Faturamento JR<\/h3>\n\n\n\n<p><strong>Local:<\/strong> Itaja\u00ed &#8211; SC<\/p>\n\n\n\n<p><strong>Descri\u00e7\u00e3o:<\/strong> Respons\u00e1vel pela emiss\u00e3o e controle de notas fiscais, assegurando conformidade com as normas fiscais vigentes.<\/p>\n\n\n\n<p><strong>Requisitos:<\/strong><\/p>\n\n\n\n<ul class=\"wp-block-list\">\n<li>Ensino superior em andamento ou completo em \u00e1reas afins.<\/li>\n\n\n\n<li>Conhecimento em legisla\u00e7\u00e3o fiscal.<\/li>\n\n\n\n<li>Experi\u00eancia na \u00e1rea de faturamento.<\/li>\n<\/ul>\n\n\n\n<h3 class=\"wp-block-heading\">Analista de Qualidade SR<\/h3>\n\n\n\n<p><strong>Local:<\/strong> Sumar\u00e9 &#8211; SP<\/p>\n\n\n\n<p><strong>Descri\u00e7\u00e3o:<\/strong> Garantir\u00e1 a excel\u00eancia dos processos internos, conduzindo auditorias e implementando melhorias cont\u00ednuas.<\/p>\n\n\n\n<p><strong>Requisitos:<\/strong><\/p>\n\n\n\n<ul class=\"wp-block-list\">\n<li>Forma\u00e7\u00e3o superior completa.<\/li>\n\n\n\n<li>Experi\u00eancia em gest\u00e3o da qualidade.<\/li>\n\n\n\n<li>Certifica\u00e7\u00f5es na \u00e1rea ser\u00e3o um diferencial.<\/li>\n<\/ul>\n\n\n\n<p>Essas s\u00e3o apenas algumas das oportunidades dispon\u00edveis na Multilog. A empresa valoriza a diversidade e incentiva profissionais de diferentes perfis a se candidatarem.<\/p>\n\n\n\n<h2 class=\"wp-block-heading\">Como se candidatar?<\/h2>\n\n\n\n<p>Interessado em fazer parte da equipe Multilog? O processo de candidatura \u00e9 simples e direto. Siga os passos abaixo para se inscrever:<\/p>\n\n\n\n<ul class=\"wp-block-list\">\n<li>Acesse o site oficial de carreiras da Multilog: <strong>https:\/\/multilog.gupy.io\/<\/strong><\/li>\n\n\n\n<li>Navegue pela lista de vagas dispon\u00edveis e selecione a que mais se alinha ao seu perfil e interesses.<\/li>\n\n\n\n<li>Clique na vaga.<\/li>\n<\/ul>\n\n\n\n<p>A empresa est\u00e1 sempre em movimento, buscando talentos que queiram crescer junto com ela. N\u00e3o perca tempo, acesse o site, confira as vagas e envie sua candidatura.&nbsp;<\/p>\n\n\n\n<p><strong>Veja tamb\u00e9m: <a href=\"https:\/\/www.vagadeempregorj.com.br\/fr\/telemont-263-vagas-de-emprego-pelo-pais\/\">TELEMONT: 263 vagas de emprego pelo pa\u00eds<\/a><\/strong><\/p>\n\n\n\n<p>7 de fevereiro de 2025<\/p>","protected":false},"excerpt":{"rendered":"<p>Voc\u00ea est\u00e1 em busca de novas oportunidades de trabalho? Ent\u00e3o, prepare-se para uma not\u00edcia animadora: a Multilog, uma das principais empresas de solu\u00e7\u00f5es log\u00edsticas integradas do Brasil, est\u00e1 anunciando 78 vagas de emprego abertas em diversas regi\u00f5es do pa\u00eds.&nbsp; Se voc\u00ea deseja fazer parte de uma equipe que valoriza a inova\u00e7\u00e3o e o encantamento, continue&hellip;&nbsp;<\/p>","protected":false},"author":16,"featured_media":42488,"comment_status":"closed","ping_status":"closed","sticky":false,"template":"","format":"standard","meta":{"neve_meta_sidebar":"","neve_meta_container":"","neve_meta_enable_content_width":"","neve_meta_content_width":0,"neve_meta_title_alignment":"","neve_meta_author_avatar":"","neve_post_elements_order":"","neve_meta_disable_header":"","neve_meta_disable_footer":"","neve_meta_disable_title":"","footnotes":""},"categories":[123],"tags":[],"class_list":["post-42464","post","type-post","status-publish","format-standard","has-post-thumbnail","hentry","category-vagas-de-emprego-nacionais"],"yoast_head":"<!-- This site is optimized with the Yoast SEO plugin v27.5 - https:\/\/yoast.com\/product\/yoast-seo-wordpress\/ -->\n<title>Multilog: 78 vagas de EMPREGO abertas pelo pa\u00eds -<\/title>\n<meta name=\"description\" content=\"Veja em Vagas de Emprego RJ as vagas de emprego com e sem experi\u00eancia no seu Estado e Regi\u00e3o!\" \/>\n<meta name=\"robots\" content=\"index, follow, max-snippet:-1, max-image-preview:large, max-video-preview:-1\" \/>\n<link rel=\"canonical\" href=\"https:\/\/www.vagadeempregorj.com.br\/fr\/multilog-78-vagas-de-emprego-abertas-pelo-pais\/\" \/>\n<meta property=\"og:locale\" content=\"fr_FR\" \/>\n<meta property=\"og:type\" content=\"article\" \/>\n<meta property=\"og:title\" content=\"Multilog: 78 vagas de EMPREGO abertas pelo pa\u00eds -\" \/>\n<meta property=\"og:description\" content=\"Veja em Vagas de Emprego RJ as vagas de emprego com e sem experi\u00eancia no seu Estado e Regi\u00e3o!\" \/>\n<meta property=\"og:url\" content=\"https:\/\/www.vagadeempregorj.com.br\/fr\/multilog-78-vagas-de-emprego-abertas-pelo-pais\/\" \/>\n<meta property=\"article:publisher\" content=\"https:\/\/www.facebook.com\/empregobrasiloficial\" \/>\n<meta property=\"article:published_time\" content=\"2025-02-07T09:00:00+00:00\" \/>\n<meta property=\"og:image\" content=\"https:\/\/www.vagadeempregorj.com.br\/wp-content\/uploads\/2025\/02\/image.png\" \/>\n\t<meta property=\"og:image:width\" content=\"1500\" \/>\n\t<meta property=\"og:image:height\" content=\"775\" \/>\n\t<meta property=\"og:image:type\" content=\"image\/png\" \/>\n<meta name=\"author\" content=\"Michele\" \/>\n<meta name=\"twitter:card\" content=\"summary_large_image\" \/>\n<meta name=\"twitter:label1\" content=\"Written by\" \/>\n\t<meta name=\"twitter:data1\" content=\"Michele\" \/>\n\t<meta name=\"twitter:label2\" content=\"Est. reading time\" \/>\n\t<meta name=\"twitter:data2\" content=\"4 minutes\" \/>\n<script type=\"application\/ld+json\" class=\"yoast-schema-graph\">{\"@context\":\"https:\\\/\\\/schema.org\",\"@graph\":[{\"@type\":\"Article\",\"@id\":\"https:\\\/\\\/www.vagadeempregorj.com.br\\\/multilog-78-vagas-de-emprego-abertas-pelo-pais\\\/#article\",\"isPartOf\":{\"@id\":\"https:\\\/\\\/www.vagadeempregorj.com.br\\\/multilog-78-vagas-de-emprego-abertas-pelo-pais\\\/\"},\"author\":{\"name\":\"Michele\",\"@id\":\"https:\\\/\\\/www.vagadeempregorj.com.br\\\/#\\\/schema\\\/person\\\/3ddb19fa0539706786e502152f3aae95\"},\"headline\":\"Multilog: 78 vagas de EMPREGO abertas pelo pa\u00eds\",\"datePublished\":\"2025-02-07T09:00:00+00:00\",\"mainEntityOfPage\":{\"@id\":\"https:\\\/\\\/www.vagadeempregorj.com.br\\\/multilog-78-vagas-de-emprego-abertas-pelo-pais\\\/\"},\"wordCount\":843,\"image\":{\"@id\":\"https:\\\/\\\/www.vagadeempregorj.com.br\\\/multilog-78-vagas-de-emprego-abertas-pelo-pais\\\/#primaryimage\"},\"thumbnailUrl\":\"https:\\\/\\\/www.vagadeempregorj.com.br\\\/wp-content\\\/uploads\\\/2025\\\/02\\\/image.png\",\"articleSection\":[\"Vagas de Emprego Nacionais\"],\"inLanguage\":\"fr-FR\"},{\"@type\":\"WebPage\",\"@id\":\"https:\\\/\\\/www.vagadeempregorj.com.br\\\/multilog-78-vagas-de-emprego-abertas-pelo-pais\\\/\",\"url\":\"https:\\\/\\\/www.vagadeempregorj.com.br\\\/multilog-78-vagas-de-emprego-abertas-pelo-pais\\\/\",\"name\":\"Multilog: 78 vagas de EMPREGO abertas pelo pa\u00eds -\",\"isPartOf\":{\"@id\":\"https:\\\/\\\/www.vagadeempregorj.com.br\\\/#website\"},\"primaryImageOfPage\":{\"@id\":\"https:\\\/\\\/www.vagadeempregorj.com.br\\\/multilog-78-vagas-de-emprego-abertas-pelo-pais\\\/#primaryimage\"},\"image\":{\"@id\":\"https:\\\/\\\/www.vagadeempregorj.com.br\\\/multilog-78-vagas-de-emprego-abertas-pelo-pais\\\/#primaryimage\"},\"thumbnailUrl\":\"https:\\\/\\\/www.vagadeempregorj.com.br\\\/wp-content\\\/uploads\\\/2025\\\/02\\\/image.png\",\"datePublished\":\"2025-02-07T09:00:00+00:00\",\"author\":{\"@id\":\"https:\\\/\\\/www.vagadeempregorj.com.br\\\/#\\\/schema\\\/person\\\/3ddb19fa0539706786e502152f3aae95\"},\"description\":\"Veja em Vagas de Emprego RJ as vagas de emprego com e sem experi\u00eancia no seu Estado e Regi\u00e3o!\",\"breadcrumb\":{\"@id\":\"https:\\\/\\\/www.vagadeempregorj.com.br\\\/multilog-78-vagas-de-emprego-abertas-pelo-pais\\\/#breadcrumb\"},\"inLanguage\":\"fr-FR\",\"potentialAction\":[{\"@type\":\"ReadAction\",\"target\":[\"https:\\\/\\\/www.vagadeempregorj.com.br\\\/multilog-78-vagas-de-emprego-abertas-pelo-pais\\\/\"]}]},{\"@type\":\"ImageObject\",\"inLanguage\":\"fr-FR\",\"@id\":\"https:\\\/\\\/www.vagadeempregorj.com.br\\\/multilog-78-vagas-de-emprego-abertas-pelo-pais\\\/#primaryimage\",\"url\":\"https:\\\/\\\/www.vagadeempregorj.com.br\\\/wp-content\\\/uploads\\\/2025\\\/02\\\/image.png\",\"contentUrl\":\"https:\\\/\\\/www.vagadeempregorj.com.br\\\/wp-content\\\/uploads\\\/2025\\\/02\\\/image.png\",\"width\":1500,\"height\":775},{\"@type\":\"BreadcrumbList\",\"@id\":\"https:\\\/\\\/www.vagadeempregorj.com.br\\\/multilog-78-vagas-de-emprego-abertas-pelo-pais\\\/#breadcrumb\",\"itemListElement\":[{\"@type\":\"ListItem\",\"position\":1,\"name\":\"In\u00edcio\",\"item\":\"https:\\\/\\\/www.vagadeempregorj.com.br\\\/\"},{\"@type\":\"ListItem\",\"position\":2,\"name\":\"Vagas de Emprego Nacionais\",\"item\":\"https:\\\/\\\/www.vagadeempregorj.com.br\\\/vagas-de-emprego-nacionais\\\/\"},{\"@type\":\"ListItem\",\"position\":3,\"name\":\"Multilog: 78 vagas de EMPREGO abertas pelo pa\u00eds\"}]},{\"@type\":\"WebSite\",\"@id\":\"https:\\\/\\\/www.vagadeempregorj.com.br\\\/#website\",\"url\":\"https:\\\/\\\/www.vagadeempregorj.com.br\\\/\",\"name\":\"\",\"description\":\"Conquiste Sonhos: Vagas, Benef\u00edcios e Economia para Transformar Vidas e Alcan\u00e7ar Melhorias Cotidianas\",\"potentialAction\":[{\"@type\":\"SearchAction\",\"target\":{\"@type\":\"EntryPoint\",\"urlTemplate\":\"https:\\\/\\\/www.vagadeempregorj.com.br\\\/?s={search_term_string}\"},\"query-input\":{\"@type\":\"PropertyValueSpecification\",\"valueRequired\":true,\"valueName\":\"search_term_string\"}}],\"inLanguage\":\"fr-FR\"},{\"@type\":\"Person\",\"@id\":\"https:\\\/\\\/www.vagadeempregorj.com.br\\\/#\\\/schema\\\/person\\\/3ddb19fa0539706786e502152f3aae95\",\"name\":\"Michele\",\"image\":{\"@type\":\"ImageObject\",\"inLanguage\":\"fr-FR\",\"@id\":\"https:\\\/\\\/secure.gravatar.com\\\/avatar\\\/6b0eb9d22841282815e2cd856a0061c45e1761cd54b22e952d98c4746939aa85?s=96&r=g\",\"url\":\"https:\\\/\\\/secure.gravatar.com\\\/avatar\\\/6b0eb9d22841282815e2cd856a0061c45e1761cd54b22e952d98c4746939aa85?s=96&r=g\",\"contentUrl\":\"https:\\\/\\\/secure.gravatar.com\\\/avatar\\\/6b0eb9d22841282815e2cd856a0061c45e1761cd54b22e952d98c4746939aa85?s=96&r=g\",\"caption\":\"Michele\"},\"description\":\"Formada em Letras - Portugu\u00eas\\\/ Ingl\u00eas, e idealizadora do site Escritora de Sucesso, busca expandir o conhecimento de todos com informa\u00e7\u00f5es relevantes sobre diversos assuntos, enquanto redatora. No Vaga de Emprego RJ, traz oportunidades e dicas sobre o mercado de trabalho.\",\"url\":\"https:\\\/\\\/www.vagadeempregorj.com.br\\\/fr\\\/author\\\/michele\\\/\"}]}<\/script>\n<!-- \/ Yoast SEO plugin. -->","yoast_head_json":{"title":"Multilog: 78 vagas de EMPREGO abertas pelo pa\u00eds -","description":"Veja em Vagas de Emprego RJ as vagas de emprego com e sem experi\u00eancia no seu Estado e Regi\u00e3o!","robots":{"index":"index","follow":"follow","max-snippet":"max-snippet:-1","max-image-preview":"max-image-preview:large","max-video-preview":"max-video-preview:-1"},"canonical":"https:\/\/www.vagadeempregorj.com.br\/fr\/multilog-78-vagas-de-emprego-abertas-pelo-pais\/","og_locale":"fr_FR","og_type":"article","og_title":"Multilog: 78 vagas de EMPREGO abertas pelo pa\u00eds -","og_description":"Veja em Vagas de Emprego RJ as vagas de emprego com e sem experi\u00eancia no seu Estado e Regi\u00e3o!","og_url":"https:\/\/www.vagadeempregorj.com.br\/fr\/multilog-78-vagas-de-emprego-abertas-pelo-pais\/","article_publisher":"https:\/\/www.facebook.com\/empregobrasiloficial","article_published_time":"2025-02-07T09:00:00+00:00","og_image":[{"width":1500,"height":775,"url":"https:\/\/www.vagadeempregorj.com.br\/wp-content\/uploads\/2025\/02\/image.png","type":"image\/png"}],"author":"Michele","twitter_card":"summary_large_image","twitter_misc":{"Written by":"Michele","Est. reading time":"4 minutes"},"schema":{"@context":"https:\/\/schema.org","@graph":[{"@type":"Article","@id":"https:\/\/www.vagadeempregorj.com.br\/multilog-78-vagas-de-emprego-abertas-pelo-pais\/#article","isPartOf":{"@id":"https:\/\/www.vagadeempregorj.com.br\/multilog-78-vagas-de-emprego-abertas-pelo-pais\/"},"author":{"name":"Michele","@id":"https:\/\/www.vagadeempregorj.com.br\/#\/schema\/person\/3ddb19fa0539706786e502152f3aae95"},"headline":"Multilog: 78 vagas de EMPREGO abertas pelo pa\u00eds","datePublished":"2025-02-07T09:00:00+00:00","mainEntityOfPage":{"@id":"https:\/\/www.vagadeempregorj.com.br\/multilog-78-vagas-de-emprego-abertas-pelo-pais\/"},"wordCount":843,"image":{"@id":"https:\/\/www.vagadeempregorj.com.br\/multilog-78-vagas-de-emprego-abertas-pelo-pais\/#primaryimage"},"thumbnailUrl":"https:\/\/www.vagadeempregorj.com.br\/wp-content\/uploads\/2025\/02\/image.png","articleSection":["Vagas de Emprego Nacionais"],"inLanguage":"fr-FR"},{"@type":"WebPage","@id":"https:\/\/www.vagadeempregorj.com.br\/multilog-78-vagas-de-emprego-abertas-pelo-pais\/","url":"https:\/\/www.vagadeempregorj.com.br\/multilog-78-vagas-de-emprego-abertas-pelo-pais\/","name":"Multilog: 78 vagas de EMPREGO abertas pelo pa\u00eds -","isPartOf":{"@id":"https:\/\/www.vagadeempregorj.com.br\/#website"},"primaryImageOfPage":{"@id":"https:\/\/www.vagadeempregorj.com.br\/multilog-78-vagas-de-emprego-abertas-pelo-pais\/#primaryimage"},"image":{"@id":"https:\/\/www.vagadeempregorj.com.br\/multilog-78-vagas-de-emprego-abertas-pelo-pais\/#primaryimage"},"thumbnailUrl":"https:\/\/www.vagadeempregorj.com.br\/wp-content\/uploads\/2025\/02\/image.png","datePublished":"2025-02-07T09:00:00+00:00","author":{"@id":"https:\/\/www.vagadeempregorj.com.br\/#\/schema\/person\/3ddb19fa0539706786e502152f3aae95"},"description":"Veja em Vagas de Emprego RJ as vagas de emprego com e sem experi\u00eancia no seu Estado e Regi\u00e3o!","breadcrumb":{"@id":"https:\/\/www.vagadeempregorj.com.br\/multilog-78-vagas-de-emprego-abertas-pelo-pais\/#breadcrumb"},"inLanguage":"fr-FR","potentialAction":[{"@type":"ReadAction","target":["https:\/\/www.vagadeempregorj.com.br\/multilog-78-vagas-de-emprego-abertas-pelo-pais\/"]}]},{"@type":"ImageObject","inLanguage":"fr-FR","@id":"https:\/\/www.vagadeempregorj.com.br\/multilog-78-vagas-de-emprego-abertas-pelo-pais\/#primaryimage","url":"https:\/\/www.vagadeempregorj.com.br\/wp-content\/uploads\/2025\/02\/image.png","contentUrl":"https:\/\/www.vagadeempregorj.com.br\/wp-content\/uploads\/2025\/02\/image.png","width":1500,"height":775},{"@type":"BreadcrumbList","@id":"https:\/\/www.vagadeempregorj.com.br\/multilog-78-vagas-de-emprego-abertas-pelo-pais\/#breadcrumb","itemListElement":[{"@type":"ListItem","position":1,"name":"In\u00edcio","item":"https:\/\/www.vagadeempregorj.com.br\/"},{"@type":"ListItem","position":2,"name":"Vagas de Emprego Nacionais","item":"https:\/\/www.vagadeempregorj.com.br\/vagas-de-emprego-nacionais\/"},{"@type":"ListItem","position":3,"name":"Multilog: 78 vagas de EMPREGO abertas pelo pa\u00eds"}]},{"@type":"WebSite","@id":"https:\/\/www.vagadeempregorj.com.br\/#website","url":"https:\/\/www.vagadeempregorj.com.br\/","name":"","description":"Conquiste Sonhos: Vagas, Benef\u00edcios e Economia para Transformar Vidas e Alcan\u00e7ar Melhorias Cotidianas","potentialAction":[{"@type":"SearchAction","target":{"@type":"EntryPoint","urlTemplate":"https:\/\/www.vagadeempregorj.com.br\/?s={search_term_string}"},"query-input":{"@type":"PropertyValueSpecification","valueRequired":true,"valueName":"search_term_string"}}],"inLanguage":"fr-FR"},{"@type":"Person","@id":"https:\/\/www.vagadeempregorj.com.br\/#\/schema\/person\/3ddb19fa0539706786e502152f3aae95","name":"Michele","image":{"@type":"ImageObject","inLanguage":"fr-FR","@id":"https:\/\/secure.gravatar.com\/avatar\/6b0eb9d22841282815e2cd856a0061c45e1761cd54b22e952d98c4746939aa85?s=96&r=g","url":"https:\/\/secure.gravatar.com\/avatar\/6b0eb9d22841282815e2cd856a0061c45e1761cd54b22e952d98c4746939aa85?s=96&r=g","contentUrl":"https:\/\/secure.gravatar.com\/avatar\/6b0eb9d22841282815e2cd856a0061c45e1761cd54b22e952d98c4746939aa85?s=96&r=g","caption":"Michele"},"description":"Formada em Letras - Portugu\u00eas\/ Ingl\u00eas, e idealizadora do site Escritora de Sucesso, busca expandir o conhecimento de todos com informa\u00e7\u00f5es relevantes sobre diversos assuntos, enquanto redatora. No Vaga de Emprego RJ, traz oportunidades e dicas sobre o mercado de trabalho.","url":"https:\/\/www.vagadeempregorj.com.br\/fr\/author\/michele\/"}]}},"_links":{"self":[{"href":"https:\/\/www.vagadeempregorj.com.br\/fr\/wp-json\/wp\/v2\/posts\/42464","targetHints":{"allow":["GET"]}}],"collection":[{"href":"https:\/\/www.vagadeempregorj.com.br\/fr\/wp-json\/wp\/v2\/posts"}],"about":[{"href":"https:\/\/www.vagadeempregorj.com.br\/fr\/wp-json\/wp\/v2\/types\/post"}],"author":[{"embeddable":true,"href":"https:\/\/www.vagadeempregorj.com.br\/fr\/wp-json\/wp\/v2\/users\/16"}],"replies":[{"embeddable":true,"href":"https:\/\/www.vagadeempregorj.com.br\/fr\/wp-json\/wp\/v2\/comments?post=42464"}],"version-history":[{"count":0,"href":"https:\/\/www.vagadeempregorj.com.br\/fr\/wp-json\/wp\/v2\/posts\/42464\/revisions"}],"wp:featuredmedia":[{"embeddable":true,"href":"https:\/\/www.vagadeempregorj.com.br\/fr\/wp-json\/wp\/v2\/media\/42488"}],"wp:attachment":[{"href":"https:\/\/www.vagadeempregorj.com.br\/fr\/wp-json\/wp\/v2\/media?parent=42464"}],"wp:term":[{"taxonomy":"category","embeddable":true,"href":"https:\/\/www.vagadeempregorj.com.br\/fr\/wp-json\/wp\/v2\/categories?post=42464"},{"taxonomy":"post_tag","embeddable":true,"href":"https:\/\/www.vagadeempregorj.com.br\/fr\/wp-json\/wp\/v2\/tags?post=42464"}],"curies":[{"name":"wp","href":"https:\/\/api.w.org\/{rel}","templated":true}]}}