{"id":42468,"date":"2025-02-11T06:00:00","date_gmt":"2025-02-11T09:00:00","guid":{"rendered":"https:\/\/www.vagadeempregorj.com.br\/?p=42468"},"modified":"2025-02-07T00:41:04","modified_gmt":"2025-02-07T03:41:04","slug":"telemont-349-vagas-de-emprego-pelo-pais","status":"publish","type":"post","link":"https:\/\/www.vagadeempregorj.com.br\/fr\/telemont-349-vagas-de-emprego-pelo-pais\/","title":{"rendered":"TELEMONT: 349 vagas de EMPREGO pelo pa\u00eds"},"content":{"rendered":"<p>A <strong>Telemont<\/strong>, empresa de destaque no setor de telecomunica\u00e7\u00f5es, est\u00e1 anunciando 349 vagas de emprego abertas em diversas regi\u00f5es do Brasil. Se voc\u00ea deseja fazer parte de uma equipe comprometida com a inova\u00e7\u00e3o e a excel\u00eancia, esta pode ser a sua chance.<\/p>\n\n\n\n<figure class=\"wp-block-image size-full\"><img loading=\"lazy\" decoding=\"async\" width=\"1000\" height=\"533\" src=\"https:\/\/www.vagadeempregorj.com.br\/wp-content\/uploads\/2025\/02\/image-2.png\" alt=\"\" class=\"wp-image-42492\" srcset=\"https:\/\/www.vagadeempregorj.com.br\/wp-content\/uploads\/2025\/02\/image-2.png 1000w, https:\/\/www.vagadeempregorj.com.br\/wp-content\/uploads\/2025\/02\/image-2-300x160.png 300w, https:\/\/www.vagadeempregorj.com.br\/wp-content\/uploads\/2025\/02\/image-2-768x409.png 768w, https:\/\/www.vagadeempregorj.com.br\/wp-content\/uploads\/2025\/02\/image-2-150x80.png 150w\" sizes=\"auto, (max-width: 1000px) 100vw, 1000px\" \/><\/figure>\n\n\n\n<h2 class=\"wp-block-heading\">Quais s\u00e3o as oportunidades de carreira na TELEMONT?<\/h2>\n\n\n\n<p>A Telemont proporciona uma variedade de cargos que abrangem diferentes \u00e1reas de atua\u00e7\u00e3o. A seguir, destacamos algumas das principais oportunidades dispon\u00edveis:<\/p>\n\n\n\n<h3 class=\"wp-block-heading\">Assistente t\u00e9cnico I (Campinas)<\/h3>\n\n\n\n<p>Como Assistente T\u00e9cnico I, voc\u00ea ser\u00e1 respons\u00e1vel por prestar suporte t\u00e9cnico em projetos de telecomunica\u00e7\u00f5es, auxiliando na implementa\u00e7\u00e3o e manuten\u00e7\u00e3o de sistemas. Esta fun\u00e7\u00e3o \u00e9 ideal para quem possui conhecimento t\u00e9cnico e deseja crescer na \u00e1rea.<\/p>\n\n\n\n<h3 class=\"wp-block-heading\">Operador de suporte T\u00e9cnico I<\/h3>\n\n\n\n<p>Nesta \u00e1rea, o profissional atuar\u00e1 no atendimento e resolu\u00e7\u00e3o de problemas t\u00e9cnicos relacionados aos servi\u00e7os oferecidos pela empresa. Se voc\u00ea tem habilidades em suporte t\u00e9cnico e gosta de solucionar desafios, esta vaga pode ser para voc\u00ea.<\/p>\n\n\n\n<h3 class=\"wp-block-heading\">Auxiliar de almoxarifado &#8211; Barbalha\/CE<\/h3>\n\n\n\n<p>O Auxiliar de Almoxarifado \u00e9 respons\u00e1vel pelo controle e organiza\u00e7\u00e3o de materiais e equipamentos, garantindo que tudo esteja em ordem para as opera\u00e7\u00f5es di\u00e1rias. Organiza\u00e7\u00e3o e aten\u00e7\u00e3o aos detalhes s\u00e3o essenciais para este cargo.<\/p>\n\n\n\n<h3 class=\"wp-block-heading\">Ligador FTTH<\/h3>\n\n\n\n<p>O Ligador FTTH atua na instala\u00e7\u00e3o e manuten\u00e7\u00e3o de redes de fibra \u00f3ptica at\u00e9 a resid\u00eancia do cliente. Se voc\u00ea tem experi\u00eancia com fibra \u00f3ptica e busca uma oportunidade pr\u00e1tica no campo, considere esta vaga.<\/p>\n\n\n\n<h3 class=\"wp-block-heading\">Programador de obra &#8211; Barbalha\/CE<\/h3>\n\n\n\n<p>Como Programador de Obra, voc\u00ea ser\u00e1 respons\u00e1vel pelo planejamento e acompanhamento de projetos de telecomunica\u00e7\u00f5es, assegurando que as atividades sejam executadas conforme o cronograma estabelecido.<\/p>\n\n\n\n<h3 class=\"wp-block-heading\">T\u00e9cnico em manuten\u00e7\u00e3o predial<\/h3>\n\n\n\n<p>O T\u00e9cnico em Manuten\u00e7\u00e3o Predial realiza servi\u00e7os de manuten\u00e7\u00e3o el\u00e9trica, mec\u00e2nica e hidr\u00e1ulica nas instala\u00e7\u00f5es da empresa, garantindo o bom funcionamento das estruturas f\u00edsicas.<\/p>\n\n\n\n<h3 class=\"wp-block-heading\">Emendador de cabos telef\u00f4nicos &#8211; Campo Grande\/MS<\/h3>\n\n\n\n<p>Nesta fun\u00e7\u00e3o, o profissional trabalha na emenda e reparo de cabos telef\u00f4nicos, assegurando a qualidade e continuidade dos servi\u00e7os de telefonia.<\/p>\n\n\n\n<h3 class=\"wp-block-heading\">Instalador de internet &#8211; Dourados\/MS<\/h3>\n\n\n\n<p>O Instalador de Internet \u00e9 respons\u00e1vel pela instala\u00e7\u00e3o e configura\u00e7\u00e3o dos servi\u00e7os de internet na resid\u00eancia dos clientes, garantindo uma experi\u00eancia de alta qualidade.<\/p>\n\n\n\n<h3 class=\"wp-block-heading\">Agente de solu\u00e7\u00f5es em telecomunica\u00e7\u00f5es I &#8211; Campo Grande\/MS<\/h3>\n\n\n\n<p>Este profissional atua na implementa\u00e7\u00e3o de solu\u00e7\u00f5es em telecomunica\u00e7\u00f5es, atendendo \u00e0s necessidades dos clientes e assegurando a satisfa\u00e7\u00e3o com os servi\u00e7os prestados.<\/p>\n\n\n\n<h3 class=\"wp-block-heading\">Supervisor de equipes de campo<\/h3>\n\n\n\n<p>O Supervisor de Equipe de Campo \u00e9 respons\u00e1vel por liderar e coordenar as equipes t\u00e9cnicas em atividades externas, garantindo a execu\u00e7\u00e3o dos servi\u00e7os dentro dos padr\u00f5es de qualidade e seguran\u00e7a da companhia. Essa fun\u00e7\u00e3o exige habilidades de lideran\u00e7a, organiza\u00e7\u00e3o e conhecimento t\u00e9cnico na \u00e1rea de telecomunica\u00e7\u00f5es.<\/p>\n\n\n\n<h3 class=\"wp-block-heading\">Trainee &#8211; Inspe\u00e7\u00e3o de unidades consumidoras<\/h3>\n\n\n\n<p>O programa de trainee disponibiliza a oportunidade de desenvolver habilidades na inspe\u00e7\u00e3o de unidades consumidoras de energia, identificando e corrigindo poss\u00edveis irregularidades.<\/p>\n\n\n\n<h2 class=\"wp-block-heading\">Como se candidatar?<\/h2>\n\n\n\n<p>Interessado em alguma dessas oportunidades? O processo de candidatura \u00e9 simples e direto. Siga os passos abaixo para se inscrever:<\/p>\n\n\n\n<ul class=\"wp-block-list\">\n<li>Acesse a p\u00e1gina de carreiras da Telemont: <strong>https:\/\/telemont.gupy.io\/<\/strong><\/li>\n\n\n\n<li>Navegue pelas vagas dispon\u00edveis e escolha a que mais se alinha ao seu perfil.<\/li>\n\n\n\n<li>Clique na vaga desejada para obter mais informa\u00e7\u00f5es sobre os requisitos e responsabilidades.<\/li>\n\n\n\n<li>Caso a vaga seja adequada para voc\u00ea, clique em &#8220;Candidatar-se&#8221; e siga as instru\u00e7\u00f5es para enviar seu curr\u00edculo e preencher as informa\u00e7\u00f5es necess\u00e1rias.<\/li>\n<\/ul>\n\n\n\n<p>Lembre-se de que \u00e9 importante revisar seu curr\u00edculo e garantir que todas as informa\u00e7\u00f5es estejam atualizadas antes de envi\u00e1-lo. Al\u00e9m disso, fique atento aos prazos de inscri\u00e7\u00e3o e prepare-se para poss\u00edveis etapas do processo seletivo, como entrevistas ou testes t\u00e9cnicos.<\/p>\n\n\n\n<p>A Telemont valoriza profissionais comprometidos, inovadores e focados em resultados. Se voc\u00ea se identifica com esses valores, n\u00e3o perca a oportunidade de fazer parte dessa equipe. Boa sorte em sua candidatura!<\/p>\n\n\n\n<p><strong>Veja tamb\u00e9m: <a href=\"https:\/\/www.vagadeempregorj.com.br\/fr\/vagas-emprego-amazon-oportunidades-carreira\/\">Vagas de Emprego na Amazon: Oportunidades de Carreira 2025<\/a><\/strong><\/p>\n\n\n\n<p>11 de fevereiro de 2025<\/p>","protected":false},"excerpt":{"rendered":"<p>A Telemont, empresa de destaque no setor de telecomunica\u00e7\u00f5es, est\u00e1 anunciando 349 vagas de emprego abertas em diversas regi\u00f5es do Brasil. Se voc\u00ea deseja fazer parte de uma equipe comprometida com a inova\u00e7\u00e3o e a excel\u00eancia, esta pode ser a sua chance. Quais s\u00e3o as oportunidades de carreira na TELEMONT? A Telemont proporciona uma variedade&hellip;&nbsp;<\/p>","protected":false},"author":16,"featured_media":42492,"comment_status":"closed","ping_status":"closed","sticky":false,"template":"","format":"standard","meta":{"neve_meta_sidebar":"","neve_meta_container":"","neve_meta_enable_content_width":"","neve_meta_content_width":0,"neve_meta_title_alignment":"","neve_meta_author_avatar":"","neve_post_elements_order":"","neve_meta_disable_header":"","neve_meta_disable_footer":"","neve_meta_disable_title":"","footnotes":""},"categories":[123],"tags":[],"class_list":["post-42468","post","type-post","status-publish","format-standard","has-post-thumbnail","hentry","category-vagas-de-emprego-nacionais"],"yoast_head":"<!-- This site is optimized with the Yoast SEO plugin v27.5 - https:\/\/yoast.com\/product\/yoast-seo-wordpress\/ -->\n<title>TELEMONT: 349 vagas de EMPREGO pelo pa\u00eds -<\/title>\n<meta name=\"description\" content=\"Veja em Vagas de Emprego RJ as vagas de emprego com e sem experi\u00eancia no seu Estado e Regi\u00e3o!\" \/>\n<meta name=\"robots\" content=\"index, follow, max-snippet:-1, max-image-preview:large, max-video-preview:-1\" \/>\n<link rel=\"canonical\" href=\"https:\/\/www.vagadeempregorj.com.br\/fr\/telemont-349-vagas-de-emprego-pelo-pais\/\" \/>\n<meta property=\"og:locale\" content=\"fr_FR\" \/>\n<meta property=\"og:type\" content=\"article\" \/>\n<meta property=\"og:title\" content=\"TELEMONT: 349 vagas de EMPREGO pelo pa\u00eds -\" \/>\n<meta property=\"og:description\" content=\"Veja em Vagas de Emprego RJ as vagas de emprego com e sem experi\u00eancia no seu Estado e Regi\u00e3o!\" \/>\n<meta property=\"og:url\" content=\"https:\/\/www.vagadeempregorj.com.br\/fr\/telemont-349-vagas-de-emprego-pelo-pais\/\" \/>\n<meta property=\"article:publisher\" content=\"https:\/\/www.facebook.com\/empregobrasiloficial\" \/>\n<meta property=\"article:published_time\" content=\"2025-02-11T09:00:00+00:00\" \/>\n<meta property=\"og:image\" content=\"https:\/\/www.vagadeempregorj.com.br\/wp-content\/uploads\/2025\/02\/image-2.png\" \/>\n\t<meta property=\"og:image:width\" content=\"1000\" \/>\n\t<meta property=\"og:image:height\" content=\"533\" \/>\n\t<meta property=\"og:image:type\" content=\"image\/png\" \/>\n<meta name=\"author\" content=\"Michele\" \/>\n<meta name=\"twitter:card\" content=\"summary_large_image\" \/>\n<meta name=\"twitter:label1\" content=\"Written by\" \/>\n\t<meta name=\"twitter:data1\" content=\"Michele\" \/>\n\t<meta name=\"twitter:label2\" content=\"Est. reading time\" \/>\n\t<meta name=\"twitter:data2\" content=\"4 minutes\" \/>\n<script type=\"application\/ld+json\" class=\"yoast-schema-graph\">{\"@context\":\"https:\\\/\\\/schema.org\",\"@graph\":[{\"@type\":\"Article\",\"@id\":\"https:\\\/\\\/www.vagadeempregorj.com.br\\\/telemont-349-vagas-de-emprego-pelo-pais\\\/#article\",\"isPartOf\":{\"@id\":\"https:\\\/\\\/www.vagadeempregorj.com.br\\\/telemont-349-vagas-de-emprego-pelo-pais\\\/\"},\"author\":{\"name\":\"Michele\",\"@id\":\"https:\\\/\\\/www.vagadeempregorj.com.br\\\/#\\\/schema\\\/person\\\/3ddb19fa0539706786e502152f3aae95\"},\"headline\":\"TELEMONT: 349 vagas de EMPREGO pelo pa\u00eds\",\"datePublished\":\"2025-02-11T09:00:00+00:00\",\"mainEntityOfPage\":{\"@id\":\"https:\\\/\\\/www.vagadeempregorj.com.br\\\/telemont-349-vagas-de-emprego-pelo-pais\\\/\"},\"wordCount\":719,\"image\":{\"@id\":\"https:\\\/\\\/www.vagadeempregorj.com.br\\\/telemont-349-vagas-de-emprego-pelo-pais\\\/#primaryimage\"},\"thumbnailUrl\":\"https:\\\/\\\/www.vagadeempregorj.com.br\\\/wp-content\\\/uploads\\\/2025\\\/02\\\/image-2.png\",\"articleSection\":[\"Vagas de Emprego Nacionais\"],\"inLanguage\":\"fr-FR\"},{\"@type\":\"WebPage\",\"@id\":\"https:\\\/\\\/www.vagadeempregorj.com.br\\\/telemont-349-vagas-de-emprego-pelo-pais\\\/\",\"url\":\"https:\\\/\\\/www.vagadeempregorj.com.br\\\/telemont-349-vagas-de-emprego-pelo-pais\\\/\",\"name\":\"TELEMONT: 349 vagas de EMPREGO pelo pa\u00eds -\",\"isPartOf\":{\"@id\":\"https:\\\/\\\/www.vagadeempregorj.com.br\\\/#website\"},\"primaryImageOfPage\":{\"@id\":\"https:\\\/\\\/www.vagadeempregorj.com.br\\\/telemont-349-vagas-de-emprego-pelo-pais\\\/#primaryimage\"},\"image\":{\"@id\":\"https:\\\/\\\/www.vagadeempregorj.com.br\\\/telemont-349-vagas-de-emprego-pelo-pais\\\/#primaryimage\"},\"thumbnailUrl\":\"https:\\\/\\\/www.vagadeempregorj.com.br\\\/wp-content\\\/uploads\\\/2025\\\/02\\\/image-2.png\",\"datePublished\":\"2025-02-11T09:00:00+00:00\",\"author\":{\"@id\":\"https:\\\/\\\/www.vagadeempregorj.com.br\\\/#\\\/schema\\\/person\\\/3ddb19fa0539706786e502152f3aae95\"},\"description\":\"Veja em Vagas de Emprego RJ as vagas de emprego com e sem experi\u00eancia no seu Estado e Regi\u00e3o!\",\"breadcrumb\":{\"@id\":\"https:\\\/\\\/www.vagadeempregorj.com.br\\\/telemont-349-vagas-de-emprego-pelo-pais\\\/#breadcrumb\"},\"inLanguage\":\"fr-FR\",\"potentialAction\":[{\"@type\":\"ReadAction\",\"target\":[\"https:\\\/\\\/www.vagadeempregorj.com.br\\\/telemont-349-vagas-de-emprego-pelo-pais\\\/\"]}]},{\"@type\":\"ImageObject\",\"inLanguage\":\"fr-FR\",\"@id\":\"https:\\\/\\\/www.vagadeempregorj.com.br\\\/telemont-349-vagas-de-emprego-pelo-pais\\\/#primaryimage\",\"url\":\"https:\\\/\\\/www.vagadeempregorj.com.br\\\/wp-content\\\/uploads\\\/2025\\\/02\\\/image-2.png\",\"contentUrl\":\"https:\\\/\\\/www.vagadeempregorj.com.br\\\/wp-content\\\/uploads\\\/2025\\\/02\\\/image-2.png\",\"width\":1000,\"height\":533},{\"@type\":\"BreadcrumbList\",\"@id\":\"https:\\\/\\\/www.vagadeempregorj.com.br\\\/telemont-349-vagas-de-emprego-pelo-pais\\\/#breadcrumb\",\"itemListElement\":[{\"@type\":\"ListItem\",\"position\":1,\"name\":\"In\u00edcio\",\"item\":\"https:\\\/\\\/www.vagadeempregorj.com.br\\\/\"},{\"@type\":\"ListItem\",\"position\":2,\"name\":\"Vagas de Emprego Nacionais\",\"item\":\"https:\\\/\\\/www.vagadeempregorj.com.br\\\/vagas-de-emprego-nacionais\\\/\"},{\"@type\":\"ListItem\",\"position\":3,\"name\":\"TELEMONT: 349 vagas de EMPREGO pelo pa\u00eds\"}]},{\"@type\":\"WebSite\",\"@id\":\"https:\\\/\\\/www.vagadeempregorj.com.br\\\/#website\",\"url\":\"https:\\\/\\\/www.vagadeempregorj.com.br\\\/\",\"name\":\"\",\"description\":\"Conquiste Sonhos: Vagas, Benef\u00edcios e Economia para Transformar Vidas e Alcan\u00e7ar Melhorias Cotidianas\",\"potentialAction\":[{\"@type\":\"SearchAction\",\"target\":{\"@type\":\"EntryPoint\",\"urlTemplate\":\"https:\\\/\\\/www.vagadeempregorj.com.br\\\/?s={search_term_string}\"},\"query-input\":{\"@type\":\"PropertyValueSpecification\",\"valueRequired\":true,\"valueName\":\"search_term_string\"}}],\"inLanguage\":\"fr-FR\"},{\"@type\":\"Person\",\"@id\":\"https:\\\/\\\/www.vagadeempregorj.com.br\\\/#\\\/schema\\\/person\\\/3ddb19fa0539706786e502152f3aae95\",\"name\":\"Michele\",\"image\":{\"@type\":\"ImageObject\",\"inLanguage\":\"fr-FR\",\"@id\":\"https:\\\/\\\/secure.gravatar.com\\\/avatar\\\/6b0eb9d22841282815e2cd856a0061c45e1761cd54b22e952d98c4746939aa85?s=96&r=g\",\"url\":\"https:\\\/\\\/secure.gravatar.com\\\/avatar\\\/6b0eb9d22841282815e2cd856a0061c45e1761cd54b22e952d98c4746939aa85?s=96&r=g\",\"contentUrl\":\"https:\\\/\\\/secure.gravatar.com\\\/avatar\\\/6b0eb9d22841282815e2cd856a0061c45e1761cd54b22e952d98c4746939aa85?s=96&r=g\",\"caption\":\"Michele\"},\"description\":\"Formada em Letras - Portugu\u00eas\\\/ Ingl\u00eas, e idealizadora do site Escritora de Sucesso, busca expandir o conhecimento de todos com informa\u00e7\u00f5es relevantes sobre diversos assuntos, enquanto redatora. No Vaga de Emprego RJ, traz oportunidades e dicas sobre o mercado de trabalho.\",\"url\":\"https:\\\/\\\/www.vagadeempregorj.com.br\\\/fr\\\/author\\\/michele\\\/\"}]}<\/script>\n<!-- \/ Yoast SEO plugin. -->","yoast_head_json":{"title":"TELEMONT: 349 vagas de EMPREGO pelo pa\u00eds -","description":"Veja em Vagas de Emprego RJ as vagas de emprego com e sem experi\u00eancia no seu Estado e Regi\u00e3o!","robots":{"index":"index","follow":"follow","max-snippet":"max-snippet:-1","max-image-preview":"max-image-preview:large","max-video-preview":"max-video-preview:-1"},"canonical":"https:\/\/www.vagadeempregorj.com.br\/fr\/telemont-349-vagas-de-emprego-pelo-pais\/","og_locale":"fr_FR","og_type":"article","og_title":"TELEMONT: 349 vagas de EMPREGO pelo pa\u00eds -","og_description":"Veja em Vagas de Emprego RJ as vagas de emprego com e sem experi\u00eancia no seu Estado e Regi\u00e3o!","og_url":"https:\/\/www.vagadeempregorj.com.br\/fr\/telemont-349-vagas-de-emprego-pelo-pais\/","article_publisher":"https:\/\/www.facebook.com\/empregobrasiloficial","article_published_time":"2025-02-11T09:00:00+00:00","og_image":[{"width":1000,"height":533,"url":"https:\/\/www.vagadeempregorj.com.br\/wp-content\/uploads\/2025\/02\/image-2.png","type":"image\/png"}],"author":"Michele","twitter_card":"summary_large_image","twitter_misc":{"Written by":"Michele","Est. reading time":"4 minutes"},"schema":{"@context":"https:\/\/schema.org","@graph":[{"@type":"Article","@id":"https:\/\/www.vagadeempregorj.com.br\/telemont-349-vagas-de-emprego-pelo-pais\/#article","isPartOf":{"@id":"https:\/\/www.vagadeempregorj.com.br\/telemont-349-vagas-de-emprego-pelo-pais\/"},"author":{"name":"Michele","@id":"https:\/\/www.vagadeempregorj.com.br\/#\/schema\/person\/3ddb19fa0539706786e502152f3aae95"},"headline":"TELEMONT: 349 vagas de EMPREGO pelo pa\u00eds","datePublished":"2025-02-11T09:00:00+00:00","mainEntityOfPage":{"@id":"https:\/\/www.vagadeempregorj.com.br\/telemont-349-vagas-de-emprego-pelo-pais\/"},"wordCount":719,"image":{"@id":"https:\/\/www.vagadeempregorj.com.br\/telemont-349-vagas-de-emprego-pelo-pais\/#primaryimage"},"thumbnailUrl":"https:\/\/www.vagadeempregorj.com.br\/wp-content\/uploads\/2025\/02\/image-2.png","articleSection":["Vagas de Emprego Nacionais"],"inLanguage":"fr-FR"},{"@type":"WebPage","@id":"https:\/\/www.vagadeempregorj.com.br\/telemont-349-vagas-de-emprego-pelo-pais\/","url":"https:\/\/www.vagadeempregorj.com.br\/telemont-349-vagas-de-emprego-pelo-pais\/","name":"TELEMONT: 349 vagas de EMPREGO pelo pa\u00eds -","isPartOf":{"@id":"https:\/\/www.vagadeempregorj.com.br\/#website"},"primaryImageOfPage":{"@id":"https:\/\/www.vagadeempregorj.com.br\/telemont-349-vagas-de-emprego-pelo-pais\/#primaryimage"},"image":{"@id":"https:\/\/www.vagadeempregorj.com.br\/telemont-349-vagas-de-emprego-pelo-pais\/#primaryimage"},"thumbnailUrl":"https:\/\/www.vagadeempregorj.com.br\/wp-content\/uploads\/2025\/02\/image-2.png","datePublished":"2025-02-11T09:00:00+00:00","author":{"@id":"https:\/\/www.vagadeempregorj.com.br\/#\/schema\/person\/3ddb19fa0539706786e502152f3aae95"},"description":"Veja em Vagas de Emprego RJ as vagas de emprego com e sem experi\u00eancia no seu Estado e Regi\u00e3o!","breadcrumb":{"@id":"https:\/\/www.vagadeempregorj.com.br\/telemont-349-vagas-de-emprego-pelo-pais\/#breadcrumb"},"inLanguage":"fr-FR","potentialAction":[{"@type":"ReadAction","target":["https:\/\/www.vagadeempregorj.com.br\/telemont-349-vagas-de-emprego-pelo-pais\/"]}]},{"@type":"ImageObject","inLanguage":"fr-FR","@id":"https:\/\/www.vagadeempregorj.com.br\/telemont-349-vagas-de-emprego-pelo-pais\/#primaryimage","url":"https:\/\/www.vagadeempregorj.com.br\/wp-content\/uploads\/2025\/02\/image-2.png","contentUrl":"https:\/\/www.vagadeempregorj.com.br\/wp-content\/uploads\/2025\/02\/image-2.png","width":1000,"height":533},{"@type":"BreadcrumbList","@id":"https:\/\/www.vagadeempregorj.com.br\/telemont-349-vagas-de-emprego-pelo-pais\/#breadcrumb","itemListElement":[{"@type":"ListItem","position":1,"name":"In\u00edcio","item":"https:\/\/www.vagadeempregorj.com.br\/"},{"@type":"ListItem","position":2,"name":"Vagas de Emprego Nacionais","item":"https:\/\/www.vagadeempregorj.com.br\/vagas-de-emprego-nacionais\/"},{"@type":"ListItem","position":3,"name":"TELEMONT: 349 vagas de EMPREGO pelo pa\u00eds"}]},{"@type":"WebSite","@id":"https:\/\/www.vagadeempregorj.com.br\/#website","url":"https:\/\/www.vagadeempregorj.com.br\/","name":"","description":"Conquiste Sonhos: Vagas, Benef\u00edcios e Economia para Transformar Vidas e Alcan\u00e7ar Melhorias Cotidianas","potentialAction":[{"@type":"SearchAction","target":{"@type":"EntryPoint","urlTemplate":"https:\/\/www.vagadeempregorj.com.br\/?s={search_term_string}"},"query-input":{"@type":"PropertyValueSpecification","valueRequired":true,"valueName":"search_term_string"}}],"inLanguage":"fr-FR"},{"@type":"Person","@id":"https:\/\/www.vagadeempregorj.com.br\/#\/schema\/person\/3ddb19fa0539706786e502152f3aae95","name":"Michele","image":{"@type":"ImageObject","inLanguage":"fr-FR","@id":"https:\/\/secure.gravatar.com\/avatar\/6b0eb9d22841282815e2cd856a0061c45e1761cd54b22e952d98c4746939aa85?s=96&r=g","url":"https:\/\/secure.gravatar.com\/avatar\/6b0eb9d22841282815e2cd856a0061c45e1761cd54b22e952d98c4746939aa85?s=96&r=g","contentUrl":"https:\/\/secure.gravatar.com\/avatar\/6b0eb9d22841282815e2cd856a0061c45e1761cd54b22e952d98c4746939aa85?s=96&r=g","caption":"Michele"},"description":"Formada em Letras - Portugu\u00eas\/ Ingl\u00eas, e idealizadora do site Escritora de Sucesso, busca expandir o conhecimento de todos com informa\u00e7\u00f5es relevantes sobre diversos assuntos, enquanto redatora. No Vaga de Emprego RJ, traz oportunidades e dicas sobre o mercado de trabalho.","url":"https:\/\/www.vagadeempregorj.com.br\/fr\/author\/michele\/"}]}},"_links":{"self":[{"href":"https:\/\/www.vagadeempregorj.com.br\/fr\/wp-json\/wp\/v2\/posts\/42468","targetHints":{"allow":["GET"]}}],"collection":[{"href":"https:\/\/www.vagadeempregorj.com.br\/fr\/wp-json\/wp\/v2\/posts"}],"about":[{"href":"https:\/\/www.vagadeempregorj.com.br\/fr\/wp-json\/wp\/v2\/types\/post"}],"author":[{"embeddable":true,"href":"https:\/\/www.vagadeempregorj.com.br\/fr\/wp-json\/wp\/v2\/users\/16"}],"replies":[{"embeddable":true,"href":"https:\/\/www.vagadeempregorj.com.br\/fr\/wp-json\/wp\/v2\/comments?post=42468"}],"version-history":[{"count":0,"href":"https:\/\/www.vagadeempregorj.com.br\/fr\/wp-json\/wp\/v2\/posts\/42468\/revisions"}],"wp:featuredmedia":[{"embeddable":true,"href":"https:\/\/www.vagadeempregorj.com.br\/fr\/wp-json\/wp\/v2\/media\/42492"}],"wp:attachment":[{"href":"https:\/\/www.vagadeempregorj.com.br\/fr\/wp-json\/wp\/v2\/media?parent=42468"}],"wp:term":[{"taxonomy":"category","embeddable":true,"href":"https:\/\/www.vagadeempregorj.com.br\/fr\/wp-json\/wp\/v2\/categories?post=42468"},{"taxonomy":"post_tag","embeddable":true,"href":"https:\/\/www.vagadeempregorj.com.br\/fr\/wp-json\/wp\/v2\/tags?post=42468"}],"curies":[{"name":"wp","href":"https:\/\/api.w.org\/{rel}","templated":true}]}}