{"id":42470,"date":"2025-02-12T06:00:00","date_gmt":"2025-02-12T09:00:00","guid":{"rendered":"https:\/\/www.vagadeempregorj.com.br\/?p=42470"},"modified":"2025-11-04T22:39:56","modified_gmt":"2025-11-05T01:39:56","slug":"unicesumar-83-vagas-de-emprego-abertas-nesta-regiao","status":"publish","type":"post","link":"https:\/\/www.vagadeempregorj.com.br\/fr\/unicesumar-83-vagas-de-emprego-abertas-nesta-regiao\/","title":{"rendered":"Unicesumar: 83 vagas de emprego abertas nesta regi\u00e3o"},"content":{"rendered":"<p>Voc\u00ea est\u00e1 em busca de novas oportunidades profissionais? Ent\u00e3o, prepare-se para uma not\u00edcia: a <strong>Unicesumar<\/strong>, uma das institui\u00e7\u00f5es de ensino mais renomadas do pa\u00eds, est\u00e1 com 83 vagas de emprego abertas em nossa regi\u00e3o.&nbsp;<\/p>\n\n\n\n<p>Se voc\u00ea deseja fazer parte de uma equipe comprometida com a transforma\u00e7\u00e3o de vidas por meio da educa\u00e7\u00e3o, esta pode ser a sua chance.<\/p>\n\n\n\n<figure class=\"wp-block-image size-large\"><img loading=\"lazy\" decoding=\"async\" width=\"1024\" height=\"476\" src=\"https:\/\/www.vagadeempregorj.com.br\/wp-content\/uploads\/2025\/02\/image-3-1024x476.png\" alt=\"\" class=\"wp-image-42494\" srcset=\"https:\/\/www.vagadeempregorj.com.br\/wp-content\/uploads\/2025\/02\/image-3-1024x476.png 1024w, https:\/\/www.vagadeempregorj.com.br\/wp-content\/uploads\/2025\/02\/image-3-300x139.png 300w, https:\/\/www.vagadeempregorj.com.br\/wp-content\/uploads\/2025\/02\/image-3-768x357.png 768w, https:\/\/www.vagadeempregorj.com.br\/wp-content\/uploads\/2025\/02\/image-3-150x70.png 150w, https:\/\/www.vagadeempregorj.com.br\/wp-content\/uploads\/2025\/02\/image-3.png 1076w\" sizes=\"auto, (max-width: 1024px) 100vw, 1024px\" \/><\/figure>\n\n\n\n<h2 class=\"wp-block-heading\">Quais s\u00e3o as oportunidades de carreira na Unicesumar?<\/h2>\n\n\n\n<p>A Unicesumar proporciona uma variedade de cargos que abrangem diferentes \u00e1reas de atua\u00e7\u00e3o. A seguir, destacamos algumas dessas oportunidades:<\/p>\n\n\n\n<h3 class=\"wp-block-heading\">Agente de portaria<\/h3>\n\n\n\n<p><strong>Localidades:<\/strong> Curitiba, Londrina, Maring\u00e1 e Ponta Grossa, todas no Paran\u00e1.<\/p>\n\n\n\n<p><strong>Descri\u00e7\u00e3o:<\/strong> Como Agente de Portaria, voc\u00ea ser\u00e1 respons\u00e1vel pelo controle de acesso \u00e0s instala\u00e7\u00f5es da institui\u00e7\u00e3o, garantindo a seguran\u00e7a e o bem-estar de todos. Suas principais atribui\u00e7\u00f5es incluem:<\/p>\n\n\n\n<ul class=\"wp-block-list\">\n<li>Monitorar a entrada e sa\u00edda de pessoas e ve\u00edculos.<\/li>\n\n\n\n<li>Realizar rondas peri\u00f3dicas nas depend\u00eancias.<\/li>\n\n\n\n<li>Atender e orientar visitantes e colaboradores.<\/li>\n<\/ul>\n\n\n\n<h3 class=\"wp-block-heading\">Analista comercial<\/h3>\n\n\n\n<p><strong>Localidades:<\/strong> Maring\u00e1 e Curitiba, no Paran\u00e1.<\/p>\n\n\n\n<p><strong>Descri\u00e7\u00e3o:<\/strong> O Analista Comercial desempenha um papel crucial no desenvolvimento e implementa\u00e7\u00e3o de estrat\u00e9gias para impulsionar o crescimento da Unicesumar. Suas responsabilidades englobam:<\/p>\n\n\n\n<ul class=\"wp-block-list\">\n<li>Analisar previs\u00f5es de novos neg\u00f3cios e gerenciar documenta\u00e7\u00e3o pertinente.<\/li>\n\n\n\n<li>Ministrar treinamentos t\u00e9cnicos e de vendas, promovendo um aprendizado eficaz e motivador.<\/li>\n\n\n\n<li>Alinhar-se com metas de capta\u00e7\u00e3o e apoiar o desenvolvimento cont\u00ednuo dos polos educacionais.<\/li>\n<\/ul>\n\n\n\n<p><strong>Requisitos:<\/strong><\/p>\n\n\n\n<ul class=\"wp-block-list\">\n<li>Gradua\u00e7\u00e3o e p\u00f3s-gradua\u00e7\u00e3o completas ou em fase final.<\/li>\n\n\n\n<li>Conhecimento no Pacote Office: Word, Excel e PowerPoint.<\/li>\n<\/ul>\n\n\n\n<h3 class=\"wp-block-heading\">Analista de engenharia<\/h3>\n\n\n\n<p><strong>Localidade:<\/strong> Maring\u00e1, Paran\u00e1.<\/p>\n\n\n\n<p><strong>Descri\u00e7\u00e3o:<\/strong> Nesta fun\u00e7\u00e3o, voc\u00ea atuar\u00e1 no planejamento e execu\u00e7\u00e3o de projetos de engenharia dentro da institui\u00e7\u00e3o. Suas tarefas incluem:<\/p>\n\n\n\n<ul class=\"wp-block-list\">\n<li>Desenvolver e acompanhar projetos de infraestrutura.<\/li>\n\n\n\n<li>Garantir a conformidade com normas t\u00e9cnicas e de seguran\u00e7a.<\/li>\n\n\n\n<li>Colaborar com equipes multidisciplinares para otimizar processos.<\/li>\n<\/ul>\n\n\n\n<p><strong>Requisitos:<\/strong><\/p>\n\n\n\n<ul class=\"wp-block-list\">\n<li>Forma\u00e7\u00e3o em Engenharia.<\/li>\n\n\n\n<li>Experi\u00eancia pr\u00e9via na \u00e1rea.<\/li>\n\n\n\n<li>Habilidade em softwares de engenharia.<\/li>\n<\/ul>\n\n\n\n<h3 class=\"wp-block-heading\">Assistente acad\u00eamico<\/h3>\n\n\n\n<p><strong>Localidade:<\/strong> Senador Canedo, Goi\u00e1s.<\/p>\n\n\n\n<p><strong>Descri\u00e7\u00e3o:<\/strong> O Assistente Acad\u00eamico apoia as atividades administrativas e acad\u00eamicas, assegurando o bom funcionamento dos cursos e atendendo \u00e0s necessidades dos alunos e professores. Suas fun\u00e7\u00f5es principais s\u00e3o:<\/p>\n\n\n\n<ul class=\"wp-block-list\">\n<li>Auxiliar na organiza\u00e7\u00e3o de eventos acad\u00eamicos.<\/li>\n\n\n\n<li>Gerenciar registros e documentos dos alunos.<\/li>\n\n\n\n<li>Prestar suporte administrativo aos coordenadores de curso.<\/li>\n<\/ul>\n\n\n\n<p><strong>Requisitos:<\/strong><\/p>\n\n\n\n<ul class=\"wp-block-list\">\n<li>Ensino m\u00e9dio completo; desej\u00e1vel ensino superior em andamento.<\/li>\n\n\n\n<li>Habilidades organizacionais e de comunica\u00e7\u00e3o.<\/li>\n\n\n\n<li>Conhecimento b\u00e1sico em inform\u00e1tica.<\/li>\n<\/ul>\n\n\n\n<h3 class=\"wp-block-heading\">Atendimento ao aluno<\/h3>\n\n\n\n<p><strong>Localidade:<\/strong> Maring\u00e1, Paran\u00e1.<\/p>\n\n\n\n<p><strong>Descri\u00e7\u00e3o:<\/strong> Nesta posi\u00e7\u00e3o, voc\u00ea ser\u00e1 o ponto de contato direto com os alunos, oferecendo suporte e esclarecendo d\u00favidas. Suas responsabilidades incluem:<\/p>\n\n\n\n<ul class=\"wp-block-list\">\n<li>Atender aos alunos por meio de canais web\/eletr\u00f4nicos.<\/li>\n\n\n\n<li>Resolver situa\u00e7\u00f5es de forma assertiva, trazendo clareza e satisfa\u00e7\u00e3o para os estudantes.<\/li>\n<\/ul>\n\n\n\n<p><strong>Requisitos:<\/strong><\/p>\n\n\n\n<ul class=\"wp-block-list\">\n<li>Ensino m\u00e9dio completo.<\/li>\n\n\n\n<li>Habilidades com atendimento.<\/li>\n\n\n\n<li>Boa comunica\u00e7\u00e3o escrita e verbal.<\/li>\n\n\n\n<li>Conhecimento em Pacote Office.<\/li>\n<\/ul>\n\n\n\n<h3 class=\"wp-block-heading\">Preceptor de est\u00e1gios EAD \u2013 Cursos da Sa\u00fade<\/h3>\n\n\n\n<p><strong>Localidade:<\/strong> Trabalho remoto.<\/p>\n\n\n\n<p><strong>Descri\u00e7\u00e3o:<\/strong> Como preceptor de est\u00e1gios para os cursos da \u00e1rea da sa\u00fade na modalidade EAD, voc\u00ea acompanhar\u00e1 os alunos em seus locais de pr\u00e1tica, garantindo que eles apliquem corretamente os conhecimentos te\u00f3ricos adquiridos. Suas principais responsabilidades incluem:<\/p>\n\n\n\n<ul class=\"wp-block-list\">\n<li>Orientar e supervisionar os estudantes durante as atividades pr\u00e1ticas.<\/li>\n\n\n\n<li>Avaliar o desempenho dos alunos, fornecendo feedback construtivo.<\/li>\n\n\n\n<li>Assegurar que as pr\u00e1ticas estejam alinhadas \u00e0s diretrizes curriculares e aos padr\u00f5es \u00e9ticos da profiss\u00e3o.<\/li>\n<\/ul>\n\n\n\n<p><strong>Requisitos:<\/strong><\/p>\n\n\n\n<ul class=\"wp-block-list\">\n<li>Forma\u00e7\u00e3o superior completa na \u00e1rea da sa\u00fade.<\/li>\n\n\n\n<li>Experi\u00eancia profissional relevante na \u00e1rea de atua\u00e7\u00e3o.<\/li>\n\n\n\n<li>Habilidade para orientar e avaliar estudantes em ambientes pr\u00e1ticos.<\/li>\n<\/ul>\n\n\n\n<p>Esta \u00e9 uma excelente oportunidade para profissionais da sa\u00fade que desejam contribuir para a forma\u00e7\u00e3o de novos talentos, oferecendo suporte e orienta\u00e7\u00e3o durante a fase pr\u00e1tica de seus cursos.<\/p>\n\n\n\n<h2 class=\"wp-block-heading\">Como se candidatar?<\/h2>\n\n\n\n<p>Interessado em fazer parte da equipe da Unicesumar? O processo de candidatura \u00e9 simples e direto. Siga os passos abaixo para se inscrever:<\/p>\n\n\n\n<ul class=\"wp-block-list\">\n<li>Acesse o portal de carreiras da Unicesumar: <strong>https:\/\/unicesumaroficial.gupy.io\/<\/strong><\/li>\n\n\n\n<li>Navegue pela lista de vagas dispon\u00edveis e selecione a que mais se alinha ao seu perfil e interesses.<\/li>\n\n\n\n<li>Clique na vaga desejada para visualizar os detalhes e requisitos.<\/li>\n\n\n\n<li>Clique no bot\u00e3o &#8220;Candidatar-se&#8221; e siga as instru\u00e7\u00f5es para completar seu cadastro e enviar seu curr\u00edculo.<\/li>\n<\/ul>\n\n\n\n<p>Lembre-se de que cada vaga pode ter requisitos espec\u00edficos. Portanto, \u00e9 importante ler atentamente as descri\u00e7\u00f5es e certificar-se de que seu perfil atende \u00e0s exig\u00eancias antes de se candidatar.<\/p>\n\n\n\n<p>A Unicesumar valoriza a diversidade e busca profissionais comprometidos com a excel\u00eancia e a transforma\u00e7\u00e3o social por meio da educa\u00e7\u00e3o. Se voc\u00ea se identifica com esses valores, n\u00e3o perca a oportunidade de fazer parte dessa equipe dedicada e inovadora.<\/p>\n\n\n\n<p><strong>Veja tamb\u00e9m: <a href=\"https:\/\/www.vagadeempregorj.com.br\/fr\/telemont-263-vagas-de-emprego-pelo-pais\/\">TELEMONT: 263 vagas de emprego pelo pa\u00eds<\/a><\/strong><\/p>\n\n\n\n<p>12 de fevereiro de 2025<\/p>","protected":false},"excerpt":{"rendered":"<p>Voc\u00ea est\u00e1 em busca de novas oportunidades profissionais? Ent\u00e3o, prepare-se para uma not\u00edcia: a Unicesumar, uma das institui\u00e7\u00f5es de ensino mais renomadas do pa\u00eds, est\u00e1 com 83 vagas de emprego abertas em nossa regi\u00e3o.&nbsp; Se voc\u00ea deseja fazer parte de uma equipe comprometida com a transforma\u00e7\u00e3o de vidas por meio da educa\u00e7\u00e3o, esta pode ser&hellip;&nbsp;<\/p>","protected":false},"author":16,"featured_media":42494,"comment_status":"closed","ping_status":"closed","sticky":false,"template":"","format":"standard","meta":{"neve_meta_sidebar":"","neve_meta_container":"","neve_meta_enable_content_width":"","neve_meta_content_width":0,"neve_meta_title_alignment":"","neve_meta_author_avatar":"","neve_post_elements_order":"","neve_meta_disable_header":"","neve_meta_disable_footer":"","neve_meta_disable_title":"","footnotes":""},"categories":[123],"tags":[],"class_list":["post-42470","post","type-post","status-publish","format-standard","has-post-thumbnail","hentry","category-vagas-de-emprego-nacionais"],"yoast_head":"<!-- This site is optimized with the Yoast SEO plugin v27.5 - https:\/\/yoast.com\/product\/yoast-seo-wordpress\/ -->\n<title>Unicesumar: 83 vagas de emprego abertas nesta regi\u00e3o -<\/title>\n<meta name=\"description\" content=\"Veja em Vagas de Emprego RJ as vagas de emprego com e sem experi\u00eancia no seu Estado e Regi\u00e3o!\" \/>\n<meta name=\"robots\" content=\"index, follow, max-snippet:-1, max-image-preview:large, max-video-preview:-1\" \/>\n<link rel=\"canonical\" href=\"https:\/\/www.vagadeempregorj.com.br\/fr\/unicesumar-83-vagas-de-emprego-abertas-nesta-regiao\/\" \/>\n<meta property=\"og:locale\" content=\"fr_FR\" \/>\n<meta property=\"og:type\" content=\"article\" \/>\n<meta property=\"og:title\" content=\"Unicesumar: 83 vagas de emprego abertas nesta regi\u00e3o -\" \/>\n<meta property=\"og:description\" content=\"Veja em Vagas de Emprego RJ as vagas de emprego com e sem experi\u00eancia no seu Estado e Regi\u00e3o!\" \/>\n<meta property=\"og:url\" content=\"https:\/\/www.vagadeempregorj.com.br\/fr\/unicesumar-83-vagas-de-emprego-abertas-nesta-regiao\/\" \/>\n<meta property=\"article:publisher\" content=\"https:\/\/www.facebook.com\/empregobrasiloficial\" \/>\n<meta property=\"article:published_time\" content=\"2025-02-12T09:00:00+00:00\" \/>\n<meta property=\"article:modified_time\" content=\"2025-11-05T01:39:56+00:00\" \/>\n<meta property=\"og:image\" content=\"https:\/\/www.vagadeempregorj.com.br\/wp-content\/uploads\/2025\/02\/image-3.png\" \/>\n\t<meta property=\"og:image:width\" content=\"1076\" \/>\n\t<meta property=\"og:image:height\" content=\"500\" \/>\n\t<meta property=\"og:image:type\" content=\"image\/png\" \/>\n<meta name=\"author\" content=\"Michele\" \/>\n<meta name=\"twitter:card\" content=\"summary_large_image\" \/>\n<meta name=\"twitter:label1\" content=\"Written by\" \/>\n\t<meta name=\"twitter:data1\" content=\"Michele\" \/>\n\t<meta name=\"twitter:label2\" content=\"Est. reading time\" \/>\n\t<meta name=\"twitter:data2\" content=\"4 minutes\" \/>\n<script type=\"application\/ld+json\" class=\"yoast-schema-graph\">{\"@context\":\"https:\\\/\\\/schema.org\",\"@graph\":[{\"@type\":\"Article\",\"@id\":\"https:\\\/\\\/www.vagadeempregorj.com.br\\\/unicesumar-83-vagas-de-emprego-abertas-nesta-regiao\\\/#article\",\"isPartOf\":{\"@id\":\"https:\\\/\\\/www.vagadeempregorj.com.br\\\/unicesumar-83-vagas-de-emprego-abertas-nesta-regiao\\\/\"},\"author\":{\"name\":\"Michele\",\"@id\":\"https:\\\/\\\/www.vagadeempregorj.com.br\\\/#\\\/schema\\\/person\\\/3ddb19fa0539706786e502152f3aae95\"},\"headline\":\"Unicesumar: 83 vagas de emprego abertas nesta regi\u00e3o\",\"datePublished\":\"2025-02-12T09:00:00+00:00\",\"dateModified\":\"2025-11-05T01:39:56+00:00\",\"mainEntityOfPage\":{\"@id\":\"https:\\\/\\\/www.vagadeempregorj.com.br\\\/unicesumar-83-vagas-de-emprego-abertas-nesta-regiao\\\/\"},\"wordCount\":815,\"image\":{\"@id\":\"https:\\\/\\\/www.vagadeempregorj.com.br\\\/unicesumar-83-vagas-de-emprego-abertas-nesta-regiao\\\/#primaryimage\"},\"thumbnailUrl\":\"https:\\\/\\\/www.vagadeempregorj.com.br\\\/wp-content\\\/uploads\\\/2025\\\/02\\\/image-3.png\",\"articleSection\":[\"Vagas de Emprego Nacionais\"],\"inLanguage\":\"fr-FR\"},{\"@type\":\"WebPage\",\"@id\":\"https:\\\/\\\/www.vagadeempregorj.com.br\\\/unicesumar-83-vagas-de-emprego-abertas-nesta-regiao\\\/\",\"url\":\"https:\\\/\\\/www.vagadeempregorj.com.br\\\/unicesumar-83-vagas-de-emprego-abertas-nesta-regiao\\\/\",\"name\":\"Unicesumar: 83 vagas de emprego abertas nesta regi\u00e3o -\",\"isPartOf\":{\"@id\":\"https:\\\/\\\/www.vagadeempregorj.com.br\\\/#website\"},\"primaryImageOfPage\":{\"@id\":\"https:\\\/\\\/www.vagadeempregorj.com.br\\\/unicesumar-83-vagas-de-emprego-abertas-nesta-regiao\\\/#primaryimage\"},\"image\":{\"@id\":\"https:\\\/\\\/www.vagadeempregorj.com.br\\\/unicesumar-83-vagas-de-emprego-abertas-nesta-regiao\\\/#primaryimage\"},\"thumbnailUrl\":\"https:\\\/\\\/www.vagadeempregorj.com.br\\\/wp-content\\\/uploads\\\/2025\\\/02\\\/image-3.png\",\"datePublished\":\"2025-02-12T09:00:00+00:00\",\"dateModified\":\"2025-11-05T01:39:56+00:00\",\"author\":{\"@id\":\"https:\\\/\\\/www.vagadeempregorj.com.br\\\/#\\\/schema\\\/person\\\/3ddb19fa0539706786e502152f3aae95\"},\"description\":\"Veja em Vagas de Emprego RJ as vagas de emprego com e sem experi\u00eancia no seu Estado e Regi\u00e3o!\",\"breadcrumb\":{\"@id\":\"https:\\\/\\\/www.vagadeempregorj.com.br\\\/unicesumar-83-vagas-de-emprego-abertas-nesta-regiao\\\/#breadcrumb\"},\"inLanguage\":\"fr-FR\",\"potentialAction\":[{\"@type\":\"ReadAction\",\"target\":[\"https:\\\/\\\/www.vagadeempregorj.com.br\\\/unicesumar-83-vagas-de-emprego-abertas-nesta-regiao\\\/\"]}]},{\"@type\":\"ImageObject\",\"inLanguage\":\"fr-FR\",\"@id\":\"https:\\\/\\\/www.vagadeempregorj.com.br\\\/unicesumar-83-vagas-de-emprego-abertas-nesta-regiao\\\/#primaryimage\",\"url\":\"https:\\\/\\\/www.vagadeempregorj.com.br\\\/wp-content\\\/uploads\\\/2025\\\/02\\\/image-3.png\",\"contentUrl\":\"https:\\\/\\\/www.vagadeempregorj.com.br\\\/wp-content\\\/uploads\\\/2025\\\/02\\\/image-3.png\",\"width\":1076,\"height\":500},{\"@type\":\"BreadcrumbList\",\"@id\":\"https:\\\/\\\/www.vagadeempregorj.com.br\\\/unicesumar-83-vagas-de-emprego-abertas-nesta-regiao\\\/#breadcrumb\",\"itemListElement\":[{\"@type\":\"ListItem\",\"position\":1,\"name\":\"In\u00edcio\",\"item\":\"https:\\\/\\\/www.vagadeempregorj.com.br\\\/\"},{\"@type\":\"ListItem\",\"position\":2,\"name\":\"Vagas de Emprego Nacionais\",\"item\":\"https:\\\/\\\/www.vagadeempregorj.com.br\\\/vagas-de-emprego-nacionais\\\/\"},{\"@type\":\"ListItem\",\"position\":3,\"name\":\"Unicesumar: 83 vagas de emprego abertas nesta regi\u00e3o\"}]},{\"@type\":\"WebSite\",\"@id\":\"https:\\\/\\\/www.vagadeempregorj.com.br\\\/#website\",\"url\":\"https:\\\/\\\/www.vagadeempregorj.com.br\\\/\",\"name\":\"\",\"description\":\"Conquiste Sonhos: Vagas, Benef\u00edcios e Economia para Transformar Vidas e Alcan\u00e7ar Melhorias Cotidianas\",\"potentialAction\":[{\"@type\":\"SearchAction\",\"target\":{\"@type\":\"EntryPoint\",\"urlTemplate\":\"https:\\\/\\\/www.vagadeempregorj.com.br\\\/?s={search_term_string}\"},\"query-input\":{\"@type\":\"PropertyValueSpecification\",\"valueRequired\":true,\"valueName\":\"search_term_string\"}}],\"inLanguage\":\"fr-FR\"},{\"@type\":\"Person\",\"@id\":\"https:\\\/\\\/www.vagadeempregorj.com.br\\\/#\\\/schema\\\/person\\\/3ddb19fa0539706786e502152f3aae95\",\"name\":\"Michele\",\"image\":{\"@type\":\"ImageObject\",\"inLanguage\":\"fr-FR\",\"@id\":\"https:\\\/\\\/secure.gravatar.com\\\/avatar\\\/6b0eb9d22841282815e2cd856a0061c45e1761cd54b22e952d98c4746939aa85?s=96&r=g\",\"url\":\"https:\\\/\\\/secure.gravatar.com\\\/avatar\\\/6b0eb9d22841282815e2cd856a0061c45e1761cd54b22e952d98c4746939aa85?s=96&r=g\",\"contentUrl\":\"https:\\\/\\\/secure.gravatar.com\\\/avatar\\\/6b0eb9d22841282815e2cd856a0061c45e1761cd54b22e952d98c4746939aa85?s=96&r=g\",\"caption\":\"Michele\"},\"description\":\"Formada em Letras - Portugu\u00eas\\\/ Ingl\u00eas, e idealizadora do site Escritora de Sucesso, busca expandir o conhecimento de todos com informa\u00e7\u00f5es relevantes sobre diversos assuntos, enquanto redatora. No Vaga de Emprego RJ, traz oportunidades e dicas sobre o mercado de trabalho.\",\"url\":\"https:\\\/\\\/www.vagadeempregorj.com.br\\\/fr\\\/author\\\/michele\\\/\"}]}<\/script>\n<!-- \/ Yoast SEO plugin. -->","yoast_head_json":{"title":"Unicesumar: 83 vagas de emprego abertas nesta regi\u00e3o -","description":"Veja em Vagas de Emprego RJ as vagas de emprego com e sem experi\u00eancia no seu Estado e Regi\u00e3o!","robots":{"index":"index","follow":"follow","max-snippet":"max-snippet:-1","max-image-preview":"max-image-preview:large","max-video-preview":"max-video-preview:-1"},"canonical":"https:\/\/www.vagadeempregorj.com.br\/fr\/unicesumar-83-vagas-de-emprego-abertas-nesta-regiao\/","og_locale":"fr_FR","og_type":"article","og_title":"Unicesumar: 83 vagas de emprego abertas nesta regi\u00e3o -","og_description":"Veja em Vagas de Emprego RJ as vagas de emprego com e sem experi\u00eancia no seu Estado e Regi\u00e3o!","og_url":"https:\/\/www.vagadeempregorj.com.br\/fr\/unicesumar-83-vagas-de-emprego-abertas-nesta-regiao\/","article_publisher":"https:\/\/www.facebook.com\/empregobrasiloficial","article_published_time":"2025-02-12T09:00:00+00:00","article_modified_time":"2025-11-05T01:39:56+00:00","og_image":[{"width":1076,"height":500,"url":"https:\/\/www.vagadeempregorj.com.br\/wp-content\/uploads\/2025\/02\/image-3.png","type":"image\/png"}],"author":"Michele","twitter_card":"summary_large_image","twitter_misc":{"Written by":"Michele","Est. reading time":"4 minutes"},"schema":{"@context":"https:\/\/schema.org","@graph":[{"@type":"Article","@id":"https:\/\/www.vagadeempregorj.com.br\/unicesumar-83-vagas-de-emprego-abertas-nesta-regiao\/#article","isPartOf":{"@id":"https:\/\/www.vagadeempregorj.com.br\/unicesumar-83-vagas-de-emprego-abertas-nesta-regiao\/"},"author":{"name":"Michele","@id":"https:\/\/www.vagadeempregorj.com.br\/#\/schema\/person\/3ddb19fa0539706786e502152f3aae95"},"headline":"Unicesumar: 83 vagas de emprego abertas nesta regi\u00e3o","datePublished":"2025-02-12T09:00:00+00:00","dateModified":"2025-11-05T01:39:56+00:00","mainEntityOfPage":{"@id":"https:\/\/www.vagadeempregorj.com.br\/unicesumar-83-vagas-de-emprego-abertas-nesta-regiao\/"},"wordCount":815,"image":{"@id":"https:\/\/www.vagadeempregorj.com.br\/unicesumar-83-vagas-de-emprego-abertas-nesta-regiao\/#primaryimage"},"thumbnailUrl":"https:\/\/www.vagadeempregorj.com.br\/wp-content\/uploads\/2025\/02\/image-3.png","articleSection":["Vagas de Emprego Nacionais"],"inLanguage":"fr-FR"},{"@type":"WebPage","@id":"https:\/\/www.vagadeempregorj.com.br\/unicesumar-83-vagas-de-emprego-abertas-nesta-regiao\/","url":"https:\/\/www.vagadeempregorj.com.br\/unicesumar-83-vagas-de-emprego-abertas-nesta-regiao\/","name":"Unicesumar: 83 vagas de emprego abertas nesta regi\u00e3o -","isPartOf":{"@id":"https:\/\/www.vagadeempregorj.com.br\/#website"},"primaryImageOfPage":{"@id":"https:\/\/www.vagadeempregorj.com.br\/unicesumar-83-vagas-de-emprego-abertas-nesta-regiao\/#primaryimage"},"image":{"@id":"https:\/\/www.vagadeempregorj.com.br\/unicesumar-83-vagas-de-emprego-abertas-nesta-regiao\/#primaryimage"},"thumbnailUrl":"https:\/\/www.vagadeempregorj.com.br\/wp-content\/uploads\/2025\/02\/image-3.png","datePublished":"2025-02-12T09:00:00+00:00","dateModified":"2025-11-05T01:39:56+00:00","author":{"@id":"https:\/\/www.vagadeempregorj.com.br\/#\/schema\/person\/3ddb19fa0539706786e502152f3aae95"},"description":"Veja em Vagas de Emprego RJ as vagas de emprego com e sem experi\u00eancia no seu Estado e Regi\u00e3o!","breadcrumb":{"@id":"https:\/\/www.vagadeempregorj.com.br\/unicesumar-83-vagas-de-emprego-abertas-nesta-regiao\/#breadcrumb"},"inLanguage":"fr-FR","potentialAction":[{"@type":"ReadAction","target":["https:\/\/www.vagadeempregorj.com.br\/unicesumar-83-vagas-de-emprego-abertas-nesta-regiao\/"]}]},{"@type":"ImageObject","inLanguage":"fr-FR","@id":"https:\/\/www.vagadeempregorj.com.br\/unicesumar-83-vagas-de-emprego-abertas-nesta-regiao\/#primaryimage","url":"https:\/\/www.vagadeempregorj.com.br\/wp-content\/uploads\/2025\/02\/image-3.png","contentUrl":"https:\/\/www.vagadeempregorj.com.br\/wp-content\/uploads\/2025\/02\/image-3.png","width":1076,"height":500},{"@type":"BreadcrumbList","@id":"https:\/\/www.vagadeempregorj.com.br\/unicesumar-83-vagas-de-emprego-abertas-nesta-regiao\/#breadcrumb","itemListElement":[{"@type":"ListItem","position":1,"name":"In\u00edcio","item":"https:\/\/www.vagadeempregorj.com.br\/"},{"@type":"ListItem","position":2,"name":"Vagas de Emprego Nacionais","item":"https:\/\/www.vagadeempregorj.com.br\/vagas-de-emprego-nacionais\/"},{"@type":"ListItem","position":3,"name":"Unicesumar: 83 vagas de emprego abertas nesta regi\u00e3o"}]},{"@type":"WebSite","@id":"https:\/\/www.vagadeempregorj.com.br\/#website","url":"https:\/\/www.vagadeempregorj.com.br\/","name":"","description":"Conquiste Sonhos: Vagas, Benef\u00edcios e Economia para Transformar Vidas e Alcan\u00e7ar Melhorias Cotidianas","potentialAction":[{"@type":"SearchAction","target":{"@type":"EntryPoint","urlTemplate":"https:\/\/www.vagadeempregorj.com.br\/?s={search_term_string}"},"query-input":{"@type":"PropertyValueSpecification","valueRequired":true,"valueName":"search_term_string"}}],"inLanguage":"fr-FR"},{"@type":"Person","@id":"https:\/\/www.vagadeempregorj.com.br\/#\/schema\/person\/3ddb19fa0539706786e502152f3aae95","name":"Michele","image":{"@type":"ImageObject","inLanguage":"fr-FR","@id":"https:\/\/secure.gravatar.com\/avatar\/6b0eb9d22841282815e2cd856a0061c45e1761cd54b22e952d98c4746939aa85?s=96&r=g","url":"https:\/\/secure.gravatar.com\/avatar\/6b0eb9d22841282815e2cd856a0061c45e1761cd54b22e952d98c4746939aa85?s=96&r=g","contentUrl":"https:\/\/secure.gravatar.com\/avatar\/6b0eb9d22841282815e2cd856a0061c45e1761cd54b22e952d98c4746939aa85?s=96&r=g","caption":"Michele"},"description":"Formada em Letras - Portugu\u00eas\/ Ingl\u00eas, e idealizadora do site Escritora de Sucesso, busca expandir o conhecimento de todos com informa\u00e7\u00f5es relevantes sobre diversos assuntos, enquanto redatora. No Vaga de Emprego RJ, traz oportunidades e dicas sobre o mercado de trabalho.","url":"https:\/\/www.vagadeempregorj.com.br\/fr\/author\/michele\/"}]}},"_links":{"self":[{"href":"https:\/\/www.vagadeempregorj.com.br\/fr\/wp-json\/wp\/v2\/posts\/42470","targetHints":{"allow":["GET"]}}],"collection":[{"href":"https:\/\/www.vagadeempregorj.com.br\/fr\/wp-json\/wp\/v2\/posts"}],"about":[{"href":"https:\/\/www.vagadeempregorj.com.br\/fr\/wp-json\/wp\/v2\/types\/post"}],"author":[{"embeddable":true,"href":"https:\/\/www.vagadeempregorj.com.br\/fr\/wp-json\/wp\/v2\/users\/16"}],"replies":[{"embeddable":true,"href":"https:\/\/www.vagadeempregorj.com.br\/fr\/wp-json\/wp\/v2\/comments?post=42470"}],"version-history":[{"count":1,"href":"https:\/\/www.vagadeempregorj.com.br\/fr\/wp-json\/wp\/v2\/posts\/42470\/revisions"}],"predecessor-version":[{"id":43879,"href":"https:\/\/www.vagadeempregorj.com.br\/fr\/wp-json\/wp\/v2\/posts\/42470\/revisions\/43879"}],"wp:featuredmedia":[{"embeddable":true,"href":"https:\/\/www.vagadeempregorj.com.br\/fr\/wp-json\/wp\/v2\/media\/42494"}],"wp:attachment":[{"href":"https:\/\/www.vagadeempregorj.com.br\/fr\/wp-json\/wp\/v2\/media?parent=42470"}],"wp:term":[{"taxonomy":"category","embeddable":true,"href":"https:\/\/www.vagadeempregorj.com.br\/fr\/wp-json\/wp\/v2\/categories?post=42470"},{"taxonomy":"post_tag","embeddable":true,"href":"https:\/\/www.vagadeempregorj.com.br\/fr\/wp-json\/wp\/v2\/tags?post=42470"}],"curies":[{"name":"wp","href":"https:\/\/api.w.org\/{rel}","templated":true}]}}