{"id":42484,"date":"2025-02-19T06:00:00","date_gmt":"2025-02-19T09:00:00","guid":{"rendered":"https:\/\/www.vagadeempregorj.com.br\/?p=42484"},"modified":"2025-02-07T00:47:49","modified_gmt":"2025-02-07T03:47:49","slug":"orthopride-75-vagas-de-emprego-abertas-pelo-pais","status":"publish","type":"post","link":"https:\/\/www.vagadeempregorj.com.br\/fr\/orthopride-75-vagas-de-emprego-abertas-pelo-pais\/","title":{"rendered":"Orthopride: 75 vagas de EMPREGO abertas pelo pa\u00eds"},"content":{"rendered":"<p>A <strong>Orthopride<\/strong>, uma das principais redes de cl\u00ednicas odontol\u00f3gicas do Brasil, est\u00e1 anunciando 75 vagas de emprego abertas em diversas regi\u00f5es do pa\u00eds. Se voc\u00ea deseja fazer parte de uma equipe comprometida com a sa\u00fade bucal e o bem-estar dos pacientes, esta pode ser a sua chance.<\/p>\n\n\n\n<figure class=\"wp-block-image size-full\"><img loading=\"lazy\" decoding=\"async\" width=\"1024\" height=\"683\" src=\"https:\/\/www.vagadeempregorj.com.br\/wp-content\/uploads\/2025\/02\/image-11.png\" alt=\"\" class=\"wp-image-42502\" srcset=\"https:\/\/www.vagadeempregorj.com.br\/wp-content\/uploads\/2025\/02\/image-11.png 1024w, https:\/\/www.vagadeempregorj.com.br\/wp-content\/uploads\/2025\/02\/image-11-300x200.png 300w, https:\/\/www.vagadeempregorj.com.br\/wp-content\/uploads\/2025\/02\/image-11-768x512.png 768w, https:\/\/www.vagadeempregorj.com.br\/wp-content\/uploads\/2025\/02\/image-11-150x100.png 150w\" sizes=\"auto, (max-width: 1024px) 100vw, 1024px\" \/><\/figure>\n\n\n\n<h2 class=\"wp-block-heading\">Quais s\u00e3o as oportunidades de carreira na Orthopride?<\/h2>\n\n\n\n<p>A Orthopride disponibiliza uma variedade de cargos que abrangem diferentes \u00e1reas de atua\u00e7\u00e3o. Vamos explorar algumas dessas oportunidades:<\/p>\n\n\n\n<h3 class=\"wp-block-heading\">Promotor de vendas<\/h3>\n\n\n\n<p>Como Promotor de vendas, voc\u00ea ser\u00e1 respons\u00e1vel por:<\/p>\n\n\n\n<ul class=\"wp-block-list\">\n<li>Abordar potenciais pacientes e convid\u00e1-los a conhecer as unidades.<\/li>\n\n\n\n<li>Apresentar os setores da cl\u00ednica e informar sobre os tratamentos oferecidos.<\/li>\n\n\n\n<li>Registrar a produtividade nos controles internos e propor solu\u00e7\u00f5es para poss\u00edveis desvios.<\/li>\n<\/ul>\n\n\n\n<p>Para ter sucesso nessa fun\u00e7\u00e3o, \u00e9 importante:<\/p>\n\n\n\n<ul class=\"wp-block-list\">\n<li>Gostar de lidar com o p\u00fablico, demonstrando simpatia e boa comunica\u00e7\u00e3o.<\/li>\n\n\n\n<li>Ter interesse na \u00e1rea de vendas e estar focado em metas e resultados.<\/li>\n\n\n\n<li>Manter o foco na solu\u00e7\u00e3o e no atendimento de excel\u00eancia ao paciente.<\/li>\n\n\n\n<li>Estar disposto a aprender e crescer junto com a empresa.<\/li>\n<\/ul>\n\n\n\n<p>A Orthopride oferece:<\/p>\n\n\n\n<ul class=\"wp-block-list\">\n<li>Sal\u00e1rio fixo com comiss\u00f5es.<\/li>\n\n\n\n<li>Premia\u00e7\u00f5es extras di\u00e1rias e mensais.<\/li>\n\n\n\n<li>Aux\u00edlio alimenta\u00e7\u00e3o.<\/li>\n\n\n\n<li>Vale-transporte.<\/li>\n\n\n\n<li>Uniforme da empresa.<\/li>\n\n\n\n<li>Procedimentos odontol\u00f3gicos sem custo ap\u00f3s tr\u00eas meses de empresa.<\/li>\n\n\n\n<li>Descontos em tratamentos odontol\u00f3gicos para colaboradores, c\u00f4njuges e filhos.<\/li>\n<\/ul>\n\n\n\n<h3 class=\"wp-block-heading\">Operador de telemarketing ativo<\/h3>\n\n\n\n<p>Nesta fun\u00e7\u00e3o, suas responsabilidades incluem:<\/p>\n\n\n\n<ul class=\"wp-block-list\">\n<li>Prospectar os produtos e servi\u00e7os da empresa.<\/li>\n\n\n\n<li>Despertar a necessidade do cliente e auxili\u00e1-lo para garantir satisfa\u00e7\u00e3o no processo de compra.<\/li>\n\n\n\n<li>Confirmar a agenda dos clientes prospectados para que conhe\u00e7am a estrutura interna da cl\u00ednica.<\/li>\n\n\n\n<li>Promover os servi\u00e7os da cl\u00ednica atrav\u00e9s de prospec\u00e7\u00e3o telef\u00f4nica ativa.<\/li>\n\n\n\n<li>Auxiliar a equipe comercial sempre que necess\u00e1rio.<\/li>\n<\/ul>\n\n\n\n<p>Os requisitos para esta fun\u00e7\u00e3o s\u00e3o:<\/p>\n\n\n\n<ul class=\"wp-block-list\">\n<li>Ensino m\u00e9dio completo.<\/li>\n\n\n\n<li>Facilidade no atendimento ao p\u00fablico.<\/li>\n\n\n\n<li>Boa comunica\u00e7\u00e3o oral.<\/li>\n\n\n\n<li>Aten\u00e7\u00e3o aos detalhes.<\/li>\n\n\n\n<li>Capacidade de analisar problemas e procurar pela melhor solu\u00e7\u00e3o.<\/li>\n\n\n\n<li>Iniciativa e intelig\u00eancia emocional.<\/li>\n<\/ul>\n\n\n\n<h3 class=\"wp-block-heading\">Vendedor interno<\/h3>\n\n\n\n<p>Como Vendedor interno, voc\u00ea ter\u00e1 as seguintes atribui\u00e7\u00f5es:<\/p>\n\n\n\n<ul class=\"wp-block-list\">\n<li>Apresentar e explicar sobre a empresa e os tratamentos para potenciais futuros pacientes.<\/li>\n\n\n\n<li>Manter contato e agendar com os prospects antes de iniciarem o tratamento.<\/li>\n\n\n\n<li>Aplicar as estrat\u00e9gias e campanhas comerciais determinadas pela gest\u00e3o da cl\u00ednica.<\/li>\n\n\n\n<li>Fechar os compromissos estabelecidos no contrato com os novos pacientes.<\/li>\n\n\n\n<li>Manter uma boa rela\u00e7\u00e3o e comunica\u00e7\u00e3o entre os departamentos Comercial, T\u00e9cnico e Administrativo.<\/li>\n\n\n\n<li>Registrar corretamente as vendas no sistema e nos relat\u00f3rios internos, reportando diariamente \u00e0 supervis\u00e3o sobre produtividade e resultados.<\/li>\n<\/ul>\n\n\n\n<p>Para esta fun\u00e7\u00e3o, \u00e9 desej\u00e1vel:<\/p>\n\n\n\n<ul class=\"wp-block-list\">\n<li>Gostar de lidar com o p\u00fablico, demonstrando simpatia e boa comunica\u00e7\u00e3o.<\/li>\n\n\n\n<li>Interesse em vendas e em um ambiente orientado por metas e resultados.<\/li>\n\n\n\n<li>Habilidade em negocia\u00e7\u00e3o.<\/li>\n\n\n\n<li>Foco na solu\u00e7\u00e3o e no atendimento de excel\u00eancia ao paciente.<\/li>\n\n\n\n<li>Conhecimento em sistemas, internet e pacote Office.<\/li>\n\n\n\n<li>Disposi\u00e7\u00e3o para aprender e crescer junto com a empresa.<\/li>\n<\/ul>\n\n\n\n<p>A Orthopride oferece benef\u00edcios como:<\/p>\n\n\n\n<ul class=\"wp-block-list\">\n<li>Sal\u00e1rio fixo com comiss\u00f5es.<\/li>\n\n\n\n<li>Premia\u00e7\u00f5es extras di\u00e1rias e mensais.<\/li>\n\n\n\n<li>Aux\u00edlio alimenta\u00e7\u00e3o.<\/li>\n\n\n\n<li>Vale-transporte.<\/li>\n\n\n\n<li>Uniforme da empresa.<\/li>\n\n\n\n<li>Procedimentos odontol\u00f3gicos sem custo ap\u00f3s tr\u00eas meses de empresa.<\/li>\n\n\n\n<li>Descontos em tratamentos odontol\u00f3gicos para colaboradores, c\u00f4njuges e filhos.<\/li>\n<\/ul>\n\n\n\n<h3 class=\"wp-block-heading\">Recepcionista<\/h3>\n\n\n\n<p>Se voc\u00ea tem habilidades em atendimento ao cliente, o cargo de recepcionista pode ser ideal. Suas responsabilidades incluem:<\/p>\n\n\n\n<ul class=\"wp-block-list\">\n<li>Responder perguntas gerais sobre a empresa ou encaminhar para outros setores respons\u00e1veis.<\/li>\n\n\n\n<li>Realizar os recebimentos efetuados pelos pacientes com baixa imediata no sistema.<\/li>\n\n\n\n<li>Manter o local de trabalho em ordem.<\/li>\n\n\n\n<li>Recepcionar e realizar check-in dos pacientes.<\/li>\n\n\n\n<li>Administrar poss\u00edveis conflitos na recep\u00e7\u00e3o.<\/li>\n\n\n\n<li>Triagem de atendimento ao cliente.<\/li>\n\n\n\n<li>Agendar e reagendar consultas.<\/li>\n<\/ul>\n\n\n\n<p>Os requisitos para esta fun\u00e7\u00e3o s\u00e3o:<\/p>\n\n\n\n<ul class=\"wp-block-list\">\n<li>Ensino m\u00e9dio completo.<\/li>\n\n\n\n<li>Conhecimentos em Pacote Office.<\/li>\n\n\n\n<li>Experi\u00eancia na \u00e1rea administrativa \u00e9 desej\u00e1vel.<\/li>\n<\/ul>\n\n\n\n<h3 class=\"wp-block-heading\">Auxiliar de cobran\u00e7a<\/h3>\n\n\n\n<p>Nesta fun\u00e7\u00e3o, voc\u00ea ser\u00e1 respons\u00e1vel por:<\/p>\n\n\n\n<ul class=\"wp-block-list\">\n<li>Contatar pacientes que fecharam contratos no dia anterior para p\u00f3s-vendas e pacientes faltantes para reagendamento.<\/li>\n\n\n\n<li>Abordar pacientes com mensalidades em aberto para inform\u00e1-los sobre valores promocionais e evitar inadimpl\u00eancia.<\/li>\n\n\n\n<li>Executar a negocia\u00e7\u00e3o di\u00e1ria de parcelas em aberto.<\/li>\n\n\n\n<li>Oferecer suporte aos pacientes via internet (reclama\u00e7\u00f5es, d\u00favidas, sugest\u00f5es, elogios, etc.).<\/li>\n\n\n\n<li>Registrar todas as informa\u00e7\u00f5es referentes ao contato com o paciente na satisfa\u00e7\u00e3o de cada cliente e na planilha de controle interno.<\/li>\n<\/ul>\n\n\n\n<p>Os requisitos incluem:<\/p>\n\n\n\n<ul class=\"wp-block-list\">\n<li>Conhecimento em inform\u00e1tica (Excel).<\/li>\n\n\n\n<li>Comunica\u00e7\u00e3o assertiva.<\/li>\n\n\n\n<li>Persuas\u00e3o.<\/li>\n<\/ul>\n\n\n\n<h2 class=\"wp-block-heading\">Como se candidatar?<\/h2>\n\n\n\n<p>Interessado em fazer parte da equipe? O processo de candidatura \u00e9 simples e direto. Siga os passos abaixo:<\/p>\n\n\n\n<ul class=\"wp-block-list\">\n<li>Acesse a p\u00e1gina de carreiras da Orthopride: <strong>https:\/\/orthopride.gupy.io\/<\/strong><\/li>\n\n\n\n<li>Navegue pelas oportunidades dispon\u00edveis e escolha a que mais se alinha com seu perfil.<\/li>\n\n\n\n<li>Clique na vaga desejada para obter mais informa\u00e7\u00f5es e, se estiver de acordo, clique em &#8220;Candidatar-se&#8221;.<\/li>\n\n\n\n<li>Preencha o formul\u00e1rio com seus dados pessoais, experi\u00eancias anteriores e anexe seu curr\u00edculo atualizado.<\/li>\n\n\n\n<li>Ap\u00f3s o envio, aguarde o contato da equipe de recrutamento para as pr\u00f3ximas etapas do processo seletivo.<\/li>\n<\/ul>\n\n\n\n<p>A Orthopride valoriza profissionais comprometidos, proativos e que buscam crescimento cont\u00ednuo. Se voc\u00ea se identifica com esses valores, n\u00e3o perca a oportunidade de integrar uma equipe dedicada a transformar sorrisos e vidas.<\/p>\n\n\n\n<p><strong>Veja tamb\u00e9m: <a href=\"https:\/\/www.vagadeempregorj.com.br\/fr\/telemont-263-vagas-de-emprego-pelo-pais\/\">TELEMONT: 263 vagas de emprego pelo pa\u00eds<\/a><\/strong><\/p>\n\n\n\n<p>19 de fevereiro de 2025<\/p>","protected":false},"excerpt":{"rendered":"<p>A Orthopride, uma das principais redes de cl\u00ednicas odontol\u00f3gicas do Brasil, est\u00e1 anunciando 75 vagas de emprego abertas em diversas regi\u00f5es do pa\u00eds. Se voc\u00ea deseja fazer parte de uma equipe comprometida com a sa\u00fade bucal e o bem-estar dos pacientes, esta pode ser a sua chance. Quais s\u00e3o as oportunidades de carreira na Orthopride?&hellip;&nbsp;<\/p>","protected":false},"author":16,"featured_media":42502,"comment_status":"closed","ping_status":"closed","sticky":false,"template":"","format":"standard","meta":{"neve_meta_sidebar":"","neve_meta_container":"","neve_meta_enable_content_width":"","neve_meta_content_width":0,"neve_meta_title_alignment":"","neve_meta_author_avatar":"","neve_post_elements_order":"","neve_meta_disable_header":"","neve_meta_disable_footer":"","neve_meta_disable_title":"","footnotes":""},"categories":[123],"tags":[],"class_list":["post-42484","post","type-post","status-publish","format-standard","has-post-thumbnail","hentry","category-vagas-de-emprego-nacionais"],"yoast_head":"<!-- This site is optimized with the Yoast SEO plugin v27.5 - https:\/\/yoast.com\/product\/yoast-seo-wordpress\/ -->\n<title>Orthopride: 75 vagas de EMPREGO abertas pelo pa\u00eds -<\/title>\n<meta name=\"description\" content=\"Veja em Vagas de Emprego RJ as vagas de emprego com e sem experi\u00eancia no seu Estado e Regi\u00e3o!\" \/>\n<meta name=\"robots\" content=\"index, follow, max-snippet:-1, max-image-preview:large, max-video-preview:-1\" \/>\n<link rel=\"canonical\" href=\"https:\/\/www.vagadeempregorj.com.br\/fr\/orthopride-75-vagas-de-emprego-abertas-pelo-pais\/\" \/>\n<meta property=\"og:locale\" content=\"fr_FR\" \/>\n<meta property=\"og:type\" content=\"article\" \/>\n<meta property=\"og:title\" content=\"Orthopride: 75 vagas de EMPREGO abertas pelo pa\u00eds -\" \/>\n<meta property=\"og:description\" content=\"Veja em Vagas de Emprego RJ as vagas de emprego com e sem experi\u00eancia no seu Estado e Regi\u00e3o!\" \/>\n<meta property=\"og:url\" content=\"https:\/\/www.vagadeempregorj.com.br\/fr\/orthopride-75-vagas-de-emprego-abertas-pelo-pais\/\" \/>\n<meta property=\"article:publisher\" content=\"https:\/\/www.facebook.com\/empregobrasiloficial\" \/>\n<meta property=\"article:published_time\" content=\"2025-02-19T09:00:00+00:00\" \/>\n<meta property=\"og:image\" content=\"https:\/\/www.vagadeempregorj.com.br\/wp-content\/uploads\/2025\/02\/image-11.png\" \/>\n\t<meta property=\"og:image:width\" content=\"1024\" \/>\n\t<meta property=\"og:image:height\" content=\"683\" \/>\n\t<meta property=\"og:image:type\" content=\"image\/png\" \/>\n<meta name=\"author\" content=\"Michele\" \/>\n<meta name=\"twitter:card\" content=\"summary_large_image\" \/>\n<meta name=\"twitter:label1\" content=\"Written by\" \/>\n\t<meta name=\"twitter:data1\" content=\"Michele\" \/>\n\t<meta name=\"twitter:label2\" content=\"Est. reading time\" \/>\n\t<meta name=\"twitter:data2\" content=\"5 minutes\" \/>\n<script type=\"application\/ld+json\" class=\"yoast-schema-graph\">{\"@context\":\"https:\\\/\\\/schema.org\",\"@graph\":[{\"@type\":\"Article\",\"@id\":\"https:\\\/\\\/www.vagadeempregorj.com.br\\\/orthopride-75-vagas-de-emprego-abertas-pelo-pais\\\/#article\",\"isPartOf\":{\"@id\":\"https:\\\/\\\/www.vagadeempregorj.com.br\\\/orthopride-75-vagas-de-emprego-abertas-pelo-pais\\\/\"},\"author\":{\"name\":\"Michele\",\"@id\":\"https:\\\/\\\/www.vagadeempregorj.com.br\\\/#\\\/schema\\\/person\\\/3ddb19fa0539706786e502152f3aae95\"},\"headline\":\"Orthopride: 75 vagas de EMPREGO abertas pelo pa\u00eds\",\"datePublished\":\"2025-02-19T09:00:00+00:00\",\"mainEntityOfPage\":{\"@id\":\"https:\\\/\\\/www.vagadeempregorj.com.br\\\/orthopride-75-vagas-de-emprego-abertas-pelo-pais\\\/\"},\"wordCount\":908,\"image\":{\"@id\":\"https:\\\/\\\/www.vagadeempregorj.com.br\\\/orthopride-75-vagas-de-emprego-abertas-pelo-pais\\\/#primaryimage\"},\"thumbnailUrl\":\"https:\\\/\\\/www.vagadeempregorj.com.br\\\/wp-content\\\/uploads\\\/2025\\\/02\\\/image-11.png\",\"articleSection\":[\"Vagas de Emprego Nacionais\"],\"inLanguage\":\"fr-FR\"},{\"@type\":\"WebPage\",\"@id\":\"https:\\\/\\\/www.vagadeempregorj.com.br\\\/orthopride-75-vagas-de-emprego-abertas-pelo-pais\\\/\",\"url\":\"https:\\\/\\\/www.vagadeempregorj.com.br\\\/orthopride-75-vagas-de-emprego-abertas-pelo-pais\\\/\",\"name\":\"Orthopride: 75 vagas de EMPREGO abertas pelo pa\u00eds -\",\"isPartOf\":{\"@id\":\"https:\\\/\\\/www.vagadeempregorj.com.br\\\/#website\"},\"primaryImageOfPage\":{\"@id\":\"https:\\\/\\\/www.vagadeempregorj.com.br\\\/orthopride-75-vagas-de-emprego-abertas-pelo-pais\\\/#primaryimage\"},\"image\":{\"@id\":\"https:\\\/\\\/www.vagadeempregorj.com.br\\\/orthopride-75-vagas-de-emprego-abertas-pelo-pais\\\/#primaryimage\"},\"thumbnailUrl\":\"https:\\\/\\\/www.vagadeempregorj.com.br\\\/wp-content\\\/uploads\\\/2025\\\/02\\\/image-11.png\",\"datePublished\":\"2025-02-19T09:00:00+00:00\",\"author\":{\"@id\":\"https:\\\/\\\/www.vagadeempregorj.com.br\\\/#\\\/schema\\\/person\\\/3ddb19fa0539706786e502152f3aae95\"},\"description\":\"Veja em Vagas de Emprego RJ as vagas de emprego com e sem experi\u00eancia no seu Estado e Regi\u00e3o!\",\"breadcrumb\":{\"@id\":\"https:\\\/\\\/www.vagadeempregorj.com.br\\\/orthopride-75-vagas-de-emprego-abertas-pelo-pais\\\/#breadcrumb\"},\"inLanguage\":\"fr-FR\",\"potentialAction\":[{\"@type\":\"ReadAction\",\"target\":[\"https:\\\/\\\/www.vagadeempregorj.com.br\\\/orthopride-75-vagas-de-emprego-abertas-pelo-pais\\\/\"]}]},{\"@type\":\"ImageObject\",\"inLanguage\":\"fr-FR\",\"@id\":\"https:\\\/\\\/www.vagadeempregorj.com.br\\\/orthopride-75-vagas-de-emprego-abertas-pelo-pais\\\/#primaryimage\",\"url\":\"https:\\\/\\\/www.vagadeempregorj.com.br\\\/wp-content\\\/uploads\\\/2025\\\/02\\\/image-11.png\",\"contentUrl\":\"https:\\\/\\\/www.vagadeempregorj.com.br\\\/wp-content\\\/uploads\\\/2025\\\/02\\\/image-11.png\",\"width\":1024,\"height\":683,\"caption\":\"Orthopride\"},{\"@type\":\"BreadcrumbList\",\"@id\":\"https:\\\/\\\/www.vagadeempregorj.com.br\\\/orthopride-75-vagas-de-emprego-abertas-pelo-pais\\\/#breadcrumb\",\"itemListElement\":[{\"@type\":\"ListItem\",\"position\":1,\"name\":\"In\u00edcio\",\"item\":\"https:\\\/\\\/www.vagadeempregorj.com.br\\\/\"},{\"@type\":\"ListItem\",\"position\":2,\"name\":\"Vagas de Emprego Nacionais\",\"item\":\"https:\\\/\\\/www.vagadeempregorj.com.br\\\/vagas-de-emprego-nacionais\\\/\"},{\"@type\":\"ListItem\",\"position\":3,\"name\":\"Orthopride: 75 vagas de EMPREGO abertas pelo pa\u00eds\"}]},{\"@type\":\"WebSite\",\"@id\":\"https:\\\/\\\/www.vagadeempregorj.com.br\\\/#website\",\"url\":\"https:\\\/\\\/www.vagadeempregorj.com.br\\\/\",\"name\":\"\",\"description\":\"Conquiste Sonhos: Vagas, Benef\u00edcios e Economia para Transformar Vidas e Alcan\u00e7ar Melhorias Cotidianas\",\"potentialAction\":[{\"@type\":\"SearchAction\",\"target\":{\"@type\":\"EntryPoint\",\"urlTemplate\":\"https:\\\/\\\/www.vagadeempregorj.com.br\\\/?s={search_term_string}\"},\"query-input\":{\"@type\":\"PropertyValueSpecification\",\"valueRequired\":true,\"valueName\":\"search_term_string\"}}],\"inLanguage\":\"fr-FR\"},{\"@type\":\"Person\",\"@id\":\"https:\\\/\\\/www.vagadeempregorj.com.br\\\/#\\\/schema\\\/person\\\/3ddb19fa0539706786e502152f3aae95\",\"name\":\"Michele\",\"image\":{\"@type\":\"ImageObject\",\"inLanguage\":\"fr-FR\",\"@id\":\"https:\\\/\\\/secure.gravatar.com\\\/avatar\\\/6b0eb9d22841282815e2cd856a0061c45e1761cd54b22e952d98c4746939aa85?s=96&r=g\",\"url\":\"https:\\\/\\\/secure.gravatar.com\\\/avatar\\\/6b0eb9d22841282815e2cd856a0061c45e1761cd54b22e952d98c4746939aa85?s=96&r=g\",\"contentUrl\":\"https:\\\/\\\/secure.gravatar.com\\\/avatar\\\/6b0eb9d22841282815e2cd856a0061c45e1761cd54b22e952d98c4746939aa85?s=96&r=g\",\"caption\":\"Michele\"},\"description\":\"Formada em Letras - Portugu\u00eas\\\/ Ingl\u00eas, e idealizadora do site Escritora de Sucesso, busca expandir o conhecimento de todos com informa\u00e7\u00f5es relevantes sobre diversos assuntos, enquanto redatora. No Vaga de Emprego RJ, traz oportunidades e dicas sobre o mercado de trabalho.\",\"url\":\"https:\\\/\\\/www.vagadeempregorj.com.br\\\/fr\\\/author\\\/michele\\\/\"}]}<\/script>\n<!-- \/ Yoast SEO plugin. -->","yoast_head_json":{"title":"Orthopride: 75 vagas de EMPREGO abertas pelo pa\u00eds -","description":"Veja em Vagas de Emprego RJ as vagas de emprego com e sem experi\u00eancia no seu Estado e Regi\u00e3o!","robots":{"index":"index","follow":"follow","max-snippet":"max-snippet:-1","max-image-preview":"max-image-preview:large","max-video-preview":"max-video-preview:-1"},"canonical":"https:\/\/www.vagadeempregorj.com.br\/fr\/orthopride-75-vagas-de-emprego-abertas-pelo-pais\/","og_locale":"fr_FR","og_type":"article","og_title":"Orthopride: 75 vagas de EMPREGO abertas pelo pa\u00eds -","og_description":"Veja em Vagas de Emprego RJ as vagas de emprego com e sem experi\u00eancia no seu Estado e Regi\u00e3o!","og_url":"https:\/\/www.vagadeempregorj.com.br\/fr\/orthopride-75-vagas-de-emprego-abertas-pelo-pais\/","article_publisher":"https:\/\/www.facebook.com\/empregobrasiloficial","article_published_time":"2025-02-19T09:00:00+00:00","og_image":[{"width":1024,"height":683,"url":"https:\/\/www.vagadeempregorj.com.br\/wp-content\/uploads\/2025\/02\/image-11.png","type":"image\/png"}],"author":"Michele","twitter_card":"summary_large_image","twitter_misc":{"Written by":"Michele","Est. reading time":"5 minutes"},"schema":{"@context":"https:\/\/schema.org","@graph":[{"@type":"Article","@id":"https:\/\/www.vagadeempregorj.com.br\/orthopride-75-vagas-de-emprego-abertas-pelo-pais\/#article","isPartOf":{"@id":"https:\/\/www.vagadeempregorj.com.br\/orthopride-75-vagas-de-emprego-abertas-pelo-pais\/"},"author":{"name":"Michele","@id":"https:\/\/www.vagadeempregorj.com.br\/#\/schema\/person\/3ddb19fa0539706786e502152f3aae95"},"headline":"Orthopride: 75 vagas de EMPREGO abertas pelo pa\u00eds","datePublished":"2025-02-19T09:00:00+00:00","mainEntityOfPage":{"@id":"https:\/\/www.vagadeempregorj.com.br\/orthopride-75-vagas-de-emprego-abertas-pelo-pais\/"},"wordCount":908,"image":{"@id":"https:\/\/www.vagadeempregorj.com.br\/orthopride-75-vagas-de-emprego-abertas-pelo-pais\/#primaryimage"},"thumbnailUrl":"https:\/\/www.vagadeempregorj.com.br\/wp-content\/uploads\/2025\/02\/image-11.png","articleSection":["Vagas de Emprego Nacionais"],"inLanguage":"fr-FR"},{"@type":"WebPage","@id":"https:\/\/www.vagadeempregorj.com.br\/orthopride-75-vagas-de-emprego-abertas-pelo-pais\/","url":"https:\/\/www.vagadeempregorj.com.br\/orthopride-75-vagas-de-emprego-abertas-pelo-pais\/","name":"Orthopride: 75 vagas de EMPREGO abertas pelo pa\u00eds -","isPartOf":{"@id":"https:\/\/www.vagadeempregorj.com.br\/#website"},"primaryImageOfPage":{"@id":"https:\/\/www.vagadeempregorj.com.br\/orthopride-75-vagas-de-emprego-abertas-pelo-pais\/#primaryimage"},"image":{"@id":"https:\/\/www.vagadeempregorj.com.br\/orthopride-75-vagas-de-emprego-abertas-pelo-pais\/#primaryimage"},"thumbnailUrl":"https:\/\/www.vagadeempregorj.com.br\/wp-content\/uploads\/2025\/02\/image-11.png","datePublished":"2025-02-19T09:00:00+00:00","author":{"@id":"https:\/\/www.vagadeempregorj.com.br\/#\/schema\/person\/3ddb19fa0539706786e502152f3aae95"},"description":"Veja em Vagas de Emprego RJ as vagas de emprego com e sem experi\u00eancia no seu Estado e Regi\u00e3o!","breadcrumb":{"@id":"https:\/\/www.vagadeempregorj.com.br\/orthopride-75-vagas-de-emprego-abertas-pelo-pais\/#breadcrumb"},"inLanguage":"fr-FR","potentialAction":[{"@type":"ReadAction","target":["https:\/\/www.vagadeempregorj.com.br\/orthopride-75-vagas-de-emprego-abertas-pelo-pais\/"]}]},{"@type":"ImageObject","inLanguage":"fr-FR","@id":"https:\/\/www.vagadeempregorj.com.br\/orthopride-75-vagas-de-emprego-abertas-pelo-pais\/#primaryimage","url":"https:\/\/www.vagadeempregorj.com.br\/wp-content\/uploads\/2025\/02\/image-11.png","contentUrl":"https:\/\/www.vagadeempregorj.com.br\/wp-content\/uploads\/2025\/02\/image-11.png","width":1024,"height":683,"caption":"Orthopride"},{"@type":"BreadcrumbList","@id":"https:\/\/www.vagadeempregorj.com.br\/orthopride-75-vagas-de-emprego-abertas-pelo-pais\/#breadcrumb","itemListElement":[{"@type":"ListItem","position":1,"name":"In\u00edcio","item":"https:\/\/www.vagadeempregorj.com.br\/"},{"@type":"ListItem","position":2,"name":"Vagas de Emprego Nacionais","item":"https:\/\/www.vagadeempregorj.com.br\/vagas-de-emprego-nacionais\/"},{"@type":"ListItem","position":3,"name":"Orthopride: 75 vagas de EMPREGO abertas pelo pa\u00eds"}]},{"@type":"WebSite","@id":"https:\/\/www.vagadeempregorj.com.br\/#website","url":"https:\/\/www.vagadeempregorj.com.br\/","name":"","description":"Conquiste Sonhos: Vagas, Benef\u00edcios e Economia para Transformar Vidas e Alcan\u00e7ar Melhorias Cotidianas","potentialAction":[{"@type":"SearchAction","target":{"@type":"EntryPoint","urlTemplate":"https:\/\/www.vagadeempregorj.com.br\/?s={search_term_string}"},"query-input":{"@type":"PropertyValueSpecification","valueRequired":true,"valueName":"search_term_string"}}],"inLanguage":"fr-FR"},{"@type":"Person","@id":"https:\/\/www.vagadeempregorj.com.br\/#\/schema\/person\/3ddb19fa0539706786e502152f3aae95","name":"Michele","image":{"@type":"ImageObject","inLanguage":"fr-FR","@id":"https:\/\/secure.gravatar.com\/avatar\/6b0eb9d22841282815e2cd856a0061c45e1761cd54b22e952d98c4746939aa85?s=96&r=g","url":"https:\/\/secure.gravatar.com\/avatar\/6b0eb9d22841282815e2cd856a0061c45e1761cd54b22e952d98c4746939aa85?s=96&r=g","contentUrl":"https:\/\/secure.gravatar.com\/avatar\/6b0eb9d22841282815e2cd856a0061c45e1761cd54b22e952d98c4746939aa85?s=96&r=g","caption":"Michele"},"description":"Formada em Letras - Portugu\u00eas\/ Ingl\u00eas, e idealizadora do site Escritora de Sucesso, busca expandir o conhecimento de todos com informa\u00e7\u00f5es relevantes sobre diversos assuntos, enquanto redatora. No Vaga de Emprego RJ, traz oportunidades e dicas sobre o mercado de trabalho.","url":"https:\/\/www.vagadeempregorj.com.br\/fr\/author\/michele\/"}]}},"_links":{"self":[{"href":"https:\/\/www.vagadeempregorj.com.br\/fr\/wp-json\/wp\/v2\/posts\/42484","targetHints":{"allow":["GET"]}}],"collection":[{"href":"https:\/\/www.vagadeempregorj.com.br\/fr\/wp-json\/wp\/v2\/posts"}],"about":[{"href":"https:\/\/www.vagadeempregorj.com.br\/fr\/wp-json\/wp\/v2\/types\/post"}],"author":[{"embeddable":true,"href":"https:\/\/www.vagadeempregorj.com.br\/fr\/wp-json\/wp\/v2\/users\/16"}],"replies":[{"embeddable":true,"href":"https:\/\/www.vagadeempregorj.com.br\/fr\/wp-json\/wp\/v2\/comments?post=42484"}],"version-history":[{"count":0,"href":"https:\/\/www.vagadeempregorj.com.br\/fr\/wp-json\/wp\/v2\/posts\/42484\/revisions"}],"wp:featuredmedia":[{"embeddable":true,"href":"https:\/\/www.vagadeempregorj.com.br\/fr\/wp-json\/wp\/v2\/media\/42502"}],"wp:attachment":[{"href":"https:\/\/www.vagadeempregorj.com.br\/fr\/wp-json\/wp\/v2\/media?parent=42484"}],"wp:term":[{"taxonomy":"category","embeddable":true,"href":"https:\/\/www.vagadeempregorj.com.br\/fr\/wp-json\/wp\/v2\/categories?post=42484"},{"taxonomy":"post_tag","embeddable":true,"href":"https:\/\/www.vagadeempregorj.com.br\/fr\/wp-json\/wp\/v2\/tags?post=42484"}],"curies":[{"name":"wp","href":"https:\/\/api.w.org\/{rel}","templated":true}]}}