{"id":42516,"date":"2025-02-08T07:00:00","date_gmt":"2025-02-08T10:00:00","guid":{"rendered":"https:\/\/www.vagadeempregorj.com.br\/?p=42516"},"modified":"2025-02-08T02:17:42","modified_gmt":"2025-02-08T05:17:42","slug":"pis-pasep-2025-veja-se-voce-tem-direito-ao-saque","status":"publish","type":"post","link":"https:\/\/www.vagadeempregorj.com.br\/fr\/pis-pasep-2025-veja-se-voce-tem-direito-ao-saque\/","title":{"rendered":"PIS\/Pasep 2025: veja se voc\u00ea tem direito ao saque"},"content":{"rendered":"<p>O saque do <strong>PIS\/Pasep 2025<\/strong> ser\u00e1 liberado para milh\u00f5es de trabalhadores, mas nem todo mundo tem direito ao benef\u00edcio. Se voc\u00ea trabalhou com carteira assinada, pode ter valores para receber.&nbsp;<\/p>\n\n\n\n<p>Mas como saber se realmente pode sacar? A resposta \u00e9 simples: depende do tempo de servi\u00e7o, da renda e da regularidade dos dados no sistema.&nbsp;<\/p>\n\n\n\n<figure class=\"wp-block-image size-large\"><img loading=\"lazy\" decoding=\"async\" width=\"1024\" height=\"585\" src=\"https:\/\/www.vagadeempregorj.com.br\/wp-content\/uploads\/2025\/02\/pis-2025-1024x585.webp\" alt=\"\" class=\"wp-image-42526\" srcset=\"https:\/\/www.vagadeempregorj.com.br\/wp-content\/uploads\/2025\/02\/pis-2025-1024x585.webp 1024w, https:\/\/www.vagadeempregorj.com.br\/wp-content\/uploads\/2025\/02\/pis-2025-300x171.webp 300w, https:\/\/www.vagadeempregorj.com.br\/wp-content\/uploads\/2025\/02\/pis-2025-768x439.webp 768w, https:\/\/www.vagadeempregorj.com.br\/wp-content\/uploads\/2025\/02\/pis-2025-1536x878.webp 1536w, https:\/\/www.vagadeempregorj.com.br\/wp-content\/uploads\/2025\/02\/pis-2025-150x86.webp 150w, https:\/\/www.vagadeempregorj.com.br\/wp-content\/uploads\/2025\/02\/pis-2025.webp 1792w\" sizes=\"auto, (max-width: 1024px) 100vw, 1024px\" \/><\/figure>\n\n\n\n<h2 class=\"wp-block-heading\">O que \u00e9 o PIS\/Pasep?<\/h2>\n\n\n\n<p>O PIS (Programa de Integra\u00e7\u00e3o Social) e o Pasep (Programa de Forma\u00e7\u00e3o do Patrim\u00f4nio do Servidor P\u00fablico) s\u00e3o benef\u00edcios criados para garantir que trabalhadores do setor privado e p\u00fablico tenham acesso a um abono salarial.&nbsp;<\/p>\n\n\n\n<p>O PIS \u00e9 destinado a trabalhadores de empresas privadas e \u00e9 administrado pela Caixa Econ\u00f4mica Federal. J\u00e1 o Pasep atende servidores p\u00fablicos e \u00e9 pago pelo Banco do Brasil.<\/p>\n\n\n\n<p>Todos os anos, o governo libera o saque para aqueles que atendem a determinados requisitos. Em 2025, os pagamentos continuar\u00e3o seguindo as regras j\u00e1 estabelecidas, com datas escalonadas de acordo com o m\u00eas de nascimento do trabalhador.<\/p>\n\n\n\n<h2 class=\"wp-block-heading\">Quem tem direito ao saque do PIS\/Pasep 2025?<\/h2>\n\n\n\n<p>Para ter direito ao saque do PIS\/Pasep em 2025, \u00e9 necess\u00e1rio cumprir alguns crit\u00e9rios:<\/p>\n\n\n\n<ul class=\"wp-block-list\">\n<li>Ter trabalhado com carteira assinada por pelo menos 30 dias em 2023;<\/li>\n\n\n\n<li>Ter recebido at\u00e9 dois sal\u00e1rios m\u00ednimos de m\u00e9dia mensal em 2023;<\/li>\n\n\n\n<li>Estar cadastrado no PIS\/Pasep h\u00e1 pelo menos cinco anos;<\/li>\n\n\n\n<li>Ter os dados corretamente informados pelo empregador na RAIS (Rela\u00e7\u00e3o Anual de Informa\u00e7\u00f5es Sociais) ou no eSocial.<\/li>\n<\/ul>\n\n\n\n<p>Se voc\u00ea se encaixa nesses requisitos, \u00e9 prov\u00e1vel que tenha direito ao saque do PIS\/Pasep em 2025.<\/p>\n\n\n\n<h2 class=\"wp-block-heading\">Como consultar se tem direito?<\/h2>\n\n\n\n<p>A consulta ao PIS\/Pasep pode ser feita de forma online e r\u00e1pida. Veja como:<\/p>\n\n\n\n<ul class=\"wp-block-list\">\n<li><strong>PIS (trabalhadores de empresas privadas):<\/strong> acesse o aplicativo Caixa Tem, o site da Caixa Econ\u00f4mica Federal ou ligue para o telefone 0800 726 0207.<\/li>\n\n\n\n<li><strong>Pasep (servidores p\u00fablicos):<\/strong> verifique pelo site ou aplicativo do Banco do Brasil, ou ligue para 0800 729 0001.<\/li>\n\n\n\n<li>Outra op\u00e7\u00e3o \u00e9 acessar o portal Gov.br e consultar na aba &#8220;Abono Salarial&#8221;.<\/li>\n<\/ul>\n\n\n\n<p>Ao acessar, informe seu CPF ou N\u00famero de Identifica\u00e7\u00e3o Social (NIS) e siga as instru\u00e7\u00f5es.<\/p>\n\n\n\n<h2 class=\"wp-block-heading\">Qual o valor do PIS\/Pasep 2025?<\/h2>\n\n\n\n<p>O valor do abono salarial \u00e9 proporcional ao tempo trabalhado no ano-base (2023). O c\u00e1lculo \u00e9 feito com base no sal\u00e1rio m\u00ednimo vigente em 2025. Se o sal\u00e1rio m\u00ednimo for de R$ 1.500, por exemplo, o pagamento seguir\u00e1 essa tabela:<\/p>\n\n\n\n<ul class=\"wp-block-list\">\n<li>1 m\u00eas trabalhado: R$ 125,00<\/li>\n\n\n\n<li>6 meses trabalhados: R$ 750,00<\/li>\n\n\n\n<li>12 meses trabalhados: R$ 1.500,00 (valor integral)<\/li>\n<\/ul>\n\n\n\n<p>O pagamento \u00e9 feito de acordo com o tempo de servi\u00e7o, garantindo que quem trabalhou mais tempo receba um valor maior.<\/p>\n\n\n\n<h2 class=\"wp-block-heading\">Como sacar?<\/h2>\n\n\n\n<p>O saque pode ser feito de diferentes formas:<\/p>\n\n\n\n<ul class=\"wp-block-list\">\n<li><strong>PIS:<\/strong> Quem recebe pela Caixa pode sacar pelo aplicativo Caixa Tem, transferir para outra conta ou retirar em caixas eletr\u00f4nicos e lot\u00e9ricas com o Cart\u00e3o Cidad\u00e3o.<\/li>\n\n\n\n<li><strong>Pasep:<\/strong> Quem tem conta no Banco do Brasil recebe diretamente nela. Caso contr\u00e1rio, \u00e9 poss\u00edvel transferir para outra conta ou sacar na ag\u00eancia.<\/li>\n<\/ul>\n\n\n\n<h2 class=\"wp-block-heading\">Calend\u00e1rio de pagamentos<\/h2>\n\n\n\n<p>O governo divulga um calend\u00e1rio oficial todos os anos, com base no m\u00eas de nascimento do trabalhador (PIS) ou no n\u00famero de inscri\u00e7\u00e3o (Pasep). A previs\u00e3o \u00e9 que os pagamentos ocorram entre fevereiro e julho de 2025. Assim que as datas forem divulgadas, \u00e9 importante ficar atento para n\u00e3o perder o prazo.<\/p>\n\n\n\n<h2 class=\"wp-block-heading\">O que fazer se n\u00e3o receber o PIS\/Pasep?<\/h2>\n\n\n\n<p>Se voc\u00ea acredita que tem direito e o pagamento n\u00e3o foi feito, confira:<\/p>\n\n\n\n<ul class=\"wp-block-list\">\n<li>Se seus dados est\u00e3o corretos na RAIS\/eSocial;<\/li>\n\n\n\n<li>Se atendeu a todos os requisitos;<\/li>\n\n\n\n<li>Se o pagamento ainda est\u00e1 dentro do prazo previsto no calend\u00e1rio.<\/li>\n<\/ul>\n\n\n\n<p>Caso tenha problemas, procure a Caixa ou o Banco do Brasil para resolver.<\/p>\n\n\n\n<p>O saque do PIS\/Pasep 2025 pode ser um al\u00edvio financeiro para muitos trabalhadores. Se voc\u00ea se encaixa nos crit\u00e9rios, consulte seu saldo e garanta o benef\u00edcio. Fique atento ao calend\u00e1rio, mantenha seus dados atualizados e, se precisar, busque orienta\u00e7\u00e3o para n\u00e3o perder o prazo. Esse dinheiro pode fazer a diferen\u00e7a no seu or\u00e7amento!<\/p>\n\n\n\n<p><strong>Veja tamb\u00e9m: <a href=\"https:\/\/www.vagadeempregorj.com.br\/fr\/bolsa-familia-pode-ser-bloqueado-judicialmente-por-divida\/\">Bolsa Fam\u00edlia pode ser bloqueado judicialmente por d\u00edvida?<\/a><\/strong><\/p>\n\n\n\n<p>8 de fevereiro de 2025<\/p>\n\n\n\n<p><\/p>","protected":false},"excerpt":{"rendered":"<p>O saque do PIS\/Pasep 2025 ser\u00e1 liberado para milh\u00f5es de trabalhadores, mas nem todo mundo tem direito ao benef\u00edcio. Se voc\u00ea trabalhou com carteira assinada, pode ter valores para receber.&nbsp; Mas como saber se realmente pode sacar? A resposta \u00e9 simples: depende do tempo de servi\u00e7o, da renda e da regularidade dos dados no sistema.&nbsp;&hellip;&nbsp;<\/p>","protected":false},"author":16,"featured_media":42526,"comment_status":"closed","ping_status":"closed","sticky":false,"template":"","format":"standard","meta":{"neve_meta_sidebar":"","neve_meta_container":"","neve_meta_enable_content_width":"","neve_meta_content_width":0,"neve_meta_title_alignment":"","neve_meta_author_avatar":"","neve_post_elements_order":"","neve_meta_disable_header":"","neve_meta_disable_footer":"","neve_meta_disable_title":"","footnotes":""},"categories":[1],"tags":[814],"class_list":["post-42516","post","type-post","status-publish","format-standard","has-post-thumbnail","hentry","category-beneficios-sociais","tag-beneficio-social"],"yoast_head":"<!-- This site is optimized with the Yoast SEO plugin v27.5 - https:\/\/yoast.com\/product\/yoast-seo-wordpress\/ -->\n<title>PIS\/Pasep 2025: veja se voc\u00ea tem direito ao saque -<\/title>\n<meta name=\"description\" content=\"Veja em Vagas de Emprego RJ as vagas de emprego com e sem experi\u00eancia no seu Estado e Regi\u00e3o!\" \/>\n<meta name=\"robots\" content=\"index, follow, max-snippet:-1, max-image-preview:large, max-video-preview:-1\" \/>\n<link rel=\"canonical\" href=\"https:\/\/www.vagadeempregorj.com.br\/fr\/pis-pasep-2025-veja-se-voce-tem-direito-ao-saque\/\" \/>\n<meta property=\"og:locale\" content=\"fr_FR\" \/>\n<meta property=\"og:type\" content=\"article\" \/>\n<meta property=\"og:title\" content=\"PIS\/Pasep 2025: veja se voc\u00ea tem direito ao saque -\" \/>\n<meta property=\"og:description\" content=\"Veja em Vagas de Emprego RJ as vagas de emprego com e sem experi\u00eancia no seu Estado e Regi\u00e3o!\" \/>\n<meta property=\"og:url\" content=\"https:\/\/www.vagadeempregorj.com.br\/fr\/pis-pasep-2025-veja-se-voce-tem-direito-ao-saque\/\" \/>\n<meta property=\"article:publisher\" content=\"https:\/\/www.facebook.com\/empregobrasiloficial\" \/>\n<meta property=\"article:published_time\" content=\"2025-02-08T10:00:00+00:00\" \/>\n<meta property=\"og:image\" content=\"https:\/\/www.vagadeempregorj.com.br\/wp-content\/uploads\/2025\/02\/pis-2025.webp\" \/>\n\t<meta property=\"og:image:width\" content=\"1792\" \/>\n\t<meta property=\"og:image:height\" content=\"1024\" \/>\n\t<meta property=\"og:image:type\" content=\"image\/webp\" \/>\n<meta name=\"author\" content=\"Michele\" \/>\n<meta name=\"twitter:card\" content=\"summary_large_image\" \/>\n<meta name=\"twitter:label1\" content=\"\u00c9crit par\" \/>\n\t<meta name=\"twitter:data1\" content=\"Michele\" \/>\n\t<meta name=\"twitter:label2\" content=\"Dur\u00e9e de lecture estim\u00e9e\" \/>\n\t<meta name=\"twitter:data2\" content=\"4 minutes\" \/>\n<script type=\"application\/ld+json\" class=\"yoast-schema-graph\">{\"@context\":\"https:\\\/\\\/schema.org\",\"@graph\":[{\"@type\":\"Article\",\"@id\":\"https:\\\/\\\/www.vagadeempregorj.com.br\\\/pis-pasep-2025-veja-se-voce-tem-direito-ao-saque\\\/#article\",\"isPartOf\":{\"@id\":\"https:\\\/\\\/www.vagadeempregorj.com.br\\\/pis-pasep-2025-veja-se-voce-tem-direito-ao-saque\\\/\"},\"author\":{\"name\":\"Michele\",\"@id\":\"https:\\\/\\\/www.vagadeempregorj.com.br\\\/#\\\/schema\\\/person\\\/3ddb19fa0539706786e502152f3aae95\"},\"headline\":\"PIS\\\/Pasep 2025: veja se voc\u00ea tem direito ao saque\",\"datePublished\":\"2025-02-08T10:00:00+00:00\",\"mainEntityOfPage\":{\"@id\":\"https:\\\/\\\/www.vagadeempregorj.com.br\\\/pis-pasep-2025-veja-se-voce-tem-direito-ao-saque\\\/\"},\"wordCount\":709,\"image\":{\"@id\":\"https:\\\/\\\/www.vagadeempregorj.com.br\\\/pis-pasep-2025-veja-se-voce-tem-direito-ao-saque\\\/#primaryimage\"},\"thumbnailUrl\":\"https:\\\/\\\/www.vagadeempregorj.com.br\\\/wp-content\\\/uploads\\\/2025\\\/02\\\/pis-2025.webp\",\"keywords\":[\"benef\u00edcio social\"],\"articleSection\":[\"Benef\u00edcios Sociais\"],\"inLanguage\":\"fr-FR\"},{\"@type\":\"WebPage\",\"@id\":\"https:\\\/\\\/www.vagadeempregorj.com.br\\\/pis-pasep-2025-veja-se-voce-tem-direito-ao-saque\\\/\",\"url\":\"https:\\\/\\\/www.vagadeempregorj.com.br\\\/pis-pasep-2025-veja-se-voce-tem-direito-ao-saque\\\/\",\"name\":\"PIS\\\/Pasep 2025: veja se voc\u00ea tem direito ao saque -\",\"isPartOf\":{\"@id\":\"https:\\\/\\\/www.vagadeempregorj.com.br\\\/#website\"},\"primaryImageOfPage\":{\"@id\":\"https:\\\/\\\/www.vagadeempregorj.com.br\\\/pis-pasep-2025-veja-se-voce-tem-direito-ao-saque\\\/#primaryimage\"},\"image\":{\"@id\":\"https:\\\/\\\/www.vagadeempregorj.com.br\\\/pis-pasep-2025-veja-se-voce-tem-direito-ao-saque\\\/#primaryimage\"},\"thumbnailUrl\":\"https:\\\/\\\/www.vagadeempregorj.com.br\\\/wp-content\\\/uploads\\\/2025\\\/02\\\/pis-2025.webp\",\"datePublished\":\"2025-02-08T10:00:00+00:00\",\"author\":{\"@id\":\"https:\\\/\\\/www.vagadeempregorj.com.br\\\/#\\\/schema\\\/person\\\/3ddb19fa0539706786e502152f3aae95\"},\"description\":\"Veja em Vagas de Emprego RJ as vagas de emprego com e sem experi\u00eancia no seu Estado e Regi\u00e3o!\",\"breadcrumb\":{\"@id\":\"https:\\\/\\\/www.vagadeempregorj.com.br\\\/pis-pasep-2025-veja-se-voce-tem-direito-ao-saque\\\/#breadcrumb\"},\"inLanguage\":\"fr-FR\",\"potentialAction\":[{\"@type\":\"ReadAction\",\"target\":[\"https:\\\/\\\/www.vagadeempregorj.com.br\\\/pis-pasep-2025-veja-se-voce-tem-direito-ao-saque\\\/\"]}]},{\"@type\":\"ImageObject\",\"inLanguage\":\"fr-FR\",\"@id\":\"https:\\\/\\\/www.vagadeempregorj.com.br\\\/pis-pasep-2025-veja-se-voce-tem-direito-ao-saque\\\/#primaryimage\",\"url\":\"https:\\\/\\\/www.vagadeempregorj.com.br\\\/wp-content\\\/uploads\\\/2025\\\/02\\\/pis-2025.webp\",\"contentUrl\":\"https:\\\/\\\/www.vagadeempregorj.com.br\\\/wp-content\\\/uploads\\\/2025\\\/02\\\/pis-2025.webp\",\"width\":1792,\"height\":1024},{\"@type\":\"BreadcrumbList\",\"@id\":\"https:\\\/\\\/www.vagadeempregorj.com.br\\\/pis-pasep-2025-veja-se-voce-tem-direito-ao-saque\\\/#breadcrumb\",\"itemListElement\":[{\"@type\":\"ListItem\",\"position\":1,\"name\":\"In\u00edcio\",\"item\":\"https:\\\/\\\/www.vagadeempregorj.com.br\\\/\"},{\"@type\":\"ListItem\",\"position\":2,\"name\":\"Benef\u00edcios Sociais\",\"item\":\"https:\\\/\\\/www.vagadeempregorj.com.br\\\/beneficios-sociais\\\/\"},{\"@type\":\"ListItem\",\"position\":3,\"name\":\"PIS\\\/Pasep 2025: veja se voc\u00ea tem direito ao saque\"}]},{\"@type\":\"WebSite\",\"@id\":\"https:\\\/\\\/www.vagadeempregorj.com.br\\\/#website\",\"url\":\"https:\\\/\\\/www.vagadeempregorj.com.br\\\/\",\"name\":\"\",\"description\":\"Conquiste Sonhos: Vagas, Benef\u00edcios e Economia para Transformar Vidas e Alcan\u00e7ar Melhorias Cotidianas\",\"potentialAction\":[{\"@type\":\"SearchAction\",\"target\":{\"@type\":\"EntryPoint\",\"urlTemplate\":\"https:\\\/\\\/www.vagadeempregorj.com.br\\\/?s={search_term_string}\"},\"query-input\":{\"@type\":\"PropertyValueSpecification\",\"valueRequired\":true,\"valueName\":\"search_term_string\"}}],\"inLanguage\":\"fr-FR\"},{\"@type\":\"Person\",\"@id\":\"https:\\\/\\\/www.vagadeempregorj.com.br\\\/#\\\/schema\\\/person\\\/3ddb19fa0539706786e502152f3aae95\",\"name\":\"Michele\",\"image\":{\"@type\":\"ImageObject\",\"inLanguage\":\"fr-FR\",\"@id\":\"https:\\\/\\\/secure.gravatar.com\\\/avatar\\\/6b0eb9d22841282815e2cd856a0061c45e1761cd54b22e952d98c4746939aa85?s=96&r=g\",\"url\":\"https:\\\/\\\/secure.gravatar.com\\\/avatar\\\/6b0eb9d22841282815e2cd856a0061c45e1761cd54b22e952d98c4746939aa85?s=96&r=g\",\"contentUrl\":\"https:\\\/\\\/secure.gravatar.com\\\/avatar\\\/6b0eb9d22841282815e2cd856a0061c45e1761cd54b22e952d98c4746939aa85?s=96&r=g\",\"caption\":\"Michele\"},\"description\":\"Formada em Letras - Portugu\u00eas\\\/ Ingl\u00eas, e idealizadora do site Escritora de Sucesso, busca expandir o conhecimento de todos com informa\u00e7\u00f5es relevantes sobre diversos assuntos, enquanto redatora. No Vaga de Emprego RJ, traz oportunidades e dicas sobre o mercado de trabalho.\",\"url\":\"https:\\\/\\\/www.vagadeempregorj.com.br\\\/fr\\\/author\\\/michele\\\/\"}]}<\/script>\n<!-- \/ Yoast SEO plugin. -->","yoast_head_json":{"title":"PIS\/Pasep 2025: veja se voc\u00ea tem direito ao saque -","description":"Veja em Vagas de Emprego RJ as vagas de emprego com e sem experi\u00eancia no seu Estado e Regi\u00e3o!","robots":{"index":"index","follow":"follow","max-snippet":"max-snippet:-1","max-image-preview":"max-image-preview:large","max-video-preview":"max-video-preview:-1"},"canonical":"https:\/\/www.vagadeempregorj.com.br\/fr\/pis-pasep-2025-veja-se-voce-tem-direito-ao-saque\/","og_locale":"fr_FR","og_type":"article","og_title":"PIS\/Pasep 2025: veja se voc\u00ea tem direito ao saque -","og_description":"Veja em Vagas de Emprego RJ as vagas de emprego com e sem experi\u00eancia no seu Estado e Regi\u00e3o!","og_url":"https:\/\/www.vagadeempregorj.com.br\/fr\/pis-pasep-2025-veja-se-voce-tem-direito-ao-saque\/","article_publisher":"https:\/\/www.facebook.com\/empregobrasiloficial","article_published_time":"2025-02-08T10:00:00+00:00","og_image":[{"width":1792,"height":1024,"url":"https:\/\/www.vagadeempregorj.com.br\/wp-content\/uploads\/2025\/02\/pis-2025.webp","type":"image\/webp"}],"author":"Michele","twitter_card":"summary_large_image","twitter_misc":{"\u00c9crit par":"Michele","Dur\u00e9e de lecture estim\u00e9e":"4 minutes"},"schema":{"@context":"https:\/\/schema.org","@graph":[{"@type":"Article","@id":"https:\/\/www.vagadeempregorj.com.br\/pis-pasep-2025-veja-se-voce-tem-direito-ao-saque\/#article","isPartOf":{"@id":"https:\/\/www.vagadeempregorj.com.br\/pis-pasep-2025-veja-se-voce-tem-direito-ao-saque\/"},"author":{"name":"Michele","@id":"https:\/\/www.vagadeempregorj.com.br\/#\/schema\/person\/3ddb19fa0539706786e502152f3aae95"},"headline":"PIS\/Pasep 2025: veja se voc\u00ea tem direito ao saque","datePublished":"2025-02-08T10:00:00+00:00","mainEntityOfPage":{"@id":"https:\/\/www.vagadeempregorj.com.br\/pis-pasep-2025-veja-se-voce-tem-direito-ao-saque\/"},"wordCount":709,"image":{"@id":"https:\/\/www.vagadeempregorj.com.br\/pis-pasep-2025-veja-se-voce-tem-direito-ao-saque\/#primaryimage"},"thumbnailUrl":"https:\/\/www.vagadeempregorj.com.br\/wp-content\/uploads\/2025\/02\/pis-2025.webp","keywords":["benef\u00edcio social"],"articleSection":["Benef\u00edcios Sociais"],"inLanguage":"fr-FR"},{"@type":"WebPage","@id":"https:\/\/www.vagadeempregorj.com.br\/pis-pasep-2025-veja-se-voce-tem-direito-ao-saque\/","url":"https:\/\/www.vagadeempregorj.com.br\/pis-pasep-2025-veja-se-voce-tem-direito-ao-saque\/","name":"PIS\/Pasep 2025: veja se voc\u00ea tem direito ao saque -","isPartOf":{"@id":"https:\/\/www.vagadeempregorj.com.br\/#website"},"primaryImageOfPage":{"@id":"https:\/\/www.vagadeempregorj.com.br\/pis-pasep-2025-veja-se-voce-tem-direito-ao-saque\/#primaryimage"},"image":{"@id":"https:\/\/www.vagadeempregorj.com.br\/pis-pasep-2025-veja-se-voce-tem-direito-ao-saque\/#primaryimage"},"thumbnailUrl":"https:\/\/www.vagadeempregorj.com.br\/wp-content\/uploads\/2025\/02\/pis-2025.webp","datePublished":"2025-02-08T10:00:00+00:00","author":{"@id":"https:\/\/www.vagadeempregorj.com.br\/#\/schema\/person\/3ddb19fa0539706786e502152f3aae95"},"description":"Veja em Vagas de Emprego RJ as vagas de emprego com e sem experi\u00eancia no seu Estado e Regi\u00e3o!","breadcrumb":{"@id":"https:\/\/www.vagadeempregorj.com.br\/pis-pasep-2025-veja-se-voce-tem-direito-ao-saque\/#breadcrumb"},"inLanguage":"fr-FR","potentialAction":[{"@type":"ReadAction","target":["https:\/\/www.vagadeempregorj.com.br\/pis-pasep-2025-veja-se-voce-tem-direito-ao-saque\/"]}]},{"@type":"ImageObject","inLanguage":"fr-FR","@id":"https:\/\/www.vagadeempregorj.com.br\/pis-pasep-2025-veja-se-voce-tem-direito-ao-saque\/#primaryimage","url":"https:\/\/www.vagadeempregorj.com.br\/wp-content\/uploads\/2025\/02\/pis-2025.webp","contentUrl":"https:\/\/www.vagadeempregorj.com.br\/wp-content\/uploads\/2025\/02\/pis-2025.webp","width":1792,"height":1024},{"@type":"BreadcrumbList","@id":"https:\/\/www.vagadeempregorj.com.br\/pis-pasep-2025-veja-se-voce-tem-direito-ao-saque\/#breadcrumb","itemListElement":[{"@type":"ListItem","position":1,"name":"In\u00edcio","item":"https:\/\/www.vagadeempregorj.com.br\/"},{"@type":"ListItem","position":2,"name":"Benef\u00edcios Sociais","item":"https:\/\/www.vagadeempregorj.com.br\/beneficios-sociais\/"},{"@type":"ListItem","position":3,"name":"PIS\/Pasep 2025: veja se voc\u00ea tem direito ao saque"}]},{"@type":"WebSite","@id":"https:\/\/www.vagadeempregorj.com.br\/#website","url":"https:\/\/www.vagadeempregorj.com.br\/","name":"","description":"Conquiste Sonhos: Vagas, Benef\u00edcios e Economia para Transformar Vidas e Alcan\u00e7ar Melhorias Cotidianas","potentialAction":[{"@type":"SearchAction","target":{"@type":"EntryPoint","urlTemplate":"https:\/\/www.vagadeempregorj.com.br\/?s={search_term_string}"},"query-input":{"@type":"PropertyValueSpecification","valueRequired":true,"valueName":"search_term_string"}}],"inLanguage":"fr-FR"},{"@type":"Person","@id":"https:\/\/www.vagadeempregorj.com.br\/#\/schema\/person\/3ddb19fa0539706786e502152f3aae95","name":"Michele","image":{"@type":"ImageObject","inLanguage":"fr-FR","@id":"https:\/\/secure.gravatar.com\/avatar\/6b0eb9d22841282815e2cd856a0061c45e1761cd54b22e952d98c4746939aa85?s=96&r=g","url":"https:\/\/secure.gravatar.com\/avatar\/6b0eb9d22841282815e2cd856a0061c45e1761cd54b22e952d98c4746939aa85?s=96&r=g","contentUrl":"https:\/\/secure.gravatar.com\/avatar\/6b0eb9d22841282815e2cd856a0061c45e1761cd54b22e952d98c4746939aa85?s=96&r=g","caption":"Michele"},"description":"Formada em Letras - Portugu\u00eas\/ Ingl\u00eas, e idealizadora do site Escritora de Sucesso, busca expandir o conhecimento de todos com informa\u00e7\u00f5es relevantes sobre diversos assuntos, enquanto redatora. No Vaga de Emprego RJ, traz oportunidades e dicas sobre o mercado de trabalho.","url":"https:\/\/www.vagadeempregorj.com.br\/fr\/author\/michele\/"}]}},"_links":{"self":[{"href":"https:\/\/www.vagadeempregorj.com.br\/fr\/wp-json\/wp\/v2\/posts\/42516","targetHints":{"allow":["GET"]}}],"collection":[{"href":"https:\/\/www.vagadeempregorj.com.br\/fr\/wp-json\/wp\/v2\/posts"}],"about":[{"href":"https:\/\/www.vagadeempregorj.com.br\/fr\/wp-json\/wp\/v2\/types\/post"}],"author":[{"embeddable":true,"href":"https:\/\/www.vagadeempregorj.com.br\/fr\/wp-json\/wp\/v2\/users\/16"}],"replies":[{"embeddable":true,"href":"https:\/\/www.vagadeempregorj.com.br\/fr\/wp-json\/wp\/v2\/comments?post=42516"}],"version-history":[{"count":0,"href":"https:\/\/www.vagadeempregorj.com.br\/fr\/wp-json\/wp\/v2\/posts\/42516\/revisions"}],"wp:featuredmedia":[{"embeddable":true,"href":"https:\/\/www.vagadeempregorj.com.br\/fr\/wp-json\/wp\/v2\/media\/42526"}],"wp:attachment":[{"href":"https:\/\/www.vagadeempregorj.com.br\/fr\/wp-json\/wp\/v2\/media?parent=42516"}],"wp:term":[{"taxonomy":"category","embeddable":true,"href":"https:\/\/www.vagadeempregorj.com.br\/fr\/wp-json\/wp\/v2\/categories?post=42516"},{"taxonomy":"post_tag","embeddable":true,"href":"https:\/\/www.vagadeempregorj.com.br\/fr\/wp-json\/wp\/v2\/tags?post=42516"}],"curies":[{"name":"wp","href":"https:\/\/api.w.org\/{rel}","templated":true}]}}