{"id":42524,"date":"2025-02-12T07:00:00","date_gmt":"2025-02-12T10:00:00","guid":{"rendered":"https:\/\/www.vagadeempregorj.com.br\/?p=42524"},"modified":"2025-02-08T02:24:08","modified_gmt":"2025-02-08T05:24:08","slug":"cadunico-nova-regra-permite-que-mais-pessoas-recebam-beneficios","status":"publish","type":"post","link":"https:\/\/www.vagadeempregorj.com.br\/fr\/cadunico-nova-regra-permite-que-mais-pessoas-recebam-beneficios\/","title":{"rendered":"Cad\u00danico: Nova regra permite que mais pessoas recebam benef\u00edcios"},"content":{"rendered":"<p>Voc\u00ea sabia que mais pessoas podem ter acesso a benef\u00edcios sociais gra\u00e7as a uma nova regra do Cadastro \u00danico (Cad\u00danico)? Isso mesmo, mudan\u00e7as importantes foram feitas para ampliar o alcance de quem pode receber apoio financeiro do governo, facilitando a inclus\u00e3o de fam\u00edlias em situa\u00e7\u00e3o de vulnerabilidade.&nbsp;<\/p>\n\n\n\n<p>Essa nova medida tem o potencial de transformar a vida de muita gente, mas voc\u00ea sabe como ela funciona e quem pode ser beneficiado?&nbsp;<\/p>\n\n\n\n<figure class=\"wp-block-image size-full is-resized\"><img loading=\"lazy\" decoding=\"async\" width=\"790\" height=\"364\" src=\"https:\/\/www.vagadeempregorj.com.br\/wp-content\/uploads\/2025\/02\/image-16.png\" alt=\"\" class=\"wp-image-42534\" style=\"width:840px;height:auto\" srcset=\"https:\/\/www.vagadeempregorj.com.br\/wp-content\/uploads\/2025\/02\/image-16.png 790w, https:\/\/www.vagadeempregorj.com.br\/wp-content\/uploads\/2025\/02\/image-16-300x138.png 300w, https:\/\/www.vagadeempregorj.com.br\/wp-content\/uploads\/2025\/02\/image-16-768x354.png 768w, https:\/\/www.vagadeempregorj.com.br\/wp-content\/uploads\/2025\/02\/image-16-150x69.png 150w\" sizes=\"auto, (max-width: 790px) 100vw, 790px\" \/><\/figure>\n\n\n\n<h2 class=\"wp-block-heading\">O que \u00e9 o Cad\u00danico e qual a sua import\u00e2ncia?<\/h2>\n\n\n\n<p>O Cadastro \u00danico, ou Cad\u00danico, \u00e9 a principal ferramenta usada pelo governo brasileiro para identificar e monitorar as fam\u00edlias de baixa renda. Por meio dele, s\u00e3o oferecidos benef\u00edcios como o Bolsa Fam\u00edlia (agora chamado Aux\u00edlio Brasil), Tarifa Social de Energia El\u00e9trica e o Benef\u00edcio de Presta\u00e7\u00e3o Continuada (BPC).&nbsp;<\/p>\n\n\n\n<p>\u00c9 a porta de entrada para quem precisa de apoio social, sendo um instrumento essencial para garantir a cidadania e direitos para muitas fam\u00edlias.<\/p>\n\n\n\n<p>O cadastro funciona como um mapeamento das condi\u00e7\u00f5es socioecon\u00f4micas das fam\u00edlias brasileiras. Ele re\u00fane informa\u00e7\u00f5es sobre a composi\u00e7\u00e3o familiar, a renda, a situa\u00e7\u00e3o de moradia, sa\u00fade e escolaridade, entre outros dados. Isso permite ao governo direcionar pol\u00edticas p\u00fablicas de forma mais eficaz, atendendo quem realmente precisa.<\/p>\n\n\n\n<h2 class=\"wp-block-heading\">A nova regra do Cad\u00danico: amplia\u00e7\u00e3o dos benef\u00edcios<\/h2>\n\n\n\n<p>Recentemente, uma nova regra foi implementada no Cad\u00danico, ampliando o n\u00famero de fam\u00edlias que podem acessar os benef\u00edcios sociais. A principal mudan\u00e7a foi no crit\u00e9rio de renda.&nbsp;<\/p>\n\n\n\n<p>Antes, as fam\u00edlias precisavam se enquadrar em uma faixa de renda bem espec\u00edfica para serem inclu\u00eddas nos programas, o que deixava muita gente fora dos benef\u00edcios, mesmo com uma situa\u00e7\u00e3o de vulnerabilidade social.<\/p>\n\n\n\n<p>Agora, com a revis\u00e3o desses crit\u00e9rios, mais fam\u00edlias com renda mais alta do que a m\u00e9dia podem se beneficiar, mas ainda dentro da linha da vulnerabilidade. A medida foi pensada para alcan\u00e7ar aqueles que estavam &#8220;fora do radar&#8221; e garantir que mais pessoas tenham acesso aos recursos destinados a ajudar a combater a pobreza.<\/p>\n\n\n\n<p>Essa altera\u00e7\u00e3o \u00e9 fundamental, pois ela reconhece que a pobreza n\u00e3o \u00e9 algo simples; existem fam\u00edlias que, embora n\u00e3o se enquadrem nas faixas de renda mais baixas, ainda assim enfrentam dificuldades para garantir condi\u00e7\u00f5es m\u00ednimas de vida.&nbsp;<\/p>\n\n\n\n<p>A amplia\u00e7\u00e3o do alcance do Cad\u00danico visa justamente essa realidade, permitindo que mais pessoas, que anteriormente n\u00e3o seriam contempladas, possam finalmente ter o suporte necess\u00e1rio.<\/p>\n\n\n\n<h2 class=\"wp-block-heading\">Quem pode ser beneficiado com a nova regra?<\/h2>\n\n\n\n<p>A nova regra foi criada para beneficiar aquelas fam\u00edlias em uma faixa de renda um pouco mais alta do que o limite anterior, mas que ainda enfrentam desafios financeiros. Ou seja, as pessoas que antes n\u00e3o se encaixavam, mas que est\u00e3o em uma situa\u00e7\u00e3o delicada, agora podem ter acesso aos benef\u00edcios oferecidos pelos programas sociais do governo.&nbsp;<\/p>\n\n\n\n<p>Isso inclui fam\u00edlias que est\u00e3o no &#8220;meio do caminho&#8221; e n\u00e3o t\u00eam as condi\u00e7\u00f5es necess\u00e1rias para prover tudo o que precisam.<\/p>\n\n\n\n<p>Se voc\u00ea est\u00e1 se perguntando se pode ser beneficiado, a primeira coisa a fazer \u00e9 verificar se voc\u00ea j\u00e1 est\u00e1 cadastrado no Cad\u00danico. Se ainda n\u00e3o est\u00e1, \u00e9 preciso procurar o CRAS (Centro de Refer\u00eancia de Assist\u00eancia Social) mais pr\u00f3ximo para realizar o cadastro. A partir disso, as informa\u00e7\u00f5es ser\u00e3o avaliadas para saber se voc\u00ea pode acessar algum dos programas de benef\u00edcios sociais.<\/p>\n\n\n\n<p>Vale lembrar que a nova regra tamb\u00e9m se aplica a pessoas que j\u00e1 est\u00e3o no Cad\u00danico, mas que estavam fora da lista de programas devido ao crit\u00e9rio de renda. Ou seja, mesmo que voc\u00ea tenha sido exclu\u00eddo anteriormente, agora pode ser que voc\u00ea se encaixe no novo perfil.<\/p>\n\n\n\n<h2 class=\"wp-block-heading\">Como o Cad\u00danico pode impactar a vida das pessoas?<\/h2>\n\n\n\n<p>Para muitas fam\u00edlias, os benef\u00edcios sociais s\u00e3o uma verdadeira t\u00e1bua de salva\u00e7\u00e3o. O aux\u00edlio financeiro pode ser a diferen\u00e7a entre ter o b\u00e1sico para sobreviver ou enfrentar grandes dificuldades. A amplia\u00e7\u00e3o do acesso ao Cad\u00danico, portanto, pode mudar a realidade de muitas pessoas, proporcionando uma oportunidade de melhorar a qualidade de vida.<\/p>\n\n\n\n<p>Imagine, por exemplo, uma fam\u00edlia que est\u00e1 tentando equilibrar o or\u00e7amento e n\u00e3o consegue. Com a entrada no Cad\u00danico e o acesso a benef\u00edcios como o Aux\u00edlio Brasil, ela pode ter uma folga financeira, garantindo que as necessidades mais urgentes sejam atendidas.&nbsp;<\/p>\n\n\n\n<p>Isso pode representar n\u00e3o apenas o al\u00edvio imediato, mas tamb\u00e9m a possibilidade de investir em outras \u00e1reas, como educa\u00e7\u00e3o e sa\u00fade, que muitas vezes ficam em segundo plano quando a sobreviv\u00eancia \u00e9 o foco principal.<\/p>\n\n\n\n<p>Al\u00e9m disso, com a inclus\u00e3o de mais pessoas no Cad\u00danico, o governo tem mais dados e informa\u00e7\u00f5es para direcionar pol\u00edticas p\u00fablicas de maneira mais eficaz. Isso significa que programas de sa\u00fade, educa\u00e7\u00e3o, e at\u00e9 mesmo infraestrutura podem ser mais bem planejados e implementados, trazendo um benef\u00edcio direto para a popula\u00e7\u00e3o.<\/p>\n\n\n\n<h2 class=\"wp-block-heading\">Como se cadastrar e garantir o benef\u00edcio?<\/h2>\n\n\n\n<p>Se voc\u00ea ainda n\u00e3o se cadastrou no Cad\u00danico, \u00e9 importante entender como funciona o processo. O cadastro \u00e9 feito de forma gratuita e simples. Basta que o respons\u00e1vel pela fam\u00edlia se dirija at\u00e9 o CRAS de sua cidade, levando documentos como CPF, RG e comprovante de resid\u00eancia.<\/p>\n\n\n\n<p>O processo \u00e9 realizado em etapas. Primeiro, o respons\u00e1vel familiar passar\u00e1 por uma entrevista, onde ser\u00e3o coletadas as informa\u00e7\u00f5es sobre a composi\u00e7\u00e3o da fam\u00edlia, renda e outras quest\u00f5es socioecon\u00f4micas. A partir dessa coleta de dados, a fam\u00edlia ser\u00e1 inscrita no Cad\u00danico e passar\u00e1 a ter acesso aos benef\u00edcios sociais para os quais se enquadrar.<\/p>\n\n\n\n<p>Al\u00e9m disso, \u00e9 fundamental que o cadastro seja mantido atualizado. Sempre que houver mudan\u00e7as significativas na renda ou na composi\u00e7\u00e3o familiar, \u00e9 necess\u00e1rio atualizar as informa\u00e7\u00f5es no Cad\u00danico para garantir que voc\u00ea n\u00e3o perca o direito aos benef\u00edcios.<\/p>\n\n\n\n<p><strong>Veja tamb\u00e9m: <a href=\"https:\/\/www.vagadeempregorj.com.br\/fr\/bolsa-familia-pode-ser-bloqueado-judicialmente-por-divida\/\">Bolsa Fam\u00edlia pode ser bloqueado judicialmente por d\u00edvida?<\/a><\/strong><\/p>\n\n\n\n<p>12 de fevereiro de 2025<\/p>","protected":false},"excerpt":{"rendered":"<p>Voc\u00ea sabia que mais pessoas podem ter acesso a benef\u00edcios sociais gra\u00e7as a uma nova regra do Cadastro \u00danico (Cad\u00danico)? Isso mesmo, mudan\u00e7as importantes foram feitas para ampliar o alcance de quem pode receber apoio financeiro do governo, facilitando a inclus\u00e3o de fam\u00edlias em situa\u00e7\u00e3o de vulnerabilidade.&nbsp; Essa nova medida tem o potencial de transformar&hellip;&nbsp;<\/p>","protected":false},"author":16,"featured_media":42534,"comment_status":"closed","ping_status":"closed","sticky":false,"template":"","format":"standard","meta":{"neve_meta_sidebar":"","neve_meta_container":"","neve_meta_enable_content_width":"","neve_meta_content_width":0,"neve_meta_title_alignment":"","neve_meta_author_avatar":"","neve_post_elements_order":"","neve_meta_disable_header":"","neve_meta_disable_footer":"","neve_meta_disable_title":"","footnotes":""},"categories":[1],"tags":[],"class_list":["post-42524","post","type-post","status-publish","format-standard","has-post-thumbnail","hentry","category-beneficios-sociais"],"yoast_head":"<!-- This site is optimized with the Yoast SEO plugin v27.5 - https:\/\/yoast.com\/product\/yoast-seo-wordpress\/ -->\n<title>Cad\u00danico: Nova regra permite que mais pessoas recebam benef\u00edcios -<\/title>\n<meta name=\"description\" content=\"Veja em Vagas de Emprego RJ as vagas de emprego com e sem experi\u00eancia no seu Estado e Regi\u00e3o!\" \/>\n<meta name=\"robots\" content=\"index, follow, max-snippet:-1, max-image-preview:large, max-video-preview:-1\" \/>\n<link rel=\"canonical\" href=\"https:\/\/www.vagadeempregorj.com.br\/fr\/cadunico-nova-regra-permite-que-mais-pessoas-recebam-beneficios\/\" \/>\n<meta property=\"og:locale\" content=\"fr_FR\" \/>\n<meta property=\"og:type\" content=\"article\" \/>\n<meta property=\"og:title\" content=\"Cad\u00danico: Nova regra permite que mais pessoas recebam benef\u00edcios -\" \/>\n<meta property=\"og:description\" content=\"Veja em Vagas de Emprego RJ as vagas de emprego com e sem experi\u00eancia no seu Estado e Regi\u00e3o!\" \/>\n<meta property=\"og:url\" content=\"https:\/\/www.vagadeempregorj.com.br\/fr\/cadunico-nova-regra-permite-que-mais-pessoas-recebam-beneficios\/\" \/>\n<meta property=\"article:publisher\" content=\"https:\/\/www.facebook.com\/empregobrasiloficial\" \/>\n<meta property=\"article:published_time\" content=\"2025-02-12T10:00:00+00:00\" \/>\n<meta property=\"og:image\" content=\"https:\/\/www.vagadeempregorj.com.br\/wp-content\/uploads\/2025\/02\/image-16.png\" \/>\n\t<meta property=\"og:image:width\" content=\"790\" \/>\n\t<meta property=\"og:image:height\" content=\"364\" \/>\n\t<meta property=\"og:image:type\" content=\"image\/png\" \/>\n<meta name=\"author\" content=\"Michele\" \/>\n<meta name=\"twitter:card\" content=\"summary_large_image\" \/>\n<meta name=\"twitter:label1\" content=\"Written by\" \/>\n\t<meta name=\"twitter:data1\" content=\"Michele\" \/>\n\t<meta name=\"twitter:label2\" content=\"Est. reading time\" \/>\n\t<meta name=\"twitter:data2\" content=\"5 minutes\" \/>\n<script type=\"application\/ld+json\" class=\"yoast-schema-graph\">{\"@context\":\"https:\\\/\\\/schema.org\",\"@graph\":[{\"@type\":\"Article\",\"@id\":\"https:\\\/\\\/www.vagadeempregorj.com.br\\\/cadunico-nova-regra-permite-que-mais-pessoas-recebam-beneficios\\\/#article\",\"isPartOf\":{\"@id\":\"https:\\\/\\\/www.vagadeempregorj.com.br\\\/cadunico-nova-regra-permite-que-mais-pessoas-recebam-beneficios\\\/\"},\"author\":{\"name\":\"Michele\",\"@id\":\"https:\\\/\\\/www.vagadeempregorj.com.br\\\/#\\\/schema\\\/person\\\/3ddb19fa0539706786e502152f3aae95\"},\"headline\":\"Cad\u00danico: Nova regra permite que mais pessoas recebam benef\u00edcios\",\"datePublished\":\"2025-02-12T10:00:00+00:00\",\"mainEntityOfPage\":{\"@id\":\"https:\\\/\\\/www.vagadeempregorj.com.br\\\/cadunico-nova-regra-permite-que-mais-pessoas-recebam-beneficios\\\/\"},\"wordCount\":1074,\"image\":{\"@id\":\"https:\\\/\\\/www.vagadeempregorj.com.br\\\/cadunico-nova-regra-permite-que-mais-pessoas-recebam-beneficios\\\/#primaryimage\"},\"thumbnailUrl\":\"https:\\\/\\\/www.vagadeempregorj.com.br\\\/wp-content\\\/uploads\\\/2025\\\/02\\\/image-16.png\",\"articleSection\":[\"Benef\u00edcios Sociais\"],\"inLanguage\":\"fr-FR\"},{\"@type\":\"WebPage\",\"@id\":\"https:\\\/\\\/www.vagadeempregorj.com.br\\\/cadunico-nova-regra-permite-que-mais-pessoas-recebam-beneficios\\\/\",\"url\":\"https:\\\/\\\/www.vagadeempregorj.com.br\\\/cadunico-nova-regra-permite-que-mais-pessoas-recebam-beneficios\\\/\",\"name\":\"Cad\u00danico: Nova regra permite que mais pessoas recebam benef\u00edcios -\",\"isPartOf\":{\"@id\":\"https:\\\/\\\/www.vagadeempregorj.com.br\\\/#website\"},\"primaryImageOfPage\":{\"@id\":\"https:\\\/\\\/www.vagadeempregorj.com.br\\\/cadunico-nova-regra-permite-que-mais-pessoas-recebam-beneficios\\\/#primaryimage\"},\"image\":{\"@id\":\"https:\\\/\\\/www.vagadeempregorj.com.br\\\/cadunico-nova-regra-permite-que-mais-pessoas-recebam-beneficios\\\/#primaryimage\"},\"thumbnailUrl\":\"https:\\\/\\\/www.vagadeempregorj.com.br\\\/wp-content\\\/uploads\\\/2025\\\/02\\\/image-16.png\",\"datePublished\":\"2025-02-12T10:00:00+00:00\",\"author\":{\"@id\":\"https:\\\/\\\/www.vagadeempregorj.com.br\\\/#\\\/schema\\\/person\\\/3ddb19fa0539706786e502152f3aae95\"},\"description\":\"Veja em Vagas de Emprego RJ as vagas de emprego com e sem experi\u00eancia no seu Estado e Regi\u00e3o!\",\"breadcrumb\":{\"@id\":\"https:\\\/\\\/www.vagadeempregorj.com.br\\\/cadunico-nova-regra-permite-que-mais-pessoas-recebam-beneficios\\\/#breadcrumb\"},\"inLanguage\":\"fr-FR\",\"potentialAction\":[{\"@type\":\"ReadAction\",\"target\":[\"https:\\\/\\\/www.vagadeempregorj.com.br\\\/cadunico-nova-regra-permite-que-mais-pessoas-recebam-beneficios\\\/\"]}]},{\"@type\":\"ImageObject\",\"inLanguage\":\"fr-FR\",\"@id\":\"https:\\\/\\\/www.vagadeempregorj.com.br\\\/cadunico-nova-regra-permite-que-mais-pessoas-recebam-beneficios\\\/#primaryimage\",\"url\":\"https:\\\/\\\/www.vagadeempregorj.com.br\\\/wp-content\\\/uploads\\\/2025\\\/02\\\/image-16.png\",\"contentUrl\":\"https:\\\/\\\/www.vagadeempregorj.com.br\\\/wp-content\\\/uploads\\\/2025\\\/02\\\/image-16.png\",\"width\":790,\"height\":364},{\"@type\":\"BreadcrumbList\",\"@id\":\"https:\\\/\\\/www.vagadeempregorj.com.br\\\/cadunico-nova-regra-permite-que-mais-pessoas-recebam-beneficios\\\/#breadcrumb\",\"itemListElement\":[{\"@type\":\"ListItem\",\"position\":1,\"name\":\"In\u00edcio\",\"item\":\"https:\\\/\\\/www.vagadeempregorj.com.br\\\/\"},{\"@type\":\"ListItem\",\"position\":2,\"name\":\"Benef\u00edcios Sociais\",\"item\":\"https:\\\/\\\/www.vagadeempregorj.com.br\\\/beneficios-sociais\\\/\"},{\"@type\":\"ListItem\",\"position\":3,\"name\":\"Cad\u00danico: Nova regra permite que mais pessoas recebam benef\u00edcios\"}]},{\"@type\":\"WebSite\",\"@id\":\"https:\\\/\\\/www.vagadeempregorj.com.br\\\/#website\",\"url\":\"https:\\\/\\\/www.vagadeempregorj.com.br\\\/\",\"name\":\"\",\"description\":\"Conquiste Sonhos: Vagas, Benef\u00edcios e Economia para Transformar Vidas e Alcan\u00e7ar Melhorias Cotidianas\",\"potentialAction\":[{\"@type\":\"SearchAction\",\"target\":{\"@type\":\"EntryPoint\",\"urlTemplate\":\"https:\\\/\\\/www.vagadeempregorj.com.br\\\/?s={search_term_string}\"},\"query-input\":{\"@type\":\"PropertyValueSpecification\",\"valueRequired\":true,\"valueName\":\"search_term_string\"}}],\"inLanguage\":\"fr-FR\"},{\"@type\":\"Person\",\"@id\":\"https:\\\/\\\/www.vagadeempregorj.com.br\\\/#\\\/schema\\\/person\\\/3ddb19fa0539706786e502152f3aae95\",\"name\":\"Michele\",\"image\":{\"@type\":\"ImageObject\",\"inLanguage\":\"fr-FR\",\"@id\":\"https:\\\/\\\/secure.gravatar.com\\\/avatar\\\/6b0eb9d22841282815e2cd856a0061c45e1761cd54b22e952d98c4746939aa85?s=96&r=g\",\"url\":\"https:\\\/\\\/secure.gravatar.com\\\/avatar\\\/6b0eb9d22841282815e2cd856a0061c45e1761cd54b22e952d98c4746939aa85?s=96&r=g\",\"contentUrl\":\"https:\\\/\\\/secure.gravatar.com\\\/avatar\\\/6b0eb9d22841282815e2cd856a0061c45e1761cd54b22e952d98c4746939aa85?s=96&r=g\",\"caption\":\"Michele\"},\"description\":\"Formada em Letras - Portugu\u00eas\\\/ Ingl\u00eas, e idealizadora do site Escritora de Sucesso, busca expandir o conhecimento de todos com informa\u00e7\u00f5es relevantes sobre diversos assuntos, enquanto redatora. No Vaga de Emprego RJ, traz oportunidades e dicas sobre o mercado de trabalho.\",\"url\":\"https:\\\/\\\/www.vagadeempregorj.com.br\\\/fr\\\/author\\\/michele\\\/\"}]}<\/script>\n<!-- \/ Yoast SEO plugin. -->","yoast_head_json":{"title":"Cad\u00danico: Nova regra permite que mais pessoas recebam benef\u00edcios -","description":"Veja em Vagas de Emprego RJ as vagas de emprego com e sem experi\u00eancia no seu Estado e Regi\u00e3o!","robots":{"index":"index","follow":"follow","max-snippet":"max-snippet:-1","max-image-preview":"max-image-preview:large","max-video-preview":"max-video-preview:-1"},"canonical":"https:\/\/www.vagadeempregorj.com.br\/fr\/cadunico-nova-regra-permite-que-mais-pessoas-recebam-beneficios\/","og_locale":"fr_FR","og_type":"article","og_title":"Cad\u00danico: Nova regra permite que mais pessoas recebam benef\u00edcios -","og_description":"Veja em Vagas de Emprego RJ as vagas de emprego com e sem experi\u00eancia no seu Estado e Regi\u00e3o!","og_url":"https:\/\/www.vagadeempregorj.com.br\/fr\/cadunico-nova-regra-permite-que-mais-pessoas-recebam-beneficios\/","article_publisher":"https:\/\/www.facebook.com\/empregobrasiloficial","article_published_time":"2025-02-12T10:00:00+00:00","og_image":[{"width":790,"height":364,"url":"https:\/\/www.vagadeempregorj.com.br\/wp-content\/uploads\/2025\/02\/image-16.png","type":"image\/png"}],"author":"Michele","twitter_card":"summary_large_image","twitter_misc":{"Written by":"Michele","Est. reading time":"5 minutes"},"schema":{"@context":"https:\/\/schema.org","@graph":[{"@type":"Article","@id":"https:\/\/www.vagadeempregorj.com.br\/cadunico-nova-regra-permite-que-mais-pessoas-recebam-beneficios\/#article","isPartOf":{"@id":"https:\/\/www.vagadeempregorj.com.br\/cadunico-nova-regra-permite-que-mais-pessoas-recebam-beneficios\/"},"author":{"name":"Michele","@id":"https:\/\/www.vagadeempregorj.com.br\/#\/schema\/person\/3ddb19fa0539706786e502152f3aae95"},"headline":"Cad\u00danico: Nova regra permite que mais pessoas recebam benef\u00edcios","datePublished":"2025-02-12T10:00:00+00:00","mainEntityOfPage":{"@id":"https:\/\/www.vagadeempregorj.com.br\/cadunico-nova-regra-permite-que-mais-pessoas-recebam-beneficios\/"},"wordCount":1074,"image":{"@id":"https:\/\/www.vagadeempregorj.com.br\/cadunico-nova-regra-permite-que-mais-pessoas-recebam-beneficios\/#primaryimage"},"thumbnailUrl":"https:\/\/www.vagadeempregorj.com.br\/wp-content\/uploads\/2025\/02\/image-16.png","articleSection":["Benef\u00edcios Sociais"],"inLanguage":"fr-FR"},{"@type":"WebPage","@id":"https:\/\/www.vagadeempregorj.com.br\/cadunico-nova-regra-permite-que-mais-pessoas-recebam-beneficios\/","url":"https:\/\/www.vagadeempregorj.com.br\/cadunico-nova-regra-permite-que-mais-pessoas-recebam-beneficios\/","name":"Cad\u00danico: Nova regra permite que mais pessoas recebam benef\u00edcios -","isPartOf":{"@id":"https:\/\/www.vagadeempregorj.com.br\/#website"},"primaryImageOfPage":{"@id":"https:\/\/www.vagadeempregorj.com.br\/cadunico-nova-regra-permite-que-mais-pessoas-recebam-beneficios\/#primaryimage"},"image":{"@id":"https:\/\/www.vagadeempregorj.com.br\/cadunico-nova-regra-permite-que-mais-pessoas-recebam-beneficios\/#primaryimage"},"thumbnailUrl":"https:\/\/www.vagadeempregorj.com.br\/wp-content\/uploads\/2025\/02\/image-16.png","datePublished":"2025-02-12T10:00:00+00:00","author":{"@id":"https:\/\/www.vagadeempregorj.com.br\/#\/schema\/person\/3ddb19fa0539706786e502152f3aae95"},"description":"Veja em Vagas de Emprego RJ as vagas de emprego com e sem experi\u00eancia no seu Estado e Regi\u00e3o!","breadcrumb":{"@id":"https:\/\/www.vagadeempregorj.com.br\/cadunico-nova-regra-permite-que-mais-pessoas-recebam-beneficios\/#breadcrumb"},"inLanguage":"fr-FR","potentialAction":[{"@type":"ReadAction","target":["https:\/\/www.vagadeempregorj.com.br\/cadunico-nova-regra-permite-que-mais-pessoas-recebam-beneficios\/"]}]},{"@type":"ImageObject","inLanguage":"fr-FR","@id":"https:\/\/www.vagadeempregorj.com.br\/cadunico-nova-regra-permite-que-mais-pessoas-recebam-beneficios\/#primaryimage","url":"https:\/\/www.vagadeempregorj.com.br\/wp-content\/uploads\/2025\/02\/image-16.png","contentUrl":"https:\/\/www.vagadeempregorj.com.br\/wp-content\/uploads\/2025\/02\/image-16.png","width":790,"height":364},{"@type":"BreadcrumbList","@id":"https:\/\/www.vagadeempregorj.com.br\/cadunico-nova-regra-permite-que-mais-pessoas-recebam-beneficios\/#breadcrumb","itemListElement":[{"@type":"ListItem","position":1,"name":"In\u00edcio","item":"https:\/\/www.vagadeempregorj.com.br\/"},{"@type":"ListItem","position":2,"name":"Benef\u00edcios Sociais","item":"https:\/\/www.vagadeempregorj.com.br\/beneficios-sociais\/"},{"@type":"ListItem","position":3,"name":"Cad\u00danico: Nova regra permite que mais pessoas recebam benef\u00edcios"}]},{"@type":"WebSite","@id":"https:\/\/www.vagadeempregorj.com.br\/#website","url":"https:\/\/www.vagadeempregorj.com.br\/","name":"","description":"Conquiste Sonhos: Vagas, Benef\u00edcios e Economia para Transformar Vidas e Alcan\u00e7ar Melhorias Cotidianas","potentialAction":[{"@type":"SearchAction","target":{"@type":"EntryPoint","urlTemplate":"https:\/\/www.vagadeempregorj.com.br\/?s={search_term_string}"},"query-input":{"@type":"PropertyValueSpecification","valueRequired":true,"valueName":"search_term_string"}}],"inLanguage":"fr-FR"},{"@type":"Person","@id":"https:\/\/www.vagadeempregorj.com.br\/#\/schema\/person\/3ddb19fa0539706786e502152f3aae95","name":"Michele","image":{"@type":"ImageObject","inLanguage":"fr-FR","@id":"https:\/\/secure.gravatar.com\/avatar\/6b0eb9d22841282815e2cd856a0061c45e1761cd54b22e952d98c4746939aa85?s=96&r=g","url":"https:\/\/secure.gravatar.com\/avatar\/6b0eb9d22841282815e2cd856a0061c45e1761cd54b22e952d98c4746939aa85?s=96&r=g","contentUrl":"https:\/\/secure.gravatar.com\/avatar\/6b0eb9d22841282815e2cd856a0061c45e1761cd54b22e952d98c4746939aa85?s=96&r=g","caption":"Michele"},"description":"Formada em Letras - Portugu\u00eas\/ Ingl\u00eas, e idealizadora do site Escritora de Sucesso, busca expandir o conhecimento de todos com informa\u00e7\u00f5es relevantes sobre diversos assuntos, enquanto redatora. No Vaga de Emprego RJ, traz oportunidades e dicas sobre o mercado de trabalho.","url":"https:\/\/www.vagadeempregorj.com.br\/fr\/author\/michele\/"}]}},"_links":{"self":[{"href":"https:\/\/www.vagadeempregorj.com.br\/fr\/wp-json\/wp\/v2\/posts\/42524","targetHints":{"allow":["GET"]}}],"collection":[{"href":"https:\/\/www.vagadeempregorj.com.br\/fr\/wp-json\/wp\/v2\/posts"}],"about":[{"href":"https:\/\/www.vagadeempregorj.com.br\/fr\/wp-json\/wp\/v2\/types\/post"}],"author":[{"embeddable":true,"href":"https:\/\/www.vagadeempregorj.com.br\/fr\/wp-json\/wp\/v2\/users\/16"}],"replies":[{"embeddable":true,"href":"https:\/\/www.vagadeempregorj.com.br\/fr\/wp-json\/wp\/v2\/comments?post=42524"}],"version-history":[{"count":0,"href":"https:\/\/www.vagadeempregorj.com.br\/fr\/wp-json\/wp\/v2\/posts\/42524\/revisions"}],"wp:featuredmedia":[{"embeddable":true,"href":"https:\/\/www.vagadeempregorj.com.br\/fr\/wp-json\/wp\/v2\/media\/42534"}],"wp:attachment":[{"href":"https:\/\/www.vagadeempregorj.com.br\/fr\/wp-json\/wp\/v2\/media?parent=42524"}],"wp:term":[{"taxonomy":"category","embeddable":true,"href":"https:\/\/www.vagadeempregorj.com.br\/fr\/wp-json\/wp\/v2\/categories?post=42524"},{"taxonomy":"post_tag","embeddable":true,"href":"https:\/\/www.vagadeempregorj.com.br\/fr\/wp-json\/wp\/v2\/tags?post=42524"}],"curies":[{"name":"wp","href":"https:\/\/api.w.org\/{rel}","templated":true}]}}