{"id":42557,"date":"2025-02-10T08:48:48","date_gmt":"2025-02-10T11:48:48","guid":{"rendered":"https:\/\/www.vagadeempregorj.com.br\/?p=42557"},"modified":"2025-02-10T08:48:49","modified_gmt":"2025-02-10T11:48:49","slug":"agencias-trabalhador-vagas-10-02","status":"publish","type":"post","link":"https:\/\/www.vagadeempregorj.com.br\/fr\/agencias-trabalhador-vagas-10-02\/","title":{"rendered":"228 vagas abertas nas Ag\u00eancias do Trabalhador nesta segunda-feira"},"content":{"rendered":"<p class=\"has-medium-font-size\">As Ag\u00eancias do Trabalhador iniciam a semana com 228 vagas dispon\u00edveis para quem busca uma coloca\u00e7\u00e3o no mercado de trabalho no Distrito Federal. Dessa forma, os interessados podem se candidatar j\u00e1 nesta segunda-feira (10\/2), seja de forma presencial, em qualquer uma das 14 unidades, ou pelo aplicativo Carteira Digital do Trabalho, na aba Emprego.<\/p>\n\n\n\n<h2 class=\"wp-block-heading\">Destaques das vagas dispon\u00edveis<\/h2>\n\n\n\n<p class=\"has-medium-font-size\">O cargo com a maior remunera\u00e7\u00e3o \u00e9 o de administrador, localizado no Lago Norte. Nesse sentido, h\u00e1 quatro vagas dispon\u00edveis para candidatos com ensino m\u00e9dio completo e experi\u00eancia na \u00e1rea. Al\u00e9m disso, o sal\u00e1rio oferecido \u00e9 de R$ 4.083.<\/p>\n\n\n\n<p class=\"has-medium-font-size\">A fun\u00e7\u00e3o com o maior n\u00famero de oportunidades \u00e9 a de auxiliar de limpeza, sem local de trabalho fixo. Por esse motivo, h\u00e1 30 vagas dispon\u00edveis para candidatos que tenham ao menos iniciado o ensino fundamental. Al\u00e9m disso, n\u00e3o \u00e9 necess\u00e1ria experi\u00eancia pr\u00e9via, e a remunera\u00e7\u00e3o oferecida \u00e9 de R$ 1.518.<\/p>\n\n\n\n<p class=\"has-medium-font-size\">H\u00e1 ainda vagas para diversas \u00e1reas, incluindo:<\/p>\n\n\n\n<ul class=\"wp-block-list\">\n<li class=\"has-medium-font-size\">Atendente de loja: 12 vagas, ensino m\u00e9dio completo, R$ 2.100;<\/li>\n\n\n\n<li class=\"has-medium-font-size\">Cozinheiro: 8 vagas, experi\u00eancia pr\u00e9via, R$ 2.500;<\/li>\n\n\n\n<li class=\"has-medium-font-size\">Motorista de caminh\u00e3o: 6 vagas, CNH categoria D, R$ 3.200.<\/li>\n<\/ul>\n\n\n\n<h2 class=\"wp-block-heading\">Como se cadastrar para as vagas<\/h2>\n\n\n\n<p class=\"has-medium-font-size\">Os interessados devem cadastrar o curr\u00edculo no aplicativo Carteira Digital do Trabalho, na aba Emprego. Al\u00e9m disso, tamb\u00e9m \u00e9 poss\u00edvel comparecer pessoalmente a uma das 14 Ag\u00eancias do Trabalhador, das 8h \u00e0s 17h, durante a semana.<\/p>\n\n\n\n<p class=\"has-medium-font-size\">Mesmo que nenhuma das vagas do dia seja do interesse do candidato, o cadastro permanece ativo para oportunidades futuras. O sistema cruza os dados dos candidatos com os perfis buscados pelas empresas, aumentando as chances de uma coloca\u00e7\u00e3o futura.<\/p>\n\n\n\n<h2 class=\"wp-block-heading\">Benef\u00edcios de utilizar as Ag\u00eancias do Trabalhador<\/h2>\n\n\n\n<p class=\"has-medium-font-size\">As Ag\u00eancias do Trabalhador oferecem um servi\u00e7o gratuito e acess\u00edvel para a popula\u00e7\u00e3o. Al\u00e9m do cadastramento para vagas de emprego, tamb\u00e9m auxiliam na emiss\u00e3o de carteiras de trabalho e orientam sobre direitos trabalhistas.<\/p>\n\n\n\n<p class=\"has-medium-font-size\">Candidatos tamb\u00e9m podem receber capacita\u00e7\u00f5es para aprimorar suas chances de contrata\u00e7\u00e3o. Oficinas de curr\u00edculo e simula\u00e7\u00f5es de entrevistas s\u00e3o oferecidas em algumas unidades.<\/p>\n\n\n\n<h2 class=\"wp-block-heading\">Cadastro de vagas por empregadores<\/h2>\n\n\n\n<p class=\"has-medium-font-size\">Empresas que desejam ofertar vagas ou utilizar o espa\u00e7o das Ag\u00eancias do Trabalhador para entrevistas podem se cadastrar diretamente em uma das unidades ou pelo aplicativo Carteira Digital do Trabalho.<\/p>\n\n\n\n<p class=\"has-medium-font-size\">Outra op\u00e7\u00e3o \u00e9 solicitar atendimento pelo e-mail gcv@setrab.df.gov.br. Al\u00e9m disso, o Canal do Empregador, no site da Secretaria de Desenvolvimento Econ\u00f4mico, Trabalho e Renda do Distrito Federal (Sedet-DF), est\u00e1 dispon\u00edvel para cadastramento e consultas.<\/p>\n\n\n\n<h2 class=\"wp-block-heading\">Import\u00e2ncia das Ag\u00eancias do Trabalhador para o mercado<\/h2>\n\n\n\n<p class=\"has-medium-font-size\">O servi\u00e7o prestado pelas Ag\u00eancias do Trabalhador \u00e9 fundamental para conectar empregadores e trabalhadores, reduzindo a taxa de desemprego e estimulando a economia local. Ao facilitar o acesso \u00e0s vagas, a popula\u00e7\u00e3o tem mais chances de ingressar ou retornar ao mercado de trabalho rapidamente.<\/p>\n\n\n\n<h2 class=\"wp-block-heading\">Conclus\u00e3o<\/h2>\n\n\n\n<p class=\"has-medium-font-size\">As Ag\u00eancias do Trabalhador continuam sendo uma importante ferramenta para quem busca emprego no Distrito Federal. Com 228 vagas abertas, h\u00e1 oportunidades para diferentes perfis e n\u00edveis de experi\u00eancia. O cadastro antecipado aumenta as chances de conseguir uma coloca\u00e7\u00e3o no mercado de trabalho. Fique atento e n\u00e3o perca essa chance!<\/p>\n\n\n\n<hr class=\"wp-block-separator has-alpha-channel-opacity\"\/>\n\n\n\n<p class=\"has-medium-font-size\"><a href=\"https:\/\/www.vagadeempregorj.com.br\/fr\/vagas-de-emprego-nacionais\/\">Como melhorar seu curr\u00edculo para conquistar um emprego.<\/a>Ag\u00eancias do Trabalhador<\/p>","protected":false},"excerpt":{"rendered":"<p>As Ag\u00eancias do Trabalhador iniciam a semana com 228 vagas dispon\u00edveis para quem busca uma coloca\u00e7\u00e3o no mercado de trabalho no Distrito Federal. Dessa forma, os interessados podem se candidatar j\u00e1 nesta segunda-feira (10\/2), seja de forma presencial, em qualquer uma das 14 unidades, ou pelo aplicativo Carteira Digital do Trabalho, na aba Emprego. Destaques&hellip;&nbsp;<\/p>","protected":false},"author":1,"featured_media":42558,"comment_status":"closed","ping_status":"closed","sticky":false,"template":"","format":"standard","meta":{"neve_meta_sidebar":"","neve_meta_container":"","neve_meta_enable_content_width":"","neve_meta_content_width":0,"neve_meta_title_alignment":"","neve_meta_author_avatar":"","neve_post_elements_order":"","neve_meta_disable_header":"","neve_meta_disable_footer":"","neve_meta_disable_title":"","footnotes":""},"categories":[123],"tags":[97,96,941,608,964],"class_list":["post-42557","post","type-post","status-publish","format-standard","has-post-thumbnail","hentry","category-vagas-de-emprego-nacionais","tag-distrito-federal","tag-emprego","tag-mercado-de-trabalho","tag-oportunidades","tag-vagas-de-trabalho"],"yoast_head":"<!-- This site is optimized with the Yoast SEO plugin v27.5 - https:\/\/yoast.com\/product\/yoast-seo-wordpress\/ -->\n<title>228 vagas abertas nas Ag\u00eancias do Trabalhador nesta segunda-feira -<\/title>\n<meta name=\"description\" content=\"As Ag\u00eancias do Trabalhador oferecem 228 vagas nesta segunda-feira (10\/2). Saiba como se candidatar e garantir sua oportunidade de emprego.\" \/>\n<meta name=\"robots\" content=\"index, follow, max-snippet:-1, max-image-preview:large, max-video-preview:-1\" \/>\n<link rel=\"canonical\" href=\"https:\/\/www.vagadeempregorj.com.br\/fr\/agencias-trabalhador-vagas-10-02\/\" \/>\n<meta property=\"og:locale\" content=\"fr_FR\" \/>\n<meta property=\"og:type\" content=\"article\" \/>\n<meta property=\"og:title\" content=\"228 vagas abertas nas Ag\u00eancias do Trabalhador nesta segunda-feira -\" \/>\n<meta property=\"og:description\" content=\"As Ag\u00eancias do Trabalhador oferecem 228 vagas nesta segunda-feira (10\/2). Saiba como se candidatar e garantir sua oportunidade de emprego.\" \/>\n<meta property=\"og:url\" content=\"https:\/\/www.vagadeempregorj.com.br\/fr\/agencias-trabalhador-vagas-10-02\/\" \/>\n<meta property=\"article:publisher\" content=\"https:\/\/www.facebook.com\/empregobrasiloficial\" \/>\n<meta property=\"article:published_time\" content=\"2025-02-10T11:48:48+00:00\" \/>\n<meta property=\"article:modified_time\" content=\"2025-02-10T11:48:49+00:00\" \/>\n<meta property=\"og:image\" content=\"https:\/\/www.vagadeempregorj.com.br\/wp-content\/uploads\/2025\/02\/Agencias-do-Trabalhador.jpeg\" \/>\n\t<meta property=\"og:image:width\" content=\"675\" \/>\n\t<meta property=\"og:image:height\" content=\"450\" \/>\n\t<meta property=\"og:image:type\" content=\"image\/jpeg\" \/>\n<meta name=\"author\" content=\"Ana B.\" \/>\n<meta name=\"twitter:card\" content=\"summary_large_image\" \/>\n<meta name=\"twitter:label1\" content=\"Written by\" \/>\n\t<meta name=\"twitter:data1\" content=\"Ana B.\" \/>\n\t<meta name=\"twitter:label2\" content=\"Est. reading time\" \/>\n\t<meta name=\"twitter:data2\" content=\"3 minutes\" \/>\n<script type=\"application\/ld+json\" class=\"yoast-schema-graph\">{\"@context\":\"https:\\\/\\\/schema.org\",\"@graph\":[{\"@type\":\"Article\",\"@id\":\"https:\\\/\\\/www.vagadeempregorj.com.br\\\/agencias-trabalhador-vagas-10-02\\\/#article\",\"isPartOf\":{\"@id\":\"https:\\\/\\\/www.vagadeempregorj.com.br\\\/agencias-trabalhador-vagas-10-02\\\/\"},\"author\":{\"name\":\"Ana B.\",\"@id\":\"https:\\\/\\\/www.vagadeempregorj.com.br\\\/#\\\/schema\\\/person\\\/c0c38d5d765e86c3b7c8f12fb1ae6477\"},\"headline\":\"228 vagas abertas nas Ag\u00eancias do Trabalhador nesta segunda-feira\",\"datePublished\":\"2025-02-10T11:48:48+00:00\",\"dateModified\":\"2025-02-10T11:48:49+00:00\",\"mainEntityOfPage\":{\"@id\":\"https:\\\/\\\/www.vagadeempregorj.com.br\\\/agencias-trabalhador-vagas-10-02\\\/\"},\"wordCount\":563,\"image\":{\"@id\":\"https:\\\/\\\/www.vagadeempregorj.com.br\\\/agencias-trabalhador-vagas-10-02\\\/#primaryimage\"},\"thumbnailUrl\":\"https:\\\/\\\/www.vagadeempregorj.com.br\\\/wp-content\\\/uploads\\\/2025\\\/02\\\/Agencias-do-Trabalhador.jpeg\",\"keywords\":[\"distrito federal\",\"emprego\",\"mercado de trabalho\",\"oportunidades\",\"Vagas de trabalho\"],\"articleSection\":[\"Vagas de Emprego Nacionais\"],\"inLanguage\":\"fr-FR\"},{\"@type\":\"WebPage\",\"@id\":\"https:\\\/\\\/www.vagadeempregorj.com.br\\\/agencias-trabalhador-vagas-10-02\\\/\",\"url\":\"https:\\\/\\\/www.vagadeempregorj.com.br\\\/agencias-trabalhador-vagas-10-02\\\/\",\"name\":\"228 vagas abertas nas Ag\u00eancias do Trabalhador nesta segunda-feira -\",\"isPartOf\":{\"@id\":\"https:\\\/\\\/www.vagadeempregorj.com.br\\\/#website\"},\"primaryImageOfPage\":{\"@id\":\"https:\\\/\\\/www.vagadeempregorj.com.br\\\/agencias-trabalhador-vagas-10-02\\\/#primaryimage\"},\"image\":{\"@id\":\"https:\\\/\\\/www.vagadeempregorj.com.br\\\/agencias-trabalhador-vagas-10-02\\\/#primaryimage\"},\"thumbnailUrl\":\"https:\\\/\\\/www.vagadeempregorj.com.br\\\/wp-content\\\/uploads\\\/2025\\\/02\\\/Agencias-do-Trabalhador.jpeg\",\"datePublished\":\"2025-02-10T11:48:48+00:00\",\"dateModified\":\"2025-02-10T11:48:49+00:00\",\"author\":{\"@id\":\"https:\\\/\\\/www.vagadeempregorj.com.br\\\/#\\\/schema\\\/person\\\/c0c38d5d765e86c3b7c8f12fb1ae6477\"},\"description\":\"As Ag\u00eancias do Trabalhador oferecem 228 vagas nesta segunda-feira (10\\\/2). Saiba como se candidatar e garantir sua oportunidade de emprego.\",\"breadcrumb\":{\"@id\":\"https:\\\/\\\/www.vagadeempregorj.com.br\\\/agencias-trabalhador-vagas-10-02\\\/#breadcrumb\"},\"inLanguage\":\"fr-FR\",\"potentialAction\":[{\"@type\":\"ReadAction\",\"target\":[\"https:\\\/\\\/www.vagadeempregorj.com.br\\\/agencias-trabalhador-vagas-10-02\\\/\"]}]},{\"@type\":\"ImageObject\",\"inLanguage\":\"fr-FR\",\"@id\":\"https:\\\/\\\/www.vagadeempregorj.com.br\\\/agencias-trabalhador-vagas-10-02\\\/#primaryimage\",\"url\":\"https:\\\/\\\/www.vagadeempregorj.com.br\\\/wp-content\\\/uploads\\\/2025\\\/02\\\/Agencias-do-Trabalhador.jpeg\",\"contentUrl\":\"https:\\\/\\\/www.vagadeempregorj.com.br\\\/wp-content\\\/uploads\\\/2025\\\/02\\\/Agencias-do-Trabalhador.jpeg\",\"width\":675,\"height\":450,\"caption\":\"Ag\u00eancias do Trabalhador\"},{\"@type\":\"BreadcrumbList\",\"@id\":\"https:\\\/\\\/www.vagadeempregorj.com.br\\\/agencias-trabalhador-vagas-10-02\\\/#breadcrumb\",\"itemListElement\":[{\"@type\":\"ListItem\",\"position\":1,\"name\":\"In\u00edcio\",\"item\":\"https:\\\/\\\/www.vagadeempregorj.com.br\\\/\"},{\"@type\":\"ListItem\",\"position\":2,\"name\":\"Vagas de Emprego Nacionais\",\"item\":\"https:\\\/\\\/www.vagadeempregorj.com.br\\\/vagas-de-emprego-nacionais\\\/\"},{\"@type\":\"ListItem\",\"position\":3,\"name\":\"228 vagas abertas nas Ag\u00eancias do Trabalhador nesta segunda-feira\"}]},{\"@type\":\"WebSite\",\"@id\":\"https:\\\/\\\/www.vagadeempregorj.com.br\\\/#website\",\"url\":\"https:\\\/\\\/www.vagadeempregorj.com.br\\\/\",\"name\":\"\",\"description\":\"Conquiste Sonhos: Vagas, Benef\u00edcios e Economia para Transformar Vidas e Alcan\u00e7ar Melhorias Cotidianas\",\"potentialAction\":[{\"@type\":\"SearchAction\",\"target\":{\"@type\":\"EntryPoint\",\"urlTemplate\":\"https:\\\/\\\/www.vagadeempregorj.com.br\\\/?s={search_term_string}\"},\"query-input\":{\"@type\":\"PropertyValueSpecification\",\"valueRequired\":true,\"valueName\":\"search_term_string\"}}],\"inLanguage\":\"fr-FR\"},{\"@type\":\"Person\",\"@id\":\"https:\\\/\\\/www.vagadeempregorj.com.br\\\/#\\\/schema\\\/person\\\/c0c38d5d765e86c3b7c8f12fb1ae6477\",\"name\":\"Ana B.\",\"image\":{\"@type\":\"ImageObject\",\"inLanguage\":\"fr-FR\",\"@id\":\"https:\\\/\\\/secure.gravatar.com\\\/avatar\\\/f5efa58599e07f8dd92f26c7cfbc442fd115582bc681245452e503c2ef2334f3?s=96&r=g\",\"url\":\"https:\\\/\\\/secure.gravatar.com\\\/avatar\\\/f5efa58599e07f8dd92f26c7cfbc442fd115582bc681245452e503c2ef2334f3?s=96&r=g\",\"contentUrl\":\"https:\\\/\\\/secure.gravatar.com\\\/avatar\\\/f5efa58599e07f8dd92f26c7cfbc442fd115582bc681245452e503c2ef2334f3?s=96&r=g\",\"caption\":\"Ana B.\"},\"description\":\"Meu nome \u00e9 Ana e sou apaixonada em escrever. Dedico meu tempo escrevendo not\u00edcias e vagas de emprego diariamente no portal Vaga de Emprego RJ.\",\"url\":\"https:\\\/\\\/www.vagadeempregorj.com.br\\\/fr\\\/author\\\/vgrj\\\/\"}]}<\/script>\n<!-- \/ Yoast SEO plugin. -->","yoast_head_json":{"title":"228 vagas abertas nas Ag\u00eancias do Trabalhador nesta segunda-feira -","description":"As Ag\u00eancias do Trabalhador oferecem 228 vagas nesta segunda-feira (10\/2). Saiba como se candidatar e garantir sua oportunidade de emprego.","robots":{"index":"index","follow":"follow","max-snippet":"max-snippet:-1","max-image-preview":"max-image-preview:large","max-video-preview":"max-video-preview:-1"},"canonical":"https:\/\/www.vagadeempregorj.com.br\/fr\/agencias-trabalhador-vagas-10-02\/","og_locale":"fr_FR","og_type":"article","og_title":"228 vagas abertas nas Ag\u00eancias do Trabalhador nesta segunda-feira -","og_description":"As Ag\u00eancias do Trabalhador oferecem 228 vagas nesta segunda-feira (10\/2). Saiba como se candidatar e garantir sua oportunidade de emprego.","og_url":"https:\/\/www.vagadeempregorj.com.br\/fr\/agencias-trabalhador-vagas-10-02\/","article_publisher":"https:\/\/www.facebook.com\/empregobrasiloficial","article_published_time":"2025-02-10T11:48:48+00:00","article_modified_time":"2025-02-10T11:48:49+00:00","og_image":[{"width":675,"height":450,"url":"https:\/\/www.vagadeempregorj.com.br\/wp-content\/uploads\/2025\/02\/Agencias-do-Trabalhador.jpeg","type":"image\/jpeg"}],"author":"Ana B.","twitter_card":"summary_large_image","twitter_misc":{"Written by":"Ana B.","Est. reading time":"3 minutes"},"schema":{"@context":"https:\/\/schema.org","@graph":[{"@type":"Article","@id":"https:\/\/www.vagadeempregorj.com.br\/agencias-trabalhador-vagas-10-02\/#article","isPartOf":{"@id":"https:\/\/www.vagadeempregorj.com.br\/agencias-trabalhador-vagas-10-02\/"},"author":{"name":"Ana B.","@id":"https:\/\/www.vagadeempregorj.com.br\/#\/schema\/person\/c0c38d5d765e86c3b7c8f12fb1ae6477"},"headline":"228 vagas abertas nas Ag\u00eancias do Trabalhador nesta segunda-feira","datePublished":"2025-02-10T11:48:48+00:00","dateModified":"2025-02-10T11:48:49+00:00","mainEntityOfPage":{"@id":"https:\/\/www.vagadeempregorj.com.br\/agencias-trabalhador-vagas-10-02\/"},"wordCount":563,"image":{"@id":"https:\/\/www.vagadeempregorj.com.br\/agencias-trabalhador-vagas-10-02\/#primaryimage"},"thumbnailUrl":"https:\/\/www.vagadeempregorj.com.br\/wp-content\/uploads\/2025\/02\/Agencias-do-Trabalhador.jpeg","keywords":["distrito federal","emprego","mercado de trabalho","oportunidades","Vagas de trabalho"],"articleSection":["Vagas de Emprego Nacionais"],"inLanguage":"fr-FR"},{"@type":"WebPage","@id":"https:\/\/www.vagadeempregorj.com.br\/agencias-trabalhador-vagas-10-02\/","url":"https:\/\/www.vagadeempregorj.com.br\/agencias-trabalhador-vagas-10-02\/","name":"228 vagas abertas nas Ag\u00eancias do Trabalhador nesta segunda-feira -","isPartOf":{"@id":"https:\/\/www.vagadeempregorj.com.br\/#website"},"primaryImageOfPage":{"@id":"https:\/\/www.vagadeempregorj.com.br\/agencias-trabalhador-vagas-10-02\/#primaryimage"},"image":{"@id":"https:\/\/www.vagadeempregorj.com.br\/agencias-trabalhador-vagas-10-02\/#primaryimage"},"thumbnailUrl":"https:\/\/www.vagadeempregorj.com.br\/wp-content\/uploads\/2025\/02\/Agencias-do-Trabalhador.jpeg","datePublished":"2025-02-10T11:48:48+00:00","dateModified":"2025-02-10T11:48:49+00:00","author":{"@id":"https:\/\/www.vagadeempregorj.com.br\/#\/schema\/person\/c0c38d5d765e86c3b7c8f12fb1ae6477"},"description":"As Ag\u00eancias do Trabalhador oferecem 228 vagas nesta segunda-feira (10\/2). Saiba como se candidatar e garantir sua oportunidade de emprego.","breadcrumb":{"@id":"https:\/\/www.vagadeempregorj.com.br\/agencias-trabalhador-vagas-10-02\/#breadcrumb"},"inLanguage":"fr-FR","potentialAction":[{"@type":"ReadAction","target":["https:\/\/www.vagadeempregorj.com.br\/agencias-trabalhador-vagas-10-02\/"]}]},{"@type":"ImageObject","inLanguage":"fr-FR","@id":"https:\/\/www.vagadeempregorj.com.br\/agencias-trabalhador-vagas-10-02\/#primaryimage","url":"https:\/\/www.vagadeempregorj.com.br\/wp-content\/uploads\/2025\/02\/Agencias-do-Trabalhador.jpeg","contentUrl":"https:\/\/www.vagadeempregorj.com.br\/wp-content\/uploads\/2025\/02\/Agencias-do-Trabalhador.jpeg","width":675,"height":450,"caption":"Ag\u00eancias do Trabalhador"},{"@type":"BreadcrumbList","@id":"https:\/\/www.vagadeempregorj.com.br\/agencias-trabalhador-vagas-10-02\/#breadcrumb","itemListElement":[{"@type":"ListItem","position":1,"name":"In\u00edcio","item":"https:\/\/www.vagadeempregorj.com.br\/"},{"@type":"ListItem","position":2,"name":"Vagas de Emprego Nacionais","item":"https:\/\/www.vagadeempregorj.com.br\/vagas-de-emprego-nacionais\/"},{"@type":"ListItem","position":3,"name":"228 vagas abertas nas Ag\u00eancias do Trabalhador nesta segunda-feira"}]},{"@type":"WebSite","@id":"https:\/\/www.vagadeempregorj.com.br\/#website","url":"https:\/\/www.vagadeempregorj.com.br\/","name":"","description":"Conquiste Sonhos: Vagas, Benef\u00edcios e Economia para Transformar Vidas e Alcan\u00e7ar Melhorias Cotidianas","potentialAction":[{"@type":"SearchAction","target":{"@type":"EntryPoint","urlTemplate":"https:\/\/www.vagadeempregorj.com.br\/?s={search_term_string}"},"query-input":{"@type":"PropertyValueSpecification","valueRequired":true,"valueName":"search_term_string"}}],"inLanguage":"fr-FR"},{"@type":"Person","@id":"https:\/\/www.vagadeempregorj.com.br\/#\/schema\/person\/c0c38d5d765e86c3b7c8f12fb1ae6477","name":"Ana B.","image":{"@type":"ImageObject","inLanguage":"fr-FR","@id":"https:\/\/secure.gravatar.com\/avatar\/f5efa58599e07f8dd92f26c7cfbc442fd115582bc681245452e503c2ef2334f3?s=96&r=g","url":"https:\/\/secure.gravatar.com\/avatar\/f5efa58599e07f8dd92f26c7cfbc442fd115582bc681245452e503c2ef2334f3?s=96&r=g","contentUrl":"https:\/\/secure.gravatar.com\/avatar\/f5efa58599e07f8dd92f26c7cfbc442fd115582bc681245452e503c2ef2334f3?s=96&r=g","caption":"Ana B."},"description":"Meu nome \u00e9 Ana e sou apaixonada em escrever. Dedico meu tempo escrevendo not\u00edcias e vagas de emprego diariamente no portal Vaga de Emprego RJ.","url":"https:\/\/www.vagadeempregorj.com.br\/fr\/author\/vgrj\/"}]}},"_links":{"self":[{"href":"https:\/\/www.vagadeempregorj.com.br\/fr\/wp-json\/wp\/v2\/posts\/42557","targetHints":{"allow":["GET"]}}],"collection":[{"href":"https:\/\/www.vagadeempregorj.com.br\/fr\/wp-json\/wp\/v2\/posts"}],"about":[{"href":"https:\/\/www.vagadeempregorj.com.br\/fr\/wp-json\/wp\/v2\/types\/post"}],"author":[{"embeddable":true,"href":"https:\/\/www.vagadeempregorj.com.br\/fr\/wp-json\/wp\/v2\/users\/1"}],"replies":[{"embeddable":true,"href":"https:\/\/www.vagadeempregorj.com.br\/fr\/wp-json\/wp\/v2\/comments?post=42557"}],"version-history":[{"count":0,"href":"https:\/\/www.vagadeempregorj.com.br\/fr\/wp-json\/wp\/v2\/posts\/42557\/revisions"}],"wp:featuredmedia":[{"embeddable":true,"href":"https:\/\/www.vagadeempregorj.com.br\/fr\/wp-json\/wp\/v2\/media\/42558"}],"wp:attachment":[{"href":"https:\/\/www.vagadeempregorj.com.br\/fr\/wp-json\/wp\/v2\/media?parent=42557"}],"wp:term":[{"taxonomy":"category","embeddable":true,"href":"https:\/\/www.vagadeempregorj.com.br\/fr\/wp-json\/wp\/v2\/categories?post=42557"},{"taxonomy":"post_tag","embeddable":true,"href":"https:\/\/www.vagadeempregorj.com.br\/fr\/wp-json\/wp\/v2\/tags?post=42557"}],"curies":[{"name":"wp","href":"https:\/\/api.w.org\/{rel}","templated":true}]}}