{"id":42571,"date":"2025-02-14T08:56:21","date_gmt":"2025-02-14T11:56:21","guid":{"rendered":"https:\/\/www.vagadeempregorj.com.br\/?p=42571"},"modified":"2025-02-14T08:56:22","modified_gmt":"2025-02-14T11:56:22","slug":"trabalho-brasileiros-europa","status":"publish","type":"post","link":"https:\/\/www.vagadeempregorj.com.br\/fr\/trabalho-brasileiros-europa\/","title":{"rendered":"Trabalho para brasileiros na Europa: 20 vagas abertas"},"content":{"rendered":"<p class=\"has-medium-font-size\">Encontrar um <strong>trabalho para brasileiros na Europa<\/strong> pode ser um desafio, mas a Rede Europeia de Emprego (Eures) est\u00e1 com diversas oportunidades dispon\u00edveis. Com vagas em pa\u00edses como B\u00e9lgica, Malta, Est\u00f4nia, Fran\u00e7a e Irlanda, os sal\u00e1rios podem chegar a R$ 20 mil.<\/p>\n\n\n\n<h2 class=\"wp-block-heading\">O que \u00e9 a Rede Europeia de Emprego?<\/h2>\n\n\n\n<p class=\"has-medium-font-size\"><strong>Eures<\/strong> re\u00fane oportunidades de trabalho em 31 pa\u00edses do Espa\u00e7o Econ\u00f4mico Europeu (EEE), al\u00e9m de Noruega, Liechtenstein, Isl\u00e2ndia e Su\u00ed\u00e7a. Desde sua cria\u00e7\u00e3o em 1994, a plataforma tem o objetivo de conectar empregadores a profissionais estrangeiros qualificados. Portanto, se voc\u00ea deseja acessar as vagas dispon\u00edveis, basta cadastrar seu curr\u00edculo no site da <strong>Eures<\/strong>. Dessa forma, suas chances de encontrar uma posi\u00e7\u00e3o adequada aumentam significativamente.<\/p>\n\n\n\n<h2 class=\"wp-block-heading\">Benef\u00edcios de trabalhar na Europa<\/h2>\n\n\n\n<p class=\"has-medium-font-size\">Trabalhar na Europa pode trazer diversas vantagens, como sal\u00e1rios competitivos, qualidade de vida e experi\u00eancia internacional. Al\u00e9m disso, alguns pa\u00edses oferecem suporte para integra\u00e7\u00e3o de estrangeiros, incluindo aulas de idioma e benef\u00edcios trabalhistas.<\/p>\n\n\n\n<h2 class=\"wp-block-heading\">Vagas dispon\u00edveis por pa\u00eds<\/h2>\n\n\n\n<p class=\"has-medium-font-size\">Confira algumas das principais vagas abertas para brasileiros na Europa:<\/p>\n\n\n\n<h3 class=\"wp-block-heading\"><strong><strong>Irlanda \u2013 Representante Comercial<\/strong><\/strong><\/h3>\n\n\n\n<ul class=\"wp-block-list\">\n<li class=\"has-medium-font-size\">Sal\u00e1rio: 2.800 euros\/m\u00eas (~R$ 16,8 mil)<\/li>\n\n\n\n<li class=\"has-medium-font-size\"><strong>Requisitos:<\/strong> Ingl\u00eas fluente e pelo menos dois anos de experi\u00eancia em vendas<\/li>\n\n\n\n<li class=\"has-medium-font-size\">Carga hor\u00e1ria: 40 horas semanais<\/li>\n<\/ul>\n\n\n\n<h3 class=\"wp-block-heading\"><strong>B\u00e9lgica: Churrasqueiro a carv\u00e3o<\/strong><\/h3>\n\n\n\n<ul class=\"wp-block-list\">\n<li class=\"has-medium-font-size\">Localiza\u00e7\u00e3o: Tongeren, regi\u00e3o da Flandres<\/li>\n\n\n\n<li class=\"has-medium-font-size\"><strong>Requisitos:<\/strong> Experi\u00eancia com churrasco brasileiro e n\u00edvel intermedi\u00e1rio de holand\u00eas<\/li>\n\n\n\n<li class=\"has-medium-font-size\">Sal\u00e1rio: N\u00e3o divulgado<\/li>\n<\/ul>\n\n\n\n<h3 class=\"wp-block-heading\"><strong>Fran\u00e7a: Chef de cozinha<\/strong><\/h3>\n\n\n\n<ul class=\"wp-block-list\">\n<li class=\"has-medium-font-size\">Localiza\u00e7\u00e3o: R\u00f3dano, Nantes e Orleans<\/li>\n\n\n\n<li class=\"has-medium-font-size\"><strong>Requisitos:<\/strong> Forma\u00e7\u00e3o em gastronomia e franc\u00eas b\u00e1sico (em Orleans, obrigat\u00f3rio)<\/li>\n\n\n\n<li class=\"has-medium-font-size\">Sal\u00e1rio m\u00e9dio: 2.400 euros\/m\u00eas (~R$ 14,4 mil)<\/li>\n<\/ul>\n\n\n\n<h3 class=\"wp-block-heading\"><strong>Fran\u00e7a: Assistente de cozinha<\/strong><\/h3>\n\n\n\n<ul class=\"wp-block-list\">\n<li class=\"has-medium-font-size\">Localiza\u00e7\u00e3o: Bordeaux<\/li>\n\n\n\n<li class=\"has-medium-font-size\">Requisitos: Experi\u00eancia em cozinha profissional<\/li>\n\n\n\n<li class=\"has-medium-font-size\">Sal\u00e1rio m\u00e9dio: 2.200 euros\/m\u00eas (~R$ 13,1 mil)<\/li>\n<\/ul>\n\n\n\n<h3 class=\"wp-block-heading\"><strong>Est\u00f4nia: Chef de cozinha para embaixada<\/strong><\/h3>\n\n\n\n<ul class=\"wp-block-list\">\n<li class=\"has-medium-font-size\">Localiza\u00e7\u00e3o: Tallinn<\/li>\n\n\n\n<li class=\"has-medium-font-size\">Requisitos: Visto de resid\u00eancia na Est\u00f4nia, ingl\u00eas avan\u00e7ado e no\u00e7\u00f5es do idioma local<\/li>\n\n\n\n<li class=\"has-medium-font-size\">Sal\u00e1rio m\u00e9dio: 980 euros\/m\u00eas (~R$ 5,8 mil)<\/li>\n<\/ul>\n\n\n\n<h3 class=\"wp-block-heading\"><strong>Malta: Operador de call center<\/strong><\/h3>\n\n\n\n<ul class=\"wp-block-list\">\n<li class=\"has-medium-font-size\">Localiza\u00e7\u00e3o: Valetta<\/li>\n\n\n\n<li class=\"has-medium-font-size\">Requisitos: Ingl\u00eas fluente<\/li>\n\n\n\n<li class=\"has-medium-font-size\">Sal\u00e1rio: 1.500 euros\/m\u00eas (~R$ 8,9 mil)<\/li>\n<\/ul>\n\n\n\n<p class=\"has-medium-font-size\">Al\u00e9m disso, \u00e9 importante ressaltar que essas oportunidades s\u00e3o ideais para quem busca uma experi\u00eancia internacional. Portanto, se voc\u00ea atende aos requisitos, n\u00e3o perca tempo e candidate-se o quanto antes.<\/p>\n\n\n\n<h2 class=\"wp-block-heading\">Outras oportunidades para falantes de portugu\u00eas<\/h2>\n\n\n\n<p class=\"has-medium-font-size\">Al\u00e9m dessas vagas, h\u00e1 oportunidades para quem fala portugu\u00eas:<\/p>\n\n\n\n<h3 class=\"wp-block-heading\"><strong>Fran\u00e7a: Gar\u00e7om\/Gar\u00e7onete<\/strong><\/h3>\n\n\n\n<ul class=\"wp-block-list\">\n<li class=\"has-medium-font-size\">Localiza\u00e7\u00e3o: Metz<\/li>\n\n\n\n<li class=\"has-medium-font-size\">Requisitos: Experi\u00eancia m\u00ednima de seis meses e flu\u00eancia em portugu\u00eas<\/li>\n\n\n\n<li class=\"has-medium-font-size\">Sal\u00e1rio: 1.950 euros\/m\u00eas (~R$ 11,6 mil)<\/li>\n<\/ul>\n\n\n\n<h3 class=\"wp-block-heading\"><strong>Gr\u00e9cia: Gerente de vendas<\/strong><\/h3>\n\n\n\n<ul class=\"wp-block-list\">\n<li class=\"has-medium-font-size\">Requisitos: Ingl\u00eas fluente e experi\u00eancia em vendas<\/li>\n\n\n\n<li class=\"has-medium-font-size\">Sal\u00e1rio: 1.400 euros\/m\u00eas (~R$ 8,3 mil) + comiss\u00f5es<\/li>\n<\/ul>\n\n\n\n<h3 class=\"wp-block-heading\"><strong>Pa\u00eds n\u00e3o especificado: Gerente de pr\u00e1tica<\/strong><\/h3>\n\n\n\n<ul class=\"wp-block-list\">\n<li class=\"has-medium-font-size\"><strong>Requisitos:<\/strong> Experi\u00eancia em gest\u00e3o administrativa de cl\u00ednicas e atendimento ao p\u00fablico lus\u00f3fono.<\/li>\n\n\n\n<li class=\"has-medium-font-size\">Sal\u00e1rio: 3.400 euros\/m\u00eas (~R$ 20,2 mil)<\/li>\n<\/ul>\n\n\n\n<h2 class=\"wp-block-heading\">Como se preparar para trabalhar na Europa?<\/h2>\n\n\n\n<p class=\"has-medium-font-size\">Para conseguir um trabalho para brasileiros na Europa, \u00e9 essencial preparar-se bem. Por isso, aqui est\u00e3o algumas dicas importantes:<\/p>\n\n\n\n<ul class=\"wp-block-list\">\n<li class=\"has-medium-font-size\"><strong>Aprimore o idioma:<\/strong> Ter flu\u00eancia no ingl\u00eas ou no idioma local, sem d\u00favida, aumenta suas chances de contrata\u00e7\u00e3o.<\/li>\n\n\n\n<li class=\"has-medium-font-size\"><strong>Atualize seu curr\u00edculo:<\/strong> Al\u00e9m de incluir experi\u00eancia internacional, \u00e9 importante destacar habilidades relevantes para o cargo desejado.<\/li>\n\n\n\n<li class=\"has-medium-font-size\"><strong>Pesquise sobre o pa\u00eds:<\/strong> Antes de se mudar, informe-se sobre as leis trabalhistas, o custo de vida e a cultura local. Dessa forma, voc\u00ea evita surpresas.<\/li>\n\n\n\n<li class=\"has-medium-font-size\"><strong>Considere vistos e permiss\u00f5es:<\/strong> Antes de se candidatar, \u00e9 fundamental verificar se \u00e9 necess\u00e1rio um visto de trabalho. Caso contr\u00e1rio, seu processo de contrata\u00e7\u00e3o pode ser inviabilizado.<\/li>\n<\/ul>\n\n\n\n<h2 class=\"wp-block-heading\">Como se candidatar?<\/h2>\n\n\n\n<p class=\"has-medium-font-size\">Para se candidatar a uma dessas vagas, o primeiro passo \u00e9 acessar o site da <strong>Eures<\/strong>, cadastrar seu curr\u00edculo e acompanhar as novas oportunidades. Al\u00e9m disso, dominar o idioma local ou, ao menos, o ingl\u00eas, pode aumentar consideravelmente suas chances de ser selecionado.<\/p>\n\n\n\n<h2 class=\"wp-block-heading\">Conclus\u00e3o<\/h2>\n\n\n\n<p class=\"has-medium-font-size\">O trabalho para brasileiros na Europa est\u00e1 dispon\u00edvel em diversas \u00e1reas e pa\u00edses. Portanto, se voc\u00ea deseja viver essa experi\u00eancia internacional, \u00e9 fundamental preparar seu curr\u00edculo e, em seguida, conferir as vagas abertas. Al\u00e9m disso, manter-se atualizado sobre os requisitos de cada pa\u00eds pode aumentar suas chances de sucesso.<\/p>\n\n\n\n<hr class=\"wp-block-separator has-alpha-channel-opacity\"\/>\n\n\n\n<p class=\"has-medium-font-size\"><a href=\"https:\/\/www.vagadeempregorj.com.br\/fr\/vagas-de-emprego-nacionais\/\">Como validar diploma brasileiro para trabalhar na Europa.<\/a><\/p>","protected":false},"excerpt":{"rendered":"<p>Encontrar um trabalho para brasileiros na Europa pode ser um desafio, mas a Rede Europeia de Emprego (Eures) est\u00e1 com diversas oportunidades dispon\u00edveis. Com vagas em pa\u00edses como B\u00e9lgica, Malta, Est\u00f4nia, Fran\u00e7a e Irlanda, os sal\u00e1rios podem chegar a R$ 20 mil. O que \u00e9 a Rede Europeia de Emprego? Eures re\u00fane oportunidades de trabalho&hellip;&nbsp;<\/p>","protected":false},"author":1,"featured_media":42572,"comment_status":"closed","ping_status":"closed","sticky":false,"template":"","format":"standard","meta":{"neve_meta_sidebar":"","neve_meta_container":"","neve_meta_enable_content_width":"","neve_meta_content_width":0,"neve_meta_title_alignment":"","neve_meta_author_avatar":"","neve_post_elements_order":"","neve_meta_disable_header":"","neve_meta_disable_footer":"","neve_meta_disable_title":"","footnotes":""},"categories":[123],"tags":[1044,1047,1045,1043,1046],"class_list":["post-42571","post","type-post","status-publish","format-standard","has-post-thumbnail","hentry","category-vagas-de-emprego-nacionais","tag-brasileiros-no-exterior","tag-carreiras-globais","tag-empregos-na-europa","tag-trabalho-no-exterior","tag-vagas-internacionais"],"yoast_head":"<!-- This site is optimized with the Yoast SEO plugin v27.5 - https:\/\/yoast.com\/product\/yoast-seo-wordpress\/ -->\n<title>Trabalho para brasileiros na Europa: 20 vagas abertas -<\/title>\n<meta name=\"description\" content=\"Descubra 20 vagas de trabalho para brasileiros na Europa com sal\u00e1rios de at\u00e9 R$ 20 mil. Confira os requisitos e como se candidatar.\" \/>\n<meta name=\"robots\" content=\"index, follow, max-snippet:-1, max-image-preview:large, max-video-preview:-1\" \/>\n<link rel=\"canonical\" href=\"https:\/\/www.vagadeempregorj.com.br\/fr\/trabalho-brasileiros-europa\/\" \/>\n<meta property=\"og:locale\" content=\"fr_FR\" \/>\n<meta property=\"og:type\" content=\"article\" \/>\n<meta property=\"og:title\" content=\"Trabalho para brasileiros na Europa: 20 vagas abertas -\" \/>\n<meta property=\"og:description\" content=\"Descubra 20 vagas de trabalho para brasileiros na Europa com sal\u00e1rios de at\u00e9 R$ 20 mil. Confira os requisitos e como se candidatar.\" \/>\n<meta property=\"og:url\" content=\"https:\/\/www.vagadeempregorj.com.br\/fr\/trabalho-brasileiros-europa\/\" \/>\n<meta property=\"article:publisher\" content=\"https:\/\/www.facebook.com\/empregobrasiloficial\" \/>\n<meta property=\"article:published_time\" content=\"2025-02-14T11:56:21+00:00\" \/>\n<meta property=\"article:modified_time\" content=\"2025-02-14T11:56:22+00:00\" \/>\n<meta property=\"og:image\" content=\"https:\/\/www.vagadeempregorj.com.br\/wp-content\/uploads\/2025\/02\/bandeira-da-uniao-europeia-1586983407962_v2_450x450.jpg.webp\" \/>\n\t<meta property=\"og:image:width\" content=\"450\" \/>\n\t<meta property=\"og:image:height\" content=\"450\" \/>\n\t<meta property=\"og:image:type\" content=\"image\/webp\" \/>\n<meta name=\"author\" content=\"Ana B.\" \/>\n<meta name=\"twitter:card\" content=\"summary_large_image\" \/>\n<meta name=\"twitter:label1\" content=\"Written by\" \/>\n\t<meta name=\"twitter:data1\" content=\"Ana B.\" \/>\n\t<meta name=\"twitter:label2\" content=\"Est. reading time\" \/>\n\t<meta name=\"twitter:data2\" content=\"4 minutes\" \/>\n<script type=\"application\/ld+json\" class=\"yoast-schema-graph\">{\"@context\":\"https:\\\/\\\/schema.org\",\"@graph\":[{\"@type\":\"Article\",\"@id\":\"https:\\\/\\\/www.vagadeempregorj.com.br\\\/trabalho-brasileiros-europa\\\/#article\",\"isPartOf\":{\"@id\":\"https:\\\/\\\/www.vagadeempregorj.com.br\\\/trabalho-brasileiros-europa\\\/\"},\"author\":{\"name\":\"Ana B.\",\"@id\":\"https:\\\/\\\/www.vagadeempregorj.com.br\\\/#\\\/schema\\\/person\\\/c0c38d5d765e86c3b7c8f12fb1ae6477\"},\"headline\":\"Trabalho para brasileiros na Europa: 20 vagas abertas\",\"datePublished\":\"2025-02-14T11:56:21+00:00\",\"dateModified\":\"2025-02-14T11:56:22+00:00\",\"mainEntityOfPage\":{\"@id\":\"https:\\\/\\\/www.vagadeempregorj.com.br\\\/trabalho-brasileiros-europa\\\/\"},\"wordCount\":742,\"image\":{\"@id\":\"https:\\\/\\\/www.vagadeempregorj.com.br\\\/trabalho-brasileiros-europa\\\/#primaryimage\"},\"thumbnailUrl\":\"https:\\\/\\\/www.vagadeempregorj.com.br\\\/wp-content\\\/uploads\\\/2025\\\/02\\\/bandeira-da-uniao-europeia-1586983407962_v2_450x450.jpg.webp\",\"keywords\":[\"brasileiros no exterior\",\"carreiras globais\",\"empregos na Europa\",\"trabalho no exterior\",\"vagas internacionais\"],\"articleSection\":[\"Vagas de Emprego Nacionais\"],\"inLanguage\":\"fr-FR\"},{\"@type\":\"WebPage\",\"@id\":\"https:\\\/\\\/www.vagadeempregorj.com.br\\\/trabalho-brasileiros-europa\\\/\",\"url\":\"https:\\\/\\\/www.vagadeempregorj.com.br\\\/trabalho-brasileiros-europa\\\/\",\"name\":\"Trabalho para brasileiros na Europa: 20 vagas abertas -\",\"isPartOf\":{\"@id\":\"https:\\\/\\\/www.vagadeempregorj.com.br\\\/#website\"},\"primaryImageOfPage\":{\"@id\":\"https:\\\/\\\/www.vagadeempregorj.com.br\\\/trabalho-brasileiros-europa\\\/#primaryimage\"},\"image\":{\"@id\":\"https:\\\/\\\/www.vagadeempregorj.com.br\\\/trabalho-brasileiros-europa\\\/#primaryimage\"},\"thumbnailUrl\":\"https:\\\/\\\/www.vagadeempregorj.com.br\\\/wp-content\\\/uploads\\\/2025\\\/02\\\/bandeira-da-uniao-europeia-1586983407962_v2_450x450.jpg.webp\",\"datePublished\":\"2025-02-14T11:56:21+00:00\",\"dateModified\":\"2025-02-14T11:56:22+00:00\",\"author\":{\"@id\":\"https:\\\/\\\/www.vagadeempregorj.com.br\\\/#\\\/schema\\\/person\\\/c0c38d5d765e86c3b7c8f12fb1ae6477\"},\"description\":\"Descubra 20 vagas de trabalho para brasileiros na Europa com sal\u00e1rios de at\u00e9 R$ 20 mil. Confira os requisitos e como se candidatar.\",\"breadcrumb\":{\"@id\":\"https:\\\/\\\/www.vagadeempregorj.com.br\\\/trabalho-brasileiros-europa\\\/#breadcrumb\"},\"inLanguage\":\"fr-FR\",\"potentialAction\":[{\"@type\":\"ReadAction\",\"target\":[\"https:\\\/\\\/www.vagadeempregorj.com.br\\\/trabalho-brasileiros-europa\\\/\"]}]},{\"@type\":\"ImageObject\",\"inLanguage\":\"fr-FR\",\"@id\":\"https:\\\/\\\/www.vagadeempregorj.com.br\\\/trabalho-brasileiros-europa\\\/#primaryimage\",\"url\":\"https:\\\/\\\/www.vagadeempregorj.com.br\\\/wp-content\\\/uploads\\\/2025\\\/02\\\/bandeira-da-uniao-europeia-1586983407962_v2_450x450.jpg.webp\",\"contentUrl\":\"https:\\\/\\\/www.vagadeempregorj.com.br\\\/wp-content\\\/uploads\\\/2025\\\/02\\\/bandeira-da-uniao-europeia-1586983407962_v2_450x450.jpg.webp\",\"width\":450,\"height\":450,\"caption\":\"Trabalho para brasileiros na Europa\"},{\"@type\":\"BreadcrumbList\",\"@id\":\"https:\\\/\\\/www.vagadeempregorj.com.br\\\/trabalho-brasileiros-europa\\\/#breadcrumb\",\"itemListElement\":[{\"@type\":\"ListItem\",\"position\":1,\"name\":\"In\u00edcio\",\"item\":\"https:\\\/\\\/www.vagadeempregorj.com.br\\\/\"},{\"@type\":\"ListItem\",\"position\":2,\"name\":\"Vagas de Emprego Nacionais\",\"item\":\"https:\\\/\\\/www.vagadeempregorj.com.br\\\/vagas-de-emprego-nacionais\\\/\"},{\"@type\":\"ListItem\",\"position\":3,\"name\":\"Trabalho para brasileiros na Europa: 20 vagas abertas\"}]},{\"@type\":\"WebSite\",\"@id\":\"https:\\\/\\\/www.vagadeempregorj.com.br\\\/#website\",\"url\":\"https:\\\/\\\/www.vagadeempregorj.com.br\\\/\",\"name\":\"\",\"description\":\"Conquiste Sonhos: Vagas, Benef\u00edcios e Economia para Transformar Vidas e Alcan\u00e7ar Melhorias Cotidianas\",\"potentialAction\":[{\"@type\":\"SearchAction\",\"target\":{\"@type\":\"EntryPoint\",\"urlTemplate\":\"https:\\\/\\\/www.vagadeempregorj.com.br\\\/?s={search_term_string}\"},\"query-input\":{\"@type\":\"PropertyValueSpecification\",\"valueRequired\":true,\"valueName\":\"search_term_string\"}}],\"inLanguage\":\"fr-FR\"},{\"@type\":\"Person\",\"@id\":\"https:\\\/\\\/www.vagadeempregorj.com.br\\\/#\\\/schema\\\/person\\\/c0c38d5d765e86c3b7c8f12fb1ae6477\",\"name\":\"Ana B.\",\"image\":{\"@type\":\"ImageObject\",\"inLanguage\":\"fr-FR\",\"@id\":\"https:\\\/\\\/secure.gravatar.com\\\/avatar\\\/f5efa58599e07f8dd92f26c7cfbc442fd115582bc681245452e503c2ef2334f3?s=96&r=g\",\"url\":\"https:\\\/\\\/secure.gravatar.com\\\/avatar\\\/f5efa58599e07f8dd92f26c7cfbc442fd115582bc681245452e503c2ef2334f3?s=96&r=g\",\"contentUrl\":\"https:\\\/\\\/secure.gravatar.com\\\/avatar\\\/f5efa58599e07f8dd92f26c7cfbc442fd115582bc681245452e503c2ef2334f3?s=96&r=g\",\"caption\":\"Ana B.\"},\"description\":\"Meu nome \u00e9 Ana e sou apaixonada em escrever. Dedico meu tempo escrevendo not\u00edcias e vagas de emprego diariamente no portal Vaga de Emprego RJ.\",\"url\":\"https:\\\/\\\/www.vagadeempregorj.com.br\\\/fr\\\/author\\\/vgrj\\\/\"}]}<\/script>\n<!-- \/ Yoast SEO plugin. -->","yoast_head_json":{"title":"Trabalho para brasileiros na Europa: 20 vagas abertas -","description":"Descubra 20 vagas de trabalho para brasileiros na Europa com sal\u00e1rios de at\u00e9 R$ 20 mil. Confira os requisitos e como se candidatar.","robots":{"index":"index","follow":"follow","max-snippet":"max-snippet:-1","max-image-preview":"max-image-preview:large","max-video-preview":"max-video-preview:-1"},"canonical":"https:\/\/www.vagadeempregorj.com.br\/fr\/trabalho-brasileiros-europa\/","og_locale":"fr_FR","og_type":"article","og_title":"Trabalho para brasileiros na Europa: 20 vagas abertas -","og_description":"Descubra 20 vagas de trabalho para brasileiros na Europa com sal\u00e1rios de at\u00e9 R$ 20 mil. Confira os requisitos e como se candidatar.","og_url":"https:\/\/www.vagadeempregorj.com.br\/fr\/trabalho-brasileiros-europa\/","article_publisher":"https:\/\/www.facebook.com\/empregobrasiloficial","article_published_time":"2025-02-14T11:56:21+00:00","article_modified_time":"2025-02-14T11:56:22+00:00","og_image":[{"width":450,"height":450,"url":"https:\/\/www.vagadeempregorj.com.br\/wp-content\/uploads\/2025\/02\/bandeira-da-uniao-europeia-1586983407962_v2_450x450.jpg.webp","type":"image\/webp"}],"author":"Ana B.","twitter_card":"summary_large_image","twitter_misc":{"Written by":"Ana B.","Est. reading time":"4 minutes"},"schema":{"@context":"https:\/\/schema.org","@graph":[{"@type":"Article","@id":"https:\/\/www.vagadeempregorj.com.br\/trabalho-brasileiros-europa\/#article","isPartOf":{"@id":"https:\/\/www.vagadeempregorj.com.br\/trabalho-brasileiros-europa\/"},"author":{"name":"Ana B.","@id":"https:\/\/www.vagadeempregorj.com.br\/#\/schema\/person\/c0c38d5d765e86c3b7c8f12fb1ae6477"},"headline":"Trabalho para brasileiros na Europa: 20 vagas abertas","datePublished":"2025-02-14T11:56:21+00:00","dateModified":"2025-02-14T11:56:22+00:00","mainEntityOfPage":{"@id":"https:\/\/www.vagadeempregorj.com.br\/trabalho-brasileiros-europa\/"},"wordCount":742,"image":{"@id":"https:\/\/www.vagadeempregorj.com.br\/trabalho-brasileiros-europa\/#primaryimage"},"thumbnailUrl":"https:\/\/www.vagadeempregorj.com.br\/wp-content\/uploads\/2025\/02\/bandeira-da-uniao-europeia-1586983407962_v2_450x450.jpg.webp","keywords":["brasileiros no exterior","carreiras globais","empregos na Europa","trabalho no exterior","vagas internacionais"],"articleSection":["Vagas de Emprego Nacionais"],"inLanguage":"fr-FR"},{"@type":"WebPage","@id":"https:\/\/www.vagadeempregorj.com.br\/trabalho-brasileiros-europa\/","url":"https:\/\/www.vagadeempregorj.com.br\/trabalho-brasileiros-europa\/","name":"Trabalho para brasileiros na Europa: 20 vagas abertas -","isPartOf":{"@id":"https:\/\/www.vagadeempregorj.com.br\/#website"},"primaryImageOfPage":{"@id":"https:\/\/www.vagadeempregorj.com.br\/trabalho-brasileiros-europa\/#primaryimage"},"image":{"@id":"https:\/\/www.vagadeempregorj.com.br\/trabalho-brasileiros-europa\/#primaryimage"},"thumbnailUrl":"https:\/\/www.vagadeempregorj.com.br\/wp-content\/uploads\/2025\/02\/bandeira-da-uniao-europeia-1586983407962_v2_450x450.jpg.webp","datePublished":"2025-02-14T11:56:21+00:00","dateModified":"2025-02-14T11:56:22+00:00","author":{"@id":"https:\/\/www.vagadeempregorj.com.br\/#\/schema\/person\/c0c38d5d765e86c3b7c8f12fb1ae6477"},"description":"Descubra 20 vagas de trabalho para brasileiros na Europa com sal\u00e1rios de at\u00e9 R$ 20 mil. Confira os requisitos e como se candidatar.","breadcrumb":{"@id":"https:\/\/www.vagadeempregorj.com.br\/trabalho-brasileiros-europa\/#breadcrumb"},"inLanguage":"fr-FR","potentialAction":[{"@type":"ReadAction","target":["https:\/\/www.vagadeempregorj.com.br\/trabalho-brasileiros-europa\/"]}]},{"@type":"ImageObject","inLanguage":"fr-FR","@id":"https:\/\/www.vagadeempregorj.com.br\/trabalho-brasileiros-europa\/#primaryimage","url":"https:\/\/www.vagadeempregorj.com.br\/wp-content\/uploads\/2025\/02\/bandeira-da-uniao-europeia-1586983407962_v2_450x450.jpg.webp","contentUrl":"https:\/\/www.vagadeempregorj.com.br\/wp-content\/uploads\/2025\/02\/bandeira-da-uniao-europeia-1586983407962_v2_450x450.jpg.webp","width":450,"height":450,"caption":"Trabalho para brasileiros na Europa"},{"@type":"BreadcrumbList","@id":"https:\/\/www.vagadeempregorj.com.br\/trabalho-brasileiros-europa\/#breadcrumb","itemListElement":[{"@type":"ListItem","position":1,"name":"In\u00edcio","item":"https:\/\/www.vagadeempregorj.com.br\/"},{"@type":"ListItem","position":2,"name":"Vagas de Emprego Nacionais","item":"https:\/\/www.vagadeempregorj.com.br\/vagas-de-emprego-nacionais\/"},{"@type":"ListItem","position":3,"name":"Trabalho para brasileiros na Europa: 20 vagas abertas"}]},{"@type":"WebSite","@id":"https:\/\/www.vagadeempregorj.com.br\/#website","url":"https:\/\/www.vagadeempregorj.com.br\/","name":"","description":"Conquiste Sonhos: Vagas, Benef\u00edcios e Economia para Transformar Vidas e Alcan\u00e7ar Melhorias Cotidianas","potentialAction":[{"@type":"SearchAction","target":{"@type":"EntryPoint","urlTemplate":"https:\/\/www.vagadeempregorj.com.br\/?s={search_term_string}"},"query-input":{"@type":"PropertyValueSpecification","valueRequired":true,"valueName":"search_term_string"}}],"inLanguage":"fr-FR"},{"@type":"Person","@id":"https:\/\/www.vagadeempregorj.com.br\/#\/schema\/person\/c0c38d5d765e86c3b7c8f12fb1ae6477","name":"Ana B.","image":{"@type":"ImageObject","inLanguage":"fr-FR","@id":"https:\/\/secure.gravatar.com\/avatar\/f5efa58599e07f8dd92f26c7cfbc442fd115582bc681245452e503c2ef2334f3?s=96&r=g","url":"https:\/\/secure.gravatar.com\/avatar\/f5efa58599e07f8dd92f26c7cfbc442fd115582bc681245452e503c2ef2334f3?s=96&r=g","contentUrl":"https:\/\/secure.gravatar.com\/avatar\/f5efa58599e07f8dd92f26c7cfbc442fd115582bc681245452e503c2ef2334f3?s=96&r=g","caption":"Ana B."},"description":"Meu nome \u00e9 Ana e sou apaixonada em escrever. Dedico meu tempo escrevendo not\u00edcias e vagas de emprego diariamente no portal Vaga de Emprego RJ.","url":"https:\/\/www.vagadeempregorj.com.br\/fr\/author\/vgrj\/"}]}},"_links":{"self":[{"href":"https:\/\/www.vagadeempregorj.com.br\/fr\/wp-json\/wp\/v2\/posts\/42571","targetHints":{"allow":["GET"]}}],"collection":[{"href":"https:\/\/www.vagadeempregorj.com.br\/fr\/wp-json\/wp\/v2\/posts"}],"about":[{"href":"https:\/\/www.vagadeempregorj.com.br\/fr\/wp-json\/wp\/v2\/types\/post"}],"author":[{"embeddable":true,"href":"https:\/\/www.vagadeempregorj.com.br\/fr\/wp-json\/wp\/v2\/users\/1"}],"replies":[{"embeddable":true,"href":"https:\/\/www.vagadeempregorj.com.br\/fr\/wp-json\/wp\/v2\/comments?post=42571"}],"version-history":[{"count":0,"href":"https:\/\/www.vagadeempregorj.com.br\/fr\/wp-json\/wp\/v2\/posts\/42571\/revisions"}],"wp:featuredmedia":[{"embeddable":true,"href":"https:\/\/www.vagadeempregorj.com.br\/fr\/wp-json\/wp\/v2\/media\/42572"}],"wp:attachment":[{"href":"https:\/\/www.vagadeempregorj.com.br\/fr\/wp-json\/wp\/v2\/media?parent=42571"}],"wp:term":[{"taxonomy":"category","embeddable":true,"href":"https:\/\/www.vagadeempregorj.com.br\/fr\/wp-json\/wp\/v2\/categories?post=42571"},{"taxonomy":"post_tag","embeddable":true,"href":"https:\/\/www.vagadeempregorj.com.br\/fr\/wp-json\/wp\/v2\/tags?post=42571"}],"curies":[{"name":"wp","href":"https:\/\/api.w.org\/{rel}","templated":true}]}}