{"id":42597,"date":"2025-02-18T08:32:42","date_gmt":"2025-02-18T11:32:42","guid":{"rendered":"https:\/\/www.vagadeempregorj.com.br\/?p=42597"},"modified":"2025-02-18T08:32:44","modified_gmt":"2025-02-18T11:32:44","slug":"emprego-populacao-rua-obras-publicas-df","status":"publish","type":"post","link":"https:\/\/www.vagadeempregorj.com.br\/fr\/emprego-populacao-rua-obras-publicas-df\/","title":{"rendered":"Emprego para popula\u00e7\u00e3o de rua em obras p\u00fablicas do DF"},"content":{"rendered":"<h2 class=\"wp-block-heading\">Emprego para Popula\u00e7\u00e3o de Rua no Distrito Federal<\/h2>\n\n\n\n<p class=\"has-medium-font-size\">A popula\u00e7\u00e3o em situa\u00e7\u00e3o de rua do Distrito Federal agora ter\u00e1 mais acesso ao mercado de trabalho. Isso porque uma nova medida garante que 2% das vagas em licita\u00e7\u00f5es de servi\u00e7os e obras p\u00fablicas sejam destinadas a essas pessoas. Dessa forma, o objetivo \u00e9 promover inclus\u00e3o e autonomia financeira. Al\u00e9m disso, a iniciativa conta com a parceria entre a Secretaria de Desenvolvimento Social (Sedes-DF) e a Secretaria de Desenvolvimento Econ\u00f4mico, Trabalho e Renda (Sedet-DF).<\/p>\n\n\n\n<h2 class=\"wp-block-heading\">O que diz a nova medida sobre emprego para popula\u00e7\u00e3o de rua?<\/h2>\n\n\n\n<p class=\"has-medium-font-size\">A portaria, publicada no Di\u00e1rio Oficial do Distrito Federal (DODF), estabelece que empresas contratadas pelo governo devem reservar parte das vagas para trabalhadores em situa\u00e7\u00e3o de rua. Como resultado, eles ter\u00e3o novas oportunidades de renda e estabilidade. Al\u00e9m disso, a Sedes-DF ser\u00e1 respons\u00e1vel pelo cadastramento dos trabalhadores, registrando suas informa\u00e7\u00f5es pessoais e profissionais.<\/p>\n\n\n\n<p class=\"has-medium-font-size\">A nova medida visa atender a uma parcela da popula\u00e7\u00e3o que enfrenta dificuldades significativas para conseguir emprego. Muitas vezes, essas pessoas n\u00e3o possuem documenta\u00e7\u00e3o adequada, experi\u00eancia formal ou meios de acessar processos seletivos. Com essa a\u00e7\u00e3o, espera-se reduzir esses entraves e facilitar a integra\u00e7\u00e3o dessas pessoas ao mercado de trabalho.<\/p>\n\n\n\n<h2 class=\"wp-block-heading\">Como funciona a inser\u00e7\u00e3o no mercado de trabalho?<\/h2>\n\n\n\n<p class=\"has-medium-font-size\">A Sedet-DF coordenar\u00e1 as articula\u00e7\u00f5es com as empresas contratadas para assegurar a absor\u00e7\u00e3o dos trabalhadores pelo mercado. O Sistema P\u00fablico de Emprego (Sine) far\u00e1 o acompanhamento do processo de contrata\u00e7\u00e3o, monitorando as vagas destinadas para garantir que sejam realmente ocupadas.<\/p>\n\n\n\n<p class=\"has-medium-font-size\">Os trabalhadores tamb\u00e9m poder\u00e3o contar com cursos de qualifica\u00e7\u00e3o profissional oferecidos por meio de programas p\u00fablicos e institui\u00e7\u00f5es parceiras. Essas capacita\u00e7\u00f5es aumentar\u00e3o as chances de manuten\u00e7\u00e3o no emprego e crescimento profissional.<\/p>\n\n\n\n<h2 class=\"wp-block-heading\">Apoio socioassistencial e capacita\u00e7\u00e3o<\/h2>\n\n\n\n<p class=\"has-medium-font-size\">Para garantir que os beneficiados tenham condi\u00e7\u00f5es de se manter no trabalho, a Sedes-DF oferecer\u00e1 suporte socioassistencial. Isso inclui atendimento especializado e orienta\u00e7\u00e3o profissional. Essa abordagem busca n\u00e3o apenas empregar, mas tamb\u00e9m criar condi\u00e7\u00f5es para que os trabalhadores possam se estruturar financeiramente.<\/p>\n\n\n\n<p class=\"has-medium-font-size\">A capacita\u00e7\u00e3o profissional tamb\u00e9m ser\u00e1 incentivada, permitindo que os trabalhadores desenvolvam habilidades espec\u00edficas que aumentem sua empregabilidade. Al\u00e9m disso, haver\u00e1 suporte para obten\u00e7\u00e3o de documenta\u00e7\u00e3o e inser\u00e7\u00e3o em programas de habita\u00e7\u00e3o social, garantindo um apoio mais amplo.<\/p>\n\n\n\n<h2 class=\"wp-block-heading\">Ag\u00eancia Itinerante para Atendimento ao Trabalhador<\/h2>\n\n\n\n<p class=\"has-medium-font-size\">A portaria tamb\u00e9m prev\u00ea a cria\u00e7\u00e3o de uma Ag\u00eancia de Atendimento ao Trabalhador e Empregador Itinerante. Essa unidade funcionar\u00e1 quinzenalmente nos Centros de Refer\u00eancia Especializados para Popula\u00e7\u00e3o em Situa\u00e7\u00e3o de Rua (Centros POPs). O objetivo \u00e9 facilitar o acesso \u00e0s informa\u00e7\u00f5es e servi\u00e7os dispon\u00edveis para esse p\u00fablico.<\/p>\n\n\n\n<p class=\"has-medium-font-size\">Essa estrutura itinerante tamb\u00e9m oferecer\u00e1 suporte para regulariza\u00e7\u00e3o de documenta\u00e7\u00e3o, como emiss\u00e3o de RG, CPF e carteira de trabalho. Dessa forma, os trabalhadores ter\u00e3o melhores condi\u00e7\u00f5es para se candidatarem \u00e0s vagas oferecidas.<\/p>\n\n\n\n<h2 class=\"wp-block-heading\">Import\u00e2ncia da inclus\u00e3o social<\/h2>\n\n\n\n<p class=\"has-medium-font-size\">Iniciativas como essa ajudam a reduzir a vulnerabilidade social e permitem que a popula\u00e7\u00e3o de rua tenha novas oportunidades. O trabalho \u00e9 um dos principais caminhos para a reinser\u00e7\u00e3o social e, consequentemente, para melhores condi\u00e7\u00f5es de vida.<\/p>\n\n\n\n<p class=\"has-medium-font-size\">A a\u00e7\u00e3o tamb\u00e9m contribui para uma sociedade mais igualit\u00e1ria, combatendo a marginaliza\u00e7\u00e3o de pessoas em situa\u00e7\u00e3o de rua. O impacto positivo se reflete n\u00e3o apenas na vida dos trabalhadores, mas tamb\u00e9m na comunidade em geral.<\/p>\n\n\n\n<h2 class=\"wp-block-heading\">Conclus\u00e3o<\/h2>\n\n\n\n<p class=\"has-medium-font-size\">A destina\u00e7\u00e3o de vagas para emprego para popula\u00e7\u00e3o de rua nas obras p\u00fablicas do DF representa um passo importante para a inclus\u00e3o social. Com apoio governamental, acompanhamento e articula\u00e7\u00e3o com empresas, a medida busca gerar autonomia financeira e melhores perspectivas para essas pessoas.<\/p>\n\n\n\n<p class=\"has-medium-font-size\">Ao garantir acesso ao mercado de trabalho e apoio social, a iniciativa pode contribuir para a transforma\u00e7\u00e3o da realidade de muitas pessoas em situa\u00e7\u00e3o de vulnerabilidade. Essa pol\u00edtica representa um modelo de inclus\u00e3o que pode inspirar outras regi\u00f5es do pa\u00eds.<\/p>\n\n\n\n<hr class=\"wp-block-separator has-alpha-channel-opacity\"\/>\n\n\n\n<p class=\"has-medium-font-size\"><a href=\"https:\/\/www.vagadeempregorj.com.br\/fr\/vagas-de-emprego-nacionais\/\">Como o mercado de trabalho pode ser mais inclusivo?<\/a><\/p>","protected":false},"excerpt":{"rendered":"<p>Emprego para Popula\u00e7\u00e3o de Rua no Distrito Federal A popula\u00e7\u00e3o em situa\u00e7\u00e3o de rua do Distrito Federal agora ter\u00e1 mais acesso ao mercado de trabalho. Isso porque uma nova medida garante que 2% das vagas em licita\u00e7\u00f5es de servi\u00e7os e obras p\u00fablicas sejam destinadas a essas pessoas. Dessa forma, o objetivo \u00e9 promover inclus\u00e3o e&hellip;&nbsp;<\/p>","protected":false},"author":1,"featured_media":42598,"comment_status":"closed","ping_status":"closed","sticky":false,"template":"","format":"standard","meta":{"neve_meta_sidebar":"","neve_meta_container":"","neve_meta_enable_content_width":"","neve_meta_content_width":0,"neve_meta_title_alignment":"","neve_meta_author_avatar":"","neve_post_elements_order":"","neve_meta_disable_header":"","neve_meta_disable_footer":"","neve_meta_disable_title":"","footnotes":""},"categories":[123],"tags":[1000,992,941,1052,211],"class_list":["post-42597","post","type-post","status-publish","format-standard","has-post-thumbnail","hentry","category-vagas-de-emprego-nacionais","tag-assistencia-social","tag-inclusao-social","tag-mercado-de-trabalho","tag-oportunidade-profissional","tag-vagas-de-emprego"],"yoast_head":"<!-- This site is optimized with the Yoast SEO plugin v27.5 - https:\/\/yoast.com\/product\/yoast-seo-wordpress\/ -->\n<title>Emprego para popula\u00e7\u00e3o de rua em obras p\u00fablicas do DF -<\/title>\n<meta name=\"description\" content=\"O DF destina 2% das vagas em obras p\u00fablicas para emprego para popula\u00e7\u00e3o de rua, promovendo inclus\u00e3o e autonomia financeira.\" \/>\n<meta name=\"robots\" content=\"index, follow, max-snippet:-1, max-image-preview:large, max-video-preview:-1\" \/>\n<link rel=\"canonical\" href=\"https:\/\/www.vagadeempregorj.com.br\/fr\/emprego-populacao-rua-obras-publicas-df\/\" \/>\n<meta property=\"og:locale\" content=\"fr_FR\" \/>\n<meta property=\"og:type\" content=\"article\" \/>\n<meta property=\"og:title\" content=\"Emprego para popula\u00e7\u00e3o de rua em obras p\u00fablicas do DF -\" \/>\n<meta property=\"og:description\" content=\"O DF destina 2% das vagas em obras p\u00fablicas para emprego para popula\u00e7\u00e3o de rua, promovendo inclus\u00e3o e autonomia financeira.\" \/>\n<meta property=\"og:url\" content=\"https:\/\/www.vagadeempregorj.com.br\/fr\/emprego-populacao-rua-obras-publicas-df\/\" \/>\n<meta property=\"article:publisher\" content=\"https:\/\/www.facebook.com\/empregobrasiloficial\" \/>\n<meta property=\"article:published_time\" content=\"2025-02-18T11:32:42+00:00\" \/>\n<meta property=\"article:modified_time\" content=\"2025-02-18T11:32:44+00:00\" \/>\n<meta name=\"author\" content=\"Ana B.\" \/>\n<meta name=\"twitter:card\" content=\"summary_large_image\" \/>\n<meta name=\"twitter:label1\" content=\"Written by\" \/>\n\t<meta name=\"twitter:data1\" content=\"Ana B.\" \/>\n\t<meta name=\"twitter:label2\" content=\"Est. reading time\" \/>\n\t<meta name=\"twitter:data2\" content=\"3 minutes\" \/>\n<script type=\"application\/ld+json\" class=\"yoast-schema-graph\">{\"@context\":\"https:\\\/\\\/schema.org\",\"@graph\":[{\"@type\":\"Article\",\"@id\":\"https:\\\/\\\/www.vagadeempregorj.com.br\\\/emprego-populacao-rua-obras-publicas-df\\\/#article\",\"isPartOf\":{\"@id\":\"https:\\\/\\\/www.vagadeempregorj.com.br\\\/emprego-populacao-rua-obras-publicas-df\\\/\"},\"author\":{\"name\":\"Ana B.\",\"@id\":\"https:\\\/\\\/www.vagadeempregorj.com.br\\\/#\\\/schema\\\/person\\\/c0c38d5d765e86c3b7c8f12fb1ae6477\"},\"headline\":\"Emprego para popula\u00e7\u00e3o de rua em obras p\u00fablicas do DF\",\"datePublished\":\"2025-02-18T11:32:42+00:00\",\"dateModified\":\"2025-02-18T11:32:44+00:00\",\"mainEntityOfPage\":{\"@id\":\"https:\\\/\\\/www.vagadeempregorj.com.br\\\/emprego-populacao-rua-obras-publicas-df\\\/\"},\"wordCount\":711,\"image\":{\"@id\":\"https:\\\/\\\/www.vagadeempregorj.com.br\\\/emprego-populacao-rua-obras-publicas-df\\\/#primaryimage\"},\"thumbnailUrl\":\"https:\\\/\\\/www.vagadeempregorj.com.br\\\/wp-content\\\/uploads\\\/2025\\\/02\\\/bba2c5868f24d06355a756c772e5d252.avif\",\"keywords\":[\"assist\u00eancia social\",\"inclus\u00e3o social\",\"mercado de trabalho\",\"oportunidade profissional\",\"vagas de emprego\"],\"articleSection\":[\"Vagas de Emprego Nacionais\"],\"inLanguage\":\"fr-FR\"},{\"@type\":\"WebPage\",\"@id\":\"https:\\\/\\\/www.vagadeempregorj.com.br\\\/emprego-populacao-rua-obras-publicas-df\\\/\",\"url\":\"https:\\\/\\\/www.vagadeempregorj.com.br\\\/emprego-populacao-rua-obras-publicas-df\\\/\",\"name\":\"Emprego para popula\u00e7\u00e3o de rua em obras p\u00fablicas do DF -\",\"isPartOf\":{\"@id\":\"https:\\\/\\\/www.vagadeempregorj.com.br\\\/#website\"},\"primaryImageOfPage\":{\"@id\":\"https:\\\/\\\/www.vagadeempregorj.com.br\\\/emprego-populacao-rua-obras-publicas-df\\\/#primaryimage\"},\"image\":{\"@id\":\"https:\\\/\\\/www.vagadeempregorj.com.br\\\/emprego-populacao-rua-obras-publicas-df\\\/#primaryimage\"},\"thumbnailUrl\":\"https:\\\/\\\/www.vagadeempregorj.com.br\\\/wp-content\\\/uploads\\\/2025\\\/02\\\/bba2c5868f24d06355a756c772e5d252.avif\",\"datePublished\":\"2025-02-18T11:32:42+00:00\",\"dateModified\":\"2025-02-18T11:32:44+00:00\",\"author\":{\"@id\":\"https:\\\/\\\/www.vagadeempregorj.com.br\\\/#\\\/schema\\\/person\\\/c0c38d5d765e86c3b7c8f12fb1ae6477\"},\"description\":\"O DF destina 2% das vagas em obras p\u00fablicas para emprego para popula\u00e7\u00e3o de rua, promovendo inclus\u00e3o e autonomia financeira.\",\"breadcrumb\":{\"@id\":\"https:\\\/\\\/www.vagadeempregorj.com.br\\\/emprego-populacao-rua-obras-publicas-df\\\/#breadcrumb\"},\"inLanguage\":\"fr-FR\",\"potentialAction\":[{\"@type\":\"ReadAction\",\"target\":[\"https:\\\/\\\/www.vagadeempregorj.com.br\\\/emprego-populacao-rua-obras-publicas-df\\\/\"]}]},{\"@type\":\"ImageObject\",\"inLanguage\":\"fr-FR\",\"@id\":\"https:\\\/\\\/www.vagadeempregorj.com.br\\\/emprego-populacao-rua-obras-publicas-df\\\/#primaryimage\",\"url\":\"https:\\\/\\\/www.vagadeempregorj.com.br\\\/wp-content\\\/uploads\\\/2025\\\/02\\\/bba2c5868f24d06355a756c772e5d252.avif\",\"contentUrl\":\"https:\\\/\\\/www.vagadeempregorj.com.br\\\/wp-content\\\/uploads\\\/2025\\\/02\\\/bba2c5868f24d06355a756c772e5d252.avif\",\"width\":700,\"height\":467,\"caption\":\"Emprego para popula\u00e7\u00e3o de rua\"},{\"@type\":\"BreadcrumbList\",\"@id\":\"https:\\\/\\\/www.vagadeempregorj.com.br\\\/emprego-populacao-rua-obras-publicas-df\\\/#breadcrumb\",\"itemListElement\":[{\"@type\":\"ListItem\",\"position\":1,\"name\":\"In\u00edcio\",\"item\":\"https:\\\/\\\/www.vagadeempregorj.com.br\\\/\"},{\"@type\":\"ListItem\",\"position\":2,\"name\":\"Vagas de Emprego Nacionais\",\"item\":\"https:\\\/\\\/www.vagadeempregorj.com.br\\\/vagas-de-emprego-nacionais\\\/\"},{\"@type\":\"ListItem\",\"position\":3,\"name\":\"Emprego para popula\u00e7\u00e3o de rua em obras p\u00fablicas do DF\"}]},{\"@type\":\"WebSite\",\"@id\":\"https:\\\/\\\/www.vagadeempregorj.com.br\\\/#website\",\"url\":\"https:\\\/\\\/www.vagadeempregorj.com.br\\\/\",\"name\":\"\",\"description\":\"Conquiste Sonhos: Vagas, Benef\u00edcios e Economia para Transformar Vidas e Alcan\u00e7ar Melhorias Cotidianas\",\"potentialAction\":[{\"@type\":\"SearchAction\",\"target\":{\"@type\":\"EntryPoint\",\"urlTemplate\":\"https:\\\/\\\/www.vagadeempregorj.com.br\\\/?s={search_term_string}\"},\"query-input\":{\"@type\":\"PropertyValueSpecification\",\"valueRequired\":true,\"valueName\":\"search_term_string\"}}],\"inLanguage\":\"fr-FR\"},{\"@type\":\"Person\",\"@id\":\"https:\\\/\\\/www.vagadeempregorj.com.br\\\/#\\\/schema\\\/person\\\/c0c38d5d765e86c3b7c8f12fb1ae6477\",\"name\":\"Ana B.\",\"image\":{\"@type\":\"ImageObject\",\"inLanguage\":\"fr-FR\",\"@id\":\"https:\\\/\\\/secure.gravatar.com\\\/avatar\\\/f5efa58599e07f8dd92f26c7cfbc442fd115582bc681245452e503c2ef2334f3?s=96&r=g\",\"url\":\"https:\\\/\\\/secure.gravatar.com\\\/avatar\\\/f5efa58599e07f8dd92f26c7cfbc442fd115582bc681245452e503c2ef2334f3?s=96&r=g\",\"contentUrl\":\"https:\\\/\\\/secure.gravatar.com\\\/avatar\\\/f5efa58599e07f8dd92f26c7cfbc442fd115582bc681245452e503c2ef2334f3?s=96&r=g\",\"caption\":\"Ana B.\"},\"description\":\"Meu nome \u00e9 Ana e sou apaixonada em escrever. Dedico meu tempo escrevendo not\u00edcias e vagas de emprego diariamente no portal Vaga de Emprego RJ.\",\"url\":\"https:\\\/\\\/www.vagadeempregorj.com.br\\\/fr\\\/author\\\/vgrj\\\/\"}]}<\/script>\n<!-- \/ Yoast SEO plugin. -->","yoast_head_json":{"title":"Emprego para popula\u00e7\u00e3o de rua em obras p\u00fablicas do DF -","description":"O DF destina 2% das vagas em obras p\u00fablicas para emprego para popula\u00e7\u00e3o de rua, promovendo inclus\u00e3o e autonomia financeira.","robots":{"index":"index","follow":"follow","max-snippet":"max-snippet:-1","max-image-preview":"max-image-preview:large","max-video-preview":"max-video-preview:-1"},"canonical":"https:\/\/www.vagadeempregorj.com.br\/fr\/emprego-populacao-rua-obras-publicas-df\/","og_locale":"fr_FR","og_type":"article","og_title":"Emprego para popula\u00e7\u00e3o de rua em obras p\u00fablicas do DF -","og_description":"O DF destina 2% das vagas em obras p\u00fablicas para emprego para popula\u00e7\u00e3o de rua, promovendo inclus\u00e3o e autonomia financeira.","og_url":"https:\/\/www.vagadeempregorj.com.br\/fr\/emprego-populacao-rua-obras-publicas-df\/","article_publisher":"https:\/\/www.facebook.com\/empregobrasiloficial","article_published_time":"2025-02-18T11:32:42+00:00","article_modified_time":"2025-02-18T11:32:44+00:00","author":"Ana B.","twitter_card":"summary_large_image","twitter_misc":{"Written by":"Ana B.","Est. reading time":"3 minutes"},"schema":{"@context":"https:\/\/schema.org","@graph":[{"@type":"Article","@id":"https:\/\/www.vagadeempregorj.com.br\/emprego-populacao-rua-obras-publicas-df\/#article","isPartOf":{"@id":"https:\/\/www.vagadeempregorj.com.br\/emprego-populacao-rua-obras-publicas-df\/"},"author":{"name":"Ana B.","@id":"https:\/\/www.vagadeempregorj.com.br\/#\/schema\/person\/c0c38d5d765e86c3b7c8f12fb1ae6477"},"headline":"Emprego para popula\u00e7\u00e3o de rua em obras p\u00fablicas do DF","datePublished":"2025-02-18T11:32:42+00:00","dateModified":"2025-02-18T11:32:44+00:00","mainEntityOfPage":{"@id":"https:\/\/www.vagadeempregorj.com.br\/emprego-populacao-rua-obras-publicas-df\/"},"wordCount":711,"image":{"@id":"https:\/\/www.vagadeempregorj.com.br\/emprego-populacao-rua-obras-publicas-df\/#primaryimage"},"thumbnailUrl":"https:\/\/www.vagadeempregorj.com.br\/wp-content\/uploads\/2025\/02\/bba2c5868f24d06355a756c772e5d252.avif","keywords":["assist\u00eancia social","inclus\u00e3o social","mercado de trabalho","oportunidade profissional","vagas de emprego"],"articleSection":["Vagas de Emprego Nacionais"],"inLanguage":"fr-FR"},{"@type":"WebPage","@id":"https:\/\/www.vagadeempregorj.com.br\/emprego-populacao-rua-obras-publicas-df\/","url":"https:\/\/www.vagadeempregorj.com.br\/emprego-populacao-rua-obras-publicas-df\/","name":"Emprego para popula\u00e7\u00e3o de rua em obras p\u00fablicas do DF -","isPartOf":{"@id":"https:\/\/www.vagadeempregorj.com.br\/#website"},"primaryImageOfPage":{"@id":"https:\/\/www.vagadeempregorj.com.br\/emprego-populacao-rua-obras-publicas-df\/#primaryimage"},"image":{"@id":"https:\/\/www.vagadeempregorj.com.br\/emprego-populacao-rua-obras-publicas-df\/#primaryimage"},"thumbnailUrl":"https:\/\/www.vagadeempregorj.com.br\/wp-content\/uploads\/2025\/02\/bba2c5868f24d06355a756c772e5d252.avif","datePublished":"2025-02-18T11:32:42+00:00","dateModified":"2025-02-18T11:32:44+00:00","author":{"@id":"https:\/\/www.vagadeempregorj.com.br\/#\/schema\/person\/c0c38d5d765e86c3b7c8f12fb1ae6477"},"description":"O DF destina 2% das vagas em obras p\u00fablicas para emprego para popula\u00e7\u00e3o de rua, promovendo inclus\u00e3o e autonomia financeira.","breadcrumb":{"@id":"https:\/\/www.vagadeempregorj.com.br\/emprego-populacao-rua-obras-publicas-df\/#breadcrumb"},"inLanguage":"fr-FR","potentialAction":[{"@type":"ReadAction","target":["https:\/\/www.vagadeempregorj.com.br\/emprego-populacao-rua-obras-publicas-df\/"]}]},{"@type":"ImageObject","inLanguage":"fr-FR","@id":"https:\/\/www.vagadeempregorj.com.br\/emprego-populacao-rua-obras-publicas-df\/#primaryimage","url":"https:\/\/www.vagadeempregorj.com.br\/wp-content\/uploads\/2025\/02\/bba2c5868f24d06355a756c772e5d252.avif","contentUrl":"https:\/\/www.vagadeempregorj.com.br\/wp-content\/uploads\/2025\/02\/bba2c5868f24d06355a756c772e5d252.avif","width":700,"height":467,"caption":"Emprego para popula\u00e7\u00e3o de rua"},{"@type":"BreadcrumbList","@id":"https:\/\/www.vagadeempregorj.com.br\/emprego-populacao-rua-obras-publicas-df\/#breadcrumb","itemListElement":[{"@type":"ListItem","position":1,"name":"In\u00edcio","item":"https:\/\/www.vagadeempregorj.com.br\/"},{"@type":"ListItem","position":2,"name":"Vagas de Emprego Nacionais","item":"https:\/\/www.vagadeempregorj.com.br\/vagas-de-emprego-nacionais\/"},{"@type":"ListItem","position":3,"name":"Emprego para popula\u00e7\u00e3o de rua em obras p\u00fablicas do DF"}]},{"@type":"WebSite","@id":"https:\/\/www.vagadeempregorj.com.br\/#website","url":"https:\/\/www.vagadeempregorj.com.br\/","name":"","description":"Conquiste Sonhos: Vagas, Benef\u00edcios e Economia para Transformar Vidas e Alcan\u00e7ar Melhorias Cotidianas","potentialAction":[{"@type":"SearchAction","target":{"@type":"EntryPoint","urlTemplate":"https:\/\/www.vagadeempregorj.com.br\/?s={search_term_string}"},"query-input":{"@type":"PropertyValueSpecification","valueRequired":true,"valueName":"search_term_string"}}],"inLanguage":"fr-FR"},{"@type":"Person","@id":"https:\/\/www.vagadeempregorj.com.br\/#\/schema\/person\/c0c38d5d765e86c3b7c8f12fb1ae6477","name":"Ana B.","image":{"@type":"ImageObject","inLanguage":"fr-FR","@id":"https:\/\/secure.gravatar.com\/avatar\/f5efa58599e07f8dd92f26c7cfbc442fd115582bc681245452e503c2ef2334f3?s=96&r=g","url":"https:\/\/secure.gravatar.com\/avatar\/f5efa58599e07f8dd92f26c7cfbc442fd115582bc681245452e503c2ef2334f3?s=96&r=g","contentUrl":"https:\/\/secure.gravatar.com\/avatar\/f5efa58599e07f8dd92f26c7cfbc442fd115582bc681245452e503c2ef2334f3?s=96&r=g","caption":"Ana B."},"description":"Meu nome \u00e9 Ana e sou apaixonada em escrever. Dedico meu tempo escrevendo not\u00edcias e vagas de emprego diariamente no portal Vaga de Emprego RJ.","url":"https:\/\/www.vagadeempregorj.com.br\/fr\/author\/vgrj\/"}]}},"_links":{"self":[{"href":"https:\/\/www.vagadeempregorj.com.br\/fr\/wp-json\/wp\/v2\/posts\/42597","targetHints":{"allow":["GET"]}}],"collection":[{"href":"https:\/\/www.vagadeempregorj.com.br\/fr\/wp-json\/wp\/v2\/posts"}],"about":[{"href":"https:\/\/www.vagadeempregorj.com.br\/fr\/wp-json\/wp\/v2\/types\/post"}],"author":[{"embeddable":true,"href":"https:\/\/www.vagadeempregorj.com.br\/fr\/wp-json\/wp\/v2\/users\/1"}],"replies":[{"embeddable":true,"href":"https:\/\/www.vagadeempregorj.com.br\/fr\/wp-json\/wp\/v2\/comments?post=42597"}],"version-history":[{"count":0,"href":"https:\/\/www.vagadeempregorj.com.br\/fr\/wp-json\/wp\/v2\/posts\/42597\/revisions"}],"wp:featuredmedia":[{"embeddable":true,"href":"https:\/\/www.vagadeempregorj.com.br\/fr\/wp-json\/wp\/v2\/media\/42598"}],"wp:attachment":[{"href":"https:\/\/www.vagadeempregorj.com.br\/fr\/wp-json\/wp\/v2\/media?parent=42597"}],"wp:term":[{"taxonomy":"category","embeddable":true,"href":"https:\/\/www.vagadeempregorj.com.br\/fr\/wp-json\/wp\/v2\/categories?post=42597"},{"taxonomy":"post_tag","embeddable":true,"href":"https:\/\/www.vagadeempregorj.com.br\/fr\/wp-json\/wp\/v2\/tags?post=42597"}],"curies":[{"name":"wp","href":"https:\/\/api.w.org\/{rel}","templated":true}]}}