{"id":42601,"date":"2025-02-21T06:00:00","date_gmt":"2025-02-21T09:00:00","guid":{"rendered":"https:\/\/www.vagadeempregorj.com.br\/?p=42601"},"modified":"2025-02-18T17:26:41","modified_gmt":"2025-02-18T20:26:41","slug":"pacaembu-autopecas-112-vagas-de-emprego-pelo-pais","status":"publish","type":"post","link":"https:\/\/www.vagadeempregorj.com.br\/fr\/pacaembu-autopecas-112-vagas-de-emprego-pelo-pais\/","title":{"rendered":"Pacaembu Autope\u00e7as: 112 vagas de emprego pelo pa\u00eds"},"content":{"rendered":"<p>A <strong>Pacaembu Autope\u00e7as<\/strong>, refer\u00eancia nacional na distribui\u00e7\u00e3o de pe\u00e7as para ve\u00edculos pesados, est\u00e1 com 112 vagas de emprego abertas em diversas regi\u00f5es do Brasil. Se voc\u00ea deseja fazer parte de uma equipe comprometida e apaixonada pelo que faz, esta pode ser a sua chance.<\/p>\n\n\n\n<figure class=\"wp-block-image size-full\"><img loading=\"lazy\" decoding=\"async\" width=\"980\" height=\"557\" src=\"https:\/\/www.vagadeempregorj.com.br\/wp-content\/uploads\/2025\/02\/image-28.png\" alt=\"\" class=\"wp-image-42619\" srcset=\"https:\/\/www.vagadeempregorj.com.br\/wp-content\/uploads\/2025\/02\/image-28.png 980w, https:\/\/www.vagadeempregorj.com.br\/wp-content\/uploads\/2025\/02\/image-28-300x171.png 300w, https:\/\/www.vagadeempregorj.com.br\/wp-content\/uploads\/2025\/02\/image-28-768x437.png 768w, https:\/\/www.vagadeempregorj.com.br\/wp-content\/uploads\/2025\/02\/image-28-150x85.png 150w\" sizes=\"auto, (max-width: 980px) 100vw, 980px\" \/><\/figure>\n\n\n\n<h2 class=\"wp-block-heading\">Quais s\u00e3o as oportunidades de carreira na Pacaembu Autope\u00e7as?<\/h2>\n\n\n\n<p>A companhia valoriza a diversidade de talentos e disponibiliza uma variedade de oportunidades para diferentes perfis profissionais. A seguir, destacamos algumas das principais vagas dispon\u00edveis:<\/p>\n\n\n\n<h3 class=\"wp-block-heading\">Vendedor de autope\u00e7as<\/h3>\n\n\n\n<p><strong>Localidades:<\/strong> Salvador (BA), Bel\u00e9m (PA), Rio de Janeiro (RJ), entre outras.<\/p>\n\n\n\n<p><strong>Responsabilidades:<\/strong><\/p>\n\n\n\n<ul class=\"wp-block-list\">\n<li>Atender clientes, identificando suas necessidades e oferecendo solu\u00e7\u00f5es adequadas.<\/li>\n\n\n\n<li>Realizar cota\u00e7\u00f5es e negocia\u00e7\u00f5es de pre\u00e7os.<\/li>\n\n\n\n<li>Acompanhar o p\u00f3s-venda, garantindo a satisfa\u00e7\u00e3o do cliente.<\/li>\n<\/ul>\n\n\n\n<p><strong>Requisitos:<\/strong><\/p>\n\n\n\n<ul class=\"wp-block-list\">\n<li>Ensino m\u00e9dio completo.<\/li>\n\n\n\n<li>Experi\u00eancia em vendas, preferencialmente no ramo de autope\u00e7as.<\/li>\n\n\n\n<li>Boa comunica\u00e7\u00e3o e habilidade de negocia\u00e7\u00e3o.<\/li>\n<\/ul>\n\n\n\n<h3 class=\"wp-block-heading\">Auxiliar de vendas<\/h3>\n\n\n\n<p><strong>Localidades:<\/strong> S\u00e3o Paulo (SP), Fortaleza (CE), Bras\u00edlia (DF), entre outras.<\/p>\n\n\n\n<p><strong>Responsabilidades:<\/strong><\/p>\n\n\n\n<ul class=\"wp-block-list\">\n<li>Realizar atendimento aos clientes por telefone, e-mail e outras plataformas online.<\/li>\n\n\n\n<li>Tirar d\u00favidas, realizar cota\u00e7\u00f5es e dar apoio aos vendedores nas vendas.<\/li>\n\n\n\n<li>Verificar disponibilidade das pe\u00e7as em estoque.<\/li>\n<\/ul>\n\n\n\n<p><strong>Requisitos:<\/strong><\/p>\n\n\n\n<ul class=\"wp-block-list\">\n<li>Ensino m\u00e9dio completo.<\/li>\n\n\n\n<li>Experi\u00eancia com atendimento ao cliente.<\/li>\n\n\n\n<li>Boa desenvoltura e comunica\u00e7\u00e3o.<\/li>\n<\/ul>\n\n\n\n<h3 class=\"wp-block-heading\">Auxiliar de estocagem<\/h3>\n\n\n\n<p><strong>Localidades:<\/strong> Aragua\u00edna (TO), Goi\u00e2nia (GO), Salvador (BA), entre outras.<\/p>\n\n\n\n<p><strong>Responsabilidades:<\/strong><\/p>\n\n\n\n<ul class=\"wp-block-list\">\n<li>Executar atividades de separa\u00e7\u00e3o de produtos, conferindo as pr\u00e9-notas.<\/li>\n\n\n\n<li>Auxiliar nas atividades de confer\u00eancia dos produtos.<\/li>\n\n\n\n<li>Manter a organiza\u00e7\u00e3o e limpeza das prateleiras e esta\u00e7\u00f5es de trabalho.<\/li>\n<\/ul>\n\n\n\n<p><strong>Requisitos:<\/strong><\/p>\n\n\n\n<ul class=\"wp-block-list\">\n<li>Ensino m\u00e9dio completo ou cursando.<\/li>\n\n\n\n<li>Experi\u00eancia na \u00e1rea \u00e9 desej\u00e1vel.<\/li>\n\n\n\n<li>Conhecimento b\u00e1sico no Pacote Office.<\/li>\n<\/ul>\n\n\n\n<h3 class=\"wp-block-heading\">Motorista categoria D<\/h3>\n\n\n\n<p><strong>Localidades:<\/strong> S\u00e3o Paulo (SP), Cariacica (ES), entre outras.<\/p>\n\n\n\n<p><strong>Responsabilidades:<\/strong><\/p>\n\n\n\n<ul class=\"wp-block-list\">\n<li>Realizar entregas de produtos nos clientes da empresa.<\/li>\n\n\n\n<li>Carregar e descarregar os produtos no ve\u00edculo da empresa.<\/li>\n\n\n\n<li>Cuidar da manuten\u00e7\u00e3o e limpeza dos ve\u00edculos.<\/li>\n<\/ul>\n\n\n\n<p><strong>Requisitos:<\/strong><\/p>\n\n\n\n<ul class=\"wp-block-list\">\n<li>Ensino fundamental completo.<\/li>\n\n\n\n<li>CNH categoria D com observa\u00e7\u00e3o de atividade remunerada.<\/li>\n\n\n\n<li>Experi\u00eancia como motorista comprovada em registro.<\/li>\n<\/ul>\n\n\n\n<h3 class=\"wp-block-heading\">Promotor de vendas<\/h3>\n\n\n\n<p><strong>Localidades:<\/strong> S\u00e3o Bernardo do Campo (SP), Bel\u00e9m (PA), Campinas (SP), entre outras.<\/p>\n\n\n\n<p><strong>Responsabilidades:<\/strong><\/p>\n\n\n\n<ul class=\"wp-block-list\">\n<li>Visitar clientes-chave, identificando oportunidades de vendas.<\/li>\n\n\n\n<li>Expor os produtos dispon\u00edveis de forma direcionada ao perfil e necessidades de cada cliente.<\/li>\n\n\n\n<li>Demonstrar as vantagens que a Pacaembu Autope\u00e7as pode oferecer, visando aumentar as vendas do cliente.<\/li>\n<\/ul>\n\n\n\n<p><strong>Requisitos:<\/strong><\/p>\n\n\n\n<ul class=\"wp-block-list\">\n<li>Ensino superior cursando ou completo.<\/li>\n\n\n\n<li>Experi\u00eancia como promotor, vendedor ou atendimento ao cliente.<\/li>\n\n\n\n<li>Conhecimento b\u00e1sico ou intermedi\u00e1rio no Pacote Office.<\/li>\n\n\n\n<li>CNH categoria B.<\/li>\n<\/ul>\n\n\n\n<h2 class=\"wp-block-heading\">Como se candidatar?<\/h2>\n\n\n\n<p>Interessado em fazer parte da equipe da Pacaembu Autope\u00e7as? O processo de candidatura \u00e9 simples e direto. Siga os passos abaixo:<\/p>\n\n\n\n<ol class=\"wp-block-list\">\n<li>Acesse a p\u00e1gina de carreiras da Pacaembu Autope\u00e7as: <strong>https:\/\/pabu.gupy.io\/<\/strong><\/li>\n\n\n\n<li>Navegue pelas vagas dispon\u00edveis: Utilize os filtros para encontrar oportunidades que correspondam ao seu perfil e localiza\u00e7\u00e3o.<\/li>\n\n\n\n<li>Selecione a vaga de interesse: Clique na vaga desejada para visualizar os detalhes da fun\u00e7\u00e3o e os requisitos necess\u00e1rios.<\/li>\n\n\n\n<li>Candidate-se: Clique no bot\u00e3o &#8220;Candidatar-se&#8221; e siga as instru\u00e7\u00f5es para enviar seu curr\u00edculo e preencher as informa\u00e7\u00f5es solicitadas.<\/li>\n<\/ol>\n\n\n\n<p>Ap\u00f3s a candidatura, fique atento ao seu e-mail e telefone para poss\u00edveis contatos da equipe de recrutamento da empresa. Lembre-se de verificar tamb\u00e9m a pasta de spam, caso n\u00e3o receba retorno em sua caixa de entrada.<\/p>\n\n\n\n<p>Outro ponto positivo \u00e9 o investimento no bem-estar dos colaboradores. A companhia oferece benef\u00edcios como vale-alimenta\u00e7\u00e3o, plano de sa\u00fade e programas de capacita\u00e7\u00e3o, ajudando no crescimento profissional de quem faz parte do time.<\/p>\n\n\n\n<p>A Pacaembu Autope\u00e7as valoriza seus colaboradores e investe em seu desenvolvimento profissional. Com quase 60 anos de hist\u00f3ria, a empresa se destaca pela paix\u00e3o por ve\u00edculos comerciais e pesados, fundamentais para o transporte de pessoas e insumos que constroem um Brasil cada vez mais forte.&nbsp;<\/p>\n\n\n\n<p>Se voc\u00ea se identifica com esses valores e busca crescimento na carreira, n\u00e3o perca essa oportunidade.&nbsp;<\/p>\n\n\n\n<p><strong>Veja tamb\u00e9m: <a href=\"https:\/\/www.vagadeempregorj.com.br\/fr\/grupo-lider-64-vagas-de-emprego-pelo-pais\/\">Grupo Lider: 64 vagas de emprego pelo pa\u00eds<\/a><\/strong><\/p>\n\n\n\n<p>21 de fevereiro de 2025<\/p>","protected":false},"excerpt":{"rendered":"<p>A Pacaembu Autope\u00e7as, refer\u00eancia nacional na distribui\u00e7\u00e3o de pe\u00e7as para ve\u00edculos pesados, est\u00e1 com 112 vagas de emprego abertas em diversas regi\u00f5es do Brasil. Se voc\u00ea deseja fazer parte de uma equipe comprometida e apaixonada pelo que faz, esta pode ser a sua chance. Quais s\u00e3o as oportunidades de carreira na Pacaembu Autope\u00e7as? A companhia&hellip;&nbsp;<\/p>","protected":false},"author":16,"featured_media":42619,"comment_status":"closed","ping_status":"closed","sticky":false,"template":"","format":"standard","meta":{"neve_meta_sidebar":"","neve_meta_container":"","neve_meta_enable_content_width":"","neve_meta_content_width":0,"neve_meta_title_alignment":"","neve_meta_author_avatar":"","neve_post_elements_order":"","neve_meta_disable_header":"","neve_meta_disable_footer":"","neve_meta_disable_title":"","footnotes":""},"categories":[123],"tags":[],"class_list":["post-42601","post","type-post","status-publish","format-standard","has-post-thumbnail","hentry","category-vagas-de-emprego-nacionais"],"yoast_head":"<!-- This site is optimized with the Yoast SEO plugin v27.5 - https:\/\/yoast.com\/product\/yoast-seo-wordpress\/ -->\n<title>Pacaembu Autope\u00e7as: 112 vagas de emprego pelo pa\u00eds -<\/title>\n<meta name=\"description\" content=\"Veja em Vagas de Emprego RJ as vagas de emprego com e sem experi\u00eancia no seu Estado e Regi\u00e3o!\" \/>\n<meta name=\"robots\" content=\"index, follow, max-snippet:-1, max-image-preview:large, max-video-preview:-1\" \/>\n<link rel=\"canonical\" href=\"https:\/\/www.vagadeempregorj.com.br\/fr\/pacaembu-autopecas-112-vagas-de-emprego-pelo-pais\/\" \/>\n<meta property=\"og:locale\" content=\"fr_FR\" \/>\n<meta property=\"og:type\" content=\"article\" \/>\n<meta property=\"og:title\" content=\"Pacaembu Autope\u00e7as: 112 vagas de emprego pelo pa\u00eds -\" \/>\n<meta property=\"og:description\" content=\"Veja em Vagas de Emprego RJ as vagas de emprego com e sem experi\u00eancia no seu Estado e Regi\u00e3o!\" \/>\n<meta property=\"og:url\" content=\"https:\/\/www.vagadeempregorj.com.br\/fr\/pacaembu-autopecas-112-vagas-de-emprego-pelo-pais\/\" \/>\n<meta property=\"article:publisher\" content=\"https:\/\/www.facebook.com\/empregobrasiloficial\" \/>\n<meta property=\"article:published_time\" content=\"2025-02-21T09:00:00+00:00\" \/>\n<meta property=\"og:image\" content=\"https:\/\/www.vagadeempregorj.com.br\/wp-content\/uploads\/2025\/02\/image-28.png\" \/>\n\t<meta property=\"og:image:width\" content=\"980\" \/>\n\t<meta property=\"og:image:height\" content=\"557\" \/>\n\t<meta property=\"og:image:type\" content=\"image\/png\" \/>\n<meta name=\"author\" content=\"Michele\" \/>\n<meta name=\"twitter:card\" content=\"summary_large_image\" \/>\n<meta name=\"twitter:label1\" content=\"Written by\" \/>\n\t<meta name=\"twitter:data1\" content=\"Michele\" \/>\n\t<meta name=\"twitter:label2\" content=\"Est. reading time\" \/>\n\t<meta name=\"twitter:data2\" content=\"3 minutes\" \/>\n<script type=\"application\/ld+json\" class=\"yoast-schema-graph\">{\"@context\":\"https:\\\/\\\/schema.org\",\"@graph\":[{\"@type\":\"Article\",\"@id\":\"https:\\\/\\\/www.vagadeempregorj.com.br\\\/pacaembu-autopecas-112-vagas-de-emprego-pelo-pais\\\/#article\",\"isPartOf\":{\"@id\":\"https:\\\/\\\/www.vagadeempregorj.com.br\\\/pacaembu-autopecas-112-vagas-de-emprego-pelo-pais\\\/\"},\"author\":{\"name\":\"Michele\",\"@id\":\"https:\\\/\\\/www.vagadeempregorj.com.br\\\/#\\\/schema\\\/person\\\/3ddb19fa0539706786e502152f3aae95\"},\"headline\":\"Pacaembu Autope\u00e7as: 112 vagas de emprego pelo pa\u00eds\",\"datePublished\":\"2025-02-21T09:00:00+00:00\",\"mainEntityOfPage\":{\"@id\":\"https:\\\/\\\/www.vagadeempregorj.com.br\\\/pacaembu-autopecas-112-vagas-de-emprego-pelo-pais\\\/\"},\"wordCount\":692,\"image\":{\"@id\":\"https:\\\/\\\/www.vagadeempregorj.com.br\\\/pacaembu-autopecas-112-vagas-de-emprego-pelo-pais\\\/#primaryimage\"},\"thumbnailUrl\":\"https:\\\/\\\/www.vagadeempregorj.com.br\\\/wp-content\\\/uploads\\\/2025\\\/02\\\/image-28.png\",\"articleSection\":[\"Vagas de Emprego Nacionais\"],\"inLanguage\":\"fr-FR\"},{\"@type\":\"WebPage\",\"@id\":\"https:\\\/\\\/www.vagadeempregorj.com.br\\\/pacaembu-autopecas-112-vagas-de-emprego-pelo-pais\\\/\",\"url\":\"https:\\\/\\\/www.vagadeempregorj.com.br\\\/pacaembu-autopecas-112-vagas-de-emprego-pelo-pais\\\/\",\"name\":\"Pacaembu Autope\u00e7as: 112 vagas de emprego pelo pa\u00eds -\",\"isPartOf\":{\"@id\":\"https:\\\/\\\/www.vagadeempregorj.com.br\\\/#website\"},\"primaryImageOfPage\":{\"@id\":\"https:\\\/\\\/www.vagadeempregorj.com.br\\\/pacaembu-autopecas-112-vagas-de-emprego-pelo-pais\\\/#primaryimage\"},\"image\":{\"@id\":\"https:\\\/\\\/www.vagadeempregorj.com.br\\\/pacaembu-autopecas-112-vagas-de-emprego-pelo-pais\\\/#primaryimage\"},\"thumbnailUrl\":\"https:\\\/\\\/www.vagadeempregorj.com.br\\\/wp-content\\\/uploads\\\/2025\\\/02\\\/image-28.png\",\"datePublished\":\"2025-02-21T09:00:00+00:00\",\"author\":{\"@id\":\"https:\\\/\\\/www.vagadeempregorj.com.br\\\/#\\\/schema\\\/person\\\/3ddb19fa0539706786e502152f3aae95\"},\"description\":\"Veja em Vagas de Emprego RJ as vagas de emprego com e sem experi\u00eancia no seu Estado e Regi\u00e3o!\",\"breadcrumb\":{\"@id\":\"https:\\\/\\\/www.vagadeempregorj.com.br\\\/pacaembu-autopecas-112-vagas-de-emprego-pelo-pais\\\/#breadcrumb\"},\"inLanguage\":\"fr-FR\",\"potentialAction\":[{\"@type\":\"ReadAction\",\"target\":[\"https:\\\/\\\/www.vagadeempregorj.com.br\\\/pacaembu-autopecas-112-vagas-de-emprego-pelo-pais\\\/\"]}]},{\"@type\":\"ImageObject\",\"inLanguage\":\"fr-FR\",\"@id\":\"https:\\\/\\\/www.vagadeempregorj.com.br\\\/pacaembu-autopecas-112-vagas-de-emprego-pelo-pais\\\/#primaryimage\",\"url\":\"https:\\\/\\\/www.vagadeempregorj.com.br\\\/wp-content\\\/uploads\\\/2025\\\/02\\\/image-28.png\",\"contentUrl\":\"https:\\\/\\\/www.vagadeempregorj.com.br\\\/wp-content\\\/uploads\\\/2025\\\/02\\\/image-28.png\",\"width\":980,\"height\":557,\"caption\":\"Pacaembu Autope\u00e7as\"},{\"@type\":\"BreadcrumbList\",\"@id\":\"https:\\\/\\\/www.vagadeempregorj.com.br\\\/pacaembu-autopecas-112-vagas-de-emprego-pelo-pais\\\/#breadcrumb\",\"itemListElement\":[{\"@type\":\"ListItem\",\"position\":1,\"name\":\"In\u00edcio\",\"item\":\"https:\\\/\\\/www.vagadeempregorj.com.br\\\/\"},{\"@type\":\"ListItem\",\"position\":2,\"name\":\"Vagas de Emprego Nacionais\",\"item\":\"https:\\\/\\\/www.vagadeempregorj.com.br\\\/vagas-de-emprego-nacionais\\\/\"},{\"@type\":\"ListItem\",\"position\":3,\"name\":\"Pacaembu Autope\u00e7as: 112 vagas de emprego pelo pa\u00eds\"}]},{\"@type\":\"WebSite\",\"@id\":\"https:\\\/\\\/www.vagadeempregorj.com.br\\\/#website\",\"url\":\"https:\\\/\\\/www.vagadeempregorj.com.br\\\/\",\"name\":\"\",\"description\":\"Conquiste Sonhos: Vagas, Benef\u00edcios e Economia para Transformar Vidas e Alcan\u00e7ar Melhorias Cotidianas\",\"potentialAction\":[{\"@type\":\"SearchAction\",\"target\":{\"@type\":\"EntryPoint\",\"urlTemplate\":\"https:\\\/\\\/www.vagadeempregorj.com.br\\\/?s={search_term_string}\"},\"query-input\":{\"@type\":\"PropertyValueSpecification\",\"valueRequired\":true,\"valueName\":\"search_term_string\"}}],\"inLanguage\":\"fr-FR\"},{\"@type\":\"Person\",\"@id\":\"https:\\\/\\\/www.vagadeempregorj.com.br\\\/#\\\/schema\\\/person\\\/3ddb19fa0539706786e502152f3aae95\",\"name\":\"Michele\",\"image\":{\"@type\":\"ImageObject\",\"inLanguage\":\"fr-FR\",\"@id\":\"https:\\\/\\\/secure.gravatar.com\\\/avatar\\\/6b0eb9d22841282815e2cd856a0061c45e1761cd54b22e952d98c4746939aa85?s=96&r=g\",\"url\":\"https:\\\/\\\/secure.gravatar.com\\\/avatar\\\/6b0eb9d22841282815e2cd856a0061c45e1761cd54b22e952d98c4746939aa85?s=96&r=g\",\"contentUrl\":\"https:\\\/\\\/secure.gravatar.com\\\/avatar\\\/6b0eb9d22841282815e2cd856a0061c45e1761cd54b22e952d98c4746939aa85?s=96&r=g\",\"caption\":\"Michele\"},\"description\":\"Formada em Letras - Portugu\u00eas\\\/ Ingl\u00eas, e idealizadora do site Escritora de Sucesso, busca expandir o conhecimento de todos com informa\u00e7\u00f5es relevantes sobre diversos assuntos, enquanto redatora. No Vaga de Emprego RJ, traz oportunidades e dicas sobre o mercado de trabalho.\",\"url\":\"https:\\\/\\\/www.vagadeempregorj.com.br\\\/fr\\\/author\\\/michele\\\/\"}]}<\/script>\n<!-- \/ Yoast SEO plugin. -->","yoast_head_json":{"title":"Pacaembu Autope\u00e7as: 112 vagas de emprego pelo pa\u00eds -","description":"Veja em Vagas de Emprego RJ as vagas de emprego com e sem experi\u00eancia no seu Estado e Regi\u00e3o!","robots":{"index":"index","follow":"follow","max-snippet":"max-snippet:-1","max-image-preview":"max-image-preview:large","max-video-preview":"max-video-preview:-1"},"canonical":"https:\/\/www.vagadeempregorj.com.br\/fr\/pacaembu-autopecas-112-vagas-de-emprego-pelo-pais\/","og_locale":"fr_FR","og_type":"article","og_title":"Pacaembu Autope\u00e7as: 112 vagas de emprego pelo pa\u00eds -","og_description":"Veja em Vagas de Emprego RJ as vagas de emprego com e sem experi\u00eancia no seu Estado e Regi\u00e3o!","og_url":"https:\/\/www.vagadeempregorj.com.br\/fr\/pacaembu-autopecas-112-vagas-de-emprego-pelo-pais\/","article_publisher":"https:\/\/www.facebook.com\/empregobrasiloficial","article_published_time":"2025-02-21T09:00:00+00:00","og_image":[{"width":980,"height":557,"url":"https:\/\/www.vagadeempregorj.com.br\/wp-content\/uploads\/2025\/02\/image-28.png","type":"image\/png"}],"author":"Michele","twitter_card":"summary_large_image","twitter_misc":{"Written by":"Michele","Est. reading time":"3 minutes"},"schema":{"@context":"https:\/\/schema.org","@graph":[{"@type":"Article","@id":"https:\/\/www.vagadeempregorj.com.br\/pacaembu-autopecas-112-vagas-de-emprego-pelo-pais\/#article","isPartOf":{"@id":"https:\/\/www.vagadeempregorj.com.br\/pacaembu-autopecas-112-vagas-de-emprego-pelo-pais\/"},"author":{"name":"Michele","@id":"https:\/\/www.vagadeempregorj.com.br\/#\/schema\/person\/3ddb19fa0539706786e502152f3aae95"},"headline":"Pacaembu Autope\u00e7as: 112 vagas de emprego pelo pa\u00eds","datePublished":"2025-02-21T09:00:00+00:00","mainEntityOfPage":{"@id":"https:\/\/www.vagadeempregorj.com.br\/pacaembu-autopecas-112-vagas-de-emprego-pelo-pais\/"},"wordCount":692,"image":{"@id":"https:\/\/www.vagadeempregorj.com.br\/pacaembu-autopecas-112-vagas-de-emprego-pelo-pais\/#primaryimage"},"thumbnailUrl":"https:\/\/www.vagadeempregorj.com.br\/wp-content\/uploads\/2025\/02\/image-28.png","articleSection":["Vagas de Emprego Nacionais"],"inLanguage":"fr-FR"},{"@type":"WebPage","@id":"https:\/\/www.vagadeempregorj.com.br\/pacaembu-autopecas-112-vagas-de-emprego-pelo-pais\/","url":"https:\/\/www.vagadeempregorj.com.br\/pacaembu-autopecas-112-vagas-de-emprego-pelo-pais\/","name":"Pacaembu Autope\u00e7as: 112 vagas de emprego pelo pa\u00eds -","isPartOf":{"@id":"https:\/\/www.vagadeempregorj.com.br\/#website"},"primaryImageOfPage":{"@id":"https:\/\/www.vagadeempregorj.com.br\/pacaembu-autopecas-112-vagas-de-emprego-pelo-pais\/#primaryimage"},"image":{"@id":"https:\/\/www.vagadeempregorj.com.br\/pacaembu-autopecas-112-vagas-de-emprego-pelo-pais\/#primaryimage"},"thumbnailUrl":"https:\/\/www.vagadeempregorj.com.br\/wp-content\/uploads\/2025\/02\/image-28.png","datePublished":"2025-02-21T09:00:00+00:00","author":{"@id":"https:\/\/www.vagadeempregorj.com.br\/#\/schema\/person\/3ddb19fa0539706786e502152f3aae95"},"description":"Veja em Vagas de Emprego RJ as vagas de emprego com e sem experi\u00eancia no seu Estado e Regi\u00e3o!","breadcrumb":{"@id":"https:\/\/www.vagadeempregorj.com.br\/pacaembu-autopecas-112-vagas-de-emprego-pelo-pais\/#breadcrumb"},"inLanguage":"fr-FR","potentialAction":[{"@type":"ReadAction","target":["https:\/\/www.vagadeempregorj.com.br\/pacaembu-autopecas-112-vagas-de-emprego-pelo-pais\/"]}]},{"@type":"ImageObject","inLanguage":"fr-FR","@id":"https:\/\/www.vagadeempregorj.com.br\/pacaembu-autopecas-112-vagas-de-emprego-pelo-pais\/#primaryimage","url":"https:\/\/www.vagadeempregorj.com.br\/wp-content\/uploads\/2025\/02\/image-28.png","contentUrl":"https:\/\/www.vagadeempregorj.com.br\/wp-content\/uploads\/2025\/02\/image-28.png","width":980,"height":557,"caption":"Pacaembu Autope\u00e7as"},{"@type":"BreadcrumbList","@id":"https:\/\/www.vagadeempregorj.com.br\/pacaembu-autopecas-112-vagas-de-emprego-pelo-pais\/#breadcrumb","itemListElement":[{"@type":"ListItem","position":1,"name":"In\u00edcio","item":"https:\/\/www.vagadeempregorj.com.br\/"},{"@type":"ListItem","position":2,"name":"Vagas de Emprego Nacionais","item":"https:\/\/www.vagadeempregorj.com.br\/vagas-de-emprego-nacionais\/"},{"@type":"ListItem","position":3,"name":"Pacaembu Autope\u00e7as: 112 vagas de emprego pelo pa\u00eds"}]},{"@type":"WebSite","@id":"https:\/\/www.vagadeempregorj.com.br\/#website","url":"https:\/\/www.vagadeempregorj.com.br\/","name":"","description":"Conquiste Sonhos: Vagas, Benef\u00edcios e Economia para Transformar Vidas e Alcan\u00e7ar Melhorias Cotidianas","potentialAction":[{"@type":"SearchAction","target":{"@type":"EntryPoint","urlTemplate":"https:\/\/www.vagadeempregorj.com.br\/?s={search_term_string}"},"query-input":{"@type":"PropertyValueSpecification","valueRequired":true,"valueName":"search_term_string"}}],"inLanguage":"fr-FR"},{"@type":"Person","@id":"https:\/\/www.vagadeempregorj.com.br\/#\/schema\/person\/3ddb19fa0539706786e502152f3aae95","name":"Michele","image":{"@type":"ImageObject","inLanguage":"fr-FR","@id":"https:\/\/secure.gravatar.com\/avatar\/6b0eb9d22841282815e2cd856a0061c45e1761cd54b22e952d98c4746939aa85?s=96&r=g","url":"https:\/\/secure.gravatar.com\/avatar\/6b0eb9d22841282815e2cd856a0061c45e1761cd54b22e952d98c4746939aa85?s=96&r=g","contentUrl":"https:\/\/secure.gravatar.com\/avatar\/6b0eb9d22841282815e2cd856a0061c45e1761cd54b22e952d98c4746939aa85?s=96&r=g","caption":"Michele"},"description":"Formada em Letras - Portugu\u00eas\/ Ingl\u00eas, e idealizadora do site Escritora de Sucesso, busca expandir o conhecimento de todos com informa\u00e7\u00f5es relevantes sobre diversos assuntos, enquanto redatora. No Vaga de Emprego RJ, traz oportunidades e dicas sobre o mercado de trabalho.","url":"https:\/\/www.vagadeempregorj.com.br\/fr\/author\/michele\/"}]}},"_links":{"self":[{"href":"https:\/\/www.vagadeempregorj.com.br\/fr\/wp-json\/wp\/v2\/posts\/42601","targetHints":{"allow":["GET"]}}],"collection":[{"href":"https:\/\/www.vagadeempregorj.com.br\/fr\/wp-json\/wp\/v2\/posts"}],"about":[{"href":"https:\/\/www.vagadeempregorj.com.br\/fr\/wp-json\/wp\/v2\/types\/post"}],"author":[{"embeddable":true,"href":"https:\/\/www.vagadeempregorj.com.br\/fr\/wp-json\/wp\/v2\/users\/16"}],"replies":[{"embeddable":true,"href":"https:\/\/www.vagadeempregorj.com.br\/fr\/wp-json\/wp\/v2\/comments?post=42601"}],"version-history":[{"count":0,"href":"https:\/\/www.vagadeempregorj.com.br\/fr\/wp-json\/wp\/v2\/posts\/42601\/revisions"}],"wp:featuredmedia":[{"embeddable":true,"href":"https:\/\/www.vagadeempregorj.com.br\/fr\/wp-json\/wp\/v2\/media\/42619"}],"wp:attachment":[{"href":"https:\/\/www.vagadeempregorj.com.br\/fr\/wp-json\/wp\/v2\/media?parent=42601"}],"wp:term":[{"taxonomy":"category","embeddable":true,"href":"https:\/\/www.vagadeempregorj.com.br\/fr\/wp-json\/wp\/v2\/categories?post=42601"},{"taxonomy":"post_tag","embeddable":true,"href":"https:\/\/www.vagadeempregorj.com.br\/fr\/wp-json\/wp\/v2\/tags?post=42601"}],"curies":[{"name":"wp","href":"https:\/\/api.w.org\/{rel}","templated":true}]}}