{"id":42651,"date":"2025-03-01T06:00:00","date_gmt":"2025-03-01T09:00:00","guid":{"rendered":"https:\/\/www.vagadeempregorj.com.br\/?p=42651"},"modified":"2025-02-18T19:01:16","modified_gmt":"2025-02-18T22:01:16","slug":"caedu-109-vagas-de-emprego-abertas-pelo-pais","status":"publish","type":"post","link":"https:\/\/www.vagadeempregorj.com.br\/fr\/caedu-109-vagas-de-emprego-abertas-pelo-pais\/","title":{"rendered":"Caedu: 109 vagas de emprego abertas pelo pa\u00eds"},"content":{"rendered":"<p>Voc\u00ea est\u00e1 em busca de uma nova oportunidade de trabalho? Ent\u00e3o, prepare-se para uma not\u00edcia animadora! A <strong>Caedu<\/strong>, uma das principais redes de varejo de moda do Brasil, est\u00e1 divulgando 109 vagas de emprego abertas em diversas regi\u00f5es do pa\u00eds.<\/p>\n\n\n\n<p>Se voc\u00ea deseja fazer parte de uma empresa que valoriza o desenvolvimento profissional e oferece um ambiente acolhedor, continue lendo para descobrir as oportunidades dispon\u00edveis e como se candidatar.<\/p>\n\n\n\n<figure class=\"wp-block-image size-full\"><img loading=\"lazy\" decoding=\"async\" width=\"900\" height=\"500\" src=\"https:\/\/www.vagadeempregorj.com.br\/wp-content\/uploads\/2025\/02\/image-40.png\" alt=\"\" class=\"wp-image-42672\" srcset=\"https:\/\/www.vagadeempregorj.com.br\/wp-content\/uploads\/2025\/02\/image-40.png 900w, https:\/\/www.vagadeempregorj.com.br\/wp-content\/uploads\/2025\/02\/image-40-300x167.png 300w, https:\/\/www.vagadeempregorj.com.br\/wp-content\/uploads\/2025\/02\/image-40-768x427.png 768w, https:\/\/www.vagadeempregorj.com.br\/wp-content\/uploads\/2025\/02\/image-40-350x195.png 350w, https:\/\/www.vagadeempregorj.com.br\/wp-content\/uploads\/2025\/02\/image-40-150x83.png 150w\" sizes=\"auto, (max-width: 900px) 100vw, 900px\" \/><\/figure>\n\n\n\n<h2 class=\"wp-block-heading\">Quais s\u00e3o as oportunidades de carreira na Caedu?<\/h2>\n\n\n\n<p>A Caedu est\u00e1 em expans\u00e3o e busca profissionais dedicados para compor seu time. As vagas abrangem diferentes \u00e1reas e n\u00edveis de experi\u00eancia, proporcionando chances para quem est\u00e1 iniciando a carreira ou para aqueles que j\u00e1 possuem trajet\u00f3ria no mercado. A seguir, destacamos algumas das principais oportunidades:<\/p>\n\n\n\n<h3 class=\"wp-block-heading\">Operador de Loja<\/h3>\n\n\n\n<p>Como Operador de Loja, voc\u00ea ser\u00e1 respons\u00e1vel por:<\/p>\n\n\n\n<ul class=\"wp-block-list\">\n<li><strong>Atendimento ao cliente<\/strong>: auxiliar os clientes na escolha de produtos e esclarecer d\u00favidas.<\/li>\n\n\n\n<li><strong>Reposi\u00e7\u00e3o de mercadorias<\/strong>: garantir que as prateleiras estejam sempre abastecidas e organizadas.<\/li>\n\n\n\n<li><strong>Organiza\u00e7\u00e3o do provador<\/strong>: manter o espa\u00e7o limpo e pronto para uso.<\/li>\n\n\n\n<li><strong>Controle de estoque<\/strong>: auxiliar na gest\u00e3o e organiza\u00e7\u00e3o do estoque da loja.<\/li>\n<\/ul>\n\n\n\n<p>Essa posi\u00e7\u00e3o \u00e9 ideal para quem possui ensino m\u00e9dio completo e busca ingressar no setor de varejo. Al\u00e9m disso, a empresa valoriza profissionais proativos e com boa comunica\u00e7\u00e3o.<\/p>\n\n\n\n<h3 class=\"wp-block-heading\">Aprendiz (Loja)<\/h3>\n\n\n\n<p>Se voc\u00ea est\u00e1 cursando ou concluiu o ensino m\u00e9dio e procura a primeira experi\u00eancia profissional, a vaga de Aprendiz pode ser a porta de entrada. As atividades incluem:<\/p>\n\n\n\n<ul class=\"wp-block-list\">\n<li><strong>Atendimento aos clientes<\/strong>: oferecer suporte e informa\u00e7\u00f5es sobre os produtos.<\/li>\n\n\n\n<li><strong>Reposi\u00e7\u00e3o de produtos<\/strong>: auxiliar na organiza\u00e7\u00e3o e reposi\u00e7\u00e3o das mercadorias.<\/li>\n\n\n\n<li><strong>Apoio no provador<\/strong>: garantir a organiza\u00e7\u00e3o e limpeza do espa\u00e7o.<\/li>\n\n\n\n<li><strong>Atua\u00e7\u00e3o no estoque<\/strong>: colaborar na gest\u00e3o e arruma\u00e7\u00e3o do estoque.<\/li>\n<\/ul>\n\n\n\n<p>A Caedu oferece um ambiente prop\u00edcio para o desenvolvimento e crescimento profissional dos jovens talentos.<\/p>\n\n\n\n<h3 class=\"wp-block-heading\">Assistente Administrativo (Loja)<\/h3>\n\n\n\n<p>Para quem possui habilidades administrativas e deseja atuar no varejo, a posi\u00e7\u00e3o de Assistente Administrativo envolve:<\/p>\n\n\n\n<ul class=\"wp-block-list\">\n<li><strong>Gest\u00e3o de documentos<\/strong>: organizar e arquivar documentos pertinentes \u00e0 loja.<\/li>\n\n\n\n<li><strong>Suporte ao gerente<\/strong>: auxiliar nas demandas administrativas e operacionais.<\/li>\n\n\n\n<li><strong>Controle de caixa<\/strong>: monitorar as opera\u00e7\u00f5es financeiras e fechamento de caixa.<\/li>\n\n\n\n<li><strong>Atendimento ao cliente<\/strong>: prestar suporte em quest\u00f5es administrativas.<\/li>\n<\/ul>\n\n\n\n<p>\u00c9 necess\u00e1rio ter ensino m\u00e9dio completo e conhecimentos b\u00e1sicos em inform\u00e1tica. Experi\u00eancia pr\u00e9via na \u00e1rea administrativa ser\u00e1 um diferencial.<\/p>\n\n\n\n<h3 class=\"wp-block-heading\">Agente de Preven\u00e7\u00e3o de Perdas<\/h3>\n\n\n\n<p>A seguran\u00e7a e a integridade dos produtos s\u00e3o fundamentais. Como Agente de Preven\u00e7\u00e3o de Perdas, suas responsabilidades ser\u00e3o:<\/p>\n\n\n\n<ul class=\"wp-block-list\">\n<li><strong>Monitoramento da loja<\/strong>: observar movimenta\u00e7\u00f5es suspeitas e prevenir furtos.<\/li>\n\n\n\n<li><strong>Controle de entrada e sa\u00edda de mercadorias<\/strong>: assegurar que todos os processos sejam realizados corretamente.<\/li>\n\n\n\n<li><strong>Treinamento da equipe<\/strong>: orientar os colaboradores sobre pr\u00e1ticas de preven\u00e7\u00e3o de perdas.<\/li>\n\n\n\n<li><strong>Relat\u00f3rios de ocorr\u00eancias<\/strong>: documentar e reportar quaisquer incidentes.<\/li>\n<\/ul>\n\n\n\n<p>Para essa fun\u00e7\u00e3o, busca-se profissionais atentos, com boa capacidade de observa\u00e7\u00e3o e ensino m\u00e9dio completo.<\/p>\n\n\n\n<h3 class=\"wp-block-heading\">L\u00edder de Produtos Financeiros<\/h3>\n\n\n\n<p>Se voc\u00ea possui experi\u00eancia em vendas e lideran\u00e7a, a posi\u00e7\u00e3o de L\u00edder de Produtos Financeiros pode ser a ideal. As atribui\u00e7\u00f5es incluem:<\/p>\n\n\n\n<ul class=\"wp-block-list\">\n<li><strong>Gest\u00e3o da equipe<\/strong>: coordenar e motivar o time de vendas de produtos financeiros.<\/li>\n\n\n\n<li><strong>Acompanhamento de metas<\/strong>: garantir o cumprimento dos objetivos estabelecidos.<\/li>\n\n\n\n<li><strong>Treinamento<\/strong>: capacitar a equipe sobre os produtos e t\u00e9cnicas de vendas.<\/li>\n\n\n\n<li><strong>Atendimento ao cliente<\/strong>: auxiliar os clientes na escolha de produtos financeiros adequados \u00e0s suas necessidades.<\/li>\n<\/ul>\n\n\n\n<p>\u00c9 desej\u00e1vel experi\u00eancia anterior em vendas de produtos financeiros e habilidades de lideran\u00e7a.<\/p>\n\n\n\n<h3 class=\"wp-block-heading\">Supervisor de Vendas<\/h3>\n\n\n\n<p>Para profissionais com experi\u00eancia em supervis\u00e3o e vendas, a Caedu oferece a posi\u00e7\u00e3o de Supervisor de Vendas, cujas responsabilidades s\u00e3o:<\/p>\n\n\n\n<ul class=\"wp-block-list\">\n<li><strong>Coordena\u00e7\u00e3o da equipe de vendas<\/strong>: liderar, motivar e desenvolver os vendedores.<\/li>\n\n\n\n<li><strong>Defini\u00e7\u00e3o de estrat\u00e9gias<\/strong>: elaborar planos para atingir e superar metas de vendas.<\/li>\n\n\n\n<li><strong>An\u00e1lise de desempenho<\/strong>: monitorar indicadores e propor melhorias.<\/li>\n\n\n\n<li><strong>Atendimento ao cliente<\/strong>: garantir a satisfa\u00e7\u00e3o e fideliza\u00e7\u00e3o dos clientes.<\/li>\n<\/ul>\n\n\n\n<p>Forma\u00e7\u00e3o superior em \u00e1reas correlatas e experi\u00eancia em lideran\u00e7a de equipes s\u00e3o requisitos para essa posi\u00e7\u00e3o.<\/p>\n\n\n\n<h2 class=\"wp-block-heading\">Como se candidatar?<\/h2>\n\n\n\n<p>Interessado em fazer parte do time Caedu? O processo de candidatura \u00e9 simples e pode ser realizado online. Siga os passos abaixo para se inscrever:<\/p>\n\n\n\n<ul class=\"wp-block-list\">\n<li>Digite <strong>https:\/\/caedu.gupy.io\/ <\/strong>em seu navegador.<\/li>\n\n\n\n<li>Explore as oportunidades listadas e escolha a que mais se alinha ao seu perfil e interesse.<\/li>\n\n\n\n<li>Ao encontrar a posi\u00e7\u00e3o de seu interesse, clique sobre ela para obter mais detalhes.<\/li>\n\n\n\n<li>Leia atentamente as informa\u00e7\u00f5es para garantir que a vaga corresponde \u00e0s suas expectativas e qualifica\u00e7\u00f5es.<\/li>\n\n\n\n<li>Inicie o processo de inscri\u00e7\u00e3o preenchendo as informa\u00e7\u00f5es solicitadas.<\/li>\n\n\n\n<li>Forne\u00e7a os dados pessoais, profissionais e anexe seu curr\u00edculo atualizado.<\/li>\n\n\n\n<li>Revise todas as informa\u00e7\u00f5es e envie sua inscri\u00e7\u00e3o.<\/li>\n<\/ul>\n\n\n\n<p>Ap\u00f3s a inscri\u00e7\u00e3o, o time de recrutamento da Caedu analisar\u00e1 seu perfil e, caso esteja alinhado com a vaga, entrar\u00e1 em contato para as pr\u00f3ximas etapas do processo seletivo.<\/p>\n\n\n\n<p>N\u00e3o perca essa chance de integrar uma empresa que valoriza seus colaboradores e oferece oportunidades reais de crescimento. A Caedu est\u00e1 esperando por voc\u00ea para, juntos, vestirem hist\u00f3rias mais felizes.<\/p>\n\n\n\n<p><strong>Veja tamb\u00e9m: <a href=\"https:\/\/www.vagadeempregorj.com.br\/fr\/grupo-lider-64-vagas-de-emprego-pelo-pais\/\">Grupo Lider: 64 vagas de emprego pelo pa\u00eds<\/a><\/strong><\/p>\n\n\n\n<p>1 de mar\u00e7o de 2025<\/p>","protected":false},"excerpt":{"rendered":"<p>Voc\u00ea est\u00e1 em busca de uma nova oportunidade de trabalho? Ent\u00e3o, prepare-se para uma not\u00edcia animadora! A Caedu, uma das principais redes de varejo de moda do Brasil, est\u00e1 divulgando 109 vagas de emprego abertas em diversas regi\u00f5es do pa\u00eds. Se voc\u00ea deseja fazer parte de uma empresa que valoriza o desenvolvimento profissional e oferece&hellip;&nbsp;<\/p>","protected":false},"author":16,"featured_media":42672,"comment_status":"closed","ping_status":"closed","sticky":false,"template":"","format":"standard","meta":{"neve_meta_sidebar":"","neve_meta_container":"","neve_meta_enable_content_width":"","neve_meta_content_width":0,"neve_meta_title_alignment":"","neve_meta_author_avatar":"","neve_post_elements_order":"","neve_meta_disable_header":"","neve_meta_disable_footer":"","neve_meta_disable_title":"","footnotes":""},"categories":[123],"tags":[],"class_list":["post-42651","post","type-post","status-publish","format-standard","has-post-thumbnail","hentry","category-vagas-de-emprego-nacionais"],"yoast_head":"<!-- This site is optimized with the Yoast SEO plugin v27.5 - https:\/\/yoast.com\/product\/yoast-seo-wordpress\/ -->\n<title>Caedu: 109 vagas de emprego abertas pelo pa\u00eds -<\/title>\n<meta name=\"description\" content=\"Veja em Vagas de Emprego RJ as vagas de emprego com e sem experi\u00eancia no seu Estado e Regi\u00e3o!\" \/>\n<meta name=\"robots\" content=\"index, follow, max-snippet:-1, max-image-preview:large, max-video-preview:-1\" \/>\n<link rel=\"canonical\" href=\"https:\/\/www.vagadeempregorj.com.br\/fr\/caedu-109-vagas-de-emprego-abertas-pelo-pais\/\" \/>\n<meta property=\"og:locale\" content=\"fr_FR\" \/>\n<meta property=\"og:type\" content=\"article\" \/>\n<meta property=\"og:title\" content=\"Caedu: 109 vagas de emprego abertas pelo pa\u00eds -\" \/>\n<meta property=\"og:description\" content=\"Veja em Vagas de Emprego RJ as vagas de emprego com e sem experi\u00eancia no seu Estado e Regi\u00e3o!\" \/>\n<meta property=\"og:url\" content=\"https:\/\/www.vagadeempregorj.com.br\/fr\/caedu-109-vagas-de-emprego-abertas-pelo-pais\/\" \/>\n<meta property=\"article:publisher\" content=\"https:\/\/www.facebook.com\/empregobrasiloficial\" \/>\n<meta property=\"article:published_time\" content=\"2025-03-01T09:00:00+00:00\" \/>\n<meta property=\"og:image\" content=\"https:\/\/www.vagadeempregorj.com.br\/wp-content\/uploads\/2025\/02\/image-40.png\" \/>\n\t<meta property=\"og:image:width\" content=\"900\" \/>\n\t<meta property=\"og:image:height\" content=\"500\" \/>\n\t<meta property=\"og:image:type\" content=\"image\/png\" \/>\n<meta name=\"author\" content=\"Michele\" \/>\n<meta name=\"twitter:card\" content=\"summary_large_image\" \/>\n<meta name=\"twitter:label1\" content=\"Written by\" \/>\n\t<meta name=\"twitter:data1\" content=\"Michele\" \/>\n\t<meta name=\"twitter:label2\" content=\"Est. reading time\" \/>\n\t<meta name=\"twitter:data2\" content=\"4 minutes\" \/>\n<script type=\"application\/ld+json\" class=\"yoast-schema-graph\">{\"@context\":\"https:\\\/\\\/schema.org\",\"@graph\":[{\"@type\":\"Article\",\"@id\":\"https:\\\/\\\/www.vagadeempregorj.com.br\\\/caedu-109-vagas-de-emprego-abertas-pelo-pais\\\/#article\",\"isPartOf\":{\"@id\":\"https:\\\/\\\/www.vagadeempregorj.com.br\\\/caedu-109-vagas-de-emprego-abertas-pelo-pais\\\/\"},\"author\":{\"name\":\"Michele\",\"@id\":\"https:\\\/\\\/www.vagadeempregorj.com.br\\\/#\\\/schema\\\/person\\\/3ddb19fa0539706786e502152f3aae95\"},\"headline\":\"Caedu: 109 vagas de emprego abertas pelo pa\u00eds\",\"datePublished\":\"2025-03-01T09:00:00+00:00\",\"mainEntityOfPage\":{\"@id\":\"https:\\\/\\\/www.vagadeempregorj.com.br\\\/caedu-109-vagas-de-emprego-abertas-pelo-pais\\\/\"},\"wordCount\":901,\"image\":{\"@id\":\"https:\\\/\\\/www.vagadeempregorj.com.br\\\/caedu-109-vagas-de-emprego-abertas-pelo-pais\\\/#primaryimage\"},\"thumbnailUrl\":\"https:\\\/\\\/www.vagadeempregorj.com.br\\\/wp-content\\\/uploads\\\/2025\\\/02\\\/image-40.png\",\"articleSection\":[\"Vagas de Emprego Nacionais\"],\"inLanguage\":\"fr-FR\"},{\"@type\":\"WebPage\",\"@id\":\"https:\\\/\\\/www.vagadeempregorj.com.br\\\/caedu-109-vagas-de-emprego-abertas-pelo-pais\\\/\",\"url\":\"https:\\\/\\\/www.vagadeempregorj.com.br\\\/caedu-109-vagas-de-emprego-abertas-pelo-pais\\\/\",\"name\":\"Caedu: 109 vagas de emprego abertas pelo pa\u00eds -\",\"isPartOf\":{\"@id\":\"https:\\\/\\\/www.vagadeempregorj.com.br\\\/#website\"},\"primaryImageOfPage\":{\"@id\":\"https:\\\/\\\/www.vagadeempregorj.com.br\\\/caedu-109-vagas-de-emprego-abertas-pelo-pais\\\/#primaryimage\"},\"image\":{\"@id\":\"https:\\\/\\\/www.vagadeempregorj.com.br\\\/caedu-109-vagas-de-emprego-abertas-pelo-pais\\\/#primaryimage\"},\"thumbnailUrl\":\"https:\\\/\\\/www.vagadeempregorj.com.br\\\/wp-content\\\/uploads\\\/2025\\\/02\\\/image-40.png\",\"datePublished\":\"2025-03-01T09:00:00+00:00\",\"author\":{\"@id\":\"https:\\\/\\\/www.vagadeempregorj.com.br\\\/#\\\/schema\\\/person\\\/3ddb19fa0539706786e502152f3aae95\"},\"description\":\"Veja em Vagas de Emprego RJ as vagas de emprego com e sem experi\u00eancia no seu Estado e Regi\u00e3o!\",\"breadcrumb\":{\"@id\":\"https:\\\/\\\/www.vagadeempregorj.com.br\\\/caedu-109-vagas-de-emprego-abertas-pelo-pais\\\/#breadcrumb\"},\"inLanguage\":\"fr-FR\",\"potentialAction\":[{\"@type\":\"ReadAction\",\"target\":[\"https:\\\/\\\/www.vagadeempregorj.com.br\\\/caedu-109-vagas-de-emprego-abertas-pelo-pais\\\/\"]}]},{\"@type\":\"ImageObject\",\"inLanguage\":\"fr-FR\",\"@id\":\"https:\\\/\\\/www.vagadeempregorj.com.br\\\/caedu-109-vagas-de-emprego-abertas-pelo-pais\\\/#primaryimage\",\"url\":\"https:\\\/\\\/www.vagadeempregorj.com.br\\\/wp-content\\\/uploads\\\/2025\\\/02\\\/image-40.png\",\"contentUrl\":\"https:\\\/\\\/www.vagadeempregorj.com.br\\\/wp-content\\\/uploads\\\/2025\\\/02\\\/image-40.png\",\"width\":900,\"height\":500},{\"@type\":\"BreadcrumbList\",\"@id\":\"https:\\\/\\\/www.vagadeempregorj.com.br\\\/caedu-109-vagas-de-emprego-abertas-pelo-pais\\\/#breadcrumb\",\"itemListElement\":[{\"@type\":\"ListItem\",\"position\":1,\"name\":\"In\u00edcio\",\"item\":\"https:\\\/\\\/www.vagadeempregorj.com.br\\\/\"},{\"@type\":\"ListItem\",\"position\":2,\"name\":\"Vagas de Emprego Nacionais\",\"item\":\"https:\\\/\\\/www.vagadeempregorj.com.br\\\/vagas-de-emprego-nacionais\\\/\"},{\"@type\":\"ListItem\",\"position\":3,\"name\":\"Caedu: 109 vagas de emprego abertas pelo pa\u00eds\"}]},{\"@type\":\"WebSite\",\"@id\":\"https:\\\/\\\/www.vagadeempregorj.com.br\\\/#website\",\"url\":\"https:\\\/\\\/www.vagadeempregorj.com.br\\\/\",\"name\":\"\",\"description\":\"Conquiste Sonhos: Vagas, Benef\u00edcios e Economia para Transformar Vidas e Alcan\u00e7ar Melhorias Cotidianas\",\"potentialAction\":[{\"@type\":\"SearchAction\",\"target\":{\"@type\":\"EntryPoint\",\"urlTemplate\":\"https:\\\/\\\/www.vagadeempregorj.com.br\\\/?s={search_term_string}\"},\"query-input\":{\"@type\":\"PropertyValueSpecification\",\"valueRequired\":true,\"valueName\":\"search_term_string\"}}],\"inLanguage\":\"fr-FR\"},{\"@type\":\"Person\",\"@id\":\"https:\\\/\\\/www.vagadeempregorj.com.br\\\/#\\\/schema\\\/person\\\/3ddb19fa0539706786e502152f3aae95\",\"name\":\"Michele\",\"image\":{\"@type\":\"ImageObject\",\"inLanguage\":\"fr-FR\",\"@id\":\"https:\\\/\\\/secure.gravatar.com\\\/avatar\\\/6b0eb9d22841282815e2cd856a0061c45e1761cd54b22e952d98c4746939aa85?s=96&r=g\",\"url\":\"https:\\\/\\\/secure.gravatar.com\\\/avatar\\\/6b0eb9d22841282815e2cd856a0061c45e1761cd54b22e952d98c4746939aa85?s=96&r=g\",\"contentUrl\":\"https:\\\/\\\/secure.gravatar.com\\\/avatar\\\/6b0eb9d22841282815e2cd856a0061c45e1761cd54b22e952d98c4746939aa85?s=96&r=g\",\"caption\":\"Michele\"},\"description\":\"Formada em Letras - Portugu\u00eas\\\/ Ingl\u00eas, e idealizadora do site Escritora de Sucesso, busca expandir o conhecimento de todos com informa\u00e7\u00f5es relevantes sobre diversos assuntos, enquanto redatora. No Vaga de Emprego RJ, traz oportunidades e dicas sobre o mercado de trabalho.\",\"url\":\"https:\\\/\\\/www.vagadeempregorj.com.br\\\/fr\\\/author\\\/michele\\\/\"}]}<\/script>\n<!-- \/ Yoast SEO plugin. -->","yoast_head_json":{"title":"Caedu: 109 vagas de emprego abertas pelo pa\u00eds -","description":"Veja em Vagas de Emprego RJ as vagas de emprego com e sem experi\u00eancia no seu Estado e Regi\u00e3o!","robots":{"index":"index","follow":"follow","max-snippet":"max-snippet:-1","max-image-preview":"max-image-preview:large","max-video-preview":"max-video-preview:-1"},"canonical":"https:\/\/www.vagadeempregorj.com.br\/fr\/caedu-109-vagas-de-emprego-abertas-pelo-pais\/","og_locale":"fr_FR","og_type":"article","og_title":"Caedu: 109 vagas de emprego abertas pelo pa\u00eds -","og_description":"Veja em Vagas de Emprego RJ as vagas de emprego com e sem experi\u00eancia no seu Estado e Regi\u00e3o!","og_url":"https:\/\/www.vagadeempregorj.com.br\/fr\/caedu-109-vagas-de-emprego-abertas-pelo-pais\/","article_publisher":"https:\/\/www.facebook.com\/empregobrasiloficial","article_published_time":"2025-03-01T09:00:00+00:00","og_image":[{"width":900,"height":500,"url":"https:\/\/www.vagadeempregorj.com.br\/wp-content\/uploads\/2025\/02\/image-40.png","type":"image\/png"}],"author":"Michele","twitter_card":"summary_large_image","twitter_misc":{"Written by":"Michele","Est. reading time":"4 minutes"},"schema":{"@context":"https:\/\/schema.org","@graph":[{"@type":"Article","@id":"https:\/\/www.vagadeempregorj.com.br\/caedu-109-vagas-de-emprego-abertas-pelo-pais\/#article","isPartOf":{"@id":"https:\/\/www.vagadeempregorj.com.br\/caedu-109-vagas-de-emprego-abertas-pelo-pais\/"},"author":{"name":"Michele","@id":"https:\/\/www.vagadeempregorj.com.br\/#\/schema\/person\/3ddb19fa0539706786e502152f3aae95"},"headline":"Caedu: 109 vagas de emprego abertas pelo pa\u00eds","datePublished":"2025-03-01T09:00:00+00:00","mainEntityOfPage":{"@id":"https:\/\/www.vagadeempregorj.com.br\/caedu-109-vagas-de-emprego-abertas-pelo-pais\/"},"wordCount":901,"image":{"@id":"https:\/\/www.vagadeempregorj.com.br\/caedu-109-vagas-de-emprego-abertas-pelo-pais\/#primaryimage"},"thumbnailUrl":"https:\/\/www.vagadeempregorj.com.br\/wp-content\/uploads\/2025\/02\/image-40.png","articleSection":["Vagas de Emprego Nacionais"],"inLanguage":"fr-FR"},{"@type":"WebPage","@id":"https:\/\/www.vagadeempregorj.com.br\/caedu-109-vagas-de-emprego-abertas-pelo-pais\/","url":"https:\/\/www.vagadeempregorj.com.br\/caedu-109-vagas-de-emprego-abertas-pelo-pais\/","name":"Caedu: 109 vagas de emprego abertas pelo pa\u00eds -","isPartOf":{"@id":"https:\/\/www.vagadeempregorj.com.br\/#website"},"primaryImageOfPage":{"@id":"https:\/\/www.vagadeempregorj.com.br\/caedu-109-vagas-de-emprego-abertas-pelo-pais\/#primaryimage"},"image":{"@id":"https:\/\/www.vagadeempregorj.com.br\/caedu-109-vagas-de-emprego-abertas-pelo-pais\/#primaryimage"},"thumbnailUrl":"https:\/\/www.vagadeempregorj.com.br\/wp-content\/uploads\/2025\/02\/image-40.png","datePublished":"2025-03-01T09:00:00+00:00","author":{"@id":"https:\/\/www.vagadeempregorj.com.br\/#\/schema\/person\/3ddb19fa0539706786e502152f3aae95"},"description":"Veja em Vagas de Emprego RJ as vagas de emprego com e sem experi\u00eancia no seu Estado e Regi\u00e3o!","breadcrumb":{"@id":"https:\/\/www.vagadeempregorj.com.br\/caedu-109-vagas-de-emprego-abertas-pelo-pais\/#breadcrumb"},"inLanguage":"fr-FR","potentialAction":[{"@type":"ReadAction","target":["https:\/\/www.vagadeempregorj.com.br\/caedu-109-vagas-de-emprego-abertas-pelo-pais\/"]}]},{"@type":"ImageObject","inLanguage":"fr-FR","@id":"https:\/\/www.vagadeempregorj.com.br\/caedu-109-vagas-de-emprego-abertas-pelo-pais\/#primaryimage","url":"https:\/\/www.vagadeempregorj.com.br\/wp-content\/uploads\/2025\/02\/image-40.png","contentUrl":"https:\/\/www.vagadeempregorj.com.br\/wp-content\/uploads\/2025\/02\/image-40.png","width":900,"height":500},{"@type":"BreadcrumbList","@id":"https:\/\/www.vagadeempregorj.com.br\/caedu-109-vagas-de-emprego-abertas-pelo-pais\/#breadcrumb","itemListElement":[{"@type":"ListItem","position":1,"name":"In\u00edcio","item":"https:\/\/www.vagadeempregorj.com.br\/"},{"@type":"ListItem","position":2,"name":"Vagas de Emprego Nacionais","item":"https:\/\/www.vagadeempregorj.com.br\/vagas-de-emprego-nacionais\/"},{"@type":"ListItem","position":3,"name":"Caedu: 109 vagas de emprego abertas pelo pa\u00eds"}]},{"@type":"WebSite","@id":"https:\/\/www.vagadeempregorj.com.br\/#website","url":"https:\/\/www.vagadeempregorj.com.br\/","name":"","description":"Conquiste Sonhos: Vagas, Benef\u00edcios e Economia para Transformar Vidas e Alcan\u00e7ar Melhorias Cotidianas","potentialAction":[{"@type":"SearchAction","target":{"@type":"EntryPoint","urlTemplate":"https:\/\/www.vagadeempregorj.com.br\/?s={search_term_string}"},"query-input":{"@type":"PropertyValueSpecification","valueRequired":true,"valueName":"search_term_string"}}],"inLanguage":"fr-FR"},{"@type":"Person","@id":"https:\/\/www.vagadeempregorj.com.br\/#\/schema\/person\/3ddb19fa0539706786e502152f3aae95","name":"Michele","image":{"@type":"ImageObject","inLanguage":"fr-FR","@id":"https:\/\/secure.gravatar.com\/avatar\/6b0eb9d22841282815e2cd856a0061c45e1761cd54b22e952d98c4746939aa85?s=96&r=g","url":"https:\/\/secure.gravatar.com\/avatar\/6b0eb9d22841282815e2cd856a0061c45e1761cd54b22e952d98c4746939aa85?s=96&r=g","contentUrl":"https:\/\/secure.gravatar.com\/avatar\/6b0eb9d22841282815e2cd856a0061c45e1761cd54b22e952d98c4746939aa85?s=96&r=g","caption":"Michele"},"description":"Formada em Letras - Portugu\u00eas\/ Ingl\u00eas, e idealizadora do site Escritora de Sucesso, busca expandir o conhecimento de todos com informa\u00e7\u00f5es relevantes sobre diversos assuntos, enquanto redatora. No Vaga de Emprego RJ, traz oportunidades e dicas sobre o mercado de trabalho.","url":"https:\/\/www.vagadeempregorj.com.br\/fr\/author\/michele\/"}]}},"_links":{"self":[{"href":"https:\/\/www.vagadeempregorj.com.br\/fr\/wp-json\/wp\/v2\/posts\/42651","targetHints":{"allow":["GET"]}}],"collection":[{"href":"https:\/\/www.vagadeempregorj.com.br\/fr\/wp-json\/wp\/v2\/posts"}],"about":[{"href":"https:\/\/www.vagadeempregorj.com.br\/fr\/wp-json\/wp\/v2\/types\/post"}],"author":[{"embeddable":true,"href":"https:\/\/www.vagadeempregorj.com.br\/fr\/wp-json\/wp\/v2\/users\/16"}],"replies":[{"embeddable":true,"href":"https:\/\/www.vagadeempregorj.com.br\/fr\/wp-json\/wp\/v2\/comments?post=42651"}],"version-history":[{"count":0,"href":"https:\/\/www.vagadeempregorj.com.br\/fr\/wp-json\/wp\/v2\/posts\/42651\/revisions"}],"wp:featuredmedia":[{"embeddable":true,"href":"https:\/\/www.vagadeempregorj.com.br\/fr\/wp-json\/wp\/v2\/media\/42672"}],"wp:attachment":[{"href":"https:\/\/www.vagadeempregorj.com.br\/fr\/wp-json\/wp\/v2\/media?parent=42651"}],"wp:term":[{"taxonomy":"category","embeddable":true,"href":"https:\/\/www.vagadeempregorj.com.br\/fr\/wp-json\/wp\/v2\/categories?post=42651"},{"taxonomy":"post_tag","embeddable":true,"href":"https:\/\/www.vagadeempregorj.com.br\/fr\/wp-json\/wp\/v2\/tags?post=42651"}],"curies":[{"name":"wp","href":"https:\/\/api.w.org\/{rel}","templated":true}]}}