{"id":42653,"date":"2025-03-02T06:00:00","date_gmt":"2025-03-02T09:00:00","guid":{"rendered":"https:\/\/www.vagadeempregorj.com.br\/?p=42653"},"modified":"2025-02-18T19:01:17","modified_gmt":"2025-02-18T22:01:17","slug":"senac-45-novas-vagas-de-emprego-abertas-pelo-pais","status":"publish","type":"post","link":"https:\/\/www.vagadeempregorj.com.br\/fr\/senac-45-novas-vagas-de-emprego-abertas-pelo-pais\/","title":{"rendered":"SENAC: 45 novas vagas de emprego abertas pelo pa\u00eds"},"content":{"rendered":"<p>Buscando uma vaga de emprego? Tenho uma not\u00edcia empolgante para compartilhar: o Servi\u00e7o Nacional de Aprendizagem Comercial (<strong>SENAC<\/strong>) acaba de anunciar a abertura de 45 novas vagas de emprego em diversas regi\u00f5es do Brasil. Se voc\u00ea est\u00e1 \u00e0 procura de uma oportunidade para alavancar sua carreira, este pode ser o momento ideal.<\/p>\n\n\n\n<figure class=\"wp-block-image size-full is-resized\"><img loading=\"lazy\" decoding=\"async\" width=\"799\" height=\"533\" src=\"https:\/\/www.vagadeempregorj.com.br\/wp-content\/uploads\/2025\/02\/image-41.png\" alt=\"\" class=\"wp-image-42673\" style=\"width:840px;height:auto\" srcset=\"https:\/\/www.vagadeempregorj.com.br\/wp-content\/uploads\/2025\/02\/image-41.png 799w, https:\/\/www.vagadeempregorj.com.br\/wp-content\/uploads\/2025\/02\/image-41-300x200.png 300w, https:\/\/www.vagadeempregorj.com.br\/wp-content\/uploads\/2025\/02\/image-41-768x512.png 768w, https:\/\/www.vagadeempregorj.com.br\/wp-content\/uploads\/2025\/02\/image-41-150x100.png 150w\" sizes=\"auto, (max-width: 799px) 100vw, 799px\" \/><\/figure>\n\n\n\n<h2 class=\"wp-block-heading\">Quais s\u00e3o as oportunidades de carreira no SENAC?<\/h2>\n\n\n\n<p>O SENAC \u00e9 reconhecido por sua excel\u00eancia em educa\u00e7\u00e3o profissional e est\u00e1 constantemente em busca de talentos que compartilhem de sua miss\u00e3o de transformar vidas por meio do ensino de qualidade. As oportunidades s\u00e3o variadas e abrangem diferentes \u00e1reas de atua\u00e7\u00e3o. Vamos conhecer algumas delas?<\/p>\n\n\n\n<h3 class=\"wp-block-heading\">Instrutor de Inform\u00e1tica<\/h3>\n\n\n\n<p>Se voc\u00ea \u00e9 apaixonado por tecnologia e tem habilidades para ensinar, a posi\u00e7\u00e3o de Instrutor de Inform\u00e1tica pode ser perfeita para voc\u00ea. Nesta fun\u00e7\u00e3o, voc\u00ea ser\u00e1 respons\u00e1vel por ministrar aulas, desenvolver conte\u00fados e acompanhar o desenvolvimento dos alunos em cursos relacionados \u00e0 tecnologia da informa\u00e7\u00e3o.<\/p>\n\n\n\n<h3 class=\"wp-block-heading\">Analista de Recursos Humanos<\/h3>\n\n\n\n<p>Para os profissionais de RH, o SENAC oferece a oportunidade de atuar como Analista de Recursos Humanos. As responsabilidades incluem recrutamento e sele\u00e7\u00e3o, treinamento e desenvolvimento, al\u00e9m de apoiar na implementa\u00e7\u00e3o de pol\u00edticas internas que promovam um ambiente de trabalho saud\u00e1vel e produtivo.<\/p>\n\n\n\n<h3 class=\"wp-block-heading\">Assistente Administrativo<\/h3>\n\n\n\n<p>Se voc\u00ea possui habilidades organizacionais e gosta de lidar com processos administrativos, a vaga de Assistente Administrativo pode ser a sua chance. Nesta posi\u00e7\u00e3o, voc\u00ea auxiliar\u00e1 nas rotinas administrativas, atendimento ao p\u00fablico e suporte \u00e0s diversas \u00e1reas da institui\u00e7\u00e3o.<\/p>\n\n\n\n<h3 class=\"wp-block-heading\">Coordenador Pedag\u00f3gico<\/h3>\n\n\n\n<p>Para aqueles com experi\u00eancia em gest\u00e3o educacional, o cargo de Coordenador Pedag\u00f3gico \u00e9 uma excelente oportunidade. Voc\u00ea ser\u00e1 respons\u00e1vel por coordenar as atividades pedag\u00f3gicas, garantir a qualidade do ensino e apoiar os instrutores no desenvolvimento de suas atividades.<\/p>\n\n\n\n<h3 class=\"wp-block-heading\">T\u00e9cnico em Manuten\u00e7\u00e3o<\/h3>\n\n\n\n<p>Se voc\u00ea tem habilidades t\u00e9cnicas e gosta de trabalhar com manuten\u00e7\u00e3o de equipamentos e instala\u00e7\u00f5es, o SENAC busca por T\u00e9cnicos em Manuten\u00e7\u00e3o para garantir o bom funcionamento de suas unidades e oferecer um ambiente seguro e adequado para alunos e colaboradores.<\/p>\n\n\n\n<h2 class=\"wp-block-heading\">Como se candidatar?<\/h2>\n\n\n\n<p>Interessado em alguma dessas oportunidades? O processo para se candidatar \u00e9 simples e pode ser feito online. Siga os passos abaixo para enviar sua candidatura:<\/p>\n\n\n\n<ul class=\"wp-block-list\">\n<li>Visite a p\u00e1gina de carreiras do SENAC em seu estado ou regi\u00e3o. Por exemplo, para Minas Gerais, acesse <strong>https:\/\/trabalheconoscosenacmg.gupy.io\/<\/strong>.<\/li>\n\n\n\n<li>Explore as oportunidades listadas e escolha a que mais se alinha ao seu perfil e experi\u00eancia profissional.<\/li>\n\n\n\n<li>Antes de se candidatar, certifique-se de que seu curr\u00edculo est\u00e1 atualizado. Algumas unidades do SENAC utilizam plataformas espec\u00edficas para o processo seletivo, como a Gupy.<\/li>\n\n\n\n<li>Ap\u00f3s selecionar a vaga de interesse, siga as instru\u00e7\u00f5es para enviar sua candidatura. Isso pode incluir o preenchimento de formul\u00e1rios adicionais ou a realiza\u00e7\u00e3o de testes online.<\/li>\n\n\n\n<li>Fique atento aos e-mails e notifica\u00e7\u00f5es da plataforma utilizada, pois \u00e9 por meio dela que o SENAC comunicar\u00e1 os pr\u00f3ximos passos do processo seletivo.<\/li>\n<\/ul>\n\n\n\n<p>Lembre-se de que cada unidade do SENAC pode ter processos seletivos espec\u00edficos. Portanto, \u00e9 importante verificar as informa\u00e7\u00f5es diretamente no site da unidade de seu interesse.<\/p>\n\n\n\n<h2 class=\"wp-block-heading\">Dicas para se destacar no processo seletivo<\/h2>\n\n\n\n<p>Para aumentar suas chances de sucesso, aqui v\u00e3o algumas dicas valiosas:<\/p>\n\n\n\n<ul class=\"wp-block-list\">\n<li><strong>Personalize seu curr\u00edculo<\/strong>: Destaque experi\u00eancias e habilidades que sejam relevantes para a vaga \u00e0 qual est\u00e1 se candidatando.<\/li>\n\n\n\n<li><strong>Prepare-se para a entrevista<\/strong>: Pesquise sobre o SENAC, sua miss\u00e3o, valores e o curso ou \u00e1rea em que pretende atuar. Mostrar conhecimento sobre a institui\u00e7\u00e3o demonstra interesse e proatividade.<\/li>\n\n\n\n<li><strong>Seja aut\u00eantico<\/strong>: Durante o processo seletivo, seja voc\u00ea mesmo. A autenticidade \u00e9 valorizada e pode ser um diferencial.<\/li>\n\n\n\n<li><strong>Aten\u00e7\u00e3o aos prazos<\/strong>: Fique atento \u00e0s datas de inscri\u00e7\u00e3o e \u00e0s etapas do processo seletivo para n\u00e3o perder nenhuma oportunidade.<\/li>\n<\/ul>\n\n\n\n<h2 class=\"wp-block-heading\">Cadastre seu curr\u00edculo<\/h2>\n\n\n\n<p>O SENAC est\u00e1 oferecendo novas oportunidades de emprego em diversas \u00e1reas e regi\u00f5es do pa\u00eds. Se voc\u00ea busca crescimento profissional em uma institui\u00e7\u00e3o renomada e comprometida com a educa\u00e7\u00e3o de qualidade, n\u00e3o deixe de conferir as vagas dispon\u00edveis e se candidatar. Este pode ser o passo que faltava para alavancar sua carreira. Boa sorte!<\/p>\n\n\n\n<p><strong>Veja tamb\u00e9m: <a href=\"https:\/\/www.vagadeempregorj.com.br\/fr\/grupo-lider-64-vagas-de-emprego-pelo-pais\/\">Grupo Lider: 64 vagas de emprego pelo pa\u00eds<\/a><\/strong><\/p>\n\n\n\n<p>2 de mar\u00e7o de 2025<\/p>","protected":false},"excerpt":{"rendered":"<p>Buscando uma vaga de emprego? Tenho uma not\u00edcia empolgante para compartilhar: o Servi\u00e7o Nacional de Aprendizagem Comercial (SENAC) acaba de anunciar a abertura de 45 novas vagas de emprego em diversas regi\u00f5es do Brasil. Se voc\u00ea est\u00e1 \u00e0 procura de uma oportunidade para alavancar sua carreira, este pode ser o momento ideal. Quais s\u00e3o as&hellip;&nbsp;<\/p>","protected":false},"author":16,"featured_media":42673,"comment_status":"closed","ping_status":"closed","sticky":false,"template":"","format":"standard","meta":{"neve_meta_sidebar":"","neve_meta_container":"","neve_meta_enable_content_width":"","neve_meta_content_width":0,"neve_meta_title_alignment":"","neve_meta_author_avatar":"","neve_post_elements_order":"","neve_meta_disable_header":"","neve_meta_disable_footer":"","neve_meta_disable_title":"","footnotes":""},"categories":[123],"tags":[],"class_list":["post-42653","post","type-post","status-publish","format-standard","has-post-thumbnail","hentry","category-vagas-de-emprego-nacionais"],"yoast_head":"<!-- This site is optimized with the Yoast SEO plugin v27.5 - https:\/\/yoast.com\/product\/yoast-seo-wordpress\/ -->\n<title>SENAC: 45 novas vagas de emprego abertas pelo pa\u00eds -<\/title>\n<meta name=\"description\" content=\"Veja em Vagas de Emprego RJ as vagas de emprego com e sem experi\u00eancia no seu Estado e Regi\u00e3o!\" \/>\n<meta name=\"robots\" content=\"index, follow, max-snippet:-1, max-image-preview:large, max-video-preview:-1\" \/>\n<link rel=\"canonical\" href=\"https:\/\/www.vagadeempregorj.com.br\/fr\/senac-45-novas-vagas-de-emprego-abertas-pelo-pais\/\" \/>\n<meta property=\"og:locale\" content=\"fr_FR\" \/>\n<meta property=\"og:type\" content=\"article\" \/>\n<meta property=\"og:title\" content=\"SENAC: 45 novas vagas de emprego abertas pelo pa\u00eds -\" \/>\n<meta property=\"og:description\" content=\"Veja em Vagas de Emprego RJ as vagas de emprego com e sem experi\u00eancia no seu Estado e Regi\u00e3o!\" \/>\n<meta property=\"og:url\" content=\"https:\/\/www.vagadeempregorj.com.br\/fr\/senac-45-novas-vagas-de-emprego-abertas-pelo-pais\/\" \/>\n<meta property=\"article:publisher\" content=\"https:\/\/www.facebook.com\/empregobrasiloficial\" \/>\n<meta property=\"article:published_time\" content=\"2025-03-02T09:00:00+00:00\" \/>\n<meta property=\"og:image\" content=\"https:\/\/www.vagadeempregorj.com.br\/wp-content\/uploads\/2025\/02\/image-41.png\" \/>\n\t<meta property=\"og:image:width\" content=\"799\" \/>\n\t<meta property=\"og:image:height\" content=\"533\" \/>\n\t<meta property=\"og:image:type\" content=\"image\/png\" \/>\n<meta name=\"author\" content=\"Michele\" \/>\n<meta name=\"twitter:card\" content=\"summary_large_image\" \/>\n<meta name=\"twitter:label1\" content=\"Written by\" \/>\n\t<meta name=\"twitter:data1\" content=\"Michele\" \/>\n\t<meta name=\"twitter:label2\" content=\"Est. reading time\" \/>\n\t<meta name=\"twitter:data2\" content=\"4 minutes\" \/>\n<script type=\"application\/ld+json\" class=\"yoast-schema-graph\">{\"@context\":\"https:\\\/\\\/schema.org\",\"@graph\":[{\"@type\":\"Article\",\"@id\":\"https:\\\/\\\/www.vagadeempregorj.com.br\\\/senac-45-novas-vagas-de-emprego-abertas-pelo-pais\\\/#article\",\"isPartOf\":{\"@id\":\"https:\\\/\\\/www.vagadeempregorj.com.br\\\/senac-45-novas-vagas-de-emprego-abertas-pelo-pais\\\/\"},\"author\":{\"name\":\"Michele\",\"@id\":\"https:\\\/\\\/www.vagadeempregorj.com.br\\\/#\\\/schema\\\/person\\\/3ddb19fa0539706786e502152f3aae95\"},\"headline\":\"SENAC: 45 novas vagas de emprego abertas pelo pa\u00eds\",\"datePublished\":\"2025-03-02T09:00:00+00:00\",\"mainEntityOfPage\":{\"@id\":\"https:\\\/\\\/www.vagadeempregorj.com.br\\\/senac-45-novas-vagas-de-emprego-abertas-pelo-pais\\\/\"},\"wordCount\":733,\"image\":{\"@id\":\"https:\\\/\\\/www.vagadeempregorj.com.br\\\/senac-45-novas-vagas-de-emprego-abertas-pelo-pais\\\/#primaryimage\"},\"thumbnailUrl\":\"https:\\\/\\\/www.vagadeempregorj.com.br\\\/wp-content\\\/uploads\\\/2025\\\/02\\\/image-41.png\",\"articleSection\":[\"Vagas de Emprego Nacionais\"],\"inLanguage\":\"fr-FR\"},{\"@type\":\"WebPage\",\"@id\":\"https:\\\/\\\/www.vagadeempregorj.com.br\\\/senac-45-novas-vagas-de-emprego-abertas-pelo-pais\\\/\",\"url\":\"https:\\\/\\\/www.vagadeempregorj.com.br\\\/senac-45-novas-vagas-de-emprego-abertas-pelo-pais\\\/\",\"name\":\"SENAC: 45 novas vagas de emprego abertas pelo pa\u00eds -\",\"isPartOf\":{\"@id\":\"https:\\\/\\\/www.vagadeempregorj.com.br\\\/#website\"},\"primaryImageOfPage\":{\"@id\":\"https:\\\/\\\/www.vagadeempregorj.com.br\\\/senac-45-novas-vagas-de-emprego-abertas-pelo-pais\\\/#primaryimage\"},\"image\":{\"@id\":\"https:\\\/\\\/www.vagadeempregorj.com.br\\\/senac-45-novas-vagas-de-emprego-abertas-pelo-pais\\\/#primaryimage\"},\"thumbnailUrl\":\"https:\\\/\\\/www.vagadeempregorj.com.br\\\/wp-content\\\/uploads\\\/2025\\\/02\\\/image-41.png\",\"datePublished\":\"2025-03-02T09:00:00+00:00\",\"author\":{\"@id\":\"https:\\\/\\\/www.vagadeempregorj.com.br\\\/#\\\/schema\\\/person\\\/3ddb19fa0539706786e502152f3aae95\"},\"description\":\"Veja em Vagas de Emprego RJ as vagas de emprego com e sem experi\u00eancia no seu Estado e Regi\u00e3o!\",\"breadcrumb\":{\"@id\":\"https:\\\/\\\/www.vagadeempregorj.com.br\\\/senac-45-novas-vagas-de-emprego-abertas-pelo-pais\\\/#breadcrumb\"},\"inLanguage\":\"fr-FR\",\"potentialAction\":[{\"@type\":\"ReadAction\",\"target\":[\"https:\\\/\\\/www.vagadeempregorj.com.br\\\/senac-45-novas-vagas-de-emprego-abertas-pelo-pais\\\/\"]}]},{\"@type\":\"ImageObject\",\"inLanguage\":\"fr-FR\",\"@id\":\"https:\\\/\\\/www.vagadeempregorj.com.br\\\/senac-45-novas-vagas-de-emprego-abertas-pelo-pais\\\/#primaryimage\",\"url\":\"https:\\\/\\\/www.vagadeempregorj.com.br\\\/wp-content\\\/uploads\\\/2025\\\/02\\\/image-41.png\",\"contentUrl\":\"https:\\\/\\\/www.vagadeempregorj.com.br\\\/wp-content\\\/uploads\\\/2025\\\/02\\\/image-41.png\",\"width\":799,\"height\":533},{\"@type\":\"BreadcrumbList\",\"@id\":\"https:\\\/\\\/www.vagadeempregorj.com.br\\\/senac-45-novas-vagas-de-emprego-abertas-pelo-pais\\\/#breadcrumb\",\"itemListElement\":[{\"@type\":\"ListItem\",\"position\":1,\"name\":\"In\u00edcio\",\"item\":\"https:\\\/\\\/www.vagadeempregorj.com.br\\\/\"},{\"@type\":\"ListItem\",\"position\":2,\"name\":\"Vagas de Emprego Nacionais\",\"item\":\"https:\\\/\\\/www.vagadeempregorj.com.br\\\/vagas-de-emprego-nacionais\\\/\"},{\"@type\":\"ListItem\",\"position\":3,\"name\":\"SENAC: 45 novas vagas de emprego abertas pelo pa\u00eds\"}]},{\"@type\":\"WebSite\",\"@id\":\"https:\\\/\\\/www.vagadeempregorj.com.br\\\/#website\",\"url\":\"https:\\\/\\\/www.vagadeempregorj.com.br\\\/\",\"name\":\"\",\"description\":\"Conquiste Sonhos: Vagas, Benef\u00edcios e Economia para Transformar Vidas e Alcan\u00e7ar Melhorias Cotidianas\",\"potentialAction\":[{\"@type\":\"SearchAction\",\"target\":{\"@type\":\"EntryPoint\",\"urlTemplate\":\"https:\\\/\\\/www.vagadeempregorj.com.br\\\/?s={search_term_string}\"},\"query-input\":{\"@type\":\"PropertyValueSpecification\",\"valueRequired\":true,\"valueName\":\"search_term_string\"}}],\"inLanguage\":\"fr-FR\"},{\"@type\":\"Person\",\"@id\":\"https:\\\/\\\/www.vagadeempregorj.com.br\\\/#\\\/schema\\\/person\\\/3ddb19fa0539706786e502152f3aae95\",\"name\":\"Michele\",\"image\":{\"@type\":\"ImageObject\",\"inLanguage\":\"fr-FR\",\"@id\":\"https:\\\/\\\/secure.gravatar.com\\\/avatar\\\/6b0eb9d22841282815e2cd856a0061c45e1761cd54b22e952d98c4746939aa85?s=96&r=g\",\"url\":\"https:\\\/\\\/secure.gravatar.com\\\/avatar\\\/6b0eb9d22841282815e2cd856a0061c45e1761cd54b22e952d98c4746939aa85?s=96&r=g\",\"contentUrl\":\"https:\\\/\\\/secure.gravatar.com\\\/avatar\\\/6b0eb9d22841282815e2cd856a0061c45e1761cd54b22e952d98c4746939aa85?s=96&r=g\",\"caption\":\"Michele\"},\"description\":\"Formada em Letras - Portugu\u00eas\\\/ Ingl\u00eas, e idealizadora do site Escritora de Sucesso, busca expandir o conhecimento de todos com informa\u00e7\u00f5es relevantes sobre diversos assuntos, enquanto redatora. No Vaga de Emprego RJ, traz oportunidades e dicas sobre o mercado de trabalho.\",\"url\":\"https:\\\/\\\/www.vagadeempregorj.com.br\\\/fr\\\/author\\\/michele\\\/\"}]}<\/script>\n<!-- \/ Yoast SEO plugin. -->","yoast_head_json":{"title":"SENAC: 45 novas vagas de emprego abertas pelo pa\u00eds -","description":"Veja em Vagas de Emprego RJ as vagas de emprego com e sem experi\u00eancia no seu Estado e Regi\u00e3o!","robots":{"index":"index","follow":"follow","max-snippet":"max-snippet:-1","max-image-preview":"max-image-preview:large","max-video-preview":"max-video-preview:-1"},"canonical":"https:\/\/www.vagadeempregorj.com.br\/fr\/senac-45-novas-vagas-de-emprego-abertas-pelo-pais\/","og_locale":"fr_FR","og_type":"article","og_title":"SENAC: 45 novas vagas de emprego abertas pelo pa\u00eds -","og_description":"Veja em Vagas de Emprego RJ as vagas de emprego com e sem experi\u00eancia no seu Estado e Regi\u00e3o!","og_url":"https:\/\/www.vagadeempregorj.com.br\/fr\/senac-45-novas-vagas-de-emprego-abertas-pelo-pais\/","article_publisher":"https:\/\/www.facebook.com\/empregobrasiloficial","article_published_time":"2025-03-02T09:00:00+00:00","og_image":[{"width":799,"height":533,"url":"https:\/\/www.vagadeempregorj.com.br\/wp-content\/uploads\/2025\/02\/image-41.png","type":"image\/png"}],"author":"Michele","twitter_card":"summary_large_image","twitter_misc":{"Written by":"Michele","Est. reading time":"4 minutes"},"schema":{"@context":"https:\/\/schema.org","@graph":[{"@type":"Article","@id":"https:\/\/www.vagadeempregorj.com.br\/senac-45-novas-vagas-de-emprego-abertas-pelo-pais\/#article","isPartOf":{"@id":"https:\/\/www.vagadeempregorj.com.br\/senac-45-novas-vagas-de-emprego-abertas-pelo-pais\/"},"author":{"name":"Michele","@id":"https:\/\/www.vagadeempregorj.com.br\/#\/schema\/person\/3ddb19fa0539706786e502152f3aae95"},"headline":"SENAC: 45 novas vagas de emprego abertas pelo pa\u00eds","datePublished":"2025-03-02T09:00:00+00:00","mainEntityOfPage":{"@id":"https:\/\/www.vagadeempregorj.com.br\/senac-45-novas-vagas-de-emprego-abertas-pelo-pais\/"},"wordCount":733,"image":{"@id":"https:\/\/www.vagadeempregorj.com.br\/senac-45-novas-vagas-de-emprego-abertas-pelo-pais\/#primaryimage"},"thumbnailUrl":"https:\/\/www.vagadeempregorj.com.br\/wp-content\/uploads\/2025\/02\/image-41.png","articleSection":["Vagas de Emprego Nacionais"],"inLanguage":"fr-FR"},{"@type":"WebPage","@id":"https:\/\/www.vagadeempregorj.com.br\/senac-45-novas-vagas-de-emprego-abertas-pelo-pais\/","url":"https:\/\/www.vagadeempregorj.com.br\/senac-45-novas-vagas-de-emprego-abertas-pelo-pais\/","name":"SENAC: 45 novas vagas de emprego abertas pelo pa\u00eds -","isPartOf":{"@id":"https:\/\/www.vagadeempregorj.com.br\/#website"},"primaryImageOfPage":{"@id":"https:\/\/www.vagadeempregorj.com.br\/senac-45-novas-vagas-de-emprego-abertas-pelo-pais\/#primaryimage"},"image":{"@id":"https:\/\/www.vagadeempregorj.com.br\/senac-45-novas-vagas-de-emprego-abertas-pelo-pais\/#primaryimage"},"thumbnailUrl":"https:\/\/www.vagadeempregorj.com.br\/wp-content\/uploads\/2025\/02\/image-41.png","datePublished":"2025-03-02T09:00:00+00:00","author":{"@id":"https:\/\/www.vagadeempregorj.com.br\/#\/schema\/person\/3ddb19fa0539706786e502152f3aae95"},"description":"Veja em Vagas de Emprego RJ as vagas de emprego com e sem experi\u00eancia no seu Estado e Regi\u00e3o!","breadcrumb":{"@id":"https:\/\/www.vagadeempregorj.com.br\/senac-45-novas-vagas-de-emprego-abertas-pelo-pais\/#breadcrumb"},"inLanguage":"fr-FR","potentialAction":[{"@type":"ReadAction","target":["https:\/\/www.vagadeempregorj.com.br\/senac-45-novas-vagas-de-emprego-abertas-pelo-pais\/"]}]},{"@type":"ImageObject","inLanguage":"fr-FR","@id":"https:\/\/www.vagadeempregorj.com.br\/senac-45-novas-vagas-de-emprego-abertas-pelo-pais\/#primaryimage","url":"https:\/\/www.vagadeempregorj.com.br\/wp-content\/uploads\/2025\/02\/image-41.png","contentUrl":"https:\/\/www.vagadeempregorj.com.br\/wp-content\/uploads\/2025\/02\/image-41.png","width":799,"height":533},{"@type":"BreadcrumbList","@id":"https:\/\/www.vagadeempregorj.com.br\/senac-45-novas-vagas-de-emprego-abertas-pelo-pais\/#breadcrumb","itemListElement":[{"@type":"ListItem","position":1,"name":"In\u00edcio","item":"https:\/\/www.vagadeempregorj.com.br\/"},{"@type":"ListItem","position":2,"name":"Vagas de Emprego Nacionais","item":"https:\/\/www.vagadeempregorj.com.br\/vagas-de-emprego-nacionais\/"},{"@type":"ListItem","position":3,"name":"SENAC: 45 novas vagas de emprego abertas pelo pa\u00eds"}]},{"@type":"WebSite","@id":"https:\/\/www.vagadeempregorj.com.br\/#website","url":"https:\/\/www.vagadeempregorj.com.br\/","name":"","description":"Conquiste Sonhos: Vagas, Benef\u00edcios e Economia para Transformar Vidas e Alcan\u00e7ar Melhorias Cotidianas","potentialAction":[{"@type":"SearchAction","target":{"@type":"EntryPoint","urlTemplate":"https:\/\/www.vagadeempregorj.com.br\/?s={search_term_string}"},"query-input":{"@type":"PropertyValueSpecification","valueRequired":true,"valueName":"search_term_string"}}],"inLanguage":"fr-FR"},{"@type":"Person","@id":"https:\/\/www.vagadeempregorj.com.br\/#\/schema\/person\/3ddb19fa0539706786e502152f3aae95","name":"Michele","image":{"@type":"ImageObject","inLanguage":"fr-FR","@id":"https:\/\/secure.gravatar.com\/avatar\/6b0eb9d22841282815e2cd856a0061c45e1761cd54b22e952d98c4746939aa85?s=96&r=g","url":"https:\/\/secure.gravatar.com\/avatar\/6b0eb9d22841282815e2cd856a0061c45e1761cd54b22e952d98c4746939aa85?s=96&r=g","contentUrl":"https:\/\/secure.gravatar.com\/avatar\/6b0eb9d22841282815e2cd856a0061c45e1761cd54b22e952d98c4746939aa85?s=96&r=g","caption":"Michele"},"description":"Formada em Letras - Portugu\u00eas\/ Ingl\u00eas, e idealizadora do site Escritora de Sucesso, busca expandir o conhecimento de todos com informa\u00e7\u00f5es relevantes sobre diversos assuntos, enquanto redatora. No Vaga de Emprego RJ, traz oportunidades e dicas sobre o mercado de trabalho.","url":"https:\/\/www.vagadeempregorj.com.br\/fr\/author\/michele\/"}]}},"_links":{"self":[{"href":"https:\/\/www.vagadeempregorj.com.br\/fr\/wp-json\/wp\/v2\/posts\/42653","targetHints":{"allow":["GET"]}}],"collection":[{"href":"https:\/\/www.vagadeempregorj.com.br\/fr\/wp-json\/wp\/v2\/posts"}],"about":[{"href":"https:\/\/www.vagadeempregorj.com.br\/fr\/wp-json\/wp\/v2\/types\/post"}],"author":[{"embeddable":true,"href":"https:\/\/www.vagadeempregorj.com.br\/fr\/wp-json\/wp\/v2\/users\/16"}],"replies":[{"embeddable":true,"href":"https:\/\/www.vagadeempregorj.com.br\/fr\/wp-json\/wp\/v2\/comments?post=42653"}],"version-history":[{"count":0,"href":"https:\/\/www.vagadeempregorj.com.br\/fr\/wp-json\/wp\/v2\/posts\/42653\/revisions"}],"wp:featuredmedia":[{"embeddable":true,"href":"https:\/\/www.vagadeempregorj.com.br\/fr\/wp-json\/wp\/v2\/media\/42673"}],"wp:attachment":[{"href":"https:\/\/www.vagadeempregorj.com.br\/fr\/wp-json\/wp\/v2\/media?parent=42653"}],"wp:term":[{"taxonomy":"category","embeddable":true,"href":"https:\/\/www.vagadeempregorj.com.br\/fr\/wp-json\/wp\/v2\/categories?post=42653"},{"taxonomy":"post_tag","embeddable":true,"href":"https:\/\/www.vagadeempregorj.com.br\/fr\/wp-json\/wp\/v2\/tags?post=42653"}],"curies":[{"name":"wp","href":"https:\/\/api.w.org\/{rel}","templated":true}]}}