{"id":42657,"date":"2025-03-04T06:00:00","date_gmt":"2025-03-04T09:00:00","guid":{"rendered":"https:\/\/www.vagadeempregorj.com.br\/?p=42657"},"modified":"2025-02-18T19:01:22","modified_gmt":"2025-02-18T22:01:22","slug":"tirolez-22-vagas-de-emprego-abertas-pelo-pais","status":"publish","type":"post","link":"https:\/\/www.vagadeempregorj.com.br\/fr\/tirolez-22-vagas-de-emprego-abertas-pelo-pais\/","title":{"rendered":"Tirolez: 22 vagas de emprego abertas pelo pa\u00eds"},"content":{"rendered":"<p>Voc\u00ea j\u00e1 pensou em fazer parte de uma das maiores ind\u00fastrias de queijos do Brasil? A <strong>Tirolez<\/strong>, com mais de 44 anos de tradi\u00e7\u00e3o, est\u00e1 em busca de novos talentos para integrar sua equipe. S\u00e3o 22 oportunidades espalhadas por diversas regi\u00f5es do pa\u00eds, esperando por profissionais apaixonados e dedicados. Vamos conhecer mais sobre essas oportunidades e como voc\u00ea pode se candidatar?<\/p>\n\n\n\n<figure class=\"wp-block-image size-full is-resized\"><img loading=\"lazy\" decoding=\"async\" width=\"442\" height=\"244\" src=\"https:\/\/www.vagadeempregorj.com.br\/wp-content\/uploads\/2025\/02\/image-43.png\" alt=\"\" class=\"wp-image-42675\" style=\"width:840px;height:auto\" srcset=\"https:\/\/www.vagadeempregorj.com.br\/wp-content\/uploads\/2025\/02\/image-43.png 442w, https:\/\/www.vagadeempregorj.com.br\/wp-content\/uploads\/2025\/02\/image-43-300x166.png 300w, https:\/\/www.vagadeempregorj.com.br\/wp-content\/uploads\/2025\/02\/image-43-150x83.png 150w\" sizes=\"auto, (max-width: 442px) 100vw, 442px\" \/><\/figure>\n\n\n\n<h2 class=\"wp-block-heading\">Quais s\u00e3o as oportunidades de carreira na Tirolez?<\/h2>\n\n\n\n<p>A Tirolez valoriza a diversidade de talentos e oferece vagas em diferentes \u00e1reas e localidades. Abaixo, destacamos algumas das principais oportunidades dispon\u00edveis:<\/p>\n\n\n\n<h3 class=\"wp-block-heading\">Analista da Qualidade Jr. (Controle de Qualidade) | Monte Apraz\u00edvel &#8211; SP<\/h3>\n\n\n\n<p>Se voc\u00ea \u00e9 detalhista e comprometido com a excel\u00eancia, essa posi\u00e7\u00e3o pode ser ideal. O Analista da Qualidade Jr. ser\u00e1 respons\u00e1vel por garantir que os produtos atendam aos padr\u00f5es estabelecidos, realizando an\u00e1lises e implementando melhorias cont\u00ednuas nos processos de produ\u00e7\u00e3o.<\/p>\n\n\n\n<h3 class=\"wp-block-heading\">Analista de Comunica\u00e7\u00e3o Interna S\u00eanior | S\u00e3o Paulo &#8211; SP (H\u00edbrido)<\/h3>\n\n\n\n<p>Para os comunicadores de plant\u00e3o, a Tirolez busca um profissional experiente para fortalecer a comunica\u00e7\u00e3o interna da empresa. O Analista de Comunica\u00e7\u00e3o Interna S\u00eanior desenvolver\u00e1 estrat\u00e9gias que promovam o engajamento dos colaboradores e a dissemina\u00e7\u00e3o eficaz das informa\u00e7\u00f5es corporativas.<\/p>\n\n\n\n<h3 class=\"wp-block-heading\">Analista de Log\u00edstica Jr. &#8211; Fretes (Tempor\u00e1rio) | S\u00e3o Paulo &#8211; SP (H\u00edbrido)<\/h3>\n\n\n\n<p>Se log\u00edstica \u00e9 a sua praia, essa oportunidade tempor\u00e1ria pode ser o que voc\u00ea procura. O Analista de Log\u00edstica Jr. ser\u00e1 respons\u00e1vel por coordenar e monitorar os fretes, garantindo efici\u00eancia e pontualidade nas entregas.<\/p>\n\n\n\n<h3 class=\"wp-block-heading\">Analista de Trade Marketing J\u00fanior | S\u00e3o Paulo &#8211; SP (H\u00edbrido)<\/h3>\n\n\n\n<p>Para os apaixonados por marketing e vendas, a posi\u00e7\u00e3o de Analista de Trade Marketing J\u00fanior envolve a cria\u00e7\u00e3o e execu\u00e7\u00e3o de estrat\u00e9gias que aumentem a presen\u00e7a e a visibilidade dos produtos Tirolez nos pontos de venda.<\/p>\n\n\n\n<h3 class=\"wp-block-heading\">Banco de Talentos Promotores Tirolez &#8211; A n\u00edvel Brasil<\/h3>\n\n\n\n<p>Mesmo que n\u00e3o haja uma vaga espec\u00edfica na sua regi\u00e3o, a Tirolez mant\u00e9m um Banco de Talentos para Promotores em todo o pa\u00eds. Se voc\u00ea tem habilidades em vendas e deseja representar a marca, essa \u00e9 a sua chance de se cadastrar e ser considerado para futuras oportunidades.<\/p>\n\n\n\n<h3 class=\"wp-block-heading\">Coordenador(a) de Controle de Qualidade | Arapu\u00e1 &#8211; MG<\/h3>\n\n\n\n<p>Para os profissionais de qualidade, a Tirolez procura um Coordenador para liderar a equipe de controle de qualidade em Arapu\u00e1. O foco \u00e9 assegurar que todos os processos estejam em conformidade com as normas e padr\u00f5es da empresa.<\/p>\n\n\n\n<h3 class=\"wp-block-heading\">Estagi\u00e1rio(a) de Marketing | S\u00e3o Paulo &#8211; SP<\/h3>\n\n\n\n<p>Se voc\u00ea \u00e9 estudante e busca uma oportunidade para iniciar sua carreira em marketing, a Tirolez oferece uma vaga de est\u00e1gio onde voc\u00ea poder\u00e1 aprender e contribuir com projetos inovadores.<\/p>\n\n\n\n<p>Essas s\u00e3o apenas algumas das oportunidades dispon\u00edveis. A Tirolez tamb\u00e9m possui vagas para Coordenador(a) Fiscal, Especialista de Vendas RTM, Gerente Executivo(a) do Canal Distribuidores, entre outras. Cada posi\u00e7\u00e3o oferece desafios \u00fanicos e a chance de crescimento profissional em uma empresa renomada no mercado de latic\u00ednios.<\/p>\n\n\n\n<h2 class=\"wp-block-heading\">Como se candidatar?<\/h2>\n\n\n\n<p>Interessado em fazer parte da fam\u00edlia Tirolez? O processo de candidatura \u00e9 simples e direto. Siga os passos abaixo para se inscrever na vaga dos seus sonhos:<\/p>\n\n\n\n<ul class=\"wp-block-list\">\n<li>Acesse a p\u00e1gina de carreiras da Tirolez: <strong>https:\/\/tirolez.gupy.io\/<\/strong><\/li>\n\n\n\n<li>Conhe\u00e7a as vagas abertas e escolha a que mais se alinha ao seu perfil e interesses.<\/li>\n\n\n\n<li>Ao encontrar a posi\u00e7\u00e3o ideal, clique sobre ela para obter mais detalhes.<\/li>\n\n\n\n<li>Verifique os requisitos, responsabilidades e local de trabalho para garantir que a oportunidade \u00e9 adequada para voc\u00ea.<\/li>\n\n\n\n<li>Esse bot\u00e3o estar\u00e1 dispon\u00edvel no final da descri\u00e7\u00e3o da vaga.<\/li>\n\n\n\n<li>Se j\u00e1 possuir uma conta, fa\u00e7a o login. Caso contr\u00e1rio, crie um cadastro com suas informa\u00e7\u00f5es pessoais e profissionais.<\/li>\n\n\n\n<li>Forne\u00e7a todas as informa\u00e7\u00f5es solicitadas e anexe seu curr\u00edculo atualizado.<\/li>\n\n\n\n<li>Ap\u00f3s revisar todos os dados, envie sua inscri\u00e7\u00e3o e aguarde o retorno da equipe de recrutamento.<\/li>\n<\/ul>\n\n\n\n<p>Lembre-se de manter seus dados atualizados e verificar regularmente seu e-mail para acompanhar as pr\u00f3ximas etapas do processo seletivo.<\/p>\n\n\n\n<h2 class=\"wp-block-heading\">Por que trabalhar na Tirolez?<\/h2>\n\n\n\n<p>A Tirolez n\u00e3o \u00e9 apenas uma empresa; \u00e9 uma fam\u00edlia que valoriza seus colaboradores e preza por um ambiente de trabalho harmonioso e desafiador. Com uma trajet\u00f3ria de mais de quatro d\u00e9cadas, a empresa se destaca por:<\/p>\n\n\n\n<ul class=\"wp-block-list\">\n<li><strong>Valores s\u00f3lidos<\/strong>: A Tirolez acredita em agir como dono, valorizar as pessoas, crescer juntos, ser transparente e inovar constantemente.<\/li>\n\n\n\n<li><strong>Ambiente acolhedor<\/strong>: Aqui, voc\u00ea encontrar\u00e1 uma cultura que incentiva o respeito, a disponibilidade e a aten\u00e7\u00e3o com todos.<\/li>\n\n\n\n<li><strong>Oportunidades de crescimento<\/strong>: A empresa promove o desenvolvimento cont\u00ednuo, oferecendo chances reais de progress\u00e3o na carreira.<\/li>\n\n\n\n<li><strong>Compromisso com a qualidade<\/strong>: Produzindo queijos com amor e dedica\u00e7\u00e3o, a Tirolez se orgulha de levar sabor e excel\u00eancia \u00e0 mesa dos brasileiros diariamente.<\/li>\n<\/ul>\n\n\n\n<p>Se voc\u00ea se identifica com esses valores e deseja construir uma carreira s\u00f3lida em uma empresa refer\u00eancia no setor, n\u00e3o perca tempo. Acesse <strong>https:\/\/tirolez.gupy.io\/<\/strong> e candidate-se j\u00e1!<\/p>\n\n\n\n<p>Venha fazer parte da Tirolez e contribua para levar o melhor do queijo brasileiro para todo o pa\u00eds. Estamos ansiosos para conhecer voc\u00ea e, juntos, construirmos uma hist\u00f3ria de sucesso e sabor.<\/p>\n\n\n\n<p><strong>Veja tamb\u00e9m: <a href=\"https:\/\/www.vagadeempregorj.com.br\/fr\/grupo-lider-64-vagas-de-emprego-pelo-pais\/\">Grupo Lider: 64 vagas de emprego pelo pa\u00eds<\/a><\/strong><\/p>\n\n\n\n<p>4 de mar\u00e7o de 2025<\/p>","protected":false},"excerpt":{"rendered":"<p>Voc\u00ea j\u00e1 pensou em fazer parte de uma das maiores ind\u00fastrias de queijos do Brasil? A Tirolez, com mais de 44 anos de tradi\u00e7\u00e3o, est\u00e1 em busca de novos talentos para integrar sua equipe. S\u00e3o 22 oportunidades espalhadas por diversas regi\u00f5es do pa\u00eds, esperando por profissionais apaixonados e dedicados. Vamos conhecer mais sobre essas oportunidades&hellip;&nbsp;<\/p>","protected":false},"author":16,"featured_media":42675,"comment_status":"closed","ping_status":"closed","sticky":false,"template":"","format":"standard","meta":{"neve_meta_sidebar":"","neve_meta_container":"","neve_meta_enable_content_width":"","neve_meta_content_width":0,"neve_meta_title_alignment":"","neve_meta_author_avatar":"","neve_post_elements_order":"","neve_meta_disable_header":"","neve_meta_disable_footer":"","neve_meta_disable_title":"","footnotes":""},"categories":[123],"tags":[],"class_list":["post-42657","post","type-post","status-publish","format-standard","has-post-thumbnail","hentry","category-vagas-de-emprego-nacionais"],"yoast_head":"<!-- This site is optimized with the Yoast SEO plugin v27.5 - https:\/\/yoast.com\/product\/yoast-seo-wordpress\/ -->\n<title>Tirolez: 22 vagas de emprego abertas pelo pa\u00eds -<\/title>\n<meta name=\"description\" content=\"Veja em Vagas de Emprego RJ as vagas de emprego com e sem experi\u00eancia no seu Estado e Regi\u00e3o!\" \/>\n<meta name=\"robots\" content=\"index, follow, max-snippet:-1, max-image-preview:large, max-video-preview:-1\" \/>\n<link rel=\"canonical\" href=\"https:\/\/www.vagadeempregorj.com.br\/fr\/tirolez-22-vagas-de-emprego-abertas-pelo-pais\/\" \/>\n<meta property=\"og:locale\" content=\"fr_FR\" \/>\n<meta property=\"og:type\" content=\"article\" \/>\n<meta property=\"og:title\" content=\"Tirolez: 22 vagas de emprego abertas pelo pa\u00eds -\" \/>\n<meta property=\"og:description\" content=\"Veja em Vagas de Emprego RJ as vagas de emprego com e sem experi\u00eancia no seu Estado e Regi\u00e3o!\" \/>\n<meta property=\"og:url\" content=\"https:\/\/www.vagadeempregorj.com.br\/fr\/tirolez-22-vagas-de-emprego-abertas-pelo-pais\/\" \/>\n<meta property=\"article:publisher\" content=\"https:\/\/www.facebook.com\/empregobrasiloficial\" \/>\n<meta property=\"article:published_time\" content=\"2025-03-04T09:00:00+00:00\" \/>\n<meta property=\"og:image\" content=\"https:\/\/www.vagadeempregorj.com.br\/wp-content\/uploads\/2025\/02\/image-43.png\" \/>\n\t<meta property=\"og:image:width\" content=\"442\" \/>\n\t<meta property=\"og:image:height\" content=\"244\" \/>\n\t<meta property=\"og:image:type\" content=\"image\/png\" \/>\n<meta name=\"author\" content=\"Michele\" \/>\n<meta name=\"twitter:card\" content=\"summary_large_image\" \/>\n<meta name=\"twitter:label1\" content=\"Written by\" \/>\n\t<meta name=\"twitter:data1\" content=\"Michele\" \/>\n\t<meta name=\"twitter:label2\" content=\"Est. reading time\" \/>\n\t<meta name=\"twitter:data2\" content=\"5 minutes\" \/>\n<script type=\"application\/ld+json\" class=\"yoast-schema-graph\">{\"@context\":\"https:\\\/\\\/schema.org\",\"@graph\":[{\"@type\":\"Article\",\"@id\":\"https:\\\/\\\/www.vagadeempregorj.com.br\\\/tirolez-22-vagas-de-emprego-abertas-pelo-pais\\\/#article\",\"isPartOf\":{\"@id\":\"https:\\\/\\\/www.vagadeempregorj.com.br\\\/tirolez-22-vagas-de-emprego-abertas-pelo-pais\\\/\"},\"author\":{\"name\":\"Michele\",\"@id\":\"https:\\\/\\\/www.vagadeempregorj.com.br\\\/#\\\/schema\\\/person\\\/3ddb19fa0539706786e502152f3aae95\"},\"headline\":\"Tirolez: 22 vagas de emprego abertas pelo pa\u00eds\",\"datePublished\":\"2025-03-04T09:00:00+00:00\",\"mainEntityOfPage\":{\"@id\":\"https:\\\/\\\/www.vagadeempregorj.com.br\\\/tirolez-22-vagas-de-emprego-abertas-pelo-pais\\\/\"},\"wordCount\":914,\"image\":{\"@id\":\"https:\\\/\\\/www.vagadeempregorj.com.br\\\/tirolez-22-vagas-de-emprego-abertas-pelo-pais\\\/#primaryimage\"},\"thumbnailUrl\":\"https:\\\/\\\/www.vagadeempregorj.com.br\\\/wp-content\\\/uploads\\\/2025\\\/02\\\/image-43.png\",\"articleSection\":[\"Vagas de Emprego Nacionais\"],\"inLanguage\":\"fr-FR\"},{\"@type\":\"WebPage\",\"@id\":\"https:\\\/\\\/www.vagadeempregorj.com.br\\\/tirolez-22-vagas-de-emprego-abertas-pelo-pais\\\/\",\"url\":\"https:\\\/\\\/www.vagadeempregorj.com.br\\\/tirolez-22-vagas-de-emprego-abertas-pelo-pais\\\/\",\"name\":\"Tirolez: 22 vagas de emprego abertas pelo pa\u00eds -\",\"isPartOf\":{\"@id\":\"https:\\\/\\\/www.vagadeempregorj.com.br\\\/#website\"},\"primaryImageOfPage\":{\"@id\":\"https:\\\/\\\/www.vagadeempregorj.com.br\\\/tirolez-22-vagas-de-emprego-abertas-pelo-pais\\\/#primaryimage\"},\"image\":{\"@id\":\"https:\\\/\\\/www.vagadeempregorj.com.br\\\/tirolez-22-vagas-de-emprego-abertas-pelo-pais\\\/#primaryimage\"},\"thumbnailUrl\":\"https:\\\/\\\/www.vagadeempregorj.com.br\\\/wp-content\\\/uploads\\\/2025\\\/02\\\/image-43.png\",\"datePublished\":\"2025-03-04T09:00:00+00:00\",\"author\":{\"@id\":\"https:\\\/\\\/www.vagadeempregorj.com.br\\\/#\\\/schema\\\/person\\\/3ddb19fa0539706786e502152f3aae95\"},\"description\":\"Veja em Vagas de Emprego RJ as vagas de emprego com e sem experi\u00eancia no seu Estado e Regi\u00e3o!\",\"breadcrumb\":{\"@id\":\"https:\\\/\\\/www.vagadeempregorj.com.br\\\/tirolez-22-vagas-de-emprego-abertas-pelo-pais\\\/#breadcrumb\"},\"inLanguage\":\"fr-FR\",\"potentialAction\":[{\"@type\":\"ReadAction\",\"target\":[\"https:\\\/\\\/www.vagadeempregorj.com.br\\\/tirolez-22-vagas-de-emprego-abertas-pelo-pais\\\/\"]}]},{\"@type\":\"ImageObject\",\"inLanguage\":\"fr-FR\",\"@id\":\"https:\\\/\\\/www.vagadeempregorj.com.br\\\/tirolez-22-vagas-de-emprego-abertas-pelo-pais\\\/#primaryimage\",\"url\":\"https:\\\/\\\/www.vagadeempregorj.com.br\\\/wp-content\\\/uploads\\\/2025\\\/02\\\/image-43.png\",\"contentUrl\":\"https:\\\/\\\/www.vagadeempregorj.com.br\\\/wp-content\\\/uploads\\\/2025\\\/02\\\/image-43.png\",\"width\":442,\"height\":244},{\"@type\":\"BreadcrumbList\",\"@id\":\"https:\\\/\\\/www.vagadeempregorj.com.br\\\/tirolez-22-vagas-de-emprego-abertas-pelo-pais\\\/#breadcrumb\",\"itemListElement\":[{\"@type\":\"ListItem\",\"position\":1,\"name\":\"In\u00edcio\",\"item\":\"https:\\\/\\\/www.vagadeempregorj.com.br\\\/\"},{\"@type\":\"ListItem\",\"position\":2,\"name\":\"Vagas de Emprego Nacionais\",\"item\":\"https:\\\/\\\/www.vagadeempregorj.com.br\\\/vagas-de-emprego-nacionais\\\/\"},{\"@type\":\"ListItem\",\"position\":3,\"name\":\"Tirolez: 22 vagas de emprego abertas pelo pa\u00eds\"}]},{\"@type\":\"WebSite\",\"@id\":\"https:\\\/\\\/www.vagadeempregorj.com.br\\\/#website\",\"url\":\"https:\\\/\\\/www.vagadeempregorj.com.br\\\/\",\"name\":\"\",\"description\":\"Conquiste Sonhos: Vagas, Benef\u00edcios e Economia para Transformar Vidas e Alcan\u00e7ar Melhorias Cotidianas\",\"potentialAction\":[{\"@type\":\"SearchAction\",\"target\":{\"@type\":\"EntryPoint\",\"urlTemplate\":\"https:\\\/\\\/www.vagadeempregorj.com.br\\\/?s={search_term_string}\"},\"query-input\":{\"@type\":\"PropertyValueSpecification\",\"valueRequired\":true,\"valueName\":\"search_term_string\"}}],\"inLanguage\":\"fr-FR\"},{\"@type\":\"Person\",\"@id\":\"https:\\\/\\\/www.vagadeempregorj.com.br\\\/#\\\/schema\\\/person\\\/3ddb19fa0539706786e502152f3aae95\",\"name\":\"Michele\",\"image\":{\"@type\":\"ImageObject\",\"inLanguage\":\"fr-FR\",\"@id\":\"https:\\\/\\\/secure.gravatar.com\\\/avatar\\\/6b0eb9d22841282815e2cd856a0061c45e1761cd54b22e952d98c4746939aa85?s=96&r=g\",\"url\":\"https:\\\/\\\/secure.gravatar.com\\\/avatar\\\/6b0eb9d22841282815e2cd856a0061c45e1761cd54b22e952d98c4746939aa85?s=96&r=g\",\"contentUrl\":\"https:\\\/\\\/secure.gravatar.com\\\/avatar\\\/6b0eb9d22841282815e2cd856a0061c45e1761cd54b22e952d98c4746939aa85?s=96&r=g\",\"caption\":\"Michele\"},\"description\":\"Formada em Letras - Portugu\u00eas\\\/ Ingl\u00eas, e idealizadora do site Escritora de Sucesso, busca expandir o conhecimento de todos com informa\u00e7\u00f5es relevantes sobre diversos assuntos, enquanto redatora. No Vaga de Emprego RJ, traz oportunidades e dicas sobre o mercado de trabalho.\",\"url\":\"https:\\\/\\\/www.vagadeempregorj.com.br\\\/fr\\\/author\\\/michele\\\/\"}]}<\/script>\n<!-- \/ Yoast SEO plugin. -->","yoast_head_json":{"title":"Tirolez: 22 vagas de emprego abertas pelo pa\u00eds -","description":"Veja em Vagas de Emprego RJ as vagas de emprego com e sem experi\u00eancia no seu Estado e Regi\u00e3o!","robots":{"index":"index","follow":"follow","max-snippet":"max-snippet:-1","max-image-preview":"max-image-preview:large","max-video-preview":"max-video-preview:-1"},"canonical":"https:\/\/www.vagadeempregorj.com.br\/fr\/tirolez-22-vagas-de-emprego-abertas-pelo-pais\/","og_locale":"fr_FR","og_type":"article","og_title":"Tirolez: 22 vagas de emprego abertas pelo pa\u00eds -","og_description":"Veja em Vagas de Emprego RJ as vagas de emprego com e sem experi\u00eancia no seu Estado e Regi\u00e3o!","og_url":"https:\/\/www.vagadeempregorj.com.br\/fr\/tirolez-22-vagas-de-emprego-abertas-pelo-pais\/","article_publisher":"https:\/\/www.facebook.com\/empregobrasiloficial","article_published_time":"2025-03-04T09:00:00+00:00","og_image":[{"width":442,"height":244,"url":"https:\/\/www.vagadeempregorj.com.br\/wp-content\/uploads\/2025\/02\/image-43.png","type":"image\/png"}],"author":"Michele","twitter_card":"summary_large_image","twitter_misc":{"Written by":"Michele","Est. reading time":"5 minutes"},"schema":{"@context":"https:\/\/schema.org","@graph":[{"@type":"Article","@id":"https:\/\/www.vagadeempregorj.com.br\/tirolez-22-vagas-de-emprego-abertas-pelo-pais\/#article","isPartOf":{"@id":"https:\/\/www.vagadeempregorj.com.br\/tirolez-22-vagas-de-emprego-abertas-pelo-pais\/"},"author":{"name":"Michele","@id":"https:\/\/www.vagadeempregorj.com.br\/#\/schema\/person\/3ddb19fa0539706786e502152f3aae95"},"headline":"Tirolez: 22 vagas de emprego abertas pelo pa\u00eds","datePublished":"2025-03-04T09:00:00+00:00","mainEntityOfPage":{"@id":"https:\/\/www.vagadeempregorj.com.br\/tirolez-22-vagas-de-emprego-abertas-pelo-pais\/"},"wordCount":914,"image":{"@id":"https:\/\/www.vagadeempregorj.com.br\/tirolez-22-vagas-de-emprego-abertas-pelo-pais\/#primaryimage"},"thumbnailUrl":"https:\/\/www.vagadeempregorj.com.br\/wp-content\/uploads\/2025\/02\/image-43.png","articleSection":["Vagas de Emprego Nacionais"],"inLanguage":"fr-FR"},{"@type":"WebPage","@id":"https:\/\/www.vagadeempregorj.com.br\/tirolez-22-vagas-de-emprego-abertas-pelo-pais\/","url":"https:\/\/www.vagadeempregorj.com.br\/tirolez-22-vagas-de-emprego-abertas-pelo-pais\/","name":"Tirolez: 22 vagas de emprego abertas pelo pa\u00eds -","isPartOf":{"@id":"https:\/\/www.vagadeempregorj.com.br\/#website"},"primaryImageOfPage":{"@id":"https:\/\/www.vagadeempregorj.com.br\/tirolez-22-vagas-de-emprego-abertas-pelo-pais\/#primaryimage"},"image":{"@id":"https:\/\/www.vagadeempregorj.com.br\/tirolez-22-vagas-de-emprego-abertas-pelo-pais\/#primaryimage"},"thumbnailUrl":"https:\/\/www.vagadeempregorj.com.br\/wp-content\/uploads\/2025\/02\/image-43.png","datePublished":"2025-03-04T09:00:00+00:00","author":{"@id":"https:\/\/www.vagadeempregorj.com.br\/#\/schema\/person\/3ddb19fa0539706786e502152f3aae95"},"description":"Veja em Vagas de Emprego RJ as vagas de emprego com e sem experi\u00eancia no seu Estado e Regi\u00e3o!","breadcrumb":{"@id":"https:\/\/www.vagadeempregorj.com.br\/tirolez-22-vagas-de-emprego-abertas-pelo-pais\/#breadcrumb"},"inLanguage":"fr-FR","potentialAction":[{"@type":"ReadAction","target":["https:\/\/www.vagadeempregorj.com.br\/tirolez-22-vagas-de-emprego-abertas-pelo-pais\/"]}]},{"@type":"ImageObject","inLanguage":"fr-FR","@id":"https:\/\/www.vagadeempregorj.com.br\/tirolez-22-vagas-de-emprego-abertas-pelo-pais\/#primaryimage","url":"https:\/\/www.vagadeempregorj.com.br\/wp-content\/uploads\/2025\/02\/image-43.png","contentUrl":"https:\/\/www.vagadeempregorj.com.br\/wp-content\/uploads\/2025\/02\/image-43.png","width":442,"height":244},{"@type":"BreadcrumbList","@id":"https:\/\/www.vagadeempregorj.com.br\/tirolez-22-vagas-de-emprego-abertas-pelo-pais\/#breadcrumb","itemListElement":[{"@type":"ListItem","position":1,"name":"In\u00edcio","item":"https:\/\/www.vagadeempregorj.com.br\/"},{"@type":"ListItem","position":2,"name":"Vagas de Emprego Nacionais","item":"https:\/\/www.vagadeempregorj.com.br\/vagas-de-emprego-nacionais\/"},{"@type":"ListItem","position":3,"name":"Tirolez: 22 vagas de emprego abertas pelo pa\u00eds"}]},{"@type":"WebSite","@id":"https:\/\/www.vagadeempregorj.com.br\/#website","url":"https:\/\/www.vagadeempregorj.com.br\/","name":"","description":"Conquiste Sonhos: Vagas, Benef\u00edcios e Economia para Transformar Vidas e Alcan\u00e7ar Melhorias Cotidianas","potentialAction":[{"@type":"SearchAction","target":{"@type":"EntryPoint","urlTemplate":"https:\/\/www.vagadeempregorj.com.br\/?s={search_term_string}"},"query-input":{"@type":"PropertyValueSpecification","valueRequired":true,"valueName":"search_term_string"}}],"inLanguage":"fr-FR"},{"@type":"Person","@id":"https:\/\/www.vagadeempregorj.com.br\/#\/schema\/person\/3ddb19fa0539706786e502152f3aae95","name":"Michele","image":{"@type":"ImageObject","inLanguage":"fr-FR","@id":"https:\/\/secure.gravatar.com\/avatar\/6b0eb9d22841282815e2cd856a0061c45e1761cd54b22e952d98c4746939aa85?s=96&r=g","url":"https:\/\/secure.gravatar.com\/avatar\/6b0eb9d22841282815e2cd856a0061c45e1761cd54b22e952d98c4746939aa85?s=96&r=g","contentUrl":"https:\/\/secure.gravatar.com\/avatar\/6b0eb9d22841282815e2cd856a0061c45e1761cd54b22e952d98c4746939aa85?s=96&r=g","caption":"Michele"},"description":"Formada em Letras - Portugu\u00eas\/ Ingl\u00eas, e idealizadora do site Escritora de Sucesso, busca expandir o conhecimento de todos com informa\u00e7\u00f5es relevantes sobre diversos assuntos, enquanto redatora. No Vaga de Emprego RJ, traz oportunidades e dicas sobre o mercado de trabalho.","url":"https:\/\/www.vagadeempregorj.com.br\/fr\/author\/michele\/"}]}},"_links":{"self":[{"href":"https:\/\/www.vagadeempregorj.com.br\/fr\/wp-json\/wp\/v2\/posts\/42657","targetHints":{"allow":["GET"]}}],"collection":[{"href":"https:\/\/www.vagadeempregorj.com.br\/fr\/wp-json\/wp\/v2\/posts"}],"about":[{"href":"https:\/\/www.vagadeempregorj.com.br\/fr\/wp-json\/wp\/v2\/types\/post"}],"author":[{"embeddable":true,"href":"https:\/\/www.vagadeempregorj.com.br\/fr\/wp-json\/wp\/v2\/users\/16"}],"replies":[{"embeddable":true,"href":"https:\/\/www.vagadeempregorj.com.br\/fr\/wp-json\/wp\/v2\/comments?post=42657"}],"version-history":[{"count":0,"href":"https:\/\/www.vagadeempregorj.com.br\/fr\/wp-json\/wp\/v2\/posts\/42657\/revisions"}],"wp:featuredmedia":[{"embeddable":true,"href":"https:\/\/www.vagadeempregorj.com.br\/fr\/wp-json\/wp\/v2\/media\/42675"}],"wp:attachment":[{"href":"https:\/\/www.vagadeempregorj.com.br\/fr\/wp-json\/wp\/v2\/media?parent=42657"}],"wp:term":[{"taxonomy":"category","embeddable":true,"href":"https:\/\/www.vagadeempregorj.com.br\/fr\/wp-json\/wp\/v2\/categories?post=42657"},{"taxonomy":"post_tag","embeddable":true,"href":"https:\/\/www.vagadeempregorj.com.br\/fr\/wp-json\/wp\/v2\/tags?post=42657"}],"curies":[{"name":"wp","href":"https:\/\/api.w.org\/{rel}","templated":true}]}}