{"id":42659,"date":"2025-03-05T06:00:00","date_gmt":"2025-03-05T09:00:00","guid":{"rendered":"https:\/\/www.vagadeempregorj.com.br\/?p=42659"},"modified":"2025-02-18T19:01:23","modified_gmt":"2025-02-18T22:01:23","slug":"cencosud-469-vagas-de-emprego-abertas-pelo-pais","status":"publish","type":"post","link":"https:\/\/www.vagadeempregorj.com.br\/fr\/cencosud-469-vagas-de-emprego-abertas-pelo-pais\/","title":{"rendered":"Cencosud: 469 vagas de emprego abertas pelo pa\u00eds"},"content":{"rendered":"<p>Quer encontrar novas oportunidades profissionais? Trago uma excelente not\u00edcia: a <strong>Cencosud<\/strong>, um dos maiores grupos varejistas da Am\u00e9rica Latina, divulgou recentemente 469 vagas de emprego em diversas regi\u00f5es do Brasil. Neste conte\u00fado, vamos conhecer as oportunidades de carreira dispon\u00edveis e orient\u00e1-lo sobre como se candidatar. Vamos l\u00e1?<\/p>\n\n\n\n<figure class=\"wp-block-image size-full is-resized\"><img loading=\"lazy\" decoding=\"async\" width=\"768\" height=\"512\" src=\"https:\/\/www.vagadeempregorj.com.br\/wp-content\/uploads\/2025\/02\/image-44.png\" alt=\"\" class=\"wp-image-42676\" style=\"width:840px;height:auto\" srcset=\"https:\/\/www.vagadeempregorj.com.br\/wp-content\/uploads\/2025\/02\/image-44.png 768w, https:\/\/www.vagadeempregorj.com.br\/wp-content\/uploads\/2025\/02\/image-44-300x200.png 300w, https:\/\/www.vagadeempregorj.com.br\/wp-content\/uploads\/2025\/02\/image-44-150x100.png 150w\" sizes=\"auto, (max-width: 768px) 100vw, 768px\" \/><\/figure>\n\n\n\n<h2 class=\"wp-block-heading\">Quais s\u00e3o as oportunidades de carreira na Cencosud?<\/h2>\n\n\n\n<p>A Cencosud est\u00e1 presente em v\u00e1rios estados brasileiros, operando marcas renomadas como GBarbosa, Bretas, Prezunic, Mercantil Atacado, Perini e Giga Atacado. As vagas abrangem diferentes \u00e1reas e n\u00edveis de experi\u00eancia. A seguir, destacamos algumas das oportunidades dispon\u00edveis:<\/p>\n\n\n\n<h3 class=\"wp-block-heading\">A\u00e7ougueiro<\/h3>\n\n\n\n<p><strong>Localidades:<\/strong> Tim\u00f3teo (MG), Aparecida de Goi\u00e2nia (GO), Ipatinga (MG), Juiz de Fora (MG), Mineiros (GO), Una\u00ed (MG), Varginha (MG), Aracaju (SE), Salvador (BA).<\/p>\n\n\n\n<p><strong>Responsabilidades:<\/strong><\/p>\n\n\n\n<ul class=\"wp-block-list\">\n<li>Preparar cortes de carnes conforme os padr\u00f5es da empresa.<\/li>\n\n\n\n<li>Atender clientes, oferecendo orienta\u00e7\u00f5es sobre os produtos.<\/li>\n\n\n\n<li>Manter a organiza\u00e7\u00e3o e a higiene do setor.<\/li>\n<\/ul>\n\n\n\n<p><strong>Requisitos:<\/strong><\/p>\n\n\n\n<ul class=\"wp-block-list\">\n<li>Experi\u00eancia pr\u00e9via na fun\u00e7\u00e3o.<\/li>\n\n\n\n<li>Conhecimento sobre diferentes tipos de cortes e manuseio adequado de carnes.<\/li>\n\n\n\n<li>Habilidade para lidar com o p\u00fablico.<\/li>\n<\/ul>\n\n\n\n<h3 class=\"wp-block-heading\">Analista de CRM Pleno \u2013 Pesquisa de Mercado<\/h3>\n\n\n\n<p><strong>Localidade:<\/strong> S\u00e3o Paulo (SP)<\/p>\n\n\n\n<p><strong>Responsabilidades:<\/strong><\/p>\n\n\n\n<ul class=\"wp-block-list\">\n<li>Desenvolver an\u00e1lises de mercado para identificar oportunidades de neg\u00f3cio.<\/li>\n\n\n\n<li>Elaborar estrat\u00e9gias de relacionamento com clientes.<\/li>\n\n\n\n<li>Monitorar tend\u00eancias e comportamentos do consumidor.<\/li>\n<\/ul>\n\n\n\n<p><strong>Requisitos:<\/strong><\/p>\n\n\n\n<ul class=\"wp-block-list\">\n<li>Forma\u00e7\u00e3o superior em Marketing, Administra\u00e7\u00e3o ou \u00e1reas correlatas.<\/li>\n\n\n\n<li>Experi\u00eancia em CRM e pesquisa de mercado.<\/li>\n\n\n\n<li>Habilidade com ferramentas anal\u00edticas e de gest\u00e3o de relacionamento.<\/li>\n<\/ul>\n\n\n\n<h3 class=\"wp-block-heading\">Analista de Tesouraria J\u00fanior<\/h3>\n\n\n\n<p><strong>Localidade:<\/strong> S\u00e3o Paulo (SP) \u2013 Modelo h\u00edbrido<\/p>\n\n\n\n<p><strong>Responsabilidades:<\/strong><\/p>\n\n\n\n<ul class=\"wp-block-list\">\n<li>Controlar o fluxo de caixa e realizar concilia\u00e7\u00f5es banc\u00e1rias.<\/li>\n\n\n\n<li>Elaborar relat\u00f3rios financeiros.<\/li>\n\n\n\n<li>Apoiar na gest\u00e3o de investimentos e financiamentos.<\/li>\n<\/ul>\n\n\n\n<p><strong>Requisitos:<\/strong><\/p>\n\n\n\n<ul class=\"wp-block-list\">\n<li>Forma\u00e7\u00e3o em Administra\u00e7\u00e3o, Economia ou \u00e1reas afins.<\/li>\n\n\n\n<li>Conhecimento em finan\u00e7as corporativas.<\/li>\n\n\n\n<li>Dom\u00ednio do pacote Office, especialmente Excel.<\/li>\n<\/ul>\n\n\n\n<h3 class=\"wp-block-heading\">Aprendiz em Servi\u00e7os Administrativos<\/h3>\n\n\n\n<p><strong>Localidade:<\/strong> S\u00e3o Paulo (SP)<\/p>\n\n\n\n<p><strong>Responsabilidades:<\/strong><\/p>\n\n\n\n<ul class=\"wp-block-list\">\n<li>Auxiliar nas rotinas administrativas da \u00e1rea.<\/li>\n\n\n\n<li>Acompanhar relat\u00f3rios e planilhas.<\/li>\n\n\n\n<li>Organizar arquivos e documentos.<\/li>\n<\/ul>\n\n\n\n<p><strong>Requisitos:<\/strong><\/p>\n\n\n\n<ul class=\"wp-block-list\">\n<li>Idade entre 14 e 24 anos, conforme a Lei da Aprendizagem.<\/li>\n\n\n\n<li>Conhecimento b\u00e1sico em inform\u00e1tica.<\/li>\n\n\n\n<li>Vontade de aprender e desenvolver-se profissionalmente.<\/li>\n<\/ul>\n\n\n\n<h3 class=\"wp-block-heading\">Supervisor T\u00e9cnico (Carnes) \u2013 GBarbosa<\/h3>\n\n\n\n<p><strong>Localidade:<\/strong> Salvador (BA)<\/p>\n\n\n\n<p><strong>Responsabilidades:<\/strong><\/p>\n\n\n\n<ul class=\"wp-block-list\">\n<li>Supervisionar e orientar o setor de carnes, garantindo a qualidade dos produtos.<\/li>\n\n\n\n<li>Realizar visitas \u00e0s lojas para assegurar o cumprimento dos padr\u00f5es operacionais.<\/li>\n\n\n\n<li>Capacitar colaboradores e sugerir melhorias nos processos.<\/li>\n<\/ul>\n\n\n\n<p><strong>Requisitos:<\/strong><\/p>\n\n\n\n<ul class=\"wp-block-list\">\n<li>Superior completo ou cursando.<\/li>\n\n\n\n<li>Experi\u00eancia no setor de a\u00e7ougue.<\/li>\n\n\n\n<li>Disponibilidade para residir em Salvador.<\/li>\n<\/ul>\n\n\n\n<h2 class=\"wp-block-heading\">Como se candidatar?<\/h2>\n\n\n\n<p>Interessado em fazer parte do time Cencosud? O processo de candidatura \u00e9 simples e pode ser realizado online. Siga os passos abaixo:<\/p>\n\n\n\n<ul class=\"wp-block-list\">\n<li><strong>Acesse o site de carreiras da Cencosud:<\/strong>\n<ul class=\"wp-block-list\">\n<li>Copie e cole o endere\u00e7o <strong>https:\/\/cencosudbrasil.gupy.io\/<\/strong> em seu navegador.<\/li>\n<\/ul>\n<\/li>\n\n\n\n<li><strong>Navegue pelas oportunidades:<\/strong>\n<ul class=\"wp-block-list\">\n<li>Na p\u00e1gina inicial, voc\u00ea encontrar\u00e1 a lista de vagas dispon\u00edveis. Utilize os filtros para refinar sua busca por cargo, localidade ou \u00e1rea de interesse.<\/li>\n<\/ul>\n<\/li>\n\n\n\n<li><strong>Selecione a vaga desejada:<\/strong>\n<ul class=\"wp-block-list\">\n<li>Clique na posi\u00e7\u00e3o de seu interesse para visualizar os detalhes da fun\u00e7\u00e3o, responsabilidades e requisitos.<\/li>\n<\/ul>\n<\/li>\n\n\n\n<li><strong>Candidate-se:<\/strong>\n<ul class=\"wp-block-list\">\n<li>Ap\u00f3s ler atentamente a descri\u00e7\u00e3o da vaga, clique em &#8220;Candidatar-se&#8221; e siga as instru\u00e7\u00f5es para preencher seu perfil e enviar seu curr\u00edculo.<\/li>\n<\/ul>\n<\/li>\n<\/ul>\n\n\n\n<p><strong>Dicas adicionais:<\/strong><\/p>\n\n\n\n<ul class=\"wp-block-list\">\n<li><strong>Mantenha seu curr\u00edculo atualizado:<\/strong> Inclua suas experi\u00eancias mais recentes, habilidades e cursos relevantes.<\/li>\n\n\n\n<li><strong>Personalize sua candidatura:<\/strong> Destaque em sua carta de apresenta\u00e7\u00e3o ou no campo de observa\u00e7\u00f5es por que voc\u00ea se identifica com a empresa e como pode contribuir para a equipe.<\/li>\n\n\n\n<li><strong>Prepare-se para o processo seletivo:<\/strong> Caso seja convocado para uma entrevista, pesquise sobre a Cencosud, suas marcas e valores. Demonstre conhecimento e interesse pela empresa.<\/li>\n<\/ul>\n\n\n\n<p>A Cencosud valoriza profissionais dedicados, que buscam crescimento e compartilham da paix\u00e3o por servir bem aos clientes. Se voc\u00ea se identifica com esses valores, n\u00e3o perca tempo e candidate-se j\u00e1!<\/p>\n\n\n\n<p>Boa sorte em sua jornada profissional!<\/p>\n\n\n\n<p><strong>Veja tamb\u00e9m: <a href=\"https:\/\/www.vagadeempregorj.com.br\/fr\/grupo-lider-64-vagas-de-emprego-pelo-pais\/\">Grupo Lider: 64 vagas de emprego pelo pa\u00eds<\/a><\/strong><\/p>\n\n\n\n<p>5 de mar\u00e7o de 2025<\/p>","protected":false},"excerpt":{"rendered":"<p>Quer encontrar novas oportunidades profissionais? Trago uma excelente not\u00edcia: a Cencosud, um dos maiores grupos varejistas da Am\u00e9rica Latina, divulgou recentemente 469 vagas de emprego em diversas regi\u00f5es do Brasil. Neste conte\u00fado, vamos conhecer as oportunidades de carreira dispon\u00edveis e orient\u00e1-lo sobre como se candidatar. Vamos l\u00e1? Quais s\u00e3o as oportunidades de carreira na Cencosud?&hellip;&nbsp;<\/p>","protected":false},"author":16,"featured_media":42676,"comment_status":"closed","ping_status":"closed","sticky":false,"template":"","format":"standard","meta":{"neve_meta_sidebar":"","neve_meta_container":"","neve_meta_enable_content_width":"","neve_meta_content_width":0,"neve_meta_title_alignment":"","neve_meta_author_avatar":"","neve_post_elements_order":"","neve_meta_disable_header":"","neve_meta_disable_footer":"","neve_meta_disable_title":"","footnotes":""},"categories":[123],"tags":[],"class_list":["post-42659","post","type-post","status-publish","format-standard","has-post-thumbnail","hentry","category-vagas-de-emprego-nacionais"],"yoast_head":"<!-- This site is optimized with the Yoast SEO plugin v27.5 - https:\/\/yoast.com\/product\/yoast-seo-wordpress\/ -->\n<title>Cencosud: 469 vagas de emprego abertas pelo pa\u00eds -<\/title>\n<meta name=\"description\" content=\"Veja em Vagas de Emprego RJ as vagas de emprego com e sem experi\u00eancia no seu Estado e Regi\u00e3o!\" \/>\n<meta name=\"robots\" content=\"index, follow, max-snippet:-1, max-image-preview:large, max-video-preview:-1\" \/>\n<link rel=\"canonical\" href=\"https:\/\/www.vagadeempregorj.com.br\/fr\/cencosud-469-vagas-de-emprego-abertas-pelo-pais\/\" \/>\n<meta property=\"og:locale\" content=\"fr_FR\" \/>\n<meta property=\"og:type\" content=\"article\" \/>\n<meta property=\"og:title\" content=\"Cencosud: 469 vagas de emprego abertas pelo pa\u00eds -\" \/>\n<meta property=\"og:description\" content=\"Veja em Vagas de Emprego RJ as vagas de emprego com e sem experi\u00eancia no seu Estado e Regi\u00e3o!\" \/>\n<meta property=\"og:url\" content=\"https:\/\/www.vagadeempregorj.com.br\/fr\/cencosud-469-vagas-de-emprego-abertas-pelo-pais\/\" \/>\n<meta property=\"article:publisher\" content=\"https:\/\/www.facebook.com\/empregobrasiloficial\" \/>\n<meta property=\"article:published_time\" content=\"2025-03-05T09:00:00+00:00\" \/>\n<meta property=\"og:image\" content=\"https:\/\/www.vagadeempregorj.com.br\/wp-content\/uploads\/2025\/02\/image-44.png\" \/>\n\t<meta property=\"og:image:width\" content=\"768\" \/>\n\t<meta property=\"og:image:height\" content=\"512\" \/>\n\t<meta property=\"og:image:type\" content=\"image\/png\" \/>\n<meta name=\"author\" content=\"Michele\" \/>\n<meta name=\"twitter:card\" content=\"summary_large_image\" \/>\n<meta name=\"twitter:label1\" content=\"Written by\" \/>\n\t<meta name=\"twitter:data1\" content=\"Michele\" \/>\n\t<meta name=\"twitter:label2\" content=\"Est. reading time\" \/>\n\t<meta name=\"twitter:data2\" content=\"3 minutes\" \/>\n<script type=\"application\/ld+json\" class=\"yoast-schema-graph\">{\"@context\":\"https:\\\/\\\/schema.org\",\"@graph\":[{\"@type\":\"Article\",\"@id\":\"https:\\\/\\\/www.vagadeempregorj.com.br\\\/cencosud-469-vagas-de-emprego-abertas-pelo-pais\\\/#article\",\"isPartOf\":{\"@id\":\"https:\\\/\\\/www.vagadeempregorj.com.br\\\/cencosud-469-vagas-de-emprego-abertas-pelo-pais\\\/\"},\"author\":{\"name\":\"Michele\",\"@id\":\"https:\\\/\\\/www.vagadeempregorj.com.br\\\/#\\\/schema\\\/person\\\/3ddb19fa0539706786e502152f3aae95\"},\"headline\":\"Cencosud: 469 vagas de emprego abertas pelo pa\u00eds\",\"datePublished\":\"2025-03-05T09:00:00+00:00\",\"mainEntityOfPage\":{\"@id\":\"https:\\\/\\\/www.vagadeempregorj.com.br\\\/cencosud-469-vagas-de-emprego-abertas-pelo-pais\\\/\"},\"wordCount\":670,\"image\":{\"@id\":\"https:\\\/\\\/www.vagadeempregorj.com.br\\\/cencosud-469-vagas-de-emprego-abertas-pelo-pais\\\/#primaryimage\"},\"thumbnailUrl\":\"https:\\\/\\\/www.vagadeempregorj.com.br\\\/wp-content\\\/uploads\\\/2025\\\/02\\\/image-44.png\",\"articleSection\":[\"Vagas de Emprego Nacionais\"],\"inLanguage\":\"fr-FR\"},{\"@type\":\"WebPage\",\"@id\":\"https:\\\/\\\/www.vagadeempregorj.com.br\\\/cencosud-469-vagas-de-emprego-abertas-pelo-pais\\\/\",\"url\":\"https:\\\/\\\/www.vagadeempregorj.com.br\\\/cencosud-469-vagas-de-emprego-abertas-pelo-pais\\\/\",\"name\":\"Cencosud: 469 vagas de emprego abertas pelo pa\u00eds -\",\"isPartOf\":{\"@id\":\"https:\\\/\\\/www.vagadeempregorj.com.br\\\/#website\"},\"primaryImageOfPage\":{\"@id\":\"https:\\\/\\\/www.vagadeempregorj.com.br\\\/cencosud-469-vagas-de-emprego-abertas-pelo-pais\\\/#primaryimage\"},\"image\":{\"@id\":\"https:\\\/\\\/www.vagadeempregorj.com.br\\\/cencosud-469-vagas-de-emprego-abertas-pelo-pais\\\/#primaryimage\"},\"thumbnailUrl\":\"https:\\\/\\\/www.vagadeempregorj.com.br\\\/wp-content\\\/uploads\\\/2025\\\/02\\\/image-44.png\",\"datePublished\":\"2025-03-05T09:00:00+00:00\",\"author\":{\"@id\":\"https:\\\/\\\/www.vagadeempregorj.com.br\\\/#\\\/schema\\\/person\\\/3ddb19fa0539706786e502152f3aae95\"},\"description\":\"Veja em Vagas de Emprego RJ as vagas de emprego com e sem experi\u00eancia no seu Estado e Regi\u00e3o!\",\"breadcrumb\":{\"@id\":\"https:\\\/\\\/www.vagadeempregorj.com.br\\\/cencosud-469-vagas-de-emprego-abertas-pelo-pais\\\/#breadcrumb\"},\"inLanguage\":\"fr-FR\",\"potentialAction\":[{\"@type\":\"ReadAction\",\"target\":[\"https:\\\/\\\/www.vagadeempregorj.com.br\\\/cencosud-469-vagas-de-emprego-abertas-pelo-pais\\\/\"]}]},{\"@type\":\"ImageObject\",\"inLanguage\":\"fr-FR\",\"@id\":\"https:\\\/\\\/www.vagadeempregorj.com.br\\\/cencosud-469-vagas-de-emprego-abertas-pelo-pais\\\/#primaryimage\",\"url\":\"https:\\\/\\\/www.vagadeempregorj.com.br\\\/wp-content\\\/uploads\\\/2025\\\/02\\\/image-44.png\",\"contentUrl\":\"https:\\\/\\\/www.vagadeempregorj.com.br\\\/wp-content\\\/uploads\\\/2025\\\/02\\\/image-44.png\",\"width\":768,\"height\":512},{\"@type\":\"BreadcrumbList\",\"@id\":\"https:\\\/\\\/www.vagadeempregorj.com.br\\\/cencosud-469-vagas-de-emprego-abertas-pelo-pais\\\/#breadcrumb\",\"itemListElement\":[{\"@type\":\"ListItem\",\"position\":1,\"name\":\"In\u00edcio\",\"item\":\"https:\\\/\\\/www.vagadeempregorj.com.br\\\/\"},{\"@type\":\"ListItem\",\"position\":2,\"name\":\"Vagas de Emprego Nacionais\",\"item\":\"https:\\\/\\\/www.vagadeempregorj.com.br\\\/vagas-de-emprego-nacionais\\\/\"},{\"@type\":\"ListItem\",\"position\":3,\"name\":\"Cencosud: 469 vagas de emprego abertas pelo pa\u00eds\"}]},{\"@type\":\"WebSite\",\"@id\":\"https:\\\/\\\/www.vagadeempregorj.com.br\\\/#website\",\"url\":\"https:\\\/\\\/www.vagadeempregorj.com.br\\\/\",\"name\":\"\",\"description\":\"Conquiste Sonhos: Vagas, Benef\u00edcios e Economia para Transformar Vidas e Alcan\u00e7ar Melhorias Cotidianas\",\"potentialAction\":[{\"@type\":\"SearchAction\",\"target\":{\"@type\":\"EntryPoint\",\"urlTemplate\":\"https:\\\/\\\/www.vagadeempregorj.com.br\\\/?s={search_term_string}\"},\"query-input\":{\"@type\":\"PropertyValueSpecification\",\"valueRequired\":true,\"valueName\":\"search_term_string\"}}],\"inLanguage\":\"fr-FR\"},{\"@type\":\"Person\",\"@id\":\"https:\\\/\\\/www.vagadeempregorj.com.br\\\/#\\\/schema\\\/person\\\/3ddb19fa0539706786e502152f3aae95\",\"name\":\"Michele\",\"image\":{\"@type\":\"ImageObject\",\"inLanguage\":\"fr-FR\",\"@id\":\"https:\\\/\\\/secure.gravatar.com\\\/avatar\\\/6b0eb9d22841282815e2cd856a0061c45e1761cd54b22e952d98c4746939aa85?s=96&r=g\",\"url\":\"https:\\\/\\\/secure.gravatar.com\\\/avatar\\\/6b0eb9d22841282815e2cd856a0061c45e1761cd54b22e952d98c4746939aa85?s=96&r=g\",\"contentUrl\":\"https:\\\/\\\/secure.gravatar.com\\\/avatar\\\/6b0eb9d22841282815e2cd856a0061c45e1761cd54b22e952d98c4746939aa85?s=96&r=g\",\"caption\":\"Michele\"},\"description\":\"Formada em Letras - Portugu\u00eas\\\/ Ingl\u00eas, e idealizadora do site Escritora de Sucesso, busca expandir o conhecimento de todos com informa\u00e7\u00f5es relevantes sobre diversos assuntos, enquanto redatora. No Vaga de Emprego RJ, traz oportunidades e dicas sobre o mercado de trabalho.\",\"url\":\"https:\\\/\\\/www.vagadeempregorj.com.br\\\/fr\\\/author\\\/michele\\\/\"}]}<\/script>\n<!-- \/ Yoast SEO plugin. -->","yoast_head_json":{"title":"Cencosud: 469 vagas de emprego abertas pelo pa\u00eds -","description":"Veja em Vagas de Emprego RJ as vagas de emprego com e sem experi\u00eancia no seu Estado e Regi\u00e3o!","robots":{"index":"index","follow":"follow","max-snippet":"max-snippet:-1","max-image-preview":"max-image-preview:large","max-video-preview":"max-video-preview:-1"},"canonical":"https:\/\/www.vagadeempregorj.com.br\/fr\/cencosud-469-vagas-de-emprego-abertas-pelo-pais\/","og_locale":"fr_FR","og_type":"article","og_title":"Cencosud: 469 vagas de emprego abertas pelo pa\u00eds -","og_description":"Veja em Vagas de Emprego RJ as vagas de emprego com e sem experi\u00eancia no seu Estado e Regi\u00e3o!","og_url":"https:\/\/www.vagadeempregorj.com.br\/fr\/cencosud-469-vagas-de-emprego-abertas-pelo-pais\/","article_publisher":"https:\/\/www.facebook.com\/empregobrasiloficial","article_published_time":"2025-03-05T09:00:00+00:00","og_image":[{"width":768,"height":512,"url":"https:\/\/www.vagadeempregorj.com.br\/wp-content\/uploads\/2025\/02\/image-44.png","type":"image\/png"}],"author":"Michele","twitter_card":"summary_large_image","twitter_misc":{"Written by":"Michele","Est. reading time":"3 minutes"},"schema":{"@context":"https:\/\/schema.org","@graph":[{"@type":"Article","@id":"https:\/\/www.vagadeempregorj.com.br\/cencosud-469-vagas-de-emprego-abertas-pelo-pais\/#article","isPartOf":{"@id":"https:\/\/www.vagadeempregorj.com.br\/cencosud-469-vagas-de-emprego-abertas-pelo-pais\/"},"author":{"name":"Michele","@id":"https:\/\/www.vagadeempregorj.com.br\/#\/schema\/person\/3ddb19fa0539706786e502152f3aae95"},"headline":"Cencosud: 469 vagas de emprego abertas pelo pa\u00eds","datePublished":"2025-03-05T09:00:00+00:00","mainEntityOfPage":{"@id":"https:\/\/www.vagadeempregorj.com.br\/cencosud-469-vagas-de-emprego-abertas-pelo-pais\/"},"wordCount":670,"image":{"@id":"https:\/\/www.vagadeempregorj.com.br\/cencosud-469-vagas-de-emprego-abertas-pelo-pais\/#primaryimage"},"thumbnailUrl":"https:\/\/www.vagadeempregorj.com.br\/wp-content\/uploads\/2025\/02\/image-44.png","articleSection":["Vagas de Emprego Nacionais"],"inLanguage":"fr-FR"},{"@type":"WebPage","@id":"https:\/\/www.vagadeempregorj.com.br\/cencosud-469-vagas-de-emprego-abertas-pelo-pais\/","url":"https:\/\/www.vagadeempregorj.com.br\/cencosud-469-vagas-de-emprego-abertas-pelo-pais\/","name":"Cencosud: 469 vagas de emprego abertas pelo pa\u00eds -","isPartOf":{"@id":"https:\/\/www.vagadeempregorj.com.br\/#website"},"primaryImageOfPage":{"@id":"https:\/\/www.vagadeempregorj.com.br\/cencosud-469-vagas-de-emprego-abertas-pelo-pais\/#primaryimage"},"image":{"@id":"https:\/\/www.vagadeempregorj.com.br\/cencosud-469-vagas-de-emprego-abertas-pelo-pais\/#primaryimage"},"thumbnailUrl":"https:\/\/www.vagadeempregorj.com.br\/wp-content\/uploads\/2025\/02\/image-44.png","datePublished":"2025-03-05T09:00:00+00:00","author":{"@id":"https:\/\/www.vagadeempregorj.com.br\/#\/schema\/person\/3ddb19fa0539706786e502152f3aae95"},"description":"Veja em Vagas de Emprego RJ as vagas de emprego com e sem experi\u00eancia no seu Estado e Regi\u00e3o!","breadcrumb":{"@id":"https:\/\/www.vagadeempregorj.com.br\/cencosud-469-vagas-de-emprego-abertas-pelo-pais\/#breadcrumb"},"inLanguage":"fr-FR","potentialAction":[{"@type":"ReadAction","target":["https:\/\/www.vagadeempregorj.com.br\/cencosud-469-vagas-de-emprego-abertas-pelo-pais\/"]}]},{"@type":"ImageObject","inLanguage":"fr-FR","@id":"https:\/\/www.vagadeempregorj.com.br\/cencosud-469-vagas-de-emprego-abertas-pelo-pais\/#primaryimage","url":"https:\/\/www.vagadeempregorj.com.br\/wp-content\/uploads\/2025\/02\/image-44.png","contentUrl":"https:\/\/www.vagadeempregorj.com.br\/wp-content\/uploads\/2025\/02\/image-44.png","width":768,"height":512},{"@type":"BreadcrumbList","@id":"https:\/\/www.vagadeempregorj.com.br\/cencosud-469-vagas-de-emprego-abertas-pelo-pais\/#breadcrumb","itemListElement":[{"@type":"ListItem","position":1,"name":"In\u00edcio","item":"https:\/\/www.vagadeempregorj.com.br\/"},{"@type":"ListItem","position":2,"name":"Vagas de Emprego Nacionais","item":"https:\/\/www.vagadeempregorj.com.br\/vagas-de-emprego-nacionais\/"},{"@type":"ListItem","position":3,"name":"Cencosud: 469 vagas de emprego abertas pelo pa\u00eds"}]},{"@type":"WebSite","@id":"https:\/\/www.vagadeempregorj.com.br\/#website","url":"https:\/\/www.vagadeempregorj.com.br\/","name":"","description":"Conquiste Sonhos: Vagas, Benef\u00edcios e Economia para Transformar Vidas e Alcan\u00e7ar Melhorias Cotidianas","potentialAction":[{"@type":"SearchAction","target":{"@type":"EntryPoint","urlTemplate":"https:\/\/www.vagadeempregorj.com.br\/?s={search_term_string}"},"query-input":{"@type":"PropertyValueSpecification","valueRequired":true,"valueName":"search_term_string"}}],"inLanguage":"fr-FR"},{"@type":"Person","@id":"https:\/\/www.vagadeempregorj.com.br\/#\/schema\/person\/3ddb19fa0539706786e502152f3aae95","name":"Michele","image":{"@type":"ImageObject","inLanguage":"fr-FR","@id":"https:\/\/secure.gravatar.com\/avatar\/6b0eb9d22841282815e2cd856a0061c45e1761cd54b22e952d98c4746939aa85?s=96&r=g","url":"https:\/\/secure.gravatar.com\/avatar\/6b0eb9d22841282815e2cd856a0061c45e1761cd54b22e952d98c4746939aa85?s=96&r=g","contentUrl":"https:\/\/secure.gravatar.com\/avatar\/6b0eb9d22841282815e2cd856a0061c45e1761cd54b22e952d98c4746939aa85?s=96&r=g","caption":"Michele"},"description":"Formada em Letras - Portugu\u00eas\/ Ingl\u00eas, e idealizadora do site Escritora de Sucesso, busca expandir o conhecimento de todos com informa\u00e7\u00f5es relevantes sobre diversos assuntos, enquanto redatora. No Vaga de Emprego RJ, traz oportunidades e dicas sobre o mercado de trabalho.","url":"https:\/\/www.vagadeempregorj.com.br\/fr\/author\/michele\/"}]}},"_links":{"self":[{"href":"https:\/\/www.vagadeempregorj.com.br\/fr\/wp-json\/wp\/v2\/posts\/42659","targetHints":{"allow":["GET"]}}],"collection":[{"href":"https:\/\/www.vagadeempregorj.com.br\/fr\/wp-json\/wp\/v2\/posts"}],"about":[{"href":"https:\/\/www.vagadeempregorj.com.br\/fr\/wp-json\/wp\/v2\/types\/post"}],"author":[{"embeddable":true,"href":"https:\/\/www.vagadeempregorj.com.br\/fr\/wp-json\/wp\/v2\/users\/16"}],"replies":[{"embeddable":true,"href":"https:\/\/www.vagadeempregorj.com.br\/fr\/wp-json\/wp\/v2\/comments?post=42659"}],"version-history":[{"count":0,"href":"https:\/\/www.vagadeempregorj.com.br\/fr\/wp-json\/wp\/v2\/posts\/42659\/revisions"}],"wp:featuredmedia":[{"embeddable":true,"href":"https:\/\/www.vagadeempregorj.com.br\/fr\/wp-json\/wp\/v2\/media\/42676"}],"wp:attachment":[{"href":"https:\/\/www.vagadeempregorj.com.br\/fr\/wp-json\/wp\/v2\/media?parent=42659"}],"wp:term":[{"taxonomy":"category","embeddable":true,"href":"https:\/\/www.vagadeempregorj.com.br\/fr\/wp-json\/wp\/v2\/categories?post=42659"},{"taxonomy":"post_tag","embeddable":true,"href":"https:\/\/www.vagadeempregorj.com.br\/fr\/wp-json\/wp\/v2\/tags?post=42659"}],"curies":[{"name":"wp","href":"https:\/\/api.w.org\/{rel}","templated":true}]}}