{"id":42722,"date":"2025-02-21T08:59:02","date_gmt":"2025-02-21T11:59:02","guid":{"rendered":"https:\/\/www.vagadeempregorj.com.br\/?p=42722"},"modified":"2025-06-15T14:46:33","modified_gmt":"2025-06-15T17:46:33","slug":"vestibular-uerr-2025-690-vagas","status":"publish","type":"post","link":"https:\/\/www.vagadeempregorj.com.br\/fr\/vestibular-uerr-2025-690-vagas\/","title":{"rendered":"Vestibular UERR 2025: 690 vagas dispon\u00edveis para 20 cursos"},"content":{"rendered":"<h2 class=\"wp-block-heading\">Inscri\u00e7\u00f5es abertas para o Vestibular UERR 2025<\/h2>\n\n\n\n<p class=\"has-medium-font-size\">O Vestibular 2025 da Universidade Estadual de Roraima (UERR) <strong>inicia suas inscri\u00e7\u00f5es nesta sexta-feira, 21 de fevereiro<\/strong>. <strong>Al\u00e9m disso<\/strong>, os candidatos ter\u00e3o at\u00e9 o dia 14 de mar\u00e7o para se inscrever no site do Cebraspe, banca respons\u00e1vel pelo certame. <strong>Vale ressaltar que<\/strong> o edital com todas as informa\u00e7\u00f5es j\u00e1 est\u00e1 dispon\u00edvel no portal da institui\u00e7\u00e3o. <strong>Portanto<\/strong>, \u00e9 fundamental que os interessados acessem o documento para conferir os detalhes do processo seletivo. <strong>Dessa forma<\/strong>, poder\u00e3o se preparar adequadamente e garantir sua participa\u00e7\u00e3o no vestibular.<\/p>\n\n\n\n<h2 class=\"wp-block-heading\">Oferta de vagas e cursos dispon\u00edveis<\/h2>\n\n\n\n<p class=\"has-medium-font-size\">No Vestibular UERR 2025, foram disponibilizadas 690 vagas, distribu\u00eddas em 20 cursos de gradua\u00e7\u00e3o. Entre os cursos oferecidos est\u00e3o Administra\u00e7\u00e3o, Ci\u00eancias Cont\u00e1beis, Direito, Pedagogia, Engenharia Florestal, Sistemas de Informa\u00e7\u00e3o, entre outros. A sele\u00e7\u00e3o dos candidatos ser\u00e1 feita por meio de prova objetiva e reda\u00e7\u00e3o, aplicadas no dia 4 de maio, das 13h \u00e0s 18h. O ingresso dos aprovados est\u00e1 previsto para o segundo semestre do ano.<\/p>\n\n\n\n<p class=\"has-medium-font-size\">A universidade busca ampliar o acesso ao ensino superior e proporcionar forma\u00e7\u00f5es que atendam \u00e0s demandas do mercado de trabalho. A UERR destaca-se por sua infraestrutura e corpo docente qualificado, garantindo ensino de qualidade para os estudantes.<\/p>\n\n\n\n<h2 class=\"wp-block-heading\">Crit\u00e9rios para isen\u00e7\u00e3o da taxa de inscri\u00e7\u00e3o<\/h2>\n\n\n\n<p class=\"has-medium-font-size\">A taxa de inscri\u00e7\u00e3o \u00e9 de R$ 85, mas candidatos que atendam aos crit\u00e9rios do edital podem solicitar isen\u00e7\u00e3o. Os grupos eleg\u00edveis incluem:<\/p>\n\n\n\n<ul class=\"wp-block-list\">\n<li class=\"has-medium-font-size\">Pessoas em situa\u00e7\u00e3o de car\u00eancia socioecon\u00f4mica (Lei Estadual n\u00ba 1.714\/2022);<\/li>\n\n\n\n<li class=\"has-medium-font-size\">Mulheres doadoras de leite materno (Lei Estadual n\u00ba 1.539\/2021);<\/li>\n\n\n\n<li class=\"has-medium-font-size\">Estudantes de baixa renda provenientes de escolas p\u00fablicas ou privadas com bolsa (Lei Federal n\u00ba 12.799\/2013);<\/li>\n\n\n\n<li class=\"has-medium-font-size\">Concluintes do ensino m\u00e9dio em institui\u00e7\u00f5es p\u00fablicas registradas no censo escolar (Portaria MEC n\u00ba 458\/2020).<\/li>\n<\/ul>\n\n\n\n<p class=\"has-medium-font-size\">O pedido de isen\u00e7\u00e3o deve ser feito no ato da inscri\u00e7\u00e3o, com a apresenta\u00e7\u00e3o de documentos que comprovem a elegibilidade. \u00c9 essencial que os candidatos atentem-se aos prazos estabelecidos no edital para evitar problemas na solicita\u00e7\u00e3o.<\/p>\n\n\n\n<h2 class=\"wp-block-heading\">Distribui\u00e7\u00e3o das vagas<\/h2>\n\n\n\n<p class=\"has-medium-font-size\">As 690 vagas do Vestibular UERR 2025 est\u00e3o divididas em tr\u00eas categorias:<\/p>\n\n\n\n<ol start=\"1\" class=\"wp-block-list\">\n<li class=\"has-medium-font-size\"><strong>Ampla concorr\u00eancia<\/strong>;<\/li>\n\n\n\n<li class=\"has-medium-font-size\"><strong>Estudantes que cursaram o ensino m\u00e9dio integralmente em escolas p\u00fablicas<\/strong>;<\/li>\n\n\n\n<li class=\"has-medium-font-size\"><strong>Pessoas com defici\u00eancia<\/strong>.<\/li>\n<\/ol>\n\n\n\n<p class=\"has-medium-font-size\">A divis\u00e3o tem como objetivo promover a inclus\u00e3o e garantir que diferentes perfis de estudantes tenham acesso ao ensino superior.<\/p>\n\n\n\n<h2 class=\"wp-block-heading\">Como se inscrever no Vestibular UERR 2025<\/h2>\n\n\n\n<p class=\"has-medium-font-size\">Para se inscrever, os candidatos devem acessar o site do Cebraspe, preencher o formul\u00e1rio online e realizar o pagamento da taxa. Aqueles que desejam solicitar isen\u00e7\u00e3o devem enviar a documenta\u00e7\u00e3o exigida dentro do prazo estabelecido no edital.<\/p>\n\n\n\n<p class=\"has-medium-font-size\">Al\u00e9m disso, \u00e9 importante que os candidatos confiram os requisitos espec\u00edficos para cada curso, bem como as orienta\u00e7\u00f5es para a realiza\u00e7\u00e3o das provas. A prepara\u00e7\u00e3o para o vestibular envolve n\u00e3o apenas o estudo dos conte\u00fados program\u00e1ticos, mas tamb\u00e9m a familiariza\u00e7\u00e3o com o formato da avalia\u00e7\u00e3o.<\/p>\n\n\n\n<h2 class=\"wp-block-heading\">Dicas para a prova do Vestibular UERR 2025<\/h2>\n\n\n\n<ul class=\"wp-block-list\">\n<li class=\"has-medium-font-size\"><strong>Organize um cronograma de estudos<\/strong>: Divida seu tempo de maneira equilibrada para revisar todas as disciplinas exigidas na prova.<\/li>\n\n\n\n<li class=\"has-medium-font-size\"><strong>Fa\u00e7a simulados<\/strong>: Resolver provas anteriores ajuda a entender o estilo das quest\u00f5es e aprimorar a gest\u00e3o do tempo.<\/li>\n\n\n\n<li class=\"has-medium-font-size\"><strong>Mantenha uma rotina saud\u00e1vel<\/strong>: Alimenta\u00e7\u00e3o equilibrada e boas noites de sono s\u00e3o fundamentais para um bom desempenho.<\/li>\n\n\n\n<li class=\"has-medium-font-size\"><strong>Revise a reda\u00e7\u00e3o<\/strong>: Treine a estrutura da disserta\u00e7\u00e3o e esteja atento \u00e0s normas gramaticais e argumenta\u00e7\u00e3o.<\/li>\n\n\n\n<li class=\"has-medium-font-size\"><strong>Leia atentamente o edital<\/strong>: Todas as regras e detalhes do vestibular est\u00e3o especificados no documento, evitando surpresas no dia da prova.<\/li>\n<\/ul>\n\n\n\n<h2 class=\"wp-block-heading\">Conclus\u00e3o<\/h2>\n\n\n\n<p class=\"has-medium-font-size\">O Vestibular UERR 2025 \u00e9 uma excelente oportunidade para quem busca uma gradua\u00e7\u00e3o em institui\u00e7\u00e3o p\u00fablica de qualidade. Com 690 vagas e 20 cursos dispon\u00edveis, a sele\u00e7\u00e3o promete atrair muitos candidatos. Fique atento aos prazos e requisitos para garantir sua participa\u00e7\u00e3o. Al\u00e9m disso, \u00e9 fundamental investir em uma prepara\u00e7\u00e3o s\u00f3lida para obter um bom resultado na prova.<\/p>\n\n\n\n<hr class=\"wp-block-separator has-alpha-channel-opacity\"\/>\n\n\n\n<p class=\"has-medium-font-size\"><a href=\"https:\/\/www.vagadeempregorj.com.br\/fr\/cursos\/\">Como se preparar para o vestibular<\/a><\/p>","protected":false},"excerpt":{"rendered":"<p>Inscri\u00e7\u00f5es abertas para o Vestibular UERR 2025 O Vestibular 2025 da Universidade Estadual de Roraima (UERR) inicia suas inscri\u00e7\u00f5es nesta sexta-feira, 21 de fevereiro. Al\u00e9m disso, os candidatos ter\u00e3o at\u00e9 o dia 14 de mar\u00e7o para se inscrever no site do Cebraspe, banca respons\u00e1vel pelo certame. Vale ressaltar que o edital com todas as informa\u00e7\u00f5es&hellip;&nbsp;<\/p>","protected":false},"author":1,"featured_media":42724,"comment_status":"closed","ping_status":"closed","sticky":false,"template":"","format":"standard","meta":{"neve_meta_sidebar":"","neve_meta_container":"","neve_meta_enable_content_width":"","neve_meta_content_width":0,"neve_meta_title_alignment":"","neve_meta_author_avatar":"","neve_post_elements_order":"","neve_meta_disable_header":"","neve_meta_disable_footer":"","neve_meta_disable_title":"","footnotes":""},"categories":[703],"tags":[1062,1063,1064,1061,1033],"class_list":["post-42722","post","type-post","status-publish","format-standard","has-post-thumbnail","hentry","category-informacao-tecnologica-e-curiosidades","tag-cursos-de-graduacao","tag-ensino-superior","tag-provas","tag-universidade-estadual","tag-vestibular"],"yoast_head":"<!-- This site is optimized with the Yoast SEO plugin v27.5 - https:\/\/yoast.com\/product\/yoast-seo-wordpress\/ -->\n<title>Vestibular UERR 2025: 690 vagas dispon\u00edveis para 20 cursos -<\/title>\n<meta name=\"description\" content=\"Vestibular UERR 2025 tem 690 vagas em 20 cursos. Inscri\u00e7\u00f5es abertas de 21 de fevereiro a 14 de mar\u00e7o. Confira os detalhes!\" \/>\n<meta name=\"robots\" content=\"index, follow, max-snippet:-1, max-image-preview:large, max-video-preview:-1\" \/>\n<link rel=\"canonical\" href=\"https:\/\/www.vagadeempregorj.com.br\/fr\/vestibular-uerr-2025-690-vagas\/\" \/>\n<meta property=\"og:locale\" content=\"fr_FR\" \/>\n<meta property=\"og:type\" content=\"article\" \/>\n<meta property=\"og:title\" content=\"Vestibular UERR 2025: 690 vagas dispon\u00edveis para 20 cursos -\" \/>\n<meta property=\"og:description\" content=\"Vestibular UERR 2025 tem 690 vagas em 20 cursos. Inscri\u00e7\u00f5es abertas de 21 de fevereiro a 14 de mar\u00e7o. Confira os detalhes!\" \/>\n<meta property=\"og:url\" content=\"https:\/\/www.vagadeempregorj.com.br\/fr\/vestibular-uerr-2025-690-vagas\/\" \/>\n<meta property=\"article:publisher\" content=\"https:\/\/www.facebook.com\/empregobrasiloficial\" \/>\n<meta property=\"article:published_time\" content=\"2025-02-21T11:59:02+00:00\" \/>\n<meta property=\"article:modified_time\" content=\"2025-06-15T17:46:33+00:00\" \/>\n<meta property=\"og:image\" content=\"https:\/\/www.vagadeempregorj.com.br\/wp-content\/uploads\/2025\/02\/uerrvestibular19-1.jpg\" \/>\n\t<meta property=\"og:image:width\" content=\"577\" \/>\n\t<meta property=\"og:image:height\" content=\"385\" \/>\n\t<meta property=\"og:image:type\" content=\"image\/jpeg\" \/>\n<meta name=\"author\" content=\"Ana B.\" \/>\n<meta name=\"twitter:card\" content=\"summary_large_image\" \/>\n<meta name=\"twitter:label1\" content=\"Written by\" \/>\n\t<meta name=\"twitter:data1\" content=\"Ana B.\" \/>\n\t<meta name=\"twitter:label2\" content=\"Est. reading time\" \/>\n\t<meta name=\"twitter:data2\" content=\"3 minutes\" \/>\n<script type=\"application\/ld+json\" class=\"yoast-schema-graph\">{\"@context\":\"https:\\\/\\\/schema.org\",\"@graph\":[{\"@type\":\"Article\",\"@id\":\"https:\\\/\\\/www.vagadeempregorj.com.br\\\/vestibular-uerr-2025-690-vagas\\\/#article\",\"isPartOf\":{\"@id\":\"https:\\\/\\\/www.vagadeempregorj.com.br\\\/vestibular-uerr-2025-690-vagas\\\/\"},\"author\":{\"name\":\"Ana B.\",\"@id\":\"https:\\\/\\\/www.vagadeempregorj.com.br\\\/#\\\/schema\\\/person\\\/c0c38d5d765e86c3b7c8f12fb1ae6477\"},\"headline\":\"Vestibular UERR 2025: 690 vagas dispon\u00edveis para 20 cursos\",\"datePublished\":\"2025-02-21T11:59:02+00:00\",\"dateModified\":\"2025-06-15T17:46:33+00:00\",\"mainEntityOfPage\":{\"@id\":\"https:\\\/\\\/www.vagadeempregorj.com.br\\\/vestibular-uerr-2025-690-vagas\\\/\"},\"wordCount\":681,\"image\":{\"@id\":\"https:\\\/\\\/www.vagadeempregorj.com.br\\\/vestibular-uerr-2025-690-vagas\\\/#primaryimage\"},\"thumbnailUrl\":\"https:\\\/\\\/www.vagadeempregorj.com.br\\\/wp-content\\\/uploads\\\/2025\\\/02\\\/uerrvestibular19-1.jpg\",\"keywords\":[\"cursos de gradua\u00e7\u00e3o\",\"ensino superior\",\"provas\",\"universidade estadual\",\"vestibular\"],\"articleSection\":[\"Informa\u00e7\u00e3o Tecnol\u00f3gica, Curiosidades e Cursos\"],\"inLanguage\":\"fr-FR\"},{\"@type\":\"WebPage\",\"@id\":\"https:\\\/\\\/www.vagadeempregorj.com.br\\\/vestibular-uerr-2025-690-vagas\\\/\",\"url\":\"https:\\\/\\\/www.vagadeempregorj.com.br\\\/vestibular-uerr-2025-690-vagas\\\/\",\"name\":\"Vestibular UERR 2025: 690 vagas dispon\u00edveis para 20 cursos -\",\"isPartOf\":{\"@id\":\"https:\\\/\\\/www.vagadeempregorj.com.br\\\/#website\"},\"primaryImageOfPage\":{\"@id\":\"https:\\\/\\\/www.vagadeempregorj.com.br\\\/vestibular-uerr-2025-690-vagas\\\/#primaryimage\"},\"image\":{\"@id\":\"https:\\\/\\\/www.vagadeempregorj.com.br\\\/vestibular-uerr-2025-690-vagas\\\/#primaryimage\"},\"thumbnailUrl\":\"https:\\\/\\\/www.vagadeempregorj.com.br\\\/wp-content\\\/uploads\\\/2025\\\/02\\\/uerrvestibular19-1.jpg\",\"datePublished\":\"2025-02-21T11:59:02+00:00\",\"dateModified\":\"2025-06-15T17:46:33+00:00\",\"author\":{\"@id\":\"https:\\\/\\\/www.vagadeempregorj.com.br\\\/#\\\/schema\\\/person\\\/c0c38d5d765e86c3b7c8f12fb1ae6477\"},\"description\":\"Vestibular UERR 2025 tem 690 vagas em 20 cursos. Inscri\u00e7\u00f5es abertas de 21 de fevereiro a 14 de mar\u00e7o. Confira os detalhes!\",\"breadcrumb\":{\"@id\":\"https:\\\/\\\/www.vagadeempregorj.com.br\\\/vestibular-uerr-2025-690-vagas\\\/#breadcrumb\"},\"inLanguage\":\"fr-FR\",\"potentialAction\":[{\"@type\":\"ReadAction\",\"target\":[\"https:\\\/\\\/www.vagadeempregorj.com.br\\\/vestibular-uerr-2025-690-vagas\\\/\"]}]},{\"@type\":\"ImageObject\",\"inLanguage\":\"fr-FR\",\"@id\":\"https:\\\/\\\/www.vagadeempregorj.com.br\\\/vestibular-uerr-2025-690-vagas\\\/#primaryimage\",\"url\":\"https:\\\/\\\/www.vagadeempregorj.com.br\\\/wp-content\\\/uploads\\\/2025\\\/02\\\/uerrvestibular19-1.jpg\",\"contentUrl\":\"https:\\\/\\\/www.vagadeempregorj.com.br\\\/wp-content\\\/uploads\\\/2025\\\/02\\\/uerrvestibular19-1.jpg\",\"width\":577,\"height\":385,\"caption\":\"Vestibular UERR 2025\"},{\"@type\":\"BreadcrumbList\",\"@id\":\"https:\\\/\\\/www.vagadeempregorj.com.br\\\/vestibular-uerr-2025-690-vagas\\\/#breadcrumb\",\"itemListElement\":[{\"@type\":\"ListItem\",\"position\":1,\"name\":\"In\u00edcio\",\"item\":\"https:\\\/\\\/www.vagadeempregorj.com.br\\\/\"},{\"@type\":\"ListItem\",\"position\":2,\"name\":\"Vestibular UERR 2025: 690 vagas dispon\u00edveis para 20 cursos\"}]},{\"@type\":\"WebSite\",\"@id\":\"https:\\\/\\\/www.vagadeempregorj.com.br\\\/#website\",\"url\":\"https:\\\/\\\/www.vagadeempregorj.com.br\\\/\",\"name\":\"\",\"description\":\"Conquiste Sonhos: Vagas, Benef\u00edcios e Economia para Transformar Vidas e Alcan\u00e7ar Melhorias Cotidianas\",\"potentialAction\":[{\"@type\":\"SearchAction\",\"target\":{\"@type\":\"EntryPoint\",\"urlTemplate\":\"https:\\\/\\\/www.vagadeempregorj.com.br\\\/?s={search_term_string}\"},\"query-input\":{\"@type\":\"PropertyValueSpecification\",\"valueRequired\":true,\"valueName\":\"search_term_string\"}}],\"inLanguage\":\"fr-FR\"},{\"@type\":\"Person\",\"@id\":\"https:\\\/\\\/www.vagadeempregorj.com.br\\\/#\\\/schema\\\/person\\\/c0c38d5d765e86c3b7c8f12fb1ae6477\",\"name\":\"Ana B.\",\"image\":{\"@type\":\"ImageObject\",\"inLanguage\":\"fr-FR\",\"@id\":\"https:\\\/\\\/secure.gravatar.com\\\/avatar\\\/f5efa58599e07f8dd92f26c7cfbc442fd115582bc681245452e503c2ef2334f3?s=96&r=g\",\"url\":\"https:\\\/\\\/secure.gravatar.com\\\/avatar\\\/f5efa58599e07f8dd92f26c7cfbc442fd115582bc681245452e503c2ef2334f3?s=96&r=g\",\"contentUrl\":\"https:\\\/\\\/secure.gravatar.com\\\/avatar\\\/f5efa58599e07f8dd92f26c7cfbc442fd115582bc681245452e503c2ef2334f3?s=96&r=g\",\"caption\":\"Ana B.\"},\"description\":\"Meu nome \u00e9 Ana e sou apaixonada em escrever. Dedico meu tempo escrevendo not\u00edcias e vagas de emprego diariamente no portal Vaga de Emprego RJ.\",\"url\":\"https:\\\/\\\/www.vagadeempregorj.com.br\\\/fr\\\/author\\\/vgrj\\\/\"}]}<\/script>\n<!-- \/ Yoast SEO plugin. -->","yoast_head_json":{"title":"Vestibular UERR 2025: 690 vagas dispon\u00edveis para 20 cursos -","description":"Vestibular UERR 2025 tem 690 vagas em 20 cursos. Inscri\u00e7\u00f5es abertas de 21 de fevereiro a 14 de mar\u00e7o. Confira os detalhes!","robots":{"index":"index","follow":"follow","max-snippet":"max-snippet:-1","max-image-preview":"max-image-preview:large","max-video-preview":"max-video-preview:-1"},"canonical":"https:\/\/www.vagadeempregorj.com.br\/fr\/vestibular-uerr-2025-690-vagas\/","og_locale":"fr_FR","og_type":"article","og_title":"Vestibular UERR 2025: 690 vagas dispon\u00edveis para 20 cursos -","og_description":"Vestibular UERR 2025 tem 690 vagas em 20 cursos. Inscri\u00e7\u00f5es abertas de 21 de fevereiro a 14 de mar\u00e7o. Confira os detalhes!","og_url":"https:\/\/www.vagadeempregorj.com.br\/fr\/vestibular-uerr-2025-690-vagas\/","article_publisher":"https:\/\/www.facebook.com\/empregobrasiloficial","article_published_time":"2025-02-21T11:59:02+00:00","article_modified_time":"2025-06-15T17:46:33+00:00","og_image":[{"width":577,"height":385,"url":"https:\/\/www.vagadeempregorj.com.br\/wp-content\/uploads\/2025\/02\/uerrvestibular19-1.jpg","type":"image\/jpeg"}],"author":"Ana B.","twitter_card":"summary_large_image","twitter_misc":{"Written by":"Ana B.","Est. reading time":"3 minutes"},"schema":{"@context":"https:\/\/schema.org","@graph":[{"@type":"Article","@id":"https:\/\/www.vagadeempregorj.com.br\/vestibular-uerr-2025-690-vagas\/#article","isPartOf":{"@id":"https:\/\/www.vagadeempregorj.com.br\/vestibular-uerr-2025-690-vagas\/"},"author":{"name":"Ana B.","@id":"https:\/\/www.vagadeempregorj.com.br\/#\/schema\/person\/c0c38d5d765e86c3b7c8f12fb1ae6477"},"headline":"Vestibular UERR 2025: 690 vagas dispon\u00edveis para 20 cursos","datePublished":"2025-02-21T11:59:02+00:00","dateModified":"2025-06-15T17:46:33+00:00","mainEntityOfPage":{"@id":"https:\/\/www.vagadeempregorj.com.br\/vestibular-uerr-2025-690-vagas\/"},"wordCount":681,"image":{"@id":"https:\/\/www.vagadeempregorj.com.br\/vestibular-uerr-2025-690-vagas\/#primaryimage"},"thumbnailUrl":"https:\/\/www.vagadeempregorj.com.br\/wp-content\/uploads\/2025\/02\/uerrvestibular19-1.jpg","keywords":["cursos de gradua\u00e7\u00e3o","ensino superior","provas","universidade estadual","vestibular"],"articleSection":["Informa\u00e7\u00e3o Tecnol\u00f3gica, Curiosidades e Cursos"],"inLanguage":"fr-FR"},{"@type":"WebPage","@id":"https:\/\/www.vagadeempregorj.com.br\/vestibular-uerr-2025-690-vagas\/","url":"https:\/\/www.vagadeempregorj.com.br\/vestibular-uerr-2025-690-vagas\/","name":"Vestibular UERR 2025: 690 vagas dispon\u00edveis para 20 cursos -","isPartOf":{"@id":"https:\/\/www.vagadeempregorj.com.br\/#website"},"primaryImageOfPage":{"@id":"https:\/\/www.vagadeempregorj.com.br\/vestibular-uerr-2025-690-vagas\/#primaryimage"},"image":{"@id":"https:\/\/www.vagadeempregorj.com.br\/vestibular-uerr-2025-690-vagas\/#primaryimage"},"thumbnailUrl":"https:\/\/www.vagadeempregorj.com.br\/wp-content\/uploads\/2025\/02\/uerrvestibular19-1.jpg","datePublished":"2025-02-21T11:59:02+00:00","dateModified":"2025-06-15T17:46:33+00:00","author":{"@id":"https:\/\/www.vagadeempregorj.com.br\/#\/schema\/person\/c0c38d5d765e86c3b7c8f12fb1ae6477"},"description":"Vestibular UERR 2025 tem 690 vagas em 20 cursos. Inscri\u00e7\u00f5es abertas de 21 de fevereiro a 14 de mar\u00e7o. Confira os detalhes!","breadcrumb":{"@id":"https:\/\/www.vagadeempregorj.com.br\/vestibular-uerr-2025-690-vagas\/#breadcrumb"},"inLanguage":"fr-FR","potentialAction":[{"@type":"ReadAction","target":["https:\/\/www.vagadeempregorj.com.br\/vestibular-uerr-2025-690-vagas\/"]}]},{"@type":"ImageObject","inLanguage":"fr-FR","@id":"https:\/\/www.vagadeempregorj.com.br\/vestibular-uerr-2025-690-vagas\/#primaryimage","url":"https:\/\/www.vagadeempregorj.com.br\/wp-content\/uploads\/2025\/02\/uerrvestibular19-1.jpg","contentUrl":"https:\/\/www.vagadeempregorj.com.br\/wp-content\/uploads\/2025\/02\/uerrvestibular19-1.jpg","width":577,"height":385,"caption":"Vestibular UERR 2025"},{"@type":"BreadcrumbList","@id":"https:\/\/www.vagadeempregorj.com.br\/vestibular-uerr-2025-690-vagas\/#breadcrumb","itemListElement":[{"@type":"ListItem","position":1,"name":"In\u00edcio","item":"https:\/\/www.vagadeempregorj.com.br\/"},{"@type":"ListItem","position":2,"name":"Vestibular UERR 2025: 690 vagas dispon\u00edveis para 20 cursos"}]},{"@type":"WebSite","@id":"https:\/\/www.vagadeempregorj.com.br\/#website","url":"https:\/\/www.vagadeempregorj.com.br\/","name":"","description":"Conquiste Sonhos: Vagas, Benef\u00edcios e Economia para Transformar Vidas e Alcan\u00e7ar Melhorias Cotidianas","potentialAction":[{"@type":"SearchAction","target":{"@type":"EntryPoint","urlTemplate":"https:\/\/www.vagadeempregorj.com.br\/?s={search_term_string}"},"query-input":{"@type":"PropertyValueSpecification","valueRequired":true,"valueName":"search_term_string"}}],"inLanguage":"fr-FR"},{"@type":"Person","@id":"https:\/\/www.vagadeempregorj.com.br\/#\/schema\/person\/c0c38d5d765e86c3b7c8f12fb1ae6477","name":"Ana B.","image":{"@type":"ImageObject","inLanguage":"fr-FR","@id":"https:\/\/secure.gravatar.com\/avatar\/f5efa58599e07f8dd92f26c7cfbc442fd115582bc681245452e503c2ef2334f3?s=96&r=g","url":"https:\/\/secure.gravatar.com\/avatar\/f5efa58599e07f8dd92f26c7cfbc442fd115582bc681245452e503c2ef2334f3?s=96&r=g","contentUrl":"https:\/\/secure.gravatar.com\/avatar\/f5efa58599e07f8dd92f26c7cfbc442fd115582bc681245452e503c2ef2334f3?s=96&r=g","caption":"Ana B."},"description":"Meu nome \u00e9 Ana e sou apaixonada em escrever. Dedico meu tempo escrevendo not\u00edcias e vagas de emprego diariamente no portal Vaga de Emprego RJ.","url":"https:\/\/www.vagadeempregorj.com.br\/fr\/author\/vgrj\/"}]}},"_links":{"self":[{"href":"https:\/\/www.vagadeempregorj.com.br\/fr\/wp-json\/wp\/v2\/posts\/42722","targetHints":{"allow":["GET"]}}],"collection":[{"href":"https:\/\/www.vagadeempregorj.com.br\/fr\/wp-json\/wp\/v2\/posts"}],"about":[{"href":"https:\/\/www.vagadeempregorj.com.br\/fr\/wp-json\/wp\/v2\/types\/post"}],"author":[{"embeddable":true,"href":"https:\/\/www.vagadeempregorj.com.br\/fr\/wp-json\/wp\/v2\/users\/1"}],"replies":[{"embeddable":true,"href":"https:\/\/www.vagadeempregorj.com.br\/fr\/wp-json\/wp\/v2\/comments?post=42722"}],"version-history":[{"count":1,"href":"https:\/\/www.vagadeempregorj.com.br\/fr\/wp-json\/wp\/v2\/posts\/42722\/revisions"}],"predecessor-version":[{"id":43598,"href":"https:\/\/www.vagadeempregorj.com.br\/fr\/wp-json\/wp\/v2\/posts\/42722\/revisions\/43598"}],"wp:featuredmedia":[{"embeddable":true,"href":"https:\/\/www.vagadeempregorj.com.br\/fr\/wp-json\/wp\/v2\/media\/42724"}],"wp:attachment":[{"href":"https:\/\/www.vagadeempregorj.com.br\/fr\/wp-json\/wp\/v2\/media?parent=42722"}],"wp:term":[{"taxonomy":"category","embeddable":true,"href":"https:\/\/www.vagadeempregorj.com.br\/fr\/wp-json\/wp\/v2\/categories?post=42722"},{"taxonomy":"post_tag","embeddable":true,"href":"https:\/\/www.vagadeempregorj.com.br\/fr\/wp-json\/wp\/v2\/tags?post=42722"}],"curies":[{"name":"wp","href":"https:\/\/api.w.org\/{rel}","templated":true}]}}