{"id":42775,"date":"2025-02-28T06:00:00","date_gmt":"2025-02-28T09:00:00","guid":{"rendered":"https:\/\/www.vagadeempregorj.com.br\/?p=42775"},"modified":"2025-02-22T22:09:29","modified_gmt":"2025-02-23T01:09:29","slug":"pe-de-meia-do-ensino-medio-estudantes-ja-estao-recebendo-veja-como-funciona","status":"publish","type":"post","link":"https:\/\/www.vagadeempregorj.com.br\/fr\/pe-de-meia-do-ensino-medio-estudantes-ja-estao-recebendo-veja-como-funciona\/","title":{"rendered":"P\u00e9 de Meia do Ensino M\u00e9dio: Estudantes j\u00e1 est\u00e3o recebendo? Veja como funciona!"},"content":{"rendered":"<p>O <strong>programa P\u00e9 de Meia do Ensino M\u00e9dio<\/strong> foi criado para incentivar a perman\u00eancia dos estudantes na escola e ajud\u00e1-los financeiramente durante essa fase t\u00e3o importante da vida. Mas afinal, os pagamentos j\u00e1 come\u00e7aram? Como funciona esse benef\u00edcio? Se voc\u00ea \u00e9 estudante ou respons\u00e1vel e quer saber mais sobre esse aux\u00edlio, continue lendo para entender todos os detalhes e conferir se voc\u00ea tem direito.<\/p>\n\n\n\n<figure class=\"wp-block-image size-large\"><img loading=\"lazy\" decoding=\"async\" width=\"1024\" height=\"585\" src=\"https:\/\/www.vagadeempregorj.com.br\/wp-content\/uploads\/2025\/02\/Pe-de-Meia-do-Ensino-Medio-Estudantes-ja-estao-recebendo-Veja-como-funciona-1024x585.webp\" alt=\"\" class=\"wp-image-42776\" srcset=\"https:\/\/www.vagadeempregorj.com.br\/wp-content\/uploads\/2025\/02\/Pe-de-Meia-do-Ensino-Medio-Estudantes-ja-estao-recebendo-Veja-como-funciona-1024x585.webp 1024w, https:\/\/www.vagadeempregorj.com.br\/wp-content\/uploads\/2025\/02\/Pe-de-Meia-do-Ensino-Medio-Estudantes-ja-estao-recebendo-Veja-como-funciona-300x171.webp 300w, https:\/\/www.vagadeempregorj.com.br\/wp-content\/uploads\/2025\/02\/Pe-de-Meia-do-Ensino-Medio-Estudantes-ja-estao-recebendo-Veja-como-funciona-768x439.webp 768w, https:\/\/www.vagadeempregorj.com.br\/wp-content\/uploads\/2025\/02\/Pe-de-Meia-do-Ensino-Medio-Estudantes-ja-estao-recebendo-Veja-como-funciona-1536x878.webp 1536w, https:\/\/www.vagadeempregorj.com.br\/wp-content\/uploads\/2025\/02\/Pe-de-Meia-do-Ensino-Medio-Estudantes-ja-estao-recebendo-Veja-como-funciona-150x86.webp 150w, https:\/\/www.vagadeempregorj.com.br\/wp-content\/uploads\/2025\/02\/Pe-de-Meia-do-Ensino-Medio-Estudantes-ja-estao-recebendo-Veja-como-funciona.webp 1792w\" sizes=\"auto, (max-width: 1024px) 100vw, 1024px\" \/><\/figure>\n\n\n\n<h2 class=\"wp-block-heading\">O que \u00e9 o programa P\u00e9 de Meia do Ensino M\u00e9dio?<\/h2>\n\n\n\n<p>O P\u00e9 de Meia do Ensino M\u00e9dio \u00e9 um benef\u00edcio financeiro destinado a alunos matriculados no ensino m\u00e9dio da rede p\u00fablica. O objetivo \u00e9 evitar a evas\u00e3o escolar, garantindo um incentivo financeiro para que os estudantes concluam os estudos.<\/p>\n\n\n\n<p>Esse benef\u00edcio funciona como uma esp\u00e9cie de poupan\u00e7a educativa, ajudando a criar um suporte financeiro para os alunos durante e ap\u00f3s a conclus\u00e3o do ensino m\u00e9dio. A ideia \u00e9 que, ao longo dos anos, os estudantes consigam juntar um valor que possa ser utilizado no futuro, seja para investir nos estudos, cursos t\u00e9cnicos ou outras necessidades.<\/p>\n\n\n\n<h2 class=\"wp-block-heading\">Quem tem direito ao P\u00e9 de Meia do Ensino M\u00e9dio?<\/h2>\n\n\n\n<p>Para receber o benef\u00edcio, o estudante deve atender a alguns crit\u00e9rios estabelecidos pelo governo. Entre eles:<\/p>\n\n\n\n<ul class=\"wp-block-list\">\n<li>Estar matriculado no ensino m\u00e9dio de escolas p\u00fablicas;<\/li>\n\n\n\n<li>Ter idade entre 14 e 24 anos;<\/li>\n\n\n\n<li>Estar inscrito no Cadastro \u00danico para Programas Sociais do Governo Federal (Cad\u00danico);<\/li>\n\n\n\n<li>Manter frequ\u00eancia m\u00ednima de 75% nas aulas;<\/li>\n\n\n\n<li>Cumprir requisitos de desempenho acad\u00eamico definidos pelo programa.<\/li>\n<\/ul>\n\n\n\n<p>Os estudantes que atendem a esses crit\u00e9rios podem se cadastrar e come\u00e7ar a receber o benef\u00edcio, desde que estejam com os dados atualizados no Cad\u00danico.<\/p>\n\n\n\n<h2 class=\"wp-block-heading\">Como funciona o pagamento do P\u00e9 de Meia?<\/h2>\n\n\n\n<p>O pagamento do P\u00e9 de Meia acontece de forma programada ao longo do ensino m\u00e9dio. O valor pode variar de acordo com a s\u00e9rie e o cumprimento das exig\u00eancias do programa. Normalmente, o benef\u00edcio \u00e9 dividido em:<\/p>\n\n\n\n<p>1# <strong>Dep\u00f3sitos peri\u00f3dicos<\/strong> \u2013 Durante o ano letivo, o estudante recebe parcelas para auxiliar em despesas escolares, como transporte, alimenta\u00e7\u00e3o e materiais. 2# <strong>B\u00f4nus por conclus\u00e3o<\/strong> \u2013 Ao finalizar cada ano letivo com sucesso, o estudante pode receber um valor adicional. 3# <strong>Reserva financeira<\/strong> \u2013 Parte do valor \u00e9 depositada em uma conta poupan\u00e7a, que s\u00f3 pode ser resgatada ap\u00f3s a conclus\u00e3o do ensino m\u00e9dio.<\/p>\n\n\n\n<p>Esse modelo busca incentivar a continuidade dos estudos, garantindo um suporte financeiro tanto no presente quanto no futuro.<\/p>\n\n\n\n<h2 class=\"wp-block-heading\">Como os estudantes podem se cadastrar?<\/h2>\n\n\n\n<p>Os alunos interessados no P\u00e9 de Meia devem seguir algumas etapas para garantir a inscri\u00e7\u00e3o no programa:<\/p>\n\n\n\n<p>1# <strong>Atualizar os dados no Cad\u00danico<\/strong> \u2013 A inscri\u00e7\u00e3o no Cad\u00danico \u00e9 fundamental para ter acesso ao benef\u00edcio. A atualiza\u00e7\u00e3o pode ser feita no CRAS (Centro de Refer\u00eancia de Assist\u00eancia Social) mais pr\u00f3ximo. 2# <strong>Confirmar a matr\u00edcula na escola p\u00fablica<\/strong> \u2013 O programa \u00e9 exclusivo para estudantes do ensino m\u00e9dio da rede p\u00fablica. A escola pode fornecer documentos que comprovem a matr\u00edcula e a frequ\u00eancia escolar. 3# <strong>Acompanhar o calend\u00e1rio de pagamentos<\/strong> \u2013 O governo divulga as datas de pagamento, que podem ser consultadas no site oficial do programa ou nos canais de atendimento das prefeituras.<\/p>\n\n\n\n<h2 class=\"wp-block-heading\">Quando come\u00e7am os pagamentos do P\u00e9 de Meia?<\/h2>\n\n\n\n<p>Os pagamentos do P\u00e9 de Meia do Ensino M\u00e9dio j\u00e1 foram iniciados para alguns estudantes que cumpriram todos os requisitos e tiveram a inscri\u00e7\u00e3o aprovada. No entanto, \u00e9 importante verificar o calend\u00e1rio divulgado pelo governo para saber quando cada estudante poder\u00e1 acessar os valores.<\/p>\n\n\n\n<p>Caso ainda n\u00e3o tenha recebido, \u00e9 recomend\u00e1vel conferir se os dados cadastrais est\u00e3o corretos e se n\u00e3o h\u00e1 pend\u00eancias na escola ou no Cad\u00danico.<\/p>\n\n\n\n<h2 class=\"wp-block-heading\">Como consultar se o estudante foi aprovado?<\/h2>\n\n\n\n<p>Os estudantes podem verificar se foram aprovados no P\u00e9 de Meia de diferentes maneiras:<\/p>\n\n\n\n<ul class=\"wp-block-list\">\n<li><strong>Aplicativo Bolsa Fam\u00edlia<\/strong> \u2013 Para aqueles que j\u00e1 fazem parte do programa e utilizam o app para outros benef\u00edcios;<\/li>\n\n\n\n<li><strong>Aplicativo Caixa Tem<\/strong> \u2013 Caso o pagamento seja feito pela conta digital da Caixa Econ\u00f4mica Federal;<\/li>\n\n\n\n<li><strong>Consulta no site do governo<\/strong> \u2013 O site oficial do programa P\u00e9 de Meia disponibiliza informa\u00e7\u00f5es detalhadas;<\/li>\n\n\n\n<li><strong>Atendimento no CRAS<\/strong> \u2013 Para esclarecer d\u00favidas sobre a inscri\u00e7\u00e3o e pagamento.<\/li>\n<\/ul>\n\n\n\n<p>Se houver algum problema na aprova\u00e7\u00e3o, o estudante deve procurar a escola ou um posto de atendimento do Cad\u00danico para entender o que pode estar impedindo o recebimento do benef\u00edcio.<\/p>\n\n\n\n<h2 class=\"wp-block-heading\">Benef\u00edcios de permanecer no ensino m\u00e9dio com o P\u00e9 de Meia<\/h2>\n\n\n\n<p>O P\u00e9 de Meia n\u00e3o apenas garante um suporte financeiro para os estudantes, mas tamb\u00e9m traz vantagens a longo prazo. Entre os principais benef\u00edcios do programa, destacam-se:<\/p>\n\n\n\n<ul class=\"wp-block-list\">\n<li><strong>Maior seguran\u00e7a financeira<\/strong> \u2013 O dinheiro recebido pode ajudar nas despesas escolares e di\u00e1rias.<\/li>\n\n\n\n<li><strong>Menos evas\u00e3o escolar<\/strong> \u2013 Com um incentivo financeiro, os alunos t\u00eam mais motivos para continuar estudando.<\/li>\n\n\n\n<li><strong>Apoio para o futuro<\/strong> \u2013 O valor acumulado ao longo dos anos pode ser usado para cursos t\u00e9cnicos, ensino superior ou outros investimentos importantes.<\/li>\n\n\n\n<li><strong>Incentivo ao desempenho escolar<\/strong> \u2013 Como o benef\u00edcio exige frequ\u00eancia e bom desempenho, os estudantes t\u00eam mais motiva\u00e7\u00e3o para se dedicar aos estudos.<\/li>\n<\/ul>\n\n\n\n<h2 class=\"wp-block-heading\">Uma excelente iniciativa<\/h2>\n\n\n\n<p>O programa P\u00e9 de Meia do Ensino M\u00e9dio \u00e9 uma excelente iniciativa para apoiar os estudantes e garantir que mais jovens concluam seus estudos com mais seguran\u00e7a financeira. Se voc\u00ea atende aos requisitos, confira se sua inscri\u00e7\u00e3o est\u00e1 correta, acompanhe o calend\u00e1rio e garanta esse benef\u00edcio.<\/p>\n\n\n\n<p>Fique atento \u00e0s atualiza\u00e7\u00f5es do governo para n\u00e3o perder os prazos e, se tiver d\u00favidas, procure o CRAS ou a secretaria da sua escola. Esse incentivo pode fazer toda a diferen\u00e7a na sua trajet\u00f3ria escolar e futura carreira!<\/p>\n\n\n\n<p><strong>Veja tamb\u00e9m: <a href=\"https:\/\/www.vagadeempregorj.com.br\/fr\/bolsa-familia-cancelado-saiba-como-proceder-neste-caso\/\">Bolsa Fam\u00edlia CANCELADO? Saiba como proceder neste caso<\/a><\/strong><\/p>\n\n\n\n<p>28 de fevereiro de 2025<\/p>","protected":false},"excerpt":{"rendered":"<p>O programa P\u00e9 de Meia do Ensino M\u00e9dio foi criado para incentivar a perman\u00eancia dos estudantes na escola e ajud\u00e1-los financeiramente durante essa fase t\u00e3o importante da vida. Mas afinal, os pagamentos j\u00e1 come\u00e7aram? Como funciona esse benef\u00edcio? Se voc\u00ea \u00e9 estudante ou respons\u00e1vel e quer saber mais sobre esse aux\u00edlio, continue lendo para entender&hellip;&nbsp;<\/p>","protected":false},"author":16,"featured_media":42776,"comment_status":"closed","ping_status":"closed","sticky":false,"template":"","format":"standard","meta":{"neve_meta_sidebar":"","neve_meta_container":"","neve_meta_enable_content_width":"","neve_meta_content_width":0,"neve_meta_title_alignment":"","neve_meta_author_avatar":"","neve_post_elements_order":"","neve_meta_disable_header":"","neve_meta_disable_footer":"","neve_meta_disable_title":"","footnotes":""},"categories":[1],"tags":[],"class_list":["post-42775","post","type-post","status-publish","format-standard","has-post-thumbnail","hentry","category-beneficios-sociais"],"yoast_head":"<!-- This site is optimized with the Yoast SEO plugin v27.5 - https:\/\/yoast.com\/product\/yoast-seo-wordpress\/ -->\n<title>P\u00e9 de Meia do Ensino M\u00e9dio: Estudantes j\u00e1 est\u00e3o recebendo? Veja como funciona! -<\/title>\n<meta name=\"description\" content=\"Veja em Vagas de Emprego RJ as vagas de emprego com e sem experi\u00eancia no seu Estado e Regi\u00e3o!\" \/>\n<meta name=\"robots\" content=\"index, follow, max-snippet:-1, max-image-preview:large, max-video-preview:-1\" \/>\n<link rel=\"canonical\" href=\"https:\/\/www.vagadeempregorj.com.br\/fr\/pe-de-meia-do-ensino-medio-estudantes-ja-estao-recebendo-veja-como-funciona\/\" \/>\n<meta property=\"og:locale\" content=\"fr_FR\" \/>\n<meta property=\"og:type\" content=\"article\" \/>\n<meta property=\"og:title\" content=\"P\u00e9 de Meia do Ensino M\u00e9dio: Estudantes j\u00e1 est\u00e3o recebendo? Veja como funciona! -\" \/>\n<meta property=\"og:description\" content=\"Veja em Vagas de Emprego RJ as vagas de emprego com e sem experi\u00eancia no seu Estado e Regi\u00e3o!\" \/>\n<meta property=\"og:url\" content=\"https:\/\/www.vagadeempregorj.com.br\/fr\/pe-de-meia-do-ensino-medio-estudantes-ja-estao-recebendo-veja-como-funciona\/\" \/>\n<meta property=\"article:publisher\" content=\"https:\/\/www.facebook.com\/empregobrasiloficial\" \/>\n<meta property=\"article:published_time\" content=\"2025-02-28T09:00:00+00:00\" \/>\n<meta property=\"og:image\" content=\"https:\/\/www.vagadeempregorj.com.br\/wp-content\/uploads\/2025\/02\/Pe-de-Meia-do-Ensino-Medio-Estudantes-ja-estao-recebendo-Veja-como-funciona.webp\" \/>\n\t<meta property=\"og:image:width\" content=\"1792\" \/>\n\t<meta property=\"og:image:height\" content=\"1024\" \/>\n\t<meta property=\"og:image:type\" content=\"image\/webp\" \/>\n<meta name=\"author\" content=\"Michele\" \/>\n<meta name=\"twitter:card\" content=\"summary_large_image\" \/>\n<meta name=\"twitter:label1\" content=\"Written by\" \/>\n\t<meta name=\"twitter:data1\" content=\"Michele\" \/>\n\t<meta name=\"twitter:label2\" content=\"Est. reading time\" \/>\n\t<meta name=\"twitter:data2\" content=\"5 minutes\" \/>\n<script type=\"application\/ld+json\" class=\"yoast-schema-graph\">{\"@context\":\"https:\\\/\\\/schema.org\",\"@graph\":[{\"@type\":\"Article\",\"@id\":\"https:\\\/\\\/www.vagadeempregorj.com.br\\\/pe-de-meia-do-ensino-medio-estudantes-ja-estao-recebendo-veja-como-funciona\\\/#article\",\"isPartOf\":{\"@id\":\"https:\\\/\\\/www.vagadeempregorj.com.br\\\/pe-de-meia-do-ensino-medio-estudantes-ja-estao-recebendo-veja-como-funciona\\\/\"},\"author\":{\"name\":\"Michele\",\"@id\":\"https:\\\/\\\/www.vagadeempregorj.com.br\\\/#\\\/schema\\\/person\\\/3ddb19fa0539706786e502152f3aae95\"},\"headline\":\"P\u00e9 de Meia do Ensino M\u00e9dio: Estudantes j\u00e1 est\u00e3o recebendo? Veja como funciona!\",\"datePublished\":\"2025-02-28T09:00:00+00:00\",\"mainEntityOfPage\":{\"@id\":\"https:\\\/\\\/www.vagadeempregorj.com.br\\\/pe-de-meia-do-ensino-medio-estudantes-ja-estao-recebendo-veja-como-funciona\\\/\"},\"wordCount\":1004,\"image\":{\"@id\":\"https:\\\/\\\/www.vagadeempregorj.com.br\\\/pe-de-meia-do-ensino-medio-estudantes-ja-estao-recebendo-veja-como-funciona\\\/#primaryimage\"},\"thumbnailUrl\":\"https:\\\/\\\/www.vagadeempregorj.com.br\\\/wp-content\\\/uploads\\\/2025\\\/02\\\/Pe-de-Meia-do-Ensino-Medio-Estudantes-ja-estao-recebendo-Veja-como-funciona.webp\",\"articleSection\":[\"Benef\u00edcios Sociais\"],\"inLanguage\":\"fr-FR\"},{\"@type\":\"WebPage\",\"@id\":\"https:\\\/\\\/www.vagadeempregorj.com.br\\\/pe-de-meia-do-ensino-medio-estudantes-ja-estao-recebendo-veja-como-funciona\\\/\",\"url\":\"https:\\\/\\\/www.vagadeempregorj.com.br\\\/pe-de-meia-do-ensino-medio-estudantes-ja-estao-recebendo-veja-como-funciona\\\/\",\"name\":\"P\u00e9 de Meia do Ensino M\u00e9dio: Estudantes j\u00e1 est\u00e3o recebendo? Veja como funciona! -\",\"isPartOf\":{\"@id\":\"https:\\\/\\\/www.vagadeempregorj.com.br\\\/#website\"},\"primaryImageOfPage\":{\"@id\":\"https:\\\/\\\/www.vagadeempregorj.com.br\\\/pe-de-meia-do-ensino-medio-estudantes-ja-estao-recebendo-veja-como-funciona\\\/#primaryimage\"},\"image\":{\"@id\":\"https:\\\/\\\/www.vagadeempregorj.com.br\\\/pe-de-meia-do-ensino-medio-estudantes-ja-estao-recebendo-veja-como-funciona\\\/#primaryimage\"},\"thumbnailUrl\":\"https:\\\/\\\/www.vagadeempregorj.com.br\\\/wp-content\\\/uploads\\\/2025\\\/02\\\/Pe-de-Meia-do-Ensino-Medio-Estudantes-ja-estao-recebendo-Veja-como-funciona.webp\",\"datePublished\":\"2025-02-28T09:00:00+00:00\",\"author\":{\"@id\":\"https:\\\/\\\/www.vagadeempregorj.com.br\\\/#\\\/schema\\\/person\\\/3ddb19fa0539706786e502152f3aae95\"},\"description\":\"Veja em Vagas de Emprego RJ as vagas de emprego com e sem experi\u00eancia no seu Estado e Regi\u00e3o!\",\"breadcrumb\":{\"@id\":\"https:\\\/\\\/www.vagadeempregorj.com.br\\\/pe-de-meia-do-ensino-medio-estudantes-ja-estao-recebendo-veja-como-funciona\\\/#breadcrumb\"},\"inLanguage\":\"fr-FR\",\"potentialAction\":[{\"@type\":\"ReadAction\",\"target\":[\"https:\\\/\\\/www.vagadeempregorj.com.br\\\/pe-de-meia-do-ensino-medio-estudantes-ja-estao-recebendo-veja-como-funciona\\\/\"]}]},{\"@type\":\"ImageObject\",\"inLanguage\":\"fr-FR\",\"@id\":\"https:\\\/\\\/www.vagadeempregorj.com.br\\\/pe-de-meia-do-ensino-medio-estudantes-ja-estao-recebendo-veja-como-funciona\\\/#primaryimage\",\"url\":\"https:\\\/\\\/www.vagadeempregorj.com.br\\\/wp-content\\\/uploads\\\/2025\\\/02\\\/Pe-de-Meia-do-Ensino-Medio-Estudantes-ja-estao-recebendo-Veja-como-funciona.webp\",\"contentUrl\":\"https:\\\/\\\/www.vagadeempregorj.com.br\\\/wp-content\\\/uploads\\\/2025\\\/02\\\/Pe-de-Meia-do-Ensino-Medio-Estudantes-ja-estao-recebendo-Veja-como-funciona.webp\",\"width\":1792,\"height\":1024},{\"@type\":\"BreadcrumbList\",\"@id\":\"https:\\\/\\\/www.vagadeempregorj.com.br\\\/pe-de-meia-do-ensino-medio-estudantes-ja-estao-recebendo-veja-como-funciona\\\/#breadcrumb\",\"itemListElement\":[{\"@type\":\"ListItem\",\"position\":1,\"name\":\"In\u00edcio\",\"item\":\"https:\\\/\\\/www.vagadeempregorj.com.br\\\/\"},{\"@type\":\"ListItem\",\"position\":2,\"name\":\"Benef\u00edcios Sociais\",\"item\":\"https:\\\/\\\/www.vagadeempregorj.com.br\\\/beneficios-sociais\\\/\"},{\"@type\":\"ListItem\",\"position\":3,\"name\":\"P\u00e9 de Meia do Ensino M\u00e9dio: Estudantes j\u00e1 est\u00e3o recebendo? Veja como funciona!\"}]},{\"@type\":\"WebSite\",\"@id\":\"https:\\\/\\\/www.vagadeempregorj.com.br\\\/#website\",\"url\":\"https:\\\/\\\/www.vagadeempregorj.com.br\\\/\",\"name\":\"\",\"description\":\"Conquiste Sonhos: Vagas, Benef\u00edcios e Economia para Transformar Vidas e Alcan\u00e7ar Melhorias Cotidianas\",\"potentialAction\":[{\"@type\":\"SearchAction\",\"target\":{\"@type\":\"EntryPoint\",\"urlTemplate\":\"https:\\\/\\\/www.vagadeempregorj.com.br\\\/?s={search_term_string}\"},\"query-input\":{\"@type\":\"PropertyValueSpecification\",\"valueRequired\":true,\"valueName\":\"search_term_string\"}}],\"inLanguage\":\"fr-FR\"},{\"@type\":\"Person\",\"@id\":\"https:\\\/\\\/www.vagadeempregorj.com.br\\\/#\\\/schema\\\/person\\\/3ddb19fa0539706786e502152f3aae95\",\"name\":\"Michele\",\"image\":{\"@type\":\"ImageObject\",\"inLanguage\":\"fr-FR\",\"@id\":\"https:\\\/\\\/secure.gravatar.com\\\/avatar\\\/6b0eb9d22841282815e2cd856a0061c45e1761cd54b22e952d98c4746939aa85?s=96&r=g\",\"url\":\"https:\\\/\\\/secure.gravatar.com\\\/avatar\\\/6b0eb9d22841282815e2cd856a0061c45e1761cd54b22e952d98c4746939aa85?s=96&r=g\",\"contentUrl\":\"https:\\\/\\\/secure.gravatar.com\\\/avatar\\\/6b0eb9d22841282815e2cd856a0061c45e1761cd54b22e952d98c4746939aa85?s=96&r=g\",\"caption\":\"Michele\"},\"description\":\"Formada em Letras - Portugu\u00eas\\\/ Ingl\u00eas, e idealizadora do site Escritora de Sucesso, busca expandir o conhecimento de todos com informa\u00e7\u00f5es relevantes sobre diversos assuntos, enquanto redatora. No Vaga de Emprego RJ, traz oportunidades e dicas sobre o mercado de trabalho.\",\"url\":\"https:\\\/\\\/www.vagadeempregorj.com.br\\\/fr\\\/author\\\/michele\\\/\"}]}<\/script>\n<!-- \/ Yoast SEO plugin. -->","yoast_head_json":{"title":"P\u00e9 de Meia do Ensino M\u00e9dio: Estudantes j\u00e1 est\u00e3o recebendo? Veja como funciona! -","description":"Veja em Vagas de Emprego RJ as vagas de emprego com e sem experi\u00eancia no seu Estado e Regi\u00e3o!","robots":{"index":"index","follow":"follow","max-snippet":"max-snippet:-1","max-image-preview":"max-image-preview:large","max-video-preview":"max-video-preview:-1"},"canonical":"https:\/\/www.vagadeempregorj.com.br\/fr\/pe-de-meia-do-ensino-medio-estudantes-ja-estao-recebendo-veja-como-funciona\/","og_locale":"fr_FR","og_type":"article","og_title":"P\u00e9 de Meia do Ensino M\u00e9dio: Estudantes j\u00e1 est\u00e3o recebendo? Veja como funciona! -","og_description":"Veja em Vagas de Emprego RJ as vagas de emprego com e sem experi\u00eancia no seu Estado e Regi\u00e3o!","og_url":"https:\/\/www.vagadeempregorj.com.br\/fr\/pe-de-meia-do-ensino-medio-estudantes-ja-estao-recebendo-veja-como-funciona\/","article_publisher":"https:\/\/www.facebook.com\/empregobrasiloficial","article_published_time":"2025-02-28T09:00:00+00:00","og_image":[{"width":1792,"height":1024,"url":"https:\/\/www.vagadeempregorj.com.br\/wp-content\/uploads\/2025\/02\/Pe-de-Meia-do-Ensino-Medio-Estudantes-ja-estao-recebendo-Veja-como-funciona.webp","type":"image\/webp"}],"author":"Michele","twitter_card":"summary_large_image","twitter_misc":{"Written by":"Michele","Est. reading time":"5 minutes"},"schema":{"@context":"https:\/\/schema.org","@graph":[{"@type":"Article","@id":"https:\/\/www.vagadeempregorj.com.br\/pe-de-meia-do-ensino-medio-estudantes-ja-estao-recebendo-veja-como-funciona\/#article","isPartOf":{"@id":"https:\/\/www.vagadeempregorj.com.br\/pe-de-meia-do-ensino-medio-estudantes-ja-estao-recebendo-veja-como-funciona\/"},"author":{"name":"Michele","@id":"https:\/\/www.vagadeempregorj.com.br\/#\/schema\/person\/3ddb19fa0539706786e502152f3aae95"},"headline":"P\u00e9 de Meia do Ensino M\u00e9dio: Estudantes j\u00e1 est\u00e3o recebendo? Veja como funciona!","datePublished":"2025-02-28T09:00:00+00:00","mainEntityOfPage":{"@id":"https:\/\/www.vagadeempregorj.com.br\/pe-de-meia-do-ensino-medio-estudantes-ja-estao-recebendo-veja-como-funciona\/"},"wordCount":1004,"image":{"@id":"https:\/\/www.vagadeempregorj.com.br\/pe-de-meia-do-ensino-medio-estudantes-ja-estao-recebendo-veja-como-funciona\/#primaryimage"},"thumbnailUrl":"https:\/\/www.vagadeempregorj.com.br\/wp-content\/uploads\/2025\/02\/Pe-de-Meia-do-Ensino-Medio-Estudantes-ja-estao-recebendo-Veja-como-funciona.webp","articleSection":["Benef\u00edcios Sociais"],"inLanguage":"fr-FR"},{"@type":"WebPage","@id":"https:\/\/www.vagadeempregorj.com.br\/pe-de-meia-do-ensino-medio-estudantes-ja-estao-recebendo-veja-como-funciona\/","url":"https:\/\/www.vagadeempregorj.com.br\/pe-de-meia-do-ensino-medio-estudantes-ja-estao-recebendo-veja-como-funciona\/","name":"P\u00e9 de Meia do Ensino M\u00e9dio: Estudantes j\u00e1 est\u00e3o recebendo? Veja como funciona! -","isPartOf":{"@id":"https:\/\/www.vagadeempregorj.com.br\/#website"},"primaryImageOfPage":{"@id":"https:\/\/www.vagadeempregorj.com.br\/pe-de-meia-do-ensino-medio-estudantes-ja-estao-recebendo-veja-como-funciona\/#primaryimage"},"image":{"@id":"https:\/\/www.vagadeempregorj.com.br\/pe-de-meia-do-ensino-medio-estudantes-ja-estao-recebendo-veja-como-funciona\/#primaryimage"},"thumbnailUrl":"https:\/\/www.vagadeempregorj.com.br\/wp-content\/uploads\/2025\/02\/Pe-de-Meia-do-Ensino-Medio-Estudantes-ja-estao-recebendo-Veja-como-funciona.webp","datePublished":"2025-02-28T09:00:00+00:00","author":{"@id":"https:\/\/www.vagadeempregorj.com.br\/#\/schema\/person\/3ddb19fa0539706786e502152f3aae95"},"description":"Veja em Vagas de Emprego RJ as vagas de emprego com e sem experi\u00eancia no seu Estado e Regi\u00e3o!","breadcrumb":{"@id":"https:\/\/www.vagadeempregorj.com.br\/pe-de-meia-do-ensino-medio-estudantes-ja-estao-recebendo-veja-como-funciona\/#breadcrumb"},"inLanguage":"fr-FR","potentialAction":[{"@type":"ReadAction","target":["https:\/\/www.vagadeempregorj.com.br\/pe-de-meia-do-ensino-medio-estudantes-ja-estao-recebendo-veja-como-funciona\/"]}]},{"@type":"ImageObject","inLanguage":"fr-FR","@id":"https:\/\/www.vagadeempregorj.com.br\/pe-de-meia-do-ensino-medio-estudantes-ja-estao-recebendo-veja-como-funciona\/#primaryimage","url":"https:\/\/www.vagadeempregorj.com.br\/wp-content\/uploads\/2025\/02\/Pe-de-Meia-do-Ensino-Medio-Estudantes-ja-estao-recebendo-Veja-como-funciona.webp","contentUrl":"https:\/\/www.vagadeempregorj.com.br\/wp-content\/uploads\/2025\/02\/Pe-de-Meia-do-Ensino-Medio-Estudantes-ja-estao-recebendo-Veja-como-funciona.webp","width":1792,"height":1024},{"@type":"BreadcrumbList","@id":"https:\/\/www.vagadeempregorj.com.br\/pe-de-meia-do-ensino-medio-estudantes-ja-estao-recebendo-veja-como-funciona\/#breadcrumb","itemListElement":[{"@type":"ListItem","position":1,"name":"In\u00edcio","item":"https:\/\/www.vagadeempregorj.com.br\/"},{"@type":"ListItem","position":2,"name":"Benef\u00edcios Sociais","item":"https:\/\/www.vagadeempregorj.com.br\/beneficios-sociais\/"},{"@type":"ListItem","position":3,"name":"P\u00e9 de Meia do Ensino M\u00e9dio: Estudantes j\u00e1 est\u00e3o recebendo? Veja como funciona!"}]},{"@type":"WebSite","@id":"https:\/\/www.vagadeempregorj.com.br\/#website","url":"https:\/\/www.vagadeempregorj.com.br\/","name":"","description":"Conquiste Sonhos: Vagas, Benef\u00edcios e Economia para Transformar Vidas e Alcan\u00e7ar Melhorias Cotidianas","potentialAction":[{"@type":"SearchAction","target":{"@type":"EntryPoint","urlTemplate":"https:\/\/www.vagadeempregorj.com.br\/?s={search_term_string}"},"query-input":{"@type":"PropertyValueSpecification","valueRequired":true,"valueName":"search_term_string"}}],"inLanguage":"fr-FR"},{"@type":"Person","@id":"https:\/\/www.vagadeempregorj.com.br\/#\/schema\/person\/3ddb19fa0539706786e502152f3aae95","name":"Michele","image":{"@type":"ImageObject","inLanguage":"fr-FR","@id":"https:\/\/secure.gravatar.com\/avatar\/6b0eb9d22841282815e2cd856a0061c45e1761cd54b22e952d98c4746939aa85?s=96&r=g","url":"https:\/\/secure.gravatar.com\/avatar\/6b0eb9d22841282815e2cd856a0061c45e1761cd54b22e952d98c4746939aa85?s=96&r=g","contentUrl":"https:\/\/secure.gravatar.com\/avatar\/6b0eb9d22841282815e2cd856a0061c45e1761cd54b22e952d98c4746939aa85?s=96&r=g","caption":"Michele"},"description":"Formada em Letras - Portugu\u00eas\/ Ingl\u00eas, e idealizadora do site Escritora de Sucesso, busca expandir o conhecimento de todos com informa\u00e7\u00f5es relevantes sobre diversos assuntos, enquanto redatora. No Vaga de Emprego RJ, traz oportunidades e dicas sobre o mercado de trabalho.","url":"https:\/\/www.vagadeempregorj.com.br\/fr\/author\/michele\/"}]}},"_links":{"self":[{"href":"https:\/\/www.vagadeempregorj.com.br\/fr\/wp-json\/wp\/v2\/posts\/42775","targetHints":{"allow":["GET"]}}],"collection":[{"href":"https:\/\/www.vagadeempregorj.com.br\/fr\/wp-json\/wp\/v2\/posts"}],"about":[{"href":"https:\/\/www.vagadeempregorj.com.br\/fr\/wp-json\/wp\/v2\/types\/post"}],"author":[{"embeddable":true,"href":"https:\/\/www.vagadeempregorj.com.br\/fr\/wp-json\/wp\/v2\/users\/16"}],"replies":[{"embeddable":true,"href":"https:\/\/www.vagadeempregorj.com.br\/fr\/wp-json\/wp\/v2\/comments?post=42775"}],"version-history":[{"count":0,"href":"https:\/\/www.vagadeempregorj.com.br\/fr\/wp-json\/wp\/v2\/posts\/42775\/revisions"}],"wp:featuredmedia":[{"embeddable":true,"href":"https:\/\/www.vagadeempregorj.com.br\/fr\/wp-json\/wp\/v2\/media\/42776"}],"wp:attachment":[{"href":"https:\/\/www.vagadeempregorj.com.br\/fr\/wp-json\/wp\/v2\/media?parent=42775"}],"wp:term":[{"taxonomy":"category","embeddable":true,"href":"https:\/\/www.vagadeempregorj.com.br\/fr\/wp-json\/wp\/v2\/categories?post=42775"},{"taxonomy":"post_tag","embeddable":true,"href":"https:\/\/www.vagadeempregorj.com.br\/fr\/wp-json\/wp\/v2\/tags?post=42775"}],"curies":[{"name":"wp","href":"https:\/\/api.w.org\/{rel}","templated":true}]}}