{"id":42792,"date":"2025-03-03T06:00:00","date_gmt":"2025-03-03T09:00:00","guid":{"rendered":"https:\/\/www.vagadeempregorj.com.br\/?p=42792"},"modified":"2025-02-22T22:56:11","modified_gmt":"2025-02-23T01:56:11","slug":"bolsa-familia-bloqueado-descubra-o-motivo-e-como-resolver-rapido","status":"publish","type":"post","link":"https:\/\/www.vagadeempregorj.com.br\/fr\/bolsa-familia-bloqueado-descubra-o-motivo-e-como-resolver-rapido\/","title":{"rendered":"Bolsa Fam\u00edlia Bloqueado? Descubra o motivo e como resolver r\u00e1pido!"},"content":{"rendered":"<p>Se o seu <strong>Bolsa Fam\u00edlia foi bloqueado<\/strong>, a primeira coisa a fazer \u00e9 entender o motivo. O programa exige o cumprimento de algumas regras, e qualquer irregularidade pode levar \u00e0 suspens\u00e3o do benef\u00edcio. Mas n\u00e3o se preocupe, pois, na maioria dos casos, \u00e9 poss\u00edvel regularizar a situa\u00e7\u00e3o e voltar a receber o aux\u00edlio normalmente. Veja os principais motivos para o bloqueio e como resolver o problema de forma r\u00e1pida.<\/p>\n\n\n\n<figure class=\"wp-block-image size-large\"><img loading=\"lazy\" decoding=\"async\" width=\"1024\" height=\"585\" src=\"https:\/\/www.vagadeempregorj.com.br\/wp-content\/uploads\/2025\/02\/Bolsa-Familia-Bloqueado-1024x585.webp\" alt=\"\" class=\"wp-image-42793\" srcset=\"https:\/\/www.vagadeempregorj.com.br\/wp-content\/uploads\/2025\/02\/Bolsa-Familia-Bloqueado-1024x585.webp 1024w, https:\/\/www.vagadeempregorj.com.br\/wp-content\/uploads\/2025\/02\/Bolsa-Familia-Bloqueado-300x171.webp 300w, https:\/\/www.vagadeempregorj.com.br\/wp-content\/uploads\/2025\/02\/Bolsa-Familia-Bloqueado-768x439.webp 768w, https:\/\/www.vagadeempregorj.com.br\/wp-content\/uploads\/2025\/02\/Bolsa-Familia-Bloqueado-1536x878.webp 1536w, https:\/\/www.vagadeempregorj.com.br\/wp-content\/uploads\/2025\/02\/Bolsa-Familia-Bloqueado-150x86.webp 150w, https:\/\/www.vagadeempregorj.com.br\/wp-content\/uploads\/2025\/02\/Bolsa-Familia-Bloqueado.webp 1792w\" sizes=\"auto, (max-width: 1024px) 100vw, 1024px\" \/><\/figure>\n\n\n\n<h2 class=\"wp-block-heading\">Por que o Bolsa Fam\u00edlia \u00e9 bloqueado?<\/h2>\n\n\n\n<p>Existem diversas raz\u00f5es para o bloqueio do Bolsa Fam\u00edlia, e as mais comuns incluem:<\/p>\n\n\n\n<p>1# <strong>Cadastro \u00danico desatualizado<\/strong> \u2013 O governo exige que o Cadastro \u00danico seja atualizado a cada dois anos ou sempre que houver mudan\u00e7as na composi\u00e7\u00e3o familiar, renda ou endere\u00e7o. Se voc\u00ea n\u00e3o fez essa atualiza\u00e7\u00e3o dentro do prazo, o benef\u00edcio pode ser suspenso.<\/p>\n\n\n\n<p>2# <strong>Renda acima do permitido<\/strong> \u2013 O Bolsa Fam\u00edlia \u00e9 destinado a fam\u00edlias em situa\u00e7\u00e3o de vulnerabilidade social. Se a renda per capita da fam\u00edlia ultrapassar o limite estabelecido pelo programa, o benef\u00edcio pode ser bloqueado.<\/p>\n\n\n\n<p>3# <strong>Frequ\u00eancia escolar insuficiente<\/strong> \u2013 Crian\u00e7as e adolescentes de 6 a 17 anos devem frequentar a escola regularmente. Caso a frequ\u00eancia m\u00ednima n\u00e3o seja cumprida, o governo pode suspender o pagamento.<\/p>\n\n\n\n<p>4# <strong>Vacina\u00e7\u00e3o desatualizada<\/strong> \u2013 O Bolsa Fam\u00edlia exige que crian\u00e7as e gestantes tenham o calend\u00e1rio de vacina\u00e7\u00e3o em dia. Se os registros n\u00e3o estiverem atualizados, o benef\u00edcio pode ser bloqueado.<\/p>\n\n\n\n<p>5# <strong>Falta de acompanhamento de sa\u00fade<\/strong> \u2013 Fam\u00edlias com gestantes e crian\u00e7as menores de 7 anos devem comparecer a consultas m\u00e9dicas peri\u00f3dicas. Se isso n\u00e3o for feito, o benef\u00edcio pode ser suspenso.<\/p>\n\n\n\n<p>6# <strong>Dados inconsistentes no sistema<\/strong> \u2013 Informa\u00e7\u00f5es erradas ou divergentes no Cadastro \u00danico podem levar ao bloqueio. Por isso, \u00e9 essencial garantir que os dados estejam corretos.<\/p>\n\n\n\n<h2 class=\"wp-block-heading\">Como consultar se o Bolsa Fam\u00edlia foi bloqueado?<\/h2>\n\n\n\n<p>Se o pagamento do seu Bolsa Fam\u00edlia n\u00e3o caiu na conta, voc\u00ea pode verificar a situa\u00e7\u00e3o do benef\u00edcio das seguintes maneiras:<\/p>\n\n\n\n<ul class=\"wp-block-list\">\n<li><strong>Aplicativo Bolsa Fam\u00edlia<\/strong> \u2013 Dispon\u00edvel para Android e iOS, permite consultar o status do benef\u00edcio.<\/li>\n\n\n\n<li><strong>Aplicativo Caixa Tem<\/strong> \u2013 Caso o pagamento seja feito pela conta digital, o app Caixa Tem pode mostrar se houve bloqueio.<\/li>\n\n\n\n<li><strong>Site da Caixa Econ\u00f4mica Federal<\/strong> \u2013 Basta acessar a \u00e1rea do Bolsa Fam\u00edlia e informar seus dados para verificar a situa\u00e7\u00e3o.<\/li>\n\n\n\n<li><strong>Telefone 111 da Caixa<\/strong> \u2013 Canal de atendimento exclusivo para benefici\u00e1rios do Bolsa Fam\u00edlia.<\/li>\n\n\n\n<li><strong>Atendimento no CRAS<\/strong> \u2013 Se preferir, v\u00e1 ao Centro de Refer\u00eancia de Assist\u00eancia Social da sua cidade para obter informa\u00e7\u00f5es.<\/li>\n<\/ul>\n\n\n\n<h2 class=\"wp-block-heading\">Como resolver o bloqueio do Bolsa Fam\u00edlia?<\/h2>\n\n\n\n<p>Se o seu Bolsa Fam\u00edlia foi bloqueado, siga estas etapas para regularizar a situa\u00e7\u00e3o:<\/p>\n\n\n\n<p>1# <strong>Atualize o Cadastro \u00danico<\/strong> \u2013 Se o problema for a falta de atualiza\u00e7\u00e3o cadastral, v\u00e1 ao CRAS com os documentos de todos os membros da fam\u00edlia e fa\u00e7a a atualiza\u00e7\u00e3o. 2# <strong>Comprove a renda<\/strong> \u2013 Caso o bloqueio tenha ocorrido por suspeita de renda acima do permitido, apresente comprovantes que demonstrem a realidade financeira da fam\u00edlia. 3# <strong>Regularize a frequ\u00eancia escolar<\/strong> \u2013 Se a crian\u00e7a ou adolescente perdeu muitas aulas, procure a escola para verificar a situa\u00e7\u00e3o e garantir a frequ\u00eancia m\u00ednima exigida. 4# <strong>Atualize a vacina\u00e7\u00e3o e os exames de sa\u00fade<\/strong> \u2013 V\u00e1 ao posto de sa\u00fade mais pr\u00f3ximo e coloque em dia as vacinas e o acompanhamento m\u00e9dico dos membros da fam\u00edlia. 5# <strong>Corrija dados no sistema<\/strong> \u2013 Caso tenha havido erro no cadastro, solicite a corre\u00e7\u00e3o diretamente no CRAS.<\/p>\n\n\n\n<p>Ap\u00f3s a regulariza\u00e7\u00e3o, o benef\u00edcio pode voltar a ser pago no m\u00eas seguinte, dependendo do prazo de an\u00e1lise do governo.<\/p>\n\n\n\n<h2 class=\"wp-block-heading\">Como evitar novos bloqueios?<\/h2>\n\n\n\n<p>Para garantir que o Bolsa Fam\u00edlia continue sendo pago sem interrup\u00e7\u00f5es, siga estas recomenda\u00e7\u00f5es:<\/p>\n\n\n\n<ul class=\"wp-block-list\">\n<li>Mantenha o Cadastro \u00danico sempre atualizado;<\/li>\n\n\n\n<li>Garanta que as crian\u00e7as e adolescentes da fam\u00edlia frequentem a escola regularmente;<\/li>\n\n\n\n<li>Mantenha em dia a vacina\u00e7\u00e3o e os exames m\u00e9dicos obrigat\u00f3rios;<\/li>\n\n\n\n<li>Consulte periodicamente os aplicativos Bolsa Fam\u00edlia e Caixa Tem para verificar a situa\u00e7\u00e3o do benef\u00edcio;<\/li>\n\n\n\n<li>Procure o CRAS sempre que houver mudan\u00e7as na composi\u00e7\u00e3o familiar ou na renda.<\/li>\n<\/ul>\n\n\n\n<h2 class=\"wp-block-heading\">Atualize seu Cad\u00fanico!<\/h2>\n\n\n\n<p>Se o seu Bolsa Fam\u00edlia foi bloqueado, n\u00e3o entre em p\u00e2nico! A maioria dos casos pode ser resolvida rapidamente com a atualiza\u00e7\u00e3o de dados ou a comprova\u00e7\u00e3o das exig\u00eancias do programa. Consulte a situa\u00e7\u00e3o do seu benef\u00edcio pelos canais oficiais, v\u00e1 ao CRAS se necess\u00e1rio e regularize sua situa\u00e7\u00e3o o quanto antes. Com as informa\u00e7\u00f5es certas e os documentos em dia, voc\u00ea pode voltar a receber o benef\u00edcio sem maiores problemas!<\/p>\n\n\n\n<p><strong>Veja tamb\u00e9m: <a href=\"https:\/\/www.vagadeempregorj.com.br\/fr\/bolsa-familia-pode-ser-bloqueado-judicialmente-por-divida\/\">Bolsa Fam\u00edlia pode ser bloqueado judicialmente por d\u00edvida?<\/a><\/strong><\/p>\n\n\n\n<p>3 de mar\u00e7o de 2025<\/p>","protected":false},"excerpt":{"rendered":"<p>Se o seu Bolsa Fam\u00edlia foi bloqueado, a primeira coisa a fazer \u00e9 entender o motivo. O programa exige o cumprimento de algumas regras, e qualquer irregularidade pode levar \u00e0 suspens\u00e3o do benef\u00edcio. Mas n\u00e3o se preocupe, pois, na maioria dos casos, \u00e9 poss\u00edvel regularizar a situa\u00e7\u00e3o e voltar a receber o aux\u00edlio normalmente. Veja&hellip;&nbsp;<\/p>","protected":false},"author":16,"featured_media":42793,"comment_status":"closed","ping_status":"closed","sticky":false,"template":"","format":"standard","meta":{"neve_meta_sidebar":"","neve_meta_container":"","neve_meta_enable_content_width":"","neve_meta_content_width":0,"neve_meta_title_alignment":"","neve_meta_author_avatar":"","neve_post_elements_order":"","neve_meta_disable_header":"","neve_meta_disable_footer":"","neve_meta_disable_title":"","footnotes":""},"categories":[1],"tags":[],"class_list":["post-42792","post","type-post","status-publish","format-standard","has-post-thumbnail","hentry","category-beneficios-sociais"],"yoast_head":"<!-- This site is optimized with the Yoast SEO plugin v27.5 - https:\/\/yoast.com\/product\/yoast-seo-wordpress\/ -->\n<title>Bolsa Fam\u00edlia Bloqueado? Descubra o motivo e como resolver r\u00e1pido! -<\/title>\n<meta name=\"description\" content=\"Veja em Vagas de Emprego RJ as vagas de emprego com e sem experi\u00eancia no seu Estado e Regi\u00e3o!\" \/>\n<meta name=\"robots\" content=\"index, follow, max-snippet:-1, max-image-preview:large, max-video-preview:-1\" \/>\n<link rel=\"canonical\" href=\"https:\/\/www.vagadeempregorj.com.br\/fr\/bolsa-familia-bloqueado-descubra-o-motivo-e-como-resolver-rapido\/\" \/>\n<meta property=\"og:locale\" content=\"fr_FR\" \/>\n<meta property=\"og:type\" content=\"article\" \/>\n<meta property=\"og:title\" content=\"Bolsa Fam\u00edlia Bloqueado? Descubra o motivo e como resolver r\u00e1pido! -\" \/>\n<meta property=\"og:description\" content=\"Veja em Vagas de Emprego RJ as vagas de emprego com e sem experi\u00eancia no seu Estado e Regi\u00e3o!\" \/>\n<meta property=\"og:url\" content=\"https:\/\/www.vagadeempregorj.com.br\/fr\/bolsa-familia-bloqueado-descubra-o-motivo-e-como-resolver-rapido\/\" \/>\n<meta property=\"article:publisher\" content=\"https:\/\/www.facebook.com\/empregobrasiloficial\" \/>\n<meta property=\"article:published_time\" content=\"2025-03-03T09:00:00+00:00\" \/>\n<meta property=\"og:image\" content=\"https:\/\/www.vagadeempregorj.com.br\/wp-content\/uploads\/2025\/02\/Bolsa-Familia-Bloqueado.webp\" \/>\n\t<meta property=\"og:image:width\" content=\"1792\" \/>\n\t<meta property=\"og:image:height\" content=\"1024\" \/>\n\t<meta property=\"og:image:type\" content=\"image\/webp\" \/>\n<meta name=\"author\" content=\"Michele\" \/>\n<meta name=\"twitter:card\" content=\"summary_large_image\" \/>\n<meta name=\"twitter:label1\" content=\"Written by\" \/>\n\t<meta name=\"twitter:data1\" content=\"Michele\" \/>\n\t<meta name=\"twitter:label2\" content=\"Est. reading time\" \/>\n\t<meta name=\"twitter:data2\" content=\"4 minutes\" \/>\n<script type=\"application\/ld+json\" class=\"yoast-schema-graph\">{\"@context\":\"https:\\\/\\\/schema.org\",\"@graph\":[{\"@type\":\"Article\",\"@id\":\"https:\\\/\\\/www.vagadeempregorj.com.br\\\/bolsa-familia-bloqueado-descubra-o-motivo-e-como-resolver-rapido\\\/#article\",\"isPartOf\":{\"@id\":\"https:\\\/\\\/www.vagadeempregorj.com.br\\\/bolsa-familia-bloqueado-descubra-o-motivo-e-como-resolver-rapido\\\/\"},\"author\":{\"name\":\"Michele\",\"@id\":\"https:\\\/\\\/www.vagadeempregorj.com.br\\\/#\\\/schema\\\/person\\\/3ddb19fa0539706786e502152f3aae95\"},\"headline\":\"Bolsa Fam\u00edlia Bloqueado? Descubra o motivo e como resolver r\u00e1pido!\",\"datePublished\":\"2025-03-03T09:00:00+00:00\",\"mainEntityOfPage\":{\"@id\":\"https:\\\/\\\/www.vagadeempregorj.com.br\\\/bolsa-familia-bloqueado-descubra-o-motivo-e-como-resolver-rapido\\\/\"},\"wordCount\":832,\"image\":{\"@id\":\"https:\\\/\\\/www.vagadeempregorj.com.br\\\/bolsa-familia-bloqueado-descubra-o-motivo-e-como-resolver-rapido\\\/#primaryimage\"},\"thumbnailUrl\":\"https:\\\/\\\/www.vagadeempregorj.com.br\\\/wp-content\\\/uploads\\\/2025\\\/02\\\/Bolsa-Familia-Bloqueado.webp\",\"articleSection\":[\"Benef\u00edcios Sociais\"],\"inLanguage\":\"fr-FR\"},{\"@type\":\"WebPage\",\"@id\":\"https:\\\/\\\/www.vagadeempregorj.com.br\\\/bolsa-familia-bloqueado-descubra-o-motivo-e-como-resolver-rapido\\\/\",\"url\":\"https:\\\/\\\/www.vagadeempregorj.com.br\\\/bolsa-familia-bloqueado-descubra-o-motivo-e-como-resolver-rapido\\\/\",\"name\":\"Bolsa Fam\u00edlia Bloqueado? Descubra o motivo e como resolver r\u00e1pido! -\",\"isPartOf\":{\"@id\":\"https:\\\/\\\/www.vagadeempregorj.com.br\\\/#website\"},\"primaryImageOfPage\":{\"@id\":\"https:\\\/\\\/www.vagadeempregorj.com.br\\\/bolsa-familia-bloqueado-descubra-o-motivo-e-como-resolver-rapido\\\/#primaryimage\"},\"image\":{\"@id\":\"https:\\\/\\\/www.vagadeempregorj.com.br\\\/bolsa-familia-bloqueado-descubra-o-motivo-e-como-resolver-rapido\\\/#primaryimage\"},\"thumbnailUrl\":\"https:\\\/\\\/www.vagadeempregorj.com.br\\\/wp-content\\\/uploads\\\/2025\\\/02\\\/Bolsa-Familia-Bloqueado.webp\",\"datePublished\":\"2025-03-03T09:00:00+00:00\",\"author\":{\"@id\":\"https:\\\/\\\/www.vagadeempregorj.com.br\\\/#\\\/schema\\\/person\\\/3ddb19fa0539706786e502152f3aae95\"},\"description\":\"Veja em Vagas de Emprego RJ as vagas de emprego com e sem experi\u00eancia no seu Estado e Regi\u00e3o!\",\"breadcrumb\":{\"@id\":\"https:\\\/\\\/www.vagadeempregorj.com.br\\\/bolsa-familia-bloqueado-descubra-o-motivo-e-como-resolver-rapido\\\/#breadcrumb\"},\"inLanguage\":\"fr-FR\",\"potentialAction\":[{\"@type\":\"ReadAction\",\"target\":[\"https:\\\/\\\/www.vagadeempregorj.com.br\\\/bolsa-familia-bloqueado-descubra-o-motivo-e-como-resolver-rapido\\\/\"]}]},{\"@type\":\"ImageObject\",\"inLanguage\":\"fr-FR\",\"@id\":\"https:\\\/\\\/www.vagadeempregorj.com.br\\\/bolsa-familia-bloqueado-descubra-o-motivo-e-como-resolver-rapido\\\/#primaryimage\",\"url\":\"https:\\\/\\\/www.vagadeempregorj.com.br\\\/wp-content\\\/uploads\\\/2025\\\/02\\\/Bolsa-Familia-Bloqueado.webp\",\"contentUrl\":\"https:\\\/\\\/www.vagadeempregorj.com.br\\\/wp-content\\\/uploads\\\/2025\\\/02\\\/Bolsa-Familia-Bloqueado.webp\",\"width\":1792,\"height\":1024,\"caption\":\"Bolsa Fam\u00edlia Bloqueado\"},{\"@type\":\"BreadcrumbList\",\"@id\":\"https:\\\/\\\/www.vagadeempregorj.com.br\\\/bolsa-familia-bloqueado-descubra-o-motivo-e-como-resolver-rapido\\\/#breadcrumb\",\"itemListElement\":[{\"@type\":\"ListItem\",\"position\":1,\"name\":\"In\u00edcio\",\"item\":\"https:\\\/\\\/www.vagadeempregorj.com.br\\\/\"},{\"@type\":\"ListItem\",\"position\":2,\"name\":\"Benef\u00edcios Sociais\",\"item\":\"https:\\\/\\\/www.vagadeempregorj.com.br\\\/beneficios-sociais\\\/\"},{\"@type\":\"ListItem\",\"position\":3,\"name\":\"Bolsa Fam\u00edlia Bloqueado? Descubra o motivo e como resolver r\u00e1pido!\"}]},{\"@type\":\"WebSite\",\"@id\":\"https:\\\/\\\/www.vagadeempregorj.com.br\\\/#website\",\"url\":\"https:\\\/\\\/www.vagadeempregorj.com.br\\\/\",\"name\":\"\",\"description\":\"Conquiste Sonhos: Vagas, Benef\u00edcios e Economia para Transformar Vidas e Alcan\u00e7ar Melhorias Cotidianas\",\"potentialAction\":[{\"@type\":\"SearchAction\",\"target\":{\"@type\":\"EntryPoint\",\"urlTemplate\":\"https:\\\/\\\/www.vagadeempregorj.com.br\\\/?s={search_term_string}\"},\"query-input\":{\"@type\":\"PropertyValueSpecification\",\"valueRequired\":true,\"valueName\":\"search_term_string\"}}],\"inLanguage\":\"fr-FR\"},{\"@type\":\"Person\",\"@id\":\"https:\\\/\\\/www.vagadeempregorj.com.br\\\/#\\\/schema\\\/person\\\/3ddb19fa0539706786e502152f3aae95\",\"name\":\"Michele\",\"image\":{\"@type\":\"ImageObject\",\"inLanguage\":\"fr-FR\",\"@id\":\"https:\\\/\\\/secure.gravatar.com\\\/avatar\\\/6b0eb9d22841282815e2cd856a0061c45e1761cd54b22e952d98c4746939aa85?s=96&r=g\",\"url\":\"https:\\\/\\\/secure.gravatar.com\\\/avatar\\\/6b0eb9d22841282815e2cd856a0061c45e1761cd54b22e952d98c4746939aa85?s=96&r=g\",\"contentUrl\":\"https:\\\/\\\/secure.gravatar.com\\\/avatar\\\/6b0eb9d22841282815e2cd856a0061c45e1761cd54b22e952d98c4746939aa85?s=96&r=g\",\"caption\":\"Michele\"},\"description\":\"Formada em Letras - Portugu\u00eas\\\/ Ingl\u00eas, e idealizadora do site Escritora de Sucesso, busca expandir o conhecimento de todos com informa\u00e7\u00f5es relevantes sobre diversos assuntos, enquanto redatora. No Vaga de Emprego RJ, traz oportunidades e dicas sobre o mercado de trabalho.\",\"url\":\"https:\\\/\\\/www.vagadeempregorj.com.br\\\/fr\\\/author\\\/michele\\\/\"}]}<\/script>\n<!-- \/ Yoast SEO plugin. -->","yoast_head_json":{"title":"Bolsa Fam\u00edlia Bloqueado? Descubra o motivo e como resolver r\u00e1pido! -","description":"Veja em Vagas de Emprego RJ as vagas de emprego com e sem experi\u00eancia no seu Estado e Regi\u00e3o!","robots":{"index":"index","follow":"follow","max-snippet":"max-snippet:-1","max-image-preview":"max-image-preview:large","max-video-preview":"max-video-preview:-1"},"canonical":"https:\/\/www.vagadeempregorj.com.br\/fr\/bolsa-familia-bloqueado-descubra-o-motivo-e-como-resolver-rapido\/","og_locale":"fr_FR","og_type":"article","og_title":"Bolsa Fam\u00edlia Bloqueado? Descubra o motivo e como resolver r\u00e1pido! -","og_description":"Veja em Vagas de Emprego RJ as vagas de emprego com e sem experi\u00eancia no seu Estado e Regi\u00e3o!","og_url":"https:\/\/www.vagadeempregorj.com.br\/fr\/bolsa-familia-bloqueado-descubra-o-motivo-e-como-resolver-rapido\/","article_publisher":"https:\/\/www.facebook.com\/empregobrasiloficial","article_published_time":"2025-03-03T09:00:00+00:00","og_image":[{"width":1792,"height":1024,"url":"https:\/\/www.vagadeempregorj.com.br\/wp-content\/uploads\/2025\/02\/Bolsa-Familia-Bloqueado.webp","type":"image\/webp"}],"author":"Michele","twitter_card":"summary_large_image","twitter_misc":{"Written by":"Michele","Est. reading time":"4 minutes"},"schema":{"@context":"https:\/\/schema.org","@graph":[{"@type":"Article","@id":"https:\/\/www.vagadeempregorj.com.br\/bolsa-familia-bloqueado-descubra-o-motivo-e-como-resolver-rapido\/#article","isPartOf":{"@id":"https:\/\/www.vagadeempregorj.com.br\/bolsa-familia-bloqueado-descubra-o-motivo-e-como-resolver-rapido\/"},"author":{"name":"Michele","@id":"https:\/\/www.vagadeempregorj.com.br\/#\/schema\/person\/3ddb19fa0539706786e502152f3aae95"},"headline":"Bolsa Fam\u00edlia Bloqueado? Descubra o motivo e como resolver r\u00e1pido!","datePublished":"2025-03-03T09:00:00+00:00","mainEntityOfPage":{"@id":"https:\/\/www.vagadeempregorj.com.br\/bolsa-familia-bloqueado-descubra-o-motivo-e-como-resolver-rapido\/"},"wordCount":832,"image":{"@id":"https:\/\/www.vagadeempregorj.com.br\/bolsa-familia-bloqueado-descubra-o-motivo-e-como-resolver-rapido\/#primaryimage"},"thumbnailUrl":"https:\/\/www.vagadeempregorj.com.br\/wp-content\/uploads\/2025\/02\/Bolsa-Familia-Bloqueado.webp","articleSection":["Benef\u00edcios Sociais"],"inLanguage":"fr-FR"},{"@type":"WebPage","@id":"https:\/\/www.vagadeempregorj.com.br\/bolsa-familia-bloqueado-descubra-o-motivo-e-como-resolver-rapido\/","url":"https:\/\/www.vagadeempregorj.com.br\/bolsa-familia-bloqueado-descubra-o-motivo-e-como-resolver-rapido\/","name":"Bolsa Fam\u00edlia Bloqueado? Descubra o motivo e como resolver r\u00e1pido! -","isPartOf":{"@id":"https:\/\/www.vagadeempregorj.com.br\/#website"},"primaryImageOfPage":{"@id":"https:\/\/www.vagadeempregorj.com.br\/bolsa-familia-bloqueado-descubra-o-motivo-e-como-resolver-rapido\/#primaryimage"},"image":{"@id":"https:\/\/www.vagadeempregorj.com.br\/bolsa-familia-bloqueado-descubra-o-motivo-e-como-resolver-rapido\/#primaryimage"},"thumbnailUrl":"https:\/\/www.vagadeempregorj.com.br\/wp-content\/uploads\/2025\/02\/Bolsa-Familia-Bloqueado.webp","datePublished":"2025-03-03T09:00:00+00:00","author":{"@id":"https:\/\/www.vagadeempregorj.com.br\/#\/schema\/person\/3ddb19fa0539706786e502152f3aae95"},"description":"Veja em Vagas de Emprego RJ as vagas de emprego com e sem experi\u00eancia no seu Estado e Regi\u00e3o!","breadcrumb":{"@id":"https:\/\/www.vagadeempregorj.com.br\/bolsa-familia-bloqueado-descubra-o-motivo-e-como-resolver-rapido\/#breadcrumb"},"inLanguage":"fr-FR","potentialAction":[{"@type":"ReadAction","target":["https:\/\/www.vagadeempregorj.com.br\/bolsa-familia-bloqueado-descubra-o-motivo-e-como-resolver-rapido\/"]}]},{"@type":"ImageObject","inLanguage":"fr-FR","@id":"https:\/\/www.vagadeempregorj.com.br\/bolsa-familia-bloqueado-descubra-o-motivo-e-como-resolver-rapido\/#primaryimage","url":"https:\/\/www.vagadeempregorj.com.br\/wp-content\/uploads\/2025\/02\/Bolsa-Familia-Bloqueado.webp","contentUrl":"https:\/\/www.vagadeempregorj.com.br\/wp-content\/uploads\/2025\/02\/Bolsa-Familia-Bloqueado.webp","width":1792,"height":1024,"caption":"Bolsa Fam\u00edlia Bloqueado"},{"@type":"BreadcrumbList","@id":"https:\/\/www.vagadeempregorj.com.br\/bolsa-familia-bloqueado-descubra-o-motivo-e-como-resolver-rapido\/#breadcrumb","itemListElement":[{"@type":"ListItem","position":1,"name":"In\u00edcio","item":"https:\/\/www.vagadeempregorj.com.br\/"},{"@type":"ListItem","position":2,"name":"Benef\u00edcios Sociais","item":"https:\/\/www.vagadeempregorj.com.br\/beneficios-sociais\/"},{"@type":"ListItem","position":3,"name":"Bolsa Fam\u00edlia Bloqueado? Descubra o motivo e como resolver r\u00e1pido!"}]},{"@type":"WebSite","@id":"https:\/\/www.vagadeempregorj.com.br\/#website","url":"https:\/\/www.vagadeempregorj.com.br\/","name":"","description":"Conquiste Sonhos: Vagas, Benef\u00edcios e Economia para Transformar Vidas e Alcan\u00e7ar Melhorias Cotidianas","potentialAction":[{"@type":"SearchAction","target":{"@type":"EntryPoint","urlTemplate":"https:\/\/www.vagadeempregorj.com.br\/?s={search_term_string}"},"query-input":{"@type":"PropertyValueSpecification","valueRequired":true,"valueName":"search_term_string"}}],"inLanguage":"fr-FR"},{"@type":"Person","@id":"https:\/\/www.vagadeempregorj.com.br\/#\/schema\/person\/3ddb19fa0539706786e502152f3aae95","name":"Michele","image":{"@type":"ImageObject","inLanguage":"fr-FR","@id":"https:\/\/secure.gravatar.com\/avatar\/6b0eb9d22841282815e2cd856a0061c45e1761cd54b22e952d98c4746939aa85?s=96&r=g","url":"https:\/\/secure.gravatar.com\/avatar\/6b0eb9d22841282815e2cd856a0061c45e1761cd54b22e952d98c4746939aa85?s=96&r=g","contentUrl":"https:\/\/secure.gravatar.com\/avatar\/6b0eb9d22841282815e2cd856a0061c45e1761cd54b22e952d98c4746939aa85?s=96&r=g","caption":"Michele"},"description":"Formada em Letras - Portugu\u00eas\/ Ingl\u00eas, e idealizadora do site Escritora de Sucesso, busca expandir o conhecimento de todos com informa\u00e7\u00f5es relevantes sobre diversos assuntos, enquanto redatora. No Vaga de Emprego RJ, traz oportunidades e dicas sobre o mercado de trabalho.","url":"https:\/\/www.vagadeempregorj.com.br\/fr\/author\/michele\/"}]}},"_links":{"self":[{"href":"https:\/\/www.vagadeempregorj.com.br\/fr\/wp-json\/wp\/v2\/posts\/42792","targetHints":{"allow":["GET"]}}],"collection":[{"href":"https:\/\/www.vagadeempregorj.com.br\/fr\/wp-json\/wp\/v2\/posts"}],"about":[{"href":"https:\/\/www.vagadeempregorj.com.br\/fr\/wp-json\/wp\/v2\/types\/post"}],"author":[{"embeddable":true,"href":"https:\/\/www.vagadeempregorj.com.br\/fr\/wp-json\/wp\/v2\/users\/16"}],"replies":[{"embeddable":true,"href":"https:\/\/www.vagadeempregorj.com.br\/fr\/wp-json\/wp\/v2\/comments?post=42792"}],"version-history":[{"count":0,"href":"https:\/\/www.vagadeempregorj.com.br\/fr\/wp-json\/wp\/v2\/posts\/42792\/revisions"}],"wp:featuredmedia":[{"embeddable":true,"href":"https:\/\/www.vagadeempregorj.com.br\/fr\/wp-json\/wp\/v2\/media\/42793"}],"wp:attachment":[{"href":"https:\/\/www.vagadeempregorj.com.br\/fr\/wp-json\/wp\/v2\/media?parent=42792"}],"wp:term":[{"taxonomy":"category","embeddable":true,"href":"https:\/\/www.vagadeempregorj.com.br\/fr\/wp-json\/wp\/v2\/categories?post=42792"},{"taxonomy":"post_tag","embeddable":true,"href":"https:\/\/www.vagadeempregorj.com.br\/fr\/wp-json\/wp\/v2\/tags?post=42792"}],"curies":[{"name":"wp","href":"https:\/\/api.w.org\/{rel}","templated":true}]}}