{"id":42817,"date":"2025-02-25T06:00:00","date_gmt":"2025-02-25T09:00:00","guid":{"rendered":"https:\/\/www.vagadeempregorj.com.br\/?p=42817"},"modified":"2025-02-23T16:58:09","modified_gmt":"2025-02-23T19:58:09","slug":"os-cursos-mais-valorizados-pelas-empresas-em-2025-veja-se-o-seu-esta-na-lista","status":"publish","type":"post","link":"https:\/\/www.vagadeempregorj.com.br\/fr\/os-cursos-mais-valorizados-pelas-empresas-em-2025-veja-se-o-seu-esta-na-lista\/","title":{"rendered":"Os cursos mais valorizados pelas empresas em 2025 \u2013 veja se o seu est\u00e1 na lista!"},"content":{"rendered":"<p>Se voc\u00ea est\u00e1 se perguntando quais cursos realmente fazem diferen\u00e7a na hora de conseguir um emprego, a resposta \u00e9 clara: as empresas est\u00e3o priorizando \u00e1reas ligadas \u00e0 tecnologia, sa\u00fade, neg\u00f3cios e sustentabilidade. Mas isso n\u00e3o significa que s\u00f3 essas carreiras valem a pena. O que realmente importa \u00e9 como o profissional se adapta \u00e0s mudan\u00e7as do mercado e adquire habilidades que fazem a diferen\u00e7a.<\/p>\n\n\n\n<p>E se eu te disser que alguns cursos antes considerados comuns agora est\u00e3o entre os mais procurados? Pois \u00e9, o mundo do trabalho est\u00e1 mudando r\u00e1pido. Se voc\u00ea quer garantir um futuro profissional seguro, \u00e9 bom ficar de olho nas tend\u00eancias.<\/p>\n\n\n\n<figure class=\"wp-block-image size-large\"><img loading=\"lazy\" decoding=\"async\" width=\"1024\" height=\"585\" src=\"https:\/\/www.vagadeempregorj.com.br\/wp-content\/uploads\/2025\/02\/cursos-mais-valorizados-1024x585.webp\" alt=\"\" class=\"wp-image-42818\" srcset=\"https:\/\/www.vagadeempregorj.com.br\/wp-content\/uploads\/2025\/02\/cursos-mais-valorizados-1024x585.webp 1024w, https:\/\/www.vagadeempregorj.com.br\/wp-content\/uploads\/2025\/02\/cursos-mais-valorizados-300x171.webp 300w, https:\/\/www.vagadeempregorj.com.br\/wp-content\/uploads\/2025\/02\/cursos-mais-valorizados-768x439.webp 768w, https:\/\/www.vagadeempregorj.com.br\/wp-content\/uploads\/2025\/02\/cursos-mais-valorizados-1536x878.webp 1536w, https:\/\/www.vagadeempregorj.com.br\/wp-content\/uploads\/2025\/02\/cursos-mais-valorizados-150x86.webp 150w, https:\/\/www.vagadeempregorj.com.br\/wp-content\/uploads\/2025\/02\/cursos-mais-valorizados.webp 1792w\" sizes=\"auto, (max-width: 1024px) 100vw, 1024px\" \/><\/figure>\n\n\n\n<h2 class=\"wp-block-heading\">1# Tecnologia da Informa\u00e7\u00e3o (TI) \u2013 o mercado s\u00f3 cresce<\/h2>\n\n\n\n<p>Se h\u00e1 um setor que n\u00e3o para de crescer, \u00e9 o de tecnologia. Profissionais de TI est\u00e3o sendo disputados por empresas do mundo inteiro, e os sal\u00e1rios acompanham essa demanda. Algumas das carreiras mais valorizadas dentro da \u00e1rea s\u00e3o:<\/p>\n\n\n\n<ul class=\"wp-block-list\">\n<li><strong>Ci\u00eancia de Dados<\/strong> \u2013 trabalhar com an\u00e1lise de grandes volumes de informa\u00e7\u00f5es para tomar decis\u00f5es estrat\u00e9gicas.<\/li>\n\n\n\n<li><strong>Ciberseguran\u00e7a<\/strong> \u2013 proteger sistemas contra ataques e vazamento de dados.<\/li>\n\n\n\n<li><strong>Desenvolvimento de Software<\/strong> \u2013 criar aplicativos, sites e programas essenciais para empresas.<\/li>\n<\/ul>\n\n\n\n<p>Se voc\u00ea pensa que precisa ser um g\u00eanio da programa\u00e7\u00e3o para entrar nesse mercado, n\u00e3o \u00e9 bem assim. Hoje existem diversos cursos que ensinam do b\u00e1sico ao avan\u00e7ado, e o importante \u00e9 estar sempre aprendendo.<\/p>\n\n\n\n<h2 class=\"wp-block-heading\">2# Enfermagem \u2013 uma necessidade constante<\/h2>\n\n\n\n<p>A pandemia mostrou o quanto os profissionais da sa\u00fade s\u00e3o essenciais. Mas mesmo depois dela, a procura por enfermeiros e t\u00e9cnicos em enfermagem continua em alta. O envelhecimento da popula\u00e7\u00e3o e a necessidade de atendimento especializado fazem desse um dos cursos mais valorizados atualmente.<\/p>\n\n\n\n<p>Quem escolhe essa \u00e1rea tem muitas oportunidades de trabalho, seja em hospitais, cl\u00ednicas, atendimento domiciliar ou at\u00e9 no exterior, j\u00e1 que muitos pa\u00edses precisam de mais profissionais de sa\u00fade.<\/p>\n\n\n\n<h2 class=\"wp-block-heading\">3# Engenharia \u2013 inova\u00e7\u00e3o em alta<\/h2>\n\n\n\n<p>Engenharia sempre foi uma \u00e1rea valorizada, mas agora algumas especializa\u00e7\u00f5es est\u00e3o ainda mais em alta. Entre elas:<\/p>\n\n\n\n<ul class=\"wp-block-list\">\n<li><strong>Engenharia de Software<\/strong> \u2013 criando solu\u00e7\u00f5es tecnol\u00f3gicas para empresas.<\/li>\n\n\n\n<li><strong>Engenharia de Produ\u00e7\u00e3o<\/strong> \u2013 otimizando processos industriais e log\u00edsticos.<\/li>\n\n\n\n<li><strong>Engenharia Ambiental<\/strong> \u2013 ajudando empresas a se tornarem mais sustent\u00e1veis.<\/li>\n<\/ul>\n\n\n\n<p>O mercado busca profissionais que saibam resolver problemas e inovar. Ent\u00e3o, se voc\u00ea pensa em seguir nessa \u00e1rea, \u00e9 bom desenvolver tamb\u00e9m habilidades de lideran\u00e7a e gest\u00e3o de projetos.<\/p>\n\n\n\n<h2 class=\"wp-block-heading\">4# Marketing Digital \u2013 muito al\u00e9m da publicidade<\/h2>\n\n\n\n<p>As empresas precisam vender, e hoje isso acontece principalmente na internet. Quem entende de marketing digital tem espa\u00e7o garantido no mercado. Os cursos mais procurados s\u00e3o:<\/p>\n\n\n\n<ul class=\"wp-block-list\">\n<li><strong>Gest\u00e3o de Tr\u00e1fego<\/strong> \u2013 aprender a criar campanhas pagas eficientes no Google e redes sociais.<\/li>\n\n\n\n<li><strong>Copywriting<\/strong> \u2013 escrita persuasiva para an\u00fancios, sites e e-mails.<\/li>\n\n\n\n<li><strong>SEO (Otimiza\u00e7\u00e3o para Buscadores)<\/strong> \u2013 fazer com que sites apare\u00e7am no topo do Google.<\/li>\n<\/ul>\n\n\n\n<p>O diferencial aqui \u00e9 a pr\u00e1tica. Muitas vezes, um portf\u00f3lio bem-feito vale mais do que um diploma.<\/p>\n\n\n\n<h2 class=\"wp-block-heading\">5# Psicologia \u2013 o bem-estar nunca foi t\u00e3o importante<\/h2>\n\n\n\n<p>O cuidado com a sa\u00fade mental nunca esteve t\u00e3o em alta. Empresas est\u00e3o contratando psic\u00f3logos para melhorar a qualidade de vida dos funcion\u00e1rios, e a busca por atendimento psicol\u00f3gico particular cresceu muito.<\/p>\n\n\n\n<p>Al\u00e9m da atua\u00e7\u00e3o tradicional, quem se especializa em psicologia organizacional ou esportiva encontra boas oportunidades de trabalho.<\/p>\n\n\n\n<h2 class=\"wp-block-heading\">6# Administra\u00e7\u00e3o \u2013 o cl\u00e1ssico que nunca sai de moda<\/h2>\n\n\n\n<p>Empresas sempre precisam de bons gestores. A diferen\u00e7a \u00e9 que, hoje, os administradores mais valorizados s\u00e3o aqueles que unem conhecimento t\u00e9cnico com habilidades pr\u00e1ticas, como:<\/p>\n\n\n\n<ul class=\"wp-block-list\">\n<li><strong>Gest\u00e3o Financeira<\/strong> \u2013 saber organizar as contas e maximizar os lucros.<\/li>\n\n\n\n<li><strong>Gest\u00e3o de Pessoas<\/strong> \u2013 entender de lideran\u00e7a e motiva\u00e7\u00e3o.<\/li>\n\n\n\n<li><strong>Empreendedorismo<\/strong> \u2013 capacidade de criar e escalar neg\u00f3cios.<\/li>\n<\/ul>\n\n\n\n<p>Se voc\u00ea pensa em fazer Administra\u00e7\u00e3o, o segredo para se destacar \u00e9 n\u00e3o depender apenas do diploma. Aprenda sobre novas ferramentas e desenvolva habilidades que realmente impactam o dia a dia das empresas.<\/p>\n\n\n\n<h2 class=\"wp-block-heading\">7# Direito \u2013 mas com especializa\u00e7\u00f5es estrat\u00e9gicas<\/h2>\n\n\n\n<p>Direito sempre foi uma \u00e1rea valorizada, mas alguns segmentos est\u00e3o mais promissores do que outros. Empresas est\u00e3o priorizando advogados com conhecimento em:<\/p>\n\n\n\n<ul class=\"wp-block-list\">\n<li><strong>Direito Digital<\/strong> \u2013 regulamenta\u00e7\u00e3o de tecnologia, prote\u00e7\u00e3o de dados e crimes virtuais.<\/li>\n\n\n\n<li><strong>Compliance e Governan\u00e7a<\/strong> \u2013 garantir que empresas sigam as normas e evitem problemas jur\u00eddicos.<\/li>\n\n\n\n<li><strong>Direito Internacional<\/strong> \u2013 com a globaliza\u00e7\u00e3o, atuar nesse campo \u00e9 um diferencial enorme.<\/li>\n<\/ul>\n\n\n\n<p>Se voc\u00ea pensa em seguir carreira no Direito, vale a pena focar em uma dessas especializa\u00e7\u00f5es para se destacar.<\/p>\n\n\n\n<h2 class=\"wp-block-heading\">8# Ci\u00eancias Cont\u00e1beis \u2013 essencial para qualquer neg\u00f3cio<\/h2>\n\n\n\n<p>Se tem uma profiss\u00e3o que nunca fica sem emprego, \u00e9 a de contador. Empresas precisam de especialistas para lidar com tributos, planejamento financeiro e auditorias.<\/p>\n\n\n\n<p>Al\u00e9m disso, quem se forma em Ci\u00eancias Cont\u00e1beis pode abrir o pr\u00f3prio escrit\u00f3rio e prestar servi\u00e7os para v\u00e1rias empresas ao mesmo tempo. \u00c9 uma das carreiras mais seguras quando se trata de empregabilidade.<\/p>\n\n\n\n<h2 class=\"wp-block-heading\">9# Energias Renov\u00e1veis \u2013 a profiss\u00e3o do futuro<\/h2>\n\n\n\n<p>O mundo est\u00e1 caminhando para um futuro mais sustent\u00e1vel, e isso faz com que profissionais dessa \u00e1rea sejam cada vez mais valorizados. Os cursos que mais crescem s\u00e3o:<\/p>\n\n\n\n<ul class=\"wp-block-list\">\n<li><strong>Engenharia de Energias Renov\u00e1veis<\/strong> \u2013 desenvolvimento de fontes limpas, como solar e e\u00f3lica.<\/li>\n\n\n\n<li><strong>Gest\u00e3o Ambiental<\/strong> \u2013 aplica\u00e7\u00e3o de estrat\u00e9gias sustent\u00e1veis em empresas.<\/li>\n<\/ul>\n\n\n\n<p>Esse \u00e9 um setor com alta demanda e poucos profissionais qualificados, o que significa boas oportunidades para quem se especializar.<\/p>\n\n\n\n<h2 class=\"wp-block-heading\">10# Log\u00edstica \u2013 a base do com\u00e9rcio global<\/h2>\n\n\n\n<p>Com o crescimento do e-commerce e da necessidade de distribui\u00e7\u00e3o eficiente, a \u00e1rea de log\u00edstica est\u00e1 entre as mais promissoras. Profissionais que sabem gerenciar estoques, transportes e otimizar processos t\u00eam grande demanda no mercado.<\/p>\n\n\n\n<p>Empresas procuram especialistas que consigam reduzir custos e melhorar a efici\u00eancia operacional. E a boa not\u00edcia \u00e9 que h\u00e1 cursos t\u00e9cnicos e superiores na \u00e1rea, tornando o caminho mais acess\u00edvel para quem quer entrar nesse setor.<\/p>\n\n\n\n<h2 class=\"wp-block-heading\">Ent\u00e3o, qual curso escolher?<\/h2>\n\n\n\n<p>Se o seu objetivo \u00e9 garantir empregabilidade, a melhor estrat\u00e9gia n\u00e3o \u00e9 apenas escolher um curso da lista, mas sim se tornar um profissional que se adapta \u00e0s mudan\u00e7as do mercado.<\/p>\n\n\n\n<p>A tecnologia est\u00e1 mudando tudo, e os profissionais mais valorizados s\u00e3o aqueles que unem conhecimento t\u00e9cnico com habilidades pr\u00e1ticas. Aprender um idioma, dominar ferramentas digitais e adquirir experi\u00eancia pr\u00e1tica pode ser t\u00e3o importante quanto o pr\u00f3prio diploma.<\/p>\n\n\n\n<p>E o seu curso, est\u00e1 entre os mais valorizados de 2025? Se n\u00e3o, ainda d\u00e1 tempo de buscar qualifica\u00e7\u00e3o e aumentar suas chances no mercado de trabalho!<\/p>\n\n\n\n<p id=\"block-868ce7c5-be61-461f-9f5f-115e44d4c48a\"><strong>Veja tamb\u00e9m: <a href=\"https:\/\/www.vagadeempregorj.com.br\/fr\/cursos-gratuitos-fundacao-bradesco\/\">Cursos gratuitos da Funda\u00e7\u00e3o Bradesco na \u00e1rea de tecnologia<\/a><\/strong><\/p>\n\n\n\n<p id=\"block-aac57f3c-278e-43ca-a39e-23f7fcd03f87\">25 de fevereiro de 2025<\/p>","protected":false},"excerpt":{"rendered":"<p>Se voc\u00ea est\u00e1 se perguntando quais cursos realmente fazem diferen\u00e7a na hora de conseguir um emprego, a resposta \u00e9 clara: as empresas est\u00e3o priorizando \u00e1reas ligadas \u00e0 tecnologia, sa\u00fade, neg\u00f3cios e sustentabilidade. Mas isso n\u00e3o significa que s\u00f3 essas carreiras valem a pena. O que realmente importa \u00e9 como o profissional se adapta \u00e0s mudan\u00e7as&hellip;&nbsp;<\/p>","protected":false},"author":16,"featured_media":42818,"comment_status":"closed","ping_status":"closed","sticky":false,"template":"","format":"standard","meta":{"neve_meta_sidebar":"","neve_meta_container":"","neve_meta_enable_content_width":"","neve_meta_content_width":0,"neve_meta_title_alignment":"","neve_meta_author_avatar":"","neve_post_elements_order":"","neve_meta_disable_header":"","neve_meta_disable_footer":"","neve_meta_disable_title":"","footnotes":""},"categories":[1],"tags":[],"class_list":["post-42817","post","type-post","status-publish","format-standard","has-post-thumbnail","hentry","category-beneficios-sociais"],"yoast_head":"<!-- This site is optimized with the Yoast SEO plugin v27.5 - https:\/\/yoast.com\/product\/yoast-seo-wordpress\/ -->\n<title>Os cursos mais valorizados pelas empresas em 2025 \u2013 veja se o seu est\u00e1 na lista! -<\/title>\n<meta name=\"description\" content=\"Veja em Vagas de Emprego RJ as vagas de emprego com e sem experi\u00eancia no seu Estado e Regi\u00e3o!\" \/>\n<meta name=\"robots\" content=\"index, follow, max-snippet:-1, max-image-preview:large, max-video-preview:-1\" \/>\n<link rel=\"canonical\" href=\"https:\/\/www.vagadeempregorj.com.br\/fr\/os-cursos-mais-valorizados-pelas-empresas-em-2025-veja-se-o-seu-esta-na-lista\/\" \/>\n<meta property=\"og:locale\" content=\"fr_FR\" \/>\n<meta property=\"og:type\" content=\"article\" \/>\n<meta property=\"og:title\" content=\"Os cursos mais valorizados pelas empresas em 2025 \u2013 veja se o seu est\u00e1 na lista! -\" \/>\n<meta property=\"og:description\" content=\"Veja em Vagas de Emprego RJ as vagas de emprego com e sem experi\u00eancia no seu Estado e Regi\u00e3o!\" \/>\n<meta property=\"og:url\" content=\"https:\/\/www.vagadeempregorj.com.br\/fr\/os-cursos-mais-valorizados-pelas-empresas-em-2025-veja-se-o-seu-esta-na-lista\/\" \/>\n<meta property=\"article:publisher\" content=\"https:\/\/www.facebook.com\/empregobrasiloficial\" \/>\n<meta property=\"article:published_time\" content=\"2025-02-25T09:00:00+00:00\" \/>\n<meta property=\"og:image\" content=\"https:\/\/www.vagadeempregorj.com.br\/wp-content\/uploads\/2025\/02\/cursos-mais-valorizados.webp\" \/>\n\t<meta property=\"og:image:width\" content=\"1792\" \/>\n\t<meta property=\"og:image:height\" content=\"1024\" \/>\n\t<meta property=\"og:image:type\" content=\"image\/webp\" \/>\n<meta name=\"author\" content=\"Michele\" \/>\n<meta name=\"twitter:card\" content=\"summary_large_image\" \/>\n<meta name=\"twitter:label1\" content=\"Written by\" \/>\n\t<meta name=\"twitter:data1\" content=\"Michele\" \/>\n\t<meta name=\"twitter:label2\" content=\"Est. reading time\" \/>\n\t<meta name=\"twitter:data2\" content=\"6 minutes\" \/>\n<script type=\"application\/ld+json\" class=\"yoast-schema-graph\">{\"@context\":\"https:\\\/\\\/schema.org\",\"@graph\":[{\"@type\":\"Article\",\"@id\":\"https:\\\/\\\/www.vagadeempregorj.com.br\\\/os-cursos-mais-valorizados-pelas-empresas-em-2025-veja-se-o-seu-esta-na-lista\\\/#article\",\"isPartOf\":{\"@id\":\"https:\\\/\\\/www.vagadeempregorj.com.br\\\/os-cursos-mais-valorizados-pelas-empresas-em-2025-veja-se-o-seu-esta-na-lista\\\/\"},\"author\":{\"name\":\"Michele\",\"@id\":\"https:\\\/\\\/www.vagadeempregorj.com.br\\\/#\\\/schema\\\/person\\\/3ddb19fa0539706786e502152f3aae95\"},\"headline\":\"Os cursos mais valorizados pelas empresas em 2025 \u2013 veja se o seu est\u00e1 na lista!\",\"datePublished\":\"2025-02-25T09:00:00+00:00\",\"mainEntityOfPage\":{\"@id\":\"https:\\\/\\\/www.vagadeempregorj.com.br\\\/os-cursos-mais-valorizados-pelas-empresas-em-2025-veja-se-o-seu-esta-na-lista\\\/\"},\"wordCount\":1140,\"image\":{\"@id\":\"https:\\\/\\\/www.vagadeempregorj.com.br\\\/os-cursos-mais-valorizados-pelas-empresas-em-2025-veja-se-o-seu-esta-na-lista\\\/#primaryimage\"},\"thumbnailUrl\":\"https:\\\/\\\/www.vagadeempregorj.com.br\\\/wp-content\\\/uploads\\\/2025\\\/02\\\/cursos-mais-valorizados.webp\",\"articleSection\":[\"Benef\u00edcios Sociais\"],\"inLanguage\":\"fr-FR\"},{\"@type\":\"WebPage\",\"@id\":\"https:\\\/\\\/www.vagadeempregorj.com.br\\\/os-cursos-mais-valorizados-pelas-empresas-em-2025-veja-se-o-seu-esta-na-lista\\\/\",\"url\":\"https:\\\/\\\/www.vagadeempregorj.com.br\\\/os-cursos-mais-valorizados-pelas-empresas-em-2025-veja-se-o-seu-esta-na-lista\\\/\",\"name\":\"Os cursos mais valorizados pelas empresas em 2025 \u2013 veja se o seu est\u00e1 na lista! -\",\"isPartOf\":{\"@id\":\"https:\\\/\\\/www.vagadeempregorj.com.br\\\/#website\"},\"primaryImageOfPage\":{\"@id\":\"https:\\\/\\\/www.vagadeempregorj.com.br\\\/os-cursos-mais-valorizados-pelas-empresas-em-2025-veja-se-o-seu-esta-na-lista\\\/#primaryimage\"},\"image\":{\"@id\":\"https:\\\/\\\/www.vagadeempregorj.com.br\\\/os-cursos-mais-valorizados-pelas-empresas-em-2025-veja-se-o-seu-esta-na-lista\\\/#primaryimage\"},\"thumbnailUrl\":\"https:\\\/\\\/www.vagadeempregorj.com.br\\\/wp-content\\\/uploads\\\/2025\\\/02\\\/cursos-mais-valorizados.webp\",\"datePublished\":\"2025-02-25T09:00:00+00:00\",\"author\":{\"@id\":\"https:\\\/\\\/www.vagadeempregorj.com.br\\\/#\\\/schema\\\/person\\\/3ddb19fa0539706786e502152f3aae95\"},\"description\":\"Veja em Vagas de Emprego RJ as vagas de emprego com e sem experi\u00eancia no seu Estado e Regi\u00e3o!\",\"breadcrumb\":{\"@id\":\"https:\\\/\\\/www.vagadeempregorj.com.br\\\/os-cursos-mais-valorizados-pelas-empresas-em-2025-veja-se-o-seu-esta-na-lista\\\/#breadcrumb\"},\"inLanguage\":\"fr-FR\",\"potentialAction\":[{\"@type\":\"ReadAction\",\"target\":[\"https:\\\/\\\/www.vagadeempregorj.com.br\\\/os-cursos-mais-valorizados-pelas-empresas-em-2025-veja-se-o-seu-esta-na-lista\\\/\"]}]},{\"@type\":\"ImageObject\",\"inLanguage\":\"fr-FR\",\"@id\":\"https:\\\/\\\/www.vagadeempregorj.com.br\\\/os-cursos-mais-valorizados-pelas-empresas-em-2025-veja-se-o-seu-esta-na-lista\\\/#primaryimage\",\"url\":\"https:\\\/\\\/www.vagadeempregorj.com.br\\\/wp-content\\\/uploads\\\/2025\\\/02\\\/cursos-mais-valorizados.webp\",\"contentUrl\":\"https:\\\/\\\/www.vagadeempregorj.com.br\\\/wp-content\\\/uploads\\\/2025\\\/02\\\/cursos-mais-valorizados.webp\",\"width\":1792,\"height\":1024},{\"@type\":\"BreadcrumbList\",\"@id\":\"https:\\\/\\\/www.vagadeempregorj.com.br\\\/os-cursos-mais-valorizados-pelas-empresas-em-2025-veja-se-o-seu-esta-na-lista\\\/#breadcrumb\",\"itemListElement\":[{\"@type\":\"ListItem\",\"position\":1,\"name\":\"In\u00edcio\",\"item\":\"https:\\\/\\\/www.vagadeempregorj.com.br\\\/\"},{\"@type\":\"ListItem\",\"position\":2,\"name\":\"Os cursos mais valorizados pelas empresas em 2025 \u2013 veja se o seu est\u00e1 na lista!\"}]},{\"@type\":\"WebSite\",\"@id\":\"https:\\\/\\\/www.vagadeempregorj.com.br\\\/#website\",\"url\":\"https:\\\/\\\/www.vagadeempregorj.com.br\\\/\",\"name\":\"\",\"description\":\"Conquiste Sonhos: Vagas, Benef\u00edcios e Economia para Transformar Vidas e Alcan\u00e7ar Melhorias Cotidianas\",\"potentialAction\":[{\"@type\":\"SearchAction\",\"target\":{\"@type\":\"EntryPoint\",\"urlTemplate\":\"https:\\\/\\\/www.vagadeempregorj.com.br\\\/?s={search_term_string}\"},\"query-input\":{\"@type\":\"PropertyValueSpecification\",\"valueRequired\":true,\"valueName\":\"search_term_string\"}}],\"inLanguage\":\"fr-FR\"},{\"@type\":\"Person\",\"@id\":\"https:\\\/\\\/www.vagadeempregorj.com.br\\\/#\\\/schema\\\/person\\\/3ddb19fa0539706786e502152f3aae95\",\"name\":\"Michele\",\"image\":{\"@type\":\"ImageObject\",\"inLanguage\":\"fr-FR\",\"@id\":\"https:\\\/\\\/secure.gravatar.com\\\/avatar\\\/6b0eb9d22841282815e2cd856a0061c45e1761cd54b22e952d98c4746939aa85?s=96&r=g\",\"url\":\"https:\\\/\\\/secure.gravatar.com\\\/avatar\\\/6b0eb9d22841282815e2cd856a0061c45e1761cd54b22e952d98c4746939aa85?s=96&r=g\",\"contentUrl\":\"https:\\\/\\\/secure.gravatar.com\\\/avatar\\\/6b0eb9d22841282815e2cd856a0061c45e1761cd54b22e952d98c4746939aa85?s=96&r=g\",\"caption\":\"Michele\"},\"description\":\"Formada em Letras - Portugu\u00eas\\\/ Ingl\u00eas, e idealizadora do site Escritora de Sucesso, busca expandir o conhecimento de todos com informa\u00e7\u00f5es relevantes sobre diversos assuntos, enquanto redatora. No Vaga de Emprego RJ, traz oportunidades e dicas sobre o mercado de trabalho.\",\"url\":\"https:\\\/\\\/www.vagadeempregorj.com.br\\\/fr\\\/author\\\/michele\\\/\"}]}<\/script>\n<!-- \/ Yoast SEO plugin. -->","yoast_head_json":{"title":"Os cursos mais valorizados pelas empresas em 2025 \u2013 veja se o seu est\u00e1 na lista! -","description":"Veja em Vagas de Emprego RJ as vagas de emprego com e sem experi\u00eancia no seu Estado e Regi\u00e3o!","robots":{"index":"index","follow":"follow","max-snippet":"max-snippet:-1","max-image-preview":"max-image-preview:large","max-video-preview":"max-video-preview:-1"},"canonical":"https:\/\/www.vagadeempregorj.com.br\/fr\/os-cursos-mais-valorizados-pelas-empresas-em-2025-veja-se-o-seu-esta-na-lista\/","og_locale":"fr_FR","og_type":"article","og_title":"Os cursos mais valorizados pelas empresas em 2025 \u2013 veja se o seu est\u00e1 na lista! -","og_description":"Veja em Vagas de Emprego RJ as vagas de emprego com e sem experi\u00eancia no seu Estado e Regi\u00e3o!","og_url":"https:\/\/www.vagadeempregorj.com.br\/fr\/os-cursos-mais-valorizados-pelas-empresas-em-2025-veja-se-o-seu-esta-na-lista\/","article_publisher":"https:\/\/www.facebook.com\/empregobrasiloficial","article_published_time":"2025-02-25T09:00:00+00:00","og_image":[{"width":1792,"height":1024,"url":"https:\/\/www.vagadeempregorj.com.br\/wp-content\/uploads\/2025\/02\/cursos-mais-valorizados.webp","type":"image\/webp"}],"author":"Michele","twitter_card":"summary_large_image","twitter_misc":{"Written by":"Michele","Est. reading time":"6 minutes"},"schema":{"@context":"https:\/\/schema.org","@graph":[{"@type":"Article","@id":"https:\/\/www.vagadeempregorj.com.br\/os-cursos-mais-valorizados-pelas-empresas-em-2025-veja-se-o-seu-esta-na-lista\/#article","isPartOf":{"@id":"https:\/\/www.vagadeempregorj.com.br\/os-cursos-mais-valorizados-pelas-empresas-em-2025-veja-se-o-seu-esta-na-lista\/"},"author":{"name":"Michele","@id":"https:\/\/www.vagadeempregorj.com.br\/#\/schema\/person\/3ddb19fa0539706786e502152f3aae95"},"headline":"Os cursos mais valorizados pelas empresas em 2025 \u2013 veja se o seu est\u00e1 na lista!","datePublished":"2025-02-25T09:00:00+00:00","mainEntityOfPage":{"@id":"https:\/\/www.vagadeempregorj.com.br\/os-cursos-mais-valorizados-pelas-empresas-em-2025-veja-se-o-seu-esta-na-lista\/"},"wordCount":1140,"image":{"@id":"https:\/\/www.vagadeempregorj.com.br\/os-cursos-mais-valorizados-pelas-empresas-em-2025-veja-se-o-seu-esta-na-lista\/#primaryimage"},"thumbnailUrl":"https:\/\/www.vagadeempregorj.com.br\/wp-content\/uploads\/2025\/02\/cursos-mais-valorizados.webp","articleSection":["Benef\u00edcios Sociais"],"inLanguage":"fr-FR"},{"@type":"WebPage","@id":"https:\/\/www.vagadeempregorj.com.br\/os-cursos-mais-valorizados-pelas-empresas-em-2025-veja-se-o-seu-esta-na-lista\/","url":"https:\/\/www.vagadeempregorj.com.br\/os-cursos-mais-valorizados-pelas-empresas-em-2025-veja-se-o-seu-esta-na-lista\/","name":"Os cursos mais valorizados pelas empresas em 2025 \u2013 veja se o seu est\u00e1 na lista! -","isPartOf":{"@id":"https:\/\/www.vagadeempregorj.com.br\/#website"},"primaryImageOfPage":{"@id":"https:\/\/www.vagadeempregorj.com.br\/os-cursos-mais-valorizados-pelas-empresas-em-2025-veja-se-o-seu-esta-na-lista\/#primaryimage"},"image":{"@id":"https:\/\/www.vagadeempregorj.com.br\/os-cursos-mais-valorizados-pelas-empresas-em-2025-veja-se-o-seu-esta-na-lista\/#primaryimage"},"thumbnailUrl":"https:\/\/www.vagadeempregorj.com.br\/wp-content\/uploads\/2025\/02\/cursos-mais-valorizados.webp","datePublished":"2025-02-25T09:00:00+00:00","author":{"@id":"https:\/\/www.vagadeempregorj.com.br\/#\/schema\/person\/3ddb19fa0539706786e502152f3aae95"},"description":"Veja em Vagas de Emprego RJ as vagas de emprego com e sem experi\u00eancia no seu Estado e Regi\u00e3o!","breadcrumb":{"@id":"https:\/\/www.vagadeempregorj.com.br\/os-cursos-mais-valorizados-pelas-empresas-em-2025-veja-se-o-seu-esta-na-lista\/#breadcrumb"},"inLanguage":"fr-FR","potentialAction":[{"@type":"ReadAction","target":["https:\/\/www.vagadeempregorj.com.br\/os-cursos-mais-valorizados-pelas-empresas-em-2025-veja-se-o-seu-esta-na-lista\/"]}]},{"@type":"ImageObject","inLanguage":"fr-FR","@id":"https:\/\/www.vagadeempregorj.com.br\/os-cursos-mais-valorizados-pelas-empresas-em-2025-veja-se-o-seu-esta-na-lista\/#primaryimage","url":"https:\/\/www.vagadeempregorj.com.br\/wp-content\/uploads\/2025\/02\/cursos-mais-valorizados.webp","contentUrl":"https:\/\/www.vagadeempregorj.com.br\/wp-content\/uploads\/2025\/02\/cursos-mais-valorizados.webp","width":1792,"height":1024},{"@type":"BreadcrumbList","@id":"https:\/\/www.vagadeempregorj.com.br\/os-cursos-mais-valorizados-pelas-empresas-em-2025-veja-se-o-seu-esta-na-lista\/#breadcrumb","itemListElement":[{"@type":"ListItem","position":1,"name":"In\u00edcio","item":"https:\/\/www.vagadeempregorj.com.br\/"},{"@type":"ListItem","position":2,"name":"Os cursos mais valorizados pelas empresas em 2025 \u2013 veja se o seu est\u00e1 na lista!"}]},{"@type":"WebSite","@id":"https:\/\/www.vagadeempregorj.com.br\/#website","url":"https:\/\/www.vagadeempregorj.com.br\/","name":"","description":"Conquiste Sonhos: Vagas, Benef\u00edcios e Economia para Transformar Vidas e Alcan\u00e7ar Melhorias Cotidianas","potentialAction":[{"@type":"SearchAction","target":{"@type":"EntryPoint","urlTemplate":"https:\/\/www.vagadeempregorj.com.br\/?s={search_term_string}"},"query-input":{"@type":"PropertyValueSpecification","valueRequired":true,"valueName":"search_term_string"}}],"inLanguage":"fr-FR"},{"@type":"Person","@id":"https:\/\/www.vagadeempregorj.com.br\/#\/schema\/person\/3ddb19fa0539706786e502152f3aae95","name":"Michele","image":{"@type":"ImageObject","inLanguage":"fr-FR","@id":"https:\/\/secure.gravatar.com\/avatar\/6b0eb9d22841282815e2cd856a0061c45e1761cd54b22e952d98c4746939aa85?s=96&r=g","url":"https:\/\/secure.gravatar.com\/avatar\/6b0eb9d22841282815e2cd856a0061c45e1761cd54b22e952d98c4746939aa85?s=96&r=g","contentUrl":"https:\/\/secure.gravatar.com\/avatar\/6b0eb9d22841282815e2cd856a0061c45e1761cd54b22e952d98c4746939aa85?s=96&r=g","caption":"Michele"},"description":"Formada em Letras - Portugu\u00eas\/ Ingl\u00eas, e idealizadora do site Escritora de Sucesso, busca expandir o conhecimento de todos com informa\u00e7\u00f5es relevantes sobre diversos assuntos, enquanto redatora. No Vaga de Emprego RJ, traz oportunidades e dicas sobre o mercado de trabalho.","url":"https:\/\/www.vagadeempregorj.com.br\/fr\/author\/michele\/"}]}},"_links":{"self":[{"href":"https:\/\/www.vagadeempregorj.com.br\/fr\/wp-json\/wp\/v2\/posts\/42817","targetHints":{"allow":["GET"]}}],"collection":[{"href":"https:\/\/www.vagadeempregorj.com.br\/fr\/wp-json\/wp\/v2\/posts"}],"about":[{"href":"https:\/\/www.vagadeempregorj.com.br\/fr\/wp-json\/wp\/v2\/types\/post"}],"author":[{"embeddable":true,"href":"https:\/\/www.vagadeempregorj.com.br\/fr\/wp-json\/wp\/v2\/users\/16"}],"replies":[{"embeddable":true,"href":"https:\/\/www.vagadeempregorj.com.br\/fr\/wp-json\/wp\/v2\/comments?post=42817"}],"version-history":[{"count":0,"href":"https:\/\/www.vagadeempregorj.com.br\/fr\/wp-json\/wp\/v2\/posts\/42817\/revisions"}],"wp:featuredmedia":[{"embeddable":true,"href":"https:\/\/www.vagadeempregorj.com.br\/fr\/wp-json\/wp\/v2\/media\/42818"}],"wp:attachment":[{"href":"https:\/\/www.vagadeempregorj.com.br\/fr\/wp-json\/wp\/v2\/media?parent=42817"}],"wp:term":[{"taxonomy":"category","embeddable":true,"href":"https:\/\/www.vagadeempregorj.com.br\/fr\/wp-json\/wp\/v2\/categories?post=42817"},{"taxonomy":"post_tag","embeddable":true,"href":"https:\/\/www.vagadeempregorj.com.br\/fr\/wp-json\/wp\/v2\/tags?post=42817"}],"curies":[{"name":"wp","href":"https:\/\/api.w.org\/{rel}","templated":true}]}}