{"id":42901,"date":"2025-03-06T08:47:48","date_gmt":"2025-03-06T11:47:48","guid":{"rendered":"https:\/\/www.vagadeempregorj.com.br\/?p=42901"},"modified":"2025-06-15T14:46:33","modified_gmt":"2025-06-15T17:46:33","slug":"cursos-gratuitos-sesc-inscricoes-abertas","status":"publish","type":"post","link":"https:\/\/www.vagadeempregorj.com.br\/fr\/cursos-gratuitos-sesc-inscricoes-abertas\/","title":{"rendered":"Cursos Gratuitos do SESC: Inscri\u00e7\u00f5es Abertas para Corte e Costura e Culin\u00e1ria"},"content":{"rendered":"<p class=\"has-medium-font-size\">Se voc\u00ea est\u00e1 em busca de uma oportunidade para aprender uma nova profiss\u00e3o ou gerar renda extra, <strong>os cursos gratuitos do SESC podem ser a solu\u00e7\u00e3o ideal<\/strong>. <strong>Al\u00e9m disso<\/strong>, com inscri\u00e7\u00f5es abertas para aulas de corte e costura e culin\u00e1ria, o programa oferece capacita\u00e7\u00e3o profissional sem custos para quem atende aos crit\u00e9rios de renda. <strong>Portanto<\/strong>, n\u00e3o perca tempo: saiba como participar e garantir sua vaga <strong>o quanto antes<\/strong>!<\/p>\n\n\n\n<h2 class=\"wp-block-heading\">Quem Pode se Inscrever nos Cursos Gratuitos do SESC?<\/h2>\n\n\n\n<p class=\"has-medium-font-size\">O SESC prioriza candidatos que atendem a dois requisitos principais: estar credenciado na institui\u00e7\u00e3o ou ser dependente de um credenciado <strong>e<\/strong>, <strong>al\u00e9m disso<\/strong>, ter renda familiar de at\u00e9 tr\u00eas sal\u00e1rios m\u00ednimos. <strong>Caso<\/strong> as vagas n\u00e3o se preencham, o programa abre para o p\u00fablico geral, <strong>sempre<\/strong> mantendo a exig\u00eancia de renda. <strong>Por outro lado<\/strong>, para quem tem renda superior, \u00e9 poss\u00edvel participar mediante o pagamento de uma taxa.<\/p>\n\n\n\n<p class=\"has-medium-font-size\">Essa pol\u00edtica de prioriza\u00e7\u00e3o garante que pessoas em situa\u00e7\u00e3o de vulnerabilidade social tenham acesso primeiro \u00e0s vagas. No entanto, se ainda houver disponibilidade, o SESC abre as inscri\u00e7\u00f5es para todos os interessados, democratizando o acesso ao conhecimento e \u00e0 qualifica\u00e7\u00e3o.<\/p>\n\n\n\n<h2 class=\"wp-block-heading\">Cursos Oferecidos pelo SESC<\/h2>\n\n\n\n<p class=\"has-medium-font-size\">O SESC oferece cursos gratuitos com foco em capacita\u00e7\u00e3o profissional e gera\u00e7\u00e3o de renda. Confira as op\u00e7\u00f5es dispon\u00edveis!<\/p>\n\n\n\n<ol start=\"1\" class=\"wp-block-list\">\n<li class=\"has-medium-font-size\"><strong>Corte e Costura<\/strong>: Aprenda t\u00e9cnicas de modelagem, costura e acabamento para criar pe\u00e7as de roupas do zero. Ideal para quem deseja ingressar na \u00e1rea da moda ou come\u00e7ar um neg\u00f3cio pr\u00f3prio. O curso aborda desde o b\u00e1sico, como o manuseio de m\u00e1quinas de costura, at\u00e9 t\u00e9cnicas mais avan\u00e7adas, como a cria\u00e7\u00e3o de modelos personalizados.<\/li>\n\n\n\n<li><strong>Culin\u00e1ria<\/strong>: Domine t\u00e9cnicas b\u00e1sicas e avan\u00e7adas de preparo de alimentos, com foco em boas pr\u00e1ticas e receitas variadas. Perfeito para quem quer empreender no ramo gastron\u00f4mico. O curso inclui aulas sobre higiene na cozinha, preparo de pratos regionais e internacionais, e dicas para reduzir custos sem perder a qualidade.<\/li>\n<\/ol>\n\n\n\n<p class=\"has-medium-font-size\">Ambos os cursos t\u00eam previs\u00e3o de in\u00edcio em fevereiro, <strong>e<\/strong> o SESC divulgar\u00e1 em breve mais detalhes sobre hor\u00e1rios, carga hor\u00e1ria e materiais necess\u00e1rios. <strong>Al\u00e9m disso<\/strong>, as aulas s\u00e3o pr\u00e1ticas e ministradas por profissionais experientes, <strong>o que<\/strong> garante um aprendizado de qualidade.<\/p>\n\n\n\n<h2 class=\"wp-block-heading\">Como Funciona o Processo Seletivo?<\/h2>\n\n\n\n<p class=\"has-medium-font-size\">O processo seletivo para os <strong>cursos gratuitos do SESC<\/strong> \u00e9 simples e segue etapas claras:<\/p>\n\n\n\n<ol start=\"1\" class=\"wp-block-list\">\n<li class=\"has-medium-font-size\"><strong>Inscri\u00e7\u00e3o<\/strong>: Realizada online, por meio do link dispon\u00edvel no Instagram do SESC Feira de Santana, ou presencialmente na unidade. O formul\u00e1rio de inscri\u00e7\u00e3o \u00e9 intuitivo e solicita informa\u00e7\u00f5es b\u00e1sicas, como nome completo, CPF, comprovante de resid\u00eancia e renda familiar.<\/li>\n\n\n\n<li class=\"has-medium-font-size\"><strong>An\u00e1lise dos Crit\u00e9rios<\/strong>: O SESC verifica se os candidatos atendem aos requisitos de renda e credenciamento. Essa etapa \u00e9 crucial para garantir que as vagas sejam ocupadas por quem realmente precisa.<\/li>\n\n\n\n<li class=\"has-medium-font-size\"><strong>Convoca\u00e7\u00e3o dos Selecionados<\/strong>: Caso o n\u00famero de inscritos ultrapasse as vagas, a sele\u00e7\u00e3o seguir\u00e1 a ordem de prioridade estabelecida no regulamento. Os candidatos aprovados ser\u00e3o notificados por e-mail ou telefone.<\/li>\n\n\n\n<li class=\"has-medium-font-size\">Se houver disponibilidade, o programa abrir\u00e1 vagas para o p\u00fablico geral e, posteriormente, para candidatos com renda superior, mediante taxa. Essa flexibilidade permite que mais pessoas tenham acesso \u00e0 qualifica\u00e7\u00e3o profissional.<\/li>\n<\/ol>\n\n\n\n<h2 class=\"wp-block-heading\">Onde e Como se Inscrever?<\/h2>\n\n\n\n<p class=\"has-medium-font-size\">Voc\u00ea pode fazer as inscri\u00e7\u00f5es para os cursos gratuitos do SESC de duas formas:<\/p>\n\n\n\n<ul class=\"wp-block-list\">\n<li class=\"has-medium-font-size\"><strong>Online<\/strong>: Acesse o link de pr\u00e9-inscri\u00e7\u00e3o dispon\u00edvel no perfil oficial do SESC Feira de Santana no Instagram (@sescfeiradesantana). O processo \u00e9 r\u00e1pido e pode ser conclu\u00eddo em poucos minutos.<\/li>\n\n\n\n<li class=\"has-medium-font-size\"><strong>Presencialmente<\/strong>: Dirija-se \u00e0 unidade do SESC e escaneie o QR Code dispon\u00edvel para preencher o formul\u00e1rio. Caso tenha dificuldades, pe\u00e7a aux\u00edlio no setor social. A equipe do SESC est\u00e1 preparada para ajudar no que for necess\u00e1rio.<\/li>\n<\/ul>\n\n\n\n<h2 class=\"wp-block-heading\">Sobre o SESC<\/h2>\n\n\n\n<p class=\"has-medium-font-size\">O Servi\u00e7o Social do Com\u00e9rcio (SESC) \u00e9 uma institui\u00e7\u00e3o reconhecida por promover educa\u00e7\u00e3o, cultura, sa\u00fade e lazer no Brasil. <strong>Al\u00e9m disso<\/strong>, com unidades em todo o pa\u00eds, o SESC oferece projetos educacionais e cursos gratuitos que capacitam milhares de pessoas anualmente, <strong>garantindo, assim, acesso \u00e0 qualifica\u00e7\u00e3o profissional sem custos<\/strong>.<\/p>\n\n\n\n<p class=\"has-medium-font-size\"><strong>N\u00e3o apenas isso<\/strong>, o SESC tamb\u00e9m promove atividades culturais, esportivas e de sa\u00fade, <strong>contribuindo, dessa forma, para o desenvolvimento integral dos participantes<\/strong>. <strong>Por fim<\/strong>, a institui\u00e7\u00e3o, reconhecida como refer\u00eancia em inclus\u00e3o social, oferece oportunidades para pessoas de todas as idades.<\/p>\n\n\n\n<h2 class=\"wp-block-heading\">Conclus\u00e3o<\/h2>\n\n\n\n<p class=\"has-medium-font-size\">O SESC oferece cursos gratuitos que representam uma excelente oportunidade para quem deseja aprender novas habilidades, seja para ingressar no mercado de trabalho ou come\u00e7ar um neg\u00f3cio pr\u00f3prio. O programa atende a diversos interesses e necessidades, com op\u00e7\u00f5es como corte e costura e culin\u00e1ria. N\u00e3o deixe para depois: as vagas s\u00e3o limitadas e a procura \u00e9 alta. Inscreva-se agora e d\u00ea o primeiro passo rumo a uma nova carreira!<\/p>\n\n\n\n<hr class=\"wp-block-separator has-alpha-channel-opacity\"\/>\n\n\n\n<p class=\"has-medium-font-size\"><strong><a href=\"https:\/\/www.vagadeempregorj.com.br\/fr\/cursos\/\">Como se Preparar para Entrevistas de Emprego: Dicas Essenciais<\/a><\/strong><\/p>","protected":false},"excerpt":{"rendered":"<p>Se voc\u00ea est\u00e1 em busca de uma oportunidade para aprender uma nova profiss\u00e3o ou gerar renda extra, os cursos gratuitos do SESC podem ser a solu\u00e7\u00e3o ideal. Al\u00e9m disso, com inscri\u00e7\u00f5es abertas para aulas de corte e costura e culin\u00e1ria, o programa oferece capacita\u00e7\u00e3o profissional sem custos para quem atende aos crit\u00e9rios de renda. Portanto,&hellip;&nbsp;<\/p>","protected":false},"author":1,"featured_media":42902,"comment_status":"closed","ping_status":"closed","sticky":false,"template":"","format":"standard","meta":{"neve_meta_sidebar":"","neve_meta_container":"","neve_meta_enable_content_width":"","neve_meta_content_width":0,"neve_meta_title_alignment":"","neve_meta_author_avatar":"","neve_post_elements_order":"","neve_meta_disable_header":"","neve_meta_disable_footer":"","neve_meta_disable_title":"","footnotes":""},"categories":[703],"tags":[1053,1088,1090,1087,1091,1089],"class_list":["post-42901","post","type-post","status-publish","format-standard","has-post-thumbnail","hentry","category-informacao-tecnologica-e-curiosidades","tag-capacitacao-profissional","tag-corte-e-costura","tag-culinaria","tag-cursos-gratuitos-sesc","tag-geracao-de-renda","tag-inscricoes-sesc"],"yoast_head":"<!-- This site is optimized with the Yoast SEO plugin v27.5 - https:\/\/yoast.com\/product\/yoast-seo-wordpress\/ -->\n<title>Cursos Gratuitos do SESC: Inscri\u00e7\u00f5es Abertas para Corte e Costura e Culin\u00e1ria -<\/title>\n<meta name=\"description\" content=\"Aprenda corte e costura ou culin\u00e1ria com os cursos gratuitos do SESC. Inscri\u00e7\u00f5es abertas para quem busca qualifica\u00e7\u00e3o profissional e gera\u00e7\u00e3o de renda.\" \/>\n<meta name=\"robots\" content=\"index, follow, max-snippet:-1, max-image-preview:large, max-video-preview:-1\" \/>\n<link rel=\"canonical\" href=\"https:\/\/www.vagadeempregorj.com.br\/fr\/cursos-gratuitos-sesc-inscricoes-abertas\/\" \/>\n<meta property=\"og:locale\" content=\"fr_FR\" \/>\n<meta property=\"og:type\" content=\"article\" \/>\n<meta property=\"og:title\" content=\"Cursos Gratuitos do SESC: Inscri\u00e7\u00f5es Abertas para Corte e Costura e Culin\u00e1ria -\" \/>\n<meta property=\"og:description\" content=\"Aprenda corte e costura ou culin\u00e1ria com os cursos gratuitos do SESC. Inscri\u00e7\u00f5es abertas para quem busca qualifica\u00e7\u00e3o profissional e gera\u00e7\u00e3o de renda.\" \/>\n<meta property=\"og:url\" content=\"https:\/\/www.vagadeempregorj.com.br\/fr\/cursos-gratuitos-sesc-inscricoes-abertas\/\" \/>\n<meta property=\"article:publisher\" content=\"https:\/\/www.facebook.com\/empregobrasiloficial\" \/>\n<meta property=\"article:published_time\" content=\"2025-03-06T11:47:48+00:00\" \/>\n<meta property=\"article:modified_time\" content=\"2025-06-15T17:46:33+00:00\" \/>\n<meta property=\"og:image\" content=\"https:\/\/www.vagadeempregorj.com.br\/wp-content\/uploads\/2025\/03\/cursos-gratuitos-do-SESC.webp\" \/>\n\t<meta property=\"og:image:width\" content=\"1280\" \/>\n\t<meta property=\"og:image:height\" content=\"720\" \/>\n\t<meta property=\"og:image:type\" content=\"image\/webp\" \/>\n<meta name=\"author\" content=\"Ana B.\" \/>\n<meta name=\"twitter:card\" content=\"summary_large_image\" \/>\n<meta name=\"twitter:label1\" content=\"Written by\" \/>\n\t<meta name=\"twitter:data1\" content=\"Ana B.\" \/>\n\t<meta name=\"twitter:label2\" content=\"Est. reading time\" \/>\n\t<meta name=\"twitter:data2\" content=\"4 minutes\" \/>\n<script type=\"application\/ld+json\" class=\"yoast-schema-graph\">{\"@context\":\"https:\\\/\\\/schema.org\",\"@graph\":[{\"@type\":\"Article\",\"@id\":\"https:\\\/\\\/www.vagadeempregorj.com.br\\\/cursos-gratuitos-sesc-inscricoes-abertas\\\/#article\",\"isPartOf\":{\"@id\":\"https:\\\/\\\/www.vagadeempregorj.com.br\\\/cursos-gratuitos-sesc-inscricoes-abertas\\\/\"},\"author\":{\"name\":\"Ana B.\",\"@id\":\"https:\\\/\\\/www.vagadeempregorj.com.br\\\/#\\\/schema\\\/person\\\/c0c38d5d765e86c3b7c8f12fb1ae6477\"},\"headline\":\"Cursos Gratuitos do SESC: Inscri\u00e7\u00f5es Abertas para Corte e Costura e Culin\u00e1ria\",\"datePublished\":\"2025-03-06T11:47:48+00:00\",\"dateModified\":\"2025-06-15T17:46:33+00:00\",\"mainEntityOfPage\":{\"@id\":\"https:\\\/\\\/www.vagadeempregorj.com.br\\\/cursos-gratuitos-sesc-inscricoes-abertas\\\/\"},\"wordCount\":859,\"image\":{\"@id\":\"https:\\\/\\\/www.vagadeempregorj.com.br\\\/cursos-gratuitos-sesc-inscricoes-abertas\\\/#primaryimage\"},\"thumbnailUrl\":\"https:\\\/\\\/www.vagadeempregorj.com.br\\\/wp-content\\\/uploads\\\/2025\\\/03\\\/cursos-gratuitos-do-SESC.webp\",\"keywords\":[\"capacita\u00e7\u00e3o profissional\",\"corte e costura\",\"culin\u00e1ria\",\"cursos gratuitos SESC\",\"gera\u00e7\u00e3o de renda\",\"inscri\u00e7\u00f5es SESC\"],\"articleSection\":[\"Informa\u00e7\u00e3o Tecnol\u00f3gica, Curiosidades e Cursos\"],\"inLanguage\":\"fr-FR\"},{\"@type\":\"WebPage\",\"@id\":\"https:\\\/\\\/www.vagadeempregorj.com.br\\\/cursos-gratuitos-sesc-inscricoes-abertas\\\/\",\"url\":\"https:\\\/\\\/www.vagadeempregorj.com.br\\\/cursos-gratuitos-sesc-inscricoes-abertas\\\/\",\"name\":\"Cursos Gratuitos do SESC: Inscri\u00e7\u00f5es Abertas para Corte e Costura e Culin\u00e1ria -\",\"isPartOf\":{\"@id\":\"https:\\\/\\\/www.vagadeempregorj.com.br\\\/#website\"},\"primaryImageOfPage\":{\"@id\":\"https:\\\/\\\/www.vagadeempregorj.com.br\\\/cursos-gratuitos-sesc-inscricoes-abertas\\\/#primaryimage\"},\"image\":{\"@id\":\"https:\\\/\\\/www.vagadeempregorj.com.br\\\/cursos-gratuitos-sesc-inscricoes-abertas\\\/#primaryimage\"},\"thumbnailUrl\":\"https:\\\/\\\/www.vagadeempregorj.com.br\\\/wp-content\\\/uploads\\\/2025\\\/03\\\/cursos-gratuitos-do-SESC.webp\",\"datePublished\":\"2025-03-06T11:47:48+00:00\",\"dateModified\":\"2025-06-15T17:46:33+00:00\",\"author\":{\"@id\":\"https:\\\/\\\/www.vagadeempregorj.com.br\\\/#\\\/schema\\\/person\\\/c0c38d5d765e86c3b7c8f12fb1ae6477\"},\"description\":\"Aprenda corte e costura ou culin\u00e1ria com os cursos gratuitos do SESC. Inscri\u00e7\u00f5es abertas para quem busca qualifica\u00e7\u00e3o profissional e gera\u00e7\u00e3o de renda.\",\"breadcrumb\":{\"@id\":\"https:\\\/\\\/www.vagadeempregorj.com.br\\\/cursos-gratuitos-sesc-inscricoes-abertas\\\/#breadcrumb\"},\"inLanguage\":\"fr-FR\",\"potentialAction\":[{\"@type\":\"ReadAction\",\"target\":[\"https:\\\/\\\/www.vagadeempregorj.com.br\\\/cursos-gratuitos-sesc-inscricoes-abertas\\\/\"]}]},{\"@type\":\"ImageObject\",\"inLanguage\":\"fr-FR\",\"@id\":\"https:\\\/\\\/www.vagadeempregorj.com.br\\\/cursos-gratuitos-sesc-inscricoes-abertas\\\/#primaryimage\",\"url\":\"https:\\\/\\\/www.vagadeempregorj.com.br\\\/wp-content\\\/uploads\\\/2025\\\/03\\\/cursos-gratuitos-do-SESC.webp\",\"contentUrl\":\"https:\\\/\\\/www.vagadeempregorj.com.br\\\/wp-content\\\/uploads\\\/2025\\\/03\\\/cursos-gratuitos-do-SESC.webp\",\"width\":1280,\"height\":720,\"caption\":\"cursos gratuitos do SESC\"},{\"@type\":\"BreadcrumbList\",\"@id\":\"https:\\\/\\\/www.vagadeempregorj.com.br\\\/cursos-gratuitos-sesc-inscricoes-abertas\\\/#breadcrumb\",\"itemListElement\":[{\"@type\":\"ListItem\",\"position\":1,\"name\":\"In\u00edcio\",\"item\":\"https:\\\/\\\/www.vagadeempregorj.com.br\\\/\"},{\"@type\":\"ListItem\",\"position\":2,\"name\":\"Cursos Gratuitos do SESC: Inscri\u00e7\u00f5es Abertas para Corte e Costura e Culin\u00e1ria\"}]},{\"@type\":\"WebSite\",\"@id\":\"https:\\\/\\\/www.vagadeempregorj.com.br\\\/#website\",\"url\":\"https:\\\/\\\/www.vagadeempregorj.com.br\\\/\",\"name\":\"\",\"description\":\"Conquiste Sonhos: Vagas, Benef\u00edcios e Economia para Transformar Vidas e Alcan\u00e7ar Melhorias Cotidianas\",\"potentialAction\":[{\"@type\":\"SearchAction\",\"target\":{\"@type\":\"EntryPoint\",\"urlTemplate\":\"https:\\\/\\\/www.vagadeempregorj.com.br\\\/?s={search_term_string}\"},\"query-input\":{\"@type\":\"PropertyValueSpecification\",\"valueRequired\":true,\"valueName\":\"search_term_string\"}}],\"inLanguage\":\"fr-FR\"},{\"@type\":\"Person\",\"@id\":\"https:\\\/\\\/www.vagadeempregorj.com.br\\\/#\\\/schema\\\/person\\\/c0c38d5d765e86c3b7c8f12fb1ae6477\",\"name\":\"Ana B.\",\"image\":{\"@type\":\"ImageObject\",\"inLanguage\":\"fr-FR\",\"@id\":\"https:\\\/\\\/secure.gravatar.com\\\/avatar\\\/f5efa58599e07f8dd92f26c7cfbc442fd115582bc681245452e503c2ef2334f3?s=96&r=g\",\"url\":\"https:\\\/\\\/secure.gravatar.com\\\/avatar\\\/f5efa58599e07f8dd92f26c7cfbc442fd115582bc681245452e503c2ef2334f3?s=96&r=g\",\"contentUrl\":\"https:\\\/\\\/secure.gravatar.com\\\/avatar\\\/f5efa58599e07f8dd92f26c7cfbc442fd115582bc681245452e503c2ef2334f3?s=96&r=g\",\"caption\":\"Ana B.\"},\"description\":\"Meu nome \u00e9 Ana e sou apaixonada em escrever. Dedico meu tempo escrevendo not\u00edcias e vagas de emprego diariamente no portal Vaga de Emprego RJ.\",\"url\":\"https:\\\/\\\/www.vagadeempregorj.com.br\\\/fr\\\/author\\\/vgrj\\\/\"}]}<\/script>\n<!-- \/ Yoast SEO plugin. -->","yoast_head_json":{"title":"Cursos Gratuitos do SESC: Inscri\u00e7\u00f5es Abertas para Corte e Costura e Culin\u00e1ria -","description":"Aprenda corte e costura ou culin\u00e1ria com os cursos gratuitos do SESC. Inscri\u00e7\u00f5es abertas para quem busca qualifica\u00e7\u00e3o profissional e gera\u00e7\u00e3o de renda.","robots":{"index":"index","follow":"follow","max-snippet":"max-snippet:-1","max-image-preview":"max-image-preview:large","max-video-preview":"max-video-preview:-1"},"canonical":"https:\/\/www.vagadeempregorj.com.br\/fr\/cursos-gratuitos-sesc-inscricoes-abertas\/","og_locale":"fr_FR","og_type":"article","og_title":"Cursos Gratuitos do SESC: Inscri\u00e7\u00f5es Abertas para Corte e Costura e Culin\u00e1ria -","og_description":"Aprenda corte e costura ou culin\u00e1ria com os cursos gratuitos do SESC. Inscri\u00e7\u00f5es abertas para quem busca qualifica\u00e7\u00e3o profissional e gera\u00e7\u00e3o de renda.","og_url":"https:\/\/www.vagadeempregorj.com.br\/fr\/cursos-gratuitos-sesc-inscricoes-abertas\/","article_publisher":"https:\/\/www.facebook.com\/empregobrasiloficial","article_published_time":"2025-03-06T11:47:48+00:00","article_modified_time":"2025-06-15T17:46:33+00:00","og_image":[{"width":1280,"height":720,"url":"https:\/\/www.vagadeempregorj.com.br\/wp-content\/uploads\/2025\/03\/cursos-gratuitos-do-SESC.webp","type":"image\/webp"}],"author":"Ana B.","twitter_card":"summary_large_image","twitter_misc":{"Written by":"Ana B.","Est. reading time":"4 minutes"},"schema":{"@context":"https:\/\/schema.org","@graph":[{"@type":"Article","@id":"https:\/\/www.vagadeempregorj.com.br\/cursos-gratuitos-sesc-inscricoes-abertas\/#article","isPartOf":{"@id":"https:\/\/www.vagadeempregorj.com.br\/cursos-gratuitos-sesc-inscricoes-abertas\/"},"author":{"name":"Ana B.","@id":"https:\/\/www.vagadeempregorj.com.br\/#\/schema\/person\/c0c38d5d765e86c3b7c8f12fb1ae6477"},"headline":"Cursos Gratuitos do SESC: Inscri\u00e7\u00f5es Abertas para Corte e Costura e Culin\u00e1ria","datePublished":"2025-03-06T11:47:48+00:00","dateModified":"2025-06-15T17:46:33+00:00","mainEntityOfPage":{"@id":"https:\/\/www.vagadeempregorj.com.br\/cursos-gratuitos-sesc-inscricoes-abertas\/"},"wordCount":859,"image":{"@id":"https:\/\/www.vagadeempregorj.com.br\/cursos-gratuitos-sesc-inscricoes-abertas\/#primaryimage"},"thumbnailUrl":"https:\/\/www.vagadeempregorj.com.br\/wp-content\/uploads\/2025\/03\/cursos-gratuitos-do-SESC.webp","keywords":["capacita\u00e7\u00e3o profissional","corte e costura","culin\u00e1ria","cursos gratuitos SESC","gera\u00e7\u00e3o de renda","inscri\u00e7\u00f5es SESC"],"articleSection":["Informa\u00e7\u00e3o Tecnol\u00f3gica, Curiosidades e Cursos"],"inLanguage":"fr-FR"},{"@type":"WebPage","@id":"https:\/\/www.vagadeempregorj.com.br\/cursos-gratuitos-sesc-inscricoes-abertas\/","url":"https:\/\/www.vagadeempregorj.com.br\/cursos-gratuitos-sesc-inscricoes-abertas\/","name":"Cursos Gratuitos do SESC: Inscri\u00e7\u00f5es Abertas para Corte e Costura e Culin\u00e1ria -","isPartOf":{"@id":"https:\/\/www.vagadeempregorj.com.br\/#website"},"primaryImageOfPage":{"@id":"https:\/\/www.vagadeempregorj.com.br\/cursos-gratuitos-sesc-inscricoes-abertas\/#primaryimage"},"image":{"@id":"https:\/\/www.vagadeempregorj.com.br\/cursos-gratuitos-sesc-inscricoes-abertas\/#primaryimage"},"thumbnailUrl":"https:\/\/www.vagadeempregorj.com.br\/wp-content\/uploads\/2025\/03\/cursos-gratuitos-do-SESC.webp","datePublished":"2025-03-06T11:47:48+00:00","dateModified":"2025-06-15T17:46:33+00:00","author":{"@id":"https:\/\/www.vagadeempregorj.com.br\/#\/schema\/person\/c0c38d5d765e86c3b7c8f12fb1ae6477"},"description":"Aprenda corte e costura ou culin\u00e1ria com os cursos gratuitos do SESC. Inscri\u00e7\u00f5es abertas para quem busca qualifica\u00e7\u00e3o profissional e gera\u00e7\u00e3o de renda.","breadcrumb":{"@id":"https:\/\/www.vagadeempregorj.com.br\/cursos-gratuitos-sesc-inscricoes-abertas\/#breadcrumb"},"inLanguage":"fr-FR","potentialAction":[{"@type":"ReadAction","target":["https:\/\/www.vagadeempregorj.com.br\/cursos-gratuitos-sesc-inscricoes-abertas\/"]}]},{"@type":"ImageObject","inLanguage":"fr-FR","@id":"https:\/\/www.vagadeempregorj.com.br\/cursos-gratuitos-sesc-inscricoes-abertas\/#primaryimage","url":"https:\/\/www.vagadeempregorj.com.br\/wp-content\/uploads\/2025\/03\/cursos-gratuitos-do-SESC.webp","contentUrl":"https:\/\/www.vagadeempregorj.com.br\/wp-content\/uploads\/2025\/03\/cursos-gratuitos-do-SESC.webp","width":1280,"height":720,"caption":"cursos gratuitos do SESC"},{"@type":"BreadcrumbList","@id":"https:\/\/www.vagadeempregorj.com.br\/cursos-gratuitos-sesc-inscricoes-abertas\/#breadcrumb","itemListElement":[{"@type":"ListItem","position":1,"name":"In\u00edcio","item":"https:\/\/www.vagadeempregorj.com.br\/"},{"@type":"ListItem","position":2,"name":"Cursos Gratuitos do SESC: Inscri\u00e7\u00f5es Abertas para Corte e Costura e Culin\u00e1ria"}]},{"@type":"WebSite","@id":"https:\/\/www.vagadeempregorj.com.br\/#website","url":"https:\/\/www.vagadeempregorj.com.br\/","name":"","description":"Conquiste Sonhos: Vagas, Benef\u00edcios e Economia para Transformar Vidas e Alcan\u00e7ar Melhorias Cotidianas","potentialAction":[{"@type":"SearchAction","target":{"@type":"EntryPoint","urlTemplate":"https:\/\/www.vagadeempregorj.com.br\/?s={search_term_string}"},"query-input":{"@type":"PropertyValueSpecification","valueRequired":true,"valueName":"search_term_string"}}],"inLanguage":"fr-FR"},{"@type":"Person","@id":"https:\/\/www.vagadeempregorj.com.br\/#\/schema\/person\/c0c38d5d765e86c3b7c8f12fb1ae6477","name":"Ana B.","image":{"@type":"ImageObject","inLanguage":"fr-FR","@id":"https:\/\/secure.gravatar.com\/avatar\/f5efa58599e07f8dd92f26c7cfbc442fd115582bc681245452e503c2ef2334f3?s=96&r=g","url":"https:\/\/secure.gravatar.com\/avatar\/f5efa58599e07f8dd92f26c7cfbc442fd115582bc681245452e503c2ef2334f3?s=96&r=g","contentUrl":"https:\/\/secure.gravatar.com\/avatar\/f5efa58599e07f8dd92f26c7cfbc442fd115582bc681245452e503c2ef2334f3?s=96&r=g","caption":"Ana B."},"description":"Meu nome \u00e9 Ana e sou apaixonada em escrever. Dedico meu tempo escrevendo not\u00edcias e vagas de emprego diariamente no portal Vaga de Emprego RJ.","url":"https:\/\/www.vagadeempregorj.com.br\/fr\/author\/vgrj\/"}]}},"_links":{"self":[{"href":"https:\/\/www.vagadeempregorj.com.br\/fr\/wp-json\/wp\/v2\/posts\/42901","targetHints":{"allow":["GET"]}}],"collection":[{"href":"https:\/\/www.vagadeempregorj.com.br\/fr\/wp-json\/wp\/v2\/posts"}],"about":[{"href":"https:\/\/www.vagadeempregorj.com.br\/fr\/wp-json\/wp\/v2\/types\/post"}],"author":[{"embeddable":true,"href":"https:\/\/www.vagadeempregorj.com.br\/fr\/wp-json\/wp\/v2\/users\/1"}],"replies":[{"embeddable":true,"href":"https:\/\/www.vagadeempregorj.com.br\/fr\/wp-json\/wp\/v2\/comments?post=42901"}],"version-history":[{"count":1,"href":"https:\/\/www.vagadeempregorj.com.br\/fr\/wp-json\/wp\/v2\/posts\/42901\/revisions"}],"predecessor-version":[{"id":43595,"href":"https:\/\/www.vagadeempregorj.com.br\/fr\/wp-json\/wp\/v2\/posts\/42901\/revisions\/43595"}],"wp:featuredmedia":[{"embeddable":true,"href":"https:\/\/www.vagadeempregorj.com.br\/fr\/wp-json\/wp\/v2\/media\/42902"}],"wp:attachment":[{"href":"https:\/\/www.vagadeempregorj.com.br\/fr\/wp-json\/wp\/v2\/media?parent=42901"}],"wp:term":[{"taxonomy":"category","embeddable":true,"href":"https:\/\/www.vagadeempregorj.com.br\/fr\/wp-json\/wp\/v2\/categories?post=42901"},{"taxonomy":"post_tag","embeddable":true,"href":"https:\/\/www.vagadeempregorj.com.br\/fr\/wp-json\/wp\/v2\/tags?post=42901"}],"curies":[{"name":"wp","href":"https:\/\/api.w.org\/{rel}","templated":true}]}}