{"id":42905,"date":"2025-03-07T08:45:16","date_gmt":"2025-03-07T11:45:16","guid":{"rendered":"https:\/\/www.vagadeempregorj.com.br\/?p=42905"},"modified":"2025-06-15T14:46:33","modified_gmt":"2025-06-15T17:46:33","slug":"cursos-tecnicos-gratuitos-ceep-hercules-maymone","status":"publish","type":"post","link":"https:\/\/www.vagadeempregorj.com.br\/fr\/cursos-tecnicos-gratuitos-ceep-hercules-maymone\/","title":{"rendered":"Cursos T\u00e9cnicos Gratuitos em Administra\u00e7\u00e3o e Com\u00e9rcio no CEEP H\u00e9rcules Maymone"},"content":{"rendered":"<p class=\"has-medium-font-size\">O CEEP (Centro Estadual de Educa\u00e7\u00e3o Profissional) H\u00e9rcules Maymone est\u00e1 oferecendo uma oportunidade \u00fanica para quem busca <strong>cursos t\u00e9cnicos gratuitos<\/strong> em Administra\u00e7\u00e3o e Com\u00e9rcio. <strong>Al\u00e9m disso<\/strong>, com aulas semipresenciais e foco na inser\u00e7\u00e3o no mercado de trabalho, esses cursos s\u00e3o ideais para quem deseja se qualificar sem custos e com flexibilidade. <strong>Por isso<\/strong>, as inscri\u00e7\u00f5es est\u00e3o abertas at\u00e9 16 de mar\u00e7o, e as aulas come\u00e7am no dia 26. <strong>Portanto<\/strong>, n\u00e3o perca essa chance de impulsionar sua carreira!<\/p>\n\n\n\n<h2 class=\"wp-block-heading\">Benef\u00edcios dos Cursos T\u00e9cnicos Gratuitos no CEEP H\u00e9rcules Maymone<\/h2>\n\n\n\n<p class=\"has-medium-font-size\">Os <strong>cursos t\u00e9cnicos gratuitos<\/strong> oferecidos pelo CEEP H\u00e9rcules Maymone s\u00e3o uma excelente oportunidade para quem busca qualifica\u00e7\u00e3o profissional sem custos. Com aulas semipresenciais, os estudantes t\u00eam flexibilidade para conciliar estudos e outras atividades. Al\u00e9m disso, a forma\u00e7\u00e3o t\u00e9cnica abre portas para o mercado de trabalho, com habilidades pr\u00e1ticas e atualizadas.<\/p>\n\n\n\n<p class=\"has-medium-font-size\">A modalidade semipresencial \u00e9 um dos grandes diferenciais desses cursos. Com 40% da carga hor\u00e1ria realizada a dist\u00e2ncia, os alunos podem estudar no seu pr\u00f3prio ritmo, enquanto os encontros presenciais garantem a troca de experi\u00eancias e o aprofundamento dos conhecimentos. Essa combina\u00e7\u00e3o \u00e9 ideal para quem precisa conciliar estudos com trabalho ou outras responsabilidades.<\/p>\n\n\n\n<h2 class=\"wp-block-heading\">Curso T\u00e9cnico em Com\u00e9rcio: Prepare-se para o Mercado<\/h2>\n\n\n\n<p class=\"has-medium-font-size\">O curso t\u00e9cnico em Com\u00e9rcio \u00e9 ideal para quem deseja atuar no setor varejista. Durante o curso, os alunos aprendem a definir estrat\u00e9gias de vendas, organizar estoques e acompanhar tend\u00eancias de mercado. Com tr\u00eas encontros presenciais semanais, o curso combina teoria e pr\u00e1tica, preparando os estudantes para desafios reais.<\/p>\n\n\n\n<p class=\"has-medium-font-size\">Al\u00e9m disso, o curso aborda temas como gest\u00e3o de estoques, atendimento ao cliente e elabora\u00e7\u00e3o de relat\u00f3rios gerenciais. Essas habilidades s\u00e3o essenciais para quem deseja se destacar no mercado de trabalho. Ao final do curso, os alunos recebem a titula\u00e7\u00e3o de t\u00e9cnico em Com\u00e9rcio, o que aumenta suas chances de empregabilidade.<\/p>\n\n\n\n<h2 class=\"wp-block-heading\">Curso T\u00e9cnico em Administra\u00e7\u00e3o: Versatilidade e Oportunidades<\/h2>\n\n\n\n<p class=\"has-medium-font-size\">J\u00e1 o curso t\u00e9cnico em Administra\u00e7\u00e3o oferece uma forma\u00e7\u00e3o ampla, preparando os alunos para atuar em diversas \u00e1reas empresariais. Desde a elabora\u00e7\u00e3o de relat\u00f3rios gerenciais at\u00e9 o atendimento ao cliente, o curso \u00e9 focado em situa\u00e7\u00f5es do dia a dia profissional. A modalidade semipresencial facilita o aprendizado e a aplica\u00e7\u00e3o dos conhecimentos.<\/p>\n\n\n\n<p>Uma das vantagens desse curso \u00e9 a versatilidade. Os formados podem atuar em setores como recursos humanos, finan\u00e7as, log\u00edstica e marketing. Al\u00e9m disso, o curso t\u00e9cnico em Administra\u00e7\u00e3o \u00e9 uma excelente op\u00e7\u00e3o para quem deseja ingressar rapidamente no mercado de trabalho ou at\u00e9 mesmo empreender.<\/p>\n\n\n\n<h2 class=\"wp-block-heading\">Como se Inscrever nos Cursos T\u00e9cnicos Gratuitos<\/h2>\n\n\n\n<p class=\"has-medium-font-size\"><strong>As inscri\u00e7\u00f5es para os cursos t\u00e9cnicos gratuitos est\u00e3o abertas at\u00e9 16 de mar\u00e7o no portal da Secretaria Estadual de Educa\u00e7\u00e3o (SED).<\/strong> A institui\u00e7\u00e3o divulgar\u00e1 a designa\u00e7\u00e3o das vagas no dia 19, e os alunos dever\u00e3o confirmar a matr\u00edcula entre 19 e 25 de mar\u00e7o. As aulas come\u00e7am no dia 26, com encontros presenciais no per\u00edodo noturno.<\/p>\n\n\n\n<p class=\"has-medium-font-size\">Para se inscrever, \u00e9 necess\u00e1rio ter o ensino m\u00e9dio completo. O processo \u00e9 simples e pode ser realizado online, garantindo praticidade e agilidade. Ap\u00f3s a confirma\u00e7\u00e3o da matr\u00edcula, os alunos recebem todas as informa\u00e7\u00f5es necess\u00e1rias para come\u00e7ar as aulas.<\/p>\n\n\n\n<h2 class=\"wp-block-heading\">Por que Escolher o CEEP H\u00e9rcules Maymone?<\/h2>\n\n\n\n<p class=\"has-medium-font-size\">O CEEP H\u00e9rcules Maymone \u00e9 reconhecido pela qualidade de seus cursos e pela infraestrutura adequada para o ensino t\u00e9cnico. Al\u00e9m disso, os <strong>cursos t\u00e9cnicos gratuitos<\/strong> s\u00e3o uma forma de democratizar o acesso \u00e0 educa\u00e7\u00e3o profissional, contribuindo para a redu\u00e7\u00e3o das desigualdades sociais e econ\u00f4micas.<\/p>\n\n\n\n<p class=\"has-medium-font-size\">A institui\u00e7\u00e3o conta com professores qualificados e uma metodologia de ensino que prioriza a pr\u00e1tica e a aplica\u00e7\u00e3o dos conhecimentos no mercado de trabalho. Isso garante que os alunos estejam preparados para enfrentar os desafios profissionais desde o primeiro dia de trabalho.<\/p>\n\n\n\n<h2 class=\"wp-block-heading\">Conclus\u00e3o<\/h2>\n\n\n\n<p class=\"has-medium-font-size\">Os <strong>cursos t\u00e9cnicos gratuitos<\/strong> em Administra\u00e7\u00e3o e Com\u00e9rcio oferecidos pelo CEEP H\u00e9rcules Maymone s\u00e3o uma excelente oportunidade para quem busca qualifica\u00e7\u00e3o profissional e inser\u00e7\u00e3o no mercado de trabalho. Com aulas semipresenciais, conte\u00fado pr\u00e1tico e foco nas demandas atuais, esses cursos representam um passo importante para o desenvolvimento de carreira.<\/p>\n\n\n\n<p class=\"has-medium-font-size\">Al\u00e9m disso, a flexibilidade da modalidade semipresencial permite que os alunos conciliem estudos com outras atividades, como trabalho ou cuidados familiares. A forma\u00e7\u00e3o t\u00e9cnica oferecida pelo CEEP H\u00e9rcules Maymone \u00e9 reconhecida no mercado, aumentando as chances de empregabilidade e sucesso profissional.<\/p>\n\n\n\n<p class=\"has-medium-font-size\">Inscreva-se at\u00e9 16 de mar\u00e7o e aproveite essa chance de transformar sua carreira!<\/p>\n\n\n\n<hr class=\"wp-block-separator has-alpha-channel-opacity\"\/>\n\n\n\n<p class=\"has-medium-font-size\"><a href=\"https:\/\/www.vagadeempregorj.com.br\/fr\/cursos\/\">Como se preparar para o mercado de trabalho com cursos t\u00e9cnicos<\/a><\/p>","protected":false},"excerpt":{"rendered":"<p>O CEEP (Centro Estadual de Educa\u00e7\u00e3o Profissional) H\u00e9rcules Maymone est\u00e1 oferecendo uma oportunidade \u00fanica para quem busca cursos t\u00e9cnicos gratuitos em Administra\u00e7\u00e3o e Com\u00e9rcio. Al\u00e9m disso, com aulas semipresenciais e foco na inser\u00e7\u00e3o no mercado de trabalho, esses cursos s\u00e3o ideais para quem deseja se qualificar sem custos e com flexibilidade. Por isso, as inscri\u00e7\u00f5es&hellip;&nbsp;<\/p>","protected":false},"author":1,"featured_media":42906,"comment_status":"closed","ping_status":"closed","sticky":false,"template":"","format":"standard","meta":{"neve_meta_sidebar":"","neve_meta_container":"","neve_meta_enable_content_width":"","neve_meta_content_width":0,"neve_meta_title_alignment":"","neve_meta_author_avatar":"","neve_post_elements_order":"","neve_meta_disable_header":"","neve_meta_disable_footer":"","neve_meta_disable_title":"","footnotes":""},"categories":[703],"tags":[1097,1093,1092,1096,941,883],"class_list":["post-42905","post","type-post","status-publish","format-standard","has-post-thumbnail","hentry","category-informacao-tecnologica-e-curiosidades","tag-administracao-e-comercio","tag-aulas-semipresenciais","tag-ceep-hercules-maymone","tag-cursos-tecnicos-gratuitos","tag-mercado-de-trabalho","tag-qualificacao-profissional"],"yoast_head":"<!-- This site is optimized with the Yoast SEO plugin v27.5 - https:\/\/yoast.com\/product\/yoast-seo-wordpress\/ -->\n<title>Cursos T\u00e9cnicos Gratuitos em Administra\u00e7\u00e3o e Com\u00e9rcio no CEEP H\u00e9rcules Maymone -<\/title>\n<meta name=\"description\" content=\"Cursos t\u00e9cnicos gratuitos em Administra\u00e7\u00e3o e Com\u00e9rcio no CEEP H\u00e9rcules Maymone. Aulas semipresenciais. Inscreva-se at\u00e9 16\/03!\" \/>\n<meta name=\"robots\" content=\"index, follow, max-snippet:-1, max-image-preview:large, max-video-preview:-1\" \/>\n<link rel=\"canonical\" href=\"https:\/\/www.vagadeempregorj.com.br\/fr\/cursos-tecnicos-gratuitos-ceep-hercules-maymone\/\" \/>\n<meta property=\"og:locale\" content=\"fr_FR\" \/>\n<meta property=\"og:type\" content=\"article\" \/>\n<meta property=\"og:title\" content=\"Cursos T\u00e9cnicos Gratuitos em Administra\u00e7\u00e3o e Com\u00e9rcio no CEEP H\u00e9rcules Maymone -\" \/>\n<meta property=\"og:description\" content=\"Cursos t\u00e9cnicos gratuitos em Administra\u00e7\u00e3o e Com\u00e9rcio no CEEP H\u00e9rcules Maymone. Aulas semipresenciais. Inscreva-se at\u00e9 16\/03!\" \/>\n<meta property=\"og:url\" content=\"https:\/\/www.vagadeempregorj.com.br\/fr\/cursos-tecnicos-gratuitos-ceep-hercules-maymone\/\" \/>\n<meta property=\"article:publisher\" content=\"https:\/\/www.facebook.com\/empregobrasiloficial\" \/>\n<meta property=\"article:published_time\" content=\"2025-03-07T11:45:16+00:00\" \/>\n<meta property=\"article:modified_time\" content=\"2025-06-15T17:46:33+00:00\" \/>\n<meta property=\"og:image\" content=\"https:\/\/www.vagadeempregorj.com.br\/wp-content\/uploads\/2025\/03\/32isxdddhxkwc.webp\" \/>\n\t<meta property=\"og:image:width\" content=\"1024\" \/>\n\t<meta property=\"og:image:height\" content=\"734\" \/>\n\t<meta property=\"og:image:type\" content=\"image\/webp\" \/>\n<meta name=\"author\" content=\"Ana B.\" \/>\n<meta name=\"twitter:card\" content=\"summary_large_image\" \/>\n<meta name=\"twitter:label1\" content=\"Written by\" \/>\n\t<meta name=\"twitter:data1\" content=\"Ana B.\" \/>\n\t<meta name=\"twitter:label2\" content=\"Est. reading time\" \/>\n\t<meta name=\"twitter:data2\" content=\"4 minutes\" \/>\n<script type=\"application\/ld+json\" class=\"yoast-schema-graph\">{\"@context\":\"https:\\\/\\\/schema.org\",\"@graph\":[{\"@type\":\"Article\",\"@id\":\"https:\\\/\\\/www.vagadeempregorj.com.br\\\/cursos-tecnicos-gratuitos-ceep-hercules-maymone\\\/#article\",\"isPartOf\":{\"@id\":\"https:\\\/\\\/www.vagadeempregorj.com.br\\\/cursos-tecnicos-gratuitos-ceep-hercules-maymone\\\/\"},\"author\":{\"name\":\"Ana B.\",\"@id\":\"https:\\\/\\\/www.vagadeempregorj.com.br\\\/#\\\/schema\\\/person\\\/c0c38d5d765e86c3b7c8f12fb1ae6477\"},\"headline\":\"Cursos T\u00e9cnicos Gratuitos em Administra\u00e7\u00e3o e Com\u00e9rcio no CEEP H\u00e9rcules Maymone\",\"datePublished\":\"2025-03-07T11:45:16+00:00\",\"dateModified\":\"2025-06-15T17:46:33+00:00\",\"mainEntityOfPage\":{\"@id\":\"https:\\\/\\\/www.vagadeempregorj.com.br\\\/cursos-tecnicos-gratuitos-ceep-hercules-maymone\\\/\"},\"wordCount\":817,\"image\":{\"@id\":\"https:\\\/\\\/www.vagadeempregorj.com.br\\\/cursos-tecnicos-gratuitos-ceep-hercules-maymone\\\/#primaryimage\"},\"thumbnailUrl\":\"https:\\\/\\\/www.vagadeempregorj.com.br\\\/wp-content\\\/uploads\\\/2025\\\/03\\\/32isxdddhxkwc.webp\",\"keywords\":[\"Administra\u00e7\u00e3o e Com\u00e9rcio\",\"aulas semipresenciais\",\"CEEP H\u00e9rcules Maymone\",\"cursos t\u00e9cnicos gratuitos\",\"mercado de trabalho\",\"qualifica\u00e7\u00e3o profissional\"],\"articleSection\":[\"Informa\u00e7\u00e3o Tecnol\u00f3gica, Curiosidades e Cursos\"],\"inLanguage\":\"fr-FR\"},{\"@type\":\"WebPage\",\"@id\":\"https:\\\/\\\/www.vagadeempregorj.com.br\\\/cursos-tecnicos-gratuitos-ceep-hercules-maymone\\\/\",\"url\":\"https:\\\/\\\/www.vagadeempregorj.com.br\\\/cursos-tecnicos-gratuitos-ceep-hercules-maymone\\\/\",\"name\":\"Cursos T\u00e9cnicos Gratuitos em Administra\u00e7\u00e3o e Com\u00e9rcio no CEEP H\u00e9rcules Maymone -\",\"isPartOf\":{\"@id\":\"https:\\\/\\\/www.vagadeempregorj.com.br\\\/#website\"},\"primaryImageOfPage\":{\"@id\":\"https:\\\/\\\/www.vagadeempregorj.com.br\\\/cursos-tecnicos-gratuitos-ceep-hercules-maymone\\\/#primaryimage\"},\"image\":{\"@id\":\"https:\\\/\\\/www.vagadeempregorj.com.br\\\/cursos-tecnicos-gratuitos-ceep-hercules-maymone\\\/#primaryimage\"},\"thumbnailUrl\":\"https:\\\/\\\/www.vagadeempregorj.com.br\\\/wp-content\\\/uploads\\\/2025\\\/03\\\/32isxdddhxkwc.webp\",\"datePublished\":\"2025-03-07T11:45:16+00:00\",\"dateModified\":\"2025-06-15T17:46:33+00:00\",\"author\":{\"@id\":\"https:\\\/\\\/www.vagadeempregorj.com.br\\\/#\\\/schema\\\/person\\\/c0c38d5d765e86c3b7c8f12fb1ae6477\"},\"description\":\"Cursos t\u00e9cnicos gratuitos em Administra\u00e7\u00e3o e Com\u00e9rcio no CEEP H\u00e9rcules Maymone. Aulas semipresenciais. Inscreva-se at\u00e9 16\\\/03!\",\"breadcrumb\":{\"@id\":\"https:\\\/\\\/www.vagadeempregorj.com.br\\\/cursos-tecnicos-gratuitos-ceep-hercules-maymone\\\/#breadcrumb\"},\"inLanguage\":\"fr-FR\",\"potentialAction\":[{\"@type\":\"ReadAction\",\"target\":[\"https:\\\/\\\/www.vagadeempregorj.com.br\\\/cursos-tecnicos-gratuitos-ceep-hercules-maymone\\\/\"]}]},{\"@type\":\"ImageObject\",\"inLanguage\":\"fr-FR\",\"@id\":\"https:\\\/\\\/www.vagadeempregorj.com.br\\\/cursos-tecnicos-gratuitos-ceep-hercules-maymone\\\/#primaryimage\",\"url\":\"https:\\\/\\\/www.vagadeempregorj.com.br\\\/wp-content\\\/uploads\\\/2025\\\/03\\\/32isxdddhxkwc.webp\",\"contentUrl\":\"https:\\\/\\\/www.vagadeempregorj.com.br\\\/wp-content\\\/uploads\\\/2025\\\/03\\\/32isxdddhxkwc.webp\",\"width\":1024,\"height\":734,\"caption\":\"Cursos t\u00e9cnicos gratuitos\"},{\"@type\":\"BreadcrumbList\",\"@id\":\"https:\\\/\\\/www.vagadeempregorj.com.br\\\/cursos-tecnicos-gratuitos-ceep-hercules-maymone\\\/#breadcrumb\",\"itemListElement\":[{\"@type\":\"ListItem\",\"position\":1,\"name\":\"In\u00edcio\",\"item\":\"https:\\\/\\\/www.vagadeempregorj.com.br\\\/\"},{\"@type\":\"ListItem\",\"position\":2,\"name\":\"Cursos T\u00e9cnicos Gratuitos em Administra\u00e7\u00e3o e Com\u00e9rcio no CEEP H\u00e9rcules Maymone\"}]},{\"@type\":\"WebSite\",\"@id\":\"https:\\\/\\\/www.vagadeempregorj.com.br\\\/#website\",\"url\":\"https:\\\/\\\/www.vagadeempregorj.com.br\\\/\",\"name\":\"\",\"description\":\"Conquiste Sonhos: Vagas, Benef\u00edcios e Economia para Transformar Vidas e Alcan\u00e7ar Melhorias Cotidianas\",\"potentialAction\":[{\"@type\":\"SearchAction\",\"target\":{\"@type\":\"EntryPoint\",\"urlTemplate\":\"https:\\\/\\\/www.vagadeempregorj.com.br\\\/?s={search_term_string}\"},\"query-input\":{\"@type\":\"PropertyValueSpecification\",\"valueRequired\":true,\"valueName\":\"search_term_string\"}}],\"inLanguage\":\"fr-FR\"},{\"@type\":\"Person\",\"@id\":\"https:\\\/\\\/www.vagadeempregorj.com.br\\\/#\\\/schema\\\/person\\\/c0c38d5d765e86c3b7c8f12fb1ae6477\",\"name\":\"Ana B.\",\"image\":{\"@type\":\"ImageObject\",\"inLanguage\":\"fr-FR\",\"@id\":\"https:\\\/\\\/secure.gravatar.com\\\/avatar\\\/f5efa58599e07f8dd92f26c7cfbc442fd115582bc681245452e503c2ef2334f3?s=96&r=g\",\"url\":\"https:\\\/\\\/secure.gravatar.com\\\/avatar\\\/f5efa58599e07f8dd92f26c7cfbc442fd115582bc681245452e503c2ef2334f3?s=96&r=g\",\"contentUrl\":\"https:\\\/\\\/secure.gravatar.com\\\/avatar\\\/f5efa58599e07f8dd92f26c7cfbc442fd115582bc681245452e503c2ef2334f3?s=96&r=g\",\"caption\":\"Ana B.\"},\"description\":\"Meu nome \u00e9 Ana e sou apaixonada em escrever. Dedico meu tempo escrevendo not\u00edcias e vagas de emprego diariamente no portal Vaga de Emprego RJ.\",\"url\":\"https:\\\/\\\/www.vagadeempregorj.com.br\\\/fr\\\/author\\\/vgrj\\\/\"}]}<\/script>\n<!-- \/ Yoast SEO plugin. -->","yoast_head_json":{"title":"Cursos T\u00e9cnicos Gratuitos em Administra\u00e7\u00e3o e Com\u00e9rcio no CEEP H\u00e9rcules Maymone -","description":"Cursos t\u00e9cnicos gratuitos em Administra\u00e7\u00e3o e Com\u00e9rcio no CEEP H\u00e9rcules Maymone. Aulas semipresenciais. Inscreva-se at\u00e9 16\/03!","robots":{"index":"index","follow":"follow","max-snippet":"max-snippet:-1","max-image-preview":"max-image-preview:large","max-video-preview":"max-video-preview:-1"},"canonical":"https:\/\/www.vagadeempregorj.com.br\/fr\/cursos-tecnicos-gratuitos-ceep-hercules-maymone\/","og_locale":"fr_FR","og_type":"article","og_title":"Cursos T\u00e9cnicos Gratuitos em Administra\u00e7\u00e3o e Com\u00e9rcio no CEEP H\u00e9rcules Maymone -","og_description":"Cursos t\u00e9cnicos gratuitos em Administra\u00e7\u00e3o e Com\u00e9rcio no CEEP H\u00e9rcules Maymone. Aulas semipresenciais. Inscreva-se at\u00e9 16\/03!","og_url":"https:\/\/www.vagadeempregorj.com.br\/fr\/cursos-tecnicos-gratuitos-ceep-hercules-maymone\/","article_publisher":"https:\/\/www.facebook.com\/empregobrasiloficial","article_published_time":"2025-03-07T11:45:16+00:00","article_modified_time":"2025-06-15T17:46:33+00:00","og_image":[{"width":1024,"height":734,"url":"https:\/\/www.vagadeempregorj.com.br\/wp-content\/uploads\/2025\/03\/32isxdddhxkwc.webp","type":"image\/webp"}],"author":"Ana B.","twitter_card":"summary_large_image","twitter_misc":{"Written by":"Ana B.","Est. reading time":"4 minutes"},"schema":{"@context":"https:\/\/schema.org","@graph":[{"@type":"Article","@id":"https:\/\/www.vagadeempregorj.com.br\/cursos-tecnicos-gratuitos-ceep-hercules-maymone\/#article","isPartOf":{"@id":"https:\/\/www.vagadeempregorj.com.br\/cursos-tecnicos-gratuitos-ceep-hercules-maymone\/"},"author":{"name":"Ana B.","@id":"https:\/\/www.vagadeempregorj.com.br\/#\/schema\/person\/c0c38d5d765e86c3b7c8f12fb1ae6477"},"headline":"Cursos T\u00e9cnicos Gratuitos em Administra\u00e7\u00e3o e Com\u00e9rcio no CEEP H\u00e9rcules Maymone","datePublished":"2025-03-07T11:45:16+00:00","dateModified":"2025-06-15T17:46:33+00:00","mainEntityOfPage":{"@id":"https:\/\/www.vagadeempregorj.com.br\/cursos-tecnicos-gratuitos-ceep-hercules-maymone\/"},"wordCount":817,"image":{"@id":"https:\/\/www.vagadeempregorj.com.br\/cursos-tecnicos-gratuitos-ceep-hercules-maymone\/#primaryimage"},"thumbnailUrl":"https:\/\/www.vagadeempregorj.com.br\/wp-content\/uploads\/2025\/03\/32isxdddhxkwc.webp","keywords":["Administra\u00e7\u00e3o e Com\u00e9rcio","aulas semipresenciais","CEEP H\u00e9rcules Maymone","cursos t\u00e9cnicos gratuitos","mercado de trabalho","qualifica\u00e7\u00e3o profissional"],"articleSection":["Informa\u00e7\u00e3o Tecnol\u00f3gica, Curiosidades e Cursos"],"inLanguage":"fr-FR"},{"@type":"WebPage","@id":"https:\/\/www.vagadeempregorj.com.br\/cursos-tecnicos-gratuitos-ceep-hercules-maymone\/","url":"https:\/\/www.vagadeempregorj.com.br\/cursos-tecnicos-gratuitos-ceep-hercules-maymone\/","name":"Cursos T\u00e9cnicos Gratuitos em Administra\u00e7\u00e3o e Com\u00e9rcio no CEEP H\u00e9rcules Maymone -","isPartOf":{"@id":"https:\/\/www.vagadeempregorj.com.br\/#website"},"primaryImageOfPage":{"@id":"https:\/\/www.vagadeempregorj.com.br\/cursos-tecnicos-gratuitos-ceep-hercules-maymone\/#primaryimage"},"image":{"@id":"https:\/\/www.vagadeempregorj.com.br\/cursos-tecnicos-gratuitos-ceep-hercules-maymone\/#primaryimage"},"thumbnailUrl":"https:\/\/www.vagadeempregorj.com.br\/wp-content\/uploads\/2025\/03\/32isxdddhxkwc.webp","datePublished":"2025-03-07T11:45:16+00:00","dateModified":"2025-06-15T17:46:33+00:00","author":{"@id":"https:\/\/www.vagadeempregorj.com.br\/#\/schema\/person\/c0c38d5d765e86c3b7c8f12fb1ae6477"},"description":"Cursos t\u00e9cnicos gratuitos em Administra\u00e7\u00e3o e Com\u00e9rcio no CEEP H\u00e9rcules Maymone. Aulas semipresenciais. Inscreva-se at\u00e9 16\/03!","breadcrumb":{"@id":"https:\/\/www.vagadeempregorj.com.br\/cursos-tecnicos-gratuitos-ceep-hercules-maymone\/#breadcrumb"},"inLanguage":"fr-FR","potentialAction":[{"@type":"ReadAction","target":["https:\/\/www.vagadeempregorj.com.br\/cursos-tecnicos-gratuitos-ceep-hercules-maymone\/"]}]},{"@type":"ImageObject","inLanguage":"fr-FR","@id":"https:\/\/www.vagadeempregorj.com.br\/cursos-tecnicos-gratuitos-ceep-hercules-maymone\/#primaryimage","url":"https:\/\/www.vagadeempregorj.com.br\/wp-content\/uploads\/2025\/03\/32isxdddhxkwc.webp","contentUrl":"https:\/\/www.vagadeempregorj.com.br\/wp-content\/uploads\/2025\/03\/32isxdddhxkwc.webp","width":1024,"height":734,"caption":"Cursos t\u00e9cnicos gratuitos"},{"@type":"BreadcrumbList","@id":"https:\/\/www.vagadeempregorj.com.br\/cursos-tecnicos-gratuitos-ceep-hercules-maymone\/#breadcrumb","itemListElement":[{"@type":"ListItem","position":1,"name":"In\u00edcio","item":"https:\/\/www.vagadeempregorj.com.br\/"},{"@type":"ListItem","position":2,"name":"Cursos T\u00e9cnicos Gratuitos em Administra\u00e7\u00e3o e Com\u00e9rcio no CEEP H\u00e9rcules Maymone"}]},{"@type":"WebSite","@id":"https:\/\/www.vagadeempregorj.com.br\/#website","url":"https:\/\/www.vagadeempregorj.com.br\/","name":"","description":"Conquiste Sonhos: Vagas, Benef\u00edcios e Economia para Transformar Vidas e Alcan\u00e7ar Melhorias Cotidianas","potentialAction":[{"@type":"SearchAction","target":{"@type":"EntryPoint","urlTemplate":"https:\/\/www.vagadeempregorj.com.br\/?s={search_term_string}"},"query-input":{"@type":"PropertyValueSpecification","valueRequired":true,"valueName":"search_term_string"}}],"inLanguage":"fr-FR"},{"@type":"Person","@id":"https:\/\/www.vagadeempregorj.com.br\/#\/schema\/person\/c0c38d5d765e86c3b7c8f12fb1ae6477","name":"Ana B.","image":{"@type":"ImageObject","inLanguage":"fr-FR","@id":"https:\/\/secure.gravatar.com\/avatar\/f5efa58599e07f8dd92f26c7cfbc442fd115582bc681245452e503c2ef2334f3?s=96&r=g","url":"https:\/\/secure.gravatar.com\/avatar\/f5efa58599e07f8dd92f26c7cfbc442fd115582bc681245452e503c2ef2334f3?s=96&r=g","contentUrl":"https:\/\/secure.gravatar.com\/avatar\/f5efa58599e07f8dd92f26c7cfbc442fd115582bc681245452e503c2ef2334f3?s=96&r=g","caption":"Ana B."},"description":"Meu nome \u00e9 Ana e sou apaixonada em escrever. Dedico meu tempo escrevendo not\u00edcias e vagas de emprego diariamente no portal Vaga de Emprego RJ.","url":"https:\/\/www.vagadeempregorj.com.br\/fr\/author\/vgrj\/"}]}},"_links":{"self":[{"href":"https:\/\/www.vagadeempregorj.com.br\/fr\/wp-json\/wp\/v2\/posts\/42905","targetHints":{"allow":["GET"]}}],"collection":[{"href":"https:\/\/www.vagadeempregorj.com.br\/fr\/wp-json\/wp\/v2\/posts"}],"about":[{"href":"https:\/\/www.vagadeempregorj.com.br\/fr\/wp-json\/wp\/v2\/types\/post"}],"author":[{"embeddable":true,"href":"https:\/\/www.vagadeempregorj.com.br\/fr\/wp-json\/wp\/v2\/users\/1"}],"replies":[{"embeddable":true,"href":"https:\/\/www.vagadeempregorj.com.br\/fr\/wp-json\/wp\/v2\/comments?post=42905"}],"version-history":[{"count":1,"href":"https:\/\/www.vagadeempregorj.com.br\/fr\/wp-json\/wp\/v2\/posts\/42905\/revisions"}],"predecessor-version":[{"id":43594,"href":"https:\/\/www.vagadeempregorj.com.br\/fr\/wp-json\/wp\/v2\/posts\/42905\/revisions\/43594"}],"wp:featuredmedia":[{"embeddable":true,"href":"https:\/\/www.vagadeempregorj.com.br\/fr\/wp-json\/wp\/v2\/media\/42906"}],"wp:attachment":[{"href":"https:\/\/www.vagadeempregorj.com.br\/fr\/wp-json\/wp\/v2\/media?parent=42905"}],"wp:term":[{"taxonomy":"category","embeddable":true,"href":"https:\/\/www.vagadeempregorj.com.br\/fr\/wp-json\/wp\/v2\/categories?post=42905"},{"taxonomy":"post_tag","embeddable":true,"href":"https:\/\/www.vagadeempregorj.com.br\/fr\/wp-json\/wp\/v2\/tags?post=42905"}],"curies":[{"name":"wp","href":"https:\/\/api.w.org\/{rel}","templated":true}]}}