{"id":42955,"date":"2025-04-07T06:00:00","date_gmt":"2025-04-07T09:00:00","guid":{"rendered":"https:\/\/www.vagadeempregorj.com.br\/?p=42955"},"modified":"2025-03-24T00:35:40","modified_gmt":"2025-03-24T03:35:40","slug":"cyberseguranca-por-que-esta-profissao-se-tornou-prioridade","status":"publish","type":"post","link":"https:\/\/www.vagadeempregorj.com.br\/fr\/cyberseguranca-por-que-esta-profissao-se-tornou-prioridade\/","title":{"rendered":"Cyberseguran\u00e7a: por que esta profiss\u00e3o se tornou prioridade"},"content":{"rendered":"<p>Ataques digitais, vazamento de dados, golpes virtuais, espionagem corporativa&#8230; Em 2025, <strong>a seguran\u00e7a online virou uma das maiores preocupa\u00e7\u00f5es de empresas, governos e usu\u00e1rios comuns<\/strong>. E por tr\u00e1s de toda essa prote\u00e7\u00e3o est\u00e1 uma profiss\u00e3o que se tornou essencial: <strong>o especialista em cyberseguran\u00e7a<\/strong>.<\/p>\n\n\n\n<p>Se antes esse era um campo restrito e pouco falado, hoje \u00e9 <strong>uma das \u00e1reas mais valorizadas da tecnologia<\/strong>. As empresas entenderam que n\u00e3o adianta crescer, investir em sistemas modernos ou digitalizar processos se a seguran\u00e7a n\u00e3o acompanhar.<\/p>\n\n\n\n<p>Mas o que faz exatamente um profissional de cyberseguran\u00e7a? Por que essa carreira est\u00e1 em alta? E como come\u00e7ar nessa \u00e1rea?<\/p>\n\n\n\n<p>A seguir, a gente responde tudo isso de forma direta \u2014 e mostra por que <strong>essa profiss\u00e3o virou prioridade no Brasil e no mundo.<\/strong><\/p>\n\n\n\n<figure class=\"wp-block-image size-large\"><img loading=\"lazy\" decoding=\"async\" width=\"1024\" height=\"585\" src=\"https:\/\/www.vagadeempregorj.com.br\/wp-content\/uploads\/2025\/03\/Cyberseguranca-1-1024x585.webp\" alt=\"\" class=\"wp-image-42957\" srcset=\"https:\/\/www.vagadeempregorj.com.br\/wp-content\/uploads\/2025\/03\/Cyberseguranca-1-1024x585.webp 1024w, https:\/\/www.vagadeempregorj.com.br\/wp-content\/uploads\/2025\/03\/Cyberseguranca-1-300x171.webp 300w, https:\/\/www.vagadeempregorj.com.br\/wp-content\/uploads\/2025\/03\/Cyberseguranca-1-768x439.webp 768w, https:\/\/www.vagadeempregorj.com.br\/wp-content\/uploads\/2025\/03\/Cyberseguranca-1-1536x878.webp 1536w, https:\/\/www.vagadeempregorj.com.br\/wp-content\/uploads\/2025\/03\/Cyberseguranca-1-150x86.webp 150w, https:\/\/www.vagadeempregorj.com.br\/wp-content\/uploads\/2025\/03\/Cyberseguranca-1.webp 1792w\" sizes=\"auto, (max-width: 1024px) 100vw, 1024px\" \/><\/figure>\n\n\n\n<h2 class=\"wp-block-heading\">O que \u00e9 cyberseguran\u00e7a?<\/h2>\n\n\n\n<p>Cyberseguran\u00e7a \u00e9 o conjunto de pr\u00e1ticas, t\u00e9cnicas e ferramentas que protegem sistemas, redes, dispositivos e dados contra ataques, acessos n\u00e3o autorizados, vazamentos e fraudes.<\/p>\n\n\n\n<p>Ela atua em v\u00e1rias frentes, como:<\/p>\n\n\n\n<ul class=\"wp-block-list\">\n<li>Prote\u00e7\u00e3o de dados pessoais e corporativos<\/li>\n\n\n\n<li>Preven\u00e7\u00e3o de invas\u00f5es e sequestros digitais (ransomware)<\/li>\n\n\n\n<li>Monitoramento de amea\u00e7as em tempo real<\/li>\n\n\n\n<li>Resposta a incidentes e falhas de seguran\u00e7a<\/li>\n\n\n\n<li>Educa\u00e7\u00e3o de usu\u00e1rios para evitar erros comuns<\/li>\n<\/ul>\n\n\n\n<p>Ou seja, o foco \u00e9 <strong>garantir que tudo o que acontece no ambiente digital esteja protegido contra riscos \u2014 externos ou internos.<\/strong><\/p>\n\n\n\n<h2 class=\"wp-block-heading\">Por que a profiss\u00e3o virou prioridade?<\/h2>\n\n\n\n<p>1# <strong>Aumento dos ataques cibern\u00e9ticos<\/strong><\/p>\n\n\n\n<p>Nos \u00faltimos anos, o n\u00famero de ataques aumentou de forma absurda. E n\u00e3o estamos falando s\u00f3 de grandes empresas. Pequenos neg\u00f3cios, escolas, cl\u00ednicas e at\u00e9 pessoas f\u00edsicas t\u00eam sido alvos de hackers e golpistas digitais.<\/p>\n\n\n\n<p>E quanto mais conectados estamos, <strong>maior a superf\u00edcie de ataque<\/strong>. Cada app, cada dispositivo, cada banco de dados pode ser uma porta de entrada se n\u00e3o estiver protegido.<\/p>\n\n\n\n<p>2# <strong>Digitaliza\u00e7\u00e3o acelerada<\/strong><\/p>\n\n\n\n<p>Empresas que ainda eram 100% presenciais migraram para o digital em poucos meses. Mas essa transforma\u00e7\u00e3o nem sempre veio acompanhada de uma estrutura segura.<\/p>\n\n\n\n<p>Com isso, cresceu a necessidade de profissionais que <strong>blindem a opera\u00e7\u00e3o digital<\/strong>.<\/p>\n\n\n\n<p>3# <strong>Novas leis de prote\u00e7\u00e3o de dados<\/strong><\/p>\n\n\n\n<p>A LGPD (Lei Geral de Prote\u00e7\u00e3o de Dados) no Brasil, e leis similares no mundo todo, criaram <strong>obriga\u00e7\u00f5es legais para empresas cuidarem dos dados que coletam<\/strong>. Quem n\u00e3o se adequa, pode ser multado \u2014 ou at\u00e9 interditado.<\/p>\n\n\n\n<p>Empresas precisam de especialistas para garantir conformidade, auditar processos e prevenir falhas.<\/p>\n\n\n\n<p>4# <strong>Maior conscientiza\u00e7\u00e3o do p\u00fablico<\/strong><\/p>\n\n\n\n<p>Hoje, o cliente comum j\u00e1 pergunta: \u201cMeus dados est\u00e3o protegidos?\u201d<br>E com raz\u00e3o. Ningu\u00e9m quer seu CPF, n\u00famero de cart\u00e3o ou senha vazando por a\u00ed.<\/p>\n\n\n\n<p>Por isso, investir em cyberseguran\u00e7a <strong>virou tamb\u00e9m uma quest\u00e3o de reputa\u00e7\u00e3o para as marcas<\/strong>.<\/p>\n\n\n\n<h2 class=\"wp-block-heading\">O que faz um profissional de cyberseguran\u00e7a?<\/h2>\n\n\n\n<p>Depende da \u00e1rea de atua\u00e7\u00e3o. Mas, em geral, ele \u00e9 respons\u00e1vel por:<\/p>\n\n\n\n<ul class=\"wp-block-list\">\n<li>Analisar vulnerabilidades de sistemas e redes<\/li>\n\n\n\n<li>Implementar solu\u00e7\u00f5es de seguran\u00e7a digital<\/li>\n\n\n\n<li>Investigar e responder a incidentes<\/li>\n\n\n\n<li>Monitorar acessos e atividades suspeitas<\/li>\n\n\n\n<li>Criar pol\u00edticas internas de prote\u00e7\u00e3o<\/li>\n\n\n\n<li>Testar a seguran\u00e7a com simula\u00e7\u00f5es de ataque (pentest)<\/li>\n\n\n\n<li>Treinar colaboradores para uso seguro de ferramentas<\/li>\n<\/ul>\n\n\n\n<p>\u00c9 um trabalho que mistura <strong>tecnologia, estrat\u00e9gia e an\u00e1lise de comportamento<\/strong>. E que exige aten\u00e7\u00e3o constante, j\u00e1 que as amea\u00e7as mudam o tempo todo.<\/p>\n\n\n\n<h2 class=\"wp-block-heading\">Quais s\u00e3o os principais cargos da \u00e1rea?<\/h2>\n\n\n\n<p>1# <strong>Analista de Seguran\u00e7a da Informa\u00e7\u00e3o<\/strong><br>Respons\u00e1vel por monitorar, identificar e corrigir falhas no sistema.<\/p>\n\n\n\n<p>2# <strong>Especialista em Pentest (teste de invas\u00e3o)<\/strong><br>Simula ataques para encontrar brechas antes que um invasor real descubra.<\/p>\n\n\n\n<p>3# <strong>Consultor de Compliance Digital<\/strong><br>Ajuda empresas a seguirem normas como LGPD, GDPR e outras regras internacionais.<\/p>\n\n\n\n<p>4# <strong>Engenheiro de Seguran\u00e7a de Redes<\/strong><br>Cria e mant\u00e9m infraestruturas seguras para proteger o tr\u00e1fego de dados.<\/p>\n\n\n\n<p>5# <strong>Responder de Incidentes (Incident Responder)<\/strong><br>Atua na linha de frente quando um ataque acontece.<\/p>\n\n\n\n<p>6# <strong>Cyber Threat Intelligence Analyst<\/strong><br>Estuda comportamentos de hackers e antecipa poss\u00edveis amea\u00e7as futuras.<\/p>\n\n\n\n<h2 class=\"wp-block-heading\">O mercado est\u00e1 mesmo aquecido?<\/h2>\n\n\n\n<p>Sim \u2014 e <strong>h\u00e1 muito mais vagas do que profissionais dispon\u00edveis<\/strong>.<\/p>\n\n\n\n<p>Segundo dados recentes da ISACA (organiza\u00e7\u00e3o global de seguran\u00e7a da informa\u00e7\u00e3o), mais de 60% das empresas enfrentam dificuldade para contratar especialistas qualificados em cyberseguran\u00e7a.<\/p>\n\n\n\n<p>E a tend\u00eancia \u00e9 que isso piore, j\u00e1 que:<\/p>\n\n\n\n<ul class=\"wp-block-list\">\n<li>A demanda aumenta todos os anos<\/li>\n\n\n\n<li>Os ataques ficam mais sofisticados<\/li>\n\n\n\n<li>As exig\u00eancias legais se tornam mais r\u00edgidas<\/li>\n<\/ul>\n\n\n\n<p>Ou seja, quem entrar agora na \u00e1rea ter\u00e1 <strong>muito espa\u00e7o para crescer, bons sal\u00e1rios e estabilidade profissional.<\/strong><\/p>\n\n\n\n<h2 class=\"wp-block-heading\">Quais s\u00e3o os sal\u00e1rios?<\/h2>\n\n\n\n<p>Os valores variam por regi\u00e3o, tipo de empresa e n\u00edvel de experi\u00eancia. Mas, em m\u00e9dia:<\/p>\n\n\n\n<ul class=\"wp-block-list\">\n<li><strong>J\u00fanior<\/strong>: R$ 3.500 a R$ 6.000<\/li>\n\n\n\n<li><strong>Pleno<\/strong>: R$ 6.500 a R$ 10.000<\/li>\n\n\n\n<li><strong>S\u00eanior<\/strong>: R$ 11.000 a R$ 20.000<\/li>\n\n\n\n<li><strong>Especialistas contratados por empresas internacionais<\/strong> (remoto): de US$ 3.000 a US$ 8.000 por m\u00eas<\/li>\n<\/ul>\n\n\n\n<p>Al\u00e9m do sal\u00e1rio, \u00e9 comum ter b\u00f4nus, participa\u00e7\u00e3o nos lucros e acesso a cursos pagos pela empresa.<\/p>\n\n\n\n<h2 class=\"wp-block-heading\">Precisa de faculdade?<\/h2>\n\n\n\n<p>N\u00e3o necessariamente. Embora a gradua\u00e7\u00e3o ajude, o mais importante na \u00e1rea \u00e9:<\/p>\n\n\n\n<ul class=\"wp-block-list\">\n<li>Ter <strong>certifica\u00e7\u00f5es reconhecidas<\/strong> (como CompTIA Security+, CEH, CISSP, etc.)<\/li>\n\n\n\n<li>Conhecer redes, sistemas operacionais e protocolos de seguran\u00e7a<\/li>\n\n\n\n<li>Saber programar (mesmo que b\u00e1sico)<\/li>\n\n\n\n<li>Estudar o tempo todo<\/li>\n\n\n\n<li>Ter \u00e9tica, responsabilidade e postura profissional<\/li>\n<\/ul>\n\n\n\n<p>Hoje, <strong>muitos profissionais s\u00e3o autodidatas<\/strong>, vindos de outras \u00e1reas de TI ou at\u00e9 mesmo iniciantes que mergulharam nos estudos e conseguiram boas oportunidades.<\/p>\n\n\n\n<h2 class=\"wp-block-heading\">Como come\u00e7ar na \u00e1rea?<\/h2>\n\n\n\n<p>Se voc\u00ea quer entrar no mundo da cyberseguran\u00e7a, pode seguir esse caminho:<\/p>\n\n\n\n<p>1# Aprenda o b\u00e1sico de redes, Linux, sistemas operacionais<br>2# Estude sobre protocolos, VPN, firewall, criptografia<br>3# Fa\u00e7a cursos introdut\u00f3rios gratuitos ou baratos (Udemy, YouTube, Alura)<br>4# Busque certifica\u00e7\u00f5es iniciais (como CompTIA Security+)<br>5# Participe de comunidades, f\u00f3runs, grupos de estudo<br>6# Crie um laborat\u00f3rio em casa para praticar<br>7# Aplique para vagas j\u00fanior, mesmo que ainda esteja aprendendo<\/p>\n\n\n\n<p>O mais importante \u00e9 <strong>come\u00e7ar, ser consistente e mostrar interesse real pela \u00e1rea<\/strong>.<\/p>\n\n\n\n<h2 class=\"wp-block-heading\">E o futuro da profiss\u00e3o?<\/h2>\n\n\n\n<p>A tend\u00eancia \u00e9 clara: <strong>cada vez mais empresas precisar\u00e3o de profissionais de seguran\u00e7a digital<\/strong>.<\/p>\n\n\n\n<p>Com o avan\u00e7o da intelig\u00eancia artificial, internet das coisas, 5G e dados em nuvem, <strong>novos tipos de amea\u00e7as v\u00e3o surgir<\/strong> \u2014 e a demanda por especialistas s\u00f3 vai crescer.<\/p>\n\n\n\n<p>Em pouco tempo, pode ser comum ver profissionais de cyberseguran\u00e7a atuando em \u00e1reas como:<\/p>\n\n\n\n<ul class=\"wp-block-list\">\n<li>Carros conectados<\/li>\n\n\n\n<li>Casas inteligentes<\/li>\n\n\n\n<li>Dispositivos m\u00e9dicos<\/li>\n\n\n\n<li>Intelig\u00eancia artificial aplicada a seguran\u00e7a<\/li>\n\n\n\n<li>Defesa cibern\u00e9tica nacional<\/li>\n<\/ul>\n\n\n\n<p>\u00c9 uma profiss\u00e3o com <strong>vis\u00e3o de futuro, prop\u00f3sito real e espa\u00e7o para inova\u00e7\u00e3o<\/strong>.<\/p>\n\n\n\n<p><strong>Veja tamb\u00e9m: <a href=\"https:\/\/www.vagadeempregorj.com.br\/fr\/chatbot-gratuito-para-whatsapp-o-que-e-e-como-usar\/\">Chatbot gratuito para WhatsApp: o que \u00e9 e como usar<\/a><\/strong><\/p>\n\n\n\n<p>7 de abril de 2025<\/p>","protected":false},"excerpt":{"rendered":"<p>Ataques digitais, vazamento de dados, golpes virtuais, espionagem corporativa&#8230; Em 2025, a seguran\u00e7a online virou uma das maiores preocupa\u00e7\u00f5es de empresas, governos e usu\u00e1rios comuns. E por tr\u00e1s de toda essa prote\u00e7\u00e3o est\u00e1 uma profiss\u00e3o que se tornou essencial: o especialista em cyberseguran\u00e7a. Se antes esse era um campo restrito e pouco falado, hoje \u00e9&hellip;&nbsp;<\/p>","protected":false},"author":16,"featured_media":42956,"comment_status":"closed","ping_status":"closed","sticky":false,"template":"","format":"standard","meta":{"neve_meta_sidebar":"","neve_meta_container":"","neve_meta_enable_content_width":"","neve_meta_content_width":0,"neve_meta_title_alignment":"","neve_meta_author_avatar":"","neve_post_elements_order":"","neve_meta_disable_header":"","neve_meta_disable_footer":"","neve_meta_disable_title":"","footnotes":""},"categories":[703],"tags":[],"class_list":["post-42955","post","type-post","status-publish","format-standard","has-post-thumbnail","hentry","category-informacao-tecnologica-e-curiosidades"],"yoast_head":"<!-- This site is optimized with the Yoast SEO plugin v27.5 - https:\/\/yoast.com\/product\/yoast-seo-wordpress\/ -->\n<title>Cyberseguran\u00e7a: por que esta profiss\u00e3o se tornou prioridade -<\/title>\n<meta name=\"description\" content=\"Veja em Vagas de Emprego RJ as vagas de emprego com e sem experi\u00eancia no seu Estado e Regi\u00e3o!\" \/>\n<meta name=\"robots\" content=\"index, follow, max-snippet:-1, max-image-preview:large, max-video-preview:-1\" \/>\n<link rel=\"canonical\" href=\"https:\/\/www.vagadeempregorj.com.br\/fr\/cyberseguranca-por-que-esta-profissao-se-tornou-prioridade\/\" \/>\n<meta property=\"og:locale\" content=\"fr_FR\" \/>\n<meta property=\"og:type\" content=\"article\" \/>\n<meta property=\"og:title\" content=\"Cyberseguran\u00e7a: por que esta profiss\u00e3o se tornou prioridade -\" \/>\n<meta property=\"og:description\" content=\"Veja em Vagas de Emprego RJ as vagas de emprego com e sem experi\u00eancia no seu Estado e Regi\u00e3o!\" \/>\n<meta property=\"og:url\" content=\"https:\/\/www.vagadeempregorj.com.br\/fr\/cyberseguranca-por-que-esta-profissao-se-tornou-prioridade\/\" \/>\n<meta property=\"article:publisher\" content=\"https:\/\/www.facebook.com\/empregobrasiloficial\" \/>\n<meta property=\"article:published_time\" content=\"2025-04-07T09:00:00+00:00\" \/>\n<meta property=\"og:image\" content=\"https:\/\/www.vagadeempregorj.com.br\/wp-content\/uploads\/2025\/03\/Cyberseguranca.webp\" \/>\n\t<meta property=\"og:image:width\" content=\"1792\" \/>\n\t<meta property=\"og:image:height\" content=\"1024\" \/>\n\t<meta property=\"og:image:type\" content=\"image\/webp\" \/>\n<meta name=\"author\" content=\"Michele\" \/>\n<meta name=\"twitter:card\" content=\"summary_large_image\" \/>\n<meta name=\"twitter:label1\" content=\"Written by\" \/>\n\t<meta name=\"twitter:data1\" content=\"Michele\" \/>\n\t<meta name=\"twitter:label2\" content=\"Est. reading time\" \/>\n\t<meta name=\"twitter:data2\" content=\"6 minutes\" \/>\n<script type=\"application\/ld+json\" class=\"yoast-schema-graph\">{\"@context\":\"https:\\\/\\\/schema.org\",\"@graph\":[{\"@type\":\"Article\",\"@id\":\"https:\\\/\\\/www.vagadeempregorj.com.br\\\/cyberseguranca-por-que-esta-profissao-se-tornou-prioridade\\\/#article\",\"isPartOf\":{\"@id\":\"https:\\\/\\\/www.vagadeempregorj.com.br\\\/cyberseguranca-por-que-esta-profissao-se-tornou-prioridade\\\/\"},\"author\":{\"name\":\"Michele\",\"@id\":\"https:\\\/\\\/www.vagadeempregorj.com.br\\\/#\\\/schema\\\/person\\\/3ddb19fa0539706786e502152f3aae95\"},\"headline\":\"Cyberseguran\u00e7a: por que esta profiss\u00e3o se tornou prioridade\",\"datePublished\":\"2025-04-07T09:00:00+00:00\",\"mainEntityOfPage\":{\"@id\":\"https:\\\/\\\/www.vagadeempregorj.com.br\\\/cyberseguranca-por-que-esta-profissao-se-tornou-prioridade\\\/\"},\"wordCount\":1128,\"image\":{\"@id\":\"https:\\\/\\\/www.vagadeempregorj.com.br\\\/cyberseguranca-por-que-esta-profissao-se-tornou-prioridade\\\/#primaryimage\"},\"thumbnailUrl\":\"https:\\\/\\\/www.vagadeempregorj.com.br\\\/wp-content\\\/uploads\\\/2025\\\/03\\\/Cyberseguranca.webp\",\"articleSection\":[\"Informa\u00e7\u00e3o Tecnol\u00f3gica, Curiosidades e Cursos\"],\"inLanguage\":\"fr-FR\"},{\"@type\":\"WebPage\",\"@id\":\"https:\\\/\\\/www.vagadeempregorj.com.br\\\/cyberseguranca-por-que-esta-profissao-se-tornou-prioridade\\\/\",\"url\":\"https:\\\/\\\/www.vagadeempregorj.com.br\\\/cyberseguranca-por-que-esta-profissao-se-tornou-prioridade\\\/\",\"name\":\"Cyberseguran\u00e7a: por que esta profiss\u00e3o se tornou prioridade -\",\"isPartOf\":{\"@id\":\"https:\\\/\\\/www.vagadeempregorj.com.br\\\/#website\"},\"primaryImageOfPage\":{\"@id\":\"https:\\\/\\\/www.vagadeempregorj.com.br\\\/cyberseguranca-por-que-esta-profissao-se-tornou-prioridade\\\/#primaryimage\"},\"image\":{\"@id\":\"https:\\\/\\\/www.vagadeempregorj.com.br\\\/cyberseguranca-por-que-esta-profissao-se-tornou-prioridade\\\/#primaryimage\"},\"thumbnailUrl\":\"https:\\\/\\\/www.vagadeempregorj.com.br\\\/wp-content\\\/uploads\\\/2025\\\/03\\\/Cyberseguranca.webp\",\"datePublished\":\"2025-04-07T09:00:00+00:00\",\"author\":{\"@id\":\"https:\\\/\\\/www.vagadeempregorj.com.br\\\/#\\\/schema\\\/person\\\/3ddb19fa0539706786e502152f3aae95\"},\"description\":\"Veja em Vagas de Emprego RJ as vagas de emprego com e sem experi\u00eancia no seu Estado e Regi\u00e3o!\",\"breadcrumb\":{\"@id\":\"https:\\\/\\\/www.vagadeempregorj.com.br\\\/cyberseguranca-por-que-esta-profissao-se-tornou-prioridade\\\/#breadcrumb\"},\"inLanguage\":\"fr-FR\",\"potentialAction\":[{\"@type\":\"ReadAction\",\"target\":[\"https:\\\/\\\/www.vagadeempregorj.com.br\\\/cyberseguranca-por-que-esta-profissao-se-tornou-prioridade\\\/\"]}]},{\"@type\":\"ImageObject\",\"inLanguage\":\"fr-FR\",\"@id\":\"https:\\\/\\\/www.vagadeempregorj.com.br\\\/cyberseguranca-por-que-esta-profissao-se-tornou-prioridade\\\/#primaryimage\",\"url\":\"https:\\\/\\\/www.vagadeempregorj.com.br\\\/wp-content\\\/uploads\\\/2025\\\/03\\\/Cyberseguranca.webp\",\"contentUrl\":\"https:\\\/\\\/www.vagadeempregorj.com.br\\\/wp-content\\\/uploads\\\/2025\\\/03\\\/Cyberseguranca.webp\",\"width\":1792,\"height\":1024,\"caption\":\"Cyberseguran\u00e7a\"},{\"@type\":\"BreadcrumbList\",\"@id\":\"https:\\\/\\\/www.vagadeempregorj.com.br\\\/cyberseguranca-por-que-esta-profissao-se-tornou-prioridade\\\/#breadcrumb\",\"itemListElement\":[{\"@type\":\"ListItem\",\"position\":1,\"name\":\"In\u00edcio\",\"item\":\"https:\\\/\\\/www.vagadeempregorj.com.br\\\/\"},{\"@type\":\"ListItem\",\"position\":2,\"name\":\"Informa\u00e7\u00e3o Tecnol\u00f3gica, Curiosidades e Cursos\",\"item\":\"https:\\\/\\\/www.vagadeempregorj.com.br\\\/informacao-tecnologica-e-curiosidades\\\/\"},{\"@type\":\"ListItem\",\"position\":3,\"name\":\"Cyberseguran\u00e7a: por que esta profiss\u00e3o se tornou prioridade\"}]},{\"@type\":\"WebSite\",\"@id\":\"https:\\\/\\\/www.vagadeempregorj.com.br\\\/#website\",\"url\":\"https:\\\/\\\/www.vagadeempregorj.com.br\\\/\",\"name\":\"\",\"description\":\"Conquiste Sonhos: Vagas, Benef\u00edcios e Economia para Transformar Vidas e Alcan\u00e7ar Melhorias Cotidianas\",\"potentialAction\":[{\"@type\":\"SearchAction\",\"target\":{\"@type\":\"EntryPoint\",\"urlTemplate\":\"https:\\\/\\\/www.vagadeempregorj.com.br\\\/?s={search_term_string}\"},\"query-input\":{\"@type\":\"PropertyValueSpecification\",\"valueRequired\":true,\"valueName\":\"search_term_string\"}}],\"inLanguage\":\"fr-FR\"},{\"@type\":\"Person\",\"@id\":\"https:\\\/\\\/www.vagadeempregorj.com.br\\\/#\\\/schema\\\/person\\\/3ddb19fa0539706786e502152f3aae95\",\"name\":\"Michele\",\"image\":{\"@type\":\"ImageObject\",\"inLanguage\":\"fr-FR\",\"@id\":\"https:\\\/\\\/secure.gravatar.com\\\/avatar\\\/6b0eb9d22841282815e2cd856a0061c45e1761cd54b22e952d98c4746939aa85?s=96&r=g\",\"url\":\"https:\\\/\\\/secure.gravatar.com\\\/avatar\\\/6b0eb9d22841282815e2cd856a0061c45e1761cd54b22e952d98c4746939aa85?s=96&r=g\",\"contentUrl\":\"https:\\\/\\\/secure.gravatar.com\\\/avatar\\\/6b0eb9d22841282815e2cd856a0061c45e1761cd54b22e952d98c4746939aa85?s=96&r=g\",\"caption\":\"Michele\"},\"description\":\"Formada em Letras - Portugu\u00eas\\\/ Ingl\u00eas, e idealizadora do site Escritora de Sucesso, busca expandir o conhecimento de todos com informa\u00e7\u00f5es relevantes sobre diversos assuntos, enquanto redatora. No Vaga de Emprego RJ, traz oportunidades e dicas sobre o mercado de trabalho.\",\"url\":\"https:\\\/\\\/www.vagadeempregorj.com.br\\\/fr\\\/author\\\/michele\\\/\"}]}<\/script>\n<!-- \/ Yoast SEO plugin. -->","yoast_head_json":{"title":"Cyberseguran\u00e7a: por que esta profiss\u00e3o se tornou prioridade -","description":"Veja em Vagas de Emprego RJ as vagas de emprego com e sem experi\u00eancia no seu Estado e Regi\u00e3o!","robots":{"index":"index","follow":"follow","max-snippet":"max-snippet:-1","max-image-preview":"max-image-preview:large","max-video-preview":"max-video-preview:-1"},"canonical":"https:\/\/www.vagadeempregorj.com.br\/fr\/cyberseguranca-por-que-esta-profissao-se-tornou-prioridade\/","og_locale":"fr_FR","og_type":"article","og_title":"Cyberseguran\u00e7a: por que esta profiss\u00e3o se tornou prioridade -","og_description":"Veja em Vagas de Emprego RJ as vagas de emprego com e sem experi\u00eancia no seu Estado e Regi\u00e3o!","og_url":"https:\/\/www.vagadeempregorj.com.br\/fr\/cyberseguranca-por-que-esta-profissao-se-tornou-prioridade\/","article_publisher":"https:\/\/www.facebook.com\/empregobrasiloficial","article_published_time":"2025-04-07T09:00:00+00:00","og_image":[{"width":1792,"height":1024,"url":"https:\/\/www.vagadeempregorj.com.br\/wp-content\/uploads\/2025\/03\/Cyberseguranca.webp","type":"image\/webp"}],"author":"Michele","twitter_card":"summary_large_image","twitter_misc":{"Written by":"Michele","Est. reading time":"6 minutes"},"schema":{"@context":"https:\/\/schema.org","@graph":[{"@type":"Article","@id":"https:\/\/www.vagadeempregorj.com.br\/cyberseguranca-por-que-esta-profissao-se-tornou-prioridade\/#article","isPartOf":{"@id":"https:\/\/www.vagadeempregorj.com.br\/cyberseguranca-por-que-esta-profissao-se-tornou-prioridade\/"},"author":{"name":"Michele","@id":"https:\/\/www.vagadeempregorj.com.br\/#\/schema\/person\/3ddb19fa0539706786e502152f3aae95"},"headline":"Cyberseguran\u00e7a: por que esta profiss\u00e3o se tornou prioridade","datePublished":"2025-04-07T09:00:00+00:00","mainEntityOfPage":{"@id":"https:\/\/www.vagadeempregorj.com.br\/cyberseguranca-por-que-esta-profissao-se-tornou-prioridade\/"},"wordCount":1128,"image":{"@id":"https:\/\/www.vagadeempregorj.com.br\/cyberseguranca-por-que-esta-profissao-se-tornou-prioridade\/#primaryimage"},"thumbnailUrl":"https:\/\/www.vagadeempregorj.com.br\/wp-content\/uploads\/2025\/03\/Cyberseguranca.webp","articleSection":["Informa\u00e7\u00e3o Tecnol\u00f3gica, Curiosidades e Cursos"],"inLanguage":"fr-FR"},{"@type":"WebPage","@id":"https:\/\/www.vagadeempregorj.com.br\/cyberseguranca-por-que-esta-profissao-se-tornou-prioridade\/","url":"https:\/\/www.vagadeempregorj.com.br\/cyberseguranca-por-que-esta-profissao-se-tornou-prioridade\/","name":"Cyberseguran\u00e7a: por que esta profiss\u00e3o se tornou prioridade -","isPartOf":{"@id":"https:\/\/www.vagadeempregorj.com.br\/#website"},"primaryImageOfPage":{"@id":"https:\/\/www.vagadeempregorj.com.br\/cyberseguranca-por-que-esta-profissao-se-tornou-prioridade\/#primaryimage"},"image":{"@id":"https:\/\/www.vagadeempregorj.com.br\/cyberseguranca-por-que-esta-profissao-se-tornou-prioridade\/#primaryimage"},"thumbnailUrl":"https:\/\/www.vagadeempregorj.com.br\/wp-content\/uploads\/2025\/03\/Cyberseguranca.webp","datePublished":"2025-04-07T09:00:00+00:00","author":{"@id":"https:\/\/www.vagadeempregorj.com.br\/#\/schema\/person\/3ddb19fa0539706786e502152f3aae95"},"description":"Veja em Vagas de Emprego RJ as vagas de emprego com e sem experi\u00eancia no seu Estado e Regi\u00e3o!","breadcrumb":{"@id":"https:\/\/www.vagadeempregorj.com.br\/cyberseguranca-por-que-esta-profissao-se-tornou-prioridade\/#breadcrumb"},"inLanguage":"fr-FR","potentialAction":[{"@type":"ReadAction","target":["https:\/\/www.vagadeempregorj.com.br\/cyberseguranca-por-que-esta-profissao-se-tornou-prioridade\/"]}]},{"@type":"ImageObject","inLanguage":"fr-FR","@id":"https:\/\/www.vagadeempregorj.com.br\/cyberseguranca-por-que-esta-profissao-se-tornou-prioridade\/#primaryimage","url":"https:\/\/www.vagadeempregorj.com.br\/wp-content\/uploads\/2025\/03\/Cyberseguranca.webp","contentUrl":"https:\/\/www.vagadeempregorj.com.br\/wp-content\/uploads\/2025\/03\/Cyberseguranca.webp","width":1792,"height":1024,"caption":"Cyberseguran\u00e7a"},{"@type":"BreadcrumbList","@id":"https:\/\/www.vagadeempregorj.com.br\/cyberseguranca-por-que-esta-profissao-se-tornou-prioridade\/#breadcrumb","itemListElement":[{"@type":"ListItem","position":1,"name":"In\u00edcio","item":"https:\/\/www.vagadeempregorj.com.br\/"},{"@type":"ListItem","position":2,"name":"Informa\u00e7\u00e3o Tecnol\u00f3gica, Curiosidades e Cursos","item":"https:\/\/www.vagadeempregorj.com.br\/informacao-tecnologica-e-curiosidades\/"},{"@type":"ListItem","position":3,"name":"Cyberseguran\u00e7a: por que esta profiss\u00e3o se tornou prioridade"}]},{"@type":"WebSite","@id":"https:\/\/www.vagadeempregorj.com.br\/#website","url":"https:\/\/www.vagadeempregorj.com.br\/","name":"","description":"Conquiste Sonhos: Vagas, Benef\u00edcios e Economia para Transformar Vidas e Alcan\u00e7ar Melhorias Cotidianas","potentialAction":[{"@type":"SearchAction","target":{"@type":"EntryPoint","urlTemplate":"https:\/\/www.vagadeempregorj.com.br\/?s={search_term_string}"},"query-input":{"@type":"PropertyValueSpecification","valueRequired":true,"valueName":"search_term_string"}}],"inLanguage":"fr-FR"},{"@type":"Person","@id":"https:\/\/www.vagadeempregorj.com.br\/#\/schema\/person\/3ddb19fa0539706786e502152f3aae95","name":"Michele","image":{"@type":"ImageObject","inLanguage":"fr-FR","@id":"https:\/\/secure.gravatar.com\/avatar\/6b0eb9d22841282815e2cd856a0061c45e1761cd54b22e952d98c4746939aa85?s=96&r=g","url":"https:\/\/secure.gravatar.com\/avatar\/6b0eb9d22841282815e2cd856a0061c45e1761cd54b22e952d98c4746939aa85?s=96&r=g","contentUrl":"https:\/\/secure.gravatar.com\/avatar\/6b0eb9d22841282815e2cd856a0061c45e1761cd54b22e952d98c4746939aa85?s=96&r=g","caption":"Michele"},"description":"Formada em Letras - Portugu\u00eas\/ Ingl\u00eas, e idealizadora do site Escritora de Sucesso, busca expandir o conhecimento de todos com informa\u00e7\u00f5es relevantes sobre diversos assuntos, enquanto redatora. No Vaga de Emprego RJ, traz oportunidades e dicas sobre o mercado de trabalho.","url":"https:\/\/www.vagadeempregorj.com.br\/fr\/author\/michele\/"}]}},"_links":{"self":[{"href":"https:\/\/www.vagadeempregorj.com.br\/fr\/wp-json\/wp\/v2\/posts\/42955","targetHints":{"allow":["GET"]}}],"collection":[{"href":"https:\/\/www.vagadeempregorj.com.br\/fr\/wp-json\/wp\/v2\/posts"}],"about":[{"href":"https:\/\/www.vagadeempregorj.com.br\/fr\/wp-json\/wp\/v2\/types\/post"}],"author":[{"embeddable":true,"href":"https:\/\/www.vagadeempregorj.com.br\/fr\/wp-json\/wp\/v2\/users\/16"}],"replies":[{"embeddable":true,"href":"https:\/\/www.vagadeempregorj.com.br\/fr\/wp-json\/wp\/v2\/comments?post=42955"}],"version-history":[{"count":0,"href":"https:\/\/www.vagadeempregorj.com.br\/fr\/wp-json\/wp\/v2\/posts\/42955\/revisions"}],"wp:featuredmedia":[{"embeddable":true,"href":"https:\/\/www.vagadeempregorj.com.br\/fr\/wp-json\/wp\/v2\/media\/42956"}],"wp:attachment":[{"href":"https:\/\/www.vagadeempregorj.com.br\/fr\/wp-json\/wp\/v2\/media?parent=42955"}],"wp:term":[{"taxonomy":"category","embeddable":true,"href":"https:\/\/www.vagadeempregorj.com.br\/fr\/wp-json\/wp\/v2\/categories?post=42955"},{"taxonomy":"post_tag","embeddable":true,"href":"https:\/\/www.vagadeempregorj.com.br\/fr\/wp-json\/wp\/v2\/tags?post=42955"}],"curies":[{"name":"wp","href":"https:\/\/api.w.org\/{rel}","templated":true}]}}