{"id":43363,"date":"2025-05-16T20:07:39","date_gmt":"2025-05-16T23:07:39","guid":{"rendered":"https:\/\/www.vagadeempregorj.com.br\/?p=43363"},"modified":"2025-10-24T20:23:36","modified_gmt":"2025-10-24T23:23:36","slug":"o-modo-aviao-ainda-faz-sentido-em-2025-entenda-o-que-muda-com-o-5g","status":"publish","type":"post","link":"https:\/\/www.vagadeempregorj.com.br\/fr\/o-modo-aviao-ainda-faz-sentido-em-2025-entenda-o-que-muda-com-o-5g\/","title":{"rendered":"O modo avi\u00e3o ainda faz sentido em 2025? Entenda o que muda com o 5G"},"content":{"rendered":"<p class=\"has-text-align-center\"><strong>Fique por dentro da tecnologia!<\/strong><\/p>\n\n\n\n<div class=\"wp-block-buttons is-vertical is-content-justification-center is-layout-flex wp-container-core-buttons-is-layout-9a7cdcfd wp-block-buttons-is-layout-flex\">\n<div class=\"wp-block-button has-custom-width wp-block-button__width-100\"><a class=\"wp-block-button__link has-white-color has-text-color has-background has-link-color wp-element-button\" href=\"https:\/\/www.vagadeempregorj.com.br\/fr\/internet-gratis-no-celular-3-formas-de-gastar-menos-com-wi-fi\/\" style=\"border-radius:12px;background-color:#0a5580\">Quer Internet de Gra\u00e7a? Veja Essa Ferramenta<\/a><\/div>\n\n\n\n<div class=\"wp-block-button has-custom-width wp-block-button__width-100\"><a class=\"wp-block-button__link has-white-color has-luminous-vivid-orange-background-color has-text-color has-background has-link-color wp-element-button\" href=\"https:\/\/www.vagadeempregorj.com.br\/fr\/internet-gratis-da-claro-veja-como-acessar-e-configurar\/\" style=\"border-radius:12px\">Internet Gr\u00e1tis no Celular pela Claro<\/a><\/div>\n\n\n\n<div class=\"wp-block-button has-custom-width wp-block-button__width-100\"><a class=\"wp-block-button__link has-white-color has-luminous-vivid-amber-background-color has-text-color has-background has-link-color wp-element-button\" href=\"https:\/\/www.vagadeempregorj.com.br\/fr\/emprego-na-internet-6-empresas-que-contratam-online\/\" style=\"border-radius:12px\">Emprego na Internet: Veja Empresas Contratando<\/a><\/div>\n<\/div>\n\n\n\n<p>Apesar de tantas inova\u00e7\u00f5es, <strong>o modo avi\u00e3o ainda faz sentido em 2025<\/strong>, principalmente em voos comerciais. Mesmo com o avan\u00e7o do 5G, que est\u00e1 presente em boa parte das capitais e tamb\u00e9m em aeroportos, o uso desse recurso continua sendo recomendado pelas companhias a\u00e9reas. Mas por qu\u00ea? A resposta envolve seguran\u00e7a, protocolos t\u00e9cnicos e, sim, tamb\u00e9m um pouco de costume.<\/p>\n\n\n\n<p>A tecnologia avan\u00e7ou, os avi\u00f5es se modernizaram, e o sinal das operadoras ficou mais forte. Mesmo assim, o modo avi\u00e3o ainda tem fun\u00e7\u00e3o, seja para evitar interfer\u00eancias na cabine, preservar a bateria do celular ou seguir orienta\u00e7\u00f5es de seguran\u00e7a da avia\u00e7\u00e3o. Abaixo, a gente explica por que essa fun\u00e7\u00e3o ainda existe \u2014 e se um dia ela vai desaparecer de vez.<\/p>\n\n\n\n<h2 class=\"wp-block-heading\">Por que o modo avi\u00e3o foi criado?<\/h2>\n\n\n\n<p>O modo avi\u00e3o surgiu com um prop\u00f3sito bem claro: <strong>evitar interfer\u00eancias eletromagn\u00e9ticas<\/strong>. No passado, havia uma preocupa\u00e7\u00e3o real de que os sinais emitidos por celulares e outros dispositivos eletr\u00f4nicos pudessem afetar os instrumentos de navega\u00e7\u00e3o da aeronave.<\/p>\n\n\n\n<p>Hoje, com tecnologia embarcada mais moderna, essa interfer\u00eancia direta \u00e9 cada vez mais rara. Ainda assim, o modo avi\u00e3o persiste como uma medida preventiva. Afinal, a cabine de comando precisa estar livre de qualquer ru\u00eddo eletr\u00f4nico desnecess\u00e1rio \u2014 mesmo que pequeno.<\/p>\n\n\n\n<h2 class=\"wp-block-heading\">O que muda com o 5G?<\/h2>\n\n\n\n<p>O 5G \u00e9 muito mais r\u00e1pido que o 4G e funciona em frequ\u00eancias diferentes. Isso gerou, inclusive, algumas pol\u00eamicas nos Estados Unidos, quando companhias a\u00e9reas demonstraram preocupa\u00e7\u00e3o com a possibilidade de interfer\u00eancia em alt\u00edmetros (dispositivos que medem a altitude do avi\u00e3o).<\/p>\n\n\n\n<p>A frequ\u00eancia do 5G em algumas regi\u00f5es \u00e9 pr\u00f3xima \u00e0 usada por certos equipamentos da avia\u00e7\u00e3o, o que fez a Federal Aviation Administration (FAA) emitir alertas. Por isso, mesmo em 2025, as regras n\u00e3o mudaram muito: <strong>\u00e9 melhor ativar o modo avi\u00e3o<\/strong> durante os voos e seguir as orienta\u00e7\u00f5es da tripula\u00e7\u00e3o.<\/p>\n\n\n\n<p>A tecnologia continua avan\u00e7ando, mas a seguran\u00e7a segue em primeiro lugar. E mesmo que, na pr\u00e1tica, o celular ligado n\u00e3o cause acidentes, a simples possibilidade de causar algum transtorno t\u00e9cnico j\u00e1 \u00e9 suficiente para manter a regra.<\/p>\n\n\n\n<h2 class=\"wp-block-heading\">E se eu n\u00e3o ativar o modo avi\u00e3o?<\/h2>\n\n\n\n<p>Muita gente j\u00e1 viajou sem ativar o modo avi\u00e3o. Em muitos casos, nada aconteceu. Mas isso n\u00e3o quer dizer que seja seguro.<\/p>\n\n\n\n<p>Se todos os passageiros mantivessem seus celulares ativos, especialmente durante pousos e decolagens, haveria uma sobrecarga de sinais tentando se conectar a v\u00e1rias torres ao mesmo tempo \u2014 o que pode, sim, criar ru\u00eddos para certos instrumentos da aeronave.<\/p>\n\n\n\n<p>Al\u00e9m disso, manter o celular procurando sinal em alta altitude drena muito mais a bateria. Isso sem contar o inc\u00f4modo: voc\u00ea j\u00e1 reparou como o aparelho esquenta em pleno voo? O modo avi\u00e3o resolve tudo isso com um simples toque.<\/p>\n\n\n\n<h2 class=\"wp-block-heading\">Em quais momentos o modo avi\u00e3o \u00e9 obrigat\u00f3rio?<\/h2>\n\n\n\n<p>Mesmo com Wi-Fi dispon\u00edvel em muitos voos, as companhias pedem que o <strong>modo avi\u00e3o seja ativado logo ap\u00f3s o fechamento das portas<\/strong> do avi\u00e3o. Isso vale tanto para voos nacionais quanto internacionais.<\/p>\n\n\n\n<p>Ap\u00f3s a decolagem, quando o avi\u00e3o atinge uma altitude segura, \u00e9 comum os comiss\u00e1rios permitirem o uso do Wi-Fi da aeronave \u2014 mas sempre com o modo avi\u00e3o ativado. Ou seja: voc\u00ea pode se conectar \u00e0 internet, mas n\u00e3o ao sinal da operadora.<\/p>\n\n\n\n<p>Isso mostra que <strong>o modo avi\u00e3o n\u00e3o impede o uso do celular<\/strong>, apenas limita certas conex\u00f5es. Voc\u00ea ainda pode ver v\u00eddeos, ouvir m\u00fasica, escrever textos, usar o Bluetooth e se conectar ao Wi-Fi dispon\u00edvel no voo.<\/p>\n\n\n\n<h2 class=\"wp-block-heading\">Em que situa\u00e7\u00f5es o modo avi\u00e3o ainda \u00e9 \u00fatil?<\/h2>\n\n\n\n<p>Mesmo fora dos avi\u00f5es, o modo avi\u00e3o continua sendo \u00fatil em v\u00e1rias situa\u00e7\u00f5es do dia a dia. J\u00e1 parou para pensar nisso?<\/p>\n\n\n\n<p>1# <strong>Economia de bateria<\/strong>: Ao cortar todas as conex\u00f5es do aparelho, a autonomia da bateria aumenta significativamente.<br>2# <strong>Carregamento mais r\u00e1pido<\/strong>: Ativar o modo avi\u00e3o durante o carregamento acelera o processo.<br>3# <strong>Foco e descanso<\/strong>: Ideal para estudar, dormir ou simplesmente desconectar sem desligar o celular.<br>4# <strong>Evitar liga\u00e7\u00f5es indesejadas<\/strong>: Precisa usar a c\u00e2mera ou algum app, mas n\u00e3o quer ser interrompido? Modo avi\u00e3o resolve.<\/p>\n\n\n\n<p>Mesmo em 2025, esse recurso continua fazendo sentido. Ele virou mais do que uma obriga\u00e7\u00e3o em voos \u2014 virou uma ferramenta pr\u00e1tica para o dia a dia.<\/p>\n\n\n\n<h2 class=\"wp-block-heading\">O futuro do modo avi\u00e3o<\/h2>\n\n\n\n<p>Com o crescimento do 5G, da internet via sat\u00e9lite e da digitaliza\u00e7\u00e3o das companhias a\u00e9reas, \u00e9 prov\u00e1vel que o modo avi\u00e3o mude de nome ou se torne algo opcional em um futuro pr\u00f3ximo. Mas por enquanto, ele ainda \u00e9 parte do protocolo de seguran\u00e7a adotado mundialmente.<\/p>\n\n\n\n<p>Algumas empresas j\u00e1 testam formas de permitir que passageiros usem redes m\u00f3veis durante todo o voo, mas isso exige adapta\u00e7\u00f5es t\u00e9cnicas e infraestrutura espec\u00edfica em cada aeronave. E isso ainda est\u00e1 longe de ser regra.<\/p>\n\n\n\n<h2 class=\"wp-block-heading\">As pessoas ainda respeitam o modo avi\u00e3o?<\/h2>\n\n\n\n<p>Essa \u00e9 uma pergunta que divide opini\u00f5es. Muitos passageiros seguem \u00e0 risca a orienta\u00e7\u00e3o, principalmente por costume ou respeito \u00e0s regras da avia\u00e7\u00e3o. Outros ignoram o aviso, mant\u00eam o aparelho ligado e nem percebem que est\u00e3o fora do modo avi\u00e3o.<\/p>\n\n\n\n<p>O problema disso? Se todos pensassem assim, haveria um risco coletivo. Por isso, as companhias continuam pedindo \u2014 e fiscalizando. Em alguns casos, os comiss\u00e1rios refor\u00e7am o aviso v\u00e1rias vezes durante o voo.<\/p>\n\n\n\n<p>Al\u00e9m disso, com o avan\u00e7o das tecnologias embarcadas e de aplicativos que continuam rodando mesmo offline, o h\u00e1bito de ativar o modo avi\u00e3o virou algo simples, quase autom\u00e1tico.<\/p>\n\n\n\n<h2 class=\"wp-block-heading\">Ent\u00e3o\u2026 o modo avi\u00e3o vai acabar?<\/h2>\n\n\n\n<p>A resposta mais honesta \u00e9: <strong>ainda n\u00e3o<\/strong>. Enquanto houver qualquer possibilidade de interfer\u00eancia, por menor que seja, o modo avi\u00e3o continuar\u00e1 fazendo parte do check-list de seguran\u00e7a de todo voo comercial.<\/p>\n\n\n\n<p>A boa not\u00edcia \u00e9 que ele j\u00e1 n\u00e3o impede mais o uso do celular como antes. O passageiro pode continuar assistindo a um filme, ouvindo m\u00fasica, escrevendo ou at\u00e9 navegando na internet, desde que respeite os limites estabelecidos pela companhia.<\/p>\n\n\n\n<p>Talvez, no futuro, o modo avi\u00e3o seja reformulado ou incorporado a sistemas mais modernos de gerenciamento de sinal. Mas em 2025, ele continua tendo seu papel \u2014 dentro e fora dos avi\u00f5es.<\/p>\n\n\n\n<p><strong>Veja tamb\u00e9m: <a href=\"https:\/\/www.vagadeempregorj.com.br\/fr\/temu-shein-e-amazon-shopping-como-os-apps-te-influenciam-sem-voce-perceber\/\">Temu, Shein e Amazon Shopping: como os apps te influenciam sem voc\u00ea perceber<\/a><\/strong><\/p>\n\n\n\n<p>16 de maio de 2025<\/p>","protected":false},"excerpt":{"rendered":"<p>Fique por dentro da tecnologia! Apesar de tantas inova\u00e7\u00f5es, o modo avi\u00e3o ainda faz sentido em 2025, principalmente em voos comerciais. Mesmo com o avan\u00e7o do 5G, que est\u00e1 presente em boa parte das capitais e tamb\u00e9m em aeroportos, o uso desse recurso continua sendo recomendado pelas companhias a\u00e9reas. Mas por qu\u00ea? A resposta envolve&hellip;&nbsp;<\/p>","protected":false},"author":16,"featured_media":43365,"comment_status":"closed","ping_status":"closed","sticky":false,"template":"","format":"standard","meta":{"neve_meta_sidebar":"","neve_meta_container":"","neve_meta_enable_content_width":"","neve_meta_content_width":0,"neve_meta_title_alignment":"","neve_meta_author_avatar":"","neve_post_elements_order":"","neve_meta_disable_header":"","neve_meta_disable_footer":"","neve_meta_disable_title":"","footnotes":""},"categories":[703],"tags":[],"class_list":["post-43363","post","type-post","status-publish","format-standard","has-post-thumbnail","hentry","category-informacao-tecnologica-e-curiosidades"],"yoast_head":"<!-- This site is optimized with the Yoast SEO plugin v27.5 - https:\/\/yoast.com\/product\/yoast-seo-wordpress\/ -->\n<title>O modo avi\u00e3o ainda faz sentido em 2025? Entenda o que muda com o 5G -<\/title>\n<meta name=\"description\" content=\"Veja em Vagas de Emprego RJ as vagas de emprego com e sem experi\u00eancia no seu Estado e Regi\u00e3o!\" \/>\n<meta name=\"robots\" content=\"index, follow, max-snippet:-1, max-image-preview:large, max-video-preview:-1\" \/>\n<link rel=\"canonical\" href=\"https:\/\/www.vagadeempregorj.com.br\/fr\/o-modo-aviao-ainda-faz-sentido-em-2025-entenda-o-que-muda-com-o-5g\/\" \/>\n<meta property=\"og:locale\" content=\"fr_FR\" \/>\n<meta property=\"og:type\" content=\"article\" \/>\n<meta property=\"og:title\" content=\"O modo avi\u00e3o ainda faz sentido em 2025? Entenda o que muda com o 5G -\" \/>\n<meta property=\"og:description\" content=\"Veja em Vagas de Emprego RJ as vagas de emprego com e sem experi\u00eancia no seu Estado e Regi\u00e3o!\" \/>\n<meta property=\"og:url\" content=\"https:\/\/www.vagadeempregorj.com.br\/fr\/o-modo-aviao-ainda-faz-sentido-em-2025-entenda-o-que-muda-com-o-5g\/\" \/>\n<meta property=\"article:publisher\" content=\"https:\/\/www.facebook.com\/empregobrasiloficial\" \/>\n<meta property=\"article:published_time\" content=\"2025-05-16T23:07:39+00:00\" \/>\n<meta property=\"article:modified_time\" content=\"2025-10-24T23:23:36+00:00\" \/>\n<meta property=\"og:image\" content=\"https:\/\/www.vagadeempregorj.com.br\/wp-content\/uploads\/2025\/05\/cidade-inteligente-futurista-com-tecnologia-de-rede-global-5g-scaled.jpg\" \/>\n\t<meta property=\"og:image:width\" content=\"2560\" \/>\n\t<meta property=\"og:image:height\" content=\"1706\" \/>\n\t<meta property=\"og:image:type\" content=\"image\/jpeg\" \/>\n<meta name=\"author\" content=\"Michele\" \/>\n<meta name=\"twitter:card\" content=\"summary_large_image\" \/>\n<meta name=\"twitter:label1\" content=\"Written by\" \/>\n\t<meta name=\"twitter:data1\" content=\"Michele\" \/>\n\t<meta name=\"twitter:label2\" content=\"Est. reading time\" \/>\n\t<meta name=\"twitter:data2\" content=\"6 minutes\" \/>\n<script type=\"application\/ld+json\" class=\"yoast-schema-graph\">{\"@context\":\"https:\\\/\\\/schema.org\",\"@graph\":[{\"@type\":\"Article\",\"@id\":\"https:\\\/\\\/www.vagadeempregorj.com.br\\\/o-modo-aviao-ainda-faz-sentido-em-2025-entenda-o-que-muda-com-o-5g\\\/#article\",\"isPartOf\":{\"@id\":\"https:\\\/\\\/www.vagadeempregorj.com.br\\\/o-modo-aviao-ainda-faz-sentido-em-2025-entenda-o-que-muda-com-o-5g\\\/\"},\"author\":{\"name\":\"Michele\",\"@id\":\"https:\\\/\\\/www.vagadeempregorj.com.br\\\/#\\\/schema\\\/person\\\/3ddb19fa0539706786e502152f3aae95\"},\"headline\":\"O modo avi\u00e3o ainda faz sentido em 2025? Entenda o que muda com o 5G\",\"datePublished\":\"2025-05-16T23:07:39+00:00\",\"dateModified\":\"2025-10-24T23:23:36+00:00\",\"mainEntityOfPage\":{\"@id\":\"https:\\\/\\\/www.vagadeempregorj.com.br\\\/o-modo-aviao-ainda-faz-sentido-em-2025-entenda-o-que-muda-com-o-5g\\\/\"},\"wordCount\":1154,\"image\":{\"@id\":\"https:\\\/\\\/www.vagadeempregorj.com.br\\\/o-modo-aviao-ainda-faz-sentido-em-2025-entenda-o-que-muda-com-o-5g\\\/#primaryimage\"},\"thumbnailUrl\":\"https:\\\/\\\/www.vagadeempregorj.com.br\\\/wp-content\\\/uploads\\\/2025\\\/05\\\/cidade-inteligente-futurista-com-tecnologia-de-rede-global-5g-scaled.jpg\",\"articleSection\":[\"Informa\u00e7\u00e3o Tecnol\u00f3gica, Curiosidades e Cursos\"],\"inLanguage\":\"fr-FR\"},{\"@type\":\"WebPage\",\"@id\":\"https:\\\/\\\/www.vagadeempregorj.com.br\\\/o-modo-aviao-ainda-faz-sentido-em-2025-entenda-o-que-muda-com-o-5g\\\/\",\"url\":\"https:\\\/\\\/www.vagadeempregorj.com.br\\\/o-modo-aviao-ainda-faz-sentido-em-2025-entenda-o-que-muda-com-o-5g\\\/\",\"name\":\"O modo avi\u00e3o ainda faz sentido em 2025? Entenda o que muda com o 5G -\",\"isPartOf\":{\"@id\":\"https:\\\/\\\/www.vagadeempregorj.com.br\\\/#website\"},\"primaryImageOfPage\":{\"@id\":\"https:\\\/\\\/www.vagadeempregorj.com.br\\\/o-modo-aviao-ainda-faz-sentido-em-2025-entenda-o-que-muda-com-o-5g\\\/#primaryimage\"},\"image\":{\"@id\":\"https:\\\/\\\/www.vagadeempregorj.com.br\\\/o-modo-aviao-ainda-faz-sentido-em-2025-entenda-o-que-muda-com-o-5g\\\/#primaryimage\"},\"thumbnailUrl\":\"https:\\\/\\\/www.vagadeempregorj.com.br\\\/wp-content\\\/uploads\\\/2025\\\/05\\\/cidade-inteligente-futurista-com-tecnologia-de-rede-global-5g-scaled.jpg\",\"datePublished\":\"2025-05-16T23:07:39+00:00\",\"dateModified\":\"2025-10-24T23:23:36+00:00\",\"author\":{\"@id\":\"https:\\\/\\\/www.vagadeempregorj.com.br\\\/#\\\/schema\\\/person\\\/3ddb19fa0539706786e502152f3aae95\"},\"description\":\"Veja em Vagas de Emprego RJ as vagas de emprego com e sem experi\u00eancia no seu Estado e Regi\u00e3o!\",\"breadcrumb\":{\"@id\":\"https:\\\/\\\/www.vagadeempregorj.com.br\\\/o-modo-aviao-ainda-faz-sentido-em-2025-entenda-o-que-muda-com-o-5g\\\/#breadcrumb\"},\"inLanguage\":\"fr-FR\",\"potentialAction\":[{\"@type\":\"ReadAction\",\"target\":[\"https:\\\/\\\/www.vagadeempregorj.com.br\\\/o-modo-aviao-ainda-faz-sentido-em-2025-entenda-o-que-muda-com-o-5g\\\/\"]}]},{\"@type\":\"ImageObject\",\"inLanguage\":\"fr-FR\",\"@id\":\"https:\\\/\\\/www.vagadeempregorj.com.br\\\/o-modo-aviao-ainda-faz-sentido-em-2025-entenda-o-que-muda-com-o-5g\\\/#primaryimage\",\"url\":\"https:\\\/\\\/www.vagadeempregorj.com.br\\\/wp-content\\\/uploads\\\/2025\\\/05\\\/cidade-inteligente-futurista-com-tecnologia-de-rede-global-5g-scaled.jpg\",\"contentUrl\":\"https:\\\/\\\/www.vagadeempregorj.com.br\\\/wp-content\\\/uploads\\\/2025\\\/05\\\/cidade-inteligente-futurista-com-tecnologia-de-rede-global-5g-scaled.jpg\",\"width\":2560,\"height\":1706},{\"@type\":\"BreadcrumbList\",\"@id\":\"https:\\\/\\\/www.vagadeempregorj.com.br\\\/o-modo-aviao-ainda-faz-sentido-em-2025-entenda-o-que-muda-com-o-5g\\\/#breadcrumb\",\"itemListElement\":[{\"@type\":\"ListItem\",\"position\":1,\"name\":\"In\u00edcio\",\"item\":\"https:\\\/\\\/www.vagadeempregorj.com.br\\\/\"},{\"@type\":\"ListItem\",\"position\":2,\"name\":\"Informa\u00e7\u00e3o Tecnol\u00f3gica, Curiosidades e Cursos\",\"item\":\"https:\\\/\\\/www.vagadeempregorj.com.br\\\/informacao-tecnologica-e-curiosidades\\\/\"},{\"@type\":\"ListItem\",\"position\":3,\"name\":\"O modo avi\u00e3o ainda faz sentido em 2025? Entenda o que muda com o 5G\"}]},{\"@type\":\"WebSite\",\"@id\":\"https:\\\/\\\/www.vagadeempregorj.com.br\\\/#website\",\"url\":\"https:\\\/\\\/www.vagadeempregorj.com.br\\\/\",\"name\":\"\",\"description\":\"Conquiste Sonhos: Vagas, Benef\u00edcios e Economia para Transformar Vidas e Alcan\u00e7ar Melhorias Cotidianas\",\"potentialAction\":[{\"@type\":\"SearchAction\",\"target\":{\"@type\":\"EntryPoint\",\"urlTemplate\":\"https:\\\/\\\/www.vagadeempregorj.com.br\\\/?s={search_term_string}\"},\"query-input\":{\"@type\":\"PropertyValueSpecification\",\"valueRequired\":true,\"valueName\":\"search_term_string\"}}],\"inLanguage\":\"fr-FR\"},{\"@type\":\"Person\",\"@id\":\"https:\\\/\\\/www.vagadeempregorj.com.br\\\/#\\\/schema\\\/person\\\/3ddb19fa0539706786e502152f3aae95\",\"name\":\"Michele\",\"image\":{\"@type\":\"ImageObject\",\"inLanguage\":\"fr-FR\",\"@id\":\"https:\\\/\\\/secure.gravatar.com\\\/avatar\\\/6b0eb9d22841282815e2cd856a0061c45e1761cd54b22e952d98c4746939aa85?s=96&r=g\",\"url\":\"https:\\\/\\\/secure.gravatar.com\\\/avatar\\\/6b0eb9d22841282815e2cd856a0061c45e1761cd54b22e952d98c4746939aa85?s=96&r=g\",\"contentUrl\":\"https:\\\/\\\/secure.gravatar.com\\\/avatar\\\/6b0eb9d22841282815e2cd856a0061c45e1761cd54b22e952d98c4746939aa85?s=96&r=g\",\"caption\":\"Michele\"},\"description\":\"Formada em Letras - Portugu\u00eas\\\/ Ingl\u00eas, e idealizadora do site Escritora de Sucesso, busca expandir o conhecimento de todos com informa\u00e7\u00f5es relevantes sobre diversos assuntos, enquanto redatora. No Vaga de Emprego RJ, traz oportunidades e dicas sobre o mercado de trabalho.\",\"url\":\"https:\\\/\\\/www.vagadeempregorj.com.br\\\/fr\\\/author\\\/michele\\\/\"}]}<\/script>\n<!-- \/ Yoast SEO plugin. -->","yoast_head_json":{"title":"O modo avi\u00e3o ainda faz sentido em 2025? Entenda o que muda com o 5G -","description":"Veja em Vagas de Emprego RJ as vagas de emprego com e sem experi\u00eancia no seu Estado e Regi\u00e3o!","robots":{"index":"index","follow":"follow","max-snippet":"max-snippet:-1","max-image-preview":"max-image-preview:large","max-video-preview":"max-video-preview:-1"},"canonical":"https:\/\/www.vagadeempregorj.com.br\/fr\/o-modo-aviao-ainda-faz-sentido-em-2025-entenda-o-que-muda-com-o-5g\/","og_locale":"fr_FR","og_type":"article","og_title":"O modo avi\u00e3o ainda faz sentido em 2025? Entenda o que muda com o 5G -","og_description":"Veja em Vagas de Emprego RJ as vagas de emprego com e sem experi\u00eancia no seu Estado e Regi\u00e3o!","og_url":"https:\/\/www.vagadeempregorj.com.br\/fr\/o-modo-aviao-ainda-faz-sentido-em-2025-entenda-o-que-muda-com-o-5g\/","article_publisher":"https:\/\/www.facebook.com\/empregobrasiloficial","article_published_time":"2025-05-16T23:07:39+00:00","article_modified_time":"2025-10-24T23:23:36+00:00","og_image":[{"width":2560,"height":1706,"url":"https:\/\/www.vagadeempregorj.com.br\/wp-content\/uploads\/2025\/05\/cidade-inteligente-futurista-com-tecnologia-de-rede-global-5g-scaled.jpg","type":"image\/jpeg"}],"author":"Michele","twitter_card":"summary_large_image","twitter_misc":{"Written by":"Michele","Est. reading time":"6 minutes"},"schema":{"@context":"https:\/\/schema.org","@graph":[{"@type":"Article","@id":"https:\/\/www.vagadeempregorj.com.br\/o-modo-aviao-ainda-faz-sentido-em-2025-entenda-o-que-muda-com-o-5g\/#article","isPartOf":{"@id":"https:\/\/www.vagadeempregorj.com.br\/o-modo-aviao-ainda-faz-sentido-em-2025-entenda-o-que-muda-com-o-5g\/"},"author":{"name":"Michele","@id":"https:\/\/www.vagadeempregorj.com.br\/#\/schema\/person\/3ddb19fa0539706786e502152f3aae95"},"headline":"O modo avi\u00e3o ainda faz sentido em 2025? Entenda o que muda com o 5G","datePublished":"2025-05-16T23:07:39+00:00","dateModified":"2025-10-24T23:23:36+00:00","mainEntityOfPage":{"@id":"https:\/\/www.vagadeempregorj.com.br\/o-modo-aviao-ainda-faz-sentido-em-2025-entenda-o-que-muda-com-o-5g\/"},"wordCount":1154,"image":{"@id":"https:\/\/www.vagadeempregorj.com.br\/o-modo-aviao-ainda-faz-sentido-em-2025-entenda-o-que-muda-com-o-5g\/#primaryimage"},"thumbnailUrl":"https:\/\/www.vagadeempregorj.com.br\/wp-content\/uploads\/2025\/05\/cidade-inteligente-futurista-com-tecnologia-de-rede-global-5g-scaled.jpg","articleSection":["Informa\u00e7\u00e3o Tecnol\u00f3gica, Curiosidades e Cursos"],"inLanguage":"fr-FR"},{"@type":"WebPage","@id":"https:\/\/www.vagadeempregorj.com.br\/o-modo-aviao-ainda-faz-sentido-em-2025-entenda-o-que-muda-com-o-5g\/","url":"https:\/\/www.vagadeempregorj.com.br\/o-modo-aviao-ainda-faz-sentido-em-2025-entenda-o-que-muda-com-o-5g\/","name":"O modo avi\u00e3o ainda faz sentido em 2025? Entenda o que muda com o 5G -","isPartOf":{"@id":"https:\/\/www.vagadeempregorj.com.br\/#website"},"primaryImageOfPage":{"@id":"https:\/\/www.vagadeempregorj.com.br\/o-modo-aviao-ainda-faz-sentido-em-2025-entenda-o-que-muda-com-o-5g\/#primaryimage"},"image":{"@id":"https:\/\/www.vagadeempregorj.com.br\/o-modo-aviao-ainda-faz-sentido-em-2025-entenda-o-que-muda-com-o-5g\/#primaryimage"},"thumbnailUrl":"https:\/\/www.vagadeempregorj.com.br\/wp-content\/uploads\/2025\/05\/cidade-inteligente-futurista-com-tecnologia-de-rede-global-5g-scaled.jpg","datePublished":"2025-05-16T23:07:39+00:00","dateModified":"2025-10-24T23:23:36+00:00","author":{"@id":"https:\/\/www.vagadeempregorj.com.br\/#\/schema\/person\/3ddb19fa0539706786e502152f3aae95"},"description":"Veja em Vagas de Emprego RJ as vagas de emprego com e sem experi\u00eancia no seu Estado e Regi\u00e3o!","breadcrumb":{"@id":"https:\/\/www.vagadeempregorj.com.br\/o-modo-aviao-ainda-faz-sentido-em-2025-entenda-o-que-muda-com-o-5g\/#breadcrumb"},"inLanguage":"fr-FR","potentialAction":[{"@type":"ReadAction","target":["https:\/\/www.vagadeempregorj.com.br\/o-modo-aviao-ainda-faz-sentido-em-2025-entenda-o-que-muda-com-o-5g\/"]}]},{"@type":"ImageObject","inLanguage":"fr-FR","@id":"https:\/\/www.vagadeempregorj.com.br\/o-modo-aviao-ainda-faz-sentido-em-2025-entenda-o-que-muda-com-o-5g\/#primaryimage","url":"https:\/\/www.vagadeempregorj.com.br\/wp-content\/uploads\/2025\/05\/cidade-inteligente-futurista-com-tecnologia-de-rede-global-5g-scaled.jpg","contentUrl":"https:\/\/www.vagadeempregorj.com.br\/wp-content\/uploads\/2025\/05\/cidade-inteligente-futurista-com-tecnologia-de-rede-global-5g-scaled.jpg","width":2560,"height":1706},{"@type":"BreadcrumbList","@id":"https:\/\/www.vagadeempregorj.com.br\/o-modo-aviao-ainda-faz-sentido-em-2025-entenda-o-que-muda-com-o-5g\/#breadcrumb","itemListElement":[{"@type":"ListItem","position":1,"name":"In\u00edcio","item":"https:\/\/www.vagadeempregorj.com.br\/"},{"@type":"ListItem","position":2,"name":"Informa\u00e7\u00e3o Tecnol\u00f3gica, Curiosidades e Cursos","item":"https:\/\/www.vagadeempregorj.com.br\/informacao-tecnologica-e-curiosidades\/"},{"@type":"ListItem","position":3,"name":"O modo avi\u00e3o ainda faz sentido em 2025? Entenda o que muda com o 5G"}]},{"@type":"WebSite","@id":"https:\/\/www.vagadeempregorj.com.br\/#website","url":"https:\/\/www.vagadeempregorj.com.br\/","name":"","description":"Conquiste Sonhos: Vagas, Benef\u00edcios e Economia para Transformar Vidas e Alcan\u00e7ar Melhorias Cotidianas","potentialAction":[{"@type":"SearchAction","target":{"@type":"EntryPoint","urlTemplate":"https:\/\/www.vagadeempregorj.com.br\/?s={search_term_string}"},"query-input":{"@type":"PropertyValueSpecification","valueRequired":true,"valueName":"search_term_string"}}],"inLanguage":"fr-FR"},{"@type":"Person","@id":"https:\/\/www.vagadeempregorj.com.br\/#\/schema\/person\/3ddb19fa0539706786e502152f3aae95","name":"Michele","image":{"@type":"ImageObject","inLanguage":"fr-FR","@id":"https:\/\/secure.gravatar.com\/avatar\/6b0eb9d22841282815e2cd856a0061c45e1761cd54b22e952d98c4746939aa85?s=96&r=g","url":"https:\/\/secure.gravatar.com\/avatar\/6b0eb9d22841282815e2cd856a0061c45e1761cd54b22e952d98c4746939aa85?s=96&r=g","contentUrl":"https:\/\/secure.gravatar.com\/avatar\/6b0eb9d22841282815e2cd856a0061c45e1761cd54b22e952d98c4746939aa85?s=96&r=g","caption":"Michele"},"description":"Formada em Letras - Portugu\u00eas\/ Ingl\u00eas, e idealizadora do site Escritora de Sucesso, busca expandir o conhecimento de todos com informa\u00e7\u00f5es relevantes sobre diversos assuntos, enquanto redatora. No Vaga de Emprego RJ, traz oportunidades e dicas sobre o mercado de trabalho.","url":"https:\/\/www.vagadeempregorj.com.br\/fr\/author\/michele\/"}]}},"_links":{"self":[{"href":"https:\/\/www.vagadeempregorj.com.br\/fr\/wp-json\/wp\/v2\/posts\/43363","targetHints":{"allow":["GET"]}}],"collection":[{"href":"https:\/\/www.vagadeempregorj.com.br\/fr\/wp-json\/wp\/v2\/posts"}],"about":[{"href":"https:\/\/www.vagadeempregorj.com.br\/fr\/wp-json\/wp\/v2\/types\/post"}],"author":[{"embeddable":true,"href":"https:\/\/www.vagadeempregorj.com.br\/fr\/wp-json\/wp\/v2\/users\/16"}],"replies":[{"embeddable":true,"href":"https:\/\/www.vagadeempregorj.com.br\/fr\/wp-json\/wp\/v2\/comments?post=43363"}],"version-history":[{"count":3,"href":"https:\/\/www.vagadeempregorj.com.br\/fr\/wp-json\/wp\/v2\/posts\/43363\/revisions"}],"predecessor-version":[{"id":43851,"href":"https:\/\/www.vagadeempregorj.com.br\/fr\/wp-json\/wp\/v2\/posts\/43363\/revisions\/43851"}],"wp:featuredmedia":[{"embeddable":true,"href":"https:\/\/www.vagadeempregorj.com.br\/fr\/wp-json\/wp\/v2\/media\/43365"}],"wp:attachment":[{"href":"https:\/\/www.vagadeempregorj.com.br\/fr\/wp-json\/wp\/v2\/media?parent=43363"}],"wp:term":[{"taxonomy":"category","embeddable":true,"href":"https:\/\/www.vagadeempregorj.com.br\/fr\/wp-json\/wp\/v2\/categories?post=43363"},{"taxonomy":"post_tag","embeddable":true,"href":"https:\/\/www.vagadeempregorj.com.br\/fr\/wp-json\/wp\/v2\/tags?post=43363"}],"curies":[{"name":"wp","href":"https:\/\/api.w.org\/{rel}","templated":true}]}}