{"id":43372,"date":"2025-05-17T20:45:47","date_gmt":"2025-05-17T23:45:47","guid":{"rendered":"https:\/\/www.vagadeempregorj.com.br\/?p=43372"},"modified":"2025-10-24T20:23:10","modified_gmt":"2025-10-24T23:23:10","slug":"o-que-dizer-na-entrevista-de-emprego-para-garantir-a-vaga","status":"publish","type":"post","link":"https:\/\/www.vagadeempregorj.com.br\/fr\/o-que-dizer-na-entrevista-de-emprego-para-garantir-a-vaga\/","title":{"rendered":"O que dizer na entrevista de emprego para garantir a vaga?"},"content":{"rendered":"<p class=\"has-text-align-center\"><strong>Garanta sua vaga!<\/strong><\/p>\n\n\n\n<div class=\"wp-block-buttons is-vertical is-content-justification-center is-layout-flex wp-container-core-buttons-is-layout-9a7cdcfd wp-block-buttons-is-layout-flex\">\n<div class=\"wp-block-button has-custom-width wp-block-button__width-100\"><a class=\"wp-block-button__link has-white-color has-text-color has-background has-link-color wp-element-button\" href=\"https:\/\/www.vagadeempregorj.com.br\/fr\/internet-gratis-no-celular-3-formas-de-gastar-menos-com-wi-fi\/\" style=\"border-radius:12px;background-color:#0a5580\">Quer Internet de Gra\u00e7a? Veja Essa Ferramenta<\/a><\/div>\n\n\n\n<div class=\"wp-block-button has-custom-width wp-block-button__width-100\"><a class=\"wp-block-button__link has-white-color has-luminous-vivid-orange-background-color has-text-color has-background has-link-color wp-element-button\" href=\"https:\/\/www.vagadeempregorj.com.br\/fr\/internet-gratis-da-claro-veja-como-acessar-e-configurar\/\" style=\"border-radius:12px\">Internet Gr\u00e1tis no Celular pela Claro<\/a><\/div>\n\n\n\n<div class=\"wp-block-button has-custom-width wp-block-button__width-100\"><a class=\"wp-block-button__link has-white-color has-luminous-vivid-amber-background-color has-text-color has-background has-link-color wp-element-button\" href=\"https:\/\/www.vagadeempregorj.com.br\/fr\/emprego-na-internet-6-empresas-que-contratam-online\/\" style=\"border-radius:12px\">Emprego na Internet: Veja Empresas Contratando<\/a><\/div>\n<\/div>\n\n\n\n<p>Saber <strong>o que dizer na entrevista de emprego<\/strong> pode ser o ponto de virada entre ser escolhido ou descartado. N\u00e3o basta ter um bom curr\u00edculo: a forma como voc\u00ea se comunica, as palavras que escolhe e o jeito como fala de si mesmo impactam diretamente a decis\u00e3o do recrutador.<\/p>\n\n\n\n<p>A boa not\u00edcia \u00e9 que existem formas estrat\u00e9gicas de responder perguntas comuns sem parecer rob\u00f3tico \u2014 e, ao mesmo tempo, mostrar quem voc\u00ea \u00e9 de verdade. A seguir, voc\u00ea vai descobrir exatamente <strong>o que dizer na entrevista de emprego<\/strong> para aumentar suas chances de sair com a vaga garantida.<\/p>\n\n\n\n<h2 class=\"wp-block-heading\">Comece com uma apresenta\u00e7\u00e3o simples e segura<\/h2>\n\n\n\n<p>Quando o recrutador pede para voc\u00ea \u201cfalar um pouco sobre voc\u00ea\u201d, evite contar sua hist\u00f3ria de vida desde o in\u00edcio. Foque em um resumo profissional que destaque suas principais experi\u00eancias e o que te trouxe at\u00e9 ali.<\/p>\n\n\n\n<p>Voc\u00ea pode dizer algo como:<\/p>\n\n\n\n<blockquote class=\"wp-block-quote is-layout-flow wp-block-quote-is-layout-flow\">\n<p>\u201cTenho X anos de experi\u00eancia na \u00e1rea de atendimento, com foco em resolver problemas de forma r\u00e1pida e emp\u00e1tica. Gosto de ambientes din\u00e2micos e acredito que posso contribuir muito com meu perfil colaborativo e vontade de aprender.\u201d<\/p>\n<\/blockquote>\n\n\n\n<p>Essa resposta mostra que voc\u00ea sabe <strong>quem \u00e9 profissionalmente<\/strong> e tem consci\u00eancia do que pode oferecer.<\/p>\n\n\n\n<h2 class=\"wp-block-heading\">Mostre que voc\u00ea pesquisou sobre a empresa<\/h2>\n\n\n\n<p>Essa parte \u00e9 decisiva. Ao demonstrar que voc\u00ea conhece a empresa, seus valores ou projetos recentes, voc\u00ea transmite interesse real. Um bom exemplo seria:<\/p>\n\n\n\n<blockquote class=\"wp-block-quote is-layout-flow wp-block-quote-is-layout-flow\">\n<p>\u201cMe chamou aten\u00e7\u00e3o o trabalho que a empresa tem feito com sustentabilidade nos \u00faltimos anos. Gosto da ideia de fazer parte de um time que se preocupa com o impacto que causa no mundo.\u201d<\/p>\n<\/blockquote>\n\n\n\n<p>N\u00e3o precisa bajular. O ideal \u00e9 falar algo verdadeiro e que tenha a ver com voc\u00ea.<\/p>\n\n\n\n<h2 class=\"wp-block-heading\">Destaque conquistas, n\u00e3o s\u00f3 tarefas<\/h2>\n\n\n\n<p>Ao falar das suas experi\u00eancias anteriores, evite listar fun\u00e7\u00f5es repetitivas. Em vez disso, destaque resultados alcan\u00e7ados, mesmo que simples. Exemplo:<\/p>\n\n\n\n<blockquote class=\"wp-block-quote is-layout-flow wp-block-quote-is-layout-flow\">\n<p>\u201cNa empresa anterior, al\u00e9m de atender os clientes, consegui diminuir o tempo de resposta no WhatsApp em 30%, criando um modelo de mensagens mais eficiente.\u201d<\/p>\n<\/blockquote>\n\n\n\n<p>Isso mostra <strong>proatividade e resultado<\/strong>, e o recrutador se lembra de voc\u00ea por isso.<\/p>\n\n\n\n<h2 class=\"wp-block-heading\">Use frases que demonstram flexibilidade<\/h2>\n\n\n\n<p>Empresas valorizam quem <strong>se adapta e aprende r\u00e1pido<\/strong>. Algumas frases-chave para isso s\u00e3o:<\/p>\n\n\n\n<ul class=\"wp-block-list\">\n<li>\u201cTenho facilidade para me adaptar a diferentes rotinas.\u201d<\/li>\n\n\n\n<li>\u201cGosto de aprender e estou sempre buscando evoluir.\u201d<\/li>\n\n\n\n<li>\u201cSou flex\u00edvel com mudan\u00e7as e encaro desafios como oportunidades.\u201d<\/li>\n<\/ul>\n\n\n\n<p>Use essas frases com sinceridade. Elas ajudam a moldar uma imagem profissional mais interessante.<\/p>\n\n\n\n<h2 class=\"wp-block-heading\">O que dizer quando perguntam sobre seus defeitos?<\/h2>\n\n\n\n<p>Essa pergunta \u00e9 cl\u00e1ssica \u2014 e pegajosa. A melhor estrat\u00e9gia \u00e9 citar um ponto real, mas mostrar que voc\u00ea est\u00e1 trabalhando nisso. Como aqui:<\/p>\n\n\n\n<blockquote class=\"wp-block-quote is-layout-flow wp-block-quote-is-layout-flow\">\n<p>\u201cSou um pouco perfeccionista, o que \u00e0s vezes me faz gastar mais tempo que o necess\u00e1rio em uma tarefa. Mas tenho aprendido a gerenciar melhor meu tempo e confiar mais no resultado.\u201d<\/p>\n<\/blockquote>\n\n\n\n<p>Ou ainda:<\/p>\n\n\n\n<blockquote class=\"wp-block-quote is-layout-flow wp-block-quote-is-layout-flow\">\n<p>\u201cTinha dificuldade em delegar tarefas, mas entendi que confiar no time faz tudo funcionar melhor.\u201d<\/p>\n<\/blockquote>\n\n\n\n<p>Mostre autoconhecimento e evolu\u00e7\u00e3o.<\/p>\n\n\n\n<h2 class=\"wp-block-heading\">Evite respostas gen\u00e9ricas<\/h2>\n\n\n\n<p>Na entrevista, o que te diferencia s\u00e3o os detalhes. Ent\u00e3o evite frases prontas como \u201csou comprometido\u201d ou \u201ctrabalho bem em equipe\u201d se n\u00e3o vierem com um contexto.<\/p>\n\n\n\n<p>Em vez disso, diga:<\/p>\n\n\n\n<blockquote class=\"wp-block-quote is-layout-flow wp-block-quote-is-layout-flow\">\n<p>\u201cGosto de trabalhar em equipe porque acredito que cada pessoa v\u00ea o problema de um \u00e2ngulo diferente \u2014 e isso enriquece as solu\u00e7\u00f5es.\u201d<\/p>\n<\/blockquote>\n\n\n\n<p>Dessa forma, voc\u00ea mostra o <strong>porqu\u00ea<\/strong> da sua habilidade e torna sua fala mais aut\u00eantica.<\/p>\n\n\n\n<h2 class=\"wp-block-heading\">Encerre com uma frase de valor<\/h2>\n\n\n\n<p>Antes de sair da entrevista, \u00e9 importante refor\u00e7ar seu interesse pela vaga. Algo simples e sincero funciona:<\/p>\n\n\n\n<blockquote class=\"wp-block-quote is-layout-flow wp-block-quote-is-layout-flow\">\n<p>\u201cGostei muito de entender mais sobre a vaga e acredito que posso contribuir com dedica\u00e7\u00e3o e boas ideias. Estou empolgado com a possibilidade de fazer parte da equipe.\u201d<\/p>\n<\/blockquote>\n\n\n\n<p>Essa frase mostra que voc\u00ea <strong>realmente quer estar ali<\/strong>, sem soar for\u00e7ado.<\/p>\n\n\n\n<h2 class=\"wp-block-heading\">E se perguntarem sobre sal\u00e1rio?<\/h2>\n\n\n\n<p>Se a empresa n\u00e3o deu nenhuma faixa de valor e voc\u00ea n\u00e3o quer perder a vaga por parecer exigente, use uma resposta neutra e aberta:<\/p>\n\n\n\n<blockquote class=\"wp-block-quote is-layout-flow wp-block-quote-is-layout-flow\">\n<p>\u201cEstou aberto a conversar sobre a proposta da empresa. Tenho mais interesse no aprendizado e crescimento nesse momento.\u201d<\/p>\n<\/blockquote>\n\n\n\n<p>Caso a empresa queira um n\u00famero, diga:<\/p>\n\n\n\n<blockquote class=\"wp-block-quote is-layout-flow wp-block-quote-is-layout-flow\">\n<p>\u201cCom base no mercado e na fun\u00e7\u00e3o, acredito que algo em torno de R$X seria justo. Mas estou aberto a negocia\u00e7\u00e3o.\u201d<\/p>\n<\/blockquote>\n\n\n\n<p>O importante \u00e9 ser honesto e respeitoso \u2014 e nunca jogar um n\u00famero sem pensar.<\/p>\n\n\n\n<h2 class=\"wp-block-heading\">Mostre que est\u00e1 pronto para aprender<\/h2>\n\n\n\n<p>Muitas empresas preferem contratar algu\u00e9m com vontade de aprender do que algu\u00e9m que j\u00e1 sabe tudo, mas \u00e9 arrogante. Frases que transmitem isso:<\/p>\n\n\n\n<ul class=\"wp-block-list\">\n<li>\u201cGosto de receber feedbacks e uso isso para melhorar.\u201d<\/li>\n\n\n\n<li>\u201cSe eu n\u00e3o sei algo, procuro entender o mais r\u00e1pido poss\u00edvel.\u201d<\/li>\n\n\n\n<li>\u201cTenho facilidade para aprender com a pr\u00e1tica.\u201d<\/li>\n<\/ul>\n\n\n\n<p>Essas frases mostram <strong>disposi\u00e7\u00e3o e humildade<\/strong>, qualidades muito valorizadas no ambiente de trabalho.<\/p>\n\n\n\n<h2 class=\"wp-block-heading\">Nunca saia da entrevista sem fazer uma pergunta<\/h2>\n\n\n\n<p>Sim, voc\u00ea tamb\u00e9m pode (e deve) fazer perguntas. Isso mostra interesse e aten\u00e7\u00e3o. Pergunte coisas como:<\/p>\n\n\n\n<ul class=\"wp-block-list\">\n<li>\u201cComo \u00e9 a rotina dessa fun\u00e7\u00e3o no dia a dia?\u201d<\/li>\n\n\n\n<li>\u201cExiste algum treinamento no in\u00edcio?\u201d<\/li>\n\n\n\n<li>\u201cComo \u00e9 o perfil do time com quem eu trabalharia?\u201d<\/li>\n<\/ul>\n\n\n\n<p>Evite perguntar sobre sal\u00e1rio ou benef\u00edcios logo de cara. Guarde isso para o momento certo, se ainda n\u00e3o tiver sido falado.<\/p>\n\n\n\n<p><strong>Veja tamb\u00e9m: <a href=\"https:\/\/www.vagadeempregorj.com.br\/fr\/acessar-wi-fi-gratis-pelo-celular-2\/\">Acessar wi-fi gr\u00e1tis pelo celular<\/a><\/strong><\/p>\n\n\n\n<p>17 de maio de 2025<\/p>","protected":false},"excerpt":{"rendered":"<p>Garanta sua vaga! Saber o que dizer na entrevista de emprego pode ser o ponto de virada entre ser escolhido ou descartado. N\u00e3o basta ter um bom curr\u00edculo: a forma como voc\u00ea se comunica, as palavras que escolhe e o jeito como fala de si mesmo impactam diretamente a decis\u00e3o do recrutador. A boa not\u00edcia&hellip;&nbsp;<\/p>","protected":false},"author":16,"featured_media":43376,"comment_status":"closed","ping_status":"closed","sticky":false,"template":"","format":"standard","meta":{"neve_meta_sidebar":"","neve_meta_container":"","neve_meta_enable_content_width":"","neve_meta_content_width":0,"neve_meta_title_alignment":"","neve_meta_author_avatar":"","neve_post_elements_order":"","neve_meta_disable_header":"","neve_meta_disable_footer":"","neve_meta_disable_title":"","footnotes":""},"categories":[123],"tags":[],"class_list":["post-43372","post","type-post","status-publish","format-standard","has-post-thumbnail","hentry","category-vagas-de-emprego-nacionais"],"yoast_head":"<!-- This site is optimized with the Yoast SEO plugin v27.5 - https:\/\/yoast.com\/product\/yoast-seo-wordpress\/ -->\n<title>O que dizer na entrevista de emprego para garantir a vaga? -<\/title>\n<meta name=\"description\" content=\"Veja em Vagas de Emprego RJ as vagas de emprego com e sem experi\u00eancia no seu Estado e Regi\u00e3o!\" \/>\n<meta name=\"robots\" content=\"index, follow, max-snippet:-1, max-image-preview:large, max-video-preview:-1\" \/>\n<link rel=\"canonical\" href=\"https:\/\/www.vagadeempregorj.com.br\/fr\/o-que-dizer-na-entrevista-de-emprego-para-garantir-a-vaga\/\" \/>\n<meta property=\"og:locale\" content=\"fr_FR\" \/>\n<meta property=\"og:type\" content=\"article\" \/>\n<meta property=\"og:title\" content=\"O que dizer na entrevista de emprego para garantir a vaga? -\" \/>\n<meta property=\"og:description\" content=\"Veja em Vagas de Emprego RJ as vagas de emprego com e sem experi\u00eancia no seu Estado e Regi\u00e3o!\" \/>\n<meta property=\"og:url\" content=\"https:\/\/www.vagadeempregorj.com.br\/fr\/o-que-dizer-na-entrevista-de-emprego-para-garantir-a-vaga\/\" \/>\n<meta property=\"article:publisher\" content=\"https:\/\/www.facebook.com\/empregobrasiloficial\" \/>\n<meta property=\"article:published_time\" content=\"2025-05-17T23:45:47+00:00\" \/>\n<meta property=\"article:modified_time\" content=\"2025-10-24T23:23:10+00:00\" \/>\n<meta property=\"og:image\" content=\"https:\/\/www.vagadeempregorj.com.br\/wp-content\/uploads\/2025\/05\/entrevista-de-emprego-1024x683.png\" \/>\n\t<meta property=\"og:image:width\" content=\"1024\" \/>\n\t<meta property=\"og:image:height\" content=\"683\" \/>\n\t<meta property=\"og:image:type\" content=\"image\/png\" \/>\n<meta name=\"author\" content=\"Michele\" \/>\n<meta name=\"twitter:card\" content=\"summary_large_image\" \/>\n<meta name=\"twitter:label1\" content=\"Written by\" \/>\n\t<meta name=\"twitter:data1\" content=\"Michele\" \/>\n\t<meta name=\"twitter:label2\" content=\"Est. reading time\" \/>\n\t<meta name=\"twitter:data2\" content=\"5 minutes\" \/>\n<script type=\"application\/ld+json\" class=\"yoast-schema-graph\">{\"@context\":\"https:\\\/\\\/schema.org\",\"@graph\":[{\"@type\":\"Article\",\"@id\":\"https:\\\/\\\/www.vagadeempregorj.com.br\\\/o-que-dizer-na-entrevista-de-emprego-para-garantir-a-vaga\\\/#article\",\"isPartOf\":{\"@id\":\"https:\\\/\\\/www.vagadeempregorj.com.br\\\/o-que-dizer-na-entrevista-de-emprego-para-garantir-a-vaga\\\/\"},\"author\":{\"name\":\"Michele\",\"@id\":\"https:\\\/\\\/www.vagadeempregorj.com.br\\\/#\\\/schema\\\/person\\\/3ddb19fa0539706786e502152f3aae95\"},\"headline\":\"O que dizer na entrevista de emprego para garantir a vaga?\",\"datePublished\":\"2025-05-17T23:45:47+00:00\",\"dateModified\":\"2025-10-24T23:23:10+00:00\",\"mainEntityOfPage\":{\"@id\":\"https:\\\/\\\/www.vagadeempregorj.com.br\\\/o-que-dizer-na-entrevista-de-emprego-para-garantir-a-vaga\\\/\"},\"wordCount\":943,\"image\":{\"@id\":\"https:\\\/\\\/www.vagadeempregorj.com.br\\\/o-que-dizer-na-entrevista-de-emprego-para-garantir-a-vaga\\\/#primaryimage\"},\"thumbnailUrl\":\"https:\\\/\\\/www.vagadeempregorj.com.br\\\/wp-content\\\/uploads\\\/2025\\\/05\\\/entrevista-de-emprego.png\",\"articleSection\":[\"Vagas de Emprego Nacionais\"],\"inLanguage\":\"fr-FR\"},{\"@type\":\"WebPage\",\"@id\":\"https:\\\/\\\/www.vagadeempregorj.com.br\\\/o-que-dizer-na-entrevista-de-emprego-para-garantir-a-vaga\\\/\",\"url\":\"https:\\\/\\\/www.vagadeempregorj.com.br\\\/o-que-dizer-na-entrevista-de-emprego-para-garantir-a-vaga\\\/\",\"name\":\"O que dizer na entrevista de emprego para garantir a vaga? -\",\"isPartOf\":{\"@id\":\"https:\\\/\\\/www.vagadeempregorj.com.br\\\/#website\"},\"primaryImageOfPage\":{\"@id\":\"https:\\\/\\\/www.vagadeempregorj.com.br\\\/o-que-dizer-na-entrevista-de-emprego-para-garantir-a-vaga\\\/#primaryimage\"},\"image\":{\"@id\":\"https:\\\/\\\/www.vagadeempregorj.com.br\\\/o-que-dizer-na-entrevista-de-emprego-para-garantir-a-vaga\\\/#primaryimage\"},\"thumbnailUrl\":\"https:\\\/\\\/www.vagadeempregorj.com.br\\\/wp-content\\\/uploads\\\/2025\\\/05\\\/entrevista-de-emprego.png\",\"datePublished\":\"2025-05-17T23:45:47+00:00\",\"dateModified\":\"2025-10-24T23:23:10+00:00\",\"author\":{\"@id\":\"https:\\\/\\\/www.vagadeempregorj.com.br\\\/#\\\/schema\\\/person\\\/3ddb19fa0539706786e502152f3aae95\"},\"description\":\"Veja em Vagas de Emprego RJ as vagas de emprego com e sem experi\u00eancia no seu Estado e Regi\u00e3o!\",\"breadcrumb\":{\"@id\":\"https:\\\/\\\/www.vagadeempregorj.com.br\\\/o-que-dizer-na-entrevista-de-emprego-para-garantir-a-vaga\\\/#breadcrumb\"},\"inLanguage\":\"fr-FR\",\"potentialAction\":[{\"@type\":\"ReadAction\",\"target\":[\"https:\\\/\\\/www.vagadeempregorj.com.br\\\/o-que-dizer-na-entrevista-de-emprego-para-garantir-a-vaga\\\/\"]}]},{\"@type\":\"ImageObject\",\"inLanguage\":\"fr-FR\",\"@id\":\"https:\\\/\\\/www.vagadeempregorj.com.br\\\/o-que-dizer-na-entrevista-de-emprego-para-garantir-a-vaga\\\/#primaryimage\",\"url\":\"https:\\\/\\\/www.vagadeempregorj.com.br\\\/wp-content\\\/uploads\\\/2025\\\/05\\\/entrevista-de-emprego.png\",\"contentUrl\":\"https:\\\/\\\/www.vagadeempregorj.com.br\\\/wp-content\\\/uploads\\\/2025\\\/05\\\/entrevista-de-emprego.png\",\"width\":1536,\"height\":1024},{\"@type\":\"BreadcrumbList\",\"@id\":\"https:\\\/\\\/www.vagadeempregorj.com.br\\\/o-que-dizer-na-entrevista-de-emprego-para-garantir-a-vaga\\\/#breadcrumb\",\"itemListElement\":[{\"@type\":\"ListItem\",\"position\":1,\"name\":\"In\u00edcio\",\"item\":\"https:\\\/\\\/www.vagadeempregorj.com.br\\\/\"},{\"@type\":\"ListItem\",\"position\":2,\"name\":\"Vagas de Emprego Nacionais\",\"item\":\"https:\\\/\\\/www.vagadeempregorj.com.br\\\/vagas-de-emprego-nacionais\\\/\"},{\"@type\":\"ListItem\",\"position\":3,\"name\":\"O que dizer na entrevista de emprego para garantir a vaga?\"}]},{\"@type\":\"WebSite\",\"@id\":\"https:\\\/\\\/www.vagadeempregorj.com.br\\\/#website\",\"url\":\"https:\\\/\\\/www.vagadeempregorj.com.br\\\/\",\"name\":\"\",\"description\":\"Conquiste Sonhos: Vagas, Benef\u00edcios e Economia para Transformar Vidas e Alcan\u00e7ar Melhorias Cotidianas\",\"potentialAction\":[{\"@type\":\"SearchAction\",\"target\":{\"@type\":\"EntryPoint\",\"urlTemplate\":\"https:\\\/\\\/www.vagadeempregorj.com.br\\\/?s={search_term_string}\"},\"query-input\":{\"@type\":\"PropertyValueSpecification\",\"valueRequired\":true,\"valueName\":\"search_term_string\"}}],\"inLanguage\":\"fr-FR\"},{\"@type\":\"Person\",\"@id\":\"https:\\\/\\\/www.vagadeempregorj.com.br\\\/#\\\/schema\\\/person\\\/3ddb19fa0539706786e502152f3aae95\",\"name\":\"Michele\",\"image\":{\"@type\":\"ImageObject\",\"inLanguage\":\"fr-FR\",\"@id\":\"https:\\\/\\\/secure.gravatar.com\\\/avatar\\\/6b0eb9d22841282815e2cd856a0061c45e1761cd54b22e952d98c4746939aa85?s=96&r=g\",\"url\":\"https:\\\/\\\/secure.gravatar.com\\\/avatar\\\/6b0eb9d22841282815e2cd856a0061c45e1761cd54b22e952d98c4746939aa85?s=96&r=g\",\"contentUrl\":\"https:\\\/\\\/secure.gravatar.com\\\/avatar\\\/6b0eb9d22841282815e2cd856a0061c45e1761cd54b22e952d98c4746939aa85?s=96&r=g\",\"caption\":\"Michele\"},\"description\":\"Formada em Letras - Portugu\u00eas\\\/ Ingl\u00eas, e idealizadora do site Escritora de Sucesso, busca expandir o conhecimento de todos com informa\u00e7\u00f5es relevantes sobre diversos assuntos, enquanto redatora. No Vaga de Emprego RJ, traz oportunidades e dicas sobre o mercado de trabalho.\",\"url\":\"https:\\\/\\\/www.vagadeempregorj.com.br\\\/fr\\\/author\\\/michele\\\/\"}]}<\/script>\n<!-- \/ Yoast SEO plugin. -->","yoast_head_json":{"title":"O que dizer na entrevista de emprego para garantir a vaga? -","description":"Veja em Vagas de Emprego RJ as vagas de emprego com e sem experi\u00eancia no seu Estado e Regi\u00e3o!","robots":{"index":"index","follow":"follow","max-snippet":"max-snippet:-1","max-image-preview":"max-image-preview:large","max-video-preview":"max-video-preview:-1"},"canonical":"https:\/\/www.vagadeempregorj.com.br\/fr\/o-que-dizer-na-entrevista-de-emprego-para-garantir-a-vaga\/","og_locale":"fr_FR","og_type":"article","og_title":"O que dizer na entrevista de emprego para garantir a vaga? -","og_description":"Veja em Vagas de Emprego RJ as vagas de emprego com e sem experi\u00eancia no seu Estado e Regi\u00e3o!","og_url":"https:\/\/www.vagadeempregorj.com.br\/fr\/o-que-dizer-na-entrevista-de-emprego-para-garantir-a-vaga\/","article_publisher":"https:\/\/www.facebook.com\/empregobrasiloficial","article_published_time":"2025-05-17T23:45:47+00:00","article_modified_time":"2025-10-24T23:23:10+00:00","og_image":[{"width":1024,"height":683,"url":"https:\/\/www.vagadeempregorj.com.br\/wp-content\/uploads\/2025\/05\/entrevista-de-emprego-1024x683.png","type":"image\/png"}],"author":"Michele","twitter_card":"summary_large_image","twitter_misc":{"Written by":"Michele","Est. reading time":"5 minutes"},"schema":{"@context":"https:\/\/schema.org","@graph":[{"@type":"Article","@id":"https:\/\/www.vagadeempregorj.com.br\/o-que-dizer-na-entrevista-de-emprego-para-garantir-a-vaga\/#article","isPartOf":{"@id":"https:\/\/www.vagadeempregorj.com.br\/o-que-dizer-na-entrevista-de-emprego-para-garantir-a-vaga\/"},"author":{"name":"Michele","@id":"https:\/\/www.vagadeempregorj.com.br\/#\/schema\/person\/3ddb19fa0539706786e502152f3aae95"},"headline":"O que dizer na entrevista de emprego para garantir a vaga?","datePublished":"2025-05-17T23:45:47+00:00","dateModified":"2025-10-24T23:23:10+00:00","mainEntityOfPage":{"@id":"https:\/\/www.vagadeempregorj.com.br\/o-que-dizer-na-entrevista-de-emprego-para-garantir-a-vaga\/"},"wordCount":943,"image":{"@id":"https:\/\/www.vagadeempregorj.com.br\/o-que-dizer-na-entrevista-de-emprego-para-garantir-a-vaga\/#primaryimage"},"thumbnailUrl":"https:\/\/www.vagadeempregorj.com.br\/wp-content\/uploads\/2025\/05\/entrevista-de-emprego.png","articleSection":["Vagas de Emprego Nacionais"],"inLanguage":"fr-FR"},{"@type":"WebPage","@id":"https:\/\/www.vagadeempregorj.com.br\/o-que-dizer-na-entrevista-de-emprego-para-garantir-a-vaga\/","url":"https:\/\/www.vagadeempregorj.com.br\/o-que-dizer-na-entrevista-de-emprego-para-garantir-a-vaga\/","name":"O que dizer na entrevista de emprego para garantir a vaga? -","isPartOf":{"@id":"https:\/\/www.vagadeempregorj.com.br\/#website"},"primaryImageOfPage":{"@id":"https:\/\/www.vagadeempregorj.com.br\/o-que-dizer-na-entrevista-de-emprego-para-garantir-a-vaga\/#primaryimage"},"image":{"@id":"https:\/\/www.vagadeempregorj.com.br\/o-que-dizer-na-entrevista-de-emprego-para-garantir-a-vaga\/#primaryimage"},"thumbnailUrl":"https:\/\/www.vagadeempregorj.com.br\/wp-content\/uploads\/2025\/05\/entrevista-de-emprego.png","datePublished":"2025-05-17T23:45:47+00:00","dateModified":"2025-10-24T23:23:10+00:00","author":{"@id":"https:\/\/www.vagadeempregorj.com.br\/#\/schema\/person\/3ddb19fa0539706786e502152f3aae95"},"description":"Veja em Vagas de Emprego RJ as vagas de emprego com e sem experi\u00eancia no seu Estado e Regi\u00e3o!","breadcrumb":{"@id":"https:\/\/www.vagadeempregorj.com.br\/o-que-dizer-na-entrevista-de-emprego-para-garantir-a-vaga\/#breadcrumb"},"inLanguage":"fr-FR","potentialAction":[{"@type":"ReadAction","target":["https:\/\/www.vagadeempregorj.com.br\/o-que-dizer-na-entrevista-de-emprego-para-garantir-a-vaga\/"]}]},{"@type":"ImageObject","inLanguage":"fr-FR","@id":"https:\/\/www.vagadeempregorj.com.br\/o-que-dizer-na-entrevista-de-emprego-para-garantir-a-vaga\/#primaryimage","url":"https:\/\/www.vagadeempregorj.com.br\/wp-content\/uploads\/2025\/05\/entrevista-de-emprego.png","contentUrl":"https:\/\/www.vagadeempregorj.com.br\/wp-content\/uploads\/2025\/05\/entrevista-de-emprego.png","width":1536,"height":1024},{"@type":"BreadcrumbList","@id":"https:\/\/www.vagadeempregorj.com.br\/o-que-dizer-na-entrevista-de-emprego-para-garantir-a-vaga\/#breadcrumb","itemListElement":[{"@type":"ListItem","position":1,"name":"In\u00edcio","item":"https:\/\/www.vagadeempregorj.com.br\/"},{"@type":"ListItem","position":2,"name":"Vagas de Emprego Nacionais","item":"https:\/\/www.vagadeempregorj.com.br\/vagas-de-emprego-nacionais\/"},{"@type":"ListItem","position":3,"name":"O que dizer na entrevista de emprego para garantir a vaga?"}]},{"@type":"WebSite","@id":"https:\/\/www.vagadeempregorj.com.br\/#website","url":"https:\/\/www.vagadeempregorj.com.br\/","name":"","description":"Conquiste Sonhos: Vagas, Benef\u00edcios e Economia para Transformar Vidas e Alcan\u00e7ar Melhorias Cotidianas","potentialAction":[{"@type":"SearchAction","target":{"@type":"EntryPoint","urlTemplate":"https:\/\/www.vagadeempregorj.com.br\/?s={search_term_string}"},"query-input":{"@type":"PropertyValueSpecification","valueRequired":true,"valueName":"search_term_string"}}],"inLanguage":"fr-FR"},{"@type":"Person","@id":"https:\/\/www.vagadeempregorj.com.br\/#\/schema\/person\/3ddb19fa0539706786e502152f3aae95","name":"Michele","image":{"@type":"ImageObject","inLanguage":"fr-FR","@id":"https:\/\/secure.gravatar.com\/avatar\/6b0eb9d22841282815e2cd856a0061c45e1761cd54b22e952d98c4746939aa85?s=96&r=g","url":"https:\/\/secure.gravatar.com\/avatar\/6b0eb9d22841282815e2cd856a0061c45e1761cd54b22e952d98c4746939aa85?s=96&r=g","contentUrl":"https:\/\/secure.gravatar.com\/avatar\/6b0eb9d22841282815e2cd856a0061c45e1761cd54b22e952d98c4746939aa85?s=96&r=g","caption":"Michele"},"description":"Formada em Letras - Portugu\u00eas\/ Ingl\u00eas, e idealizadora do site Escritora de Sucesso, busca expandir o conhecimento de todos com informa\u00e7\u00f5es relevantes sobre diversos assuntos, enquanto redatora. No Vaga de Emprego RJ, traz oportunidades e dicas sobre o mercado de trabalho.","url":"https:\/\/www.vagadeempregorj.com.br\/fr\/author\/michele\/"}]}},"_links":{"self":[{"href":"https:\/\/www.vagadeempregorj.com.br\/fr\/wp-json\/wp\/v2\/posts\/43372","targetHints":{"allow":["GET"]}}],"collection":[{"href":"https:\/\/www.vagadeempregorj.com.br\/fr\/wp-json\/wp\/v2\/posts"}],"about":[{"href":"https:\/\/www.vagadeempregorj.com.br\/fr\/wp-json\/wp\/v2\/types\/post"}],"author":[{"embeddable":true,"href":"https:\/\/www.vagadeempregorj.com.br\/fr\/wp-json\/wp\/v2\/users\/16"}],"replies":[{"embeddable":true,"href":"https:\/\/www.vagadeempregorj.com.br\/fr\/wp-json\/wp\/v2\/comments?post=43372"}],"version-history":[{"count":3,"href":"https:\/\/www.vagadeempregorj.com.br\/fr\/wp-json\/wp\/v2\/posts\/43372\/revisions"}],"predecessor-version":[{"id":43848,"href":"https:\/\/www.vagadeempregorj.com.br\/fr\/wp-json\/wp\/v2\/posts\/43372\/revisions\/43848"}],"wp:featuredmedia":[{"embeddable":true,"href":"https:\/\/www.vagadeempregorj.com.br\/fr\/wp-json\/wp\/v2\/media\/43376"}],"wp:attachment":[{"href":"https:\/\/www.vagadeempregorj.com.br\/fr\/wp-json\/wp\/v2\/media?parent=43372"}],"wp:term":[{"taxonomy":"category","embeddable":true,"href":"https:\/\/www.vagadeempregorj.com.br\/fr\/wp-json\/wp\/v2\/categories?post=43372"},{"taxonomy":"post_tag","embeddable":true,"href":"https:\/\/www.vagadeempregorj.com.br\/fr\/wp-json\/wp\/v2\/tags?post=43372"}],"curies":[{"name":"wp","href":"https:\/\/api.w.org\/{rel}","templated":true}]}}