{"id":43391,"date":"2025-05-21T00:10:53","date_gmt":"2025-05-21T03:10:53","guid":{"rendered":"https:\/\/www.vagadeempregorj.com.br\/?p=43391"},"modified":"2025-10-24T20:22:37","modified_gmt":"2025-10-24T23:22:37","slug":"jovem-aprendiz-assai-2025-inscricao-aberta-em-todo-o-brasil","status":"publish","type":"post","link":"https:\/\/www.vagadeempregorj.com.br\/fr\/jovem-aprendiz-assai-2025-inscricao-aberta-em-todo-o-brasil\/","title":{"rendered":"Jovem Aprendiz Assa\u00ed 2025: inscri\u00e7\u00e3o aberta em todo o Brasil"},"content":{"rendered":"<p class=\"has-text-align-center\"><strong>Quer garantir sua vaga?<\/strong><\/p>\n\n\n\n<div class=\"wp-block-buttons is-vertical is-content-justification-center is-layout-flex wp-container-core-buttons-is-layout-9a7cdcfd wp-block-buttons-is-layout-flex\">\n<div class=\"wp-block-button has-custom-width wp-block-button__width-100\"><a class=\"wp-block-button__link has-white-color has-vivid-green-cyan-background-color has-text-color has-background has-link-color wp-element-button\" href=\"https:\/\/www.vagadeempregorj.com.br\/fr\/internet-gratis-no-celular-3-formas-de-gastar-menos-com-wi-fi\/\" style=\"border-radius:12px\">Quer Internet de Gra\u00e7a? Veja Essa Ferramenta<\/a><\/div>\n\n\n\n<div class=\"wp-block-button has-custom-width wp-block-button__width-100\"><a class=\"wp-block-button__link has-white-color has-luminous-vivid-orange-background-color has-text-color has-background has-link-color wp-element-button\" href=\"https:\/\/www.vagadeempregorj.com.br\/fr\/internet-gratis-da-claro-veja-como-acessar-e-configurar\/\" style=\"border-radius:12px\">Internet Gr\u00e1tis no Celular pela Claro<\/a><\/div>\n\n\n\n<div class=\"wp-block-button has-custom-width wp-block-button__width-100\"><a class=\"wp-block-button__link has-white-color has-vivid-red-background-color has-text-color has-background has-link-color wp-element-button\" href=\"https:\/\/www.vagadeempregorj.com.br\/fr\/emprego-na-internet-6-empresas-que-contratam-online\/\" style=\"border-radius:12px\">Emprego na Internet: Veja Empresas Contratando<\/a><\/div>\n<\/div>\n\n\n\n<p>Se voc\u00ea tem entre 14 e 24 anos e quer conquistar sua primeira experi\u00eancia com todos os direitos garantidos por lei, chegou a hora de aproveitar. O <strong>Assa\u00ed Atacadista abriu inscri\u00e7\u00f5es para o Programa Jovem Aprendiz 2025<\/strong>, com vagas dispon\u00edveis em diversas regi\u00f5es do Brasil.<\/p>\n\n\n\n<p>Mais do que um emprego tempor\u00e1rio, essa \u00e9 uma porta de entrada para o mercado formal, com possibilidade de efetiva\u00e7\u00e3o, aprendizado profissional e desenvolvimento pessoal. O programa j\u00e1 transformou a vida de milhares de jovens \u2014 e pode ser a sua vez agora.<\/p>\n\n\n\n<h2 class=\"wp-block-heading\">O que \u00e9 o Programa Jovem Aprendiz Assa\u00ed?<\/h2>\n\n\n\n<p>O Jovem Aprendiz \u00e9 uma iniciativa que conecta jovens sem experi\u00eancia ao mercado de trabalho, de forma segura, legal e com acompanhamento. O Assa\u00ed, uma das maiores redes atacadistas do pa\u00eds, participa dessa iniciativa oferecendo <strong>vagas com contrato especial de aprendizagem<\/strong>, que inclui trabalho pr\u00e1tico e curso te\u00f3rico em institui\u00e7\u00e3o parceira.<\/p>\n\n\n\n<p>Durante o programa, o jovem aprende na pr\u00e1tica como funciona uma grande empresa, desenvolve habilidades essenciais para o mercado e ainda conta com capacita\u00e7\u00e3o profissional em \u00e1reas como atendimento, organiza\u00e7\u00e3o, reposi\u00e7\u00e3o, estoque e log\u00edstica.<\/p>\n\n\n\n<h2 class=\"wp-block-heading\">Quem pode participar?<\/h2>\n\n\n\n<p>Para se candidatar, \u00e9 preciso atender a alguns requisitos b\u00e1sicos definidos pela Lei da Aprendizagem. Veja abaixo quem pode se inscrever:<\/p>\n\n\n\n<ul class=\"wp-block-list\">\n<li>Jovens entre 14 e 24 anos<\/li>\n\n\n\n<li>Estar cursando ou j\u00e1 ter conclu\u00eddo o ensino fundamental ou m\u00e9dio<\/li>\n\n\n\n<li>Ter disponibilidade para jornada de 4 a 6 horas di\u00e1rias<\/li>\n\n\n\n<li>N\u00e3o ter registro anterior na carteira como aprendiz<\/li>\n<\/ul>\n\n\n\n<p>Pessoas com defici\u00eancia n\u00e3o t\u00eam limite de idade para participar.<\/p>\n\n\n\n<h2 class=\"wp-block-heading\">Benef\u00edcios oferecidos pelo Assa\u00ed<\/h2>\n\n\n\n<p>O Assa\u00ed Atacadista oferece uma estrutura completa para os jovens aprendizes. Quem for selecionado ter\u00e1 acesso a:<\/p>\n\n\n\n<ul class=\"wp-block-list\">\n<li>Contrato com carteira assinada<\/li>\n\n\n\n<li>Sal\u00e1rio compat\u00edvel com o mercado<\/li>\n\n\n\n<li>Vale-transporte<\/li>\n\n\n\n<li>Vale-refei\u00e7\u00e3o ou alimenta\u00e7\u00e3o no local<\/li>\n\n\n\n<li>Curso de forma\u00e7\u00e3o te\u00f3rica em institui\u00e7\u00e3o conveniada<\/li>\n\n\n\n<li>F\u00e9rias no mesmo per\u00edodo das f\u00e9rias escolares<\/li>\n\n\n\n<li>Ambiente acolhedor, com acompanhamento de gestores e equipe de RH<\/li>\n<\/ul>\n\n\n\n<p>Al\u00e9m disso, o programa incentiva o crescimento. Muitos jovens que come\u00e7aram como aprendizes hoje fazem parte do time fixo do Assa\u00ed, em cargos efetivos.<\/p>\n\n\n\n<h2 class=\"wp-block-heading\">Como s\u00e3o as atividades no dia a dia?<\/h2>\n\n\n\n<p>O jovem aprendiz atua em diferentes setores, sempre com apoio da equipe. Entre as principais fun\u00e7\u00f5es:<\/p>\n\n\n\n<ul class=\"wp-block-list\">\n<li>Aux\u00edlio na organiza\u00e7\u00e3o e reposi\u00e7\u00e3o de produtos<\/li>\n\n\n\n<li>Atendimento ao cliente<\/li>\n\n\n\n<li>Apoio na opera\u00e7\u00e3o de caixas (sempre com acompanhamento)<\/li>\n\n\n\n<li>Organiza\u00e7\u00e3o de documentos e controle de estoque<\/li>\n\n\n\n<li>Participa\u00e7\u00e3o em treinamentos internos<\/li>\n<\/ul>\n\n\n\n<p>A jornada \u00e9 leve, respeitando o tempo de estudo e o limite de horas di\u00e1rias. O objetivo \u00e9 que o jovem aprenda e cres\u00e7a sem sobrecarga.<\/p>\n\n\n\n<h2 class=\"wp-block-heading\">Por que se inscrever no Jovem Aprendiz Assa\u00ed?<\/h2>\n\n\n\n<p>Come\u00e7ar a carreira com uma empresa s\u00f3lida como o Assa\u00ed \u00e9 um diferencial no curr\u00edculo. O nome da rede j\u00e1 \u00e9 reconhecido nacionalmente, e a experi\u00eancia dentro do programa mostra que o candidato tem responsabilidade, pontualidade e dedica\u00e7\u00e3o \u2014 qualidades que todo empregador busca.<\/p>\n\n\n\n<p>Al\u00e9m disso, o programa \u00e9 voltado para inclus\u00e3o social. O Assa\u00ed valoriza diversidade, respeita a individualidade e acredita no poder da educa\u00e7\u00e3o como forma de mudar realidades.<\/p>\n\n\n\n<p>Se voc\u00ea est\u00e1 procurando uma oportunidade de verdade, com chances reais de continuar na empresa, essa \u00e9 a hora de agir.<\/p>\n\n\n\n<h2 class=\"wp-block-heading\">Como fazer a inscri\u00e7\u00e3o?<\/h2>\n\n\n\n<p>As inscri\u00e7\u00f5es para o <strong>Jovem Aprendiz Assa\u00ed 2025 est\u00e3o sendo feitas exclusivamente pela internet<\/strong>, por meio do site oficial da empresa.<\/p>\n\n\n\n<p>Para se candidatar:<\/p>\n\n\n\n<ol class=\"wp-block-list\">\n<li>Acesse o site: <strong>https:\/\/assai.gupy.io<\/strong><\/li>\n\n\n\n<li>Use a barra de pesquisa e digite \u201cJovem Aprendiz\u201d<\/li>\n\n\n\n<li>Selecione a vaga mais pr\u00f3xima da sua cidade<\/li>\n\n\n\n<li>Clique em \u201cCandidatar-se\u201d e preencha todas as informa\u00e7\u00f5es solicitadas<\/li>\n\n\n\n<li>Envie seu curr\u00edculo atualizado<\/li>\n<\/ol>\n\n\n\n<p>Caso n\u00e3o tenha experi\u00eancia, n\u00e3o se preocupe. Basta incluir seus dados escolares, informa\u00e7\u00f5es pessoais e, se quiser, um breve resumo contando por que deseja entrar no programa.<\/p>\n\n\n\n<h2 class=\"wp-block-heading\">Dicas para quem vai se candidatar<\/h2>\n\n\n\n<ul class=\"wp-block-list\">\n<li>Tenha um e-mail ativo e verifique sempre sua caixa de entrada<\/li>\n\n\n\n<li>Preencha o cadastro com aten\u00e7\u00e3o, sem erros<\/li>\n\n\n\n<li>Mostre interesse e disponibilidade no formul\u00e1rio<\/li>\n\n\n\n<li>Durante o processo seletivo, mantenha o celular ligado e atenda chamadas de n\u00fameros desconhecidos<\/li>\n\n\n\n<li>Se for chamado para entrevista, seja pontual e vista-se com simplicidade e cuidado<\/li>\n<\/ul>\n\n\n\n<p>Pequenos detalhes fazem toda a diferen\u00e7a no processo.<\/p>\n\n\n\n<h2 class=\"wp-block-heading\">Vale a pena?<\/h2>\n\n\n\n<p>Sim, e muito. O <strong>Jovem Aprendiz Assa\u00ed 2025<\/strong> \u00e9 uma chance real de come\u00e7ar a vida profissional com seguran\u00e7a, dignidade e aprendizado. Mesmo que voc\u00ea ainda esteja no ensino m\u00e9dio, vale se inscrever.<\/p>\n\n\n\n<p>Al\u00e9m da experi\u00eancia, o programa abre portas, fortalece a autoconfian\u00e7a e ensina o valor do compromisso. Quem come\u00e7a cedo, com orienta\u00e7\u00e3o e apoio, leva isso pra vida inteira.<\/p>\n\n\n\n<p><strong>Veja tamb\u00e9m: <a href=\"https:\/\/www.vagadeempregorj.com.br\/fr\/supermercados-guanabara-mais-de-80-empregos-abertos\/\">Supermercados Guanabara: mais de 80 empregos abertos<\/a><\/strong><\/p>\n\n\n\n<p>21 de maio de 2025<\/p>","protected":false},"excerpt":{"rendered":"<p>Quer garantir sua vaga? Se voc\u00ea tem entre 14 e 24 anos e quer conquistar sua primeira experi\u00eancia com todos os direitos garantidos por lei, chegou a hora de aproveitar. O Assa\u00ed Atacadista abriu inscri\u00e7\u00f5es para o Programa Jovem Aprendiz 2025, com vagas dispon\u00edveis em diversas regi\u00f5es do Brasil. Mais do que um emprego tempor\u00e1rio,&hellip;&nbsp;<\/p>","protected":false},"author":16,"featured_media":43397,"comment_status":"closed","ping_status":"closed","sticky":false,"template":"","format":"standard","meta":{"neve_meta_sidebar":"","neve_meta_container":"","neve_meta_enable_content_width":"","neve_meta_content_width":0,"neve_meta_title_alignment":"","neve_meta_author_avatar":"","neve_post_elements_order":"","neve_meta_disable_header":"","neve_meta_disable_footer":"","neve_meta_disable_title":"","footnotes":""},"categories":[123],"tags":[],"class_list":["post-43391","post","type-post","status-publish","format-standard","has-post-thumbnail","hentry","category-vagas-de-emprego-nacionais"],"yoast_head":"<!-- This site is optimized with the Yoast SEO plugin v27.5 - https:\/\/yoast.com\/product\/yoast-seo-wordpress\/ -->\n<title>Jovem Aprendiz Assa\u00ed 2025: inscri\u00e7\u00e3o aberta em todo o Brasil -<\/title>\n<meta name=\"description\" content=\"Veja em Vagas de Emprego RJ as vagas de emprego com e sem experi\u00eancia no seu Estado e Regi\u00e3o!\" \/>\n<meta name=\"robots\" content=\"index, follow, max-snippet:-1, max-image-preview:large, max-video-preview:-1\" \/>\n<link rel=\"canonical\" href=\"https:\/\/www.vagadeempregorj.com.br\/fr\/jovem-aprendiz-assai-2025-inscricao-aberta-em-todo-o-brasil\/\" \/>\n<meta property=\"og:locale\" content=\"fr_FR\" \/>\n<meta property=\"og:type\" content=\"article\" \/>\n<meta property=\"og:title\" content=\"Jovem Aprendiz Assa\u00ed 2025: inscri\u00e7\u00e3o aberta em todo o Brasil -\" \/>\n<meta property=\"og:description\" content=\"Veja em Vagas de Emprego RJ as vagas de emprego com e sem experi\u00eancia no seu Estado e Regi\u00e3o!\" \/>\n<meta property=\"og:url\" content=\"https:\/\/www.vagadeempregorj.com.br\/fr\/jovem-aprendiz-assai-2025-inscricao-aberta-em-todo-o-brasil\/\" \/>\n<meta property=\"article:publisher\" content=\"https:\/\/www.facebook.com\/empregobrasiloficial\" \/>\n<meta property=\"article:published_time\" content=\"2025-05-21T03:10:53+00:00\" \/>\n<meta property=\"article:modified_time\" content=\"2025-10-24T23:22:37+00:00\" \/>\n<meta property=\"og:image\" content=\"https:\/\/www.vagadeempregorj.com.br\/wp-content\/uploads\/2025\/05\/jovem_aprendiz_assai_2025.webp\" \/>\n\t<meta property=\"og:image:width\" content=\"1536\" \/>\n\t<meta property=\"og:image:height\" content=\"1024\" \/>\n\t<meta property=\"og:image:type\" content=\"image\/webp\" \/>\n<meta name=\"author\" content=\"Michele\" \/>\n<meta name=\"twitter:card\" content=\"summary_large_image\" \/>\n<meta name=\"twitter:label1\" content=\"Written by\" \/>\n\t<meta name=\"twitter:data1\" content=\"Michele\" \/>\n\t<meta name=\"twitter:label2\" content=\"Est. reading time\" \/>\n\t<meta name=\"twitter:data2\" content=\"4 minutes\" \/>\n<script type=\"application\/ld+json\" class=\"yoast-schema-graph\">{\"@context\":\"https:\\\/\\\/schema.org\",\"@graph\":[{\"@type\":\"Article\",\"@id\":\"https:\\\/\\\/www.vagadeempregorj.com.br\\\/jovem-aprendiz-assai-2025-inscricao-aberta-em-todo-o-brasil\\\/#article\",\"isPartOf\":{\"@id\":\"https:\\\/\\\/www.vagadeempregorj.com.br\\\/jovem-aprendiz-assai-2025-inscricao-aberta-em-todo-o-brasil\\\/\"},\"author\":{\"name\":\"Michele\",\"@id\":\"https:\\\/\\\/www.vagadeempregorj.com.br\\\/#\\\/schema\\\/person\\\/3ddb19fa0539706786e502152f3aae95\"},\"headline\":\"Jovem Aprendiz Assa\u00ed 2025: inscri\u00e7\u00e3o aberta em todo o Brasil\",\"datePublished\":\"2025-05-21T03:10:53+00:00\",\"dateModified\":\"2025-10-24T23:22:37+00:00\",\"mainEntityOfPage\":{\"@id\":\"https:\\\/\\\/www.vagadeempregorj.com.br\\\/jovem-aprendiz-assai-2025-inscricao-aberta-em-todo-o-brasil\\\/\"},\"wordCount\":836,\"image\":{\"@id\":\"https:\\\/\\\/www.vagadeempregorj.com.br\\\/jovem-aprendiz-assai-2025-inscricao-aberta-em-todo-o-brasil\\\/#primaryimage\"},\"thumbnailUrl\":\"https:\\\/\\\/www.vagadeempregorj.com.br\\\/wp-content\\\/uploads\\\/2025\\\/05\\\/jovem_aprendiz_assai_2025.webp\",\"articleSection\":[\"Vagas de Emprego Nacionais\"],\"inLanguage\":\"fr-FR\"},{\"@type\":\"WebPage\",\"@id\":\"https:\\\/\\\/www.vagadeempregorj.com.br\\\/jovem-aprendiz-assai-2025-inscricao-aberta-em-todo-o-brasil\\\/\",\"url\":\"https:\\\/\\\/www.vagadeempregorj.com.br\\\/jovem-aprendiz-assai-2025-inscricao-aberta-em-todo-o-brasil\\\/\",\"name\":\"Jovem Aprendiz Assa\u00ed 2025: inscri\u00e7\u00e3o aberta em todo o Brasil -\",\"isPartOf\":{\"@id\":\"https:\\\/\\\/www.vagadeempregorj.com.br\\\/#website\"},\"primaryImageOfPage\":{\"@id\":\"https:\\\/\\\/www.vagadeempregorj.com.br\\\/jovem-aprendiz-assai-2025-inscricao-aberta-em-todo-o-brasil\\\/#primaryimage\"},\"image\":{\"@id\":\"https:\\\/\\\/www.vagadeempregorj.com.br\\\/jovem-aprendiz-assai-2025-inscricao-aberta-em-todo-o-brasil\\\/#primaryimage\"},\"thumbnailUrl\":\"https:\\\/\\\/www.vagadeempregorj.com.br\\\/wp-content\\\/uploads\\\/2025\\\/05\\\/jovem_aprendiz_assai_2025.webp\",\"datePublished\":\"2025-05-21T03:10:53+00:00\",\"dateModified\":\"2025-10-24T23:22:37+00:00\",\"author\":{\"@id\":\"https:\\\/\\\/www.vagadeempregorj.com.br\\\/#\\\/schema\\\/person\\\/3ddb19fa0539706786e502152f3aae95\"},\"description\":\"Veja em Vagas de Emprego RJ as vagas de emprego com e sem experi\u00eancia no seu Estado e Regi\u00e3o!\",\"breadcrumb\":{\"@id\":\"https:\\\/\\\/www.vagadeempregorj.com.br\\\/jovem-aprendiz-assai-2025-inscricao-aberta-em-todo-o-brasil\\\/#breadcrumb\"},\"inLanguage\":\"fr-FR\",\"potentialAction\":[{\"@type\":\"ReadAction\",\"target\":[\"https:\\\/\\\/www.vagadeempregorj.com.br\\\/jovem-aprendiz-assai-2025-inscricao-aberta-em-todo-o-brasil\\\/\"]}]},{\"@type\":\"ImageObject\",\"inLanguage\":\"fr-FR\",\"@id\":\"https:\\\/\\\/www.vagadeempregorj.com.br\\\/jovem-aprendiz-assai-2025-inscricao-aberta-em-todo-o-brasil\\\/#primaryimage\",\"url\":\"https:\\\/\\\/www.vagadeempregorj.com.br\\\/wp-content\\\/uploads\\\/2025\\\/05\\\/jovem_aprendiz_assai_2025.webp\",\"contentUrl\":\"https:\\\/\\\/www.vagadeempregorj.com.br\\\/wp-content\\\/uploads\\\/2025\\\/05\\\/jovem_aprendiz_assai_2025.webp\",\"width\":1536,\"height\":1024},{\"@type\":\"BreadcrumbList\",\"@id\":\"https:\\\/\\\/www.vagadeempregorj.com.br\\\/jovem-aprendiz-assai-2025-inscricao-aberta-em-todo-o-brasil\\\/#breadcrumb\",\"itemListElement\":[{\"@type\":\"ListItem\",\"position\":1,\"name\":\"In\u00edcio\",\"item\":\"https:\\\/\\\/www.vagadeempregorj.com.br\\\/\"},{\"@type\":\"ListItem\",\"position\":2,\"name\":\"Vagas de Emprego Nacionais\",\"item\":\"https:\\\/\\\/www.vagadeempregorj.com.br\\\/vagas-de-emprego-nacionais\\\/\"},{\"@type\":\"ListItem\",\"position\":3,\"name\":\"Jovem Aprendiz Assa\u00ed 2025: inscri\u00e7\u00e3o aberta em todo o Brasil\"}]},{\"@type\":\"WebSite\",\"@id\":\"https:\\\/\\\/www.vagadeempregorj.com.br\\\/#website\",\"url\":\"https:\\\/\\\/www.vagadeempregorj.com.br\\\/\",\"name\":\"\",\"description\":\"Conquiste Sonhos: Vagas, Benef\u00edcios e Economia para Transformar Vidas e Alcan\u00e7ar Melhorias Cotidianas\",\"potentialAction\":[{\"@type\":\"SearchAction\",\"target\":{\"@type\":\"EntryPoint\",\"urlTemplate\":\"https:\\\/\\\/www.vagadeempregorj.com.br\\\/?s={search_term_string}\"},\"query-input\":{\"@type\":\"PropertyValueSpecification\",\"valueRequired\":true,\"valueName\":\"search_term_string\"}}],\"inLanguage\":\"fr-FR\"},{\"@type\":\"Person\",\"@id\":\"https:\\\/\\\/www.vagadeempregorj.com.br\\\/#\\\/schema\\\/person\\\/3ddb19fa0539706786e502152f3aae95\",\"name\":\"Michele\",\"image\":{\"@type\":\"ImageObject\",\"inLanguage\":\"fr-FR\",\"@id\":\"https:\\\/\\\/secure.gravatar.com\\\/avatar\\\/6b0eb9d22841282815e2cd856a0061c45e1761cd54b22e952d98c4746939aa85?s=96&r=g\",\"url\":\"https:\\\/\\\/secure.gravatar.com\\\/avatar\\\/6b0eb9d22841282815e2cd856a0061c45e1761cd54b22e952d98c4746939aa85?s=96&r=g\",\"contentUrl\":\"https:\\\/\\\/secure.gravatar.com\\\/avatar\\\/6b0eb9d22841282815e2cd856a0061c45e1761cd54b22e952d98c4746939aa85?s=96&r=g\",\"caption\":\"Michele\"},\"description\":\"Formada em Letras - Portugu\u00eas\\\/ Ingl\u00eas, e idealizadora do site Escritora de Sucesso, busca expandir o conhecimento de todos com informa\u00e7\u00f5es relevantes sobre diversos assuntos, enquanto redatora. No Vaga de Emprego RJ, traz oportunidades e dicas sobre o mercado de trabalho.\",\"url\":\"https:\\\/\\\/www.vagadeempregorj.com.br\\\/fr\\\/author\\\/michele\\\/\"}]}<\/script>\n<!-- \/ Yoast SEO plugin. -->","yoast_head_json":{"title":"Jovem Aprendiz Assa\u00ed 2025: inscri\u00e7\u00e3o aberta em todo o Brasil -","description":"Veja em Vagas de Emprego RJ as vagas de emprego com e sem experi\u00eancia no seu Estado e Regi\u00e3o!","robots":{"index":"index","follow":"follow","max-snippet":"max-snippet:-1","max-image-preview":"max-image-preview:large","max-video-preview":"max-video-preview:-1"},"canonical":"https:\/\/www.vagadeempregorj.com.br\/fr\/jovem-aprendiz-assai-2025-inscricao-aberta-em-todo-o-brasil\/","og_locale":"fr_FR","og_type":"article","og_title":"Jovem Aprendiz Assa\u00ed 2025: inscri\u00e7\u00e3o aberta em todo o Brasil -","og_description":"Veja em Vagas de Emprego RJ as vagas de emprego com e sem experi\u00eancia no seu Estado e Regi\u00e3o!","og_url":"https:\/\/www.vagadeempregorj.com.br\/fr\/jovem-aprendiz-assai-2025-inscricao-aberta-em-todo-o-brasil\/","article_publisher":"https:\/\/www.facebook.com\/empregobrasiloficial","article_published_time":"2025-05-21T03:10:53+00:00","article_modified_time":"2025-10-24T23:22:37+00:00","og_image":[{"width":1536,"height":1024,"url":"https:\/\/www.vagadeempregorj.com.br\/wp-content\/uploads\/2025\/05\/jovem_aprendiz_assai_2025.webp","type":"image\/webp"}],"author":"Michele","twitter_card":"summary_large_image","twitter_misc":{"Written by":"Michele","Est. reading time":"4 minutes"},"schema":{"@context":"https:\/\/schema.org","@graph":[{"@type":"Article","@id":"https:\/\/www.vagadeempregorj.com.br\/jovem-aprendiz-assai-2025-inscricao-aberta-em-todo-o-brasil\/#article","isPartOf":{"@id":"https:\/\/www.vagadeempregorj.com.br\/jovem-aprendiz-assai-2025-inscricao-aberta-em-todo-o-brasil\/"},"author":{"name":"Michele","@id":"https:\/\/www.vagadeempregorj.com.br\/#\/schema\/person\/3ddb19fa0539706786e502152f3aae95"},"headline":"Jovem Aprendiz Assa\u00ed 2025: inscri\u00e7\u00e3o aberta em todo o Brasil","datePublished":"2025-05-21T03:10:53+00:00","dateModified":"2025-10-24T23:22:37+00:00","mainEntityOfPage":{"@id":"https:\/\/www.vagadeempregorj.com.br\/jovem-aprendiz-assai-2025-inscricao-aberta-em-todo-o-brasil\/"},"wordCount":836,"image":{"@id":"https:\/\/www.vagadeempregorj.com.br\/jovem-aprendiz-assai-2025-inscricao-aberta-em-todo-o-brasil\/#primaryimage"},"thumbnailUrl":"https:\/\/www.vagadeempregorj.com.br\/wp-content\/uploads\/2025\/05\/jovem_aprendiz_assai_2025.webp","articleSection":["Vagas de Emprego Nacionais"],"inLanguage":"fr-FR"},{"@type":"WebPage","@id":"https:\/\/www.vagadeempregorj.com.br\/jovem-aprendiz-assai-2025-inscricao-aberta-em-todo-o-brasil\/","url":"https:\/\/www.vagadeempregorj.com.br\/jovem-aprendiz-assai-2025-inscricao-aberta-em-todo-o-brasil\/","name":"Jovem Aprendiz Assa\u00ed 2025: inscri\u00e7\u00e3o aberta em todo o Brasil -","isPartOf":{"@id":"https:\/\/www.vagadeempregorj.com.br\/#website"},"primaryImageOfPage":{"@id":"https:\/\/www.vagadeempregorj.com.br\/jovem-aprendiz-assai-2025-inscricao-aberta-em-todo-o-brasil\/#primaryimage"},"image":{"@id":"https:\/\/www.vagadeempregorj.com.br\/jovem-aprendiz-assai-2025-inscricao-aberta-em-todo-o-brasil\/#primaryimage"},"thumbnailUrl":"https:\/\/www.vagadeempregorj.com.br\/wp-content\/uploads\/2025\/05\/jovem_aprendiz_assai_2025.webp","datePublished":"2025-05-21T03:10:53+00:00","dateModified":"2025-10-24T23:22:37+00:00","author":{"@id":"https:\/\/www.vagadeempregorj.com.br\/#\/schema\/person\/3ddb19fa0539706786e502152f3aae95"},"description":"Veja em Vagas de Emprego RJ as vagas de emprego com e sem experi\u00eancia no seu Estado e Regi\u00e3o!","breadcrumb":{"@id":"https:\/\/www.vagadeempregorj.com.br\/jovem-aprendiz-assai-2025-inscricao-aberta-em-todo-o-brasil\/#breadcrumb"},"inLanguage":"fr-FR","potentialAction":[{"@type":"ReadAction","target":["https:\/\/www.vagadeempregorj.com.br\/jovem-aprendiz-assai-2025-inscricao-aberta-em-todo-o-brasil\/"]}]},{"@type":"ImageObject","inLanguage":"fr-FR","@id":"https:\/\/www.vagadeempregorj.com.br\/jovem-aprendiz-assai-2025-inscricao-aberta-em-todo-o-brasil\/#primaryimage","url":"https:\/\/www.vagadeempregorj.com.br\/wp-content\/uploads\/2025\/05\/jovem_aprendiz_assai_2025.webp","contentUrl":"https:\/\/www.vagadeempregorj.com.br\/wp-content\/uploads\/2025\/05\/jovem_aprendiz_assai_2025.webp","width":1536,"height":1024},{"@type":"BreadcrumbList","@id":"https:\/\/www.vagadeempregorj.com.br\/jovem-aprendiz-assai-2025-inscricao-aberta-em-todo-o-brasil\/#breadcrumb","itemListElement":[{"@type":"ListItem","position":1,"name":"In\u00edcio","item":"https:\/\/www.vagadeempregorj.com.br\/"},{"@type":"ListItem","position":2,"name":"Vagas de Emprego Nacionais","item":"https:\/\/www.vagadeempregorj.com.br\/vagas-de-emprego-nacionais\/"},{"@type":"ListItem","position":3,"name":"Jovem Aprendiz Assa\u00ed 2025: inscri\u00e7\u00e3o aberta em todo o Brasil"}]},{"@type":"WebSite","@id":"https:\/\/www.vagadeempregorj.com.br\/#website","url":"https:\/\/www.vagadeempregorj.com.br\/","name":"","description":"Conquiste Sonhos: Vagas, Benef\u00edcios e Economia para Transformar Vidas e Alcan\u00e7ar Melhorias Cotidianas","potentialAction":[{"@type":"SearchAction","target":{"@type":"EntryPoint","urlTemplate":"https:\/\/www.vagadeempregorj.com.br\/?s={search_term_string}"},"query-input":{"@type":"PropertyValueSpecification","valueRequired":true,"valueName":"search_term_string"}}],"inLanguage":"fr-FR"},{"@type":"Person","@id":"https:\/\/www.vagadeempregorj.com.br\/#\/schema\/person\/3ddb19fa0539706786e502152f3aae95","name":"Michele","image":{"@type":"ImageObject","inLanguage":"fr-FR","@id":"https:\/\/secure.gravatar.com\/avatar\/6b0eb9d22841282815e2cd856a0061c45e1761cd54b22e952d98c4746939aa85?s=96&r=g","url":"https:\/\/secure.gravatar.com\/avatar\/6b0eb9d22841282815e2cd856a0061c45e1761cd54b22e952d98c4746939aa85?s=96&r=g","contentUrl":"https:\/\/secure.gravatar.com\/avatar\/6b0eb9d22841282815e2cd856a0061c45e1761cd54b22e952d98c4746939aa85?s=96&r=g","caption":"Michele"},"description":"Formada em Letras - Portugu\u00eas\/ Ingl\u00eas, e idealizadora do site Escritora de Sucesso, busca expandir o conhecimento de todos com informa\u00e7\u00f5es relevantes sobre diversos assuntos, enquanto redatora. No Vaga de Emprego RJ, traz oportunidades e dicas sobre o mercado de trabalho.","url":"https:\/\/www.vagadeempregorj.com.br\/fr\/author\/michele\/"}]}},"_links":{"self":[{"href":"https:\/\/www.vagadeempregorj.com.br\/fr\/wp-json\/wp\/v2\/posts\/43391","targetHints":{"allow":["GET"]}}],"collection":[{"href":"https:\/\/www.vagadeempregorj.com.br\/fr\/wp-json\/wp\/v2\/posts"}],"about":[{"href":"https:\/\/www.vagadeempregorj.com.br\/fr\/wp-json\/wp\/v2\/types\/post"}],"author":[{"embeddable":true,"href":"https:\/\/www.vagadeempregorj.com.br\/fr\/wp-json\/wp\/v2\/users\/16"}],"replies":[{"embeddable":true,"href":"https:\/\/www.vagadeempregorj.com.br\/fr\/wp-json\/wp\/v2\/comments?post=43391"}],"version-history":[{"count":3,"href":"https:\/\/www.vagadeempregorj.com.br\/fr\/wp-json\/wp\/v2\/posts\/43391\/revisions"}],"predecessor-version":[{"id":43845,"href":"https:\/\/www.vagadeempregorj.com.br\/fr\/wp-json\/wp\/v2\/posts\/43391\/revisions\/43845"}],"wp:featuredmedia":[{"embeddable":true,"href":"https:\/\/www.vagadeempregorj.com.br\/fr\/wp-json\/wp\/v2\/media\/43397"}],"wp:attachment":[{"href":"https:\/\/www.vagadeempregorj.com.br\/fr\/wp-json\/wp\/v2\/media?parent=43391"}],"wp:term":[{"taxonomy":"category","embeddable":true,"href":"https:\/\/www.vagadeempregorj.com.br\/fr\/wp-json\/wp\/v2\/categories?post=43391"},{"taxonomy":"post_tag","embeddable":true,"href":"https:\/\/www.vagadeempregorj.com.br\/fr\/wp-json\/wp\/v2\/tags?post=43391"}],"curies":[{"name":"wp","href":"https:\/\/api.w.org\/{rel}","templated":true}]}}