{"id":43413,"date":"2025-05-23T01:56:13","date_gmt":"2025-05-23T04:56:13","guid":{"rendered":"https:\/\/www.vagadeempregorj.com.br\/?p=43413"},"modified":"2025-10-24T20:20:00","modified_gmt":"2025-10-24T23:20:00","slug":"por-que-o-modo-escuro-pode-ou-nao-economizar-bateria-no-seu-aparelho","status":"publish","type":"post","link":"https:\/\/www.vagadeempregorj.com.br\/fr\/por-que-o-modo-escuro-pode-ou-nao-economizar-bateria-no-seu-aparelho\/","title":{"rendered":"Por que o modo escuro pode (ou n\u00e3o) economizar bateria no seu aparelho"},"content":{"rendered":"<p class=\"has-text-align-center\"><strong>Quer garantir conex\u00e3o?<\/strong><\/p>\n\n\n\n<div class=\"wp-block-buttons is-vertical is-content-justification-center is-layout-flex wp-container-core-buttons-is-layout-9a7cdcfd wp-block-buttons-is-layout-flex\">\n<div class=\"wp-block-button has-custom-width wp-block-button__width-100\"><a class=\"wp-block-button__link has-white-color has-text-color has-background has-link-color wp-element-button\" href=\"https:\/\/www.vagadeempregorj.com.br\/fr\/internet-gratis-no-celular-3-formas-de-gastar-menos-com-wi-fi\/\" style=\"border-radius:12px;background-color:#0a5580\">Quer Internet de Gra\u00e7a? Veja Essa Ferramenta<\/a><\/div>\n\n\n\n<div class=\"wp-block-button has-custom-width wp-block-button__width-100\"><a class=\"wp-block-button__link has-white-color has-luminous-vivid-orange-background-color has-text-color has-background has-link-color wp-element-button\" href=\"https:\/\/www.vagadeempregorj.com.br\/fr\/internet-gratis-da-claro-veja-como-acessar-e-configurar\/\" style=\"border-radius:12px\">Internet Gr\u00e1tis no Celular pela Claro<\/a><\/div>\n\n\n\n<div class=\"wp-block-button has-custom-width wp-block-button__width-100\"><a class=\"wp-block-button__link has-white-color has-luminous-vivid-amber-background-color has-text-color has-background has-link-color wp-element-button\" href=\"https:\/\/www.vagadeempregorj.com.br\/fr\/emprego-na-internet-6-empresas-que-contratam-online\/\" style=\"border-radius:12px\">Emprego na Internet: Veja Empresas Contratando<\/a><\/div>\n<\/div>\n\n\n\n<p>Voc\u00ea j\u00e1 ativou o <strong>modo escuro<\/strong> no celular e ficou com aquela sensa\u00e7\u00e3o de que a bateria estava durando mais? Ou viu algu\u00e9m jurando que esse recurso faz milagres no consumo de energia? Pois bem, a verdade \u00e9 que <em>sim e n\u00e3o<\/em>. Isso depende de alguns fatores \u2014 e nem todo mundo vai perceber a diferen\u00e7a.<\/p>\n\n\n\n<p>Neste post, a gente vai direto ao ponto: quando o modo escuro realmente ajuda a economizar bateria, quando n\u00e3o faz efeito nenhum, e por que ele ainda vale a pena mesmo que n\u00e3o mude o consumo de energia no seu aparelho.<\/p>\n\n\n\n<p>Vamos desvendar esse mist\u00e9rio sem enrola\u00e7\u00e3o.<\/p>\n\n\n\n<h2 class=\"wp-block-heading\">Afinal, o que \u00e9 o modo escuro?<\/h2>\n\n\n\n<p>O <strong>modo escuro<\/strong> \u00e9 uma op\u00e7\u00e3o presente na maioria dos sistemas operacionais, como Android, iOS e Windows. Ele altera o esquema de cores da interface, trocando fundos brancos ou claros por tons escuros, geralmente preto ou cinza escuro.<\/p>\n\n\n\n<p>Al\u00e9m da quest\u00e3o est\u00e9tica, esse recurso foi pensado para dar conforto visual, reduzir o cansa\u00e7o nos olhos e, claro, <strong>prometer economia de bateria<\/strong>. Mas ser\u00e1 que ele cumpre tudo isso?<\/p>\n\n\n\n<h2 class=\"wp-block-heading\">A tela \u00e9 o que faz a diferen\u00e7a<\/h2>\n\n\n\n<p>Tudo gira em torno do tipo de tela que o seu aparelho usa. Hoje, os smartphones mais modernos v\u00eam com <strong>telas OLED ou AMOLED<\/strong>, que funcionam de forma diferente das <strong>telas LCD<\/strong>. E \u00e9 a\u00ed que est\u00e1 o segredo.<\/p>\n\n\n\n<h3 class=\"wp-block-heading\">1# Telas OLED\/AMOLED<\/h3>\n\n\n\n<p>Essas telas acendem pixel por pixel. Isso significa que, quando a cor preta \u00e9 exibida, os pixels simplesmente n\u00e3o acendem \u2014 ou seja, n\u00e3o consomem energia. Resultado: quando voc\u00ea usa o modo escuro, muitos pixels permanecem \u201cdesligados\u201d, e isso realmente gera uma <strong>economia real de bateria<\/strong>.<\/p>\n\n\n\n<h3 class=\"wp-block-heading\">2# Telas LCD<\/h3>\n\n\n\n<p>J\u00e1 nas telas LCD, o sistema de ilumina\u00e7\u00e3o \u00e9 diferente. Existe uma luz de fundo (backlight) que fica acesa o tempo todo, independentemente da cor exibida. Ou seja, o fundo preto ou branco consome praticamente a <strong>mesma quantidade de energia<\/strong>. Nesse caso, o modo escuro n\u00e3o muda nada no gasto da bateria.<\/p>\n\n\n\n<p>Ou seja: o modo escuro <strong>s\u00f3 economiza bateria se o seu aparelho tiver tela OLED ou AMOLED<\/strong>. E isso faz sentido, j\u00e1 que a l\u00f3gica \u00e9 desligar partes da tela quando o fundo \u00e9 escuro \u2014 o que n\u00e3o acontece no LCD.<\/p>\n\n\n\n<h2 class=\"wp-block-heading\">Mas quanto de bateria realmente d\u00e1 pra economizar?<\/h2>\n\n\n\n<p>Segundo testes feitos por desenvolvedores do Android e por empresas como a Google, o modo escuro pode reduzir o consumo da tela em at\u00e9 <strong>60%<\/strong> em alguns cen\u00e1rios bem espec\u00edficos. Mas calma: isso n\u00e3o significa que a sua bateria vai durar o dobro do tempo s\u00f3 porque voc\u00ea escureceu os menus.<\/p>\n\n\n\n<p>Na pr\u00e1tica, a economia total de bateria no dia a dia varia entre <strong>3% e 9%<\/strong>, dependendo do uso que voc\u00ea faz do celular. Quanto mais tempo voc\u00ea passa com a tela ligada, maior a chance de notar essa economia. Mas se voc\u00ea usa o celular com brilho baixo, por pouco tempo ou com apps que n\u00e3o t\u00eam vers\u00e3o escura, a diferen\u00e7a pode ser quase zero.<\/p>\n\n\n\n<h2 class=\"wp-block-heading\">Modo escuro vale a pena mesmo sem economizar?<\/h2>\n\n\n\n<p>Vale sim, e muito! Mesmo que voc\u00ea n\u00e3o ganhe horas extras de bateria, o modo escuro tem outros pontos positivos:<\/p>\n\n\n\n<ul class=\"wp-block-list\">\n<li><strong>Conforto visual<\/strong>: ajuda a reduzir o cansa\u00e7o nos olhos, principalmente \u00e0 noite.<\/li>\n\n\n\n<li><strong>Menos brilho agressivo<\/strong>: ideal pra ambientes com pouca luz.<\/li>\n\n\n\n<li><strong>Est\u00e9tica mais clean<\/strong>: tem gente que simplesmente prefere o visual mais s\u00f3brio.<\/li>\n\n\n\n<li><strong>Menos distra\u00e7\u00f5es visuais<\/strong>: o conte\u00fado se destaca mais.<\/li>\n<\/ul>\n\n\n\n<p>Al\u00e9m disso, v\u00e1rios apps j\u00e1 oferecem suporte ao modo escuro, como WhatsApp, Instagram, Telegram, YouTube, Gmail, TikTok e quase todos os navegadores. O sistema operacional acompanha, e a experi\u00eancia visual fica bem mais integrada.<\/p>\n\n\n\n<h2 class=\"wp-block-heading\">Quando n\u00e3o usar o modo escuro?<\/h2>\n\n\n\n<p>Apesar dos benef\u00edcios, o modo escuro n\u00e3o agrada todo mundo. Em ambientes bem iluminados, por exemplo, o fundo escuro pode dificultar a leitura. Alguns usu\u00e1rios tamb\u00e9m relatam dor de cabe\u00e7a ou desconforto visual com letras brancas em fundo preto.<\/p>\n\n\n\n<p>Se voc\u00ea sente isso, n\u00e3o tem problema nenhum em manter o tema claro. Hoje, a maioria dos aparelhos permite configurar <strong>modo escuro autom\u00e1tico<\/strong>: ele liga sozinho ao anoitecer e desativa durante o dia. Assim, voc\u00ea aproveita os dois mundos.<\/p>\n\n\n\n<h2 class=\"wp-block-heading\">Como ativar o modo escuro no celular?<\/h2>\n\n\n\n<p>Se voc\u00ea ainda n\u00e3o testou, d\u00e1 pra ativar rapidinho:<\/p>\n\n\n\n<p><strong>No Android:<\/strong><\/p>\n\n\n\n<p>1# V\u00e1 at\u00e9 <em>Configura\u00e7\u00f5es<\/em><br>2# Toque em <em>Tela<\/em><br>3# Ative a op\u00e7\u00e3o <em>Tema escuro<\/em> ou <em>Modo escuro<\/em><\/p>\n\n\n\n<p><strong>No iPhone (iOS):<\/strong><\/p>\n\n\n\n<p>1# V\u00e1 em <em>Ajustes<\/em><br>2# Toque em <em>Tela e brilho<\/em><br>3# Escolha <em>Escuro<\/em> ou ative a op\u00e7\u00e3o autom\u00e1tica<\/p>\n\n\n\n<p>Voc\u00ea tamb\u00e9m pode ativar diretamente pela central de atalhos, puxando a barra superior.<\/p>\n\n\n\n<h2 class=\"wp-block-heading\">E nos apps?<\/h2>\n\n\n\n<p>Mesmo que o celular esteja no modo escuro, alguns aplicativos permitem ativar ou desativar o recurso de forma independente. Vale a pena verificar isso nas configura\u00e7\u00f5es internas de cada app.<\/p>\n\n\n\n<p>No YouTube, por exemplo: toque na sua foto de perfil &gt; Configura\u00e7\u00f5es &gt; Geral &gt; Apar\u00eancia.<\/p>\n\n\n\n<p>No WhatsApp: Configura\u00e7\u00f5es &gt; Conversas &gt; Tema.<\/p>\n\n\n\n<h2 class=\"wp-block-heading\">Curiosidade b\u00f4nus: o Google mudou por causa disso<\/h2>\n\n\n\n<p>Quando o Android ainda era bem colorido e brilhante (l\u00e1 pelas vers\u00f5es 5 e 6), o Google n\u00e3o se preocupava tanto com o consumo da tela. Mas os testes mostraram que a cor branca era a que mais gastava energia nos celulares com tela AMOLED.<\/p>\n\n\n\n<p>O resultado? A empresa passou a repensar o design de seus apps e incluiu vers\u00f5es escuras em praticamente todos eles. Ou seja: o modo escuro n\u00e3o surgiu \u00e0 toa, foi baseado em dados reais de consumo.<\/p>\n\n\n\n<p><strong>Veja tamb\u00e9m: <a href=\"https:\/\/www.vagadeempregorj.com.br\/fr\/podemos-ficar-sem-internet-no-futuro-entenda-essa-questao\/\">Podemos ficar sem internet no futuro? Entenda essa quest\u00e3o<\/a><\/strong><\/p>\n\n\n\n<p>23 de maio de 2025<\/p>","protected":false},"excerpt":{"rendered":"<p>Quer garantir conex\u00e3o? Voc\u00ea j\u00e1 ativou o modo escuro no celular e ficou com aquela sensa\u00e7\u00e3o de que a bateria estava durando mais? Ou viu algu\u00e9m jurando que esse recurso faz milagres no consumo de energia? Pois bem, a verdade \u00e9 que sim e n\u00e3o. Isso depende de alguns fatores \u2014 e nem todo mundo&hellip;&nbsp;<\/p>","protected":false},"author":16,"featured_media":43414,"comment_status":"closed","ping_status":"closed","sticky":false,"template":"","format":"standard","meta":{"neve_meta_sidebar":"","neve_meta_container":"","neve_meta_enable_content_width":"","neve_meta_content_width":0,"neve_meta_title_alignment":"","neve_meta_author_avatar":"","neve_post_elements_order":"","neve_meta_disable_header":"","neve_meta_disable_footer":"","neve_meta_disable_title":"","footnotes":""},"categories":[703],"tags":[],"class_list":["post-43413","post","type-post","status-publish","format-standard","has-post-thumbnail","hentry","category-informacao-tecnologica-e-curiosidades"],"yoast_head":"<!-- This site is optimized with the Yoast SEO plugin v27.5 - https:\/\/yoast.com\/product\/yoast-seo-wordpress\/ -->\n<title>Por que o modo escuro pode (ou n\u00e3o) economizar bateria no seu aparelho -<\/title>\n<meta name=\"description\" content=\"Veja em Vagas de Emprego RJ as vagas de emprego com e sem experi\u00eancia no seu Estado e Regi\u00e3o!\" \/>\n<meta name=\"robots\" content=\"index, follow, max-snippet:-1, max-image-preview:large, max-video-preview:-1\" \/>\n<link rel=\"canonical\" href=\"https:\/\/www.vagadeempregorj.com.br\/fr\/por-que-o-modo-escuro-pode-ou-nao-economizar-bateria-no-seu-aparelho\/\" \/>\n<meta property=\"og:locale\" content=\"fr_FR\" \/>\n<meta property=\"og:type\" content=\"article\" \/>\n<meta property=\"og:title\" content=\"Por que o modo escuro pode (ou n\u00e3o) economizar bateria no seu aparelho -\" \/>\n<meta property=\"og:description\" content=\"Veja em Vagas de Emprego RJ as vagas de emprego com e sem experi\u00eancia no seu Estado e Regi\u00e3o!\" \/>\n<meta property=\"og:url\" content=\"https:\/\/www.vagadeempregorj.com.br\/fr\/por-que-o-modo-escuro-pode-ou-nao-economizar-bateria-no-seu-aparelho\/\" \/>\n<meta property=\"article:publisher\" content=\"https:\/\/www.facebook.com\/empregobrasiloficial\" \/>\n<meta property=\"article:published_time\" content=\"2025-05-23T04:56:13+00:00\" \/>\n<meta property=\"article:modified_time\" content=\"2025-10-24T23:20:00+00:00\" \/>\n<meta property=\"og:image\" content=\"https:\/\/www.vagadeempregorj.com.br\/wp-content\/uploads\/2025\/05\/modo-escuro-1024x683.png\" \/>\n\t<meta property=\"og:image:width\" content=\"1024\" \/>\n\t<meta property=\"og:image:height\" content=\"683\" \/>\n\t<meta property=\"og:image:type\" content=\"image\/png\" \/>\n<meta name=\"author\" content=\"Michele\" \/>\n<meta name=\"twitter:card\" content=\"summary_large_image\" \/>\n<meta name=\"twitter:label1\" content=\"Written by\" \/>\n\t<meta name=\"twitter:data1\" content=\"Michele\" \/>\n\t<meta name=\"twitter:label2\" content=\"Est. reading time\" \/>\n\t<meta name=\"twitter:data2\" content=\"5 minutes\" \/>\n<script type=\"application\/ld+json\" class=\"yoast-schema-graph\">{\"@context\":\"https:\\\/\\\/schema.org\",\"@graph\":[{\"@type\":\"Article\",\"@id\":\"https:\\\/\\\/www.vagadeempregorj.com.br\\\/por-que-o-modo-escuro-pode-ou-nao-economizar-bateria-no-seu-aparelho\\\/#article\",\"isPartOf\":{\"@id\":\"https:\\\/\\\/www.vagadeempregorj.com.br\\\/por-que-o-modo-escuro-pode-ou-nao-economizar-bateria-no-seu-aparelho\\\/\"},\"author\":{\"name\":\"Michele\",\"@id\":\"https:\\\/\\\/www.vagadeempregorj.com.br\\\/#\\\/schema\\\/person\\\/3ddb19fa0539706786e502152f3aae95\"},\"headline\":\"Por que o modo escuro pode (ou n\u00e3o) economizar bateria no seu aparelho\",\"datePublished\":\"2025-05-23T04:56:13+00:00\",\"dateModified\":\"2025-10-24T23:20:00+00:00\",\"mainEntityOfPage\":{\"@id\":\"https:\\\/\\\/www.vagadeempregorj.com.br\\\/por-que-o-modo-escuro-pode-ou-nao-economizar-bateria-no-seu-aparelho\\\/\"},\"wordCount\":987,\"image\":{\"@id\":\"https:\\\/\\\/www.vagadeempregorj.com.br\\\/por-que-o-modo-escuro-pode-ou-nao-economizar-bateria-no-seu-aparelho\\\/#primaryimage\"},\"thumbnailUrl\":\"https:\\\/\\\/www.vagadeempregorj.com.br\\\/wp-content\\\/uploads\\\/2025\\\/05\\\/modo-escuro.png\",\"articleSection\":[\"Informa\u00e7\u00e3o Tecnol\u00f3gica, Curiosidades e Cursos\"],\"inLanguage\":\"fr-FR\"},{\"@type\":\"WebPage\",\"@id\":\"https:\\\/\\\/www.vagadeempregorj.com.br\\\/por-que-o-modo-escuro-pode-ou-nao-economizar-bateria-no-seu-aparelho\\\/\",\"url\":\"https:\\\/\\\/www.vagadeempregorj.com.br\\\/por-que-o-modo-escuro-pode-ou-nao-economizar-bateria-no-seu-aparelho\\\/\",\"name\":\"Por que o modo escuro pode (ou n\u00e3o) economizar bateria no seu aparelho -\",\"isPartOf\":{\"@id\":\"https:\\\/\\\/www.vagadeempregorj.com.br\\\/#website\"},\"primaryImageOfPage\":{\"@id\":\"https:\\\/\\\/www.vagadeempregorj.com.br\\\/por-que-o-modo-escuro-pode-ou-nao-economizar-bateria-no-seu-aparelho\\\/#primaryimage\"},\"image\":{\"@id\":\"https:\\\/\\\/www.vagadeempregorj.com.br\\\/por-que-o-modo-escuro-pode-ou-nao-economizar-bateria-no-seu-aparelho\\\/#primaryimage\"},\"thumbnailUrl\":\"https:\\\/\\\/www.vagadeempregorj.com.br\\\/wp-content\\\/uploads\\\/2025\\\/05\\\/modo-escuro.png\",\"datePublished\":\"2025-05-23T04:56:13+00:00\",\"dateModified\":\"2025-10-24T23:20:00+00:00\",\"author\":{\"@id\":\"https:\\\/\\\/www.vagadeempregorj.com.br\\\/#\\\/schema\\\/person\\\/3ddb19fa0539706786e502152f3aae95\"},\"description\":\"Veja em Vagas de Emprego RJ as vagas de emprego com e sem experi\u00eancia no seu Estado e Regi\u00e3o!\",\"breadcrumb\":{\"@id\":\"https:\\\/\\\/www.vagadeempregorj.com.br\\\/por-que-o-modo-escuro-pode-ou-nao-economizar-bateria-no-seu-aparelho\\\/#breadcrumb\"},\"inLanguage\":\"fr-FR\",\"potentialAction\":[{\"@type\":\"ReadAction\",\"target\":[\"https:\\\/\\\/www.vagadeempregorj.com.br\\\/por-que-o-modo-escuro-pode-ou-nao-economizar-bateria-no-seu-aparelho\\\/\"]}]},{\"@type\":\"ImageObject\",\"inLanguage\":\"fr-FR\",\"@id\":\"https:\\\/\\\/www.vagadeempregorj.com.br\\\/por-que-o-modo-escuro-pode-ou-nao-economizar-bateria-no-seu-aparelho\\\/#primaryimage\",\"url\":\"https:\\\/\\\/www.vagadeempregorj.com.br\\\/wp-content\\\/uploads\\\/2025\\\/05\\\/modo-escuro.png\",\"contentUrl\":\"https:\\\/\\\/www.vagadeempregorj.com.br\\\/wp-content\\\/uploads\\\/2025\\\/05\\\/modo-escuro.png\",\"width\":1536,\"height\":1024},{\"@type\":\"BreadcrumbList\",\"@id\":\"https:\\\/\\\/www.vagadeempregorj.com.br\\\/por-que-o-modo-escuro-pode-ou-nao-economizar-bateria-no-seu-aparelho\\\/#breadcrumb\",\"itemListElement\":[{\"@type\":\"ListItem\",\"position\":1,\"name\":\"In\u00edcio\",\"item\":\"https:\\\/\\\/www.vagadeempregorj.com.br\\\/\"},{\"@type\":\"ListItem\",\"position\":2,\"name\":\"Informa\u00e7\u00e3o Tecnol\u00f3gica, Curiosidades e Cursos\",\"item\":\"https:\\\/\\\/www.vagadeempregorj.com.br\\\/informacao-tecnologica-e-curiosidades\\\/\"},{\"@type\":\"ListItem\",\"position\":3,\"name\":\"Por que o modo escuro pode (ou n\u00e3o) economizar bateria no seu aparelho\"}]},{\"@type\":\"WebSite\",\"@id\":\"https:\\\/\\\/www.vagadeempregorj.com.br\\\/#website\",\"url\":\"https:\\\/\\\/www.vagadeempregorj.com.br\\\/\",\"name\":\"\",\"description\":\"Conquiste Sonhos: Vagas, Benef\u00edcios e Economia para Transformar Vidas e Alcan\u00e7ar Melhorias Cotidianas\",\"potentialAction\":[{\"@type\":\"SearchAction\",\"target\":{\"@type\":\"EntryPoint\",\"urlTemplate\":\"https:\\\/\\\/www.vagadeempregorj.com.br\\\/?s={search_term_string}\"},\"query-input\":{\"@type\":\"PropertyValueSpecification\",\"valueRequired\":true,\"valueName\":\"search_term_string\"}}],\"inLanguage\":\"fr-FR\"},{\"@type\":\"Person\",\"@id\":\"https:\\\/\\\/www.vagadeempregorj.com.br\\\/#\\\/schema\\\/person\\\/3ddb19fa0539706786e502152f3aae95\",\"name\":\"Michele\",\"image\":{\"@type\":\"ImageObject\",\"inLanguage\":\"fr-FR\",\"@id\":\"https:\\\/\\\/secure.gravatar.com\\\/avatar\\\/6b0eb9d22841282815e2cd856a0061c45e1761cd54b22e952d98c4746939aa85?s=96&r=g\",\"url\":\"https:\\\/\\\/secure.gravatar.com\\\/avatar\\\/6b0eb9d22841282815e2cd856a0061c45e1761cd54b22e952d98c4746939aa85?s=96&r=g\",\"contentUrl\":\"https:\\\/\\\/secure.gravatar.com\\\/avatar\\\/6b0eb9d22841282815e2cd856a0061c45e1761cd54b22e952d98c4746939aa85?s=96&r=g\",\"caption\":\"Michele\"},\"description\":\"Formada em Letras - Portugu\u00eas\\\/ Ingl\u00eas, e idealizadora do site Escritora de Sucesso, busca expandir o conhecimento de todos com informa\u00e7\u00f5es relevantes sobre diversos assuntos, enquanto redatora. No Vaga de Emprego RJ, traz oportunidades e dicas sobre o mercado de trabalho.\",\"url\":\"https:\\\/\\\/www.vagadeempregorj.com.br\\\/fr\\\/author\\\/michele\\\/\"}]}<\/script>\n<!-- \/ Yoast SEO plugin. -->","yoast_head_json":{"title":"Por que o modo escuro pode (ou n\u00e3o) economizar bateria no seu aparelho -","description":"Veja em Vagas de Emprego RJ as vagas de emprego com e sem experi\u00eancia no seu Estado e Regi\u00e3o!","robots":{"index":"index","follow":"follow","max-snippet":"max-snippet:-1","max-image-preview":"max-image-preview:large","max-video-preview":"max-video-preview:-1"},"canonical":"https:\/\/www.vagadeempregorj.com.br\/fr\/por-que-o-modo-escuro-pode-ou-nao-economizar-bateria-no-seu-aparelho\/","og_locale":"fr_FR","og_type":"article","og_title":"Por que o modo escuro pode (ou n\u00e3o) economizar bateria no seu aparelho -","og_description":"Veja em Vagas de Emprego RJ as vagas de emprego com e sem experi\u00eancia no seu Estado e Regi\u00e3o!","og_url":"https:\/\/www.vagadeempregorj.com.br\/fr\/por-que-o-modo-escuro-pode-ou-nao-economizar-bateria-no-seu-aparelho\/","article_publisher":"https:\/\/www.facebook.com\/empregobrasiloficial","article_published_time":"2025-05-23T04:56:13+00:00","article_modified_time":"2025-10-24T23:20:00+00:00","og_image":[{"width":1024,"height":683,"url":"https:\/\/www.vagadeempregorj.com.br\/wp-content\/uploads\/2025\/05\/modo-escuro-1024x683.png","type":"image\/png"}],"author":"Michele","twitter_card":"summary_large_image","twitter_misc":{"Written by":"Michele","Est. reading time":"5 minutes"},"schema":{"@context":"https:\/\/schema.org","@graph":[{"@type":"Article","@id":"https:\/\/www.vagadeempregorj.com.br\/por-que-o-modo-escuro-pode-ou-nao-economizar-bateria-no-seu-aparelho\/#article","isPartOf":{"@id":"https:\/\/www.vagadeempregorj.com.br\/por-que-o-modo-escuro-pode-ou-nao-economizar-bateria-no-seu-aparelho\/"},"author":{"name":"Michele","@id":"https:\/\/www.vagadeempregorj.com.br\/#\/schema\/person\/3ddb19fa0539706786e502152f3aae95"},"headline":"Por que o modo escuro pode (ou n\u00e3o) economizar bateria no seu aparelho","datePublished":"2025-05-23T04:56:13+00:00","dateModified":"2025-10-24T23:20:00+00:00","mainEntityOfPage":{"@id":"https:\/\/www.vagadeempregorj.com.br\/por-que-o-modo-escuro-pode-ou-nao-economizar-bateria-no-seu-aparelho\/"},"wordCount":987,"image":{"@id":"https:\/\/www.vagadeempregorj.com.br\/por-que-o-modo-escuro-pode-ou-nao-economizar-bateria-no-seu-aparelho\/#primaryimage"},"thumbnailUrl":"https:\/\/www.vagadeempregorj.com.br\/wp-content\/uploads\/2025\/05\/modo-escuro.png","articleSection":["Informa\u00e7\u00e3o Tecnol\u00f3gica, Curiosidades e Cursos"],"inLanguage":"fr-FR"},{"@type":"WebPage","@id":"https:\/\/www.vagadeempregorj.com.br\/por-que-o-modo-escuro-pode-ou-nao-economizar-bateria-no-seu-aparelho\/","url":"https:\/\/www.vagadeempregorj.com.br\/por-que-o-modo-escuro-pode-ou-nao-economizar-bateria-no-seu-aparelho\/","name":"Por que o modo escuro pode (ou n\u00e3o) economizar bateria no seu aparelho -","isPartOf":{"@id":"https:\/\/www.vagadeempregorj.com.br\/#website"},"primaryImageOfPage":{"@id":"https:\/\/www.vagadeempregorj.com.br\/por-que-o-modo-escuro-pode-ou-nao-economizar-bateria-no-seu-aparelho\/#primaryimage"},"image":{"@id":"https:\/\/www.vagadeempregorj.com.br\/por-que-o-modo-escuro-pode-ou-nao-economizar-bateria-no-seu-aparelho\/#primaryimage"},"thumbnailUrl":"https:\/\/www.vagadeempregorj.com.br\/wp-content\/uploads\/2025\/05\/modo-escuro.png","datePublished":"2025-05-23T04:56:13+00:00","dateModified":"2025-10-24T23:20:00+00:00","author":{"@id":"https:\/\/www.vagadeempregorj.com.br\/#\/schema\/person\/3ddb19fa0539706786e502152f3aae95"},"description":"Veja em Vagas de Emprego RJ as vagas de emprego com e sem experi\u00eancia no seu Estado e Regi\u00e3o!","breadcrumb":{"@id":"https:\/\/www.vagadeempregorj.com.br\/por-que-o-modo-escuro-pode-ou-nao-economizar-bateria-no-seu-aparelho\/#breadcrumb"},"inLanguage":"fr-FR","potentialAction":[{"@type":"ReadAction","target":["https:\/\/www.vagadeempregorj.com.br\/por-que-o-modo-escuro-pode-ou-nao-economizar-bateria-no-seu-aparelho\/"]}]},{"@type":"ImageObject","inLanguage":"fr-FR","@id":"https:\/\/www.vagadeempregorj.com.br\/por-que-o-modo-escuro-pode-ou-nao-economizar-bateria-no-seu-aparelho\/#primaryimage","url":"https:\/\/www.vagadeempregorj.com.br\/wp-content\/uploads\/2025\/05\/modo-escuro.png","contentUrl":"https:\/\/www.vagadeempregorj.com.br\/wp-content\/uploads\/2025\/05\/modo-escuro.png","width":1536,"height":1024},{"@type":"BreadcrumbList","@id":"https:\/\/www.vagadeempregorj.com.br\/por-que-o-modo-escuro-pode-ou-nao-economizar-bateria-no-seu-aparelho\/#breadcrumb","itemListElement":[{"@type":"ListItem","position":1,"name":"In\u00edcio","item":"https:\/\/www.vagadeempregorj.com.br\/"},{"@type":"ListItem","position":2,"name":"Informa\u00e7\u00e3o Tecnol\u00f3gica, Curiosidades e Cursos","item":"https:\/\/www.vagadeempregorj.com.br\/informacao-tecnologica-e-curiosidades\/"},{"@type":"ListItem","position":3,"name":"Por que o modo escuro pode (ou n\u00e3o) economizar bateria no seu aparelho"}]},{"@type":"WebSite","@id":"https:\/\/www.vagadeempregorj.com.br\/#website","url":"https:\/\/www.vagadeempregorj.com.br\/","name":"","description":"Conquiste Sonhos: Vagas, Benef\u00edcios e Economia para Transformar Vidas e Alcan\u00e7ar Melhorias Cotidianas","potentialAction":[{"@type":"SearchAction","target":{"@type":"EntryPoint","urlTemplate":"https:\/\/www.vagadeempregorj.com.br\/?s={search_term_string}"},"query-input":{"@type":"PropertyValueSpecification","valueRequired":true,"valueName":"search_term_string"}}],"inLanguage":"fr-FR"},{"@type":"Person","@id":"https:\/\/www.vagadeempregorj.com.br\/#\/schema\/person\/3ddb19fa0539706786e502152f3aae95","name":"Michele","image":{"@type":"ImageObject","inLanguage":"fr-FR","@id":"https:\/\/secure.gravatar.com\/avatar\/6b0eb9d22841282815e2cd856a0061c45e1761cd54b22e952d98c4746939aa85?s=96&r=g","url":"https:\/\/secure.gravatar.com\/avatar\/6b0eb9d22841282815e2cd856a0061c45e1761cd54b22e952d98c4746939aa85?s=96&r=g","contentUrl":"https:\/\/secure.gravatar.com\/avatar\/6b0eb9d22841282815e2cd856a0061c45e1761cd54b22e952d98c4746939aa85?s=96&r=g","caption":"Michele"},"description":"Formada em Letras - Portugu\u00eas\/ Ingl\u00eas, e idealizadora do site Escritora de Sucesso, busca expandir o conhecimento de todos com informa\u00e7\u00f5es relevantes sobre diversos assuntos, enquanto redatora. No Vaga de Emprego RJ, traz oportunidades e dicas sobre o mercado de trabalho.","url":"https:\/\/www.vagadeempregorj.com.br\/fr\/author\/michele\/"}]}},"_links":{"self":[{"href":"https:\/\/www.vagadeempregorj.com.br\/fr\/wp-json\/wp\/v2\/posts\/43413","targetHints":{"allow":["GET"]}}],"collection":[{"href":"https:\/\/www.vagadeempregorj.com.br\/fr\/wp-json\/wp\/v2\/posts"}],"about":[{"href":"https:\/\/www.vagadeempregorj.com.br\/fr\/wp-json\/wp\/v2\/types\/post"}],"author":[{"embeddable":true,"href":"https:\/\/www.vagadeempregorj.com.br\/fr\/wp-json\/wp\/v2\/users\/16"}],"replies":[{"embeddable":true,"href":"https:\/\/www.vagadeempregorj.com.br\/fr\/wp-json\/wp\/v2\/comments?post=43413"}],"version-history":[{"count":4,"href":"https:\/\/www.vagadeempregorj.com.br\/fr\/wp-json\/wp\/v2\/posts\/43413\/revisions"}],"predecessor-version":[{"id":43835,"href":"https:\/\/www.vagadeempregorj.com.br\/fr\/wp-json\/wp\/v2\/posts\/43413\/revisions\/43835"}],"wp:featuredmedia":[{"embeddable":true,"href":"https:\/\/www.vagadeempregorj.com.br\/fr\/wp-json\/wp\/v2\/media\/43414"}],"wp:attachment":[{"href":"https:\/\/www.vagadeempregorj.com.br\/fr\/wp-json\/wp\/v2\/media?parent=43413"}],"wp:term":[{"taxonomy":"category","embeddable":true,"href":"https:\/\/www.vagadeempregorj.com.br\/fr\/wp-json\/wp\/v2\/categories?post=43413"},{"taxonomy":"post_tag","embeddable":true,"href":"https:\/\/www.vagadeempregorj.com.br\/fr\/wp-json\/wp\/v2\/tags?post=43413"}],"curies":[{"name":"wp","href":"https:\/\/api.w.org\/{rel}","templated":true}]}}