{"id":43900,"date":"2025-11-11T18:30:49","date_gmt":"2025-11-11T21:30:49","guid":{"rendered":"https:\/\/www.vagadeempregorj.com.br\/?p=43900"},"modified":"2025-11-11T18:30:50","modified_gmt":"2025-11-11T21:30:50","slug":"voce-pode-ter-saldo-pis-pasep-disponivel-para-saque-imediato","status":"publish","type":"post","link":"https:\/\/www.vagadeempregorj.com.br\/fr\/voce-pode-ter-saldo-pis-pasep-disponivel-para-saque-imediato\/","title":{"rendered":"Voc\u00ea pode ter saldo PIS\/PASEP dispon\u00edvel para saque imediato"},"content":{"rendered":"<p class=\"has-text-align-center\"><strong>Fa\u00e7a o saque do PIS\/PASEP agora mesmo!<\/strong><\/p>\n\n\n\n<div class=\"wp-block-buttons is-content-justification-center is-layout-flex wp-container-core-buttons-is-layout-16018d1d wp-block-buttons-is-layout-flex\">\n<div class=\"wp-block-button has-custom-width wp-block-button__width-100\"><a class=\"wp-block-button__link has-white-color has-text-color has-background has-link-color wp-element-button\" href=\"https:\/\/www.vagadeempregorj.com.br\/fr\/consulte-o-pis-pasep-pelo-cpf-e-veja-o-saldo-disponivel\/\" style=\"background-color:#026aa5\"><strong>Tenho direito ao PIS\/PASEP?<\/strong><\/a><\/div>\n\n\n\n<div class=\"wp-block-button has-custom-width wp-block-button__width-100\"><a class=\"wp-block-button__link has-white-color has-text-color has-background has-link-color wp-element-button\" href=\"https:\/\/www.vagadeempregorj.com.br\/fr\/como-receber-o-pis-pasep-veja-o-que-fazer\/\" style=\"background-color:#026aa5\"><strong>Como fazer saque PIS\/PASEP?<\/strong><\/a><\/div>\n\n\n\n<div class=\"wp-block-button has-custom-width wp-block-button__width-100\"><a class=\"wp-block-button__link has-white-color has-text-color has-background has-link-color wp-element-button\" href=\"https:\/\/www.vagadeempregorj.com.br\/fr\/nao-sabe-o-numero-do-seu-pis-veja-como-encontra-lo\/\" style=\"background-color:#026aa5\"><strong>Como encontrar n\u00famero do PIS?<\/strong><\/a><\/div>\n<\/div>\n\n\n\n<p>O <strong>PIS\/PASEP<\/strong> \u00e9 um daqueles benef\u00edcios que muita gente tem direito, mas nem desconfia. E o detalhe \u00e9 que pode haver valores esquecidos esperando para serem sacados, sim, dinheiro parado, rendendo e pronto para cair na conta. Muita gente trabalhou de carteira assinada, mas nunca verificou se tinha saldo. E \u00e9 justamente por isso que o n\u00famero de pessoas com valores esquecidos cresce a cada ano.<\/p>\n\n\n\n<h2 class=\"wp-block-heading\">Por que pode haver saldo dispon\u00edvel no PIS\/PASEP?<\/h2>\n\n\n\n<p>O <strong>PIS (Programa de Integra\u00e7\u00e3o Social) <\/strong>e o<strong> PASEP (Programa de Forma\u00e7\u00e3o do Patrim\u00f4nio do Servidor P\u00fablico)<\/strong> foram criados h\u00e1 d\u00e9cadas, e por muito tempo serviram como uma esp\u00e9cie de poupan\u00e7a coletiva, alimentada pelas empresas e \u00f3rg\u00e3os p\u00fablicos. Cada trabalhador tinha uma conta individual onde os dep\u00f3sitos eram feitos anualmente.<\/p>\n\n\n\n<p>O problema \u00e9 que, com o passar dos anos, as regras mudaram, muita gente mudou de emprego, e at\u00e9 de cidade, e acabou perdendo o rastro desse dinheiro. Al\u00e9m disso, houve per\u00edodos em que os valores ficaram sob responsabilidade de diferentes institui\u00e7\u00f5es, primeiro o Banco do Brasil, depois a Caixa Econ\u00f4mica Federal. Essa transi\u00e7\u00e3o tamb\u00e9m fez com que muitos trabalhadores perdessem o controle de onde estava seu saldo.<\/p>\n\n\n\n<p>Hoje, o governo unificou essas informa\u00e7\u00f5es, e grande parte dos valores est\u00e1 sendo liberada para saque. \u00c9 por isso que quem trabalhou de carteira assinada entre 1971 e 1988 pode estar entre os beneficiados com o saldo do PIS\/PASEP.<\/p>\n\n\n\n<h2 class=\"wp-block-heading\">Quem pode ter direito a receber?<\/h2>\n\n\n\n<p>N\u00e3o \u00e9 qualquer pessoa que tem direito, mas h\u00e1 mais gente inclusa nessa lista do que se imagina. Geralmente, os valores pertencem a quem trabalhou com registro formal nesse per\u00edodo e contribuiu para o fundo. Al\u00e9m disso, herdeiros tamb\u00e9m podem receber, caso o titular da conta tenha falecido. E esse detalhe \u00e9 o que tem feito muitas fam\u00edlias recuperarem valores que estavam esquecidos h\u00e1 d\u00e9cadas.<\/p>\n\n\n\n<p>Outro ponto importante: o <strong>dinheiro do PIS\/PASEP<\/strong> \u00e9 diferente do abono salarial. Enquanto o abono \u00e9 pago anualmente, o saldo do PIS\/PASEP \u00e9 acumulado ao longo dos anos de trabalho. \u00c9 por isso que, dependendo do tempo de contribui\u00e7\u00e3o e dos rendimentos, os valores podem chegar a cifras bem interessantes.<\/p>\n\n\n\n<h2 class=\"wp-block-heading\">Valores dispon\u00edveis podem surpreender<\/h2>\n\n\n\n<p>Em muitos casos, os <strong>valores esquecidos ultrapassam R$ 1.000,00<\/strong>, e h\u00e1 registros de pessoas que receberam <strong>mais de R$ 5.000,00<\/strong>. Isso acontece porque os saldos ficaram rendendo ao longo dos anos, com juros e corre\u00e7\u00e3o monet\u00e1ria.<\/p>\n\n\n\n<p>Para quem contribuiu por v\u00e1rios anos, o montante pode ser consider\u00e1vel. O que poucos sabem \u00e9 que, mesmo sem movimentar, o dinheiro n\u00e3o \u201csome\u201d. Ele continua guardado, vinculado ao CPF ou ao n\u00famero do NIS. E o governo tem buscado formas de facilitar o acesso a essas informa\u00e7\u00f5es, inclusive atrav\u00e9s de consultas digitais.<\/p>\n\n\n\n<p>Mas o ponto principal \u00e9: quem trabalhou antes de 1988 e nunca retirou o saldo precisa ficar atento. \u00c9 bem poss\u00edvel que exista um valor aguardando libera\u00e7\u00e3o.<\/p>\n\n\n\n<h2 class=\"wp-block-heading\">Como saber se o saldo est\u00e1 dispon\u00edvel<\/h2>\n\n\n\n<p>Existem formas seguras e oficiais de saber se h\u00e1 dinheiro dispon\u00edvel. Essas informa\u00e7\u00f5es est\u00e3o integradas aos sistemas do governo, o que permite consultar de forma pr\u00e1tica. Por isso, vale dedicar alguns minutos para verificar, afinal, \u00e9 um direito garantido por lei.<\/p>\n\n\n\n<p>As consultas podem ser feitas com CPF, n\u00famero do NIS ou at\u00e9 pelo aplicativo da carteira de trabalho digital. A confirma\u00e7\u00e3o geralmente \u00e9 r\u00e1pida e mostra se h\u00e1 saldo dispon\u00edvel ou se o benef\u00edcio j\u00e1 foi sacado anteriormente.<\/p>\n\n\n\n<p>Muitos trabalhadores que nunca acompanharam as atualiza\u00e7\u00f5es do PIS\/PASEP acabam se surpreendendo com os valores. \u00c9 comum que, ap\u00f3s tantos anos, os dados precisem ser atualizados para garantir a libera\u00e7\u00e3o do cr\u00e9dito, mas o processo \u00e9 simples.<\/p>\n\n\n\n<h2 class=\"wp-block-heading\">FAQ:<\/h2>\n\n\n\n<h3 class=\"wp-block-heading\">O que \u00e9 o PIS\/PASEP?<\/h3>\n\n\n\n<p>O <strong>PIS (Programa de Integra\u00e7\u00e3o Social) <\/strong>e o <strong>PASEP (Programa de Forma\u00e7\u00e3o do Patrim\u00f4nio do Servidor P\u00fablico)<\/strong> foram criados para integrar o trabalhador ao desenvolvimento das empresas e \u00f3rg\u00e3os p\u00fablicos. Durante anos, as empresas depositavam contribui\u00e7\u00f5es em nome dos funcion\u00e1rios, formando um saldo individual. Esse dinheiro pertence ao trabalhador e pode ser sacado em casos espec\u00edficos, como aposentadoria, idade m\u00ednima ou heran\u00e7a.<\/p>\n\n\n\n<h3 class=\"wp-block-heading\">Quem tem direito ao saldo do PIS\/PASEP?<\/h3>\n\n\n\n<p>Tem direito quem trabalhou com carteira assinada entre 1971 e 1988 e contribuiu para o fundo. Servidores p\u00fablicos tamb\u00e9m est\u00e3o inclu\u00eddos, desde que tenham atuado nesse per\u00edodo. Al\u00e9m disso, familiares e herdeiros de pessoas falecidas podem solicitar o valor, mediante documenta\u00e7\u00e3o comprobat\u00f3ria.<\/p>\n\n\n\n<h3 class=\"wp-block-heading\">Qual \u00e9 a diferen\u00e7a entre o abono salarial e o saldo do PIS\/PASEP?<\/h3>\n\n\n\n<p>O abono salarial \u00e9 pago anualmente para trabalhadores que atendem a crit\u00e9rios como renda e tempo de servi\u00e7o. J\u00e1 o saldo do PIS\/PASEP \u00e9 um valor acumulado ao longo dos anos de contribui\u00e7\u00e3o, e pode estar esquecido em contas vinculadas ao CPF. Ou seja, s\u00e3o benef\u00edcios diferentes, embora ligados ao mesmo programa.<\/p>\n\n\n\n<p><strong>Veja tamb\u00e9m: <a href=\"https:\/\/www.vagadeempregorj.com.br\/fr\/auxilio-gas-aprovado-mas-o-dinheiro-nao-caiu-saiba-o-que-fazer\/\">Aux\u00edlio G\u00e1s aprovado, mas o dinheiro n\u00e3o caiu? Saiba o que fazer!<\/a><\/strong><\/p>\n\n\n\n<p>Publicado de 11 de novembro de 2025<\/p>","protected":false},"excerpt":{"rendered":"<p>Fa\u00e7a o saque do PIS\/PASEP agora mesmo! O PIS\/PASEP \u00e9 um daqueles benef\u00edcios que muita gente tem direito, mas nem desconfia. E o detalhe \u00e9 que pode haver valores esquecidos esperando para serem sacados, sim, dinheiro parado, rendendo e pronto para cair na conta. Muita gente trabalhou de carteira assinada, mas nunca verificou se tinha&hellip;&nbsp;<\/p>","protected":false},"author":16,"featured_media":43901,"comment_status":"closed","ping_status":"closed","sticky":false,"template":"","format":"standard","meta":{"neve_meta_sidebar":"","neve_meta_container":"","neve_meta_enable_content_width":"","neve_meta_content_width":0,"neve_meta_title_alignment":"","neve_meta_author_avatar":"","neve_post_elements_order":"","neve_meta_disable_header":"","neve_meta_disable_footer":"","neve_meta_disable_title":"","footnotes":""},"categories":[1],"tags":[],"class_list":["post-43900","post","type-post","status-publish","format-standard","has-post-thumbnail","hentry","category-beneficios-sociais"],"yoast_head":"<!-- This site is optimized with the Yoast SEO plugin v27.5 - https:\/\/yoast.com\/product\/yoast-seo-wordpress\/ -->\n<title>Voc\u00ea pode ter saldo PIS\/PASEP dispon\u00edvel para saque imediato -<\/title>\n<meta name=\"description\" content=\"Veja em Vagas de Emprego RJ as vagas de emprego com e sem experi\u00eancia no seu Estado e Regi\u00e3o!\" \/>\n<meta name=\"robots\" content=\"index, follow, max-snippet:-1, max-image-preview:large, max-video-preview:-1\" \/>\n<link rel=\"canonical\" href=\"https:\/\/www.vagadeempregorj.com.br\/fr\/voce-pode-ter-saldo-pis-pasep-disponivel-para-saque-imediato\/\" \/>\n<meta property=\"og:locale\" content=\"fr_FR\" \/>\n<meta property=\"og:type\" content=\"article\" \/>\n<meta property=\"og:title\" content=\"Voc\u00ea pode ter saldo PIS\/PASEP dispon\u00edvel para saque imediato -\" \/>\n<meta property=\"og:description\" content=\"Veja em Vagas de Emprego RJ as vagas de emprego com e sem experi\u00eancia no seu Estado e Regi\u00e3o!\" \/>\n<meta property=\"og:url\" content=\"https:\/\/www.vagadeempregorj.com.br\/fr\/voce-pode-ter-saldo-pis-pasep-disponivel-para-saque-imediato\/\" \/>\n<meta property=\"article:publisher\" content=\"https:\/\/www.facebook.com\/empregobrasiloficial\" \/>\n<meta property=\"article:published_time\" content=\"2025-11-11T21:30:49+00:00\" \/>\n<meta property=\"article:modified_time\" content=\"2025-11-11T21:30:50+00:00\" \/>\n<meta property=\"og:image\" content=\"https:\/\/www.vagadeempregorj.com.br\/wp-content\/uploads\/2025\/11\/PIS-PASEP-2-1024x683.png\" \/>\n\t<meta property=\"og:image:width\" content=\"1024\" \/>\n\t<meta property=\"og:image:height\" content=\"683\" \/>\n\t<meta property=\"og:image:type\" content=\"image\/png\" \/>\n<meta name=\"author\" content=\"Michele\" \/>\n<meta name=\"twitter:card\" content=\"summary_large_image\" \/>\n<meta name=\"twitter:label1\" content=\"Written by\" \/>\n\t<meta name=\"twitter:data1\" content=\"Michele\" \/>\n\t<meta name=\"twitter:label2\" content=\"Est. reading time\" \/>\n\t<meta name=\"twitter:data2\" content=\"4 minutes\" \/>\n<script type=\"application\/ld+json\" class=\"yoast-schema-graph\">{\"@context\":\"https:\\\/\\\/schema.org\",\"@graph\":[{\"@type\":\"Article\",\"@id\":\"https:\\\/\\\/www.vagadeempregorj.com.br\\\/voce-pode-ter-saldo-pis-pasep-disponivel-para-saque-imediato\\\/#article\",\"isPartOf\":{\"@id\":\"https:\\\/\\\/www.vagadeempregorj.com.br\\\/voce-pode-ter-saldo-pis-pasep-disponivel-para-saque-imediato\\\/\"},\"author\":{\"name\":\"Michele\",\"@id\":\"https:\\\/\\\/www.vagadeempregorj.com.br\\\/#\\\/schema\\\/person\\\/3ddb19fa0539706786e502152f3aae95\"},\"headline\":\"Voc\u00ea pode ter saldo PIS\\\/PASEP dispon\u00edvel para saque imediato\",\"datePublished\":\"2025-11-11T21:30:49+00:00\",\"dateModified\":\"2025-11-11T21:30:50+00:00\",\"mainEntityOfPage\":{\"@id\":\"https:\\\/\\\/www.vagadeempregorj.com.br\\\/voce-pode-ter-saldo-pis-pasep-disponivel-para-saque-imediato\\\/\"},\"wordCount\":894,\"image\":{\"@id\":\"https:\\\/\\\/www.vagadeempregorj.com.br\\\/voce-pode-ter-saldo-pis-pasep-disponivel-para-saque-imediato\\\/#primaryimage\"},\"thumbnailUrl\":\"https:\\\/\\\/www.vagadeempregorj.com.br\\\/wp-content\\\/uploads\\\/2025\\\/11\\\/PIS-PASEP-2.png\",\"articleSection\":[\"Benef\u00edcios Sociais\"],\"inLanguage\":\"fr-FR\"},{\"@type\":\"WebPage\",\"@id\":\"https:\\\/\\\/www.vagadeempregorj.com.br\\\/voce-pode-ter-saldo-pis-pasep-disponivel-para-saque-imediato\\\/\",\"url\":\"https:\\\/\\\/www.vagadeempregorj.com.br\\\/voce-pode-ter-saldo-pis-pasep-disponivel-para-saque-imediato\\\/\",\"name\":\"Voc\u00ea pode ter saldo PIS\\\/PASEP dispon\u00edvel para saque imediato -\",\"isPartOf\":{\"@id\":\"https:\\\/\\\/www.vagadeempregorj.com.br\\\/#website\"},\"primaryImageOfPage\":{\"@id\":\"https:\\\/\\\/www.vagadeempregorj.com.br\\\/voce-pode-ter-saldo-pis-pasep-disponivel-para-saque-imediato\\\/#primaryimage\"},\"image\":{\"@id\":\"https:\\\/\\\/www.vagadeempregorj.com.br\\\/voce-pode-ter-saldo-pis-pasep-disponivel-para-saque-imediato\\\/#primaryimage\"},\"thumbnailUrl\":\"https:\\\/\\\/www.vagadeempregorj.com.br\\\/wp-content\\\/uploads\\\/2025\\\/11\\\/PIS-PASEP-2.png\",\"datePublished\":\"2025-11-11T21:30:49+00:00\",\"dateModified\":\"2025-11-11T21:30:50+00:00\",\"author\":{\"@id\":\"https:\\\/\\\/www.vagadeempregorj.com.br\\\/#\\\/schema\\\/person\\\/3ddb19fa0539706786e502152f3aae95\"},\"description\":\"Veja em Vagas de Emprego RJ as vagas de emprego com e sem experi\u00eancia no seu Estado e Regi\u00e3o!\",\"breadcrumb\":{\"@id\":\"https:\\\/\\\/www.vagadeempregorj.com.br\\\/voce-pode-ter-saldo-pis-pasep-disponivel-para-saque-imediato\\\/#breadcrumb\"},\"inLanguage\":\"fr-FR\",\"potentialAction\":[{\"@type\":\"ReadAction\",\"target\":[\"https:\\\/\\\/www.vagadeempregorj.com.br\\\/voce-pode-ter-saldo-pis-pasep-disponivel-para-saque-imediato\\\/\"]}]},{\"@type\":\"ImageObject\",\"inLanguage\":\"fr-FR\",\"@id\":\"https:\\\/\\\/www.vagadeempregorj.com.br\\\/voce-pode-ter-saldo-pis-pasep-disponivel-para-saque-imediato\\\/#primaryimage\",\"url\":\"https:\\\/\\\/www.vagadeempregorj.com.br\\\/wp-content\\\/uploads\\\/2025\\\/11\\\/PIS-PASEP-2.png\",\"contentUrl\":\"https:\\\/\\\/www.vagadeempregorj.com.br\\\/wp-content\\\/uploads\\\/2025\\\/11\\\/PIS-PASEP-2.png\",\"width\":1536,\"height\":1024,\"caption\":\"saldo PIS\\\/PASEP\"},{\"@type\":\"BreadcrumbList\",\"@id\":\"https:\\\/\\\/www.vagadeempregorj.com.br\\\/voce-pode-ter-saldo-pis-pasep-disponivel-para-saque-imediato\\\/#breadcrumb\",\"itemListElement\":[{\"@type\":\"ListItem\",\"position\":1,\"name\":\"In\u00edcio\",\"item\":\"https:\\\/\\\/www.vagadeempregorj.com.br\\\/\"},{\"@type\":\"ListItem\",\"position\":2,\"name\":\"Benef\u00edcios Sociais\",\"item\":\"https:\\\/\\\/www.vagadeempregorj.com.br\\\/beneficios-sociais\\\/\"},{\"@type\":\"ListItem\",\"position\":3,\"name\":\"Voc\u00ea pode ter saldo PIS\\\/PASEP dispon\u00edvel para saque imediato\"}]},{\"@type\":\"WebSite\",\"@id\":\"https:\\\/\\\/www.vagadeempregorj.com.br\\\/#website\",\"url\":\"https:\\\/\\\/www.vagadeempregorj.com.br\\\/\",\"name\":\"\",\"description\":\"Conquiste Sonhos: Vagas, Benef\u00edcios e Economia para Transformar Vidas e Alcan\u00e7ar Melhorias Cotidianas\",\"potentialAction\":[{\"@type\":\"SearchAction\",\"target\":{\"@type\":\"EntryPoint\",\"urlTemplate\":\"https:\\\/\\\/www.vagadeempregorj.com.br\\\/?s={search_term_string}\"},\"query-input\":{\"@type\":\"PropertyValueSpecification\",\"valueRequired\":true,\"valueName\":\"search_term_string\"}}],\"inLanguage\":\"fr-FR\"},{\"@type\":\"Person\",\"@id\":\"https:\\\/\\\/www.vagadeempregorj.com.br\\\/#\\\/schema\\\/person\\\/3ddb19fa0539706786e502152f3aae95\",\"name\":\"Michele\",\"image\":{\"@type\":\"ImageObject\",\"inLanguage\":\"fr-FR\",\"@id\":\"https:\\\/\\\/secure.gravatar.com\\\/avatar\\\/6b0eb9d22841282815e2cd856a0061c45e1761cd54b22e952d98c4746939aa85?s=96&r=g\",\"url\":\"https:\\\/\\\/secure.gravatar.com\\\/avatar\\\/6b0eb9d22841282815e2cd856a0061c45e1761cd54b22e952d98c4746939aa85?s=96&r=g\",\"contentUrl\":\"https:\\\/\\\/secure.gravatar.com\\\/avatar\\\/6b0eb9d22841282815e2cd856a0061c45e1761cd54b22e952d98c4746939aa85?s=96&r=g\",\"caption\":\"Michele\"},\"description\":\"Formada em Letras - Portugu\u00eas\\\/ Ingl\u00eas, e idealizadora do site Escritora de Sucesso, busca expandir o conhecimento de todos com informa\u00e7\u00f5es relevantes sobre diversos assuntos, enquanto redatora. No Vaga de Emprego RJ, traz oportunidades e dicas sobre o mercado de trabalho.\",\"url\":\"https:\\\/\\\/www.vagadeempregorj.com.br\\\/fr\\\/author\\\/michele\\\/\"}]}<\/script>\n<!-- \/ Yoast SEO plugin. -->","yoast_head_json":{"title":"Voc\u00ea pode ter saldo PIS\/PASEP dispon\u00edvel para saque imediato -","description":"Veja em Vagas de Emprego RJ as vagas de emprego com e sem experi\u00eancia no seu Estado e Regi\u00e3o!","robots":{"index":"index","follow":"follow","max-snippet":"max-snippet:-1","max-image-preview":"max-image-preview:large","max-video-preview":"max-video-preview:-1"},"canonical":"https:\/\/www.vagadeempregorj.com.br\/fr\/voce-pode-ter-saldo-pis-pasep-disponivel-para-saque-imediato\/","og_locale":"fr_FR","og_type":"article","og_title":"Voc\u00ea pode ter saldo PIS\/PASEP dispon\u00edvel para saque imediato -","og_description":"Veja em Vagas de Emprego RJ as vagas de emprego com e sem experi\u00eancia no seu Estado e Regi\u00e3o!","og_url":"https:\/\/www.vagadeempregorj.com.br\/fr\/voce-pode-ter-saldo-pis-pasep-disponivel-para-saque-imediato\/","article_publisher":"https:\/\/www.facebook.com\/empregobrasiloficial","article_published_time":"2025-11-11T21:30:49+00:00","article_modified_time":"2025-11-11T21:30:50+00:00","og_image":[{"width":1024,"height":683,"url":"https:\/\/www.vagadeempregorj.com.br\/wp-content\/uploads\/2025\/11\/PIS-PASEP-2-1024x683.png","type":"image\/png"}],"author":"Michele","twitter_card":"summary_large_image","twitter_misc":{"Written by":"Michele","Est. reading time":"4 minutes"},"schema":{"@context":"https:\/\/schema.org","@graph":[{"@type":"Article","@id":"https:\/\/www.vagadeempregorj.com.br\/voce-pode-ter-saldo-pis-pasep-disponivel-para-saque-imediato\/#article","isPartOf":{"@id":"https:\/\/www.vagadeempregorj.com.br\/voce-pode-ter-saldo-pis-pasep-disponivel-para-saque-imediato\/"},"author":{"name":"Michele","@id":"https:\/\/www.vagadeempregorj.com.br\/#\/schema\/person\/3ddb19fa0539706786e502152f3aae95"},"headline":"Voc\u00ea pode ter saldo PIS\/PASEP dispon\u00edvel para saque imediato","datePublished":"2025-11-11T21:30:49+00:00","dateModified":"2025-11-11T21:30:50+00:00","mainEntityOfPage":{"@id":"https:\/\/www.vagadeempregorj.com.br\/voce-pode-ter-saldo-pis-pasep-disponivel-para-saque-imediato\/"},"wordCount":894,"image":{"@id":"https:\/\/www.vagadeempregorj.com.br\/voce-pode-ter-saldo-pis-pasep-disponivel-para-saque-imediato\/#primaryimage"},"thumbnailUrl":"https:\/\/www.vagadeempregorj.com.br\/wp-content\/uploads\/2025\/11\/PIS-PASEP-2.png","articleSection":["Benef\u00edcios Sociais"],"inLanguage":"fr-FR"},{"@type":"WebPage","@id":"https:\/\/www.vagadeempregorj.com.br\/voce-pode-ter-saldo-pis-pasep-disponivel-para-saque-imediato\/","url":"https:\/\/www.vagadeempregorj.com.br\/voce-pode-ter-saldo-pis-pasep-disponivel-para-saque-imediato\/","name":"Voc\u00ea pode ter saldo PIS\/PASEP dispon\u00edvel para saque imediato -","isPartOf":{"@id":"https:\/\/www.vagadeempregorj.com.br\/#website"},"primaryImageOfPage":{"@id":"https:\/\/www.vagadeempregorj.com.br\/voce-pode-ter-saldo-pis-pasep-disponivel-para-saque-imediato\/#primaryimage"},"image":{"@id":"https:\/\/www.vagadeempregorj.com.br\/voce-pode-ter-saldo-pis-pasep-disponivel-para-saque-imediato\/#primaryimage"},"thumbnailUrl":"https:\/\/www.vagadeempregorj.com.br\/wp-content\/uploads\/2025\/11\/PIS-PASEP-2.png","datePublished":"2025-11-11T21:30:49+00:00","dateModified":"2025-11-11T21:30:50+00:00","author":{"@id":"https:\/\/www.vagadeempregorj.com.br\/#\/schema\/person\/3ddb19fa0539706786e502152f3aae95"},"description":"Veja em Vagas de Emprego RJ as vagas de emprego com e sem experi\u00eancia no seu Estado e Regi\u00e3o!","breadcrumb":{"@id":"https:\/\/www.vagadeempregorj.com.br\/voce-pode-ter-saldo-pis-pasep-disponivel-para-saque-imediato\/#breadcrumb"},"inLanguage":"fr-FR","potentialAction":[{"@type":"ReadAction","target":["https:\/\/www.vagadeempregorj.com.br\/voce-pode-ter-saldo-pis-pasep-disponivel-para-saque-imediato\/"]}]},{"@type":"ImageObject","inLanguage":"fr-FR","@id":"https:\/\/www.vagadeempregorj.com.br\/voce-pode-ter-saldo-pis-pasep-disponivel-para-saque-imediato\/#primaryimage","url":"https:\/\/www.vagadeempregorj.com.br\/wp-content\/uploads\/2025\/11\/PIS-PASEP-2.png","contentUrl":"https:\/\/www.vagadeempregorj.com.br\/wp-content\/uploads\/2025\/11\/PIS-PASEP-2.png","width":1536,"height":1024,"caption":"saldo PIS\/PASEP"},{"@type":"BreadcrumbList","@id":"https:\/\/www.vagadeempregorj.com.br\/voce-pode-ter-saldo-pis-pasep-disponivel-para-saque-imediato\/#breadcrumb","itemListElement":[{"@type":"ListItem","position":1,"name":"In\u00edcio","item":"https:\/\/www.vagadeempregorj.com.br\/"},{"@type":"ListItem","position":2,"name":"Benef\u00edcios Sociais","item":"https:\/\/www.vagadeempregorj.com.br\/beneficios-sociais\/"},{"@type":"ListItem","position":3,"name":"Voc\u00ea pode ter saldo PIS\/PASEP dispon\u00edvel para saque imediato"}]},{"@type":"WebSite","@id":"https:\/\/www.vagadeempregorj.com.br\/#website","url":"https:\/\/www.vagadeempregorj.com.br\/","name":"","description":"Conquiste Sonhos: Vagas, Benef\u00edcios e Economia para Transformar Vidas e Alcan\u00e7ar Melhorias Cotidianas","potentialAction":[{"@type":"SearchAction","target":{"@type":"EntryPoint","urlTemplate":"https:\/\/www.vagadeempregorj.com.br\/?s={search_term_string}"},"query-input":{"@type":"PropertyValueSpecification","valueRequired":true,"valueName":"search_term_string"}}],"inLanguage":"fr-FR"},{"@type":"Person","@id":"https:\/\/www.vagadeempregorj.com.br\/#\/schema\/person\/3ddb19fa0539706786e502152f3aae95","name":"Michele","image":{"@type":"ImageObject","inLanguage":"fr-FR","@id":"https:\/\/secure.gravatar.com\/avatar\/6b0eb9d22841282815e2cd856a0061c45e1761cd54b22e952d98c4746939aa85?s=96&r=g","url":"https:\/\/secure.gravatar.com\/avatar\/6b0eb9d22841282815e2cd856a0061c45e1761cd54b22e952d98c4746939aa85?s=96&r=g","contentUrl":"https:\/\/secure.gravatar.com\/avatar\/6b0eb9d22841282815e2cd856a0061c45e1761cd54b22e952d98c4746939aa85?s=96&r=g","caption":"Michele"},"description":"Formada em Letras - Portugu\u00eas\/ Ingl\u00eas, e idealizadora do site Escritora de Sucesso, busca expandir o conhecimento de todos com informa\u00e7\u00f5es relevantes sobre diversos assuntos, enquanto redatora. No Vaga de Emprego RJ, traz oportunidades e dicas sobre o mercado de trabalho.","url":"https:\/\/www.vagadeempregorj.com.br\/fr\/author\/michele\/"}]}},"_links":{"self":[{"href":"https:\/\/www.vagadeempregorj.com.br\/fr\/wp-json\/wp\/v2\/posts\/43900","targetHints":{"allow":["GET"]}}],"collection":[{"href":"https:\/\/www.vagadeempregorj.com.br\/fr\/wp-json\/wp\/v2\/posts"}],"about":[{"href":"https:\/\/www.vagadeempregorj.com.br\/fr\/wp-json\/wp\/v2\/types\/post"}],"author":[{"embeddable":true,"href":"https:\/\/www.vagadeempregorj.com.br\/fr\/wp-json\/wp\/v2\/users\/16"}],"replies":[{"embeddable":true,"href":"https:\/\/www.vagadeempregorj.com.br\/fr\/wp-json\/wp\/v2\/comments?post=43900"}],"version-history":[{"count":2,"href":"https:\/\/www.vagadeempregorj.com.br\/fr\/wp-json\/wp\/v2\/posts\/43900\/revisions"}],"predecessor-version":[{"id":43914,"href":"https:\/\/www.vagadeempregorj.com.br\/fr\/wp-json\/wp\/v2\/posts\/43900\/revisions\/43914"}],"wp:featuredmedia":[{"embeddable":true,"href":"https:\/\/www.vagadeempregorj.com.br\/fr\/wp-json\/wp\/v2\/media\/43901"}],"wp:attachment":[{"href":"https:\/\/www.vagadeempregorj.com.br\/fr\/wp-json\/wp\/v2\/media?parent=43900"}],"wp:term":[{"taxonomy":"category","embeddable":true,"href":"https:\/\/www.vagadeempregorj.com.br\/fr\/wp-json\/wp\/v2\/categories?post=43900"},{"taxonomy":"post_tag","embeddable":true,"href":"https:\/\/www.vagadeempregorj.com.br\/fr\/wp-json\/wp\/v2\/tags?post=43900"}],"curies":[{"name":"wp","href":"https:\/\/api.w.org\/{rel}","templated":true}]}}