{"id":43949,"date":"2026-07-05T13:00:34","date_gmt":"2026-07-05T16:00:34","guid":{"rendered":"https:\/\/www.vagadeempregorj.com.br\/?p=43949"},"modified":"2025-12-21T13:04:48","modified_gmt":"2025-12-21T16:04:48","slug":"avantages-sociaux-axes-sur-leducation-lacces-le-maintien-en-poste-et-legalite-des-chances","status":"publish","type":"post","link":"https:\/\/www.vagadeempregorj.com.br\/fr\/beneficios-sociais-voltados-a-educacao-acesso-permanencia-e-igualdade-de-oportunidades\/","title":{"rendered":"Avantages sociaux ax\u00e9s sur l&#039;\u00e9ducation\u00a0: acc\u00e8s, maintien dans le syst\u00e8me scolaire et \u00e9galit\u00e9 des chances"},"content":{"rendered":"<p class=\"wp-block-paragraph\">L&#039;\u00e9ducation est un puissant vecteur de transformation sociale. Pourtant, pour des millions de Br\u00e9siliens, \u00e9tudier n&#039;est pas seulement une question de volont\u00e9, mais aussi de conditions mat\u00e9rielles. Le manque de revenus, les difficult\u00e9s de transport, la n\u00e9cessit\u00e9 de travailler t\u00f4t et l&#039;absence de soutien familial sont autant d&#039;obstacles qui \u00e9loignent les enfants, les jeunes et les adultes du syst\u00e8me \u00e9ducatif. Les aides sociales \u00e0 l&#039;\u00e9ducation visent pr\u00e9cis\u00e9ment \u00e0 r\u00e9duire ces barri\u00e8res et \u00e0 \u00e9largir l&#039;acc\u00e8s au savoir.<\/p>\n\n\n\n<p class=\"wp-block-paragraph\">Dans cet article, vous comprendrez comment fonctionnent les prestations sociales li\u00e9es \u00e0 l&#039;\u00e9ducation, pourquoi elles sont fondamentales pour r\u00e9duire les in\u00e9galit\u00e9s et comment elles contribuent \u00e0 cr\u00e9er de r\u00e9elles opportunit\u00e9s tout au long de la vie.<\/p>\n\n\n\n<h2 class=\"wp-block-heading\">L&#039;\u00e9ducation en tant que droit social<\/h2>\n\n\n\n<p class=\"wp-block-paragraph\">Au Br\u00e9sil, l&#039;\u00e9ducation est reconnue comme un droit social fondamental. Cela signifie que l&#039;\u00c9tat a la responsabilit\u00e9 de garantir non seulement l&#039;acc\u00e8s \u00e0 l&#039;\u00e9cole, mais aussi les conditions permettant \u00e0 l&#039;\u00e9l\u00e8ve de rester scolaris\u00e9 et de terminer ses \u00e9tudes.<\/p>\n\n\n\n<p class=\"wp-block-paragraph\">Des aides sociales ax\u00e9es sur l&#039;\u00e9ducation viennent compl\u00e9ter le syst\u00e8me \u00e9ducatif, en offrant un soutien financier, structurel et social aux \u00e9l\u00e8ves en situation de vuln\u00e9rabilit\u00e9. Sans ce soutien, nombre d&#039;entre eux abandonneraient leurs \u00e9tudes avant d&#039;atteindre un niveau sup\u00e9rieur.<\/p>\n\n\n\n<h2 class=\"wp-block-heading\">Quels sont les avantages sociaux li\u00e9s \u00e0 l&#039;\u00e9ducation ?<\/h2>\n\n\n\n<p class=\"wp-block-paragraph\">Ces avantages comprennent l&#039;aide financi\u00e8re, les programmes de soutien aux \u00e9tudiants, l&#039;acc\u00e8s facilit\u00e9 aux services \u00e9ducatifs, la fourniture de mat\u00e9riel, le transport et les repas scolaires. Ils englobent \u00e9galement les politiques d&#039;inclusion visant \u00e0 garantir l&#039;\u00e9galit\u00e9 des chances aux groupes historiquement exclus.<\/p>\n\n\n\n<p class=\"wp-block-paragraph\">L\u2019objectif principal n\u2019est pas seulement d\u2019inscrire l\u2019\u00e9l\u00e8ve \u00e0 l\u2019\u00e9cole, mais de veiller \u00e0 ce qu\u2019il puisse y rester, apprendre et s\u2019\u00e9panouir pleinement.<\/p>\n\n\n\n<h2 class=\"wp-block-heading\">La r\u00e9tention scolaire comme d\u00e9fi central<\/h2>\n\n\n\n<p class=\"wp-block-paragraph\">L&#039;un des plus grands d\u00e9fis auxquels est confront\u00e9 le syst\u00e8me \u00e9ducatif br\u00e9silien n&#039;est pas l&#039;acc\u00e8s initial \u00e0 l&#039;\u00e9ducation, mais le maintien des \u00e9l\u00e8ves \u00e0 l&#039;\u00e9cole. De nombreux enfants et jeunes abandonnent leurs \u00e9tudes en raison de difficult\u00e9s financi\u00e8res, de la n\u00e9cessit\u00e9 de contribuer aux revenus de leur famille ou d&#039;un manque d&#039;infrastructures ad\u00e9quates.<\/p>\n\n\n\n<p class=\"wp-block-paragraph\">Les aides sociales ax\u00e9es sur l&#039;\u00e9ducation r\u00e9pondent directement \u00e0 ce probl\u00e8me, en offrant un soutien permettant aux \u00e9l\u00e8ves de ne pas avoir \u00e0 choisir entre \u00e9tudier et survivre. Ceci est particuli\u00e8rement important dans les contextes de pauvret\u00e9 et de vuln\u00e9rabilit\u00e9 sociale.<\/p>\n\n\n\n<h2 class=\"wp-block-heading\">Alimentation scolaire et s\u00e9curit\u00e9 nutritionnelle<\/h2>\n\n\n\n<p class=\"wp-block-paragraph\">Les repas scolaires constituent l&#039;un des avantages sociaux les plus importants li\u00e9s \u00e0 l&#039;\u00e9ducation. Pour de nombreux enfants, le repas servi \u00e0 l&#039;\u00e9cole est le principal repas de la journ\u00e9e.<\/p>\n\n\n\n<p class=\"wp-block-paragraph\">Une alimentation ad\u00e9quate contribue non seulement \u00e0 la sant\u00e9, mais aussi \u00e0 la r\u00e9ussite scolaire. Les enfants bien nourris apprennent mieux, sont moins souvent absents et font preuve d&#039;une plus grande concentration.<\/p>\n\n\n\n<h2 class=\"wp-block-heading\">Transport scolaire et acc\u00e8s \u00e0 l&#039;\u00e9cole<\/h2>\n\n\n\n<p class=\"wp-block-paragraph\">Dans les zones rurales ou les r\u00e9gions isol\u00e9es, le transport constitue l&#039;un des principaux obstacles \u00e0 l&#039;acc\u00e8s \u00e0 l&#039;\u00e9ducation. Les prestations sociales garantissant un transport scolaire s\u00fbr et r\u00e9gulier sont essentielles pour r\u00e9duire le d\u00e9crochage scolaire et assurer l&#039;\u00e9galit\u00e9 d&#039;acc\u00e8s.<\/p>\n\n\n\n<p class=\"wp-block-paragraph\">Faute de moyens de transport ad\u00e9quats, de nombreux \u00e9l\u00e8ves ne peuvent tout simplement pas aller \u00e0 l&#039;\u00e9cole r\u00e9guli\u00e8rement.<\/p>\n\n\n\n<h2 class=\"wp-block-heading\">Soutien financier et inclusion \u00e9ducative<\/h2>\n\n\n\n<p class=\"wp-block-paragraph\">L&#039;aide financi\u00e8re sp\u00e9cifiquement destin\u00e9e \u00e0 l&#039;\u00e9ducation permet aux familles de couvrir les d\u00e9penses indirectes telles que les fournitures scolaires, les uniformes, le transport et les repas compl\u00e9mentaires. Ce soutien all\u00e8ge la pression financi\u00e8re qui p\u00e8se sur l&#039;\u00e9l\u00e8ve et sa famille.<\/p>\n\n\n\n<p class=\"wp-block-paragraph\">En att\u00e9nuant ces difficult\u00e9s, les prestations sociales cr\u00e9ent un environnement plus favorable \u00e0 l&#039;apprentissage et \u00e0 la poursuite des \u00e9tudes.<\/p>\n\n\n\n<h2 class=\"wp-block-heading\">\u00c9ducation et mobilit\u00e9 sociale<\/h2>\n\n\n\n<p class=\"wp-block-paragraph\">Le lien entre \u00e9ducation et mobilit\u00e9 sociale est direct. Plus le niveau d&#039;\u00e9ducation est \u00e9lev\u00e9, plus les chances d&#039;int\u00e9grer le march\u00e9 du travail et d&#039;am\u00e9liorer ses revenus tout au long de sa vie sont grandes.<\/p>\n\n\n\n<p class=\"wp-block-paragraph\">Les prestations sociales ax\u00e9es sur l&#039;\u00e9ducation aident non seulement les individus, mais contribuent \u00e9galement \u00e0 r\u00e9duire les in\u00e9galit\u00e9s structurelles au sein de la soci\u00e9t\u00e9, en cr\u00e9ant des opportunit\u00e9s plus \u00e9quilibr\u00e9es entre les diff\u00e9rents groupes sociaux.<\/p>\n\n\n\n<h2 class=\"wp-block-heading\">Inclusion des groupes vuln\u00e9rables<\/h2>\n\n\n\n<p class=\"wp-block-paragraph\">Les avantages li\u00e9s \u00e0 l&#039;\u00e9ducation jouent \u00e9galement un r\u00f4le cl\u00e9 dans l&#039;inclusion des personnes handicap\u00e9es, des populations rurales, des communaut\u00e9s traditionnelles et des \u00e9l\u00e8ves en situation d&#039;extr\u00eame vuln\u00e9rabilit\u00e9.<\/p>\n\n\n\n<p class=\"wp-block-paragraph\">Ces politiques reconnaissent que l&#039;\u00e9galit\u00e9 de traitement pour tous ne garantit pas toujours l&#039;\u00e9quit\u00e9. Elles proposent donc un soutien diff\u00e9renci\u00e9 afin d&#039;assurer des conditions \u00e9quitables d&#039;acc\u00e8s et de maintien dans le syst\u00e8me de sant\u00e9.<\/p>\n\n\n\n<h2 class=\"wp-block-heading\">\u00c9ducation des jeunes et des adultes<\/h2>\n\n\n\n<p class=\"wp-block-paragraph\">De nombreux adultes n&#039;ont pas eu la possibilit\u00e9 de terminer leurs \u00e9tudes \u00e0 l&#039;\u00e2ge requis. Les prestations sociales destin\u00e9es \u00e0 l&#039;\u00e9ducation des jeunes et des adultes \u00e9largissent l&#039;acc\u00e8s \u00e0 la scolarit\u00e9 et \u00e0 la formation professionnelle, favorisant ainsi l&#039;inclusion sociale et \u00e9conomique.<\/p>\n\n\n\n<p class=\"wp-block-paragraph\">Reprendre des \u00e9tudes \u00e0 l&#039;\u00e2ge adulte peut repr\u00e9senter un changement important dans le parcours personnel et professionnel d&#039;une personne.<\/p>\n\n\n\n<h2 class=\"wp-block-heading\">Importance de l&#039;information et de l&#039;acc\u00e8s aux prestations<\/h2>\n\n\n\n<p class=\"wp-block-paragraph\">De nombreux \u00e9l\u00e8ves et leurs familles ne b\u00e9n\u00e9ficient pas des aides \u00e9ducatives par manque d&#039;information ou en raison de difficult\u00e9s d&#039;acc\u00e8s \u00e0 celle-ci. Les obstacles bureaucratiques et le manque d&#039;encadrement demeurent des probl\u00e8mes r\u00e9currents.<\/p>\n\n\n\n<p class=\"wp-block-paragraph\">Il est essentiel de garantir une information claire et accessible pour que ces prestations puissent remplir leur r\u00f4le social.<\/p>\n\n\n\n<h2 class=\"wp-block-heading\">Impact social des avantages \u00e9ducatifs<\/h2>\n\n\n\n<p class=\"wp-block-paragraph\">Les avantages sociaux li\u00e9s \u00e0 l&#039;\u00e9ducation ont un impact positif \u00e0 long terme. Une population plus instruite contribue au d\u00e9veloppement \u00e9conomique, social et culturel du pays.<\/p>\n\n\n\n<p class=\"wp-block-paragraph\">Investir dans l&#039;\u00e9ducation, c&#039;est investir dans l&#039;avenir, l&#039;innovation et la justice sociale.<\/p>\n\n\n\n<h2 class=\"wp-block-heading\">Conclusion<\/h2>\n\n\n\n<p class=\"wp-block-paragraph\">Les prestations sociales ax\u00e9es sur l&#039;\u00e9ducation sont des instruments fondamentaux pour garantir l&#039;acc\u00e8s, le maintien et l&#039;\u00e9galit\u00e9 des chances au sein du syst\u00e8me \u00e9ducatif. Elles r\u00e9duisent les obstacles \u00e9conomiques, favorisent l&#039;inclusion et renforcent le d\u00e9veloppement humain.<\/p>\n\n\n\n<p class=\"wp-block-paragraph\">En soutenant les \u00e9l\u00e8ves en situation de vuln\u00e9rabilit\u00e9, l\u2019\u00c9tat contribue \u00e0 b\u00e2tir une soci\u00e9t\u00e9 plus juste, mieux pr\u00e9par\u00e9e et moins in\u00e9galitaire.<\/p>\n\n\n\n<p class=\"wp-block-paragraph\"><\/p>","protected":false},"excerpt":{"rendered":"<p>A educa\u00e7\u00e3o \u00e9 uma das ferramentas mais poderosas de transforma\u00e7\u00e3o social. No entanto, para milh\u00f5es de brasileiros, estudar n\u00e3o \u00e9 apenas uma quest\u00e3o de vontade, mas de condi\u00e7\u00f5es materiais. Falta de renda, dificuldades de transporte, necessidade de trabalhar cedo e aus\u00eancia de apoio familiar s\u00e3o obst\u00e1culos que afastam crian\u00e7as, jovens e adultos do sistema educacional.&hellip;&nbsp;<\/p>","protected":false},"author":1,"featured_media":43957,"comment_status":"closed","ping_status":"closed","sticky":false,"template":"","format":"standard","meta":{"neve_meta_sidebar":"","neve_meta_container":"","neve_meta_enable_content_width":"","neve_meta_content_width":0,"neve_meta_title_alignment":"","neve_meta_author_avatar":"","neve_post_elements_order":"","neve_meta_disable_header":"","neve_meta_disable_footer":"","neve_meta_disable_title":"","footnotes":""},"categories":[1],"tags":[],"class_list":["post-43949","post","type-post","status-publish","format-standard","has-post-thumbnail","hentry","category-beneficios-sociais"],"yoast_head":"<!-- This site is optimized with the Yoast SEO plugin v28.4 - https:\/\/yoast.com\/product\/yoast-seo-wordpress\/ -->\n<title>Benef\u00edcios Sociais Voltados \u00e0 Educa\u00e7\u00e3o: Acesso, Perman\u00eancia e Igualdade de Oportunidades -<\/title>\n<meta name=\"description\" content=\"Veja em Vagas de Emprego RJ as vagas de emprego com e sem experi\u00eancia no seu Estado e Regi\u00e3o!\" \/>\n<meta name=\"robots\" content=\"index, follow, max-snippet:-1, max-image-preview:large, max-video-preview:-1\" \/>\n<link rel=\"canonical\" href=\"https:\/\/www.vagadeempregorj.com.br\/fr\/avantages-sociaux-axes-sur-leducation-lacces-le-maintien-en-poste-et-legalite-des-chances\/\" \/>\n<meta property=\"og:locale\" content=\"fr_FR\" \/>\n<meta property=\"og:type\" content=\"article\" \/>\n<meta property=\"og:title\" content=\"Benef\u00edcios Sociais Voltados \u00e0 Educa\u00e7\u00e3o: Acesso, Perman\u00eancia e Igualdade de Oportunidades -\" \/>\n<meta property=\"og:description\" content=\"Veja em Vagas de Emprego RJ as vagas de emprego com e sem experi\u00eancia no seu Estado e Regi\u00e3o!\" \/>\n<meta property=\"og:url\" content=\"https:\/\/www.vagadeempregorj.com.br\/fr\/avantages-sociaux-axes-sur-leducation-lacces-le-maintien-en-poste-et-legalite-des-chances\/\" \/>\n<meta property=\"article:publisher\" content=\"https:\/\/www.facebook.com\/empregobrasiloficial\" \/>\n<meta property=\"article:published_time\" content=\"2026-07-05T16:00:34+00:00\" \/>\n<meta property=\"og:image\" content=\"https:\/\/www.vagadeempregorj.com.br\/wp-content\/uploads\/2025\/12\/beneficio-educacao.png\" \/>\n\t<meta property=\"og:image:width\" content=\"1536\" \/>\n\t<meta property=\"og:image:height\" content=\"1024\" \/>\n\t<meta property=\"og:image:type\" content=\"image\/png\" \/>\n<meta name=\"author\" content=\"Ana B.\" \/>\n<meta name=\"twitter:card\" content=\"summary_large_image\" \/>\n<meta name=\"twitter:label1\" content=\"\u00c9crit par\" \/>\n\t<meta name=\"twitter:data1\" content=\"Ana B.\" \/>\n\t<meta name=\"twitter:label2\" content=\"Dur\u00e9e de lecture estim\u00e9e\" \/>\n\t<meta name=\"twitter:data2\" content=\"5 minutes\" \/>\n<script type=\"application\/ld+json\" class=\"yoast-schema-graph\">{\"@context\":\"https:\\\/\\\/schema.org\",\"@graph\":[{\"@type\":\"Article\",\"@id\":\"https:\\\/\\\/www.vagadeempregorj.com.br\\\/beneficios-sociais-voltados-a-educacao-acesso-permanencia-e-igualdade-de-oportunidades\\\/#article\",\"isPartOf\":{\"@id\":\"https:\\\/\\\/www.vagadeempregorj.com.br\\\/beneficios-sociais-voltados-a-educacao-acesso-permanencia-e-igualdade-de-oportunidades\\\/\"},\"author\":{\"name\":\"Ana B.\",\"@id\":\"https:\\\/\\\/www.vagadeempregorj.com.br\\\/#\\\/schema\\\/person\\\/c0c38d5d765e86c3b7c8f12fb1ae6477\"},\"headline\":\"Benef\u00edcios Sociais Voltados \u00e0 Educa\u00e7\u00e3o: Acesso, Perman\u00eancia e Igualdade de Oportunidades\",\"datePublished\":\"2026-07-05T16:00:34+00:00\",\"mainEntityOfPage\":{\"@id\":\"https:\\\/\\\/www.vagadeempregorj.com.br\\\/beneficios-sociais-voltados-a-educacao-acesso-permanencia-e-igualdade-de-oportunidades\\\/\"},\"wordCount\":960,\"image\":{\"@id\":\"https:\\\/\\\/www.vagadeempregorj.com.br\\\/beneficios-sociais-voltados-a-educacao-acesso-permanencia-e-igualdade-de-oportunidades\\\/#primaryimage\"},\"thumbnailUrl\":\"https:\\\/\\\/www.vagadeempregorj.com.br\\\/wp-content\\\/uploads\\\/2025\\\/12\\\/beneficio-educacao.png\",\"articleSection\":[\"Benef\u00edcios Sociais\"],\"inLanguage\":\"fr-FR\"},{\"@type\":\"WebPage\",\"@id\":\"https:\\\/\\\/www.vagadeempregorj.com.br\\\/beneficios-sociais-voltados-a-educacao-acesso-permanencia-e-igualdade-de-oportunidades\\\/\",\"url\":\"https:\\\/\\\/www.vagadeempregorj.com.br\\\/beneficios-sociais-voltados-a-educacao-acesso-permanencia-e-igualdade-de-oportunidades\\\/\",\"name\":\"Benef\u00edcios Sociais Voltados \u00e0 Educa\u00e7\u00e3o: Acesso, Perman\u00eancia e Igualdade de Oportunidades -\",\"isPartOf\":{\"@id\":\"https:\\\/\\\/www.vagadeempregorj.com.br\\\/#website\"},\"primaryImageOfPage\":{\"@id\":\"https:\\\/\\\/www.vagadeempregorj.com.br\\\/beneficios-sociais-voltados-a-educacao-acesso-permanencia-e-igualdade-de-oportunidades\\\/#primaryimage\"},\"image\":{\"@id\":\"https:\\\/\\\/www.vagadeempregorj.com.br\\\/beneficios-sociais-voltados-a-educacao-acesso-permanencia-e-igualdade-de-oportunidades\\\/#primaryimage\"},\"thumbnailUrl\":\"https:\\\/\\\/www.vagadeempregorj.com.br\\\/wp-content\\\/uploads\\\/2025\\\/12\\\/beneficio-educacao.png\",\"datePublished\":\"2026-07-05T16:00:34+00:00\",\"author\":{\"@id\":\"https:\\\/\\\/www.vagadeempregorj.com.br\\\/#\\\/schema\\\/person\\\/c0c38d5d765e86c3b7c8f12fb1ae6477\"},\"description\":\"Veja em Vagas de Emprego RJ as vagas de emprego com e sem experi\u00eancia no seu Estado e Regi\u00e3o!\",\"breadcrumb\":{\"@id\":\"https:\\\/\\\/www.vagadeempregorj.com.br\\\/beneficios-sociais-voltados-a-educacao-acesso-permanencia-e-igualdade-de-oportunidades\\\/#breadcrumb\"},\"inLanguage\":\"fr-FR\",\"potentialAction\":[{\"@type\":\"ReadAction\",\"target\":[\"https:\\\/\\\/www.vagadeempregorj.com.br\\\/beneficios-sociais-voltados-a-educacao-acesso-permanencia-e-igualdade-de-oportunidades\\\/\"]}]},{\"@type\":\"ImageObject\",\"inLanguage\":\"fr-FR\",\"@id\":\"https:\\\/\\\/www.vagadeempregorj.com.br\\\/beneficios-sociais-voltados-a-educacao-acesso-permanencia-e-igualdade-de-oportunidades\\\/#primaryimage\",\"url\":\"https:\\\/\\\/www.vagadeempregorj.com.br\\\/wp-content\\\/uploads\\\/2025\\\/12\\\/beneficio-educacao.png\",\"contentUrl\":\"https:\\\/\\\/www.vagadeempregorj.com.br\\\/wp-content\\\/uploads\\\/2025\\\/12\\\/beneficio-educacao.png\",\"width\":1536,\"height\":1024},{\"@type\":\"BreadcrumbList\",\"@id\":\"https:\\\/\\\/www.vagadeempregorj.com.br\\\/beneficios-sociais-voltados-a-educacao-acesso-permanencia-e-igualdade-de-oportunidades\\\/#breadcrumb\",\"itemListElement\":[{\"@type\":\"ListItem\",\"position\":1,\"name\":\"In\u00edcio\",\"item\":\"https:\\\/\\\/www.vagadeempregorj.com.br\\\/\"},{\"@type\":\"ListItem\",\"position\":2,\"name\":\"Benef\u00edcios Sociais\",\"item\":\"https:\\\/\\\/www.vagadeempregorj.com.br\\\/beneficios-sociais\\\/\"},{\"@type\":\"ListItem\",\"position\":3,\"name\":\"Benef\u00edcios Sociais Voltados \u00e0 Educa\u00e7\u00e3o: Acesso, Perman\u00eancia e Igualdade de Oportunidades\"}]},{\"@type\":\"WebSite\",\"@id\":\"https:\\\/\\\/www.vagadeempregorj.com.br\\\/#website\",\"url\":\"https:\\\/\\\/www.vagadeempregorj.com.br\\\/\",\"name\":\"\",\"description\":\"Conquiste Sonhos: Vagas, Benef\u00edcios e Economia para Transformar Vidas e Alcan\u00e7ar Melhorias Cotidianas\",\"potentialAction\":[{\"@type\":\"SearchAction\",\"target\":{\"@type\":\"EntryPoint\",\"urlTemplate\":\"https:\\\/\\\/www.vagadeempregorj.com.br\\\/?s={search_term_string}\"},\"query-input\":{\"@type\":\"PropertyValueSpecification\",\"valueRequired\":true,\"valueName\":\"search_term_string\"}}],\"inLanguage\":\"fr-FR\"},{\"@type\":\"Person\",\"@id\":\"https:\\\/\\\/www.vagadeempregorj.com.br\\\/#\\\/schema\\\/person\\\/c0c38d5d765e86c3b7c8f12fb1ae6477\",\"name\":\"Ana B.\",\"image\":{\"@type\":\"ImageObject\",\"inLanguage\":\"fr-FR\",\"@id\":\"https:\\\/\\\/secure.gravatar.com\\\/avatar\\\/f5efa58599e07f8dd92f26c7cfbc442fd115582bc681245452e503c2ef2334f3?s=96&r=g\",\"url\":\"https:\\\/\\\/secure.gravatar.com\\\/avatar\\\/f5efa58599e07f8dd92f26c7cfbc442fd115582bc681245452e503c2ef2334f3?s=96&r=g\",\"contentUrl\":\"https:\\\/\\\/secure.gravatar.com\\\/avatar\\\/f5efa58599e07f8dd92f26c7cfbc442fd115582bc681245452e503c2ef2334f3?s=96&r=g\",\"caption\":\"Ana B.\"},\"description\":\"Meu nome \u00e9 Ana e sou apaixonada por escrita, comunica\u00e7\u00e3o e informa\u00e7\u00e3o digital. Dedico meu tempo \u00e0 produ\u00e7\u00e3o de conte\u00fados di\u00e1rios para o portal Vaga de Emprego RJ, criando not\u00edcias, artigos e publica\u00e7\u00f5es sobre oportunidades de emprego, tecnologia, mercado de trabalho, tend\u00eancias globais e assuntos relevantes do mundo atual. Tenho como objetivo levar informa\u00e7\u00f5es claras, \u00fateis e atualizadas para os leitores, ajudando pessoas a se manterem informadas sobre carreira, inova\u00e7\u00e3o, economia digital e acontecimentos que impactam o dia a dia no Brasil e no mundo. Todos os conte\u00fados publicados s\u00e3o desenvolvidos com responsabilidade, pesquisa e compromisso com a qualidade da informa\u00e7\u00e3o, sempre buscando oferecer uma experi\u00eancia confi\u00e1vel e relevante para o p\u00fablico.\",\"url\":\"https:\\\/\\\/www.vagadeempregorj.com.br\\\/fr\\\/author\\\/vgrj\\\/\"}]}<\/script>\n<!-- \/ Yoast SEO plugin. -->","yoast_head_json":{"title":"Avantages sociaux ax\u00e9s sur l&#039;\u00e9ducation\u00a0: acc\u00e8s, maintien dans le syst\u00e8me scolaire et \u00e9galit\u00e9 des chances","description":"Consultez les offres d&#039;emploi \u00e0 Rio de Janeiro (RJ) pour les emplois exp\u00e9riment\u00e9s et non exp\u00e9riment\u00e9s dans votre \u00e9tat et votre r\u00e9gion\u00a0!","robots":{"index":"index","follow":"follow","max-snippet":"max-snippet:-1","max-image-preview":"max-image-preview:large","max-video-preview":"max-video-preview:-1"},"canonical":"https:\/\/www.vagadeempregorj.com.br\/fr\/avantages-sociaux-axes-sur-leducation-lacces-le-maintien-en-poste-et-legalite-des-chances\/","og_locale":"fr_FR","og_type":"article","og_title":"Benef\u00edcios Sociais Voltados \u00e0 Educa\u00e7\u00e3o: Acesso, Perman\u00eancia e Igualdade de Oportunidades -","og_description":"Veja em Vagas de Emprego RJ as vagas de emprego com e sem experi\u00eancia no seu Estado e Regi\u00e3o!","og_url":"https:\/\/www.vagadeempregorj.com.br\/fr\/avantages-sociaux-axes-sur-leducation-lacces-le-maintien-en-poste-et-legalite-des-chances\/","article_publisher":"https:\/\/www.facebook.com\/empregobrasiloficial","article_published_time":"2026-07-05T16:00:34+00:00","og_image":[{"width":1536,"height":1024,"url":"https:\/\/www.vagadeempregorj.com.br\/wp-content\/uploads\/2025\/12\/beneficio-educacao.png","type":"image\/png"}],"author":"Ana B.","twitter_card":"summary_large_image","twitter_misc":{"\u00c9crit par":"Ana B.","Dur\u00e9e de lecture estim\u00e9e":"5 minutes"},"schema":{"@context":"https:\/\/schema.org","@graph":[{"@type":"Article","@id":"https:\/\/www.vagadeempregorj.com.br\/beneficios-sociais-voltados-a-educacao-acesso-permanencia-e-igualdade-de-oportunidades\/#article","isPartOf":{"@id":"https:\/\/www.vagadeempregorj.com.br\/beneficios-sociais-voltados-a-educacao-acesso-permanencia-e-igualdade-de-oportunidades\/"},"author":{"name":"Ana B.","@id":"https:\/\/www.vagadeempregorj.com.br\/#\/schema\/person\/c0c38d5d765e86c3b7c8f12fb1ae6477"},"headline":"Benef\u00edcios Sociais Voltados \u00e0 Educa\u00e7\u00e3o: Acesso, Perman\u00eancia e Igualdade de Oportunidades","datePublished":"2026-07-05T16:00:34+00:00","mainEntityOfPage":{"@id":"https:\/\/www.vagadeempregorj.com.br\/beneficios-sociais-voltados-a-educacao-acesso-permanencia-e-igualdade-de-oportunidades\/"},"wordCount":960,"image":{"@id":"https:\/\/www.vagadeempregorj.com.br\/beneficios-sociais-voltados-a-educacao-acesso-permanencia-e-igualdade-de-oportunidades\/#primaryimage"},"thumbnailUrl":"https:\/\/www.vagadeempregorj.com.br\/wp-content\/uploads\/2025\/12\/beneficio-educacao.png","articleSection":["Benef\u00edcios Sociais"],"inLanguage":"fr-FR"},{"@type":"WebPage","@id":"https:\/\/www.vagadeempregorj.com.br\/beneficios-sociais-voltados-a-educacao-acesso-permanencia-e-igualdade-de-oportunidades\/","url":"https:\/\/www.vagadeempregorj.com.br\/beneficios-sociais-voltados-a-educacao-acesso-permanencia-e-igualdade-de-oportunidades\/","name":"Avantages sociaux ax\u00e9s sur l&#039;\u00e9ducation\u00a0: acc\u00e8s, maintien dans le syst\u00e8me scolaire et \u00e9galit\u00e9 des chances","isPartOf":{"@id":"https:\/\/www.vagadeempregorj.com.br\/#website"},"primaryImageOfPage":{"@id":"https:\/\/www.vagadeempregorj.com.br\/beneficios-sociais-voltados-a-educacao-acesso-permanencia-e-igualdade-de-oportunidades\/#primaryimage"},"image":{"@id":"https:\/\/www.vagadeempregorj.com.br\/beneficios-sociais-voltados-a-educacao-acesso-permanencia-e-igualdade-de-oportunidades\/#primaryimage"},"thumbnailUrl":"https:\/\/www.vagadeempregorj.com.br\/wp-content\/uploads\/2025\/12\/beneficio-educacao.png","datePublished":"2026-07-05T16:00:34+00:00","author":{"@id":"https:\/\/www.vagadeempregorj.com.br\/#\/schema\/person\/c0c38d5d765e86c3b7c8f12fb1ae6477"},"description":"Consultez les offres d&#039;emploi \u00e0 Rio de Janeiro (RJ) pour les emplois exp\u00e9riment\u00e9s et non exp\u00e9riment\u00e9s dans votre \u00e9tat et votre r\u00e9gion\u00a0!","breadcrumb":{"@id":"https:\/\/www.vagadeempregorj.com.br\/beneficios-sociais-voltados-a-educacao-acesso-permanencia-e-igualdade-de-oportunidades\/#breadcrumb"},"inLanguage":"fr-FR","potentialAction":[{"@type":"ReadAction","target":["https:\/\/www.vagadeempregorj.com.br\/beneficios-sociais-voltados-a-educacao-acesso-permanencia-e-igualdade-de-oportunidades\/"]}]},{"@type":"ImageObject","inLanguage":"fr-FR","@id":"https:\/\/www.vagadeempregorj.com.br\/beneficios-sociais-voltados-a-educacao-acesso-permanencia-e-igualdade-de-oportunidades\/#primaryimage","url":"https:\/\/www.vagadeempregorj.com.br\/wp-content\/uploads\/2025\/12\/beneficio-educacao.png","contentUrl":"https:\/\/www.vagadeempregorj.com.br\/wp-content\/uploads\/2025\/12\/beneficio-educacao.png","width":1536,"height":1024},{"@type":"BreadcrumbList","@id":"https:\/\/www.vagadeempregorj.com.br\/beneficios-sociais-voltados-a-educacao-acesso-permanencia-e-igualdade-de-oportunidades\/#breadcrumb","itemListElement":[{"@type":"ListItem","position":1,"name":"In\u00edcio","item":"https:\/\/www.vagadeempregorj.com.br\/"},{"@type":"ListItem","position":2,"name":"Benef\u00edcios Sociais","item":"https:\/\/www.vagadeempregorj.com.br\/beneficios-sociais\/"},{"@type":"ListItem","position":3,"name":"Benef\u00edcios Sociais Voltados \u00e0 Educa\u00e7\u00e3o: Acesso, Perman\u00eancia e Igualdade de Oportunidades"}]},{"@type":"WebSite","@id":"https:\/\/www.vagadeempregorj.com.br\/#website","url":"https:\/\/www.vagadeempregorj.com.br\/","name":"","description":"R\u00e9alisez vos r\u00eaves\u00a0: offres d\u2019emploi, avantages sociaux et \u00e9conomies pour transformer des vies et am\u00e9liorer votre quotidien.","potentialAction":[{"@type":"SearchAction","target":{"@type":"EntryPoint","urlTemplate":"https:\/\/www.vagadeempregorj.com.br\/?s={search_term_string}"},"query-input":{"@type":"PropertyValueSpecification","valueRequired":true,"valueName":"search_term_string"}}],"inLanguage":"fr-FR"},{"@type":"Person","@id":"https:\/\/www.vagadeempregorj.com.br\/#\/schema\/person\/c0c38d5d765e86c3b7c8f12fb1ae6477","name":"Ana B.","image":{"@type":"ImageObject","inLanguage":"fr-FR","@id":"https:\/\/secure.gravatar.com\/avatar\/f5efa58599e07f8dd92f26c7cfbc442fd115582bc681245452e503c2ef2334f3?s=96&r=g","url":"https:\/\/secure.gravatar.com\/avatar\/f5efa58599e07f8dd92f26c7cfbc442fd115582bc681245452e503c2ef2334f3?s=96&r=g","contentUrl":"https:\/\/secure.gravatar.com\/avatar\/f5efa58599e07f8dd92f26c7cfbc442fd115582bc681245452e503c2ef2334f3?s=96&r=g","caption":"Ana B."},"description":"Je m&#039;appelle Ana et je suis passionn\u00e9e par l&#039;\u00e9criture, la communication et l&#039;information num\u00e9rique. Je consacre mon temps \u00e0 la production quotidienne de contenu pour le portail Vaga de Emprego RJ\u00a0: actualit\u00e9s, articles et publications sur les opportunit\u00e9s d&#039;emploi, les technologies, le march\u00e9 du travail, les tendances mondiales et l&#039;actualit\u00e9. Mon objectif est de fournir aux lecteurs une information claire, utile et actualis\u00e9e, afin de les aider \u00e0 rester inform\u00e9s sur les carri\u00e8res, l&#039;innovation, l&#039;\u00e9conomie num\u00e9rique et les \u00e9v\u00e9nements qui impactent la vie quotidienne au Br\u00e9sil et dans le monde. Tous les contenus publi\u00e9s sont \u00e9labor\u00e9s de mani\u00e8re responsable, avec des recherches approfondies et un engagement constant envers la qualit\u00e9 de l&#039;information, dans le but d&#039;offrir une exp\u00e9rience fiable et pertinente \u00e0 nos lecteurs.","url":"https:\/\/www.vagadeempregorj.com.br\/fr\/author\/vgrj\/"}]}},"_links":{"self":[{"href":"https:\/\/www.vagadeempregorj.com.br\/fr\/wp-json\/wp\/v2\/posts\/43949","targetHints":{"allow":["GET"]}}],"collection":[{"href":"https:\/\/www.vagadeempregorj.com.br\/fr\/wp-json\/wp\/v2\/posts"}],"about":[{"href":"https:\/\/www.vagadeempregorj.com.br\/fr\/wp-json\/wp\/v2\/types\/post"}],"author":[{"embeddable":true,"href":"https:\/\/www.vagadeempregorj.com.br\/fr\/wp-json\/wp\/v2\/users\/1"}],"replies":[{"embeddable":true,"href":"https:\/\/www.vagadeempregorj.com.br\/fr\/wp-json\/wp\/v2\/comments?post=43949"}],"version-history":[{"count":1,"href":"https:\/\/www.vagadeempregorj.com.br\/fr\/wp-json\/wp\/v2\/posts\/43949\/revisions"}],"predecessor-version":[{"id":43958,"href":"https:\/\/www.vagadeempregorj.com.br\/fr\/wp-json\/wp\/v2\/posts\/43949\/revisions\/43958"}],"wp:featuredmedia":[{"embeddable":true,"href":"https:\/\/www.vagadeempregorj.com.br\/fr\/wp-json\/wp\/v2\/media\/43957"}],"wp:attachment":[{"href":"https:\/\/www.vagadeempregorj.com.br\/fr\/wp-json\/wp\/v2\/media?parent=43949"}],"wp:term":[{"taxonomy":"category","embeddable":true,"href":"https:\/\/www.vagadeempregorj.com.br\/fr\/wp-json\/wp\/v2\/categories?post=43949"},{"taxonomy":"post_tag","embeddable":true,"href":"https:\/\/www.vagadeempregorj.com.br\/fr\/wp-json\/wp\/v2\/tags?post=43949"}],"curies":[{"name":"wp","href":"https:\/\/api.w.org\/{rel}","templated":true}]}}