{"id":531,"date":"2020-03-15T23:57:25","date_gmt":"2020-03-16T02:57:25","guid":{"rendered":"https:\/\/www.vagadeempregorj.com.br\/primeira-entrevista-de-emprego-dicas-importantes-cloned-at-2020-03-16-030113\/"},"modified":"2025-06-15T14:31:42","modified_gmt":"2025-06-15T17:31:42","slug":"qualidades-e-defeitos-como-responder-na-entrevista-de-emprego","status":"publish","type":"post","link":"https:\/\/www.vagadeempregorj.com.br\/fr\/qualidades-e-defeitos-como-responder-na-entrevista-de-emprego\/","title":{"rendered":"Qualidades e defeitos. Como responder na entrevista de emprego?"},"content":{"rendered":"<p>Qualidades e defeitos. Como responder na entrevista de emprego? S\u00f3 quem j\u00e1 passou por um processo de sele\u00e7\u00e3o, \u00e9 que vai sentir na pele o que cada pergunta sobre seus pontos fortes e negativos tem realmente de significado. Na entrevista \u00e9 que os conhecimentos de ambas as partes se intensificam, afinal anteriormente o contato tinha sido apenas de interesse da sua parte, mas agora o n\u00edvel de tens\u00e3o se eleva.<\/p>\n\n\n\n<p>\u00c9 uma fase que tanto o recrutador como o candidato, t\u00eam a oportunidade de se soltar e conhecer um pouco mais da personalidade de cada um em quest\u00e3o. \u00c9 para isso que o entrevistador est\u00e1 trabalhando neste momento: entender o que voc\u00ea e outros pretendentes a vaga, podem agregar na empresa e da\u00ed vem a temida pergunta, quais suas qualidades e defeitos? Como responder na entrevista de emprego?<\/p>\n\n\n\n<hr class=\"wp-block-separator has-css-opacity is-style-wide\"\/>\n\n\n<ul class=\"wp-block-latest-posts__list wp-block-latest-posts\"><li><a class=\"wp-block-latest-posts__post-title\" href=\"https:\/\/www.vagadeempregorj.com.br\/fr\/trabalhar-nas-lojas-americanas-como-funcionam-as-vagas-de-emprego-no-brasil\/\">Trabalhar nas Lojas Americanas: Como Funcionam as Vagas de Emprego no Brasil<\/a><\/li>\n<li><a class=\"wp-block-latest-posts__post-title\" href=\"https:\/\/www.vagadeempregorj.com.br\/fr\/inteligencia-artificial-o-que-e-e-como-ela-ja-faz-parte-da-nossa-vida\/\">Intelig\u00eancia Artificial: O Que \u00e9 e Como Ela J\u00e1 Faz Parte da Nossa Vida<\/a><\/li>\n<li><a class=\"wp-block-latest-posts__post-title\" href=\"https:\/\/www.vagadeempregorj.com.br\/fr\/emprego-desemprego-e-mercado-de-trabalho-no-brasil-dinamicas-desafios-e-tendencias\/\">Emprego, Desemprego e Mercado de Trabalho no Brasil: Din\u00e2micas, Desafios e Tend\u00eancias<\/a><\/li>\n<li><a class=\"wp-block-latest-posts__post-title\" href=\"https:\/\/www.vagadeempregorj.com.br\/fr\/beneficios-sociais-para-pessoas-com-deficiencia-inclusao-direitos-e-autonomia\/\">Benef\u00edcios Sociais para Pessoas com Defici\u00eancia: Inclus\u00e3o, Direitos e Autonomia<\/a><\/li>\n<li><a class=\"wp-block-latest-posts__post-title\" href=\"https:\/\/www.vagadeempregorj.com.br\/fr\/trabalhar-na-coca-cola-como-funcionam-as-vagas-de-emprego-no-brasil\/\">Trabalhar na Coca-Cola: Como Funcionam as Vagas de Emprego no Brasil<\/a><\/li>\n<\/ul>\n\n\n<hr class=\"wp-block-separator has-css-opacity is-style-wide\"\/>\n\n\n\n<p>A honestidade sempre ser\u00e1 o melhor caminho a seguir, para qualquer situa\u00e7\u00e3o da sua vida. Se voc\u00ea demonstrar fraqueza na entrevista, o recrutador ir\u00e1 ficar desconfiado e provavelmente as suas chances de se dar bem ap\u00f3s o contato, ir\u00e3o diminuir. Veja abaixo como responder corretamente e garantir a sua vaga de emprego!<\/p>\n\n\n\n<h2 class=\"wp-block-heading\" id=\"1-quais-qualidades-eu-devo-ressaltar\">1 \u2013 QUAIS QUALIDADES EU DEVO RESSALTAR?<\/h2>\n\n\n\n<p>Entenda quais s\u00e3o as caracter\u00edsticas que definem as suas qualidades, e que certamente ir\u00e3o te colocar em uma posi\u00e7\u00e3o de destaque. Se voc\u00ea \u00e9 uma pessoa organizada, que est\u00e1 sempre fazendo um cronograma das suas atividades, n\u00e3o esque\u00e7a de ressaltar.<\/p>\n\n\n\n<p>A pontualidade tamb\u00e9m \u00e9 muito ressaltada e priorizada em uma organiza\u00e7\u00e3o privada. Claro que podem acontecer imprevistos e voc\u00ea acabe se atrasando alguma vez ou outra. Mas se nos seus antigos empregos ou na sua vida pessoal, \u00e9 uma pessoa que cumpre com os hor\u00e1rios pr\u00e9-estabelecidos, o recrutador vai anotar esse ponto como uma qualidade.<\/p>\n\n\n\n<h2 class=\"wp-block-heading\" id=\"2-quais-defeitos-eu-devo-ressaltar\">2 \u2013 QUAIS DEFEITOS EU DEVO RESSALTAR?<\/h2>\n\n\n\n<p>Se engana quem pensa que falar dos defeitos \u00e9 algo ruim. Voc\u00ea deve relatar as suas falhas como algo que sempre tenta melhorar, como \u201c o que eu n\u00e3o fiz bem hoje, tratarei de melhorar amanh\u00e3\u201d. Problemas do tipo \u201c timidez\u201d e tens\u00e3o com o \u2018\u2019p\u00fablico\u201d devem ser ressaltados. Afinal, sendo uma empresa com poucos ou muitos colaboradores, voc\u00ea ter\u00e1 de se comunicar com todos.<\/p>\n\n\n\n<p>Antes de chegar no dia t\u00e3o importante, mantenha a calma e aja com muita naturalidade. Todos os seus pontos positivos e defeitos, n\u00e3o devem ser encarados como um bicho de 7 cabe\u00e7as. Apenas seja voc\u00ea mesmo!<\/p>\n\n\n\n<div class=\"wp-block-buttons is-horizontal is-content-justification-center is-layout-flex wp-container-core-buttons-is-layout-499968f5 wp-block-buttons-is-layout-flex\">\n<div class=\"wp-block-button\"><a class=\"wp-block-button__link has-black-color has-text-color has-background wp-element-button\" href=\"https:\/\/www.vagadeempregorj.com.br\/fr\/\" style=\"border-radius:29px;background:linear-gradient(2deg,rgb(255,134,50) 60%,rgb(255,197,71) 100%)\"><strong>VEJA NOVAS VAGAS PARA SE CANDIDATAR<\/strong><\/a><\/div>\n<\/div>","protected":false},"excerpt":{"rendered":"<p>S\u00f3 quem j\u00e1 passou por um processo de sele\u00e7\u00e3o, \u00e9 que vai sentir na pele o que cada pergunta&#8230;<\/p>","protected":false},"author":1,"featured_media":24478,"comment_status":"closed","ping_status":"closed","sticky":false,"template":"","format":"standard","meta":{"neve_meta_sidebar":"","neve_meta_container":"","neve_meta_enable_content_width":"","neve_meta_content_width":0,"neve_meta_title_alignment":"","neve_meta_author_avatar":"","neve_post_elements_order":"","neve_meta_disable_header":"","neve_meta_disable_footer":"","neve_meta_disable_title":"","footnotes":""},"categories":[123],"tags":[],"class_list":["post-531","post","type-post","status-publish","format-standard","has-post-thumbnail","hentry","category-vagas-de-emprego-nacionais"],"yoast_head":"<!-- This site is optimized with the Yoast SEO plugin v27.5 - https:\/\/yoast.com\/product\/yoast-seo-wordpress\/ -->\n<title>Qualidades e defeitos. Como responder na entrevista de emprego? -<\/title>\n<meta name=\"description\" content=\"Veja em Vagas de Emprego RJ as vagas de emprego com e sem experi\u00eancia no seu Estado e Regi\u00e3o!\" \/>\n<meta name=\"robots\" content=\"index, follow, max-snippet:-1, max-image-preview:large, max-video-preview:-1\" \/>\n<link rel=\"canonical\" href=\"https:\/\/www.vagadeempregorj.com.br\/fr\/qualidades-e-defeitos-como-responder-na-entrevista-de-emprego\/\" \/>\n<meta property=\"og:locale\" content=\"fr_FR\" \/>\n<meta property=\"og:type\" content=\"article\" \/>\n<meta property=\"og:title\" content=\"Qualidades e defeitos. Como responder na entrevista de emprego? -\" \/>\n<meta property=\"og:description\" content=\"Veja em Vagas de Emprego RJ as vagas de emprego com e sem experi\u00eancia no seu Estado e Regi\u00e3o!\" \/>\n<meta property=\"og:url\" content=\"https:\/\/www.vagadeempregorj.com.br\/fr\/qualidades-e-defeitos-como-responder-na-entrevista-de-emprego\/\" \/>\n<meta property=\"article:publisher\" content=\"https:\/\/www.facebook.com\/empregobrasiloficial\" \/>\n<meta property=\"article:published_time\" content=\"2020-03-16T02:57:25+00:00\" \/>\n<meta property=\"article:modified_time\" content=\"2025-06-15T17:31:42+00:00\" \/>\n<meta property=\"og:image\" content=\"https:\/\/www.vagadeempregorj.com.br\/wp-content\/uploads\/2020\/03\/QUALIDADES-E-DEFEITOS.jpg\" \/>\n\t<meta property=\"og:image:width\" content=\"1200\" \/>\n\t<meta property=\"og:image:height\" content=\"675\" \/>\n\t<meta property=\"og:image:type\" content=\"image\/jpeg\" \/>\n<meta name=\"author\" content=\"Ana B.\" \/>\n<meta name=\"twitter:card\" content=\"summary_large_image\" \/>\n<meta name=\"twitter:label1\" content=\"Written by\" \/>\n\t<meta name=\"twitter:data1\" content=\"Ana B.\" \/>\n\t<meta name=\"twitter:label2\" content=\"Est. reading time\" \/>\n\t<meta name=\"twitter:data2\" content=\"3 minutes\" \/>\n<script type=\"application\/ld+json\" class=\"yoast-schema-graph\">{\"@context\":\"https:\\\/\\\/schema.org\",\"@graph\":[{\"@type\":\"Article\",\"@id\":\"https:\\\/\\\/www.vagadeempregorj.com.br\\\/qualidades-e-defeitos-como-responder-na-entrevista-de-emprego\\\/#article\",\"isPartOf\":{\"@id\":\"https:\\\/\\\/www.vagadeempregorj.com.br\\\/qualidades-e-defeitos-como-responder-na-entrevista-de-emprego\\\/\"},\"author\":{\"name\":\"Ana B.\",\"@id\":\"https:\\\/\\\/www.vagadeempregorj.com.br\\\/#\\\/schema\\\/person\\\/c0c38d5d765e86c3b7c8f12fb1ae6477\"},\"headline\":\"Qualidades e defeitos. Como responder na entrevista de emprego?\",\"datePublished\":\"2020-03-16T02:57:25+00:00\",\"dateModified\":\"2025-06-15T17:31:42+00:00\",\"mainEntityOfPage\":{\"@id\":\"https:\\\/\\\/www.vagadeempregorj.com.br\\\/qualidades-e-defeitos-como-responder-na-entrevista-de-emprego\\\/\"},\"wordCount\":424,\"image\":{\"@id\":\"https:\\\/\\\/www.vagadeempregorj.com.br\\\/qualidades-e-defeitos-como-responder-na-entrevista-de-emprego\\\/#primaryimage\"},\"thumbnailUrl\":\"https:\\\/\\\/www.vagadeempregorj.com.br\\\/wp-content\\\/uploads\\\/2020\\\/03\\\/QUALIDADES-E-DEFEITOS.jpg\",\"articleSection\":[\"Vagas de Emprego Nacionais\"],\"inLanguage\":\"fr-FR\"},{\"@type\":\"WebPage\",\"@id\":\"https:\\\/\\\/www.vagadeempregorj.com.br\\\/qualidades-e-defeitos-como-responder-na-entrevista-de-emprego\\\/\",\"url\":\"https:\\\/\\\/www.vagadeempregorj.com.br\\\/qualidades-e-defeitos-como-responder-na-entrevista-de-emprego\\\/\",\"name\":\"Qualidades e defeitos. Como responder na entrevista de emprego? -\",\"isPartOf\":{\"@id\":\"https:\\\/\\\/www.vagadeempregorj.com.br\\\/#website\"},\"primaryImageOfPage\":{\"@id\":\"https:\\\/\\\/www.vagadeempregorj.com.br\\\/qualidades-e-defeitos-como-responder-na-entrevista-de-emprego\\\/#primaryimage\"},\"image\":{\"@id\":\"https:\\\/\\\/www.vagadeempregorj.com.br\\\/qualidades-e-defeitos-como-responder-na-entrevista-de-emprego\\\/#primaryimage\"},\"thumbnailUrl\":\"https:\\\/\\\/www.vagadeempregorj.com.br\\\/wp-content\\\/uploads\\\/2020\\\/03\\\/QUALIDADES-E-DEFEITOS.jpg\",\"datePublished\":\"2020-03-16T02:57:25+00:00\",\"dateModified\":\"2025-06-15T17:31:42+00:00\",\"author\":{\"@id\":\"https:\\\/\\\/www.vagadeempregorj.com.br\\\/#\\\/schema\\\/person\\\/c0c38d5d765e86c3b7c8f12fb1ae6477\"},\"description\":\"Veja em Vagas de Emprego RJ as vagas de emprego com e sem experi\u00eancia no seu Estado e Regi\u00e3o!\",\"breadcrumb\":{\"@id\":\"https:\\\/\\\/www.vagadeempregorj.com.br\\\/qualidades-e-defeitos-como-responder-na-entrevista-de-emprego\\\/#breadcrumb\"},\"inLanguage\":\"fr-FR\",\"potentialAction\":[{\"@type\":\"ReadAction\",\"target\":[\"https:\\\/\\\/www.vagadeempregorj.com.br\\\/qualidades-e-defeitos-como-responder-na-entrevista-de-emprego\\\/\"]}]},{\"@type\":\"ImageObject\",\"inLanguage\":\"fr-FR\",\"@id\":\"https:\\\/\\\/www.vagadeempregorj.com.br\\\/qualidades-e-defeitos-como-responder-na-entrevista-de-emprego\\\/#primaryimage\",\"url\":\"https:\\\/\\\/www.vagadeempregorj.com.br\\\/wp-content\\\/uploads\\\/2020\\\/03\\\/QUALIDADES-E-DEFEITOS.jpg\",\"contentUrl\":\"https:\\\/\\\/www.vagadeempregorj.com.br\\\/wp-content\\\/uploads\\\/2020\\\/03\\\/QUALIDADES-E-DEFEITOS.jpg\",\"width\":1200,\"height\":675,\"caption\":\"QUALIDADES E DEFEITOS\"},{\"@type\":\"BreadcrumbList\",\"@id\":\"https:\\\/\\\/www.vagadeempregorj.com.br\\\/qualidades-e-defeitos-como-responder-na-entrevista-de-emprego\\\/#breadcrumb\",\"itemListElement\":[{\"@type\":\"ListItem\",\"position\":1,\"name\":\"In\u00edcio\",\"item\":\"https:\\\/\\\/www.vagadeempregorj.com.br\\\/\"},{\"@type\":\"ListItem\",\"position\":2,\"name\":\"Qualidades e defeitos. Como responder na entrevista de emprego?\"}]},{\"@type\":\"WebSite\",\"@id\":\"https:\\\/\\\/www.vagadeempregorj.com.br\\\/#website\",\"url\":\"https:\\\/\\\/www.vagadeempregorj.com.br\\\/\",\"name\":\"\",\"description\":\"Conquiste Sonhos: Vagas, Benef\u00edcios e Economia para Transformar Vidas e Alcan\u00e7ar Melhorias Cotidianas\",\"potentialAction\":[{\"@type\":\"SearchAction\",\"target\":{\"@type\":\"EntryPoint\",\"urlTemplate\":\"https:\\\/\\\/www.vagadeempregorj.com.br\\\/?s={search_term_string}\"},\"query-input\":{\"@type\":\"PropertyValueSpecification\",\"valueRequired\":true,\"valueName\":\"search_term_string\"}}],\"inLanguage\":\"fr-FR\"},{\"@type\":\"Person\",\"@id\":\"https:\\\/\\\/www.vagadeempregorj.com.br\\\/#\\\/schema\\\/person\\\/c0c38d5d765e86c3b7c8f12fb1ae6477\",\"name\":\"Ana B.\",\"image\":{\"@type\":\"ImageObject\",\"inLanguage\":\"fr-FR\",\"@id\":\"https:\\\/\\\/secure.gravatar.com\\\/avatar\\\/f5efa58599e07f8dd92f26c7cfbc442fd115582bc681245452e503c2ef2334f3?s=96&r=g\",\"url\":\"https:\\\/\\\/secure.gravatar.com\\\/avatar\\\/f5efa58599e07f8dd92f26c7cfbc442fd115582bc681245452e503c2ef2334f3?s=96&r=g\",\"contentUrl\":\"https:\\\/\\\/secure.gravatar.com\\\/avatar\\\/f5efa58599e07f8dd92f26c7cfbc442fd115582bc681245452e503c2ef2334f3?s=96&r=g\",\"caption\":\"Ana B.\"},\"description\":\"Meu nome \u00e9 Ana e sou apaixonada em escrever. Dedico meu tempo escrevendo not\u00edcias e vagas de emprego diariamente no portal Vaga de Emprego RJ.\",\"url\":\"https:\\\/\\\/www.vagadeempregorj.com.br\\\/fr\\\/author\\\/vgrj\\\/\"}]}<\/script>\n<!-- \/ Yoast SEO plugin. -->","yoast_head_json":{"title":"Qualidades e defeitos. Como responder na entrevista de emprego? -","description":"Veja em Vagas de Emprego RJ as vagas de emprego com e sem experi\u00eancia no seu Estado e Regi\u00e3o!","robots":{"index":"index","follow":"follow","max-snippet":"max-snippet:-1","max-image-preview":"max-image-preview:large","max-video-preview":"max-video-preview:-1"},"canonical":"https:\/\/www.vagadeempregorj.com.br\/fr\/qualidades-e-defeitos-como-responder-na-entrevista-de-emprego\/","og_locale":"fr_FR","og_type":"article","og_title":"Qualidades e defeitos. Como responder na entrevista de emprego? -","og_description":"Veja em Vagas de Emprego RJ as vagas de emprego com e sem experi\u00eancia no seu Estado e Regi\u00e3o!","og_url":"https:\/\/www.vagadeempregorj.com.br\/fr\/qualidades-e-defeitos-como-responder-na-entrevista-de-emprego\/","article_publisher":"https:\/\/www.facebook.com\/empregobrasiloficial","article_published_time":"2020-03-16T02:57:25+00:00","article_modified_time":"2025-06-15T17:31:42+00:00","og_image":[{"width":1200,"height":675,"url":"https:\/\/www.vagadeempregorj.com.br\/wp-content\/uploads\/2020\/03\/QUALIDADES-E-DEFEITOS.jpg","type":"image\/jpeg"}],"author":"Ana B.","twitter_card":"summary_large_image","twitter_misc":{"Written by":"Ana B.","Est. reading time":"3 minutes"},"schema":{"@context":"https:\/\/schema.org","@graph":[{"@type":"Article","@id":"https:\/\/www.vagadeempregorj.com.br\/qualidades-e-defeitos-como-responder-na-entrevista-de-emprego\/#article","isPartOf":{"@id":"https:\/\/www.vagadeempregorj.com.br\/qualidades-e-defeitos-como-responder-na-entrevista-de-emprego\/"},"author":{"name":"Ana B.","@id":"https:\/\/www.vagadeempregorj.com.br\/#\/schema\/person\/c0c38d5d765e86c3b7c8f12fb1ae6477"},"headline":"Qualidades e defeitos. Como responder na entrevista de emprego?","datePublished":"2020-03-16T02:57:25+00:00","dateModified":"2025-06-15T17:31:42+00:00","mainEntityOfPage":{"@id":"https:\/\/www.vagadeempregorj.com.br\/qualidades-e-defeitos-como-responder-na-entrevista-de-emprego\/"},"wordCount":424,"image":{"@id":"https:\/\/www.vagadeempregorj.com.br\/qualidades-e-defeitos-como-responder-na-entrevista-de-emprego\/#primaryimage"},"thumbnailUrl":"https:\/\/www.vagadeempregorj.com.br\/wp-content\/uploads\/2020\/03\/QUALIDADES-E-DEFEITOS.jpg","articleSection":["Vagas de Emprego Nacionais"],"inLanguage":"fr-FR"},{"@type":"WebPage","@id":"https:\/\/www.vagadeempregorj.com.br\/qualidades-e-defeitos-como-responder-na-entrevista-de-emprego\/","url":"https:\/\/www.vagadeempregorj.com.br\/qualidades-e-defeitos-como-responder-na-entrevista-de-emprego\/","name":"Qualidades e defeitos. Como responder na entrevista de emprego? -","isPartOf":{"@id":"https:\/\/www.vagadeempregorj.com.br\/#website"},"primaryImageOfPage":{"@id":"https:\/\/www.vagadeempregorj.com.br\/qualidades-e-defeitos-como-responder-na-entrevista-de-emprego\/#primaryimage"},"image":{"@id":"https:\/\/www.vagadeempregorj.com.br\/qualidades-e-defeitos-como-responder-na-entrevista-de-emprego\/#primaryimage"},"thumbnailUrl":"https:\/\/www.vagadeempregorj.com.br\/wp-content\/uploads\/2020\/03\/QUALIDADES-E-DEFEITOS.jpg","datePublished":"2020-03-16T02:57:25+00:00","dateModified":"2025-06-15T17:31:42+00:00","author":{"@id":"https:\/\/www.vagadeempregorj.com.br\/#\/schema\/person\/c0c38d5d765e86c3b7c8f12fb1ae6477"},"description":"Veja em Vagas de Emprego RJ as vagas de emprego com e sem experi\u00eancia no seu Estado e Regi\u00e3o!","breadcrumb":{"@id":"https:\/\/www.vagadeempregorj.com.br\/qualidades-e-defeitos-como-responder-na-entrevista-de-emprego\/#breadcrumb"},"inLanguage":"fr-FR","potentialAction":[{"@type":"ReadAction","target":["https:\/\/www.vagadeempregorj.com.br\/qualidades-e-defeitos-como-responder-na-entrevista-de-emprego\/"]}]},{"@type":"ImageObject","inLanguage":"fr-FR","@id":"https:\/\/www.vagadeempregorj.com.br\/qualidades-e-defeitos-como-responder-na-entrevista-de-emprego\/#primaryimage","url":"https:\/\/www.vagadeempregorj.com.br\/wp-content\/uploads\/2020\/03\/QUALIDADES-E-DEFEITOS.jpg","contentUrl":"https:\/\/www.vagadeempregorj.com.br\/wp-content\/uploads\/2020\/03\/QUALIDADES-E-DEFEITOS.jpg","width":1200,"height":675,"caption":"QUALIDADES E DEFEITOS"},{"@type":"BreadcrumbList","@id":"https:\/\/www.vagadeempregorj.com.br\/qualidades-e-defeitos-como-responder-na-entrevista-de-emprego\/#breadcrumb","itemListElement":[{"@type":"ListItem","position":1,"name":"In\u00edcio","item":"https:\/\/www.vagadeempregorj.com.br\/"},{"@type":"ListItem","position":2,"name":"Qualidades e defeitos. Como responder na entrevista de emprego?"}]},{"@type":"WebSite","@id":"https:\/\/www.vagadeempregorj.com.br\/#website","url":"https:\/\/www.vagadeempregorj.com.br\/","name":"","description":"Conquiste Sonhos: Vagas, Benef\u00edcios e Economia para Transformar Vidas e Alcan\u00e7ar Melhorias Cotidianas","potentialAction":[{"@type":"SearchAction","target":{"@type":"EntryPoint","urlTemplate":"https:\/\/www.vagadeempregorj.com.br\/?s={search_term_string}"},"query-input":{"@type":"PropertyValueSpecification","valueRequired":true,"valueName":"search_term_string"}}],"inLanguage":"fr-FR"},{"@type":"Person","@id":"https:\/\/www.vagadeempregorj.com.br\/#\/schema\/person\/c0c38d5d765e86c3b7c8f12fb1ae6477","name":"Ana B.","image":{"@type":"ImageObject","inLanguage":"fr-FR","@id":"https:\/\/secure.gravatar.com\/avatar\/f5efa58599e07f8dd92f26c7cfbc442fd115582bc681245452e503c2ef2334f3?s=96&r=g","url":"https:\/\/secure.gravatar.com\/avatar\/f5efa58599e07f8dd92f26c7cfbc442fd115582bc681245452e503c2ef2334f3?s=96&r=g","contentUrl":"https:\/\/secure.gravatar.com\/avatar\/f5efa58599e07f8dd92f26c7cfbc442fd115582bc681245452e503c2ef2334f3?s=96&r=g","caption":"Ana B."},"description":"Meu nome \u00e9 Ana e sou apaixonada em escrever. Dedico meu tempo escrevendo not\u00edcias e vagas de emprego diariamente no portal Vaga de Emprego RJ.","url":"https:\/\/www.vagadeempregorj.com.br\/fr\/author\/vgrj\/"}]}},"_links":{"self":[{"href":"https:\/\/www.vagadeempregorj.com.br\/fr\/wp-json\/wp\/v2\/posts\/531","targetHints":{"allow":["GET"]}}],"collection":[{"href":"https:\/\/www.vagadeempregorj.com.br\/fr\/wp-json\/wp\/v2\/posts"}],"about":[{"href":"https:\/\/www.vagadeempregorj.com.br\/fr\/wp-json\/wp\/v2\/types\/post"}],"author":[{"embeddable":true,"href":"https:\/\/www.vagadeempregorj.com.br\/fr\/wp-json\/wp\/v2\/users\/1"}],"replies":[{"embeddable":true,"href":"https:\/\/www.vagadeempregorj.com.br\/fr\/wp-json\/wp\/v2\/comments?post=531"}],"version-history":[{"count":1,"href":"https:\/\/www.vagadeempregorj.com.br\/fr\/wp-json\/wp\/v2\/posts\/531\/revisions"}],"predecessor-version":[{"id":43580,"href":"https:\/\/www.vagadeempregorj.com.br\/fr\/wp-json\/wp\/v2\/posts\/531\/revisions\/43580"}],"wp:featuredmedia":[{"embeddable":true,"href":"https:\/\/www.vagadeempregorj.com.br\/fr\/wp-json\/wp\/v2\/media\/24478"}],"wp:attachment":[{"href":"https:\/\/www.vagadeempregorj.com.br\/fr\/wp-json\/wp\/v2\/media?parent=531"}],"wp:term":[{"taxonomy":"category","embeddable":true,"href":"https:\/\/www.vagadeempregorj.com.br\/fr\/wp-json\/wp\/v2\/categories?post=531"},{"taxonomy":"post_tag","embeddable":true,"href":"https:\/\/www.vagadeempregorj.com.br\/fr\/wp-json\/wp\/v2\/tags?post=531"}],"curies":[{"name":"wp","href":"https:\/\/api.w.org\/{rel}","templated":true}]}}